{"id":76661,"date":"2026-04-28T10:22:54","date_gmt":"2026-04-28T16:22:54","guid":{"rendered":"https:\/\/www.bbmnoticias.com\/labravaradiofm\/2026\/04\/28\/se-busca-reducir-aun-mas-el-precio-del-diesel-sheinbaum-previo-a-reunion-con-gasolineros\/"},"modified":"2026-04-28T10:23:14","modified_gmt":"2026-04-28T16:23:14","slug":"se-busca-reducir-aun-mas-el-precio-del-diesel-sheinbaum-previo-a-reunion-con-gasolineros","status":"publish","type":"post","link":"https:\/\/www.bbmnoticias.com\/labravaradiofm\/2026\/04\/28\/se-busca-reducir-aun-mas-el-precio-del-diesel-sheinbaum-previo-a-reunion-con-gasolineros\/","title":{"rendered":"Se busca reducir a\u00fan m\u00e1s el precio del di\u00e9sel: Sheinbaum previo a reuni\u00f3n con gasolineros"},"content":{"rendered":"<div style=\"margin-top: 0px; margin-bottom: 0px;\" class=\"sharethis-inline-share-buttons\" ><\/div>\n<p><em>Ciudad de M\u00e9xico. <\/em>La presidenta Claudia Sheinbaum sostuvo que en su reuni\u00f3n que sostendr\u00e1 esta tarde con concesionarios de gasolineras se buscar\u00e1 reducir a\u00fan m\u00e1s el precio del di\u00e9sel. En breve referencia a las acciones que se han emprendido contra la inflaci\u00f3n, se\u00f1al\u00f3 que tambi\u00e9n se est\u00e1 trabajando con los productores y comercializadores de otros productos perecederos como el jitomate, que se han encarecido por otros factores.<\/p>\n\n\n\n<p>Se\u00f1al\u00f3 que anteriormente se consideraba que ante presiones inflacionarias, bastaba con que el Banco de M\u00e9xico incrementara las tasas de inter\u00e9s, pero esa medida suele generar otros efectos macroecon\u00f3micos. Por eso ahora se buscar\u00e1n otras acciones para controlar la inflaci\u00f3n, por lo que se buscar\u00e1 acordar con gasolineros reducir el precio del di\u00e9sel.<\/p>\n","protected":false},"excerpt":{"rendered":"<p>Ciudad de M\u00e9xico. La presidenta Claudia Sheinbaum sostuvo que en su reuni\u00f3n que sostendr\u00e1 esta tarde con concesionarios de gasolineras se buscar\u00e1 reducir a\u00fan m\u00e1s el precio del di\u00e9sel. En breve referencia a las acciones que se han emprendido contra la inflaci\u00f3n, se\u00f1al\u00f3 que tambi\u00e9n se est\u00e1 trabajando con los productores y comercializadores de otros [&hellip;]<\/p>\n","protected":false},"author":4,"featured_media":76663,"comment_status":"closed","ping_status":"open","sticky":false,"template":"","format":"standard","meta":{"footnotes":""},"categories":[2,19],"tags":[],"class_list":{"0":"post-76661","1":"post","2":"type-post","3":"status-publish","4":"format-standard","5":"has-post-thumbnail","7":"category-oaxaca","8":"category-nacional"},"yoast_head":"<!-- This site is optimized with the Yoast SEO plugin v27.4 - https:\/\/yoast.com\/product\/yoast-seo-wordpress\/ -->\n<title>Se busca reducir a\u00fan m\u00e1s el precio del di\u00e9sel: Sheinbaum previo a reuni\u00f3n con gasolineros - LA BRAVA RADIO<\/title>\n<meta name=\"robots\" content=\"index, follow, max-snippet:-1, max-image-preview:large, max-video-preview:-1\" \/>\n<link rel=\"canonical\" href=\"https:\/\/www.bbmnoticias.com\/se-busca-reducir-aun-mas-el-precio-del-diesel-sheinbaum-previo-a-reunion-con-gasolineros\/\" \/>\n<meta property=\"og:locale\" content=\"es_MX\" \/>\n<meta property=\"og:type\" content=\"article\" \/>\n<meta property=\"og:title\" content=\"Se busca reducir a\u00fan m\u00e1s el precio del di\u00e9sel: Sheinbaum previo a reuni\u00f3n con gasolineros - LA BRAVA RADIO\" \/>\n<meta property=\"og:description\" content=\"Ciudad de M\u00e9xico. La presidenta Claudia Sheinbaum sostuvo que en su reuni\u00f3n que sostendr\u00e1 esta tarde con concesionarios de gasolineras se buscar\u00e1 reducir a\u00fan m\u00e1s el precio del di\u00e9sel. En breve referencia a las acciones que se han emprendido contra la inflaci\u00f3n, se\u00f1al\u00f3 que tambi\u00e9n se est\u00e1 trabajando con los productores y comercializadores de otros [&hellip;]\" \/>\n<meta property=\"og:url\" content=\"https:\/\/www.bbmnoticias.com\/se-busca-reducir-aun-mas-el-precio-del-diesel-sheinbaum-previo-a-reunion-con-gasolineros\/\" \/>\n<meta property=\"og:site_name\" content=\"LA BRAVA RADIO\" \/>\n<meta property=\"article:published_time\" content=\"2026-04-28T16:22:54+00:00\" \/>\n<meta property=\"article:modified_time\" content=\"2026-04-28T16:23:14+00:00\" \/>\n<meta property=\"og:image\" content=\"https:\/\/www.bbmnoticias.com\/labravaradiofm\/wp-content\/uploads\/sites\/5\/2026\/04\/gasolina_mexico.webp\" \/>\n\t<meta property=\"og:image:width\" content=\"1200\" \/>\n\t<meta property=\"og:image:height\" content=\"859\" \/>\n\t<meta property=\"og:image:type\" content=\"image\/webp\" \/>\n<meta name=\"author\" content=\"Agencias\" \/>\n<meta name=\"twitter:card\" content=\"summary_large_image\" \/>\n<meta name=\"twitter:label1\" content=\"Escrito por\" \/>\n\t<meta name=\"twitter:data1\" content=\"Agencias\" \/>\n\t<meta name=\"twitter:label2\" content=\"Tiempo de lectura\" \/>\n\t<meta name=\"twitter:data2\" content=\"1 minuto\" \/>\n<script type=\"application\/ld+json\" class=\"yoast-schema-graph\">{\"@context\":\"https:\\\/\\\/schema.org\",\"@graph\":[{\"@type\":\"Article\",\"@id\":\"https:\\\/\\\/www.bbmnoticias.com\\\/se-busca-reducir-aun-mas-el-precio-del-diesel-sheinbaum-previo-a-reunion-con-gasolineros\\\/#article\",\"isPartOf\":{\"@id\":\"https:\\\/\\\/www.bbmnoticias.com\\\/labravaradiofm\\\/2026\\\/04\\\/28\\\/se-busca-reducir-aun-mas-el-precio-del-diesel-sheinbaum-previo-a-reunion-con-gasolineros\\\/\"},\"author\":{\"name\":\"Agencias\",\"@id\":\"https:\\\/\\\/www.bbmnoticias.com\\\/labravaradiofm\\\/#\\\/schema\\\/person\\\/000bdaf0a8fb5bff0d537c4d0778e33f\"},\"headline\":\"Se busca reducir a\u00fan m\u00e1s el precio del di\u00e9sel: Sheinbaum previo a reuni\u00f3n con gasolineros\",\"datePublished\":\"2026-04-28T16:22:54+00:00\",\"dateModified\":\"2026-04-28T16:23:14+00:00\",\"mainEntityOfPage\":{\"@id\":\"https:\\\/\\\/www.bbmnoticias.com\\\/labravaradiofm\\\/2026\\\/04\\\/28\\\/se-busca-reducir-aun-mas-el-precio-del-diesel-sheinbaum-previo-a-reunion-con-gasolineros\\\/\"},\"wordCount\":154,\"image\":{\"@id\":\"https:\\\/\\\/www.bbmnoticias.com\\\/se-busca-reducir-aun-mas-el-precio-del-diesel-sheinbaum-previo-a-reunion-con-gasolineros\\\/#primaryimage\"},\"thumbnailUrl\":\"https:\\\/\\\/www.bbmnoticias.com\\\/labravaradiofm\\\/wp-content\\\/uploads\\\/sites\\\/5\\\/2026\\\/04\\\/gasolina_mexico.webp\",\"articleSection\":[\"LOCAL\",\"NACIONAL\"],\"inLanguage\":\"es\"},{\"@type\":\"WebPage\",\"@id\":\"https:\\\/\\\/www.bbmnoticias.com\\\/labravaradiofm\\\/2026\\\/04\\\/28\\\/se-busca-reducir-aun-mas-el-precio-del-diesel-sheinbaum-previo-a-reunion-con-gasolineros\\\/\",\"url\":\"https:\\\/\\\/www.bbmnoticias.com\\\/se-busca-reducir-aun-mas-el-precio-del-diesel-sheinbaum-previo-a-reunion-con-gasolineros\\\/\",\"name\":\"Se busca reducir a\u00fan m\u00e1s el precio del di\u00e9sel: Sheinbaum previo a reuni\u00f3n con gasolineros - LA BRAVA RADIO\",\"isPartOf\":{\"@id\":\"https:\\\/\\\/www.bbmnoticias.com\\\/labravaradiofm\\\/#website\"},\"primaryImageOfPage\":{\"@id\":\"https:\\\/\\\/www.bbmnoticias.com\\\/se-busca-reducir-aun-mas-el-precio-del-diesel-sheinbaum-previo-a-reunion-con-gasolineros\\\/#primaryimage\"},\"image\":{\"@id\":\"https:\\\/\\\/www.bbmnoticias.com\\\/se-busca-reducir-aun-mas-el-precio-del-diesel-sheinbaum-previo-a-reunion-con-gasolineros\\\/#primaryimage\"},\"thumbnailUrl\":\"https:\\\/\\\/www.bbmnoticias.com\\\/labravaradiofm\\\/wp-content\\\/uploads\\\/sites\\\/5\\\/2026\\\/04\\\/gasolina_mexico.webp\",\"datePublished\":\"2026-04-28T16:22:54+00:00\",\"dateModified\":\"2026-04-28T16:23:14+00:00\",\"author\":{\"@id\":\"https:\\\/\\\/www.bbmnoticias.com\\\/labravaradiofm\\\/#\\\/schema\\\/person\\\/000bdaf0a8fb5bff0d537c4d0778e33f\"},\"breadcrumb\":{\"@id\":\"https:\\\/\\\/www.bbmnoticias.com\\\/se-busca-reducir-aun-mas-el-precio-del-diesel-sheinbaum-previo-a-reunion-con-gasolineros\\\/#breadcrumb\"},\"inLanguage\":\"es\",\"potentialAction\":[{\"@type\":\"ReadAction\",\"target\":[\"https:\\\/\\\/www.bbmnoticias.com\\\/se-busca-reducir-aun-mas-el-precio-del-diesel-sheinbaum-previo-a-reunion-con-gasolineros\\\/\"]}]},{\"@type\":\"ImageObject\",\"inLanguage\":\"es\",\"@id\":\"https:\\\/\\\/www.bbmnoticias.com\\\/se-busca-reducir-aun-mas-el-precio-del-diesel-sheinbaum-previo-a-reunion-con-gasolineros\\\/#primaryimage\",\"url\":\"https:\\\/\\\/www.bbmnoticias.com\\\/labravaradiofm\\\/wp-content\\\/uploads\\\/sites\\\/5\\\/2026\\\/04\\\/gasolina_mexico.webp\",\"contentUrl\":\"https:\\\/\\\/www.bbmnoticias.com\\\/labravaradiofm\\\/wp-content\\\/uploads\\\/sites\\\/5\\\/2026\\\/04\\\/gasolina_mexico.webp\",\"width\":1200,\"height\":859},{\"@type\":\"BreadcrumbList\",\"@id\":\"https:\\\/\\\/www.bbmnoticias.com\\\/se-busca-reducir-aun-mas-el-precio-del-diesel-sheinbaum-previo-a-reunion-con-gasolineros\\\/#breadcrumb\",\"itemListElement\":[{\"@type\":\"ListItem\",\"position\":1,\"name\":\"Inicio\",\"item\":\"https:\\\/\\\/www.bbmnoticias.com\\\/labravaradiofm\\\/\"},{\"@type\":\"ListItem\",\"position\":2,\"name\":\"Se busca reducir a\u00fan m\u00e1s el precio del di\u00e9sel: Sheinbaum previo a reuni\u00f3n con gasolineros\"}]},{\"@type\":\"WebSite\",\"@id\":\"https:\\\/\\\/www.bbmnoticias.com\\\/labravaradiofm\\\/#website\",\"url\":\"https:\\\/\\\/www.bbmnoticias.com\\\/labravaradiofm\\\/\",\"name\":\"LA BRAVA RADIO\",\"description\":\"Empresa productora de medios, Radiodifusi\u00f3n, Noticias, tendencias y todo lo que necesitas saber de la pol\u00edtica mexicana e internacional; entretenimiento, espect\u00e1culos, salud y mucho m\u00e1s.\",\"potentialAction\":[{\"@type\":\"SearchAction\",\"target\":{\"@type\":\"EntryPoint\",\"urlTemplate\":\"https:\\\/\\\/www.bbmnoticias.com\\\/labravaradiofm\\\/?s={search_term_string}\"},\"query-input\":{\"@type\":\"PropertyValueSpecification\",\"valueRequired\":true,\"valueName\":\"search_term_string\"}}],\"inLanguage\":\"es\"},{\"@type\":\"Person\",\"@id\":\"https:\\\/\\\/www.bbmnoticias.com\\\/labravaradiofm\\\/#\\\/schema\\\/person\\\/000bdaf0a8fb5bff0d537c4d0778e33f\",\"name\":\"Agencias\",\"image\":{\"@type\":\"ImageObject\",\"inLanguage\":\"es\",\"@id\":\"https:\\\/\\\/secure.gravatar.com\\\/avatar\\\/739e0b61adf9e398b425c36718c8752286da0e8cd90f20ce9a86678abc26aa0d?s=96&d=mm&r=g\",\"url\":\"https:\\\/\\\/secure.gravatar.com\\\/avatar\\\/739e0b61adf9e398b425c36718c8752286da0e8cd90f20ce9a86678abc26aa0d?s=96&d=mm&r=g\",\"contentUrl\":\"https:\\\/\\\/secure.gravatar.com\\\/avatar\\\/739e0b61adf9e398b425c36718c8752286da0e8cd90f20ce9a86678abc26aa0d?s=96&d=mm&r=g\",\"caption\":\"Agencias\"},\"url\":\"https:\\\/\\\/www.bbmnoticias.com\\\/labravaradiofm\\\/author\\\/agencias\\\/\"}]}<\/script>\n<!-- \/ Yoast SEO plugin. -->","yoast_head_json":{"title":"Se busca reducir a\u00fan m\u00e1s el precio del di\u00e9sel: Sheinbaum previo a reuni\u00f3n con gasolineros - LA BRAVA RADIO","robots":{"index":"index","follow":"follow","max-snippet":"max-snippet:-1","max-image-preview":"max-image-preview:large","max-video-preview":"max-video-preview:-1"},"canonical":"https:\/\/www.bbmnoticias.com\/se-busca-reducir-aun-mas-el-precio-del-diesel-sheinbaum-previo-a-reunion-con-gasolineros\/","og_locale":"es_MX","og_type":"article","og_title":"Se busca reducir a\u00fan m\u00e1s el precio del di\u00e9sel: Sheinbaum previo a reuni\u00f3n con gasolineros - LA BRAVA RADIO","og_description":"Ciudad de M\u00e9xico. La presidenta Claudia Sheinbaum sostuvo que en su reuni\u00f3n que sostendr\u00e1 esta tarde con concesionarios de gasolineras se buscar\u00e1 reducir a\u00fan m\u00e1s el precio del di\u00e9sel. En breve referencia a las acciones que se han emprendido contra la inflaci\u00f3n, se\u00f1al\u00f3 que tambi\u00e9n se est\u00e1 trabajando con los productores y comercializadores de otros [&hellip;]","og_url":"https:\/\/www.bbmnoticias.com\/se-busca-reducir-aun-mas-el-precio-del-diesel-sheinbaum-previo-a-reunion-con-gasolineros\/","og_site_name":"LA BRAVA RADIO","article_published_time":"2026-04-28T16:22:54+00:00","article_modified_time":"2026-04-28T16:23:14+00:00","og_image":[{"width":1200,"height":859,"url":"https:\/\/www.bbmnoticias.com\/labravaradiofm\/wp-content\/uploads\/sites\/5\/2026\/04\/gasolina_mexico.webp","type":"image\/webp"}],"author":"Agencias","twitter_card":"summary_large_image","twitter_misc":{"Escrito por":"Agencias","Tiempo de lectura":"1 minuto"},"schema":{"@context":"https:\/\/schema.org","@graph":[{"@type":"Article","@id":"https:\/\/www.bbmnoticias.com\/se-busca-reducir-aun-mas-el-precio-del-diesel-sheinbaum-previo-a-reunion-con-gasolineros\/#article","isPartOf":{"@id":"https:\/\/www.bbmnoticias.com\/labravaradiofm\/2026\/04\/28\/se-busca-reducir-aun-mas-el-precio-del-diesel-sheinbaum-previo-a-reunion-con-gasolineros\/"},"author":{"name":"Agencias","@id":"https:\/\/www.bbmnoticias.com\/labravaradiofm\/#\/schema\/person\/000bdaf0a8fb5bff0d537c4d0778e33f"},"headline":"Se busca reducir a\u00fan m\u00e1s el precio del di\u00e9sel: Sheinbaum previo a reuni\u00f3n con gasolineros","datePublished":"2026-04-28T16:22:54+00:00","dateModified":"2026-04-28T16:23:14+00:00","mainEntityOfPage":{"@id":"https:\/\/www.bbmnoticias.com\/labravaradiofm\/2026\/04\/28\/se-busca-reducir-aun-mas-el-precio-del-diesel-sheinbaum-previo-a-reunion-con-gasolineros\/"},"wordCount":154,"image":{"@id":"https:\/\/www.bbmnoticias.com\/se-busca-reducir-aun-mas-el-precio-del-diesel-sheinbaum-previo-a-reunion-con-gasolineros\/#primaryimage"},"thumbnailUrl":"https:\/\/www.bbmnoticias.com\/labravaradiofm\/wp-content\/uploads\/sites\/5\/2026\/04\/gasolina_mexico.webp","articleSection":["LOCAL","NACIONAL"],"inLanguage":"es"},{"@type":"WebPage","@id":"https:\/\/www.bbmnoticias.com\/labravaradiofm\/2026\/04\/28\/se-busca-reducir-aun-mas-el-precio-del-diesel-sheinbaum-previo-a-reunion-con-gasolineros\/","url":"https:\/\/www.bbmnoticias.com\/se-busca-reducir-aun-mas-el-precio-del-diesel-sheinbaum-previo-a-reunion-con-gasolineros\/","name":"Se busca reducir a\u00fan m\u00e1s el precio del di\u00e9sel: Sheinbaum previo a reuni\u00f3n con gasolineros - LA BRAVA RADIO","isPartOf":{"@id":"https:\/\/www.bbmnoticias.com\/labravaradiofm\/#website"},"primaryImageOfPage":{"@id":"https:\/\/www.bbmnoticias.com\/se-busca-reducir-aun-mas-el-precio-del-diesel-sheinbaum-previo-a-reunion-con-gasolineros\/#primaryimage"},"image":{"@id":"https:\/\/www.bbmnoticias.com\/se-busca-reducir-aun-mas-el-precio-del-diesel-sheinbaum-previo-a-reunion-con-gasolineros\/#primaryimage"},"thumbnailUrl":"https:\/\/www.bbmnoticias.com\/labravaradiofm\/wp-content\/uploads\/sites\/5\/2026\/04\/gasolina_mexico.webp","datePublished":"2026-04-28T16:22:54+00:00","dateModified":"2026-04-28T16:23:14+00:00","author":{"@id":"https:\/\/www.bbmnoticias.com\/labravaradiofm\/#\/schema\/person\/000bdaf0a8fb5bff0d537c4d0778e33f"},"breadcrumb":{"@id":"https:\/\/www.bbmnoticias.com\/se-busca-reducir-aun-mas-el-precio-del-diesel-sheinbaum-previo-a-reunion-con-gasolineros\/#breadcrumb"},"inLanguage":"es","potentialAction":[{"@type":"ReadAction","target":["https:\/\/www.bbmnoticias.com\/se-busca-reducir-aun-mas-el-precio-del-diesel-sheinbaum-previo-a-reunion-con-gasolineros\/"]}]},{"@type":"ImageObject","inLanguage":"es","@id":"https:\/\/www.bbmnoticias.com\/se-busca-reducir-aun-mas-el-precio-del-diesel-sheinbaum-previo-a-reunion-con-gasolineros\/#primaryimage","url":"https:\/\/www.bbmnoticias.com\/labravaradiofm\/wp-content\/uploads\/sites\/5\/2026\/04\/gasolina_mexico.webp","contentUrl":"https:\/\/www.bbmnoticias.com\/labravaradiofm\/wp-content\/uploads\/sites\/5\/2026\/04\/gasolina_mexico.webp","width":1200,"height":859},{"@type":"BreadcrumbList","@id":"https:\/\/www.bbmnoticias.com\/se-busca-reducir-aun-mas-el-precio-del-diesel-sheinbaum-previo-a-reunion-con-gasolineros\/#breadcrumb","itemListElement":[{"@type":"ListItem","position":1,"name":"Inicio","item":"https:\/\/www.bbmnoticias.com\/labravaradiofm\/"},{"@type":"ListItem","position":2,"name":"Se busca reducir a\u00fan m\u00e1s el precio del di\u00e9sel: Sheinbaum previo a reuni\u00f3n con gasolineros"}]},{"@type":"WebSite","@id":"https:\/\/www.bbmnoticias.com\/labravaradiofm\/#website","url":"https:\/\/www.bbmnoticias.com\/labravaradiofm\/","name":"LA BRAVA RADIO","description":"Empresa productora de medios, Radiodifusi\u00f3n, Noticias, tendencias y todo lo que necesitas saber de la pol\u00edtica mexicana e internacional; entretenimiento, espect\u00e1culos, salud y mucho m\u00e1s.","potentialAction":[{"@type":"SearchAction","target":{"@type":"EntryPoint","urlTemplate":"https:\/\/www.bbmnoticias.com\/labravaradiofm\/?s={search_term_string}"},"query-input":{"@type":"PropertyValueSpecification","valueRequired":true,"valueName":"search_term_string"}}],"inLanguage":"es"},{"@type":"Person","@id":"https:\/\/www.bbmnoticias.com\/labravaradiofm\/#\/schema\/person\/000bdaf0a8fb5bff0d537c4d0778e33f","name":"Agencias","image":{"@type":"ImageObject","inLanguage":"es","@id":"https:\/\/secure.gravatar.com\/avatar\/739e0b61adf9e398b425c36718c8752286da0e8cd90f20ce9a86678abc26aa0d?s=96&d=mm&r=g","url":"https:\/\/secure.gravatar.com\/avatar\/739e0b61adf9e398b425c36718c8752286da0e8cd90f20ce9a86678abc26aa0d?s=96&d=mm&r=g","contentUrl":"https:\/\/secure.gravatar.com\/avatar\/739e0b61adf9e398b425c36718c8752286da0e8cd90f20ce9a86678abc26aa0d?s=96&d=mm&r=g","caption":"Agencias"},"url":"https:\/\/www.bbmnoticias.com\/labravaradiofm\/author\/agencias\/"}]}},"_links":{"self":[{"href":"https:\/\/www.bbmnoticias.com\/labravaradiofm\/wp-json\/wp\/v2\/posts\/76661","targetHints":{"allow":["GET"]}}],"collection":[{"href":"https:\/\/www.bbmnoticias.com\/labravaradiofm\/wp-json\/wp\/v2\/posts"}],"about":[{"href":"https:\/\/www.bbmnoticias.com\/labravaradiofm\/wp-json\/wp\/v2\/types\/post"}],"author":[{"embeddable":true,"href":"https:\/\/www.bbmnoticias.com\/labravaradiofm\/wp-json\/wp\/v2\/users\/4"}],"replies":[{"embeddable":true,"href":"https:\/\/www.bbmnoticias.com\/labravaradiofm\/wp-json\/wp\/v2\/comments?post=76661"}],"version-history":[{"count":1,"href":"https:\/\/www.bbmnoticias.com\/labravaradiofm\/wp-json\/wp\/v2\/posts\/76661\/revisions"}],"predecessor-version":[{"id":76662,"href":"https:\/\/www.bbmnoticias.com\/labravaradiofm\/wp-json\/wp\/v2\/posts\/76661\/revisions\/76662"}],"wp:featuredmedia":[{"embeddable":true,"href":"https:\/\/www.bbmnoticias.com\/labravaradiofm\/wp-json\/wp\/v2\/media\/76663"}],"wp:attachment":[{"href":"https:\/\/www.bbmnoticias.com\/labravaradiofm\/wp-json\/wp\/v2\/media?parent=76661"}],"wp:term":[{"taxonomy":"category","embeddable":true,"href":"https:\/\/www.bbmnoticias.com\/labravaradiofm\/wp-json\/wp\/v2\/categories?post=76661"},{"taxonomy":"post_tag","embeddable":true,"href":"https:\/\/www.bbmnoticias.com\/labravaradiofm\/wp-json\/wp\/v2\/tags?post=76661"}],"curies":[{"name":"wp","href":"https:\/\/api.w.org\/{rel}","templated":true}]}}