{"id":76643,"date":"2026-04-27T20:16:00","date_gmt":"2026-04-28T02:16:00","guid":{"rendered":"https:\/\/www.bbmnoticias.com\/labravaradiofm\/2026\/04\/27\/renuncia-cesar-gustavo-jauregui-a-la-fiscalia-de-chihuahua\/"},"modified":"2026-04-27T20:37:23","modified_gmt":"2026-04-28T02:37:23","slug":"renuncia-cesar-gustavo-jauregui-a-la-fiscalia-de-chihuahua","status":"publish","type":"post","link":"https:\/\/www.bbmnoticias.com\/labravaradiofm\/2026\/04\/27\/renuncia-cesar-gustavo-jauregui-a-la-fiscalia-de-chihuahua\/","title":{"rendered":"Renuncia C\u00e9sar Gustavo J\u00e1uregui a la Fiscal\u00eda de Chihuahua"},"content":{"rendered":"<div style=\"margin-top: 0px; margin-bottom: 0px;\" class=\"sharethis-inline-share-buttons\" ><\/div>\n<p><em>Ciudad de M\u00e9xico<\/em>. C\u00e9sar Gustavo J\u00e1uregui Moreno present\u00f3 su renuncia irrevocable al cargo de fiscal general de Chihuahua al asumir la responsabilidad pol\u00edtica por presuntas omisiones institucionales relacionadas con la presencia de personas extranjeras que se identificaron como funcionarios de otro pa\u00eds.<\/p>\n\n\n\n<p>En un mensaje p\u00fablico, el ahora exfuncionario reconoci\u00f3 que la informaci\u00f3n inicial compartida sobre ese caso fue inconsistente y que existieron fallas en los mecanismos de control, comunicaci\u00f3n y gesti\u00f3n institucional que, como titular de la Fiscal\u00eda estatal, ten\u00eda la obligaci\u00f3n de garantizar.<\/p>\n\n\n\n<p>J\u00e1uregui Moreno sostuvo que, aunque recientemente se logr\u00f3 la destrucci\u00f3n de uno de los laboratorios de drogas m\u00e1s grandes en la historia del pa\u00eds, los resultados en el combate al crimen organizado no pueden justificar actuaciones alejadas del estricto apego a la ley.<\/p>\n\n\n\n<p>Se\u00f1al\u00f3 que su salida busca permitir que las investigaciones internas contin\u00faen con autonom\u00eda, prontitud y exhaustividad, adem\u00e1s de restablecer la confianza p\u00fablica y fortalecer los controles internos en las operaciones contra la delincuencia organizada en la entidad.<\/p>\n\n\n\n<p><\/p>\n","protected":false},"excerpt":{"rendered":"<p>Ciudad de M\u00e9xico. C\u00e9sar Gustavo J\u00e1uregui Moreno present\u00f3 su renuncia irrevocable al cargo de fiscal general de Chihuahua al asumir la responsabilidad pol\u00edtica por presuntas omisiones institucionales relacionadas con la presencia de personas extranjeras que se identificaron como funcionarios de otro pa\u00eds. En un mensaje p\u00fablico, el ahora exfuncionario reconoci\u00f3 que la informaci\u00f3n inicial compartida [&hellip;]<\/p>\n","protected":false},"author":4,"featured_media":76645,"comment_status":"closed","ping_status":"open","sticky":false,"template":"","format":"standard","meta":{"footnotes":""},"categories":[2,19],"tags":[],"class_list":{"0":"post-76643","1":"post","2":"type-post","3":"status-publish","4":"format-standard","5":"has-post-thumbnail","7":"category-oaxaca","8":"category-nacional"},"yoast_head":"<!-- This site is optimized with the Yoast SEO plugin v27.4 - https:\/\/yoast.com\/product\/yoast-seo-wordpress\/ -->\n<title>Renuncia C\u00e9sar Gustavo J\u00e1uregui a la Fiscal\u00eda de Chihuahua - LA BRAVA RADIO<\/title>\n<meta name=\"robots\" content=\"index, follow, max-snippet:-1, max-image-preview:large, max-video-preview:-1\" \/>\n<link rel=\"canonical\" href=\"https:\/\/www.bbmnoticias.com\/renuncia-cesar-gustavo-jauregui-a-la-fiscalia-de-chihuahua\/\" \/>\n<meta property=\"og:locale\" content=\"es_MX\" \/>\n<meta property=\"og:type\" content=\"article\" \/>\n<meta property=\"og:title\" content=\"Renuncia C\u00e9sar Gustavo J\u00e1uregui a la Fiscal\u00eda de Chihuahua - LA BRAVA RADIO\" \/>\n<meta property=\"og:description\" content=\"Ciudad de M\u00e9xico. C\u00e9sar Gustavo J\u00e1uregui Moreno present\u00f3 su renuncia irrevocable al cargo de fiscal general de Chihuahua al asumir la responsabilidad pol\u00edtica por presuntas omisiones institucionales relacionadas con la presencia de personas extranjeras que se identificaron como funcionarios de otro pa\u00eds. En un mensaje p\u00fablico, el ahora exfuncionario reconoci\u00f3 que la informaci\u00f3n inicial compartida [&hellip;]\" \/>\n<meta property=\"og:url\" content=\"https:\/\/www.bbmnoticias.com\/renuncia-cesar-gustavo-jauregui-a-la-fiscalia-de-chihuahua\/\" \/>\n<meta property=\"og:site_name\" content=\"LA BRAVA RADIO\" \/>\n<meta property=\"article:published_time\" content=\"2026-04-28T02:16:00+00:00\" \/>\n<meta property=\"article:modified_time\" content=\"2026-04-28T02:37:23+00:00\" \/>\n<meta property=\"og:image\" content=\"https:\/\/www.bbmnoticias.com\/labravaradiofm\/wp-content\/uploads\/sites\/5\/2026\/04\/fiscal_chihuahua.webp\" \/>\n\t<meta property=\"og:image:width\" content=\"1200\" \/>\n\t<meta property=\"og:image:height\" content=\"794\" \/>\n\t<meta property=\"og:image:type\" content=\"image\/webp\" \/>\n<meta name=\"author\" content=\"Agencias\" \/>\n<meta name=\"twitter:card\" content=\"summary_large_image\" \/>\n<meta name=\"twitter:label1\" content=\"Escrito por\" \/>\n\t<meta name=\"twitter:data1\" content=\"Agencias\" \/>\n\t<meta name=\"twitter:label2\" content=\"Tiempo de lectura\" \/>\n\t<meta name=\"twitter:data2\" content=\"1 minuto\" \/>\n<script type=\"application\/ld+json\" class=\"yoast-schema-graph\">{\"@context\":\"https:\\\/\\\/schema.org\",\"@graph\":[{\"@type\":\"Article\",\"@id\":\"https:\\\/\\\/www.bbmnoticias.com\\\/renuncia-cesar-gustavo-jauregui-a-la-fiscalia-de-chihuahua\\\/#article\",\"isPartOf\":{\"@id\":\"https:\\\/\\\/www.bbmnoticias.com\\\/labravaradiofm\\\/2026\\\/04\\\/27\\\/renuncia-cesar-gustavo-jauregui-a-la-fiscalia-de-chihuahua\\\/\"},\"author\":{\"name\":\"Agencias\",\"@id\":\"https:\\\/\\\/www.bbmnoticias.com\\\/labravaradiofm\\\/#\\\/schema\\\/person\\\/000bdaf0a8fb5bff0d537c4d0778e33f\"},\"headline\":\"Renuncia C\u00e9sar Gustavo J\u00e1uregui a la Fiscal\u00eda de Chihuahua\",\"datePublished\":\"2026-04-28T02:16:00+00:00\",\"dateModified\":\"2026-04-28T02:37:23+00:00\",\"mainEntityOfPage\":{\"@id\":\"https:\\\/\\\/www.bbmnoticias.com\\\/labravaradiofm\\\/2026\\\/04\\\/27\\\/renuncia-cesar-gustavo-jauregui-a-la-fiscalia-de-chihuahua\\\/\"},\"wordCount\":198,\"image\":{\"@id\":\"https:\\\/\\\/www.bbmnoticias.com\\\/renuncia-cesar-gustavo-jauregui-a-la-fiscalia-de-chihuahua\\\/#primaryimage\"},\"thumbnailUrl\":\"https:\\\/\\\/www.bbmnoticias.com\\\/labravaradiofm\\\/wp-content\\\/uploads\\\/sites\\\/5\\\/2026\\\/04\\\/fiscal_chihuahua.webp\",\"articleSection\":[\"LOCAL\",\"NACIONAL\"],\"inLanguage\":\"es\"},{\"@type\":\"WebPage\",\"@id\":\"https:\\\/\\\/www.bbmnoticias.com\\\/labravaradiofm\\\/2026\\\/04\\\/27\\\/renuncia-cesar-gustavo-jauregui-a-la-fiscalia-de-chihuahua\\\/\",\"url\":\"https:\\\/\\\/www.bbmnoticias.com\\\/renuncia-cesar-gustavo-jauregui-a-la-fiscalia-de-chihuahua\\\/\",\"name\":\"Renuncia C\u00e9sar Gustavo J\u00e1uregui a la Fiscal\u00eda de Chihuahua - LA BRAVA RADIO\",\"isPartOf\":{\"@id\":\"https:\\\/\\\/www.bbmnoticias.com\\\/labravaradiofm\\\/#website\"},\"primaryImageOfPage\":{\"@id\":\"https:\\\/\\\/www.bbmnoticias.com\\\/renuncia-cesar-gustavo-jauregui-a-la-fiscalia-de-chihuahua\\\/#primaryimage\"},\"image\":{\"@id\":\"https:\\\/\\\/www.bbmnoticias.com\\\/renuncia-cesar-gustavo-jauregui-a-la-fiscalia-de-chihuahua\\\/#primaryimage\"},\"thumbnailUrl\":\"https:\\\/\\\/www.bbmnoticias.com\\\/labravaradiofm\\\/wp-content\\\/uploads\\\/sites\\\/5\\\/2026\\\/04\\\/fiscal_chihuahua.webp\",\"datePublished\":\"2026-04-28T02:16:00+00:00\",\"dateModified\":\"2026-04-28T02:37:23+00:00\",\"author\":{\"@id\":\"https:\\\/\\\/www.bbmnoticias.com\\\/labravaradiofm\\\/#\\\/schema\\\/person\\\/000bdaf0a8fb5bff0d537c4d0778e33f\"},\"breadcrumb\":{\"@id\":\"https:\\\/\\\/www.bbmnoticias.com\\\/renuncia-cesar-gustavo-jauregui-a-la-fiscalia-de-chihuahua\\\/#breadcrumb\"},\"inLanguage\":\"es\",\"potentialAction\":[{\"@type\":\"ReadAction\",\"target\":[\"https:\\\/\\\/www.bbmnoticias.com\\\/renuncia-cesar-gustavo-jauregui-a-la-fiscalia-de-chihuahua\\\/\"]}]},{\"@type\":\"ImageObject\",\"inLanguage\":\"es\",\"@id\":\"https:\\\/\\\/www.bbmnoticias.com\\\/renuncia-cesar-gustavo-jauregui-a-la-fiscalia-de-chihuahua\\\/#primaryimage\",\"url\":\"https:\\\/\\\/www.bbmnoticias.com\\\/labravaradiofm\\\/wp-content\\\/uploads\\\/sites\\\/5\\\/2026\\\/04\\\/fiscal_chihuahua.webp\",\"contentUrl\":\"https:\\\/\\\/www.bbmnoticias.com\\\/labravaradiofm\\\/wp-content\\\/uploads\\\/sites\\\/5\\\/2026\\\/04\\\/fiscal_chihuahua.webp\",\"width\":1200,\"height\":794},{\"@type\":\"BreadcrumbList\",\"@id\":\"https:\\\/\\\/www.bbmnoticias.com\\\/renuncia-cesar-gustavo-jauregui-a-la-fiscalia-de-chihuahua\\\/#breadcrumb\",\"itemListElement\":[{\"@type\":\"ListItem\",\"position\":1,\"name\":\"Inicio\",\"item\":\"https:\\\/\\\/www.bbmnoticias.com\\\/labravaradiofm\\\/\"},{\"@type\":\"ListItem\",\"position\":2,\"name\":\"Renuncia C\u00e9sar Gustavo J\u00e1uregui a la Fiscal\u00eda de Chihuahua\"}]},{\"@type\":\"WebSite\",\"@id\":\"https:\\\/\\\/www.bbmnoticias.com\\\/labravaradiofm\\\/#website\",\"url\":\"https:\\\/\\\/www.bbmnoticias.com\\\/labravaradiofm\\\/\",\"name\":\"LA BRAVA RADIO\",\"description\":\"Empresa productora de medios, Radiodifusi\u00f3n, Noticias, tendencias y todo lo que necesitas saber de la pol\u00edtica mexicana e internacional; entretenimiento, espect\u00e1culos, salud y mucho m\u00e1s.\",\"potentialAction\":[{\"@type\":\"SearchAction\",\"target\":{\"@type\":\"EntryPoint\",\"urlTemplate\":\"https:\\\/\\\/www.bbmnoticias.com\\\/labravaradiofm\\\/?s={search_term_string}\"},\"query-input\":{\"@type\":\"PropertyValueSpecification\",\"valueRequired\":true,\"valueName\":\"search_term_string\"}}],\"inLanguage\":\"es\"},{\"@type\":\"Person\",\"@id\":\"https:\\\/\\\/www.bbmnoticias.com\\\/labravaradiofm\\\/#\\\/schema\\\/person\\\/000bdaf0a8fb5bff0d537c4d0778e33f\",\"name\":\"Agencias\",\"image\":{\"@type\":\"ImageObject\",\"inLanguage\":\"es\",\"@id\":\"https:\\\/\\\/secure.gravatar.com\\\/avatar\\\/739e0b61adf9e398b425c36718c8752286da0e8cd90f20ce9a86678abc26aa0d?s=96&d=mm&r=g\",\"url\":\"https:\\\/\\\/secure.gravatar.com\\\/avatar\\\/739e0b61adf9e398b425c36718c8752286da0e8cd90f20ce9a86678abc26aa0d?s=96&d=mm&r=g\",\"contentUrl\":\"https:\\\/\\\/secure.gravatar.com\\\/avatar\\\/739e0b61adf9e398b425c36718c8752286da0e8cd90f20ce9a86678abc26aa0d?s=96&d=mm&r=g\",\"caption\":\"Agencias\"},\"url\":\"https:\\\/\\\/www.bbmnoticias.com\\\/labravaradiofm\\\/author\\\/agencias\\\/\"}]}<\/script>\n<!-- \/ Yoast SEO plugin. -->","yoast_head_json":{"title":"Renuncia C\u00e9sar Gustavo J\u00e1uregui a la Fiscal\u00eda de Chihuahua - LA BRAVA RADIO","robots":{"index":"index","follow":"follow","max-snippet":"max-snippet:-1","max-image-preview":"max-image-preview:large","max-video-preview":"max-video-preview:-1"},"canonical":"https:\/\/www.bbmnoticias.com\/renuncia-cesar-gustavo-jauregui-a-la-fiscalia-de-chihuahua\/","og_locale":"es_MX","og_type":"article","og_title":"Renuncia C\u00e9sar Gustavo J\u00e1uregui a la Fiscal\u00eda de Chihuahua - LA BRAVA RADIO","og_description":"Ciudad de M\u00e9xico. C\u00e9sar Gustavo J\u00e1uregui Moreno present\u00f3 su renuncia irrevocable al cargo de fiscal general de Chihuahua al asumir la responsabilidad pol\u00edtica por presuntas omisiones institucionales relacionadas con la presencia de personas extranjeras que se identificaron como funcionarios de otro pa\u00eds. En un mensaje p\u00fablico, el ahora exfuncionario reconoci\u00f3 que la informaci\u00f3n inicial compartida [&hellip;]","og_url":"https:\/\/www.bbmnoticias.com\/renuncia-cesar-gustavo-jauregui-a-la-fiscalia-de-chihuahua\/","og_site_name":"LA BRAVA RADIO","article_published_time":"2026-04-28T02:16:00+00:00","article_modified_time":"2026-04-28T02:37:23+00:00","og_image":[{"width":1200,"height":794,"url":"https:\/\/www.bbmnoticias.com\/labravaradiofm\/wp-content\/uploads\/sites\/5\/2026\/04\/fiscal_chihuahua.webp","type":"image\/webp"}],"author":"Agencias","twitter_card":"summary_large_image","twitter_misc":{"Escrito por":"Agencias","Tiempo de lectura":"1 minuto"},"schema":{"@context":"https:\/\/schema.org","@graph":[{"@type":"Article","@id":"https:\/\/www.bbmnoticias.com\/renuncia-cesar-gustavo-jauregui-a-la-fiscalia-de-chihuahua\/#article","isPartOf":{"@id":"https:\/\/www.bbmnoticias.com\/labravaradiofm\/2026\/04\/27\/renuncia-cesar-gustavo-jauregui-a-la-fiscalia-de-chihuahua\/"},"author":{"name":"Agencias","@id":"https:\/\/www.bbmnoticias.com\/labravaradiofm\/#\/schema\/person\/000bdaf0a8fb5bff0d537c4d0778e33f"},"headline":"Renuncia C\u00e9sar Gustavo J\u00e1uregui a la Fiscal\u00eda de Chihuahua","datePublished":"2026-04-28T02:16:00+00:00","dateModified":"2026-04-28T02:37:23+00:00","mainEntityOfPage":{"@id":"https:\/\/www.bbmnoticias.com\/labravaradiofm\/2026\/04\/27\/renuncia-cesar-gustavo-jauregui-a-la-fiscalia-de-chihuahua\/"},"wordCount":198,"image":{"@id":"https:\/\/www.bbmnoticias.com\/renuncia-cesar-gustavo-jauregui-a-la-fiscalia-de-chihuahua\/#primaryimage"},"thumbnailUrl":"https:\/\/www.bbmnoticias.com\/labravaradiofm\/wp-content\/uploads\/sites\/5\/2026\/04\/fiscal_chihuahua.webp","articleSection":["LOCAL","NACIONAL"],"inLanguage":"es"},{"@type":"WebPage","@id":"https:\/\/www.bbmnoticias.com\/labravaradiofm\/2026\/04\/27\/renuncia-cesar-gustavo-jauregui-a-la-fiscalia-de-chihuahua\/","url":"https:\/\/www.bbmnoticias.com\/renuncia-cesar-gustavo-jauregui-a-la-fiscalia-de-chihuahua\/","name":"Renuncia C\u00e9sar Gustavo J\u00e1uregui a la Fiscal\u00eda de Chihuahua - LA BRAVA RADIO","isPartOf":{"@id":"https:\/\/www.bbmnoticias.com\/labravaradiofm\/#website"},"primaryImageOfPage":{"@id":"https:\/\/www.bbmnoticias.com\/renuncia-cesar-gustavo-jauregui-a-la-fiscalia-de-chihuahua\/#primaryimage"},"image":{"@id":"https:\/\/www.bbmnoticias.com\/renuncia-cesar-gustavo-jauregui-a-la-fiscalia-de-chihuahua\/#primaryimage"},"thumbnailUrl":"https:\/\/www.bbmnoticias.com\/labravaradiofm\/wp-content\/uploads\/sites\/5\/2026\/04\/fiscal_chihuahua.webp","datePublished":"2026-04-28T02:16:00+00:00","dateModified":"2026-04-28T02:37:23+00:00","author":{"@id":"https:\/\/www.bbmnoticias.com\/labravaradiofm\/#\/schema\/person\/000bdaf0a8fb5bff0d537c4d0778e33f"},"breadcrumb":{"@id":"https:\/\/www.bbmnoticias.com\/renuncia-cesar-gustavo-jauregui-a-la-fiscalia-de-chihuahua\/#breadcrumb"},"inLanguage":"es","potentialAction":[{"@type":"ReadAction","target":["https:\/\/www.bbmnoticias.com\/renuncia-cesar-gustavo-jauregui-a-la-fiscalia-de-chihuahua\/"]}]},{"@type":"ImageObject","inLanguage":"es","@id":"https:\/\/www.bbmnoticias.com\/renuncia-cesar-gustavo-jauregui-a-la-fiscalia-de-chihuahua\/#primaryimage","url":"https:\/\/www.bbmnoticias.com\/labravaradiofm\/wp-content\/uploads\/sites\/5\/2026\/04\/fiscal_chihuahua.webp","contentUrl":"https:\/\/www.bbmnoticias.com\/labravaradiofm\/wp-content\/uploads\/sites\/5\/2026\/04\/fiscal_chihuahua.webp","width":1200,"height":794},{"@type":"BreadcrumbList","@id":"https:\/\/www.bbmnoticias.com\/renuncia-cesar-gustavo-jauregui-a-la-fiscalia-de-chihuahua\/#breadcrumb","itemListElement":[{"@type":"ListItem","position":1,"name":"Inicio","item":"https:\/\/www.bbmnoticias.com\/labravaradiofm\/"},{"@type":"ListItem","position":2,"name":"Renuncia C\u00e9sar Gustavo J\u00e1uregui a la Fiscal\u00eda de Chihuahua"}]},{"@type":"WebSite","@id":"https:\/\/www.bbmnoticias.com\/labravaradiofm\/#website","url":"https:\/\/www.bbmnoticias.com\/labravaradiofm\/","name":"LA BRAVA RADIO","description":"Empresa productora de medios, Radiodifusi\u00f3n, Noticias, tendencias y todo lo que necesitas saber de la pol\u00edtica mexicana e internacional; entretenimiento, espect\u00e1culos, salud y mucho m\u00e1s.","potentialAction":[{"@type":"SearchAction","target":{"@type":"EntryPoint","urlTemplate":"https:\/\/www.bbmnoticias.com\/labravaradiofm\/?s={search_term_string}"},"query-input":{"@type":"PropertyValueSpecification","valueRequired":true,"valueName":"search_term_string"}}],"inLanguage":"es"},{"@type":"Person","@id":"https:\/\/www.bbmnoticias.com\/labravaradiofm\/#\/schema\/person\/000bdaf0a8fb5bff0d537c4d0778e33f","name":"Agencias","image":{"@type":"ImageObject","inLanguage":"es","@id":"https:\/\/secure.gravatar.com\/avatar\/739e0b61adf9e398b425c36718c8752286da0e8cd90f20ce9a86678abc26aa0d?s=96&d=mm&r=g","url":"https:\/\/secure.gravatar.com\/avatar\/739e0b61adf9e398b425c36718c8752286da0e8cd90f20ce9a86678abc26aa0d?s=96&d=mm&r=g","contentUrl":"https:\/\/secure.gravatar.com\/avatar\/739e0b61adf9e398b425c36718c8752286da0e8cd90f20ce9a86678abc26aa0d?s=96&d=mm&r=g","caption":"Agencias"},"url":"https:\/\/www.bbmnoticias.com\/labravaradiofm\/author\/agencias\/"}]}},"_links":{"self":[{"href":"https:\/\/www.bbmnoticias.com\/labravaradiofm\/wp-json\/wp\/v2\/posts\/76643","targetHints":{"allow":["GET"]}}],"collection":[{"href":"https:\/\/www.bbmnoticias.com\/labravaradiofm\/wp-json\/wp\/v2\/posts"}],"about":[{"href":"https:\/\/www.bbmnoticias.com\/labravaradiofm\/wp-json\/wp\/v2\/types\/post"}],"author":[{"embeddable":true,"href":"https:\/\/www.bbmnoticias.com\/labravaradiofm\/wp-json\/wp\/v2\/users\/4"}],"replies":[{"embeddable":true,"href":"https:\/\/www.bbmnoticias.com\/labravaradiofm\/wp-json\/wp\/v2\/comments?post=76643"}],"version-history":[{"count":1,"href":"https:\/\/www.bbmnoticias.com\/labravaradiofm\/wp-json\/wp\/v2\/posts\/76643\/revisions"}],"predecessor-version":[{"id":76644,"href":"https:\/\/www.bbmnoticias.com\/labravaradiofm\/wp-json\/wp\/v2\/posts\/76643\/revisions\/76644"}],"wp:featuredmedia":[{"embeddable":true,"href":"https:\/\/www.bbmnoticias.com\/labravaradiofm\/wp-json\/wp\/v2\/media\/76645"}],"wp:attachment":[{"href":"https:\/\/www.bbmnoticias.com\/labravaradiofm\/wp-json\/wp\/v2\/media?parent=76643"}],"wp:term":[{"taxonomy":"category","embeddable":true,"href":"https:\/\/www.bbmnoticias.com\/labravaradiofm\/wp-json\/wp\/v2\/categories?post=76643"},{"taxonomy":"post_tag","embeddable":true,"href":"https:\/\/www.bbmnoticias.com\/labravaradiofm\/wp-json\/wp\/v2\/tags?post=76643"}],"curies":[{"name":"wp","href":"https:\/\/api.w.org\/{rel}","templated":true}]}}