{"id":76636,"date":"2026-04-27T19:25:19","date_gmt":"2026-04-28T01:25:19","guid":{"rendered":"https:\/\/www.bbmnoticias.com\/labravaradiofm\/2026\/04\/27\/mejora-salomon-jara-atencion-al-autismo-con-ampliacion-del-centro-yela-to-bidao\/"},"modified":"2026-04-27T19:28:00","modified_gmt":"2026-04-28T01:28:00","slug":"mejora-salomon-jara-atencion-al-autismo-con-ampliacion-del-centro-yela-to-bidao","status":"publish","type":"post","link":"https:\/\/www.bbmnoticias.com\/labravaradiofm\/2026\/04\/27\/mejora-salomon-jara-atencion-al-autismo-con-ampliacion-del-centro-yela-to-bidao\/","title":{"rendered":"Mejora Salom\u00f3n Jara atenci\u00f3n al autismo con ampliaci\u00f3n del Centro Yela to Bidao"},"content":{"rendered":"<div style=\"margin-top: 0px; margin-bottom: 0px;\" class=\"sharethis-inline-share-buttons\" ><\/div>\n<p>\u00b7 Se destin\u00f3 un monto superior a 13 mdp para la construcci\u00f3n de aulas nuevas y una c\u00e1mara sensorial<\/p>\n\n\n\n<p>\u00b7 Esta labor aumentar\u00e1 la atenci\u00f3n integral de 800 ni\u00f1as y ni\u00f1os<\/p>\n\n\n\n<p>Oaxaca de Ju\u00e1rez, Oax.- El Gobernador Salom\u00f3n Jara Cruz, y la Presidenta Honoraria del Sistema para el Desarrollo Integral de la Familia (DIF) Oaxaca, Irma Bola\u00f1os Quijano, inauguraron la ampliaci\u00f3n del Centro de Autismo Yela to Bidao, que requiri\u00f3 una inversi\u00f3n de m\u00e1s de 13 millones 900 mil pesos.<\/p>\n\n\n\n<p>Al cortar el list\u00f3n de inauguraci\u00f3n, Bola\u00f1os Quijano detall\u00f3 que este espacio ahora cuenta con una c\u00e1mara sensorial y nueve aulas nuevas para brindar terapias. Asimismo, reconoci\u00f3 el trabajo que todas las personas del Sistema DIF brindan para garantizar una atenci\u00f3n cercana y humana.<\/p>\n\n\n\n<p>\u201cCon el tiempo, hemos confirmado que la atenci\u00f3n al autismo no puede limitarse a un enfoque cl\u00ednico, requiere cercan\u00eda, continuidad y, sobre todo, comprensi\u00f3n del entorno familiar por eso, aqu\u00ed se ha ido construyendo algo m\u00e1s que servicios: se ha construido comunidad\u201d, remarc\u00f3.<\/p>\n\n\n\n<figure class=\"wp-block-image size-large\"><img decoding=\"async\" src=\"https:\/\/www.bbmnoticias.com\/wp-content\/uploads\/2026\/04\/Sin-titulo-4-1024x683.jpg\" alt=\"\" class=\"wp-image-77955\"\/><\/figure>\n\n\n\n<p>Al respecto, la titular del Sistema Nacional del DIF, Mar\u00eda del Roc\u00edo Garc\u00eda P\u00e9rez destac\u00f3 que esta acci\u00f3n refleja el profundo compromiso de la Primavera Oaxaque\u00f1a con el acceso y garant\u00eda de los derechos fundamentales de la ni\u00f1ez, prioridades del Gobierno Federal.<\/p>\n\n\n\n<p>Esta ampliaci\u00f3n se realiz\u00f3 en coinversi\u00f3n, el Gobierno del Estado aport\u00f3 9 millones 413 mil 322 pesos; el DIF Oaxaca contribuy\u00f3 con 4 millones; y el DIF Nacional dio un total de 541 mil 319 pesos.<\/p>\n\n\n\n<p>Con la intervenci\u00f3n de este inmueble se proyecta atender de manera integral y gratuita a m\u00e1s de 800 ni\u00f1as y ni\u00f1os que viven con Trastorno del Espectro Autista, superando el acompa\u00f1amiento a 419 infancias en los dos a\u00f1os anteriores.<\/p>\n\n\n\n<p>Asimismo, se anunci\u00f3 la creaci\u00f3n de 11 nuevos centros de atenci\u00f3n al autismo en diferentes municipios de la entidad a fin de acercar estos servicios a todos los rincones.<\/p>\n","protected":false},"excerpt":{"rendered":"<p>\u00b7 Se destin\u00f3 un monto superior a 13 mdp para la construcci\u00f3n de aulas nuevas y una c\u00e1mara sensorial \u00b7 Esta labor aumentar\u00e1 la atenci\u00f3n integral de 800 ni\u00f1as y ni\u00f1os Oaxaca de Ju\u00e1rez, Oax.- El Gobernador Salom\u00f3n Jara Cruz, y la Presidenta Honoraria del Sistema para el Desarrollo Integral de la Familia (DIF) Oaxaca, [&hellip;]<\/p>\n","protected":false},"author":2,"featured_media":76638,"comment_status":"closed","ping_status":"open","sticky":false,"template":"","format":"standard","meta":{"footnotes":""},"categories":[2],"tags":[],"class_list":{"0":"post-76636","1":"post","2":"type-post","3":"status-publish","4":"format-standard","5":"has-post-thumbnail","7":"category-oaxaca"},"yoast_head":"<!-- This site is optimized with the Yoast SEO plugin v27.4 - https:\/\/yoast.com\/product\/yoast-seo-wordpress\/ -->\n<title>Mejora Salom\u00f3n Jara atenci\u00f3n al autismo con ampliaci\u00f3n del Centro Yela to Bidao - LA BRAVA RADIO<\/title>\n<meta name=\"robots\" content=\"index, follow, max-snippet:-1, max-image-preview:large, max-video-preview:-1\" \/>\n<link rel=\"canonical\" href=\"https:\/\/www.bbmnoticias.com\/mejora-salomon-jara-atencion-al-autismo-con-ampliacion-del-centro-yela-to-bidao\/\" \/>\n<meta property=\"og:locale\" content=\"es_MX\" \/>\n<meta property=\"og:type\" content=\"article\" \/>\n<meta property=\"og:title\" content=\"Mejora Salom\u00f3n Jara atenci\u00f3n al autismo con ampliaci\u00f3n del Centro Yela to Bidao - LA BRAVA RADIO\" \/>\n<meta property=\"og:description\" content=\"\u00b7 Se destin\u00f3 un monto superior a 13 mdp para la construcci\u00f3n de aulas nuevas y una c\u00e1mara sensorial \u00b7 Esta labor aumentar\u00e1 la atenci\u00f3n integral de 800 ni\u00f1as y ni\u00f1os Oaxaca de Ju\u00e1rez, Oax.- El Gobernador Salom\u00f3n Jara Cruz, y la Presidenta Honoraria del Sistema para el Desarrollo Integral de la Familia (DIF) Oaxaca, [&hellip;]\" \/>\n<meta property=\"og:url\" content=\"https:\/\/www.bbmnoticias.com\/mejora-salomon-jara-atencion-al-autismo-con-ampliacion-del-centro-yela-to-bidao\/\" \/>\n<meta property=\"og:site_name\" content=\"LA BRAVA RADIO\" \/>\n<meta property=\"article:published_time\" content=\"2026-04-28T01:25:19+00:00\" \/>\n<meta property=\"article:modified_time\" content=\"2026-04-28T01:28:00+00:00\" \/>\n<meta property=\"og:image\" content=\"https:\/\/www.bbmnoticias.com\/labravaradiofm\/wp-content\/uploads\/sites\/5\/2026\/04\/4758.jpg\" \/>\n\t<meta property=\"og:image:width\" content=\"1280\" \/>\n\t<meta property=\"og:image:height\" content=\"854\" \/>\n\t<meta property=\"og:image:type\" content=\"image\/jpeg\" \/>\n<meta name=\"author\" content=\"Staff\" \/>\n<meta name=\"twitter:card\" content=\"summary_large_image\" \/>\n<meta name=\"twitter:label1\" content=\"Escrito por\" \/>\n\t<meta name=\"twitter:data1\" content=\"Staff\" \/>\n\t<meta name=\"twitter:label2\" content=\"Tiempo de lectura\" \/>\n\t<meta name=\"twitter:data2\" content=\"2 minutos\" \/>\n<script type=\"application\/ld+json\" class=\"yoast-schema-graph\">{\"@context\":\"https:\\\/\\\/schema.org\",\"@graph\":[{\"@type\":\"Article\",\"@id\":\"https:\\\/\\\/www.bbmnoticias.com\\\/mejora-salomon-jara-atencion-al-autismo-con-ampliacion-del-centro-yela-to-bidao\\\/#article\",\"isPartOf\":{\"@id\":\"https:\\\/\\\/www.bbmnoticias.com\\\/labravaradiofm\\\/2026\\\/04\\\/27\\\/mejora-salomon-jara-atencion-al-autismo-con-ampliacion-del-centro-yela-to-bidao\\\/\"},\"author\":{\"name\":\"Staff\",\"@id\":\"https:\\\/\\\/www.bbmnoticias.com\\\/labravaradiofm\\\/#\\\/schema\\\/person\\\/68a9e9036ef3c5b55aeb2b71dc8bab45\"},\"headline\":\"Mejora Salom\u00f3n Jara atenci\u00f3n al autismo con ampliaci\u00f3n del Centro Yela to Bidao\",\"datePublished\":\"2026-04-28T01:25:19+00:00\",\"dateModified\":\"2026-04-28T01:28:00+00:00\",\"mainEntityOfPage\":{\"@id\":\"https:\\\/\\\/www.bbmnoticias.com\\\/labravaradiofm\\\/2026\\\/04\\\/27\\\/mejora-salomon-jara-atencion-al-autismo-con-ampliacion-del-centro-yela-to-bidao\\\/\"},\"wordCount\":354,\"image\":{\"@id\":\"https:\\\/\\\/www.bbmnoticias.com\\\/mejora-salomon-jara-atencion-al-autismo-con-ampliacion-del-centro-yela-to-bidao\\\/#primaryimage\"},\"thumbnailUrl\":\"https:\\\/\\\/www.bbmnoticias.com\\\/labravaradiofm\\\/wp-content\\\/uploads\\\/sites\\\/5\\\/2026\\\/04\\\/4758.jpg\",\"articleSection\":[\"LOCAL\"],\"inLanguage\":\"es\"},{\"@type\":\"WebPage\",\"@id\":\"https:\\\/\\\/www.bbmnoticias.com\\\/labravaradiofm\\\/2026\\\/04\\\/27\\\/mejora-salomon-jara-atencion-al-autismo-con-ampliacion-del-centro-yela-to-bidao\\\/\",\"url\":\"https:\\\/\\\/www.bbmnoticias.com\\\/mejora-salomon-jara-atencion-al-autismo-con-ampliacion-del-centro-yela-to-bidao\\\/\",\"name\":\"Mejora Salom\u00f3n Jara atenci\u00f3n al autismo con ampliaci\u00f3n del Centro Yela to Bidao - LA BRAVA RADIO\",\"isPartOf\":{\"@id\":\"https:\\\/\\\/www.bbmnoticias.com\\\/labravaradiofm\\\/#website\"},\"primaryImageOfPage\":{\"@id\":\"https:\\\/\\\/www.bbmnoticias.com\\\/mejora-salomon-jara-atencion-al-autismo-con-ampliacion-del-centro-yela-to-bidao\\\/#primaryimage\"},\"image\":{\"@id\":\"https:\\\/\\\/www.bbmnoticias.com\\\/mejora-salomon-jara-atencion-al-autismo-con-ampliacion-del-centro-yela-to-bidao\\\/#primaryimage\"},\"thumbnailUrl\":\"https:\\\/\\\/www.bbmnoticias.com\\\/labravaradiofm\\\/wp-content\\\/uploads\\\/sites\\\/5\\\/2026\\\/04\\\/4758.jpg\",\"datePublished\":\"2026-04-28T01:25:19+00:00\",\"dateModified\":\"2026-04-28T01:28:00+00:00\",\"author\":{\"@id\":\"https:\\\/\\\/www.bbmnoticias.com\\\/labravaradiofm\\\/#\\\/schema\\\/person\\\/68a9e9036ef3c5b55aeb2b71dc8bab45\"},\"breadcrumb\":{\"@id\":\"https:\\\/\\\/www.bbmnoticias.com\\\/mejora-salomon-jara-atencion-al-autismo-con-ampliacion-del-centro-yela-to-bidao\\\/#breadcrumb\"},\"inLanguage\":\"es\",\"potentialAction\":[{\"@type\":\"ReadAction\",\"target\":[\"https:\\\/\\\/www.bbmnoticias.com\\\/mejora-salomon-jara-atencion-al-autismo-con-ampliacion-del-centro-yela-to-bidao\\\/\"]}]},{\"@type\":\"ImageObject\",\"inLanguage\":\"es\",\"@id\":\"https:\\\/\\\/www.bbmnoticias.com\\\/mejora-salomon-jara-atencion-al-autismo-con-ampliacion-del-centro-yela-to-bidao\\\/#primaryimage\",\"url\":\"https:\\\/\\\/www.bbmnoticias.com\\\/labravaradiofm\\\/wp-content\\\/uploads\\\/sites\\\/5\\\/2026\\\/04\\\/4758.jpg\",\"contentUrl\":\"https:\\\/\\\/www.bbmnoticias.com\\\/labravaradiofm\\\/wp-content\\\/uploads\\\/sites\\\/5\\\/2026\\\/04\\\/4758.jpg\",\"width\":1280,\"height\":854},{\"@type\":\"BreadcrumbList\",\"@id\":\"https:\\\/\\\/www.bbmnoticias.com\\\/mejora-salomon-jara-atencion-al-autismo-con-ampliacion-del-centro-yela-to-bidao\\\/#breadcrumb\",\"itemListElement\":[{\"@type\":\"ListItem\",\"position\":1,\"name\":\"Inicio\",\"item\":\"https:\\\/\\\/www.bbmnoticias.com\\\/labravaradiofm\\\/\"},{\"@type\":\"ListItem\",\"position\":2,\"name\":\"Mejora Salom\u00f3n Jara atenci\u00f3n al autismo con ampliaci\u00f3n del Centro Yela to Bidao\"}]},{\"@type\":\"WebSite\",\"@id\":\"https:\\\/\\\/www.bbmnoticias.com\\\/labravaradiofm\\\/#website\",\"url\":\"https:\\\/\\\/www.bbmnoticias.com\\\/labravaradiofm\\\/\",\"name\":\"LA BRAVA RADIO\",\"description\":\"Empresa productora de medios, Radiodifusi\u00f3n, Noticias, tendencias y todo lo que necesitas saber de la pol\u00edtica mexicana e internacional; entretenimiento, espect\u00e1culos, salud y mucho m\u00e1s.\",\"potentialAction\":[{\"@type\":\"SearchAction\",\"target\":{\"@type\":\"EntryPoint\",\"urlTemplate\":\"https:\\\/\\\/www.bbmnoticias.com\\\/labravaradiofm\\\/?s={search_term_string}\"},\"query-input\":{\"@type\":\"PropertyValueSpecification\",\"valueRequired\":true,\"valueName\":\"search_term_string\"}}],\"inLanguage\":\"es\"},{\"@type\":\"Person\",\"@id\":\"https:\\\/\\\/www.bbmnoticias.com\\\/labravaradiofm\\\/#\\\/schema\\\/person\\\/68a9e9036ef3c5b55aeb2b71dc8bab45\",\"name\":\"Staff\",\"image\":{\"@type\":\"ImageObject\",\"inLanguage\":\"es\",\"@id\":\"https:\\\/\\\/secure.gravatar.com\\\/avatar\\\/fdd21ad66fd8b98c407f9dee5b5e588cfe7f0d8579ec20fa6527cd59bab7f0f0?s=96&d=mm&r=g\",\"url\":\"https:\\\/\\\/secure.gravatar.com\\\/avatar\\\/fdd21ad66fd8b98c407f9dee5b5e588cfe7f0d8579ec20fa6527cd59bab7f0f0?s=96&d=mm&r=g\",\"contentUrl\":\"https:\\\/\\\/secure.gravatar.com\\\/avatar\\\/fdd21ad66fd8b98c407f9dee5b5e588cfe7f0d8579ec20fa6527cd59bab7f0f0?s=96&d=mm&r=g\",\"caption\":\"Staff\"},\"url\":\"https:\\\/\\\/www.bbmnoticias.com\\\/labravaradiofm\\\/author\\\/redaccion\\\/\"}]}<\/script>\n<!-- \/ Yoast SEO plugin. -->","yoast_head_json":{"title":"Mejora Salom\u00f3n Jara atenci\u00f3n al autismo con ampliaci\u00f3n del Centro Yela to Bidao - LA BRAVA RADIO","robots":{"index":"index","follow":"follow","max-snippet":"max-snippet:-1","max-image-preview":"max-image-preview:large","max-video-preview":"max-video-preview:-1"},"canonical":"https:\/\/www.bbmnoticias.com\/mejora-salomon-jara-atencion-al-autismo-con-ampliacion-del-centro-yela-to-bidao\/","og_locale":"es_MX","og_type":"article","og_title":"Mejora Salom\u00f3n Jara atenci\u00f3n al autismo con ampliaci\u00f3n del Centro Yela to Bidao - LA BRAVA RADIO","og_description":"\u00b7 Se destin\u00f3 un monto superior a 13 mdp para la construcci\u00f3n de aulas nuevas y una c\u00e1mara sensorial \u00b7 Esta labor aumentar\u00e1 la atenci\u00f3n integral de 800 ni\u00f1as y ni\u00f1os Oaxaca de Ju\u00e1rez, Oax.- El Gobernador Salom\u00f3n Jara Cruz, y la Presidenta Honoraria del Sistema para el Desarrollo Integral de la Familia (DIF) Oaxaca, [&hellip;]","og_url":"https:\/\/www.bbmnoticias.com\/mejora-salomon-jara-atencion-al-autismo-con-ampliacion-del-centro-yela-to-bidao\/","og_site_name":"LA BRAVA RADIO","article_published_time":"2026-04-28T01:25:19+00:00","article_modified_time":"2026-04-28T01:28:00+00:00","og_image":[{"width":1280,"height":854,"url":"https:\/\/www.bbmnoticias.com\/labravaradiofm\/wp-content\/uploads\/sites\/5\/2026\/04\/4758.jpg","type":"image\/jpeg"}],"author":"Staff","twitter_card":"summary_large_image","twitter_misc":{"Escrito por":"Staff","Tiempo de lectura":"2 minutos"},"schema":{"@context":"https:\/\/schema.org","@graph":[{"@type":"Article","@id":"https:\/\/www.bbmnoticias.com\/mejora-salomon-jara-atencion-al-autismo-con-ampliacion-del-centro-yela-to-bidao\/#article","isPartOf":{"@id":"https:\/\/www.bbmnoticias.com\/labravaradiofm\/2026\/04\/27\/mejora-salomon-jara-atencion-al-autismo-con-ampliacion-del-centro-yela-to-bidao\/"},"author":{"name":"Staff","@id":"https:\/\/www.bbmnoticias.com\/labravaradiofm\/#\/schema\/person\/68a9e9036ef3c5b55aeb2b71dc8bab45"},"headline":"Mejora Salom\u00f3n Jara atenci\u00f3n al autismo con ampliaci\u00f3n del Centro Yela to Bidao","datePublished":"2026-04-28T01:25:19+00:00","dateModified":"2026-04-28T01:28:00+00:00","mainEntityOfPage":{"@id":"https:\/\/www.bbmnoticias.com\/labravaradiofm\/2026\/04\/27\/mejora-salomon-jara-atencion-al-autismo-con-ampliacion-del-centro-yela-to-bidao\/"},"wordCount":354,"image":{"@id":"https:\/\/www.bbmnoticias.com\/mejora-salomon-jara-atencion-al-autismo-con-ampliacion-del-centro-yela-to-bidao\/#primaryimage"},"thumbnailUrl":"https:\/\/www.bbmnoticias.com\/labravaradiofm\/wp-content\/uploads\/sites\/5\/2026\/04\/4758.jpg","articleSection":["LOCAL"],"inLanguage":"es"},{"@type":"WebPage","@id":"https:\/\/www.bbmnoticias.com\/labravaradiofm\/2026\/04\/27\/mejora-salomon-jara-atencion-al-autismo-con-ampliacion-del-centro-yela-to-bidao\/","url":"https:\/\/www.bbmnoticias.com\/mejora-salomon-jara-atencion-al-autismo-con-ampliacion-del-centro-yela-to-bidao\/","name":"Mejora Salom\u00f3n Jara atenci\u00f3n al autismo con ampliaci\u00f3n del Centro Yela to Bidao - LA BRAVA RADIO","isPartOf":{"@id":"https:\/\/www.bbmnoticias.com\/labravaradiofm\/#website"},"primaryImageOfPage":{"@id":"https:\/\/www.bbmnoticias.com\/mejora-salomon-jara-atencion-al-autismo-con-ampliacion-del-centro-yela-to-bidao\/#primaryimage"},"image":{"@id":"https:\/\/www.bbmnoticias.com\/mejora-salomon-jara-atencion-al-autismo-con-ampliacion-del-centro-yela-to-bidao\/#primaryimage"},"thumbnailUrl":"https:\/\/www.bbmnoticias.com\/labravaradiofm\/wp-content\/uploads\/sites\/5\/2026\/04\/4758.jpg","datePublished":"2026-04-28T01:25:19+00:00","dateModified":"2026-04-28T01:28:00+00:00","author":{"@id":"https:\/\/www.bbmnoticias.com\/labravaradiofm\/#\/schema\/person\/68a9e9036ef3c5b55aeb2b71dc8bab45"},"breadcrumb":{"@id":"https:\/\/www.bbmnoticias.com\/mejora-salomon-jara-atencion-al-autismo-con-ampliacion-del-centro-yela-to-bidao\/#breadcrumb"},"inLanguage":"es","potentialAction":[{"@type":"ReadAction","target":["https:\/\/www.bbmnoticias.com\/mejora-salomon-jara-atencion-al-autismo-con-ampliacion-del-centro-yela-to-bidao\/"]}]},{"@type":"ImageObject","inLanguage":"es","@id":"https:\/\/www.bbmnoticias.com\/mejora-salomon-jara-atencion-al-autismo-con-ampliacion-del-centro-yela-to-bidao\/#primaryimage","url":"https:\/\/www.bbmnoticias.com\/labravaradiofm\/wp-content\/uploads\/sites\/5\/2026\/04\/4758.jpg","contentUrl":"https:\/\/www.bbmnoticias.com\/labravaradiofm\/wp-content\/uploads\/sites\/5\/2026\/04\/4758.jpg","width":1280,"height":854},{"@type":"BreadcrumbList","@id":"https:\/\/www.bbmnoticias.com\/mejora-salomon-jara-atencion-al-autismo-con-ampliacion-del-centro-yela-to-bidao\/#breadcrumb","itemListElement":[{"@type":"ListItem","position":1,"name":"Inicio","item":"https:\/\/www.bbmnoticias.com\/labravaradiofm\/"},{"@type":"ListItem","position":2,"name":"Mejora Salom\u00f3n Jara atenci\u00f3n al autismo con ampliaci\u00f3n del Centro Yela to Bidao"}]},{"@type":"WebSite","@id":"https:\/\/www.bbmnoticias.com\/labravaradiofm\/#website","url":"https:\/\/www.bbmnoticias.com\/labravaradiofm\/","name":"LA BRAVA RADIO","description":"Empresa productora de medios, Radiodifusi\u00f3n, Noticias, tendencias y todo lo que necesitas saber de la pol\u00edtica mexicana e internacional; entretenimiento, espect\u00e1culos, salud y mucho m\u00e1s.","potentialAction":[{"@type":"SearchAction","target":{"@type":"EntryPoint","urlTemplate":"https:\/\/www.bbmnoticias.com\/labravaradiofm\/?s={search_term_string}"},"query-input":{"@type":"PropertyValueSpecification","valueRequired":true,"valueName":"search_term_string"}}],"inLanguage":"es"},{"@type":"Person","@id":"https:\/\/www.bbmnoticias.com\/labravaradiofm\/#\/schema\/person\/68a9e9036ef3c5b55aeb2b71dc8bab45","name":"Staff","image":{"@type":"ImageObject","inLanguage":"es","@id":"https:\/\/secure.gravatar.com\/avatar\/fdd21ad66fd8b98c407f9dee5b5e588cfe7f0d8579ec20fa6527cd59bab7f0f0?s=96&d=mm&r=g","url":"https:\/\/secure.gravatar.com\/avatar\/fdd21ad66fd8b98c407f9dee5b5e588cfe7f0d8579ec20fa6527cd59bab7f0f0?s=96&d=mm&r=g","contentUrl":"https:\/\/secure.gravatar.com\/avatar\/fdd21ad66fd8b98c407f9dee5b5e588cfe7f0d8579ec20fa6527cd59bab7f0f0?s=96&d=mm&r=g","caption":"Staff"},"url":"https:\/\/www.bbmnoticias.com\/labravaradiofm\/author\/redaccion\/"}]}},"_links":{"self":[{"href":"https:\/\/www.bbmnoticias.com\/labravaradiofm\/wp-json\/wp\/v2\/posts\/76636","targetHints":{"allow":["GET"]}}],"collection":[{"href":"https:\/\/www.bbmnoticias.com\/labravaradiofm\/wp-json\/wp\/v2\/posts"}],"about":[{"href":"https:\/\/www.bbmnoticias.com\/labravaradiofm\/wp-json\/wp\/v2\/types\/post"}],"author":[{"embeddable":true,"href":"https:\/\/www.bbmnoticias.com\/labravaradiofm\/wp-json\/wp\/v2\/users\/2"}],"replies":[{"embeddable":true,"href":"https:\/\/www.bbmnoticias.com\/labravaradiofm\/wp-json\/wp\/v2\/comments?post=76636"}],"version-history":[{"count":2,"href":"https:\/\/www.bbmnoticias.com\/labravaradiofm\/wp-json\/wp\/v2\/posts\/76636\/revisions"}],"predecessor-version":[{"id":76639,"href":"https:\/\/www.bbmnoticias.com\/labravaradiofm\/wp-json\/wp\/v2\/posts\/76636\/revisions\/76639"}],"wp:featuredmedia":[{"embeddable":true,"href":"https:\/\/www.bbmnoticias.com\/labravaradiofm\/wp-json\/wp\/v2\/media\/76638"}],"wp:attachment":[{"href":"https:\/\/www.bbmnoticias.com\/labravaradiofm\/wp-json\/wp\/v2\/media?parent=76636"}],"wp:term":[{"taxonomy":"category","embeddable":true,"href":"https:\/\/www.bbmnoticias.com\/labravaradiofm\/wp-json\/wp\/v2\/categories?post=76636"},{"taxonomy":"post_tag","embeddable":true,"href":"https:\/\/www.bbmnoticias.com\/labravaradiofm\/wp-json\/wp\/v2\/tags?post=76636"}],"curies":[{"name":"wp","href":"https:\/\/api.w.org\/{rel}","templated":true}]}}