{"id":76633,"date":"2026-04-27T18:55:41","date_gmt":"2026-04-28T00:55:41","guid":{"rendered":"https:\/\/www.bbmnoticias.com\/labravaradiofm\/2026\/04\/27\/queda-en-el-limbo-reforma-para-posponer-eleccion-judicial\/"},"modified":"2026-04-27T18:55:45","modified_gmt":"2026-04-28T00:55:45","slug":"queda-en-el-limbo-reforma-para-posponer-eleccion-judicial","status":"publish","type":"post","link":"https:\/\/www.bbmnoticias.com\/labravaradiofm\/2026\/04\/27\/queda-en-el-limbo-reforma-para-posponer-eleccion-judicial\/","title":{"rendered":"Queda en el limbo reforma para posponer elecci\u00f3n judicial"},"content":{"rendered":"<div style=\"margin-top: 0px; margin-bottom: 0px;\" class=\"sharethis-inline-share-buttons\" ><\/div>\n<p>La reforma de legisladores morenistas para posponer la elecci\u00f3n judicial a 2028 quedar\u00e1 en el limbo, debido a que esta semana concluye el periodo ordinario de sesiones en el Congreso, sin que se haya incluido en la agenda de los pendientes.\u00a0<\/p>\n\n\n\n<p>Pese al acompa\u00f1amiento y presi\u00f3n de organizaciones civiles, la organizaci\u00f3n de un foro de consulta en Senado, su difusi\u00f3n en la Gaceta Parlamentaria de la C\u00e1mara de Diputados y en varias entrevistas en medios de comunicaci\u00f3n, la iniciativa que modifica 10 art\u00edculos de la Constituci\u00f3n ni siquiera se ha turnado a comisiones todav\u00eda.\u00a0<\/p>\n\n\n\n<p>La reforma de los morenistas, adem\u00e1s de posponer la fecha de la elecci\u00f3n judicial, para evitar que se empalme con las legislativas, prev\u00e9 mejorar los filtros de selecci\u00f3n de los aspirantes y fortalecer el rol de certificaci\u00f3n de jueces y magistrados por parte de la Escuela Judicial.&nbsp;<\/p>\n\n\n\n<p>Al dar a conocer este lunes la agenda de asuntos que se desahogar\u00e1n en la C\u00e1mara de Diputados este martes y mi\u00e9rcoles, en las sesiones de cierre, el jefe de la bancada de Morena, Ricardo Monreal \u00c1vila, no la incluy\u00f3.&nbsp;<\/p>\n\n\n\n<p>El tambi\u00e9n presidente de la Junta de Coordinaci\u00f3n Pol\u00edtica en San L\u00e1zaro, Ricardo Monreal, aclar\u00f3 que dicha iniciativa se abordar\u00eda en un periodo extraordinario o hasta el pr\u00f3ximo a\u00f1o legislativo, a iniciar en septiembre.&nbsp;<\/p>\n\n\n\n<p>Debido al estrecho margen que queda para cubrir los plazos que deben darse en las modificaciones en materia electoral, la reforma promovida por diputados y senadores de Morena tendr\u00eda que aprobarse antes del primero de junio pr\u00f3ximo.&nbsp;<\/p>\n\n\n\n<p>Para tal efecto, la iniciativa deber\u00eda ser votada en comisiones a m\u00e1s a tardar en mayo, a fin de que en seguida la Comisi\u00f3n Permanente del Congreso apruebe un periodo extraordinario para su an\u00e1lisis y votaci\u00f3n en ambas c\u00e1maras.&nbsp;<\/p>\n\n\n\n<p>El contenido de la reforma ser\u00eda caduco e inviable si se revisa hasta septiembre, cuando se retomar\u00e1n las sesiones ordinarias del Poder Legislativo.&nbsp;<\/p>\n\n\n\n<p>La legislaci\u00f3n electoral marca que las reformas en esta materia tendr\u00e1n que entrar en vigor 90 d\u00edas antes del inicio del proceso electoral federal que habr\u00e1 de correr a partir del d\u00eda primero de septiembre.<\/p>\n\n\n\n<p>Dado que la propuesta de los diputados Alfonso Ram\u00edrez Cu\u00e9llar, Olga S\u00e1nchez Cordero, Mariana Ben\u00edtez y los senadores Javier Corral y Susana&nbsp;Harp, entre otros, tiene entre sus prop\u00f3sitos centrales pasar la elecci\u00f3n judicial, prevista para junio de 2027, al siguiente a\u00f1o, su viabilidad s\u00f3lo es posible se aprueba en un periodo extraordinario.&nbsp;<\/p>\n\n\n\n<h3 class=\"wp-block-heading\">Esta es la semana \u00faltima del periodo de sesiones. Y tenemos la elecci\u00f3n de la Comisi\u00f3n Permanente, que funciona en periodos de receso, y tenemos, adem\u00e1s, la posibilidad de algunos dict\u00e1menes por consenso el mi\u00e9rcoles; y, ma\u00f1ana, martes, iniciativas de diputados y de diputadas, y la declaratoria de constitucionalidad, dado que ya hay m\u00e1s de 16 estados que han aprobado la reforma constitucional sobre feminicidio\u201d, inform\u00f3 el diputado Monreal \u00c1vila en un video difundido en sus redes sociales.<\/h3>\n\n\n\n<h3 class=\"wp-block-heading\">Nos quedan pendientes, para un extraordinario o para el pr\u00f3ximo periodo ordinario, materias de trascendencia. Una sobre inteligencia artificial; otra m\u00e1s sobre la reforma judicial\u201d, precis\u00f3 el l\u00edder de la mayor\u00eda en San L\u00e1zaro.<\/h3>\n\n\n\n<p>Aunque la propuesta de reforma se difundi\u00f3 el martes en la Gaceta de los diputados, ninguno de sus firmantes subi\u00f3 a la tribuna a presentarla, lo cual podr\u00eda ocurrir en la sesi\u00f3n de este martes 28 de abril, destinada \u00fanicamente a la exposici\u00f3n de iniciativas.&nbsp;<\/p>\n\n\n\n<p>Interrogada&nbsp;el mi\u00e9rcoles anterior&nbsp;sobre el estatus de la propuesta, la presidenta de la Mesa Directiva de la C\u00e1mara de Diputados, Kenia L\u00f3pez Rabad\u00e1n, inform\u00f3: \u201cEst\u00e1 enlistada esa iniciativa. Es una iniciativa que est\u00e1 signada por diputados federales y senadores de la Rep\u00fablica; est\u00e1 en el Orden del D\u00eda, no nos han solicitado remitirla a Comisi\u00f3n. Eso significa que, hasta en tanto no nos soliciten a la Mesa Directiva remitirla a Comisi\u00f3n, estar\u00e1 enlistada y tendr\u00eda la posibilidad de presentarla ante el Pleno\u201d.&nbsp;<\/p>\n\n\n\n<p>Record\u00f3 la parlamentaria del PAN que, si la bancada de Morena le hace la petici\u00f3n de remitirla para su dictamen, la iniciativa se turnar\u00eda a la Comisi\u00f3n de Puntos Constitucionales.&nbsp;<\/p>\n\n\n\n<p>En el mensaje de este lunes 27 de abril, el jefe de la bancada de Morena advirti\u00f3: \u201cSiempre, cuando est\u00e1n pr\u00f3ximas las elecciones se dificulta construir acuerdos, dado que los partidos pol\u00edticos, los diputados, incluso, y diputadas se concentran m\u00e1s en territorio a respaldar sus partidos en los prop\u00f3sitos de la renovaci\u00f3n de C\u00e1mara de Diputados, elecci\u00f3n de presidentes municipales o elecci\u00f3n de&nbsp;gobernadores y gobernadoras.&nbsp;Es decir, tendremos una gran actividad pol\u00edtica y legislativa en los pr\u00f3ximos meses\u201d.<\/p>\n","protected":false},"excerpt":{"rendered":"<p>La reforma de legisladores morenistas para posponer la elecci\u00f3n judicial a 2028 quedar\u00e1 en el limbo, debido a que esta semana concluye el periodo ordinario de sesiones en el Congreso, sin que se haya incluido en la agenda de los pendientes.\u00a0 Pese al acompa\u00f1amiento y presi\u00f3n de organizaciones civiles, la organizaci\u00f3n de un foro de [&hellip;]<\/p>\n","protected":false},"author":8,"featured_media":76635,"comment_status":"closed","ping_status":"open","sticky":false,"template":"","format":"standard","meta":{"footnotes":""},"categories":[2,19],"tags":[],"class_list":{"0":"post-76633","1":"post","2":"type-post","3":"status-publish","4":"format-standard","5":"has-post-thumbnail","7":"category-oaxaca","8":"category-nacional"},"yoast_head":"<!-- This site is optimized with the Yoast SEO plugin v27.4 - https:\/\/yoast.com\/product\/yoast-seo-wordpress\/ -->\n<title>Queda en el limbo reforma para posponer elecci\u00f3n judicial - LA BRAVA RADIO<\/title>\n<meta name=\"robots\" content=\"index, follow, max-snippet:-1, max-image-preview:large, max-video-preview:-1\" \/>\n<link rel=\"canonical\" href=\"https:\/\/www.bbmnoticias.com\/queda-en-el-limbo-reforma-para-posponer-eleccion-judicial\/\" \/>\n<meta property=\"og:locale\" content=\"es_MX\" \/>\n<meta property=\"og:type\" content=\"article\" \/>\n<meta property=\"og:title\" content=\"Queda en el limbo reforma para posponer elecci\u00f3n judicial - LA BRAVA RADIO\" \/>\n<meta property=\"og:description\" content=\"La reforma de legisladores morenistas para posponer la elecci\u00f3n judicial a 2028 quedar\u00e1 en el limbo, debido a que esta semana concluye el periodo ordinario de sesiones en el Congreso, sin que se haya incluido en la agenda de los pendientes.\u00a0 Pese al acompa\u00f1amiento y presi\u00f3n de organizaciones civiles, la organizaci\u00f3n de un foro de [&hellip;]\" \/>\n<meta property=\"og:url\" content=\"https:\/\/www.bbmnoticias.com\/queda-en-el-limbo-reforma-para-posponer-eleccion-judicial\/\" \/>\n<meta property=\"og:site_name\" content=\"LA BRAVA RADIO\" \/>\n<meta property=\"article:published_time\" content=\"2026-04-28T00:55:41+00:00\" \/>\n<meta property=\"article:modified_time\" content=\"2026-04-28T00:55:45+00:00\" \/>\n<meta property=\"og:image\" content=\"https:\/\/www.bbmnoticias.com\/labravaradiofm\/wp-content\/uploads\/sites\/5\/2026\/04\/69eff70987152.jpeg\" \/>\n\t<meta property=\"og:image:width\" content=\"813\" \/>\n\t<meta property=\"og:image:height\" content=\"542\" \/>\n\t<meta property=\"og:image:type\" content=\"image\/jpeg\" \/>\n<meta name=\"author\" content=\"Exc\u00e9lsior\" \/>\n<meta name=\"twitter:card\" content=\"summary_large_image\" \/>\n<meta name=\"twitter:label1\" content=\"Escrito por\" \/>\n\t<meta name=\"twitter:data1\" content=\"Exc\u00e9lsior\" \/>\n\t<meta name=\"twitter:label2\" content=\"Tiempo de lectura\" \/>\n\t<meta name=\"twitter:data2\" content=\"4 minutos\" \/>\n<script type=\"application\/ld+json\" class=\"yoast-schema-graph\">{\"@context\":\"https:\\\/\\\/schema.org\",\"@graph\":[{\"@type\":\"Article\",\"@id\":\"https:\\\/\\\/www.bbmnoticias.com\\\/queda-en-el-limbo-reforma-para-posponer-eleccion-judicial\\\/#article\",\"isPartOf\":{\"@id\":\"https:\\\/\\\/www.bbmnoticias.com\\\/labravaradiofm\\\/2026\\\/04\\\/27\\\/queda-en-el-limbo-reforma-para-posponer-eleccion-judicial\\\/\"},\"author\":{\"name\":\"Exc\u00e9lsior\",\"@id\":\"https:\\\/\\\/www.bbmnoticias.com\\\/labravaradiofm\\\/#\\\/schema\\\/person\\\/56f4677efb93d47930db8f58aa971b20\"},\"headline\":\"Queda en el limbo reforma para posponer elecci\u00f3n judicial\",\"datePublished\":\"2026-04-28T00:55:41+00:00\",\"dateModified\":\"2026-04-28T00:55:45+00:00\",\"mainEntityOfPage\":{\"@id\":\"https:\\\/\\\/www.bbmnoticias.com\\\/labravaradiofm\\\/2026\\\/04\\\/27\\\/queda-en-el-limbo-reforma-para-posponer-eleccion-judicial\\\/\"},\"wordCount\":853,\"image\":{\"@id\":\"https:\\\/\\\/www.bbmnoticias.com\\\/queda-en-el-limbo-reforma-para-posponer-eleccion-judicial\\\/#primaryimage\"},\"thumbnailUrl\":\"https:\\\/\\\/www.bbmnoticias.com\\\/labravaradiofm\\\/wp-content\\\/uploads\\\/sites\\\/5\\\/2026\\\/04\\\/69eff70987152.jpeg\",\"articleSection\":[\"LOCAL\",\"NACIONAL\"],\"inLanguage\":\"es\"},{\"@type\":\"WebPage\",\"@id\":\"https:\\\/\\\/www.bbmnoticias.com\\\/labravaradiofm\\\/2026\\\/04\\\/27\\\/queda-en-el-limbo-reforma-para-posponer-eleccion-judicial\\\/\",\"url\":\"https:\\\/\\\/www.bbmnoticias.com\\\/queda-en-el-limbo-reforma-para-posponer-eleccion-judicial\\\/\",\"name\":\"Queda en el limbo reforma para posponer elecci\u00f3n judicial - LA BRAVA RADIO\",\"isPartOf\":{\"@id\":\"https:\\\/\\\/www.bbmnoticias.com\\\/labravaradiofm\\\/#website\"},\"primaryImageOfPage\":{\"@id\":\"https:\\\/\\\/www.bbmnoticias.com\\\/queda-en-el-limbo-reforma-para-posponer-eleccion-judicial\\\/#primaryimage\"},\"image\":{\"@id\":\"https:\\\/\\\/www.bbmnoticias.com\\\/queda-en-el-limbo-reforma-para-posponer-eleccion-judicial\\\/#primaryimage\"},\"thumbnailUrl\":\"https:\\\/\\\/www.bbmnoticias.com\\\/labravaradiofm\\\/wp-content\\\/uploads\\\/sites\\\/5\\\/2026\\\/04\\\/69eff70987152.jpeg\",\"datePublished\":\"2026-04-28T00:55:41+00:00\",\"dateModified\":\"2026-04-28T00:55:45+00:00\",\"author\":{\"@id\":\"https:\\\/\\\/www.bbmnoticias.com\\\/labravaradiofm\\\/#\\\/schema\\\/person\\\/56f4677efb93d47930db8f58aa971b20\"},\"breadcrumb\":{\"@id\":\"https:\\\/\\\/www.bbmnoticias.com\\\/queda-en-el-limbo-reforma-para-posponer-eleccion-judicial\\\/#breadcrumb\"},\"inLanguage\":\"es\",\"potentialAction\":[{\"@type\":\"ReadAction\",\"target\":[\"https:\\\/\\\/www.bbmnoticias.com\\\/queda-en-el-limbo-reforma-para-posponer-eleccion-judicial\\\/\"]}]},{\"@type\":\"ImageObject\",\"inLanguage\":\"es\",\"@id\":\"https:\\\/\\\/www.bbmnoticias.com\\\/queda-en-el-limbo-reforma-para-posponer-eleccion-judicial\\\/#primaryimage\",\"url\":\"https:\\\/\\\/www.bbmnoticias.com\\\/labravaradiofm\\\/wp-content\\\/uploads\\\/sites\\\/5\\\/2026\\\/04\\\/69eff70987152.jpeg\",\"contentUrl\":\"https:\\\/\\\/www.bbmnoticias.com\\\/labravaradiofm\\\/wp-content\\\/uploads\\\/sites\\\/5\\\/2026\\\/04\\\/69eff70987152.jpeg\",\"width\":813,\"height\":542},{\"@type\":\"BreadcrumbList\",\"@id\":\"https:\\\/\\\/www.bbmnoticias.com\\\/queda-en-el-limbo-reforma-para-posponer-eleccion-judicial\\\/#breadcrumb\",\"itemListElement\":[{\"@type\":\"ListItem\",\"position\":1,\"name\":\"Inicio\",\"item\":\"https:\\\/\\\/www.bbmnoticias.com\\\/labravaradiofm\\\/\"},{\"@type\":\"ListItem\",\"position\":2,\"name\":\"Queda en el limbo reforma para posponer elecci\u00f3n judicial\"}]},{\"@type\":\"WebSite\",\"@id\":\"https:\\\/\\\/www.bbmnoticias.com\\\/labravaradiofm\\\/#website\",\"url\":\"https:\\\/\\\/www.bbmnoticias.com\\\/labravaradiofm\\\/\",\"name\":\"LA BRAVA RADIO\",\"description\":\"Empresa productora de medios, Radiodifusi\u00f3n, Noticias, tendencias y todo lo que necesitas saber de la pol\u00edtica mexicana e internacional; entretenimiento, espect\u00e1culos, salud y mucho m\u00e1s.\",\"potentialAction\":[{\"@type\":\"SearchAction\",\"target\":{\"@type\":\"EntryPoint\",\"urlTemplate\":\"https:\\\/\\\/www.bbmnoticias.com\\\/labravaradiofm\\\/?s={search_term_string}\"},\"query-input\":{\"@type\":\"PropertyValueSpecification\",\"valueRequired\":true,\"valueName\":\"search_term_string\"}}],\"inLanguage\":\"es\"},{\"@type\":\"Person\",\"@id\":\"https:\\\/\\\/www.bbmnoticias.com\\\/labravaradiofm\\\/#\\\/schema\\\/person\\\/56f4677efb93d47930db8f58aa971b20\",\"name\":\"Exc\u00e9lsior\",\"image\":{\"@type\":\"ImageObject\",\"inLanguage\":\"es\",\"@id\":\"https:\\\/\\\/secure.gravatar.com\\\/avatar\\\/497265c4dbe1cd0e2f3f1b19aba0f5779c7f95d09e139a5b83c1ecd47b4e780d?s=96&d=mm&r=g\",\"url\":\"https:\\\/\\\/secure.gravatar.com\\\/avatar\\\/497265c4dbe1cd0e2f3f1b19aba0f5779c7f95d09e139a5b83c1ecd47b4e780d?s=96&d=mm&r=g\",\"contentUrl\":\"https:\\\/\\\/secure.gravatar.com\\\/avatar\\\/497265c4dbe1cd0e2f3f1b19aba0f5779c7f95d09e139a5b83c1ecd47b4e780d?s=96&d=mm&r=g\",\"caption\":\"Exc\u00e9lsior\"},\"url\":\"https:\\\/\\\/www.bbmnoticias.com\\\/labravaradiofm\\\/author\\\/excelsior\\\/\"}]}<\/script>\n<!-- \/ Yoast SEO plugin. -->","yoast_head_json":{"title":"Queda en el limbo reforma para posponer elecci\u00f3n judicial - LA BRAVA RADIO","robots":{"index":"index","follow":"follow","max-snippet":"max-snippet:-1","max-image-preview":"max-image-preview:large","max-video-preview":"max-video-preview:-1"},"canonical":"https:\/\/www.bbmnoticias.com\/queda-en-el-limbo-reforma-para-posponer-eleccion-judicial\/","og_locale":"es_MX","og_type":"article","og_title":"Queda en el limbo reforma para posponer elecci\u00f3n judicial - LA BRAVA RADIO","og_description":"La reforma de legisladores morenistas para posponer la elecci\u00f3n judicial a 2028 quedar\u00e1 en el limbo, debido a que esta semana concluye el periodo ordinario de sesiones en el Congreso, sin que se haya incluido en la agenda de los pendientes.\u00a0 Pese al acompa\u00f1amiento y presi\u00f3n de organizaciones civiles, la organizaci\u00f3n de un foro de [&hellip;]","og_url":"https:\/\/www.bbmnoticias.com\/queda-en-el-limbo-reforma-para-posponer-eleccion-judicial\/","og_site_name":"LA BRAVA RADIO","article_published_time":"2026-04-28T00:55:41+00:00","article_modified_time":"2026-04-28T00:55:45+00:00","og_image":[{"width":813,"height":542,"url":"https:\/\/www.bbmnoticias.com\/labravaradiofm\/wp-content\/uploads\/sites\/5\/2026\/04\/69eff70987152.jpeg","type":"image\/jpeg"}],"author":"Exc\u00e9lsior","twitter_card":"summary_large_image","twitter_misc":{"Escrito por":"Exc\u00e9lsior","Tiempo de lectura":"4 minutos"},"schema":{"@context":"https:\/\/schema.org","@graph":[{"@type":"Article","@id":"https:\/\/www.bbmnoticias.com\/queda-en-el-limbo-reforma-para-posponer-eleccion-judicial\/#article","isPartOf":{"@id":"https:\/\/www.bbmnoticias.com\/labravaradiofm\/2026\/04\/27\/queda-en-el-limbo-reforma-para-posponer-eleccion-judicial\/"},"author":{"name":"Exc\u00e9lsior","@id":"https:\/\/www.bbmnoticias.com\/labravaradiofm\/#\/schema\/person\/56f4677efb93d47930db8f58aa971b20"},"headline":"Queda en el limbo reforma para posponer elecci\u00f3n judicial","datePublished":"2026-04-28T00:55:41+00:00","dateModified":"2026-04-28T00:55:45+00:00","mainEntityOfPage":{"@id":"https:\/\/www.bbmnoticias.com\/labravaradiofm\/2026\/04\/27\/queda-en-el-limbo-reforma-para-posponer-eleccion-judicial\/"},"wordCount":853,"image":{"@id":"https:\/\/www.bbmnoticias.com\/queda-en-el-limbo-reforma-para-posponer-eleccion-judicial\/#primaryimage"},"thumbnailUrl":"https:\/\/www.bbmnoticias.com\/labravaradiofm\/wp-content\/uploads\/sites\/5\/2026\/04\/69eff70987152.jpeg","articleSection":["LOCAL","NACIONAL"],"inLanguage":"es"},{"@type":"WebPage","@id":"https:\/\/www.bbmnoticias.com\/labravaradiofm\/2026\/04\/27\/queda-en-el-limbo-reforma-para-posponer-eleccion-judicial\/","url":"https:\/\/www.bbmnoticias.com\/queda-en-el-limbo-reforma-para-posponer-eleccion-judicial\/","name":"Queda en el limbo reforma para posponer elecci\u00f3n judicial - LA BRAVA RADIO","isPartOf":{"@id":"https:\/\/www.bbmnoticias.com\/labravaradiofm\/#website"},"primaryImageOfPage":{"@id":"https:\/\/www.bbmnoticias.com\/queda-en-el-limbo-reforma-para-posponer-eleccion-judicial\/#primaryimage"},"image":{"@id":"https:\/\/www.bbmnoticias.com\/queda-en-el-limbo-reforma-para-posponer-eleccion-judicial\/#primaryimage"},"thumbnailUrl":"https:\/\/www.bbmnoticias.com\/labravaradiofm\/wp-content\/uploads\/sites\/5\/2026\/04\/69eff70987152.jpeg","datePublished":"2026-04-28T00:55:41+00:00","dateModified":"2026-04-28T00:55:45+00:00","author":{"@id":"https:\/\/www.bbmnoticias.com\/labravaradiofm\/#\/schema\/person\/56f4677efb93d47930db8f58aa971b20"},"breadcrumb":{"@id":"https:\/\/www.bbmnoticias.com\/queda-en-el-limbo-reforma-para-posponer-eleccion-judicial\/#breadcrumb"},"inLanguage":"es","potentialAction":[{"@type":"ReadAction","target":["https:\/\/www.bbmnoticias.com\/queda-en-el-limbo-reforma-para-posponer-eleccion-judicial\/"]}]},{"@type":"ImageObject","inLanguage":"es","@id":"https:\/\/www.bbmnoticias.com\/queda-en-el-limbo-reforma-para-posponer-eleccion-judicial\/#primaryimage","url":"https:\/\/www.bbmnoticias.com\/labravaradiofm\/wp-content\/uploads\/sites\/5\/2026\/04\/69eff70987152.jpeg","contentUrl":"https:\/\/www.bbmnoticias.com\/labravaradiofm\/wp-content\/uploads\/sites\/5\/2026\/04\/69eff70987152.jpeg","width":813,"height":542},{"@type":"BreadcrumbList","@id":"https:\/\/www.bbmnoticias.com\/queda-en-el-limbo-reforma-para-posponer-eleccion-judicial\/#breadcrumb","itemListElement":[{"@type":"ListItem","position":1,"name":"Inicio","item":"https:\/\/www.bbmnoticias.com\/labravaradiofm\/"},{"@type":"ListItem","position":2,"name":"Queda en el limbo reforma para posponer elecci\u00f3n judicial"}]},{"@type":"WebSite","@id":"https:\/\/www.bbmnoticias.com\/labravaradiofm\/#website","url":"https:\/\/www.bbmnoticias.com\/labravaradiofm\/","name":"LA BRAVA RADIO","description":"Empresa productora de medios, Radiodifusi\u00f3n, Noticias, tendencias y todo lo que necesitas saber de la pol\u00edtica mexicana e internacional; entretenimiento, espect\u00e1culos, salud y mucho m\u00e1s.","potentialAction":[{"@type":"SearchAction","target":{"@type":"EntryPoint","urlTemplate":"https:\/\/www.bbmnoticias.com\/labravaradiofm\/?s={search_term_string}"},"query-input":{"@type":"PropertyValueSpecification","valueRequired":true,"valueName":"search_term_string"}}],"inLanguage":"es"},{"@type":"Person","@id":"https:\/\/www.bbmnoticias.com\/labravaradiofm\/#\/schema\/person\/56f4677efb93d47930db8f58aa971b20","name":"Exc\u00e9lsior","image":{"@type":"ImageObject","inLanguage":"es","@id":"https:\/\/secure.gravatar.com\/avatar\/497265c4dbe1cd0e2f3f1b19aba0f5779c7f95d09e139a5b83c1ecd47b4e780d?s=96&d=mm&r=g","url":"https:\/\/secure.gravatar.com\/avatar\/497265c4dbe1cd0e2f3f1b19aba0f5779c7f95d09e139a5b83c1ecd47b4e780d?s=96&d=mm&r=g","contentUrl":"https:\/\/secure.gravatar.com\/avatar\/497265c4dbe1cd0e2f3f1b19aba0f5779c7f95d09e139a5b83c1ecd47b4e780d?s=96&d=mm&r=g","caption":"Exc\u00e9lsior"},"url":"https:\/\/www.bbmnoticias.com\/labravaradiofm\/author\/excelsior\/"}]}},"_links":{"self":[{"href":"https:\/\/www.bbmnoticias.com\/labravaradiofm\/wp-json\/wp\/v2\/posts\/76633","targetHints":{"allow":["GET"]}}],"collection":[{"href":"https:\/\/www.bbmnoticias.com\/labravaradiofm\/wp-json\/wp\/v2\/posts"}],"about":[{"href":"https:\/\/www.bbmnoticias.com\/labravaradiofm\/wp-json\/wp\/v2\/types\/post"}],"author":[{"embeddable":true,"href":"https:\/\/www.bbmnoticias.com\/labravaradiofm\/wp-json\/wp\/v2\/users\/8"}],"replies":[{"embeddable":true,"href":"https:\/\/www.bbmnoticias.com\/labravaradiofm\/wp-json\/wp\/v2\/comments?post=76633"}],"version-history":[{"count":1,"href":"https:\/\/www.bbmnoticias.com\/labravaradiofm\/wp-json\/wp\/v2\/posts\/76633\/revisions"}],"predecessor-version":[{"id":76634,"href":"https:\/\/www.bbmnoticias.com\/labravaradiofm\/wp-json\/wp\/v2\/posts\/76633\/revisions\/76634"}],"wp:featuredmedia":[{"embeddable":true,"href":"https:\/\/www.bbmnoticias.com\/labravaradiofm\/wp-json\/wp\/v2\/media\/76635"}],"wp:attachment":[{"href":"https:\/\/www.bbmnoticias.com\/labravaradiofm\/wp-json\/wp\/v2\/media?parent=76633"}],"wp:term":[{"taxonomy":"category","embeddable":true,"href":"https:\/\/www.bbmnoticias.com\/labravaradiofm\/wp-json\/wp\/v2\/categories?post=76633"},{"taxonomy":"post_tag","embeddable":true,"href":"https:\/\/www.bbmnoticias.com\/labravaradiofm\/wp-json\/wp\/v2\/tags?post=76633"}],"curies":[{"name":"wp","href":"https:\/\/api.w.org\/{rel}","templated":true}]}}