{"id":76630,"date":"2026-04-27T18:53:06","date_gmt":"2026-04-28T00:53:06","guid":{"rendered":"https:\/\/www.bbmnoticias.com\/labravaradiofm\/2026\/04\/27\/cae-el-guero-conta-operador-financiero-de-el-jardinero-e-integrante-del-cjng\/"},"modified":"2026-04-27T18:53:12","modified_gmt":"2026-04-28T00:53:12","slug":"cae-el-guero-conta-operador-financiero-de-el-jardinero-e-integrante-del-cjng","status":"publish","type":"post","link":"https:\/\/www.bbmnoticias.com\/labravaradiofm\/2026\/04\/27\/cae-el-guero-conta-operador-financiero-de-el-jardinero-e-integrante-del-cjng\/","title":{"rendered":"Cae &#8220;El Guero Conta&#8221;, operador financiero de El Jardinero e integrante del CJNG"},"content":{"rendered":"<div style=\"margin-top: 0px; margin-bottom: 0px;\" class=\"sharethis-inline-share-buttons\" ><\/div>\n<p><strong>Omar Garc\u00eda Harfuch<\/strong>, titular de la <strong>Secretar\u00eda de Seguridad<\/strong> confirm\u00f3 la detenci\u00f3n de <strong>C\u00e9sar Alejandro N,<\/strong> conocido como \u201cEl G\u00fcero Conta\u201d, identificado como el operador financiero de Audias Flores Silva, alias \u201cEl Jardinero\u201d, jefe regional del <strong>C\u00e1rtel de Jalisco Nueva Generaci\u00f3n<\/strong> (CJNG).<\/p>\n\n\n\n<p>De acuerdo con la informaci\u00f3n oficial, esta detenci\u00f3n requiri\u00f3 la participaci\u00f3n de las Fuerzas Especiales del Ej\u00e9rcito Mexicano y de la Guardia Nacional en<strong> Zapopan, Jalisco.<\/strong><\/p>\n\n\n\n<blockquote class=\"wp-block-quote is-layout-flow wp-block-quote-is-layout-flow\">\n<p>El d\u00eda de hoy en Zapopan, Jalisco, Fuerzas Especiales del Ej\u00e9rcito Mexicano y de la Guardia Nacional <a href=\"https:\/\/twitter.com\/Defensamx1?ref_src=twsrc%5Etfw\">@Defensamx1<\/a> detuvieron a C\u00e9sar Alejandro N, alias \u201cEl G\u00fcero Conta\u201d, identificado como operador financiero de Audias Flores Silva, alias \u201cEl Jardinero\u201d, jefe regional del CJNG.\u2026 <a href=\"https:\/\/t.co\/ZHUC4ob22s\">pic.twitter.com\/ZHUC4ob22s<\/a>\u2014 Omar H Garcia Harfuch (@OHarfuch) <a href=\"https:\/\/twitter.com\/OHarfuch\/status\/2048918675399336240?ref_src=twsrc%5Etfw\">April 28, 2026<\/a><\/p>\n<\/blockquote>\n","protected":false},"excerpt":{"rendered":"<p>Omar Garc\u00eda Harfuch, titular de la Secretar\u00eda de Seguridad confirm\u00f3 la detenci\u00f3n de C\u00e9sar Alejandro N, conocido como \u201cEl G\u00fcero Conta\u201d, identificado como el operador financiero de Audias Flores Silva, alias \u201cEl Jardinero\u201d, jefe regional del C\u00e1rtel de Jalisco Nueva Generaci\u00f3n (CJNG). De acuerdo con la informaci\u00f3n oficial, esta detenci\u00f3n requiri\u00f3 la participaci\u00f3n de las [&hellip;]<\/p>\n","protected":false},"author":15,"featured_media":76632,"comment_status":"closed","ping_status":"open","sticky":false,"template":"","format":"standard","meta":{"footnotes":""},"categories":[2,19],"tags":[],"class_list":{"0":"post-76630","1":"post","2":"type-post","3":"status-publish","4":"format-standard","5":"has-post-thumbnail","7":"category-oaxaca","8":"category-nacional"},"yoast_head":"<!-- This site is optimized with the Yoast SEO plugin v27.4 - https:\/\/yoast.com\/product\/yoast-seo-wordpress\/ -->\n<title>Cae &quot;El Guero Conta&quot;, operador financiero de El Jardinero e integrante del CJNG - LA BRAVA RADIO<\/title>\n<meta name=\"robots\" content=\"index, follow, max-snippet:-1, max-image-preview:large, max-video-preview:-1\" \/>\n<link rel=\"canonical\" href=\"https:\/\/www.bbmnoticias.com\/cae-el-guero-conta-operador-financiero-de-el-jardinero-e-integrante-del-cjng\/\" \/>\n<meta property=\"og:locale\" content=\"es_MX\" \/>\n<meta property=\"og:type\" content=\"article\" \/>\n<meta property=\"og:title\" content=\"Cae &quot;El Guero Conta&quot;, operador financiero de El Jardinero e integrante del CJNG - LA BRAVA RADIO\" \/>\n<meta property=\"og:description\" content=\"Omar Garc\u00eda Harfuch, titular de la Secretar\u00eda de Seguridad confirm\u00f3 la detenci\u00f3n de C\u00e9sar Alejandro N, conocido como \u201cEl G\u00fcero Conta\u201d, identificado como el operador financiero de Audias Flores Silva, alias \u201cEl Jardinero\u201d, jefe regional del C\u00e1rtel de Jalisco Nueva Generaci\u00f3n (CJNG). De acuerdo con la informaci\u00f3n oficial, esta detenci\u00f3n requiri\u00f3 la participaci\u00f3n de las [&hellip;]\" \/>\n<meta property=\"og:url\" content=\"https:\/\/www.bbmnoticias.com\/cae-el-guero-conta-operador-financiero-de-el-jardinero-e-integrante-del-cjng\/\" \/>\n<meta property=\"og:site_name\" content=\"LA BRAVA RADIO\" \/>\n<meta property=\"article:published_time\" content=\"2026-04-28T00:53:06+00:00\" \/>\n<meta property=\"article:modified_time\" content=\"2026-04-28T00:53:12+00:00\" \/>\n<meta property=\"og:image\" content=\"https:\/\/www.bbmnoticias.com\/labravaradiofm\/wp-content\/uploads\/sites\/5\/2026\/04\/f848x477-1277232_1335035_5050.jpg\" \/>\n\t<meta property=\"og:image:width\" content=\"848\" \/>\n\t<meta property=\"og:image:height\" content=\"477\" \/>\n\t<meta property=\"og:image:type\" content=\"image\/jpeg\" \/>\n<meta name=\"author\" content=\"El Heraldo\" \/>\n<meta name=\"twitter:card\" content=\"summary_large_image\" \/>\n<meta name=\"twitter:label1\" content=\"Escrito por\" \/>\n\t<meta name=\"twitter:data1\" content=\"El Heraldo\" \/>\n\t<meta name=\"twitter:label2\" content=\"Tiempo de lectura\" \/>\n\t<meta name=\"twitter:data2\" content=\"1 minuto\" \/>\n<script type=\"application\/ld+json\" class=\"yoast-schema-graph\">{\"@context\":\"https:\\\/\\\/schema.org\",\"@graph\":[{\"@type\":\"Article\",\"@id\":\"https:\\\/\\\/www.bbmnoticias.com\\\/cae-el-guero-conta-operador-financiero-de-el-jardinero-e-integrante-del-cjng\\\/#article\",\"isPartOf\":{\"@id\":\"https:\\\/\\\/www.bbmnoticias.com\\\/labravaradiofm\\\/2026\\\/04\\\/27\\\/cae-el-guero-conta-operador-financiero-de-el-jardinero-e-integrante-del-cjng\\\/\"},\"author\":{\"name\":\"El Heraldo\",\"@id\":\"https:\\\/\\\/www.bbmnoticias.com\\\/labravaradiofm\\\/#\\\/schema\\\/person\\\/78ff63fb371c799850071f4b5feb0b7a\"},\"headline\":\"Cae &#8220;El Guero Conta&#8221;, operador financiero de El Jardinero e integrante del CJNG\",\"datePublished\":\"2026-04-28T00:53:06+00:00\",\"dateModified\":\"2026-04-28T00:53:12+00:00\",\"mainEntityOfPage\":{\"@id\":\"https:\\\/\\\/www.bbmnoticias.com\\\/labravaradiofm\\\/2026\\\/04\\\/27\\\/cae-el-guero-conta-operador-financiero-de-el-jardinero-e-integrante-del-cjng\\\/\"},\"wordCount\":150,\"image\":{\"@id\":\"https:\\\/\\\/www.bbmnoticias.com\\\/cae-el-guero-conta-operador-financiero-de-el-jardinero-e-integrante-del-cjng\\\/#primaryimage\"},\"thumbnailUrl\":\"https:\\\/\\\/www.bbmnoticias.com\\\/labravaradiofm\\\/wp-content\\\/uploads\\\/sites\\\/5\\\/2026\\\/04\\\/f848x477-1277232_1335035_5050.jpg\",\"articleSection\":[\"LOCAL\",\"NACIONAL\"],\"inLanguage\":\"es\"},{\"@type\":\"WebPage\",\"@id\":\"https:\\\/\\\/www.bbmnoticias.com\\\/labravaradiofm\\\/2026\\\/04\\\/27\\\/cae-el-guero-conta-operador-financiero-de-el-jardinero-e-integrante-del-cjng\\\/\",\"url\":\"https:\\\/\\\/www.bbmnoticias.com\\\/cae-el-guero-conta-operador-financiero-de-el-jardinero-e-integrante-del-cjng\\\/\",\"name\":\"Cae \\\"El Guero Conta\\\", operador financiero de El Jardinero e integrante del CJNG - LA BRAVA RADIO\",\"isPartOf\":{\"@id\":\"https:\\\/\\\/www.bbmnoticias.com\\\/labravaradiofm\\\/#website\"},\"primaryImageOfPage\":{\"@id\":\"https:\\\/\\\/www.bbmnoticias.com\\\/cae-el-guero-conta-operador-financiero-de-el-jardinero-e-integrante-del-cjng\\\/#primaryimage\"},\"image\":{\"@id\":\"https:\\\/\\\/www.bbmnoticias.com\\\/cae-el-guero-conta-operador-financiero-de-el-jardinero-e-integrante-del-cjng\\\/#primaryimage\"},\"thumbnailUrl\":\"https:\\\/\\\/www.bbmnoticias.com\\\/labravaradiofm\\\/wp-content\\\/uploads\\\/sites\\\/5\\\/2026\\\/04\\\/f848x477-1277232_1335035_5050.jpg\",\"datePublished\":\"2026-04-28T00:53:06+00:00\",\"dateModified\":\"2026-04-28T00:53:12+00:00\",\"author\":{\"@id\":\"https:\\\/\\\/www.bbmnoticias.com\\\/labravaradiofm\\\/#\\\/schema\\\/person\\\/78ff63fb371c799850071f4b5feb0b7a\"},\"breadcrumb\":{\"@id\":\"https:\\\/\\\/www.bbmnoticias.com\\\/cae-el-guero-conta-operador-financiero-de-el-jardinero-e-integrante-del-cjng\\\/#breadcrumb\"},\"inLanguage\":\"es\",\"potentialAction\":[{\"@type\":\"ReadAction\",\"target\":[\"https:\\\/\\\/www.bbmnoticias.com\\\/cae-el-guero-conta-operador-financiero-de-el-jardinero-e-integrante-del-cjng\\\/\"]}]},{\"@type\":\"ImageObject\",\"inLanguage\":\"es\",\"@id\":\"https:\\\/\\\/www.bbmnoticias.com\\\/cae-el-guero-conta-operador-financiero-de-el-jardinero-e-integrante-del-cjng\\\/#primaryimage\",\"url\":\"https:\\\/\\\/www.bbmnoticias.com\\\/labravaradiofm\\\/wp-content\\\/uploads\\\/sites\\\/5\\\/2026\\\/04\\\/f848x477-1277232_1335035_5050.jpg\",\"contentUrl\":\"https:\\\/\\\/www.bbmnoticias.com\\\/labravaradiofm\\\/wp-content\\\/uploads\\\/sites\\\/5\\\/2026\\\/04\\\/f848x477-1277232_1335035_5050.jpg\",\"width\":848,\"height\":477},{\"@type\":\"BreadcrumbList\",\"@id\":\"https:\\\/\\\/www.bbmnoticias.com\\\/cae-el-guero-conta-operador-financiero-de-el-jardinero-e-integrante-del-cjng\\\/#breadcrumb\",\"itemListElement\":[{\"@type\":\"ListItem\",\"position\":1,\"name\":\"Inicio\",\"item\":\"https:\\\/\\\/www.bbmnoticias.com\\\/labravaradiofm\\\/\"},{\"@type\":\"ListItem\",\"position\":2,\"name\":\"Cae &#8220;El Guero Conta&#8221;, operador financiero de El Jardinero e integrante del CJNG\"}]},{\"@type\":\"WebSite\",\"@id\":\"https:\\\/\\\/www.bbmnoticias.com\\\/labravaradiofm\\\/#website\",\"url\":\"https:\\\/\\\/www.bbmnoticias.com\\\/labravaradiofm\\\/\",\"name\":\"LA BRAVA RADIO\",\"description\":\"Empresa productora de medios, Radiodifusi\u00f3n, Noticias, tendencias y todo lo que necesitas saber de la pol\u00edtica mexicana e internacional; entretenimiento, espect\u00e1culos, salud y mucho m\u00e1s.\",\"potentialAction\":[{\"@type\":\"SearchAction\",\"target\":{\"@type\":\"EntryPoint\",\"urlTemplate\":\"https:\\\/\\\/www.bbmnoticias.com\\\/labravaradiofm\\\/?s={search_term_string}\"},\"query-input\":{\"@type\":\"PropertyValueSpecification\",\"valueRequired\":true,\"valueName\":\"search_term_string\"}}],\"inLanguage\":\"es\"},{\"@type\":\"Person\",\"@id\":\"https:\\\/\\\/www.bbmnoticias.com\\\/labravaradiofm\\\/#\\\/schema\\\/person\\\/78ff63fb371c799850071f4b5feb0b7a\",\"name\":\"El Heraldo\",\"image\":{\"@type\":\"ImageObject\",\"inLanguage\":\"es\",\"@id\":\"https:\\\/\\\/secure.gravatar.com\\\/avatar\\\/463017be041288b5a196814ef7242bd62699b857f306e4b5b61b533e8a87f404?s=96&d=mm&r=g\",\"url\":\"https:\\\/\\\/secure.gravatar.com\\\/avatar\\\/463017be041288b5a196814ef7242bd62699b857f306e4b5b61b533e8a87f404?s=96&d=mm&r=g\",\"contentUrl\":\"https:\\\/\\\/secure.gravatar.com\\\/avatar\\\/463017be041288b5a196814ef7242bd62699b857f306e4b5b61b533e8a87f404?s=96&d=mm&r=g\",\"caption\":\"El Heraldo\"},\"url\":\"https:\\\/\\\/www.bbmnoticias.com\\\/labravaradiofm\\\/author\\\/heraldo\\\/\"}]}<\/script>\n<!-- \/ Yoast SEO plugin. -->","yoast_head_json":{"title":"Cae \"El Guero Conta\", operador financiero de El Jardinero e integrante del CJNG - LA BRAVA RADIO","robots":{"index":"index","follow":"follow","max-snippet":"max-snippet:-1","max-image-preview":"max-image-preview:large","max-video-preview":"max-video-preview:-1"},"canonical":"https:\/\/www.bbmnoticias.com\/cae-el-guero-conta-operador-financiero-de-el-jardinero-e-integrante-del-cjng\/","og_locale":"es_MX","og_type":"article","og_title":"Cae \"El Guero Conta\", operador financiero de El Jardinero e integrante del CJNG - LA BRAVA RADIO","og_description":"Omar Garc\u00eda Harfuch, titular de la Secretar\u00eda de Seguridad confirm\u00f3 la detenci\u00f3n de C\u00e9sar Alejandro N, conocido como \u201cEl G\u00fcero Conta\u201d, identificado como el operador financiero de Audias Flores Silva, alias \u201cEl Jardinero\u201d, jefe regional del C\u00e1rtel de Jalisco Nueva Generaci\u00f3n (CJNG). De acuerdo con la informaci\u00f3n oficial, esta detenci\u00f3n requiri\u00f3 la participaci\u00f3n de las [&hellip;]","og_url":"https:\/\/www.bbmnoticias.com\/cae-el-guero-conta-operador-financiero-de-el-jardinero-e-integrante-del-cjng\/","og_site_name":"LA BRAVA RADIO","article_published_time":"2026-04-28T00:53:06+00:00","article_modified_time":"2026-04-28T00:53:12+00:00","og_image":[{"width":848,"height":477,"url":"https:\/\/www.bbmnoticias.com\/labravaradiofm\/wp-content\/uploads\/sites\/5\/2026\/04\/f848x477-1277232_1335035_5050.jpg","type":"image\/jpeg"}],"author":"El Heraldo","twitter_card":"summary_large_image","twitter_misc":{"Escrito por":"El Heraldo","Tiempo de lectura":"1 minuto"},"schema":{"@context":"https:\/\/schema.org","@graph":[{"@type":"Article","@id":"https:\/\/www.bbmnoticias.com\/cae-el-guero-conta-operador-financiero-de-el-jardinero-e-integrante-del-cjng\/#article","isPartOf":{"@id":"https:\/\/www.bbmnoticias.com\/labravaradiofm\/2026\/04\/27\/cae-el-guero-conta-operador-financiero-de-el-jardinero-e-integrante-del-cjng\/"},"author":{"name":"El Heraldo","@id":"https:\/\/www.bbmnoticias.com\/labravaradiofm\/#\/schema\/person\/78ff63fb371c799850071f4b5feb0b7a"},"headline":"Cae &#8220;El Guero Conta&#8221;, operador financiero de El Jardinero e integrante del CJNG","datePublished":"2026-04-28T00:53:06+00:00","dateModified":"2026-04-28T00:53:12+00:00","mainEntityOfPage":{"@id":"https:\/\/www.bbmnoticias.com\/labravaradiofm\/2026\/04\/27\/cae-el-guero-conta-operador-financiero-de-el-jardinero-e-integrante-del-cjng\/"},"wordCount":150,"image":{"@id":"https:\/\/www.bbmnoticias.com\/cae-el-guero-conta-operador-financiero-de-el-jardinero-e-integrante-del-cjng\/#primaryimage"},"thumbnailUrl":"https:\/\/www.bbmnoticias.com\/labravaradiofm\/wp-content\/uploads\/sites\/5\/2026\/04\/f848x477-1277232_1335035_5050.jpg","articleSection":["LOCAL","NACIONAL"],"inLanguage":"es"},{"@type":"WebPage","@id":"https:\/\/www.bbmnoticias.com\/labravaradiofm\/2026\/04\/27\/cae-el-guero-conta-operador-financiero-de-el-jardinero-e-integrante-del-cjng\/","url":"https:\/\/www.bbmnoticias.com\/cae-el-guero-conta-operador-financiero-de-el-jardinero-e-integrante-del-cjng\/","name":"Cae \"El Guero Conta\", operador financiero de El Jardinero e integrante del CJNG - LA BRAVA RADIO","isPartOf":{"@id":"https:\/\/www.bbmnoticias.com\/labravaradiofm\/#website"},"primaryImageOfPage":{"@id":"https:\/\/www.bbmnoticias.com\/cae-el-guero-conta-operador-financiero-de-el-jardinero-e-integrante-del-cjng\/#primaryimage"},"image":{"@id":"https:\/\/www.bbmnoticias.com\/cae-el-guero-conta-operador-financiero-de-el-jardinero-e-integrante-del-cjng\/#primaryimage"},"thumbnailUrl":"https:\/\/www.bbmnoticias.com\/labravaradiofm\/wp-content\/uploads\/sites\/5\/2026\/04\/f848x477-1277232_1335035_5050.jpg","datePublished":"2026-04-28T00:53:06+00:00","dateModified":"2026-04-28T00:53:12+00:00","author":{"@id":"https:\/\/www.bbmnoticias.com\/labravaradiofm\/#\/schema\/person\/78ff63fb371c799850071f4b5feb0b7a"},"breadcrumb":{"@id":"https:\/\/www.bbmnoticias.com\/cae-el-guero-conta-operador-financiero-de-el-jardinero-e-integrante-del-cjng\/#breadcrumb"},"inLanguage":"es","potentialAction":[{"@type":"ReadAction","target":["https:\/\/www.bbmnoticias.com\/cae-el-guero-conta-operador-financiero-de-el-jardinero-e-integrante-del-cjng\/"]}]},{"@type":"ImageObject","inLanguage":"es","@id":"https:\/\/www.bbmnoticias.com\/cae-el-guero-conta-operador-financiero-de-el-jardinero-e-integrante-del-cjng\/#primaryimage","url":"https:\/\/www.bbmnoticias.com\/labravaradiofm\/wp-content\/uploads\/sites\/5\/2026\/04\/f848x477-1277232_1335035_5050.jpg","contentUrl":"https:\/\/www.bbmnoticias.com\/labravaradiofm\/wp-content\/uploads\/sites\/5\/2026\/04\/f848x477-1277232_1335035_5050.jpg","width":848,"height":477},{"@type":"BreadcrumbList","@id":"https:\/\/www.bbmnoticias.com\/cae-el-guero-conta-operador-financiero-de-el-jardinero-e-integrante-del-cjng\/#breadcrumb","itemListElement":[{"@type":"ListItem","position":1,"name":"Inicio","item":"https:\/\/www.bbmnoticias.com\/labravaradiofm\/"},{"@type":"ListItem","position":2,"name":"Cae &#8220;El Guero Conta&#8221;, operador financiero de El Jardinero e integrante del CJNG"}]},{"@type":"WebSite","@id":"https:\/\/www.bbmnoticias.com\/labravaradiofm\/#website","url":"https:\/\/www.bbmnoticias.com\/labravaradiofm\/","name":"LA BRAVA RADIO","description":"Empresa productora de medios, Radiodifusi\u00f3n, Noticias, tendencias y todo lo que necesitas saber de la pol\u00edtica mexicana e internacional; entretenimiento, espect\u00e1culos, salud y mucho m\u00e1s.","potentialAction":[{"@type":"SearchAction","target":{"@type":"EntryPoint","urlTemplate":"https:\/\/www.bbmnoticias.com\/labravaradiofm\/?s={search_term_string}"},"query-input":{"@type":"PropertyValueSpecification","valueRequired":true,"valueName":"search_term_string"}}],"inLanguage":"es"},{"@type":"Person","@id":"https:\/\/www.bbmnoticias.com\/labravaradiofm\/#\/schema\/person\/78ff63fb371c799850071f4b5feb0b7a","name":"El Heraldo","image":{"@type":"ImageObject","inLanguage":"es","@id":"https:\/\/secure.gravatar.com\/avatar\/463017be041288b5a196814ef7242bd62699b857f306e4b5b61b533e8a87f404?s=96&d=mm&r=g","url":"https:\/\/secure.gravatar.com\/avatar\/463017be041288b5a196814ef7242bd62699b857f306e4b5b61b533e8a87f404?s=96&d=mm&r=g","contentUrl":"https:\/\/secure.gravatar.com\/avatar\/463017be041288b5a196814ef7242bd62699b857f306e4b5b61b533e8a87f404?s=96&d=mm&r=g","caption":"El Heraldo"},"url":"https:\/\/www.bbmnoticias.com\/labravaradiofm\/author\/heraldo\/"}]}},"_links":{"self":[{"href":"https:\/\/www.bbmnoticias.com\/labravaradiofm\/wp-json\/wp\/v2\/posts\/76630","targetHints":{"allow":["GET"]}}],"collection":[{"href":"https:\/\/www.bbmnoticias.com\/labravaradiofm\/wp-json\/wp\/v2\/posts"}],"about":[{"href":"https:\/\/www.bbmnoticias.com\/labravaradiofm\/wp-json\/wp\/v2\/types\/post"}],"author":[{"embeddable":true,"href":"https:\/\/www.bbmnoticias.com\/labravaradiofm\/wp-json\/wp\/v2\/users\/15"}],"replies":[{"embeddable":true,"href":"https:\/\/www.bbmnoticias.com\/labravaradiofm\/wp-json\/wp\/v2\/comments?post=76630"}],"version-history":[{"count":1,"href":"https:\/\/www.bbmnoticias.com\/labravaradiofm\/wp-json\/wp\/v2\/posts\/76630\/revisions"}],"predecessor-version":[{"id":76631,"href":"https:\/\/www.bbmnoticias.com\/labravaradiofm\/wp-json\/wp\/v2\/posts\/76630\/revisions\/76631"}],"wp:featuredmedia":[{"embeddable":true,"href":"https:\/\/www.bbmnoticias.com\/labravaradiofm\/wp-json\/wp\/v2\/media\/76632"}],"wp:attachment":[{"href":"https:\/\/www.bbmnoticias.com\/labravaradiofm\/wp-json\/wp\/v2\/media?parent=76630"}],"wp:term":[{"taxonomy":"category","embeddable":true,"href":"https:\/\/www.bbmnoticias.com\/labravaradiofm\/wp-json\/wp\/v2\/categories?post=76630"},{"taxonomy":"post_tag","embeddable":true,"href":"https:\/\/www.bbmnoticias.com\/labravaradiofm\/wp-json\/wp\/v2\/tags?post=76630"}],"curies":[{"name":"wp","href":"https:\/\/api.w.org\/{rel}","templated":true}]}}