{"id":76626,"date":"2026-04-27T17:47:48","date_gmt":"2026-04-27T23:47:48","guid":{"rendered":"https:\/\/www.bbmnoticias.com\/labravaradiofm\/2026\/04\/27\/el-poder-se-ejerce-morena-vela-armas-firme-alianza-morena-verde-salomon-jara-mueve-su-tablero-no-palomear-platicar-y-encuestas-certeza-en-su-patrimonio-800-fami\/"},"modified":"2026-04-27T17:47:48","modified_gmt":"2026-04-27T23:47:48","slug":"el-poder-se-ejerce-morena-vela-armas-firme-alianza-morena-verde-salomon-jara-mueve-su-tablero-no-palomear-platicar-y-encuestas-certeza-en-su-patrimonio-800-fami","status":"publish","type":"post","link":"https:\/\/www.bbmnoticias.com\/labravaradiofm\/2026\/04\/27\/el-poder-se-ejerce-morena-vela-armas-firme-alianza-morena-verde-salomon-jara-mueve-su-tablero-no-palomear-platicar-y-encuestas-certeza-en-su-patrimonio-800-fami\/","title":{"rendered":"El poder se ejerce\u00a0*Morena vela armas *Firme alianza Morena-Verde\u00a0*Salom\u00f3n Jara, mueve su tablero *\u201cNo palomear, platicar y encuestas\u201d\u00a0*Certeza en su patrimonio 800 familias\u00a0\u00a0*Encuestas en ruta &#8211; Pedro Botero"},"content":{"rendered":"<div style=\"margin-top: 0px; margin-bottom: 0px;\" class=\"sharethis-inline-share-buttons\" ><\/div>\n<p><strong>La presidenta Claudia Sheinbaum<\/strong>, poco a poco va <strong>asumiendo<\/strong> el control con <strong>precisi\u00f3n quir\u00fargica<\/strong>. El respeto es uno, el poder no se comparte.&nbsp;&nbsp;<\/p>\n\n\n\n<p>\u201cE<strong>l poder no se adquiere, ni se comparte, se ejerce<\/strong>&#8220;, la frase con la que el filosofo Focault recalc\u00f3 su visi\u00f3n del poder como un <strong>entrenamiento<\/strong> constante.&nbsp;&nbsp;<\/p>\n\n\n\n<p><strong>Por su parte para Hobbes<\/strong>,\u202fla autoridad pol\u00edtica es artificial: en la condici\u00f3n \u00ab<strong>natural<\/strong>\u00bb, los seres humanos <strong>carecen<\/strong> de gobierno, que es una autoridad <strong>creada<\/strong> por los hombres&nbsp;<\/p>\n\n\n\n<p><strong>La Doctora en Ciencias Qu\u00edmica y presidenta del pa\u00eds, mujer inteligente<\/strong>, sin duda, sabe muy bien que el poder, en pol\u00edtica, <strong>no siempre se arrebata, se asume con precisi\u00f3n quir\u00fargica.&nbsp;<\/strong>&nbsp;<\/p>\n\n\n\n<p><strong>Sin enfrentarse a su antecesor<\/strong> ni&nbsp; descalificarlo (en p\u00fablico), simplemente <strong>dejando que el r\u00edo lleve su cause por su conducto natural<\/strong> por el que fluyen sus aguas para que finalmente lleguen a los oc\u00e9anos. <strong>Dejar que la historia, sabia como es, marque el destino.&nbsp;<\/strong>&nbsp;<\/p>\n\n\n\n<p>En esos movimientos del tablero, lleg\u00f3 el momento de <strong>mover las fichas de Morena<\/strong>. Ni antes ni despu\u00e9s. El <strong>desgaste<\/strong> natural y la ca\u00edda de las aguas r\u00edo abajo <strong>marcar\u00edan<\/strong> los tiempos.&nbsp;&nbsp;<\/p>\n\n\n\n<p><strong>La presidenta de Morena, Luisa Mar\u00eda Alcalde<\/strong>, confirm\u00f3 que el domingo el partido guinda llevar\u00e1 a cabo su <strong>octavo<\/strong> <strong>congreso<\/strong> nacional para renovar a su dirigencia federal. Luisa Mar\u00eda, confirm\u00f3 lo que dec\u00eda el psiquiatra suizo <strong>Carl Jung:<\/strong> \u201cluchar contra las emociones, situaciones o aspectos de uno mismo solo los fortalece\u201d. <strong>Su error, seguirle el juego al \u201ccero votos\u201d. Su lugar ser\u00e1 ocupado, si no hay algo de ultimo minuto, por Ariadna Montiel.&nbsp;<\/strong>&nbsp;<\/p>\n\n\n\n<p><strong>No solo Luisa Mar\u00eda habr\u00e1 de salir de la dirigencia de Morena. Se habla de Andy, la secretaria de finanzas, la de prensa, entre otras.&nbsp;<\/strong>&nbsp;<\/p>\n\n\n\n<p><strong>Domingo 3 de mayo\u2026 a las 11 de la ma\u00f1ana en el World Trade Center<\/strong> de la colonia N\u00e1poles, comenzar\u00e1 a sesionar el congreso extraordinario de Morena.&nbsp;&nbsp;<\/p>\n\n\n\n<p><strong>La presidenta, con el control de Morena en sus manos<\/strong>, el paso siguiente la operaci\u00f3n para retener la mayor\u00eda en el congreso con los partidos aliados y el <strong>mayor numero de gubernaturas.&nbsp;<\/strong>&nbsp;<\/p>\n\n\n\n<p><strong>En Oaxaca, el gobernador Salom\u00f3n Jara, hace lo propio<\/strong>. En la ma\u00f1anera de los lunes, adelant\u00f3 que Morena continuar\u00e1 su alianza con el Partido Verde Ecologista de M\u00e9xico (PVEM) de cara a los comicios de 2027.&nbsp;&nbsp;<\/p>\n\n\n\n<p>El mandatario inform\u00f3 que sostuvo una llamada telef\u00f3nica con el diputado federal <strong>Ra\u00fal Bola\u00f1os Cacho Cu\u00e9, <\/strong>el reci\u00e9n desempacado delegado nacional electoral del PVEM en Oaxaca para el proceso 2026-2027. <strong><em>\u201cYo creo que vamos a continuar con la alianza con el Verde Ecologista, eso s\u00ed lo s\u00e9\u201d, declar\u00f3 el mandatario estatal\u201d.<\/em><\/strong>&nbsp;&nbsp;<\/p>\n\n\n\n<p>Por supuesto, antes tendr\u00e1n que platicar y mucho para llegar a los acuerdos pertinentes para que camine a paso firme la alianza Morena-Verde<strong>.&nbsp; \u201cPlaticar no palomear\u201d.&nbsp;<\/strong>&nbsp;<\/p>\n\n\n\n<p>Con el nombramiento <strong>Ra\u00fal Bola\u00f1os Cacho<\/strong> Cu\u00e9, el VERDE, deja fuera del futurismo pol\u00edtico <strong>al PERDEDOR TRIPLE AAA y se fortalece<\/strong> la alianza entre <strong>Bola\u00f1os Cacho y el dirigente de ese partido Pepe Estefan Guillessen.&nbsp;<\/strong>&nbsp;<\/p>\n\n\n\n<p><strong>Salom\u00f3n Jara, como buen estratega pol\u00edtico que es, tendr\u00e1 en los Senadores Antonino Morales Toledo, Laura Estrada y Luis Alfonso Silva, <\/strong>sus herramientas activas para delegar la operaci\u00f3n pol\u00edtica en sus respectivas zonas de influencia. <strong>Sus tres senadores de confianza absoluta.&nbsp;<\/strong>&nbsp;<\/p>\n\n\n\n<p><strong>Breves del Cham\u00e1n\u2026&nbsp;<\/strong>&nbsp;<\/p>\n\n\n\n<p><strong>*EL MENSAJE : <\/strong><em>Ser\u00e1 en su momento si ellos quieren ser candidatos o candidatas llegado el momento tendr\u00e1n que renunciar a sus cargos y dedicarse a la actividad que ellos as\u00ed lo decidan\u201d.&nbsp;<\/em>&nbsp;<\/p>\n\n\n\n<p><strong><em>*EL DATO:<\/em><\/strong><em> Si la candidatura para el 2028 de dos a\u00f1os, en el caso de Morena, si es para una <\/em><strong><em>f\u00e9mina<\/em><\/strong><em>, quien sea la ganadora de la gubernatura, solo tendr\u00e1 la <\/em><strong><em>dicha de gobernar si acaso 14 meses o menos.&nbsp; <\/em><\/strong><em>El resto de los dos a\u00f1os (10&nbsp; meses) \u2026 ser\u00e1 para el <\/em><strong><em>proceso electoral del 2023. Campa\u00f1as, etc. Uff \u2026 que poco durar\u00e1 el gusto.&nbsp;&nbsp;<\/em><\/strong>&nbsp;<\/p>\n\n\n\n<p><strong>*EL CHISME\u2026 <\/strong>Mi Cham\u00e1n de cabecera, me asegura que el IEEPO podr\u00eda tener un solo director en todo el sexenio. <strong>Don Emilio, se encari\u00f1o en demas\u00eda con el cargo y con el presupuesto.&nbsp;<\/strong>&nbsp;<\/p>\n\n\n\n<p><strong>*La lumbre a los aparejos\u2026 <\/strong>Con la detenci\u00f3n en Argentina del contraalmirante mexicano <strong>Fernando Far\u00edas<\/strong>, la lumbre puede llegar a los aparejos hasta <strong>Oaxaca<\/strong>. Les urge el fuero y para ello necesita llegar al <strong>Senado de la Rep\u00fablica y no precisamente como suplente.<\/strong>&nbsp;&nbsp;<\/p>\n\n\n\n<p><strong><em>M\u00e1s de 800 familias en Oaxaca hoy tienen certeza sobre su patrimonio<\/em><\/strong>&nbsp;<\/p>\n\n\n\n<p>Despu\u00e9s de a\u00f1os de espera, el <strong>Gobierno del Estado dio un paso importante para saldar una deuda hist\u00f3rica, brindar certeza jur\u00eddica<\/strong> a familias oaxaque\u00f1as sobre el lugar que llaman hogar.&nbsp;<\/p>\n\n\n\n<p><strong>El secretario de Gobierno, Jes\u00fas Romero L\u00f3pez<\/strong>, inform\u00f3 que se coordinaron los trabajos de regularizaci\u00f3n de la tenencia de la tierra, construyendo acuerdos a trav\u00e9s del di\u00e1logo con autoridades municipales, liderazgos y habitantes, <strong>para reivindicar a familias que por m\u00e1s de 10 a\u00f1os no hab\u00edan sido atendidas.<\/strong>&nbsp;<\/p>\n\n\n\n<p><strong><em>Hoy, m\u00e1s de 800 familias reciben un documento que no solo acredita una propiedad<\/em><\/strong><em>, sino que representa tranquilidad, estabilidad y la seguridad de lo que han construido con esfuerzo. Este avance forma parte de una meta clara: alcanzar 40 mil acciones de regularizaci\u00f3n durante este sexenio.<\/em>&nbsp;<\/p>\n\n\n\n<p><em>Por hoy es tocho. Recuerden, cuando el B\u00faho canta el indio muere. Pd. \u2013 Encuestas en ruta. El primero fue <\/em><strong><em>Salina Cruz, terminando va Tehuantepec y posteriormente Juchit\u00e1n<\/em><\/strong><em> y los dem\u00e1s municipios en la regi\u00f3n del Istmo. Como bien lo confirm\u00f3 el gobernador\u2026 <\/em><strong><em>MORENA, decidir\u00e1 a sus candidatos por encuestas.&nbsp; Los y las mejores a la contienda.&nbsp;<\/em><\/strong>&nbsp;<\/p>\n\n\n\n<p class=\"has-text-align-center\"><em>\u00a0<\/em><strong>Esc\u00fachanos de 06:00 a 07:00 horas y de 21:00 a 22:00 horas en el 106.5 FM BBM noticias.\u00a0<\/strong>\u00a0<br><strong>X \/ Twitter @buho_botero<\/strong>\u00a0<br><strong>@bbmnoticias1\u00a0<\/strong>\u00a0<br><strong>Facebook Pedro Botero y Bbmnoticias Oaxaca.\u00a0<\/strong>\u00a0<br><a href=\"http:\/\/www.elheraldodemexico.com\" target=\"_blank\" rel=\"noreferrer noopener\"><strong>www.elheraldodemexico.com<\/strong><\/a><strong>\u00a0<\/strong>\u00a0<br><a href=\"http:\/\/www.bbmnoticias.com\" target=\"_blank\" rel=\"noreferrer noopener\"><strong>www.bbmnoticias.com<\/strong><\/a>\u00a0<br><a href=\"http:\/\/www.labravaradiofm.com\" target=\"_blank\" rel=\"noreferrer noopener\"><strong>www.labravaradiofm.com<\/strong><\/a><strong>\u00a0<\/strong>\u00a0<\/p>\n","protected":false},"excerpt":{"rendered":"<p>La presidenta Claudia Sheinbaum, poco a poco va asumiendo el control con precisi\u00f3n quir\u00fargica. El respeto es uno, el poder no se comparte.&nbsp;&nbsp; \u201cEl poder no se adquiere, ni se comparte, se ejerce&#8220;, la frase con la que el filosofo Focault recalc\u00f3 su visi\u00f3n del poder como un entrenamiento constante.&nbsp;&nbsp; Por su parte para Hobbes,\u202fla [&hellip;]<\/p>\n","protected":false},"author":18,"featured_media":0,"comment_status":"","ping_status":"open","sticky":false,"template":"","format":"standard","meta":{"footnotes":""},"categories":[2],"tags":[],"class_list":{"0":"post-76626","1":"post","2":"type-post","3":"status-publish","4":"format-standard","6":"category-oaxaca"},"yoast_head":"<!-- This site is optimized with the Yoast SEO plugin v27.4 - https:\/\/yoast.com\/product\/yoast-seo-wordpress\/ -->\n<title>El poder se ejerce\u00a0*Morena vela armas *Firme alianza Morena-Verde\u00a0*Salom\u00f3n Jara, mueve su tablero *\u201cNo palomear, platicar y encuestas\u201d\u00a0*Certeza en su patrimonio 800 familias\u00a0\u00a0*Encuestas en ruta - Pedro Botero - LA BRAVA RADIO<\/title>\n<meta name=\"robots\" content=\"index, follow, max-snippet:-1, max-image-preview:large, max-video-preview:-1\" \/>\n<link rel=\"canonical\" href=\"https:\/\/www.bbmnoticias.com\/el-poder-se-ejerce-morena-vela-armas-firme-alianza-morena-verde-salomon-jara-mueve-su-tablero-no-palomear-platicar-y-encuestas-certeza-en-su-patrimonio-800-fami\/\" \/>\n<meta property=\"og:locale\" content=\"es_MX\" \/>\n<meta property=\"og:type\" content=\"article\" \/>\n<meta property=\"og:title\" content=\"El poder se ejerce\u00a0*Morena vela armas *Firme alianza Morena-Verde\u00a0*Salom\u00f3n Jara, mueve su tablero *\u201cNo palomear, platicar y encuestas\u201d\u00a0*Certeza en su patrimonio 800 familias\u00a0\u00a0*Encuestas en ruta - Pedro Botero - LA BRAVA RADIO\" \/>\n<meta property=\"og:description\" content=\"La presidenta Claudia Sheinbaum, poco a poco va asumiendo el control con precisi\u00f3n quir\u00fargica. El respeto es uno, el poder no se comparte.&nbsp;&nbsp; \u201cEl poder no se adquiere, ni se comparte, se ejerce&#8220;, la frase con la que el filosofo Focault recalc\u00f3 su visi\u00f3n del poder como un entrenamiento constante.&nbsp;&nbsp; Por su parte para Hobbes,\u202fla [&hellip;]\" \/>\n<meta property=\"og:url\" content=\"https:\/\/www.bbmnoticias.com\/el-poder-se-ejerce-morena-vela-armas-firme-alianza-morena-verde-salomon-jara-mueve-su-tablero-no-palomear-platicar-y-encuestas-certeza-en-su-patrimonio-800-fami\/\" \/>\n<meta property=\"og:site_name\" content=\"LA BRAVA RADIO\" \/>\n<meta property=\"article:published_time\" content=\"2026-04-27T23:47:48+00:00\" \/>\n<meta name=\"author\" content=\"Pedro Botero\" \/>\n<meta name=\"twitter:card\" content=\"summary_large_image\" \/>\n<meta name=\"twitter:label1\" content=\"Escrito por\" \/>\n\t<meta name=\"twitter:data1\" content=\"Pedro Botero\" \/>\n\t<meta name=\"twitter:label2\" content=\"Tiempo de lectura\" \/>\n\t<meta name=\"twitter:data2\" content=\"5 minutos\" \/>\n<script type=\"application\/ld+json\" class=\"yoast-schema-graph\">{\"@context\":\"https:\\\/\\\/schema.org\",\"@graph\":[{\"@type\":\"Article\",\"@id\":\"https:\\\/\\\/www.bbmnoticias.com\\\/el-poder-se-ejerce-morena-vela-armas-firme-alianza-morena-verde-salomon-jara-mueve-su-tablero-no-palomear-platicar-y-encuestas-certeza-en-su-patrimonio-800-fami\\\/#article\",\"isPartOf\":{\"@id\":\"https:\\\/\\\/www.bbmnoticias.com\\\/labravaradiofm\\\/2026\\\/04\\\/27\\\/el-poder-se-ejerce-morena-vela-armas-firme-alianza-morena-verde-salomon-jara-mueve-su-tablero-no-palomear-platicar-y-encuestas-certeza-en-su-patrimonio-800-fami\\\/\"},\"author\":{\"name\":\"Pedro Botero\",\"@id\":\"https:\\\/\\\/www.bbmnoticias.com\\\/labravaradiofm\\\/#\\\/schema\\\/person\\\/b1f24ff43a407a5f7093af0d867e2717\"},\"headline\":\"El poder se ejerce\u00a0*Morena vela armas *Firme alianza Morena-Verde\u00a0*Salom\u00f3n Jara, mueve su tablero *\u201cNo palomear, platicar y encuestas\u201d\u00a0*Certeza en su patrimonio 800 familias\u00a0\u00a0*Encuestas en ruta &#8211; Pedro Botero\",\"datePublished\":\"2026-04-27T23:47:48+00:00\",\"mainEntityOfPage\":{\"@id\":\"https:\\\/\\\/www.bbmnoticias.com\\\/labravaradiofm\\\/2026\\\/04\\\/27\\\/el-poder-se-ejerce-morena-vela-armas-firme-alianza-morena-verde-salomon-jara-mueve-su-tablero-no-palomear-platicar-y-encuestas-certeza-en-su-patrimonio-800-fami\\\/\"},\"wordCount\":1075,\"articleSection\":[\"LOCAL\"],\"inLanguage\":\"es\"},{\"@type\":\"WebPage\",\"@id\":\"https:\\\/\\\/www.bbmnoticias.com\\\/labravaradiofm\\\/2026\\\/04\\\/27\\\/el-poder-se-ejerce-morena-vela-armas-firme-alianza-morena-verde-salomon-jara-mueve-su-tablero-no-palomear-platicar-y-encuestas-certeza-en-su-patrimonio-800-fami\\\/\",\"url\":\"https:\\\/\\\/www.bbmnoticias.com\\\/el-poder-se-ejerce-morena-vela-armas-firme-alianza-morena-verde-salomon-jara-mueve-su-tablero-no-palomear-platicar-y-encuestas-certeza-en-su-patrimonio-800-fami\\\/\",\"name\":\"El poder se ejerce\u00a0*Morena vela armas *Firme alianza Morena-Verde\u00a0*Salom\u00f3n Jara, mueve su tablero *\u201cNo palomear, platicar y encuestas\u201d\u00a0*Certeza en su patrimonio 800 familias\u00a0\u00a0*Encuestas en ruta - Pedro Botero - LA BRAVA RADIO\",\"isPartOf\":{\"@id\":\"https:\\\/\\\/www.bbmnoticias.com\\\/labravaradiofm\\\/#website\"},\"datePublished\":\"2026-04-27T23:47:48+00:00\",\"author\":{\"@id\":\"https:\\\/\\\/www.bbmnoticias.com\\\/labravaradiofm\\\/#\\\/schema\\\/person\\\/b1f24ff43a407a5f7093af0d867e2717\"},\"breadcrumb\":{\"@id\":\"https:\\\/\\\/www.bbmnoticias.com\\\/el-poder-se-ejerce-morena-vela-armas-firme-alianza-morena-verde-salomon-jara-mueve-su-tablero-no-palomear-platicar-y-encuestas-certeza-en-su-patrimonio-800-fami\\\/#breadcrumb\"},\"inLanguage\":\"es\",\"potentialAction\":[{\"@type\":\"ReadAction\",\"target\":[\"https:\\\/\\\/www.bbmnoticias.com\\\/el-poder-se-ejerce-morena-vela-armas-firme-alianza-morena-verde-salomon-jara-mueve-su-tablero-no-palomear-platicar-y-encuestas-certeza-en-su-patrimonio-800-fami\\\/\"]}]},{\"@type\":\"BreadcrumbList\",\"@id\":\"https:\\\/\\\/www.bbmnoticias.com\\\/el-poder-se-ejerce-morena-vela-armas-firme-alianza-morena-verde-salomon-jara-mueve-su-tablero-no-palomear-platicar-y-encuestas-certeza-en-su-patrimonio-800-fami\\\/#breadcrumb\",\"itemListElement\":[{\"@type\":\"ListItem\",\"position\":1,\"name\":\"Inicio\",\"item\":\"https:\\\/\\\/www.bbmnoticias.com\\\/labravaradiofm\\\/\"},{\"@type\":\"ListItem\",\"position\":2,\"name\":\"El poder se ejerce\u00a0*Morena vela armas *Firme alianza Morena-Verde\u00a0*Salom\u00f3n Jara, mueve su tablero *\u201cNo palomear, platicar y encuestas\u201d\u00a0*Certeza en su patrimonio 800 familias\u00a0\u00a0*Encuestas en ruta &#8211; Pedro Botero\"}]},{\"@type\":\"WebSite\",\"@id\":\"https:\\\/\\\/www.bbmnoticias.com\\\/labravaradiofm\\\/#website\",\"url\":\"https:\\\/\\\/www.bbmnoticias.com\\\/labravaradiofm\\\/\",\"name\":\"LA BRAVA RADIO\",\"description\":\"Empresa productora de medios, Radiodifusi\u00f3n, Noticias, tendencias y todo lo que necesitas saber de la pol\u00edtica mexicana e internacional; entretenimiento, espect\u00e1culos, salud y mucho m\u00e1s.\",\"potentialAction\":[{\"@type\":\"SearchAction\",\"target\":{\"@type\":\"EntryPoint\",\"urlTemplate\":\"https:\\\/\\\/www.bbmnoticias.com\\\/labravaradiofm\\\/?s={search_term_string}\"},\"query-input\":{\"@type\":\"PropertyValueSpecification\",\"valueRequired\":true,\"valueName\":\"search_term_string\"}}],\"inLanguage\":\"es\"},{\"@type\":\"Person\",\"@id\":\"https:\\\/\\\/www.bbmnoticias.com\\\/labravaradiofm\\\/#\\\/schema\\\/person\\\/b1f24ff43a407a5f7093af0d867e2717\",\"name\":\"Pedro Botero\",\"image\":{\"@type\":\"ImageObject\",\"inLanguage\":\"es\",\"@id\":\"https:\\\/\\\/secure.gravatar.com\\\/avatar\\\/3e1604f74223697b158b4f0509f030050c1609806bd1c24b9ac5d9759b30b353?s=96&d=mm&r=g\",\"url\":\"https:\\\/\\\/secure.gravatar.com\\\/avatar\\\/3e1604f74223697b158b4f0509f030050c1609806bd1c24b9ac5d9759b30b353?s=96&d=mm&r=g\",\"contentUrl\":\"https:\\\/\\\/secure.gravatar.com\\\/avatar\\\/3e1604f74223697b158b4f0509f030050c1609806bd1c24b9ac5d9759b30b353?s=96&d=mm&r=g\",\"caption\":\"Pedro Botero\"},\"sameAs\":[\"http:\\\/\\\/www.bbmnoticias.com\"],\"url\":\"https:\\\/\\\/www.bbmnoticias.com\\\/labravaradiofm\\\/author\\\/pedrobotero\\\/\"}]}<\/script>\n<!-- \/ Yoast SEO plugin. -->","yoast_head_json":{"title":"El poder se ejerce\u00a0*Morena vela armas *Firme alianza Morena-Verde\u00a0*Salom\u00f3n Jara, mueve su tablero *\u201cNo palomear, platicar y encuestas\u201d\u00a0*Certeza en su patrimonio 800 familias\u00a0\u00a0*Encuestas en ruta - Pedro Botero - LA BRAVA RADIO","robots":{"index":"index","follow":"follow","max-snippet":"max-snippet:-1","max-image-preview":"max-image-preview:large","max-video-preview":"max-video-preview:-1"},"canonical":"https:\/\/www.bbmnoticias.com\/el-poder-se-ejerce-morena-vela-armas-firme-alianza-morena-verde-salomon-jara-mueve-su-tablero-no-palomear-platicar-y-encuestas-certeza-en-su-patrimonio-800-fami\/","og_locale":"es_MX","og_type":"article","og_title":"El poder se ejerce\u00a0*Morena vela armas *Firme alianza Morena-Verde\u00a0*Salom\u00f3n Jara, mueve su tablero *\u201cNo palomear, platicar y encuestas\u201d\u00a0*Certeza en su patrimonio 800 familias\u00a0\u00a0*Encuestas en ruta - Pedro Botero - LA BRAVA RADIO","og_description":"La presidenta Claudia Sheinbaum, poco a poco va asumiendo el control con precisi\u00f3n quir\u00fargica. El respeto es uno, el poder no se comparte.&nbsp;&nbsp; \u201cEl poder no se adquiere, ni se comparte, se ejerce&#8220;, la frase con la que el filosofo Focault recalc\u00f3 su visi\u00f3n del poder como un entrenamiento constante.&nbsp;&nbsp; Por su parte para Hobbes,\u202fla [&hellip;]","og_url":"https:\/\/www.bbmnoticias.com\/el-poder-se-ejerce-morena-vela-armas-firme-alianza-morena-verde-salomon-jara-mueve-su-tablero-no-palomear-platicar-y-encuestas-certeza-en-su-patrimonio-800-fami\/","og_site_name":"LA BRAVA RADIO","article_published_time":"2026-04-27T23:47:48+00:00","author":"Pedro Botero","twitter_card":"summary_large_image","twitter_misc":{"Escrito por":"Pedro Botero","Tiempo de lectura":"5 minutos"},"schema":{"@context":"https:\/\/schema.org","@graph":[{"@type":"Article","@id":"https:\/\/www.bbmnoticias.com\/el-poder-se-ejerce-morena-vela-armas-firme-alianza-morena-verde-salomon-jara-mueve-su-tablero-no-palomear-platicar-y-encuestas-certeza-en-su-patrimonio-800-fami\/#article","isPartOf":{"@id":"https:\/\/www.bbmnoticias.com\/labravaradiofm\/2026\/04\/27\/el-poder-se-ejerce-morena-vela-armas-firme-alianza-morena-verde-salomon-jara-mueve-su-tablero-no-palomear-platicar-y-encuestas-certeza-en-su-patrimonio-800-fami\/"},"author":{"name":"Pedro Botero","@id":"https:\/\/www.bbmnoticias.com\/labravaradiofm\/#\/schema\/person\/b1f24ff43a407a5f7093af0d867e2717"},"headline":"El poder se ejerce\u00a0*Morena vela armas *Firme alianza Morena-Verde\u00a0*Salom\u00f3n Jara, mueve su tablero *\u201cNo palomear, platicar y encuestas\u201d\u00a0*Certeza en su patrimonio 800 familias\u00a0\u00a0*Encuestas en ruta &#8211; Pedro Botero","datePublished":"2026-04-27T23:47:48+00:00","mainEntityOfPage":{"@id":"https:\/\/www.bbmnoticias.com\/labravaradiofm\/2026\/04\/27\/el-poder-se-ejerce-morena-vela-armas-firme-alianza-morena-verde-salomon-jara-mueve-su-tablero-no-palomear-platicar-y-encuestas-certeza-en-su-patrimonio-800-fami\/"},"wordCount":1075,"articleSection":["LOCAL"],"inLanguage":"es"},{"@type":"WebPage","@id":"https:\/\/www.bbmnoticias.com\/labravaradiofm\/2026\/04\/27\/el-poder-se-ejerce-morena-vela-armas-firme-alianza-morena-verde-salomon-jara-mueve-su-tablero-no-palomear-platicar-y-encuestas-certeza-en-su-patrimonio-800-fami\/","url":"https:\/\/www.bbmnoticias.com\/el-poder-se-ejerce-morena-vela-armas-firme-alianza-morena-verde-salomon-jara-mueve-su-tablero-no-palomear-platicar-y-encuestas-certeza-en-su-patrimonio-800-fami\/","name":"El poder se ejerce\u00a0*Morena vela armas *Firme alianza Morena-Verde\u00a0*Salom\u00f3n Jara, mueve su tablero *\u201cNo palomear, platicar y encuestas\u201d\u00a0*Certeza en su patrimonio 800 familias\u00a0\u00a0*Encuestas en ruta - Pedro Botero - LA BRAVA RADIO","isPartOf":{"@id":"https:\/\/www.bbmnoticias.com\/labravaradiofm\/#website"},"datePublished":"2026-04-27T23:47:48+00:00","author":{"@id":"https:\/\/www.bbmnoticias.com\/labravaradiofm\/#\/schema\/person\/b1f24ff43a407a5f7093af0d867e2717"},"breadcrumb":{"@id":"https:\/\/www.bbmnoticias.com\/el-poder-se-ejerce-morena-vela-armas-firme-alianza-morena-verde-salomon-jara-mueve-su-tablero-no-palomear-platicar-y-encuestas-certeza-en-su-patrimonio-800-fami\/#breadcrumb"},"inLanguage":"es","potentialAction":[{"@type":"ReadAction","target":["https:\/\/www.bbmnoticias.com\/el-poder-se-ejerce-morena-vela-armas-firme-alianza-morena-verde-salomon-jara-mueve-su-tablero-no-palomear-platicar-y-encuestas-certeza-en-su-patrimonio-800-fami\/"]}]},{"@type":"BreadcrumbList","@id":"https:\/\/www.bbmnoticias.com\/el-poder-se-ejerce-morena-vela-armas-firme-alianza-morena-verde-salomon-jara-mueve-su-tablero-no-palomear-platicar-y-encuestas-certeza-en-su-patrimonio-800-fami\/#breadcrumb","itemListElement":[{"@type":"ListItem","position":1,"name":"Inicio","item":"https:\/\/www.bbmnoticias.com\/labravaradiofm\/"},{"@type":"ListItem","position":2,"name":"El poder se ejerce\u00a0*Morena vela armas *Firme alianza Morena-Verde\u00a0*Salom\u00f3n Jara, mueve su tablero *\u201cNo palomear, platicar y encuestas\u201d\u00a0*Certeza en su patrimonio 800 familias\u00a0\u00a0*Encuestas en ruta &#8211; Pedro Botero"}]},{"@type":"WebSite","@id":"https:\/\/www.bbmnoticias.com\/labravaradiofm\/#website","url":"https:\/\/www.bbmnoticias.com\/labravaradiofm\/","name":"LA BRAVA RADIO","description":"Empresa productora de medios, Radiodifusi\u00f3n, Noticias, tendencias y todo lo que necesitas saber de la pol\u00edtica mexicana e internacional; entretenimiento, espect\u00e1culos, salud y mucho m\u00e1s.","potentialAction":[{"@type":"SearchAction","target":{"@type":"EntryPoint","urlTemplate":"https:\/\/www.bbmnoticias.com\/labravaradiofm\/?s={search_term_string}"},"query-input":{"@type":"PropertyValueSpecification","valueRequired":true,"valueName":"search_term_string"}}],"inLanguage":"es"},{"@type":"Person","@id":"https:\/\/www.bbmnoticias.com\/labravaradiofm\/#\/schema\/person\/b1f24ff43a407a5f7093af0d867e2717","name":"Pedro Botero","image":{"@type":"ImageObject","inLanguage":"es","@id":"https:\/\/secure.gravatar.com\/avatar\/3e1604f74223697b158b4f0509f030050c1609806bd1c24b9ac5d9759b30b353?s=96&d=mm&r=g","url":"https:\/\/secure.gravatar.com\/avatar\/3e1604f74223697b158b4f0509f030050c1609806bd1c24b9ac5d9759b30b353?s=96&d=mm&r=g","contentUrl":"https:\/\/secure.gravatar.com\/avatar\/3e1604f74223697b158b4f0509f030050c1609806bd1c24b9ac5d9759b30b353?s=96&d=mm&r=g","caption":"Pedro Botero"},"sameAs":["http:\/\/www.bbmnoticias.com"],"url":"https:\/\/www.bbmnoticias.com\/labravaradiofm\/author\/pedrobotero\/"}]}},"_links":{"self":[{"href":"https:\/\/www.bbmnoticias.com\/labravaradiofm\/wp-json\/wp\/v2\/posts\/76626","targetHints":{"allow":["GET"]}}],"collection":[{"href":"https:\/\/www.bbmnoticias.com\/labravaradiofm\/wp-json\/wp\/v2\/posts"}],"about":[{"href":"https:\/\/www.bbmnoticias.com\/labravaradiofm\/wp-json\/wp\/v2\/types\/post"}],"author":[{"embeddable":true,"href":"https:\/\/www.bbmnoticias.com\/labravaradiofm\/wp-json\/wp\/v2\/users\/18"}],"replies":[{"embeddable":true,"href":"https:\/\/www.bbmnoticias.com\/labravaradiofm\/wp-json\/wp\/v2\/comments?post=76626"}],"version-history":[{"count":0,"href":"https:\/\/www.bbmnoticias.com\/labravaradiofm\/wp-json\/wp\/v2\/posts\/76626\/revisions"}],"wp:attachment":[{"href":"https:\/\/www.bbmnoticias.com\/labravaradiofm\/wp-json\/wp\/v2\/media?parent=76626"}],"wp:term":[{"taxonomy":"category","embeddable":true,"href":"https:\/\/www.bbmnoticias.com\/labravaradiofm\/wp-json\/wp\/v2\/categories?post=76626"},{"taxonomy":"post_tag","embeddable":true,"href":"https:\/\/www.bbmnoticias.com\/labravaradiofm\/wp-json\/wp\/v2\/tags?post=76626"}],"curies":[{"name":"wp","href":"https:\/\/api.w.org\/{rel}","templated":true}]}}