{"id":76620,"date":"2026-04-27T15:32:19","date_gmt":"2026-04-27T21:32:19","guid":{"rendered":"https:\/\/www.bbmnoticias.com\/labravaradiofm\/2026\/04\/27\/anuncia-salomon-jara-inicio-de-distribuidor-vial-de-viguera-con-inversion-de-279-mdp\/"},"modified":"2026-04-27T15:32:22","modified_gmt":"2026-04-27T21:32:22","slug":"anuncia-salomon-jara-inicio-de-distribuidor-vial-de-viguera-con-inversion-de-279-mdp","status":"publish","type":"post","link":"https:\/\/www.bbmnoticias.com\/labravaradiofm\/2026\/04\/27\/anuncia-salomon-jara-inicio-de-distribuidor-vial-de-viguera-con-inversion-de-279-mdp\/","title":{"rendered":"Anuncia Salom\u00f3n Jara inicio de distribuidor vial de Viguera con inversi\u00f3n de 279 mdp"},"content":{"rendered":"<div style=\"margin-top: 0px; margin-bottom: 0px;\" class=\"sharethis-inline-share-buttons\" ><\/div>\n<p>\u00b7&nbsp;&nbsp;&nbsp;&nbsp;&nbsp;&nbsp;&nbsp;&nbsp; <em>Esta obra beneficiar\u00e1 a m\u00e1s de 270 mil personas con una vialidad moderna de 8 carriles que transformar\u00e1 integralmente la zona<\/em><\/p>\n\n\n\n<p><strong>Oaxaca de Ju\u00e1rez, Oax. 27 de abril de 2026.-<\/strong> El Gobernador Salom\u00f3n Jara Cruz anunci\u00f3 el inicio de la construcci\u00f3n del distribuidor vial de Viguera, una obra estrat\u00e9gica que mejorar\u00e1 la movilidad de la ciudadan\u00eda y atender\u00e1 uno de los puntos con mayor carga vehicular en la capital del estado.<\/p>\n\n\n\n<p>Durante su conferencia de prensa, el Mandatario estatal se\u00f1al\u00f3 que esta obra se realizar\u00e1 en coordinaci\u00f3n con el municipio de Oaxaca de Ju\u00e1rez y el Gobierno del Estado, con el objetivo de mejorar la movilidad y dar soluci\u00f3n a uno de los puntos m\u00e1s congestionados de la ciudad.<\/p>\n\n\n\n<p>En su oportunidad, la titular de la Secretar\u00eda de Infraestructuras y Comunicaciones (SIC), Sildia Mecott G\u00f3mez present\u00f3 los detalles t\u00e9cnicos del paso elevado que se ubicar\u00e1 sobre la carretera federal 190, a la altura de la agencia municipal de Viguera.<\/p>\n\n\n\n<p>El proyecto, denominado Paso a Desnivel Monumento a Ju\u00e1rez, contar\u00e1 con una inversi\u00f3n de 279 millones de pesos y beneficiar\u00e1 a 270 mil 955 personas. Su objetivo es transformar una vialidad actualmente colapsada, en una infraestructura moderna y eficiente que reduzca los tiempos de traslado y garantice mayor seguridad para quienes transitan hacia el centro de la ciudad o salen de ella.<\/p>\n\n\n\n<p>La obra contempla la construcci\u00f3n de dos puentes elevados, cada uno con dos carriles en sentidos M\u00e9xico\u2013Oaxaca y Oaxaca\u2013M\u00e9xico, que se suman a los cuatro carriles existentes a nivel de piso, conformando un total de ocho carriles de 3.5 metros de ancho.<\/p>\n\n\n\n<p>Asimismo, se edificar\u00e1 una rotonda de 30 metros de di\u00e1metro que permitir\u00e1 mantener un tr\u00e1nsito continuo en la zona. El monumento a Benito Ju\u00e1rez ser\u00e1 conservado en su sitio original y contar\u00e1 con un nuevo basamento que lo elevar\u00e1 para destacar entre los puentes elevados.<\/p>\n\n\n\n<p>Como parte del proyecto integral, se incluir\u00e1n \u00e1reas verdes con plantas end\u00e9micas, iluminaci\u00f3n en el puente y bajo puente, sistema de drenaje, banquetas amplias, se\u00f1al\u00e9tica para cruces seguros, semaforizaci\u00f3n y pintura vial.<\/p>\n\n\n\n<p>Esta obra transformar\u00e1 de manera significativa la zona, brindando mayor seguridad tanto a automovilistas como a peatones, adem\u00e1s de mejorar la conectividad en uno de los accesos m\u00e1s importantes de la ciudad.<\/p>\n","protected":false},"excerpt":{"rendered":"<p>\u00b7&nbsp;&nbsp;&nbsp;&nbsp;&nbsp;&nbsp;&nbsp;&nbsp; Esta obra beneficiar\u00e1 a m\u00e1s de 270 mil personas con una vialidad moderna de 8 carriles que transformar\u00e1 integralmente la zona Oaxaca de Ju\u00e1rez, Oax. 27 de abril de 2026.- El Gobernador Salom\u00f3n Jara Cruz anunci\u00f3 el inicio de la construcci\u00f3n del distribuidor vial de Viguera, una obra estrat\u00e9gica que mejorar\u00e1 la movilidad de [&hellip;]<\/p>\n","protected":false},"author":2,"featured_media":76622,"comment_status":"closed","ping_status":"open","sticky":false,"template":"","format":"standard","meta":{"footnotes":""},"categories":[2],"tags":[],"class_list":{"0":"post-76620","1":"post","2":"type-post","3":"status-publish","4":"format-standard","5":"has-post-thumbnail","7":"category-oaxaca"},"yoast_head":"<!-- This site is optimized with the Yoast SEO plugin v27.4 - https:\/\/yoast.com\/product\/yoast-seo-wordpress\/ -->\n<title>Anuncia Salom\u00f3n Jara inicio de distribuidor vial de Viguera con inversi\u00f3n de 279 mdp - LA BRAVA RADIO<\/title>\n<meta name=\"robots\" content=\"index, follow, max-snippet:-1, max-image-preview:large, max-video-preview:-1\" \/>\n<link rel=\"canonical\" href=\"https:\/\/www.bbmnoticias.com\/anuncia-salomon-jara-inicio-de-distribuidor-vial-de-viguera-con-inversion-de-279-mdp\/\" \/>\n<meta property=\"og:locale\" content=\"es_MX\" \/>\n<meta property=\"og:type\" content=\"article\" \/>\n<meta property=\"og:title\" content=\"Anuncia Salom\u00f3n Jara inicio de distribuidor vial de Viguera con inversi\u00f3n de 279 mdp - LA BRAVA RADIO\" \/>\n<meta property=\"og:description\" content=\"\u00b7&nbsp;&nbsp;&nbsp;&nbsp;&nbsp;&nbsp;&nbsp;&nbsp; Esta obra beneficiar\u00e1 a m\u00e1s de 270 mil personas con una vialidad moderna de 8 carriles que transformar\u00e1 integralmente la zona Oaxaca de Ju\u00e1rez, Oax. 27 de abril de 2026.- El Gobernador Salom\u00f3n Jara Cruz anunci\u00f3 el inicio de la construcci\u00f3n del distribuidor vial de Viguera, una obra estrat\u00e9gica que mejorar\u00e1 la movilidad de [&hellip;]\" \/>\n<meta property=\"og:url\" content=\"https:\/\/www.bbmnoticias.com\/anuncia-salomon-jara-inicio-de-distribuidor-vial-de-viguera-con-inversion-de-279-mdp\/\" \/>\n<meta property=\"og:site_name\" content=\"LA BRAVA RADIO\" \/>\n<meta property=\"article:published_time\" content=\"2026-04-27T21:32:19+00:00\" \/>\n<meta property=\"article:modified_time\" content=\"2026-04-27T21:32:22+00:00\" \/>\n<meta property=\"og:image\" content=\"https:\/\/www.bbmnoticias.com\/labravaradiofm\/wp-content\/uploads\/sites\/5\/2026\/04\/sjc_distribuidor_vial.jpg\" \/>\n\t<meta property=\"og:image:width\" content=\"800\" \/>\n\t<meta property=\"og:image:height\" content=\"534\" \/>\n\t<meta property=\"og:image:type\" content=\"image\/jpeg\" \/>\n<meta name=\"author\" content=\"Staff\" \/>\n<meta name=\"twitter:card\" content=\"summary_large_image\" \/>\n<meta name=\"twitter:label1\" content=\"Escrito por\" \/>\n\t<meta name=\"twitter:data1\" content=\"Staff\" \/>\n\t<meta name=\"twitter:label2\" content=\"Tiempo de lectura\" \/>\n\t<meta name=\"twitter:data2\" content=\"2 minutos\" \/>\n<script type=\"application\/ld+json\" class=\"yoast-schema-graph\">{\"@context\":\"https:\\\/\\\/schema.org\",\"@graph\":[{\"@type\":\"Article\",\"@id\":\"https:\\\/\\\/www.bbmnoticias.com\\\/anuncia-salomon-jara-inicio-de-distribuidor-vial-de-viguera-con-inversion-de-279-mdp\\\/#article\",\"isPartOf\":{\"@id\":\"https:\\\/\\\/www.bbmnoticias.com\\\/labravaradiofm\\\/2026\\\/04\\\/27\\\/anuncia-salomon-jara-inicio-de-distribuidor-vial-de-viguera-con-inversion-de-279-mdp\\\/\"},\"author\":{\"name\":\"Staff\",\"@id\":\"https:\\\/\\\/www.bbmnoticias.com\\\/labravaradiofm\\\/#\\\/schema\\\/person\\\/68a9e9036ef3c5b55aeb2b71dc8bab45\"},\"headline\":\"Anuncia Salom\u00f3n Jara inicio de distribuidor vial de Viguera con inversi\u00f3n de 279 mdp\",\"datePublished\":\"2026-04-27T21:32:19+00:00\",\"dateModified\":\"2026-04-27T21:32:22+00:00\",\"mainEntityOfPage\":{\"@id\":\"https:\\\/\\\/www.bbmnoticias.com\\\/labravaradiofm\\\/2026\\\/04\\\/27\\\/anuncia-salomon-jara-inicio-de-distribuidor-vial-de-viguera-con-inversion-de-279-mdp\\\/\"},\"wordCount\":418,\"image\":{\"@id\":\"https:\\\/\\\/www.bbmnoticias.com\\\/anuncia-salomon-jara-inicio-de-distribuidor-vial-de-viguera-con-inversion-de-279-mdp\\\/#primaryimage\"},\"thumbnailUrl\":\"https:\\\/\\\/www.bbmnoticias.com\\\/labravaradiofm\\\/wp-content\\\/uploads\\\/sites\\\/5\\\/2026\\\/04\\\/sjc_distribuidor_vial.jpg\",\"articleSection\":[\"LOCAL\"],\"inLanguage\":\"es\"},{\"@type\":\"WebPage\",\"@id\":\"https:\\\/\\\/www.bbmnoticias.com\\\/labravaradiofm\\\/2026\\\/04\\\/27\\\/anuncia-salomon-jara-inicio-de-distribuidor-vial-de-viguera-con-inversion-de-279-mdp\\\/\",\"url\":\"https:\\\/\\\/www.bbmnoticias.com\\\/anuncia-salomon-jara-inicio-de-distribuidor-vial-de-viguera-con-inversion-de-279-mdp\\\/\",\"name\":\"Anuncia Salom\u00f3n Jara inicio de distribuidor vial de Viguera con inversi\u00f3n de 279 mdp - LA BRAVA RADIO\",\"isPartOf\":{\"@id\":\"https:\\\/\\\/www.bbmnoticias.com\\\/labravaradiofm\\\/#website\"},\"primaryImageOfPage\":{\"@id\":\"https:\\\/\\\/www.bbmnoticias.com\\\/anuncia-salomon-jara-inicio-de-distribuidor-vial-de-viguera-con-inversion-de-279-mdp\\\/#primaryimage\"},\"image\":{\"@id\":\"https:\\\/\\\/www.bbmnoticias.com\\\/anuncia-salomon-jara-inicio-de-distribuidor-vial-de-viguera-con-inversion-de-279-mdp\\\/#primaryimage\"},\"thumbnailUrl\":\"https:\\\/\\\/www.bbmnoticias.com\\\/labravaradiofm\\\/wp-content\\\/uploads\\\/sites\\\/5\\\/2026\\\/04\\\/sjc_distribuidor_vial.jpg\",\"datePublished\":\"2026-04-27T21:32:19+00:00\",\"dateModified\":\"2026-04-27T21:32:22+00:00\",\"author\":{\"@id\":\"https:\\\/\\\/www.bbmnoticias.com\\\/labravaradiofm\\\/#\\\/schema\\\/person\\\/68a9e9036ef3c5b55aeb2b71dc8bab45\"},\"breadcrumb\":{\"@id\":\"https:\\\/\\\/www.bbmnoticias.com\\\/anuncia-salomon-jara-inicio-de-distribuidor-vial-de-viguera-con-inversion-de-279-mdp\\\/#breadcrumb\"},\"inLanguage\":\"es\",\"potentialAction\":[{\"@type\":\"ReadAction\",\"target\":[\"https:\\\/\\\/www.bbmnoticias.com\\\/anuncia-salomon-jara-inicio-de-distribuidor-vial-de-viguera-con-inversion-de-279-mdp\\\/\"]}]},{\"@type\":\"ImageObject\",\"inLanguage\":\"es\",\"@id\":\"https:\\\/\\\/www.bbmnoticias.com\\\/anuncia-salomon-jara-inicio-de-distribuidor-vial-de-viguera-con-inversion-de-279-mdp\\\/#primaryimage\",\"url\":\"https:\\\/\\\/www.bbmnoticias.com\\\/labravaradiofm\\\/wp-content\\\/uploads\\\/sites\\\/5\\\/2026\\\/04\\\/sjc_distribuidor_vial.jpg\",\"contentUrl\":\"https:\\\/\\\/www.bbmnoticias.com\\\/labravaradiofm\\\/wp-content\\\/uploads\\\/sites\\\/5\\\/2026\\\/04\\\/sjc_distribuidor_vial.jpg\",\"width\":800,\"height\":534},{\"@type\":\"BreadcrumbList\",\"@id\":\"https:\\\/\\\/www.bbmnoticias.com\\\/anuncia-salomon-jara-inicio-de-distribuidor-vial-de-viguera-con-inversion-de-279-mdp\\\/#breadcrumb\",\"itemListElement\":[{\"@type\":\"ListItem\",\"position\":1,\"name\":\"Inicio\",\"item\":\"https:\\\/\\\/www.bbmnoticias.com\\\/labravaradiofm\\\/\"},{\"@type\":\"ListItem\",\"position\":2,\"name\":\"Anuncia Salom\u00f3n Jara inicio de distribuidor vial de Viguera con inversi\u00f3n de 279 mdp\"}]},{\"@type\":\"WebSite\",\"@id\":\"https:\\\/\\\/www.bbmnoticias.com\\\/labravaradiofm\\\/#website\",\"url\":\"https:\\\/\\\/www.bbmnoticias.com\\\/labravaradiofm\\\/\",\"name\":\"LA BRAVA RADIO\",\"description\":\"Empresa productora de medios, Radiodifusi\u00f3n, Noticias, tendencias y todo lo que necesitas saber de la pol\u00edtica mexicana e internacional; entretenimiento, espect\u00e1culos, salud y mucho m\u00e1s.\",\"potentialAction\":[{\"@type\":\"SearchAction\",\"target\":{\"@type\":\"EntryPoint\",\"urlTemplate\":\"https:\\\/\\\/www.bbmnoticias.com\\\/labravaradiofm\\\/?s={search_term_string}\"},\"query-input\":{\"@type\":\"PropertyValueSpecification\",\"valueRequired\":true,\"valueName\":\"search_term_string\"}}],\"inLanguage\":\"es\"},{\"@type\":\"Person\",\"@id\":\"https:\\\/\\\/www.bbmnoticias.com\\\/labravaradiofm\\\/#\\\/schema\\\/person\\\/68a9e9036ef3c5b55aeb2b71dc8bab45\",\"name\":\"Staff\",\"image\":{\"@type\":\"ImageObject\",\"inLanguage\":\"es\",\"@id\":\"https:\\\/\\\/secure.gravatar.com\\\/avatar\\\/fdd21ad66fd8b98c407f9dee5b5e588cfe7f0d8579ec20fa6527cd59bab7f0f0?s=96&d=mm&r=g\",\"url\":\"https:\\\/\\\/secure.gravatar.com\\\/avatar\\\/fdd21ad66fd8b98c407f9dee5b5e588cfe7f0d8579ec20fa6527cd59bab7f0f0?s=96&d=mm&r=g\",\"contentUrl\":\"https:\\\/\\\/secure.gravatar.com\\\/avatar\\\/fdd21ad66fd8b98c407f9dee5b5e588cfe7f0d8579ec20fa6527cd59bab7f0f0?s=96&d=mm&r=g\",\"caption\":\"Staff\"},\"url\":\"https:\\\/\\\/www.bbmnoticias.com\\\/labravaradiofm\\\/author\\\/redaccion\\\/\"}]}<\/script>\n<!-- \/ Yoast SEO plugin. -->","yoast_head_json":{"title":"Anuncia Salom\u00f3n Jara inicio de distribuidor vial de Viguera con inversi\u00f3n de 279 mdp - LA BRAVA RADIO","robots":{"index":"index","follow":"follow","max-snippet":"max-snippet:-1","max-image-preview":"max-image-preview:large","max-video-preview":"max-video-preview:-1"},"canonical":"https:\/\/www.bbmnoticias.com\/anuncia-salomon-jara-inicio-de-distribuidor-vial-de-viguera-con-inversion-de-279-mdp\/","og_locale":"es_MX","og_type":"article","og_title":"Anuncia Salom\u00f3n Jara inicio de distribuidor vial de Viguera con inversi\u00f3n de 279 mdp - LA BRAVA RADIO","og_description":"\u00b7&nbsp;&nbsp;&nbsp;&nbsp;&nbsp;&nbsp;&nbsp;&nbsp; Esta obra beneficiar\u00e1 a m\u00e1s de 270 mil personas con una vialidad moderna de 8 carriles que transformar\u00e1 integralmente la zona Oaxaca de Ju\u00e1rez, Oax. 27 de abril de 2026.- El Gobernador Salom\u00f3n Jara Cruz anunci\u00f3 el inicio de la construcci\u00f3n del distribuidor vial de Viguera, una obra estrat\u00e9gica que mejorar\u00e1 la movilidad de [&hellip;]","og_url":"https:\/\/www.bbmnoticias.com\/anuncia-salomon-jara-inicio-de-distribuidor-vial-de-viguera-con-inversion-de-279-mdp\/","og_site_name":"LA BRAVA RADIO","article_published_time":"2026-04-27T21:32:19+00:00","article_modified_time":"2026-04-27T21:32:22+00:00","og_image":[{"width":800,"height":534,"url":"https:\/\/www.bbmnoticias.com\/labravaradiofm\/wp-content\/uploads\/sites\/5\/2026\/04\/sjc_distribuidor_vial.jpg","type":"image\/jpeg"}],"author":"Staff","twitter_card":"summary_large_image","twitter_misc":{"Escrito por":"Staff","Tiempo de lectura":"2 minutos"},"schema":{"@context":"https:\/\/schema.org","@graph":[{"@type":"Article","@id":"https:\/\/www.bbmnoticias.com\/anuncia-salomon-jara-inicio-de-distribuidor-vial-de-viguera-con-inversion-de-279-mdp\/#article","isPartOf":{"@id":"https:\/\/www.bbmnoticias.com\/labravaradiofm\/2026\/04\/27\/anuncia-salomon-jara-inicio-de-distribuidor-vial-de-viguera-con-inversion-de-279-mdp\/"},"author":{"name":"Staff","@id":"https:\/\/www.bbmnoticias.com\/labravaradiofm\/#\/schema\/person\/68a9e9036ef3c5b55aeb2b71dc8bab45"},"headline":"Anuncia Salom\u00f3n Jara inicio de distribuidor vial de Viguera con inversi\u00f3n de 279 mdp","datePublished":"2026-04-27T21:32:19+00:00","dateModified":"2026-04-27T21:32:22+00:00","mainEntityOfPage":{"@id":"https:\/\/www.bbmnoticias.com\/labravaradiofm\/2026\/04\/27\/anuncia-salomon-jara-inicio-de-distribuidor-vial-de-viguera-con-inversion-de-279-mdp\/"},"wordCount":418,"image":{"@id":"https:\/\/www.bbmnoticias.com\/anuncia-salomon-jara-inicio-de-distribuidor-vial-de-viguera-con-inversion-de-279-mdp\/#primaryimage"},"thumbnailUrl":"https:\/\/www.bbmnoticias.com\/labravaradiofm\/wp-content\/uploads\/sites\/5\/2026\/04\/sjc_distribuidor_vial.jpg","articleSection":["LOCAL"],"inLanguage":"es"},{"@type":"WebPage","@id":"https:\/\/www.bbmnoticias.com\/labravaradiofm\/2026\/04\/27\/anuncia-salomon-jara-inicio-de-distribuidor-vial-de-viguera-con-inversion-de-279-mdp\/","url":"https:\/\/www.bbmnoticias.com\/anuncia-salomon-jara-inicio-de-distribuidor-vial-de-viguera-con-inversion-de-279-mdp\/","name":"Anuncia Salom\u00f3n Jara inicio de distribuidor vial de Viguera con inversi\u00f3n de 279 mdp - LA BRAVA RADIO","isPartOf":{"@id":"https:\/\/www.bbmnoticias.com\/labravaradiofm\/#website"},"primaryImageOfPage":{"@id":"https:\/\/www.bbmnoticias.com\/anuncia-salomon-jara-inicio-de-distribuidor-vial-de-viguera-con-inversion-de-279-mdp\/#primaryimage"},"image":{"@id":"https:\/\/www.bbmnoticias.com\/anuncia-salomon-jara-inicio-de-distribuidor-vial-de-viguera-con-inversion-de-279-mdp\/#primaryimage"},"thumbnailUrl":"https:\/\/www.bbmnoticias.com\/labravaradiofm\/wp-content\/uploads\/sites\/5\/2026\/04\/sjc_distribuidor_vial.jpg","datePublished":"2026-04-27T21:32:19+00:00","dateModified":"2026-04-27T21:32:22+00:00","author":{"@id":"https:\/\/www.bbmnoticias.com\/labravaradiofm\/#\/schema\/person\/68a9e9036ef3c5b55aeb2b71dc8bab45"},"breadcrumb":{"@id":"https:\/\/www.bbmnoticias.com\/anuncia-salomon-jara-inicio-de-distribuidor-vial-de-viguera-con-inversion-de-279-mdp\/#breadcrumb"},"inLanguage":"es","potentialAction":[{"@type":"ReadAction","target":["https:\/\/www.bbmnoticias.com\/anuncia-salomon-jara-inicio-de-distribuidor-vial-de-viguera-con-inversion-de-279-mdp\/"]}]},{"@type":"ImageObject","inLanguage":"es","@id":"https:\/\/www.bbmnoticias.com\/anuncia-salomon-jara-inicio-de-distribuidor-vial-de-viguera-con-inversion-de-279-mdp\/#primaryimage","url":"https:\/\/www.bbmnoticias.com\/labravaradiofm\/wp-content\/uploads\/sites\/5\/2026\/04\/sjc_distribuidor_vial.jpg","contentUrl":"https:\/\/www.bbmnoticias.com\/labravaradiofm\/wp-content\/uploads\/sites\/5\/2026\/04\/sjc_distribuidor_vial.jpg","width":800,"height":534},{"@type":"BreadcrumbList","@id":"https:\/\/www.bbmnoticias.com\/anuncia-salomon-jara-inicio-de-distribuidor-vial-de-viguera-con-inversion-de-279-mdp\/#breadcrumb","itemListElement":[{"@type":"ListItem","position":1,"name":"Inicio","item":"https:\/\/www.bbmnoticias.com\/labravaradiofm\/"},{"@type":"ListItem","position":2,"name":"Anuncia Salom\u00f3n Jara inicio de distribuidor vial de Viguera con inversi\u00f3n de 279 mdp"}]},{"@type":"WebSite","@id":"https:\/\/www.bbmnoticias.com\/labravaradiofm\/#website","url":"https:\/\/www.bbmnoticias.com\/labravaradiofm\/","name":"LA BRAVA RADIO","description":"Empresa productora de medios, Radiodifusi\u00f3n, Noticias, tendencias y todo lo que necesitas saber de la pol\u00edtica mexicana e internacional; entretenimiento, espect\u00e1culos, salud y mucho m\u00e1s.","potentialAction":[{"@type":"SearchAction","target":{"@type":"EntryPoint","urlTemplate":"https:\/\/www.bbmnoticias.com\/labravaradiofm\/?s={search_term_string}"},"query-input":{"@type":"PropertyValueSpecification","valueRequired":true,"valueName":"search_term_string"}}],"inLanguage":"es"},{"@type":"Person","@id":"https:\/\/www.bbmnoticias.com\/labravaradiofm\/#\/schema\/person\/68a9e9036ef3c5b55aeb2b71dc8bab45","name":"Staff","image":{"@type":"ImageObject","inLanguage":"es","@id":"https:\/\/secure.gravatar.com\/avatar\/fdd21ad66fd8b98c407f9dee5b5e588cfe7f0d8579ec20fa6527cd59bab7f0f0?s=96&d=mm&r=g","url":"https:\/\/secure.gravatar.com\/avatar\/fdd21ad66fd8b98c407f9dee5b5e588cfe7f0d8579ec20fa6527cd59bab7f0f0?s=96&d=mm&r=g","contentUrl":"https:\/\/secure.gravatar.com\/avatar\/fdd21ad66fd8b98c407f9dee5b5e588cfe7f0d8579ec20fa6527cd59bab7f0f0?s=96&d=mm&r=g","caption":"Staff"},"url":"https:\/\/www.bbmnoticias.com\/labravaradiofm\/author\/redaccion\/"}]}},"_links":{"self":[{"href":"https:\/\/www.bbmnoticias.com\/labravaradiofm\/wp-json\/wp\/v2\/posts\/76620","targetHints":{"allow":["GET"]}}],"collection":[{"href":"https:\/\/www.bbmnoticias.com\/labravaradiofm\/wp-json\/wp\/v2\/posts"}],"about":[{"href":"https:\/\/www.bbmnoticias.com\/labravaradiofm\/wp-json\/wp\/v2\/types\/post"}],"author":[{"embeddable":true,"href":"https:\/\/www.bbmnoticias.com\/labravaradiofm\/wp-json\/wp\/v2\/users\/2"}],"replies":[{"embeddable":true,"href":"https:\/\/www.bbmnoticias.com\/labravaradiofm\/wp-json\/wp\/v2\/comments?post=76620"}],"version-history":[{"count":1,"href":"https:\/\/www.bbmnoticias.com\/labravaradiofm\/wp-json\/wp\/v2\/posts\/76620\/revisions"}],"predecessor-version":[{"id":76621,"href":"https:\/\/www.bbmnoticias.com\/labravaradiofm\/wp-json\/wp\/v2\/posts\/76620\/revisions\/76621"}],"wp:featuredmedia":[{"embeddable":true,"href":"https:\/\/www.bbmnoticias.com\/labravaradiofm\/wp-json\/wp\/v2\/media\/76622"}],"wp:attachment":[{"href":"https:\/\/www.bbmnoticias.com\/labravaradiofm\/wp-json\/wp\/v2\/media?parent=76620"}],"wp:term":[{"taxonomy":"category","embeddable":true,"href":"https:\/\/www.bbmnoticias.com\/labravaradiofm\/wp-json\/wp\/v2\/categories?post=76620"},{"taxonomy":"post_tag","embeddable":true,"href":"https:\/\/www.bbmnoticias.com\/labravaradiofm\/wp-json\/wp\/v2\/tags?post=76620"}],"curies":[{"name":"wp","href":"https:\/\/api.w.org\/{rel}","templated":true}]}}