{"id":7662,"date":"2021-12-23T07:46:03","date_gmt":"2021-12-23T13:46:03","guid":{"rendered":"https:\/\/www.bbmnoticias.com\/labravaradiofm\/?p=7662"},"modified":"2021-12-23T08:46:05","modified_gmt":"2021-12-23T14:46:05","slug":"nombran-a-salomon-jara-coordinador-estatal-en-defensa-de-la-4t","status":"publish","type":"post","link":"https:\/\/www.bbmnoticias.com\/labravaradiofm\/2021\/12\/23\/nombran-a-salomon-jara-coordinador-estatal-en-defensa-de-la-4t\/","title":{"rendered":"Nombran a Salom\u00f3n Jara Coordinador Estatal en Defensa de la 4T"},"content":{"rendered":"<div style=\"margin-top: 0px; margin-bottom: 0px;\" class=\"sharethis-inline-share-buttons\" ><\/div>\n<p>Tras varias horas de debate,<strong> Morena <\/strong>defini\u00f3 esta madrugada, a sus aspirantes para competir por las 6 gubernaturas en disputa para 2022.<\/p>\n\n\n\n<p>La coalici\u00f3n conformada por Morena, Partido del Trabajo, Partido Verde y en algunas entidades con Nueva Alianza, competir\u00e1 por el gobierno de Aguascalientes con<strong> Nora Ruvalcaba<\/strong>; en Durango<strong>, Marina Vitela<\/strong>; Hidalgo, <strong>Julio Menchaca<\/strong>; Oaxaca, <strong>Salom\u00f3n Jara<\/strong>; Quintana Roo,<strong> Mara Lezama<\/strong>, y Tamaulipas, <strong>Americo Villarreal<\/strong>.<\/p>\n\n\n\n<p>\u201cComo ustedes se habr\u00e1n enterado, tenemos en cinco entidades que ganaron las encuestas, hombres, y una entidad donde gan\u00f3, claramente, una mujer.<\/p>\n\n\n\n<p>A lo largo del d\u00eda fuimos presentando al hombre mejor posicionado y a la mujer mejor posicionada en cada una de las entidades, porque como advertimos desde el inicio de esta larga jornada, Morena va a cumplir el compromiso de abrir espacios pol\u00edticos para la participaci\u00f3n de la mujer y garantizar que, por lo menos, en tres entidades vayamos con una coordinadora mujer, en tres entidades, para la defensa de la Cuarta Transformaci\u00f3n.<\/p>\n\n\n\n<p>\u201cAl ser cinco hombres que ganaron, tuvimos la necesidad de establecer una regla de paridad. Necesit\u00e1bamos cumplir con la regla de paridad, pero al mismo tiempo, potenciar la capacidad de triunfo que tiene nuestro movimiento en la entidad federativa; necesit\u00e1bamos una combinaci\u00f3n que nos permitiera potenciar la capacidad de triunfo, minimizar riesgos y, al mismo tiempo, cumplir con una regla de paridad\u201d, dijo Mario Delgado, dirigente nacional de Morena.<\/p>\n\n\n\n<p>Ayer, desde las 8:00 horas, el dirigente nacional de Morena, <strong>Mario Delgado,<\/strong> se \u201cencerr\u00f3\u201d con los integrantes de la <strong>Comisi\u00f3n Nacional de Elecciones del partido,<\/strong> as\u00ed como los representantes de las 3 encuestadoras que fueron contratadas para el levantamiento de encuestas: Buend\u00eda y M\u00e1rquez; Covarrubias y Asociados, y Mendoza-Blanco y Asociados.<\/p>\n\n\n\n<p>\u201cLa novedad aqu\u00ed es que contratamos, no a dos, a tres encuestadoras nacionales, privadas, que han venido publicando regularmente encuestas en nuestro pa\u00eds. Tienen reconocimiento.&nbsp; &nbsp;\u201cNo han hecho encuestas p\u00fablicas para los estados que van a estar en elecci\u00f3n, fuimos muy cuidadosos de no invitar a nadie que ya tuviera sus encuestas, que nunca hubiera medido en este proceso a los candidatos y candidatas\u201d, se\u00f1al\u00f3 Mario Delgado.<\/p>\n\n\n\n<p>A la par, Morena levant\u00f3 una encuesta propia, por lo que al final se contaron con 4 \u201cencuestas espejo\u201d, mediante las cuales se determin\u00f3 a quien abanderar\u00e1 al partido. Para todas las entidades se hicieron mil 200 entrevistas. Tamaulipas fue la \u00fanica entidad en la que se llevaron a cabo v\u00eda telef\u00f3nica, para el resto de las entidades, fueron encuestas a domicilio, cara a cara.<\/p>\n\n\n\n<p>El factor de equidad fue definitivo para las definiciones finales. Delgado Carrillo subray\u00f3 que si seis mujeres hubiesen ganado las encuestas, son las que hubiesen abanderado al partido. Pero no fue el caso y hubo que hacer ajustes, para tener al final: tres mujeres candidatas y 3 hombres candidatos. Durante el d\u00eda, se llevaron a cabo reuniones con todos los aspirantes que fueron integrados en los sondeos que se llevaron a cabo.<\/p>\n\n\n\n<p>Se inicio con la revisi\u00f3n y an\u00e1lisis de las encuestas en Aguascalientes, seguido de Durango, Hidalgo, Oaxaca, Quintana Roo y Tamaulipas. Para cada caso, se dieron a conocer a la mujer y hombre mejor posicionados. Para los casos de Durango, Hidalgo y Oaxaca, se tuvo a tres finalistas: dos hombres y el caso de las mujeres que obtuvieron el tercer lugar, para esas entidades.<\/p>\n","protected":false},"excerpt":{"rendered":"<p>Tras varias horas de debate, Morena defini\u00f3 esta madrugada, a sus aspirantes para competir por las 6 gubernaturas en disputa para 2022. La coalici\u00f3n conformada por Morena, Partido del Trabajo, Partido Verde y en algunas entidades con Nueva Alianza, competir\u00e1 por el gobierno de Aguascalientes con Nora Ruvalcaba; en Durango, Marina Vitela; Hidalgo, Julio Menchaca; [&hellip;]<\/p>\n","protected":false},"author":10,"featured_media":7663,"comment_status":"closed","ping_status":"closed","sticky":false,"template":"","format":"standard","meta":{"footnotes":""},"categories":[2],"tags":[],"class_list":{"0":"post-7662","1":"post","2":"type-post","3":"status-publish","4":"format-standard","5":"has-post-thumbnail","7":"category-oaxaca"},"yoast_head":"<!-- This site is optimized with the Yoast SEO plugin v27.4 - https:\/\/yoast.com\/product\/yoast-seo-wordpress\/ -->\n<title>Nombran a Salom\u00f3n Jara Coordinador Estatal en Defensa de la 4T - LA BRAVA RADIO<\/title>\n<meta name=\"robots\" content=\"index, follow, max-snippet:-1, max-image-preview:large, max-video-preview:-1\" \/>\n<link rel=\"canonical\" href=\"https:\/\/www.bbmnoticias.com\/labravaradiofm\/2021\/12\/23\/nombran-a-salomon-jara-coordinador-estatal-en-defensa-de-la-4t\/\" \/>\n<meta property=\"og:locale\" content=\"es_MX\" \/>\n<meta property=\"og:type\" content=\"article\" \/>\n<meta property=\"og:title\" content=\"Nombran a Salom\u00f3n Jara Coordinador Estatal en Defensa de la 4T - LA BRAVA RADIO\" \/>\n<meta property=\"og:description\" content=\"Tras varias horas de debate, Morena defini\u00f3 esta madrugada, a sus aspirantes para competir por las 6 gubernaturas en disputa para 2022. La coalici\u00f3n conformada por Morena, Partido del Trabajo, Partido Verde y en algunas entidades con Nueva Alianza, competir\u00e1 por el gobierno de Aguascalientes con Nora Ruvalcaba; en Durango, Marina Vitela; Hidalgo, Julio Menchaca; [&hellip;]\" \/>\n<meta property=\"og:url\" content=\"https:\/\/www.bbmnoticias.com\/labravaradiofm\/2021\/12\/23\/nombran-a-salomon-jara-coordinador-estatal-en-defensa-de-la-4t\/\" \/>\n<meta property=\"og:site_name\" content=\"LA BRAVA RADIO\" \/>\n<meta property=\"article:published_time\" content=\"2021-12-23T13:46:03+00:00\" \/>\n<meta property=\"article:modified_time\" content=\"2021-12-23T14:46:05+00:00\" \/>\n<meta property=\"og:image\" content=\"https:\/\/www.bbmnoticias.com\/labravaradiofm\/wp-content\/uploads\/sites\/5\/2021\/12\/morena-designa.jpg\" \/>\n\t<meta property=\"og:image:width\" content=\"1600\" \/>\n\t<meta property=\"og:image:height\" content=\"900\" \/>\n\t<meta property=\"og:image:type\" content=\"image\/jpeg\" \/>\n<meta name=\"author\" content=\"El Universal\" \/>\n<meta name=\"twitter:card\" content=\"summary_large_image\" \/>\n<meta name=\"twitter:label1\" content=\"Escrito por\" \/>\n\t<meta name=\"twitter:data1\" content=\"El Universal\" \/>\n\t<meta name=\"twitter:label2\" content=\"Tiempo de lectura\" \/>\n\t<meta name=\"twitter:data2\" content=\"3 minutos\" \/>\n<script type=\"application\/ld+json\" class=\"yoast-schema-graph\">{\"@context\":\"https:\\\/\\\/schema.org\",\"@graph\":[{\"@type\":\"Article\",\"@id\":\"https:\\\/\\\/www.bbmnoticias.com\\\/labravaradiofm\\\/2021\\\/12\\\/23\\\/nombran-a-salomon-jara-coordinador-estatal-en-defensa-de-la-4t\\\/#article\",\"isPartOf\":{\"@id\":\"https:\\\/\\\/www.bbmnoticias.com\\\/labravaradiofm\\\/2021\\\/12\\\/23\\\/nombran-a-salomon-jara-coordinador-estatal-en-defensa-de-la-4t\\\/\"},\"author\":{\"name\":\"El Universal\",\"@id\":\"https:\\\/\\\/www.bbmnoticias.com\\\/labravaradiofm\\\/#\\\/schema\\\/person\\\/2a5252389acf1e67397601bfd47df59b\"},\"headline\":\"Nombran a Salom\u00f3n Jara Coordinador Estatal en Defensa de la 4T\",\"datePublished\":\"2021-12-23T13:46:03+00:00\",\"dateModified\":\"2021-12-23T14:46:05+00:00\",\"mainEntityOfPage\":{\"@id\":\"https:\\\/\\\/www.bbmnoticias.com\\\/labravaradiofm\\\/2021\\\/12\\\/23\\\/nombran-a-salomon-jara-coordinador-estatal-en-defensa-de-la-4t\\\/\"},\"wordCount\":578,\"image\":{\"@id\":\"https:\\\/\\\/www.bbmnoticias.com\\\/labravaradiofm\\\/2021\\\/12\\\/23\\\/nombran-a-salomon-jara-coordinador-estatal-en-defensa-de-la-4t\\\/#primaryimage\"},\"thumbnailUrl\":\"https:\\\/\\\/www.bbmnoticias.com\\\/labravaradiofm\\\/wp-content\\\/uploads\\\/sites\\\/5\\\/2021\\\/12\\\/morena-designa.jpg\",\"articleSection\":[\"LOCAL\"],\"inLanguage\":\"es\"},{\"@type\":\"WebPage\",\"@id\":\"https:\\\/\\\/www.bbmnoticias.com\\\/labravaradiofm\\\/2021\\\/12\\\/23\\\/nombran-a-salomon-jara-coordinador-estatal-en-defensa-de-la-4t\\\/\",\"url\":\"https:\\\/\\\/www.bbmnoticias.com\\\/labravaradiofm\\\/2021\\\/12\\\/23\\\/nombran-a-salomon-jara-coordinador-estatal-en-defensa-de-la-4t\\\/\",\"name\":\"Nombran a Salom\u00f3n Jara Coordinador Estatal en Defensa de la 4T - LA BRAVA RADIO\",\"isPartOf\":{\"@id\":\"https:\\\/\\\/www.bbmnoticias.com\\\/labravaradiofm\\\/#website\"},\"primaryImageOfPage\":{\"@id\":\"https:\\\/\\\/www.bbmnoticias.com\\\/labravaradiofm\\\/2021\\\/12\\\/23\\\/nombran-a-salomon-jara-coordinador-estatal-en-defensa-de-la-4t\\\/#primaryimage\"},\"image\":{\"@id\":\"https:\\\/\\\/www.bbmnoticias.com\\\/labravaradiofm\\\/2021\\\/12\\\/23\\\/nombran-a-salomon-jara-coordinador-estatal-en-defensa-de-la-4t\\\/#primaryimage\"},\"thumbnailUrl\":\"https:\\\/\\\/www.bbmnoticias.com\\\/labravaradiofm\\\/wp-content\\\/uploads\\\/sites\\\/5\\\/2021\\\/12\\\/morena-designa.jpg\",\"datePublished\":\"2021-12-23T13:46:03+00:00\",\"dateModified\":\"2021-12-23T14:46:05+00:00\",\"author\":{\"@id\":\"https:\\\/\\\/www.bbmnoticias.com\\\/labravaradiofm\\\/#\\\/schema\\\/person\\\/2a5252389acf1e67397601bfd47df59b\"},\"breadcrumb\":{\"@id\":\"https:\\\/\\\/www.bbmnoticias.com\\\/labravaradiofm\\\/2021\\\/12\\\/23\\\/nombran-a-salomon-jara-coordinador-estatal-en-defensa-de-la-4t\\\/#breadcrumb\"},\"inLanguage\":\"es\",\"potentialAction\":[{\"@type\":\"ReadAction\",\"target\":[\"https:\\\/\\\/www.bbmnoticias.com\\\/labravaradiofm\\\/2021\\\/12\\\/23\\\/nombran-a-salomon-jara-coordinador-estatal-en-defensa-de-la-4t\\\/\"]}]},{\"@type\":\"ImageObject\",\"inLanguage\":\"es\",\"@id\":\"https:\\\/\\\/www.bbmnoticias.com\\\/labravaradiofm\\\/2021\\\/12\\\/23\\\/nombran-a-salomon-jara-coordinador-estatal-en-defensa-de-la-4t\\\/#primaryimage\",\"url\":\"https:\\\/\\\/www.bbmnoticias.com\\\/labravaradiofm\\\/wp-content\\\/uploads\\\/sites\\\/5\\\/2021\\\/12\\\/morena-designa.jpg\",\"contentUrl\":\"https:\\\/\\\/www.bbmnoticias.com\\\/labravaradiofm\\\/wp-content\\\/uploads\\\/sites\\\/5\\\/2021\\\/12\\\/morena-designa.jpg\",\"width\":1600,\"height\":900},{\"@type\":\"BreadcrumbList\",\"@id\":\"https:\\\/\\\/www.bbmnoticias.com\\\/labravaradiofm\\\/2021\\\/12\\\/23\\\/nombran-a-salomon-jara-coordinador-estatal-en-defensa-de-la-4t\\\/#breadcrumb\",\"itemListElement\":[{\"@type\":\"ListItem\",\"position\":1,\"name\":\"Inicio\",\"item\":\"https:\\\/\\\/www.bbmnoticias.com\\\/labravaradiofm\\\/\"},{\"@type\":\"ListItem\",\"position\":2,\"name\":\"Nombran a Salom\u00f3n Jara Coordinador Estatal en Defensa de la 4T\"}]},{\"@type\":\"WebSite\",\"@id\":\"https:\\\/\\\/www.bbmnoticias.com\\\/labravaradiofm\\\/#website\",\"url\":\"https:\\\/\\\/www.bbmnoticias.com\\\/labravaradiofm\\\/\",\"name\":\"LA BRAVA RADIO\",\"description\":\"Empresa productora de medios, Radiodifusi\u00f3n, Noticias, tendencias y todo lo que necesitas saber de la pol\u00edtica mexicana e internacional; entretenimiento, espect\u00e1culos, salud y mucho m\u00e1s.\",\"potentialAction\":[{\"@type\":\"SearchAction\",\"target\":{\"@type\":\"EntryPoint\",\"urlTemplate\":\"https:\\\/\\\/www.bbmnoticias.com\\\/labravaradiofm\\\/?s={search_term_string}\"},\"query-input\":{\"@type\":\"PropertyValueSpecification\",\"valueRequired\":true,\"valueName\":\"search_term_string\"}}],\"inLanguage\":\"es\"},{\"@type\":\"Person\",\"@id\":\"https:\\\/\\\/www.bbmnoticias.com\\\/labravaradiofm\\\/#\\\/schema\\\/person\\\/2a5252389acf1e67397601bfd47df59b\",\"name\":\"El Universal\",\"image\":{\"@type\":\"ImageObject\",\"inLanguage\":\"es\",\"@id\":\"https:\\\/\\\/secure.gravatar.com\\\/avatar\\\/71c770e6e00bd7cb8183e56d1c59f81601544fbe41d802d7c17d05c9e25f7d06?s=96&d=mm&r=g\",\"url\":\"https:\\\/\\\/secure.gravatar.com\\\/avatar\\\/71c770e6e00bd7cb8183e56d1c59f81601544fbe41d802d7c17d05c9e25f7d06?s=96&d=mm&r=g\",\"contentUrl\":\"https:\\\/\\\/secure.gravatar.com\\\/avatar\\\/71c770e6e00bd7cb8183e56d1c59f81601544fbe41d802d7c17d05c9e25f7d06?s=96&d=mm&r=g\",\"caption\":\"El Universal\"},\"url\":\"https:\\\/\\\/www.bbmnoticias.com\\\/labravaradiofm\\\/author\\\/eluniversal\\\/\"}]}<\/script>\n<!-- \/ Yoast SEO plugin. -->","yoast_head_json":{"title":"Nombran a Salom\u00f3n Jara Coordinador Estatal en Defensa de la 4T - LA BRAVA RADIO","robots":{"index":"index","follow":"follow","max-snippet":"max-snippet:-1","max-image-preview":"max-image-preview:large","max-video-preview":"max-video-preview:-1"},"canonical":"https:\/\/www.bbmnoticias.com\/labravaradiofm\/2021\/12\/23\/nombran-a-salomon-jara-coordinador-estatal-en-defensa-de-la-4t\/","og_locale":"es_MX","og_type":"article","og_title":"Nombran a Salom\u00f3n Jara Coordinador Estatal en Defensa de la 4T - LA BRAVA RADIO","og_description":"Tras varias horas de debate, Morena defini\u00f3 esta madrugada, a sus aspirantes para competir por las 6 gubernaturas en disputa para 2022. La coalici\u00f3n conformada por Morena, Partido del Trabajo, Partido Verde y en algunas entidades con Nueva Alianza, competir\u00e1 por el gobierno de Aguascalientes con Nora Ruvalcaba; en Durango, Marina Vitela; Hidalgo, Julio Menchaca; [&hellip;]","og_url":"https:\/\/www.bbmnoticias.com\/labravaradiofm\/2021\/12\/23\/nombran-a-salomon-jara-coordinador-estatal-en-defensa-de-la-4t\/","og_site_name":"LA BRAVA RADIO","article_published_time":"2021-12-23T13:46:03+00:00","article_modified_time":"2021-12-23T14:46:05+00:00","og_image":[{"width":1600,"height":900,"url":"https:\/\/www.bbmnoticias.com\/labravaradiofm\/wp-content\/uploads\/sites\/5\/2021\/12\/morena-designa.jpg","type":"image\/jpeg"}],"author":"El Universal","twitter_card":"summary_large_image","twitter_misc":{"Escrito por":"El Universal","Tiempo de lectura":"3 minutos"},"schema":{"@context":"https:\/\/schema.org","@graph":[{"@type":"Article","@id":"https:\/\/www.bbmnoticias.com\/labravaradiofm\/2021\/12\/23\/nombran-a-salomon-jara-coordinador-estatal-en-defensa-de-la-4t\/#article","isPartOf":{"@id":"https:\/\/www.bbmnoticias.com\/labravaradiofm\/2021\/12\/23\/nombran-a-salomon-jara-coordinador-estatal-en-defensa-de-la-4t\/"},"author":{"name":"El Universal","@id":"https:\/\/www.bbmnoticias.com\/labravaradiofm\/#\/schema\/person\/2a5252389acf1e67397601bfd47df59b"},"headline":"Nombran a Salom\u00f3n Jara Coordinador Estatal en Defensa de la 4T","datePublished":"2021-12-23T13:46:03+00:00","dateModified":"2021-12-23T14:46:05+00:00","mainEntityOfPage":{"@id":"https:\/\/www.bbmnoticias.com\/labravaradiofm\/2021\/12\/23\/nombran-a-salomon-jara-coordinador-estatal-en-defensa-de-la-4t\/"},"wordCount":578,"image":{"@id":"https:\/\/www.bbmnoticias.com\/labravaradiofm\/2021\/12\/23\/nombran-a-salomon-jara-coordinador-estatal-en-defensa-de-la-4t\/#primaryimage"},"thumbnailUrl":"https:\/\/www.bbmnoticias.com\/labravaradiofm\/wp-content\/uploads\/sites\/5\/2021\/12\/morena-designa.jpg","articleSection":["LOCAL"],"inLanguage":"es"},{"@type":"WebPage","@id":"https:\/\/www.bbmnoticias.com\/labravaradiofm\/2021\/12\/23\/nombran-a-salomon-jara-coordinador-estatal-en-defensa-de-la-4t\/","url":"https:\/\/www.bbmnoticias.com\/labravaradiofm\/2021\/12\/23\/nombran-a-salomon-jara-coordinador-estatal-en-defensa-de-la-4t\/","name":"Nombran a Salom\u00f3n Jara Coordinador Estatal en Defensa de la 4T - LA BRAVA RADIO","isPartOf":{"@id":"https:\/\/www.bbmnoticias.com\/labravaradiofm\/#website"},"primaryImageOfPage":{"@id":"https:\/\/www.bbmnoticias.com\/labravaradiofm\/2021\/12\/23\/nombran-a-salomon-jara-coordinador-estatal-en-defensa-de-la-4t\/#primaryimage"},"image":{"@id":"https:\/\/www.bbmnoticias.com\/labravaradiofm\/2021\/12\/23\/nombran-a-salomon-jara-coordinador-estatal-en-defensa-de-la-4t\/#primaryimage"},"thumbnailUrl":"https:\/\/www.bbmnoticias.com\/labravaradiofm\/wp-content\/uploads\/sites\/5\/2021\/12\/morena-designa.jpg","datePublished":"2021-12-23T13:46:03+00:00","dateModified":"2021-12-23T14:46:05+00:00","author":{"@id":"https:\/\/www.bbmnoticias.com\/labravaradiofm\/#\/schema\/person\/2a5252389acf1e67397601bfd47df59b"},"breadcrumb":{"@id":"https:\/\/www.bbmnoticias.com\/labravaradiofm\/2021\/12\/23\/nombran-a-salomon-jara-coordinador-estatal-en-defensa-de-la-4t\/#breadcrumb"},"inLanguage":"es","potentialAction":[{"@type":"ReadAction","target":["https:\/\/www.bbmnoticias.com\/labravaradiofm\/2021\/12\/23\/nombran-a-salomon-jara-coordinador-estatal-en-defensa-de-la-4t\/"]}]},{"@type":"ImageObject","inLanguage":"es","@id":"https:\/\/www.bbmnoticias.com\/labravaradiofm\/2021\/12\/23\/nombran-a-salomon-jara-coordinador-estatal-en-defensa-de-la-4t\/#primaryimage","url":"https:\/\/www.bbmnoticias.com\/labravaradiofm\/wp-content\/uploads\/sites\/5\/2021\/12\/morena-designa.jpg","contentUrl":"https:\/\/www.bbmnoticias.com\/labravaradiofm\/wp-content\/uploads\/sites\/5\/2021\/12\/morena-designa.jpg","width":1600,"height":900},{"@type":"BreadcrumbList","@id":"https:\/\/www.bbmnoticias.com\/labravaradiofm\/2021\/12\/23\/nombran-a-salomon-jara-coordinador-estatal-en-defensa-de-la-4t\/#breadcrumb","itemListElement":[{"@type":"ListItem","position":1,"name":"Inicio","item":"https:\/\/www.bbmnoticias.com\/labravaradiofm\/"},{"@type":"ListItem","position":2,"name":"Nombran a Salom\u00f3n Jara Coordinador Estatal en Defensa de la 4T"}]},{"@type":"WebSite","@id":"https:\/\/www.bbmnoticias.com\/labravaradiofm\/#website","url":"https:\/\/www.bbmnoticias.com\/labravaradiofm\/","name":"LA BRAVA RADIO","description":"Empresa productora de medios, Radiodifusi\u00f3n, Noticias, tendencias y todo lo que necesitas saber de la pol\u00edtica mexicana e internacional; entretenimiento, espect\u00e1culos, salud y mucho m\u00e1s.","potentialAction":[{"@type":"SearchAction","target":{"@type":"EntryPoint","urlTemplate":"https:\/\/www.bbmnoticias.com\/labravaradiofm\/?s={search_term_string}"},"query-input":{"@type":"PropertyValueSpecification","valueRequired":true,"valueName":"search_term_string"}}],"inLanguage":"es"},{"@type":"Person","@id":"https:\/\/www.bbmnoticias.com\/labravaradiofm\/#\/schema\/person\/2a5252389acf1e67397601bfd47df59b","name":"El Universal","image":{"@type":"ImageObject","inLanguage":"es","@id":"https:\/\/secure.gravatar.com\/avatar\/71c770e6e00bd7cb8183e56d1c59f81601544fbe41d802d7c17d05c9e25f7d06?s=96&d=mm&r=g","url":"https:\/\/secure.gravatar.com\/avatar\/71c770e6e00bd7cb8183e56d1c59f81601544fbe41d802d7c17d05c9e25f7d06?s=96&d=mm&r=g","contentUrl":"https:\/\/secure.gravatar.com\/avatar\/71c770e6e00bd7cb8183e56d1c59f81601544fbe41d802d7c17d05c9e25f7d06?s=96&d=mm&r=g","caption":"El Universal"},"url":"https:\/\/www.bbmnoticias.com\/labravaradiofm\/author\/eluniversal\/"}]}},"_links":{"self":[{"href":"https:\/\/www.bbmnoticias.com\/labravaradiofm\/wp-json\/wp\/v2\/posts\/7662","targetHints":{"allow":["GET"]}}],"collection":[{"href":"https:\/\/www.bbmnoticias.com\/labravaradiofm\/wp-json\/wp\/v2\/posts"}],"about":[{"href":"https:\/\/www.bbmnoticias.com\/labravaradiofm\/wp-json\/wp\/v2\/types\/post"}],"author":[{"embeddable":true,"href":"https:\/\/www.bbmnoticias.com\/labravaradiofm\/wp-json\/wp\/v2\/users\/10"}],"replies":[{"embeddable":true,"href":"https:\/\/www.bbmnoticias.com\/labravaradiofm\/wp-json\/wp\/v2\/comments?post=7662"}],"version-history":[{"count":0,"href":"https:\/\/www.bbmnoticias.com\/labravaradiofm\/wp-json\/wp\/v2\/posts\/7662\/revisions"}],"wp:featuredmedia":[{"embeddable":true,"href":"https:\/\/www.bbmnoticias.com\/labravaradiofm\/wp-json\/wp\/v2\/media\/7663"}],"wp:attachment":[{"href":"https:\/\/www.bbmnoticias.com\/labravaradiofm\/wp-json\/wp\/v2\/media?parent=7662"}],"wp:term":[{"taxonomy":"category","embeddable":true,"href":"https:\/\/www.bbmnoticias.com\/labravaradiofm\/wp-json\/wp\/v2\/categories?post=7662"},{"taxonomy":"post_tag","embeddable":true,"href":"https:\/\/www.bbmnoticias.com\/labravaradiofm\/wp-json\/wp\/v2\/tags?post=7662"}],"curies":[{"name":"wp","href":"https:\/\/api.w.org\/{rel}","templated":true}]}}