{"id":76617,"date":"2026-04-27T15:11:04","date_gmt":"2026-04-27T21:11:04","guid":{"rendered":"https:\/\/www.bbmnoticias.com\/labravaradiofm\/2026\/04\/27\/mototaxistas-y-organizaciones-bloquean-la-carretera-transistmica-en-oaxaca-para-exigir-la-liberacion-de-17-unidades\/"},"modified":"2026-04-27T15:11:33","modified_gmt":"2026-04-27T21:11:33","slug":"mototaxistas-y-organizaciones-bloquean-la-carretera-transistmica-en-oaxaca-para-exigir-la-liberacion-de-17-unidades","status":"publish","type":"post","link":"https:\/\/www.bbmnoticias.com\/labravaradiofm\/2026\/04\/27\/mototaxistas-y-organizaciones-bloquean-la-carretera-transistmica-en-oaxaca-para-exigir-la-liberacion-de-17-unidades\/","title":{"rendered":"Mototaxistas y organizaciones bloquean la carretera Trans\u00edstmica, en Oaxaca, para exigir la liberaci\u00f3n de 17 unidades"},"content":{"rendered":"<div style=\"margin-top: 0px; margin-bottom: 0px;\" class=\"sharethis-inline-share-buttons\" ><\/div>\n<p>Juchit\u00e1n, Oax. \u2013 Decenas de mototaxistas de diferentes organizaciones sociales bloquearon la<strong>carretera Trans\u00edstmica <\/strong>en el Canal 33 de esta ciudad y demandaron la liberaci\u00f3n de 17 unidades aseguradas en el<strong>Plan Juchit\u00e1n: Transporte Seguro<\/strong>.<\/p>\n\n\n\n<p>Las autoridades de Movilidad informaron que el aseguramiento de los mototaxis se deriv\u00f3 de que algunos no est\u00e1n inscritos en el censo de casi<strong> cinco mil 600 unidades<\/strong>, otros, tienen reportes de robos y algunos m\u00e1s los conductores son menores de edad.<\/p>\n\n\n\n<p>El bloqueo de la carretera concluy\u00f3 inesperadamente debido a que poco despu\u00e9s de las 10 de la ma\u00f1ana se registr\u00f3 a unos metros de la protesta se registr\u00f3 un ataque armado contra dos ocupantes de una camioneta, que fueron trasladados a un hospital de la ciudad.<\/p>\n\n\n\n<p>Las autoridades de Movilidad realizaron el operativo de aseguramiento de mototaxis del 21 al 23 de este mes, justo en el periodo que abrieron para continuar con la recepci\u00f3n de documentos y regularizar la circulaci\u00f3n de ese esquema de transporte que no contempla la ley de la materia.<\/p>\n\n\n\n<p>Tras la ejecuci\u00f3n del operativo y el bloqueo carretero, circul\u00f3 entre representantes del <strong>mototaxismo<\/strong> la versi\u00f3n de que las autoridades de Movilidad estatal suspendieron el programa destinado a la regularizaci\u00f3n de ese transporte.<\/p>\n\n\n\n<p>Versiones de las autoridades apuntaron, extraoficialmente, que el reordenamiento se paus\u00f3 para que haya un acuerdo con mayor firmeza entre los representantes de los<strong> cinco 600 mototaxis<\/strong> censados el a\u00f1o pasado.<\/p>\n\n\n\n<p>Por otro lado, algunos de los dirigentes de las organizaciones que asesoran a los mototaxistas, indicaron que funcionarios de<strong> Movilidad y de la Secretar\u00eda de Gobierno<\/strong>, est\u00e1n pidiendo que solo se registre la mitad de los censados, toda vez que hay otros tres mil sin censar.<\/p>\n\n\n\n<p>Con informaci\u00f3n de El Universal<\/p>\n","protected":false},"excerpt":{"rendered":"<p>Juchit\u00e1n, Oax. \u2013 Decenas de mototaxistas de diferentes organizaciones sociales bloquearon lacarretera Trans\u00edstmica en el Canal 33 de esta ciudad y demandaron la liberaci\u00f3n de 17 unidades aseguradas en elPlan Juchit\u00e1n: Transporte Seguro. Las autoridades de Movilidad informaron que el aseguramiento de los mototaxis se deriv\u00f3 de que algunos no est\u00e1n inscritos en el censo [&hellip;]<\/p>\n","protected":false},"author":4,"featured_media":76619,"comment_status":"closed","ping_status":"open","sticky":false,"template":"","format":"standard","meta":{"footnotes":""},"categories":[2],"tags":[],"class_list":{"0":"post-76617","1":"post","2":"type-post","3":"status-publish","4":"format-standard","5":"has-post-thumbnail","7":"category-oaxaca"},"yoast_head":"<!-- This site is optimized with the Yoast SEO plugin v27.4 - https:\/\/yoast.com\/product\/yoast-seo-wordpress\/ -->\n<title>Mototaxistas y organizaciones bloquean la carretera Trans\u00edstmica, en Oaxaca, para exigir la liberaci\u00f3n de 17 unidades - LA BRAVA RADIO<\/title>\n<meta name=\"robots\" content=\"index, follow, max-snippet:-1, max-image-preview:large, max-video-preview:-1\" \/>\n<link rel=\"canonical\" href=\"https:\/\/www.bbmnoticias.com\/mototaxistas-y-organizaciones-bloquean-la-carretera-transistmica-en-oaxaca-para-exigir-la-liberacion-de-17-unidades\/\" \/>\n<meta property=\"og:locale\" content=\"es_MX\" \/>\n<meta property=\"og:type\" content=\"article\" \/>\n<meta property=\"og:title\" content=\"Mototaxistas y organizaciones bloquean la carretera Trans\u00edstmica, en Oaxaca, para exigir la liberaci\u00f3n de 17 unidades - LA BRAVA RADIO\" \/>\n<meta property=\"og:description\" content=\"Juchit\u00e1n, Oax. \u2013 Decenas de mototaxistas de diferentes organizaciones sociales bloquearon lacarretera Trans\u00edstmica en el Canal 33 de esta ciudad y demandaron la liberaci\u00f3n de 17 unidades aseguradas en elPlan Juchit\u00e1n: Transporte Seguro. Las autoridades de Movilidad informaron que el aseguramiento de los mototaxis se deriv\u00f3 de que algunos no est\u00e1n inscritos en el censo [&hellip;]\" \/>\n<meta property=\"og:url\" content=\"https:\/\/www.bbmnoticias.com\/mototaxistas-y-organizaciones-bloquean-la-carretera-transistmica-en-oaxaca-para-exigir-la-liberacion-de-17-unidades\/\" \/>\n<meta property=\"og:site_name\" content=\"LA BRAVA RADIO\" \/>\n<meta property=\"article:published_time\" content=\"2026-04-27T21:11:04+00:00\" \/>\n<meta property=\"article:modified_time\" content=\"2026-04-27T21:11:33+00:00\" \/>\n<meta property=\"og:image\" content=\"https:\/\/www.bbmnoticias.com\/labravaradiofm\/wp-content\/uploads\/sites\/5\/2026\/04\/mototaxistas_juchitan.jpg\" \/>\n\t<meta property=\"og:image:width\" content=\"800\" \/>\n\t<meta property=\"og:image:height\" content=\"493\" \/>\n\t<meta property=\"og:image:type\" content=\"image\/jpeg\" \/>\n<meta name=\"author\" content=\"Agencias\" \/>\n<meta name=\"twitter:card\" content=\"summary_large_image\" \/>\n<meta name=\"twitter:label1\" content=\"Escrito por\" \/>\n\t<meta name=\"twitter:data1\" content=\"Agencias\" \/>\n\t<meta name=\"twitter:label2\" content=\"Tiempo de lectura\" \/>\n\t<meta name=\"twitter:data2\" content=\"1 minuto\" \/>\n<script type=\"application\/ld+json\" class=\"yoast-schema-graph\">{\"@context\":\"https:\\\/\\\/schema.org\",\"@graph\":[{\"@type\":\"Article\",\"@id\":\"https:\\\/\\\/www.bbmnoticias.com\\\/mototaxistas-y-organizaciones-bloquean-la-carretera-transistmica-en-oaxaca-para-exigir-la-liberacion-de-17-unidades\\\/#article\",\"isPartOf\":{\"@id\":\"https:\\\/\\\/www.bbmnoticias.com\\\/labravaradiofm\\\/2026\\\/04\\\/27\\\/mototaxistas-y-organizaciones-bloquean-la-carretera-transistmica-en-oaxaca-para-exigir-la-liberacion-de-17-unidades\\\/\"},\"author\":{\"name\":\"Agencias\",\"@id\":\"https:\\\/\\\/www.bbmnoticias.com\\\/labravaradiofm\\\/#\\\/schema\\\/person\\\/000bdaf0a8fb5bff0d537c4d0778e33f\"},\"headline\":\"Mototaxistas y organizaciones bloquean la carretera Trans\u00edstmica, en Oaxaca, para exigir la liberaci\u00f3n de 17 unidades\",\"datePublished\":\"2026-04-27T21:11:04+00:00\",\"dateModified\":\"2026-04-27T21:11:33+00:00\",\"mainEntityOfPage\":{\"@id\":\"https:\\\/\\\/www.bbmnoticias.com\\\/labravaradiofm\\\/2026\\\/04\\\/27\\\/mototaxistas-y-organizaciones-bloquean-la-carretera-transistmica-en-oaxaca-para-exigir-la-liberacion-de-17-unidades\\\/\"},\"wordCount\":310,\"image\":{\"@id\":\"https:\\\/\\\/www.bbmnoticias.com\\\/mototaxistas-y-organizaciones-bloquean-la-carretera-transistmica-en-oaxaca-para-exigir-la-liberacion-de-17-unidades\\\/#primaryimage\"},\"thumbnailUrl\":\"https:\\\/\\\/www.bbmnoticias.com\\\/labravaradiofm\\\/wp-content\\\/uploads\\\/sites\\\/5\\\/2026\\\/04\\\/mototaxistas_juchitan.jpg\",\"articleSection\":[\"LOCAL\"],\"inLanguage\":\"es\"},{\"@type\":\"WebPage\",\"@id\":\"https:\\\/\\\/www.bbmnoticias.com\\\/labravaradiofm\\\/2026\\\/04\\\/27\\\/mototaxistas-y-organizaciones-bloquean-la-carretera-transistmica-en-oaxaca-para-exigir-la-liberacion-de-17-unidades\\\/\",\"url\":\"https:\\\/\\\/www.bbmnoticias.com\\\/mototaxistas-y-organizaciones-bloquean-la-carretera-transistmica-en-oaxaca-para-exigir-la-liberacion-de-17-unidades\\\/\",\"name\":\"Mototaxistas y organizaciones bloquean la carretera Trans\u00edstmica, en Oaxaca, para exigir la liberaci\u00f3n de 17 unidades - LA BRAVA RADIO\",\"isPartOf\":{\"@id\":\"https:\\\/\\\/www.bbmnoticias.com\\\/labravaradiofm\\\/#website\"},\"primaryImageOfPage\":{\"@id\":\"https:\\\/\\\/www.bbmnoticias.com\\\/mototaxistas-y-organizaciones-bloquean-la-carretera-transistmica-en-oaxaca-para-exigir-la-liberacion-de-17-unidades\\\/#primaryimage\"},\"image\":{\"@id\":\"https:\\\/\\\/www.bbmnoticias.com\\\/mototaxistas-y-organizaciones-bloquean-la-carretera-transistmica-en-oaxaca-para-exigir-la-liberacion-de-17-unidades\\\/#primaryimage\"},\"thumbnailUrl\":\"https:\\\/\\\/www.bbmnoticias.com\\\/labravaradiofm\\\/wp-content\\\/uploads\\\/sites\\\/5\\\/2026\\\/04\\\/mototaxistas_juchitan.jpg\",\"datePublished\":\"2026-04-27T21:11:04+00:00\",\"dateModified\":\"2026-04-27T21:11:33+00:00\",\"author\":{\"@id\":\"https:\\\/\\\/www.bbmnoticias.com\\\/labravaradiofm\\\/#\\\/schema\\\/person\\\/000bdaf0a8fb5bff0d537c4d0778e33f\"},\"breadcrumb\":{\"@id\":\"https:\\\/\\\/www.bbmnoticias.com\\\/mototaxistas-y-organizaciones-bloquean-la-carretera-transistmica-en-oaxaca-para-exigir-la-liberacion-de-17-unidades\\\/#breadcrumb\"},\"inLanguage\":\"es\",\"potentialAction\":[{\"@type\":\"ReadAction\",\"target\":[\"https:\\\/\\\/www.bbmnoticias.com\\\/mototaxistas-y-organizaciones-bloquean-la-carretera-transistmica-en-oaxaca-para-exigir-la-liberacion-de-17-unidades\\\/\"]}]},{\"@type\":\"ImageObject\",\"inLanguage\":\"es\",\"@id\":\"https:\\\/\\\/www.bbmnoticias.com\\\/mototaxistas-y-organizaciones-bloquean-la-carretera-transistmica-en-oaxaca-para-exigir-la-liberacion-de-17-unidades\\\/#primaryimage\",\"url\":\"https:\\\/\\\/www.bbmnoticias.com\\\/labravaradiofm\\\/wp-content\\\/uploads\\\/sites\\\/5\\\/2026\\\/04\\\/mototaxistas_juchitan.jpg\",\"contentUrl\":\"https:\\\/\\\/www.bbmnoticias.com\\\/labravaradiofm\\\/wp-content\\\/uploads\\\/sites\\\/5\\\/2026\\\/04\\\/mototaxistas_juchitan.jpg\",\"width\":800,\"height\":493},{\"@type\":\"BreadcrumbList\",\"@id\":\"https:\\\/\\\/www.bbmnoticias.com\\\/mototaxistas-y-organizaciones-bloquean-la-carretera-transistmica-en-oaxaca-para-exigir-la-liberacion-de-17-unidades\\\/#breadcrumb\",\"itemListElement\":[{\"@type\":\"ListItem\",\"position\":1,\"name\":\"Inicio\",\"item\":\"https:\\\/\\\/www.bbmnoticias.com\\\/labravaradiofm\\\/\"},{\"@type\":\"ListItem\",\"position\":2,\"name\":\"Mototaxistas y organizaciones bloquean la carretera Trans\u00edstmica, en Oaxaca, para exigir la liberaci\u00f3n de 17 unidades\"}]},{\"@type\":\"WebSite\",\"@id\":\"https:\\\/\\\/www.bbmnoticias.com\\\/labravaradiofm\\\/#website\",\"url\":\"https:\\\/\\\/www.bbmnoticias.com\\\/labravaradiofm\\\/\",\"name\":\"LA BRAVA RADIO\",\"description\":\"Empresa productora de medios, Radiodifusi\u00f3n, Noticias, tendencias y todo lo que necesitas saber de la pol\u00edtica mexicana e internacional; entretenimiento, espect\u00e1culos, salud y mucho m\u00e1s.\",\"potentialAction\":[{\"@type\":\"SearchAction\",\"target\":{\"@type\":\"EntryPoint\",\"urlTemplate\":\"https:\\\/\\\/www.bbmnoticias.com\\\/labravaradiofm\\\/?s={search_term_string}\"},\"query-input\":{\"@type\":\"PropertyValueSpecification\",\"valueRequired\":true,\"valueName\":\"search_term_string\"}}],\"inLanguage\":\"es\"},{\"@type\":\"Person\",\"@id\":\"https:\\\/\\\/www.bbmnoticias.com\\\/labravaradiofm\\\/#\\\/schema\\\/person\\\/000bdaf0a8fb5bff0d537c4d0778e33f\",\"name\":\"Agencias\",\"image\":{\"@type\":\"ImageObject\",\"inLanguage\":\"es\",\"@id\":\"https:\\\/\\\/secure.gravatar.com\\\/avatar\\\/739e0b61adf9e398b425c36718c8752286da0e8cd90f20ce9a86678abc26aa0d?s=96&d=mm&r=g\",\"url\":\"https:\\\/\\\/secure.gravatar.com\\\/avatar\\\/739e0b61adf9e398b425c36718c8752286da0e8cd90f20ce9a86678abc26aa0d?s=96&d=mm&r=g\",\"contentUrl\":\"https:\\\/\\\/secure.gravatar.com\\\/avatar\\\/739e0b61adf9e398b425c36718c8752286da0e8cd90f20ce9a86678abc26aa0d?s=96&d=mm&r=g\",\"caption\":\"Agencias\"},\"url\":\"https:\\\/\\\/www.bbmnoticias.com\\\/labravaradiofm\\\/author\\\/agencias\\\/\"}]}<\/script>\n<!-- \/ Yoast SEO plugin. -->","yoast_head_json":{"title":"Mototaxistas y organizaciones bloquean la carretera Trans\u00edstmica, en Oaxaca, para exigir la liberaci\u00f3n de 17 unidades - LA BRAVA RADIO","robots":{"index":"index","follow":"follow","max-snippet":"max-snippet:-1","max-image-preview":"max-image-preview:large","max-video-preview":"max-video-preview:-1"},"canonical":"https:\/\/www.bbmnoticias.com\/mototaxistas-y-organizaciones-bloquean-la-carretera-transistmica-en-oaxaca-para-exigir-la-liberacion-de-17-unidades\/","og_locale":"es_MX","og_type":"article","og_title":"Mototaxistas y organizaciones bloquean la carretera Trans\u00edstmica, en Oaxaca, para exigir la liberaci\u00f3n de 17 unidades - LA BRAVA RADIO","og_description":"Juchit\u00e1n, Oax. \u2013 Decenas de mototaxistas de diferentes organizaciones sociales bloquearon lacarretera Trans\u00edstmica en el Canal 33 de esta ciudad y demandaron la liberaci\u00f3n de 17 unidades aseguradas en elPlan Juchit\u00e1n: Transporte Seguro. Las autoridades de Movilidad informaron que el aseguramiento de los mototaxis se deriv\u00f3 de que algunos no est\u00e1n inscritos en el censo [&hellip;]","og_url":"https:\/\/www.bbmnoticias.com\/mototaxistas-y-organizaciones-bloquean-la-carretera-transistmica-en-oaxaca-para-exigir-la-liberacion-de-17-unidades\/","og_site_name":"LA BRAVA RADIO","article_published_time":"2026-04-27T21:11:04+00:00","article_modified_time":"2026-04-27T21:11:33+00:00","og_image":[{"width":800,"height":493,"url":"https:\/\/www.bbmnoticias.com\/labravaradiofm\/wp-content\/uploads\/sites\/5\/2026\/04\/mototaxistas_juchitan.jpg","type":"image\/jpeg"}],"author":"Agencias","twitter_card":"summary_large_image","twitter_misc":{"Escrito por":"Agencias","Tiempo de lectura":"1 minuto"},"schema":{"@context":"https:\/\/schema.org","@graph":[{"@type":"Article","@id":"https:\/\/www.bbmnoticias.com\/mototaxistas-y-organizaciones-bloquean-la-carretera-transistmica-en-oaxaca-para-exigir-la-liberacion-de-17-unidades\/#article","isPartOf":{"@id":"https:\/\/www.bbmnoticias.com\/labravaradiofm\/2026\/04\/27\/mototaxistas-y-organizaciones-bloquean-la-carretera-transistmica-en-oaxaca-para-exigir-la-liberacion-de-17-unidades\/"},"author":{"name":"Agencias","@id":"https:\/\/www.bbmnoticias.com\/labravaradiofm\/#\/schema\/person\/000bdaf0a8fb5bff0d537c4d0778e33f"},"headline":"Mototaxistas y organizaciones bloquean la carretera Trans\u00edstmica, en Oaxaca, para exigir la liberaci\u00f3n de 17 unidades","datePublished":"2026-04-27T21:11:04+00:00","dateModified":"2026-04-27T21:11:33+00:00","mainEntityOfPage":{"@id":"https:\/\/www.bbmnoticias.com\/labravaradiofm\/2026\/04\/27\/mototaxistas-y-organizaciones-bloquean-la-carretera-transistmica-en-oaxaca-para-exigir-la-liberacion-de-17-unidades\/"},"wordCount":310,"image":{"@id":"https:\/\/www.bbmnoticias.com\/mototaxistas-y-organizaciones-bloquean-la-carretera-transistmica-en-oaxaca-para-exigir-la-liberacion-de-17-unidades\/#primaryimage"},"thumbnailUrl":"https:\/\/www.bbmnoticias.com\/labravaradiofm\/wp-content\/uploads\/sites\/5\/2026\/04\/mototaxistas_juchitan.jpg","articleSection":["LOCAL"],"inLanguage":"es"},{"@type":"WebPage","@id":"https:\/\/www.bbmnoticias.com\/labravaradiofm\/2026\/04\/27\/mototaxistas-y-organizaciones-bloquean-la-carretera-transistmica-en-oaxaca-para-exigir-la-liberacion-de-17-unidades\/","url":"https:\/\/www.bbmnoticias.com\/mototaxistas-y-organizaciones-bloquean-la-carretera-transistmica-en-oaxaca-para-exigir-la-liberacion-de-17-unidades\/","name":"Mototaxistas y organizaciones bloquean la carretera Trans\u00edstmica, en Oaxaca, para exigir la liberaci\u00f3n de 17 unidades - LA BRAVA RADIO","isPartOf":{"@id":"https:\/\/www.bbmnoticias.com\/labravaradiofm\/#website"},"primaryImageOfPage":{"@id":"https:\/\/www.bbmnoticias.com\/mototaxistas-y-organizaciones-bloquean-la-carretera-transistmica-en-oaxaca-para-exigir-la-liberacion-de-17-unidades\/#primaryimage"},"image":{"@id":"https:\/\/www.bbmnoticias.com\/mototaxistas-y-organizaciones-bloquean-la-carretera-transistmica-en-oaxaca-para-exigir-la-liberacion-de-17-unidades\/#primaryimage"},"thumbnailUrl":"https:\/\/www.bbmnoticias.com\/labravaradiofm\/wp-content\/uploads\/sites\/5\/2026\/04\/mototaxistas_juchitan.jpg","datePublished":"2026-04-27T21:11:04+00:00","dateModified":"2026-04-27T21:11:33+00:00","author":{"@id":"https:\/\/www.bbmnoticias.com\/labravaradiofm\/#\/schema\/person\/000bdaf0a8fb5bff0d537c4d0778e33f"},"breadcrumb":{"@id":"https:\/\/www.bbmnoticias.com\/mototaxistas-y-organizaciones-bloquean-la-carretera-transistmica-en-oaxaca-para-exigir-la-liberacion-de-17-unidades\/#breadcrumb"},"inLanguage":"es","potentialAction":[{"@type":"ReadAction","target":["https:\/\/www.bbmnoticias.com\/mototaxistas-y-organizaciones-bloquean-la-carretera-transistmica-en-oaxaca-para-exigir-la-liberacion-de-17-unidades\/"]}]},{"@type":"ImageObject","inLanguage":"es","@id":"https:\/\/www.bbmnoticias.com\/mototaxistas-y-organizaciones-bloquean-la-carretera-transistmica-en-oaxaca-para-exigir-la-liberacion-de-17-unidades\/#primaryimage","url":"https:\/\/www.bbmnoticias.com\/labravaradiofm\/wp-content\/uploads\/sites\/5\/2026\/04\/mototaxistas_juchitan.jpg","contentUrl":"https:\/\/www.bbmnoticias.com\/labravaradiofm\/wp-content\/uploads\/sites\/5\/2026\/04\/mototaxistas_juchitan.jpg","width":800,"height":493},{"@type":"BreadcrumbList","@id":"https:\/\/www.bbmnoticias.com\/mototaxistas-y-organizaciones-bloquean-la-carretera-transistmica-en-oaxaca-para-exigir-la-liberacion-de-17-unidades\/#breadcrumb","itemListElement":[{"@type":"ListItem","position":1,"name":"Inicio","item":"https:\/\/www.bbmnoticias.com\/labravaradiofm\/"},{"@type":"ListItem","position":2,"name":"Mototaxistas y organizaciones bloquean la carretera Trans\u00edstmica, en Oaxaca, para exigir la liberaci\u00f3n de 17 unidades"}]},{"@type":"WebSite","@id":"https:\/\/www.bbmnoticias.com\/labravaradiofm\/#website","url":"https:\/\/www.bbmnoticias.com\/labravaradiofm\/","name":"LA BRAVA RADIO","description":"Empresa productora de medios, Radiodifusi\u00f3n, Noticias, tendencias y todo lo que necesitas saber de la pol\u00edtica mexicana e internacional; entretenimiento, espect\u00e1culos, salud y mucho m\u00e1s.","potentialAction":[{"@type":"SearchAction","target":{"@type":"EntryPoint","urlTemplate":"https:\/\/www.bbmnoticias.com\/labravaradiofm\/?s={search_term_string}"},"query-input":{"@type":"PropertyValueSpecification","valueRequired":true,"valueName":"search_term_string"}}],"inLanguage":"es"},{"@type":"Person","@id":"https:\/\/www.bbmnoticias.com\/labravaradiofm\/#\/schema\/person\/000bdaf0a8fb5bff0d537c4d0778e33f","name":"Agencias","image":{"@type":"ImageObject","inLanguage":"es","@id":"https:\/\/secure.gravatar.com\/avatar\/739e0b61adf9e398b425c36718c8752286da0e8cd90f20ce9a86678abc26aa0d?s=96&d=mm&r=g","url":"https:\/\/secure.gravatar.com\/avatar\/739e0b61adf9e398b425c36718c8752286da0e8cd90f20ce9a86678abc26aa0d?s=96&d=mm&r=g","contentUrl":"https:\/\/secure.gravatar.com\/avatar\/739e0b61adf9e398b425c36718c8752286da0e8cd90f20ce9a86678abc26aa0d?s=96&d=mm&r=g","caption":"Agencias"},"url":"https:\/\/www.bbmnoticias.com\/labravaradiofm\/author\/agencias\/"}]}},"_links":{"self":[{"href":"https:\/\/www.bbmnoticias.com\/labravaradiofm\/wp-json\/wp\/v2\/posts\/76617","targetHints":{"allow":["GET"]}}],"collection":[{"href":"https:\/\/www.bbmnoticias.com\/labravaradiofm\/wp-json\/wp\/v2\/posts"}],"about":[{"href":"https:\/\/www.bbmnoticias.com\/labravaradiofm\/wp-json\/wp\/v2\/types\/post"}],"author":[{"embeddable":true,"href":"https:\/\/www.bbmnoticias.com\/labravaradiofm\/wp-json\/wp\/v2\/users\/4"}],"replies":[{"embeddable":true,"href":"https:\/\/www.bbmnoticias.com\/labravaradiofm\/wp-json\/wp\/v2\/comments?post=76617"}],"version-history":[{"count":1,"href":"https:\/\/www.bbmnoticias.com\/labravaradiofm\/wp-json\/wp\/v2\/posts\/76617\/revisions"}],"predecessor-version":[{"id":76618,"href":"https:\/\/www.bbmnoticias.com\/labravaradiofm\/wp-json\/wp\/v2\/posts\/76617\/revisions\/76618"}],"wp:featuredmedia":[{"embeddable":true,"href":"https:\/\/www.bbmnoticias.com\/labravaradiofm\/wp-json\/wp\/v2\/media\/76619"}],"wp:attachment":[{"href":"https:\/\/www.bbmnoticias.com\/labravaradiofm\/wp-json\/wp\/v2\/media?parent=76617"}],"wp:term":[{"taxonomy":"category","embeddable":true,"href":"https:\/\/www.bbmnoticias.com\/labravaradiofm\/wp-json\/wp\/v2\/categories?post=76617"},{"taxonomy":"post_tag","embeddable":true,"href":"https:\/\/www.bbmnoticias.com\/labravaradiofm\/wp-json\/wp\/v2\/tags?post=76617"}],"curies":[{"name":"wp","href":"https:\/\/api.w.org\/{rel}","templated":true}]}}