{"id":76608,"date":"2026-04-27T12:17:55","date_gmt":"2026-04-27T18:17:55","guid":{"rendered":"https:\/\/www.bbmnoticias.com\/labravaradiofm\/2026\/04\/27\/hay-que-presentar-pruebas-dice-sheinbaum-sobre-campana-de-eu-contra-politicos-mexicanos-ligados-al-narco\/"},"modified":"2026-04-27T12:17:58","modified_gmt":"2026-04-27T18:17:58","slug":"hay-que-presentar-pruebas-dice-sheinbaum-sobre-campana-de-eu-contra-politicos-mexicanos-ligados-al-narco","status":"publish","type":"post","link":"https:\/\/www.bbmnoticias.com\/labravaradiofm\/2026\/04\/27\/hay-que-presentar-pruebas-dice-sheinbaum-sobre-campana-de-eu-contra-politicos-mexicanos-ligados-al-narco\/","title":{"rendered":"Hay que presentar pruebas, dice Sheinbaum sobre campa\u00f1a de EU contra pol\u00edticos mexicanos ligados al narco"},"content":{"rendered":"<div style=\"margin-top: 0px; margin-bottom: 0px;\" class=\"sharethis-inline-share-buttons\" ><\/div>\n<p>La <strong>presidenta Claudia Sheinbaum Pardo<\/strong> se\u00f1al\u00f3 que ante diversas acusaciones por <strong>nexos criminales<\/strong> se tienen que presentar y documentar las pruebas, luego de que el diario <em>Los Angeles Times<\/em> public\u00f3 que se alista una campa\u00f1a para presentar acusaciones en <strong>Estados Unidos<\/strong> contra <strong>pol\u00edticos mexicanos ligados al narcotr\u00e1fico<\/strong>.<\/p>\n\n\n\n<p>En la conferencia en Palacio Nacional, se\u00f1al\u00f3 que con el <strong>embajador de<\/strong> <strong>Estados Unidos en M\u00e9xico, Ronald Johnson<\/strong>, se tiene una buena relaci\u00f3n y ha intervenido por M\u00e9xico en diversos temas, \u201csi encontr\u00e1ramos que hubiera una situaci\u00f3n de <strong>injerencismo<\/strong>, pues entonces lo har\u00edamos saber\u201d.<\/p>\n\n\n\n<p>Recalc\u00f3 que la lucha contra la corrupci\u00f3n en el pa\u00eds le corresponde al gobierno de M\u00e9xico, \u201cigual que le corresponde en Estados Unidos por actos de corrupci\u00f3n de funcionarios de Estados Unidos en Estados Unidos, porque no es un asunto solo del gobierno de M\u00e9xico\u201d.<\/p>\n\n\n\n<p>Subray\u00f3 que M\u00e9xico ha solicitado en extradici\u00f3n al gobierno de Donald Trump de dos empresarios con doble nacionalidad implicados en el huachicol fiscal, pero hasta el momento no hay respuesta.<\/p>\n\n\n\n<blockquote class=\"wp-block-quote is-layout-flow wp-block-quote-is-layout-flow\">\n<p>\u201cAhora, si hay una investigaci\u00f3n de alguna fiscal\u00eda, alg\u00fan servidor p\u00fablico en M\u00e9xico, lo que tiene que haber es pruebas claras y evidencias claras\u201d, subray\u00f3.<\/p>\n<\/blockquote>\n\n\n\n<p>La <strong>presidenta Sheinbaum Pardo<\/strong> record\u00f3 que en 2020 se detuvo en Estados Unidos al exsecretario de la Defensa Nacional, Salvador Cienfuegos, por presuntos nexos criminales, por lo que M\u00e9xico solicit\u00f3 toda la informaci\u00f3n del caso.<\/p>\n\n\n\n<p>&nbsp; \u201cEnv\u00edan la informaci\u00f3n y lo que se ve que no hay ninguna prueba, ninguna evidencia de alg\u00fan acto irregular, ilegal que haya cometido el General Cienfuegos, tan es as\u00ed que devuelven al General Cienfuegos a M\u00e9xico y la Fiscal\u00eda General de la Rep\u00fablica entonces investiga y encuentra que no hay que perseguir\u201d, asegur\u00f3.<\/p>\n\n\n\n<figure class=\"wp-block-image\"><img decoding=\"async\" src=\"https:\/\/heraldodemexico.com.mx\/u\/fotografias\/m\/2026\/4\/27\/f768x1-1277000_1277127_5050.jpg\" alt=\"\"\/><figcaption class=\"wp-element-caption\">Foto: Cuartoscuro<\/figcaption><\/figure>\n\n\n\n<p>\u201cEntonces cualquier investigaci\u00f3n en Estados Unidos contra cualquier persona en M\u00e9xico tiene que tener prueba revisadas por la Fiscal\u00eda General de la Rep\u00fablica evidencias, no vamos a cubrir a nadie que tenga alguna evidencia de alguna alg\u00fan delito, pero tiene que haber evidencias porque sino, son otros temas que estar\u00edan en esos casos y tambi\u00e9n en Estados Unidos pues tienen que revisar en Estados Unidos\u201d, indic\u00f3.<\/p>\n\n\n\n<h2 class=\"wp-block-heading\">Destaca Sheinbaum buena relaci\u00f3n con el embajador Ronald Johnson<\/h2>\n\n\n\n<p>La titular del Ejecutivo Federal puso como ejemplo que a<strong> EU <\/strong>se la ha pedido la extradici\u00f3n de dos <strong>empresarios vinculados<\/strong> con el <strong>huachicol fiscal<\/strong>.<\/p>\n\n\n\n<p>\u201cSe ha pedido que detengan, son empresarios que tienen doble nacionalidad y todav\u00eda no hay resultados. Nosotros tambi\u00e9n pedimos all\u00e1 que se entregue a M\u00e9xico empresarios que se dedicaban a una ilegalidad. Ellos tienen que, de acuerdo con la investigaci\u00f3n de la fiscal\u00eda pues detener a estas personas no porque se han ciudadanos estadounidenses no tienen la obligaci\u00f3n de investigar\u201d, coment\u00f3.<\/p>\n\n\n\n<p>Sobre la relaci\u00f3n con el diplom\u00e1tico estadounidense, la presidenta Sheinbaum Pardo dijo que se tiene una relaci\u00f3n diplom\u00e1tica y cordial con relaci\u00f3n con el secretario de Relaciones Exteriores y en general con el gobierno de M\u00e9xico\u201d.<\/p>\n\n\n\n<p>\u201cNo tenemos, en este momento, alguna queja alg\u00fan tema con el embajador. Incluso hay temas en donde nos &nbsp;ha ayudado mucho la verdad, en el tema del agua por ejemplo con Estados Unidos en el tema de el gusano arrendador, en el tema de este problema que hay ahorita en el transporte. \u00c9l ha abogado por lo que est\u00e1 haciendo M\u00e9xico\u201d, coment\u00f3.<\/p>\n\n\n\n<p>\u201cCuando no estamos de acuerdo con una declaraci\u00f3n que hace o algo as\u00ed se le llama por tel\u00e9fono por parte de Relaciones Exteriores o se re\u00fanen y se nos da, ser\u00eda bueno que hubiera otro tipo de declaraci\u00f3n. Pero hasta ahora, la verdad el embajador ha tenido una buena actitud con el gobierno de M\u00e9xico, eso ha que reconocerlo. Si encontr\u00e1ramos que hubiera una situaci\u00f3n de injerencismo, pues entonces lo har\u00edamos saber\u201d, advirti\u00f3.<\/p>\n","protected":false},"excerpt":{"rendered":"<p>La presidenta Claudia Sheinbaum Pardo se\u00f1al\u00f3 que ante diversas acusaciones por nexos criminales se tienen que presentar y documentar las pruebas, luego de que el diario Los Angeles Times public\u00f3 que se alista una campa\u00f1a para presentar acusaciones en Estados Unidos contra pol\u00edticos mexicanos ligados al narcotr\u00e1fico. En la conferencia en Palacio Nacional, se\u00f1al\u00f3 que [&hellip;]<\/p>\n","protected":false},"author":2,"featured_media":76610,"comment_status":"closed","ping_status":"open","sticky":false,"template":"","format":"standard","meta":{"footnotes":""},"categories":[2,19],"tags":[],"class_list":{"0":"post-76608","1":"post","2":"type-post","3":"status-publish","4":"format-standard","5":"has-post-thumbnail","7":"category-oaxaca","8":"category-nacional"},"yoast_head":"<!-- This site is optimized with the Yoast SEO plugin v27.4 - https:\/\/yoast.com\/product\/yoast-seo-wordpress\/ -->\n<title>Hay que presentar pruebas, dice Sheinbaum sobre campa\u00f1a de EU contra pol\u00edticos mexicanos ligados al narco - LA BRAVA RADIO<\/title>\n<meta name=\"robots\" content=\"index, follow, max-snippet:-1, max-image-preview:large, max-video-preview:-1\" \/>\n<link rel=\"canonical\" href=\"https:\/\/www.bbmnoticias.com\/hay-que-presentar-pruebas-dice-sheinbaum-sobre-campana-de-eu-contra-politicos-mexicanos-ligados-al-narco\/\" \/>\n<meta property=\"og:locale\" content=\"es_MX\" \/>\n<meta property=\"og:type\" content=\"article\" \/>\n<meta property=\"og:title\" content=\"Hay que presentar pruebas, dice Sheinbaum sobre campa\u00f1a de EU contra pol\u00edticos mexicanos ligados al narco - LA BRAVA RADIO\" \/>\n<meta property=\"og:description\" content=\"La presidenta Claudia Sheinbaum Pardo se\u00f1al\u00f3 que ante diversas acusaciones por nexos criminales se tienen que presentar y documentar las pruebas, luego de que el diario Los Angeles Times public\u00f3 que se alista una campa\u00f1a para presentar acusaciones en Estados Unidos contra pol\u00edticos mexicanos ligados al narcotr\u00e1fico. En la conferencia en Palacio Nacional, se\u00f1al\u00f3 que [&hellip;]\" \/>\n<meta property=\"og:url\" content=\"https:\/\/www.bbmnoticias.com\/hay-que-presentar-pruebas-dice-sheinbaum-sobre-campana-de-eu-contra-politicos-mexicanos-ligados-al-narco\/\" \/>\n<meta property=\"og:site_name\" content=\"LA BRAVA RADIO\" \/>\n<meta property=\"article:published_time\" content=\"2026-04-27T18:17:55+00:00\" \/>\n<meta property=\"article:modified_time\" content=\"2026-04-27T18:17:58+00:00\" \/>\n<meta property=\"og:image\" content=\"https:\/\/www.bbmnoticias.com\/labravaradiofm\/wp-content\/uploads\/sites\/5\/2026\/04\/claudia_sheinbaum-3.jpg\" \/>\n\t<meta property=\"og:image:width\" content=\"848\" \/>\n\t<meta property=\"og:image:height\" content=\"477\" \/>\n\t<meta property=\"og:image:type\" content=\"image\/jpeg\" \/>\n<meta name=\"author\" content=\"Staff\" \/>\n<meta name=\"twitter:card\" content=\"summary_large_image\" \/>\n<meta name=\"twitter:label1\" content=\"Escrito por\" \/>\n\t<meta name=\"twitter:data1\" content=\"Staff\" \/>\n\t<meta name=\"twitter:label2\" content=\"Tiempo de lectura\" \/>\n\t<meta name=\"twitter:data2\" content=\"3 minutos\" \/>\n<script type=\"application\/ld+json\" class=\"yoast-schema-graph\">{\"@context\":\"https:\\\/\\\/schema.org\",\"@graph\":[{\"@type\":\"Article\",\"@id\":\"https:\\\/\\\/www.bbmnoticias.com\\\/hay-que-presentar-pruebas-dice-sheinbaum-sobre-campana-de-eu-contra-politicos-mexicanos-ligados-al-narco\\\/#article\",\"isPartOf\":{\"@id\":\"https:\\\/\\\/www.bbmnoticias.com\\\/labravaradiofm\\\/2026\\\/04\\\/27\\\/hay-que-presentar-pruebas-dice-sheinbaum-sobre-campana-de-eu-contra-politicos-mexicanos-ligados-al-narco\\\/\"},\"author\":{\"name\":\"Staff\",\"@id\":\"https:\\\/\\\/www.bbmnoticias.com\\\/labravaradiofm\\\/#\\\/schema\\\/person\\\/68a9e9036ef3c5b55aeb2b71dc8bab45\"},\"headline\":\"Hay que presentar pruebas, dice Sheinbaum sobre campa\u00f1a de EU contra pol\u00edticos mexicanos ligados al narco\",\"datePublished\":\"2026-04-27T18:17:55+00:00\",\"dateModified\":\"2026-04-27T18:17:58+00:00\",\"mainEntityOfPage\":{\"@id\":\"https:\\\/\\\/www.bbmnoticias.com\\\/labravaradiofm\\\/2026\\\/04\\\/27\\\/hay-que-presentar-pruebas-dice-sheinbaum-sobre-campana-de-eu-contra-politicos-mexicanos-ligados-al-narco\\\/\"},\"wordCount\":695,\"image\":{\"@id\":\"https:\\\/\\\/www.bbmnoticias.com\\\/hay-que-presentar-pruebas-dice-sheinbaum-sobre-campana-de-eu-contra-politicos-mexicanos-ligados-al-narco\\\/#primaryimage\"},\"thumbnailUrl\":\"https:\\\/\\\/www.bbmnoticias.com\\\/labravaradiofm\\\/wp-content\\\/uploads\\\/sites\\\/5\\\/2026\\\/04\\\/claudia_sheinbaum-3.jpg\",\"articleSection\":[\"LOCAL\",\"NACIONAL\"],\"inLanguage\":\"es\"},{\"@type\":\"WebPage\",\"@id\":\"https:\\\/\\\/www.bbmnoticias.com\\\/labravaradiofm\\\/2026\\\/04\\\/27\\\/hay-que-presentar-pruebas-dice-sheinbaum-sobre-campana-de-eu-contra-politicos-mexicanos-ligados-al-narco\\\/\",\"url\":\"https:\\\/\\\/www.bbmnoticias.com\\\/hay-que-presentar-pruebas-dice-sheinbaum-sobre-campana-de-eu-contra-politicos-mexicanos-ligados-al-narco\\\/\",\"name\":\"Hay que presentar pruebas, dice Sheinbaum sobre campa\u00f1a de EU contra pol\u00edticos mexicanos ligados al narco - LA BRAVA RADIO\",\"isPartOf\":{\"@id\":\"https:\\\/\\\/www.bbmnoticias.com\\\/labravaradiofm\\\/#website\"},\"primaryImageOfPage\":{\"@id\":\"https:\\\/\\\/www.bbmnoticias.com\\\/hay-que-presentar-pruebas-dice-sheinbaum-sobre-campana-de-eu-contra-politicos-mexicanos-ligados-al-narco\\\/#primaryimage\"},\"image\":{\"@id\":\"https:\\\/\\\/www.bbmnoticias.com\\\/hay-que-presentar-pruebas-dice-sheinbaum-sobre-campana-de-eu-contra-politicos-mexicanos-ligados-al-narco\\\/#primaryimage\"},\"thumbnailUrl\":\"https:\\\/\\\/www.bbmnoticias.com\\\/labravaradiofm\\\/wp-content\\\/uploads\\\/sites\\\/5\\\/2026\\\/04\\\/claudia_sheinbaum-3.jpg\",\"datePublished\":\"2026-04-27T18:17:55+00:00\",\"dateModified\":\"2026-04-27T18:17:58+00:00\",\"author\":{\"@id\":\"https:\\\/\\\/www.bbmnoticias.com\\\/labravaradiofm\\\/#\\\/schema\\\/person\\\/68a9e9036ef3c5b55aeb2b71dc8bab45\"},\"breadcrumb\":{\"@id\":\"https:\\\/\\\/www.bbmnoticias.com\\\/hay-que-presentar-pruebas-dice-sheinbaum-sobre-campana-de-eu-contra-politicos-mexicanos-ligados-al-narco\\\/#breadcrumb\"},\"inLanguage\":\"es\",\"potentialAction\":[{\"@type\":\"ReadAction\",\"target\":[\"https:\\\/\\\/www.bbmnoticias.com\\\/hay-que-presentar-pruebas-dice-sheinbaum-sobre-campana-de-eu-contra-politicos-mexicanos-ligados-al-narco\\\/\"]}]},{\"@type\":\"ImageObject\",\"inLanguage\":\"es\",\"@id\":\"https:\\\/\\\/www.bbmnoticias.com\\\/hay-que-presentar-pruebas-dice-sheinbaum-sobre-campana-de-eu-contra-politicos-mexicanos-ligados-al-narco\\\/#primaryimage\",\"url\":\"https:\\\/\\\/www.bbmnoticias.com\\\/labravaradiofm\\\/wp-content\\\/uploads\\\/sites\\\/5\\\/2026\\\/04\\\/claudia_sheinbaum-3.jpg\",\"contentUrl\":\"https:\\\/\\\/www.bbmnoticias.com\\\/labravaradiofm\\\/wp-content\\\/uploads\\\/sites\\\/5\\\/2026\\\/04\\\/claudia_sheinbaum-3.jpg\",\"width\":848,\"height\":477},{\"@type\":\"BreadcrumbList\",\"@id\":\"https:\\\/\\\/www.bbmnoticias.com\\\/hay-que-presentar-pruebas-dice-sheinbaum-sobre-campana-de-eu-contra-politicos-mexicanos-ligados-al-narco\\\/#breadcrumb\",\"itemListElement\":[{\"@type\":\"ListItem\",\"position\":1,\"name\":\"Inicio\",\"item\":\"https:\\\/\\\/www.bbmnoticias.com\\\/labravaradiofm\\\/\"},{\"@type\":\"ListItem\",\"position\":2,\"name\":\"Hay que presentar pruebas, dice Sheinbaum sobre campa\u00f1a de EU contra pol\u00edticos mexicanos ligados al narco\"}]},{\"@type\":\"WebSite\",\"@id\":\"https:\\\/\\\/www.bbmnoticias.com\\\/labravaradiofm\\\/#website\",\"url\":\"https:\\\/\\\/www.bbmnoticias.com\\\/labravaradiofm\\\/\",\"name\":\"LA BRAVA RADIO\",\"description\":\"Empresa productora de medios, Radiodifusi\u00f3n, Noticias, tendencias y todo lo que necesitas saber de la pol\u00edtica mexicana e internacional; entretenimiento, espect\u00e1culos, salud y mucho m\u00e1s.\",\"potentialAction\":[{\"@type\":\"SearchAction\",\"target\":{\"@type\":\"EntryPoint\",\"urlTemplate\":\"https:\\\/\\\/www.bbmnoticias.com\\\/labravaradiofm\\\/?s={search_term_string}\"},\"query-input\":{\"@type\":\"PropertyValueSpecification\",\"valueRequired\":true,\"valueName\":\"search_term_string\"}}],\"inLanguage\":\"es\"},{\"@type\":\"Person\",\"@id\":\"https:\\\/\\\/www.bbmnoticias.com\\\/labravaradiofm\\\/#\\\/schema\\\/person\\\/68a9e9036ef3c5b55aeb2b71dc8bab45\",\"name\":\"Staff\",\"image\":{\"@type\":\"ImageObject\",\"inLanguage\":\"es\",\"@id\":\"https:\\\/\\\/secure.gravatar.com\\\/avatar\\\/fdd21ad66fd8b98c407f9dee5b5e588cfe7f0d8579ec20fa6527cd59bab7f0f0?s=96&d=mm&r=g\",\"url\":\"https:\\\/\\\/secure.gravatar.com\\\/avatar\\\/fdd21ad66fd8b98c407f9dee5b5e588cfe7f0d8579ec20fa6527cd59bab7f0f0?s=96&d=mm&r=g\",\"contentUrl\":\"https:\\\/\\\/secure.gravatar.com\\\/avatar\\\/fdd21ad66fd8b98c407f9dee5b5e588cfe7f0d8579ec20fa6527cd59bab7f0f0?s=96&d=mm&r=g\",\"caption\":\"Staff\"},\"url\":\"https:\\\/\\\/www.bbmnoticias.com\\\/labravaradiofm\\\/author\\\/redaccion\\\/\"}]}<\/script>\n<!-- \/ Yoast SEO plugin. -->","yoast_head_json":{"title":"Hay que presentar pruebas, dice Sheinbaum sobre campa\u00f1a de EU contra pol\u00edticos mexicanos ligados al narco - LA BRAVA RADIO","robots":{"index":"index","follow":"follow","max-snippet":"max-snippet:-1","max-image-preview":"max-image-preview:large","max-video-preview":"max-video-preview:-1"},"canonical":"https:\/\/www.bbmnoticias.com\/hay-que-presentar-pruebas-dice-sheinbaum-sobre-campana-de-eu-contra-politicos-mexicanos-ligados-al-narco\/","og_locale":"es_MX","og_type":"article","og_title":"Hay que presentar pruebas, dice Sheinbaum sobre campa\u00f1a de EU contra pol\u00edticos mexicanos ligados al narco - LA BRAVA RADIO","og_description":"La presidenta Claudia Sheinbaum Pardo se\u00f1al\u00f3 que ante diversas acusaciones por nexos criminales se tienen que presentar y documentar las pruebas, luego de que el diario Los Angeles Times public\u00f3 que se alista una campa\u00f1a para presentar acusaciones en Estados Unidos contra pol\u00edticos mexicanos ligados al narcotr\u00e1fico. En la conferencia en Palacio Nacional, se\u00f1al\u00f3 que [&hellip;]","og_url":"https:\/\/www.bbmnoticias.com\/hay-que-presentar-pruebas-dice-sheinbaum-sobre-campana-de-eu-contra-politicos-mexicanos-ligados-al-narco\/","og_site_name":"LA BRAVA RADIO","article_published_time":"2026-04-27T18:17:55+00:00","article_modified_time":"2026-04-27T18:17:58+00:00","og_image":[{"width":848,"height":477,"url":"https:\/\/www.bbmnoticias.com\/labravaradiofm\/wp-content\/uploads\/sites\/5\/2026\/04\/claudia_sheinbaum-3.jpg","type":"image\/jpeg"}],"author":"Staff","twitter_card":"summary_large_image","twitter_misc":{"Escrito por":"Staff","Tiempo de lectura":"3 minutos"},"schema":{"@context":"https:\/\/schema.org","@graph":[{"@type":"Article","@id":"https:\/\/www.bbmnoticias.com\/hay-que-presentar-pruebas-dice-sheinbaum-sobre-campana-de-eu-contra-politicos-mexicanos-ligados-al-narco\/#article","isPartOf":{"@id":"https:\/\/www.bbmnoticias.com\/labravaradiofm\/2026\/04\/27\/hay-que-presentar-pruebas-dice-sheinbaum-sobre-campana-de-eu-contra-politicos-mexicanos-ligados-al-narco\/"},"author":{"name":"Staff","@id":"https:\/\/www.bbmnoticias.com\/labravaradiofm\/#\/schema\/person\/68a9e9036ef3c5b55aeb2b71dc8bab45"},"headline":"Hay que presentar pruebas, dice Sheinbaum sobre campa\u00f1a de EU contra pol\u00edticos mexicanos ligados al narco","datePublished":"2026-04-27T18:17:55+00:00","dateModified":"2026-04-27T18:17:58+00:00","mainEntityOfPage":{"@id":"https:\/\/www.bbmnoticias.com\/labravaradiofm\/2026\/04\/27\/hay-que-presentar-pruebas-dice-sheinbaum-sobre-campana-de-eu-contra-politicos-mexicanos-ligados-al-narco\/"},"wordCount":695,"image":{"@id":"https:\/\/www.bbmnoticias.com\/hay-que-presentar-pruebas-dice-sheinbaum-sobre-campana-de-eu-contra-politicos-mexicanos-ligados-al-narco\/#primaryimage"},"thumbnailUrl":"https:\/\/www.bbmnoticias.com\/labravaradiofm\/wp-content\/uploads\/sites\/5\/2026\/04\/claudia_sheinbaum-3.jpg","articleSection":["LOCAL","NACIONAL"],"inLanguage":"es"},{"@type":"WebPage","@id":"https:\/\/www.bbmnoticias.com\/labravaradiofm\/2026\/04\/27\/hay-que-presentar-pruebas-dice-sheinbaum-sobre-campana-de-eu-contra-politicos-mexicanos-ligados-al-narco\/","url":"https:\/\/www.bbmnoticias.com\/hay-que-presentar-pruebas-dice-sheinbaum-sobre-campana-de-eu-contra-politicos-mexicanos-ligados-al-narco\/","name":"Hay que presentar pruebas, dice Sheinbaum sobre campa\u00f1a de EU contra pol\u00edticos mexicanos ligados al narco - LA BRAVA RADIO","isPartOf":{"@id":"https:\/\/www.bbmnoticias.com\/labravaradiofm\/#website"},"primaryImageOfPage":{"@id":"https:\/\/www.bbmnoticias.com\/hay-que-presentar-pruebas-dice-sheinbaum-sobre-campana-de-eu-contra-politicos-mexicanos-ligados-al-narco\/#primaryimage"},"image":{"@id":"https:\/\/www.bbmnoticias.com\/hay-que-presentar-pruebas-dice-sheinbaum-sobre-campana-de-eu-contra-politicos-mexicanos-ligados-al-narco\/#primaryimage"},"thumbnailUrl":"https:\/\/www.bbmnoticias.com\/labravaradiofm\/wp-content\/uploads\/sites\/5\/2026\/04\/claudia_sheinbaum-3.jpg","datePublished":"2026-04-27T18:17:55+00:00","dateModified":"2026-04-27T18:17:58+00:00","author":{"@id":"https:\/\/www.bbmnoticias.com\/labravaradiofm\/#\/schema\/person\/68a9e9036ef3c5b55aeb2b71dc8bab45"},"breadcrumb":{"@id":"https:\/\/www.bbmnoticias.com\/hay-que-presentar-pruebas-dice-sheinbaum-sobre-campana-de-eu-contra-politicos-mexicanos-ligados-al-narco\/#breadcrumb"},"inLanguage":"es","potentialAction":[{"@type":"ReadAction","target":["https:\/\/www.bbmnoticias.com\/hay-que-presentar-pruebas-dice-sheinbaum-sobre-campana-de-eu-contra-politicos-mexicanos-ligados-al-narco\/"]}]},{"@type":"ImageObject","inLanguage":"es","@id":"https:\/\/www.bbmnoticias.com\/hay-que-presentar-pruebas-dice-sheinbaum-sobre-campana-de-eu-contra-politicos-mexicanos-ligados-al-narco\/#primaryimage","url":"https:\/\/www.bbmnoticias.com\/labravaradiofm\/wp-content\/uploads\/sites\/5\/2026\/04\/claudia_sheinbaum-3.jpg","contentUrl":"https:\/\/www.bbmnoticias.com\/labravaradiofm\/wp-content\/uploads\/sites\/5\/2026\/04\/claudia_sheinbaum-3.jpg","width":848,"height":477},{"@type":"BreadcrumbList","@id":"https:\/\/www.bbmnoticias.com\/hay-que-presentar-pruebas-dice-sheinbaum-sobre-campana-de-eu-contra-politicos-mexicanos-ligados-al-narco\/#breadcrumb","itemListElement":[{"@type":"ListItem","position":1,"name":"Inicio","item":"https:\/\/www.bbmnoticias.com\/labravaradiofm\/"},{"@type":"ListItem","position":2,"name":"Hay que presentar pruebas, dice Sheinbaum sobre campa\u00f1a de EU contra pol\u00edticos mexicanos ligados al narco"}]},{"@type":"WebSite","@id":"https:\/\/www.bbmnoticias.com\/labravaradiofm\/#website","url":"https:\/\/www.bbmnoticias.com\/labravaradiofm\/","name":"LA BRAVA RADIO","description":"Empresa productora de medios, Radiodifusi\u00f3n, Noticias, tendencias y todo lo que necesitas saber de la pol\u00edtica mexicana e internacional; entretenimiento, espect\u00e1culos, salud y mucho m\u00e1s.","potentialAction":[{"@type":"SearchAction","target":{"@type":"EntryPoint","urlTemplate":"https:\/\/www.bbmnoticias.com\/labravaradiofm\/?s={search_term_string}"},"query-input":{"@type":"PropertyValueSpecification","valueRequired":true,"valueName":"search_term_string"}}],"inLanguage":"es"},{"@type":"Person","@id":"https:\/\/www.bbmnoticias.com\/labravaradiofm\/#\/schema\/person\/68a9e9036ef3c5b55aeb2b71dc8bab45","name":"Staff","image":{"@type":"ImageObject","inLanguage":"es","@id":"https:\/\/secure.gravatar.com\/avatar\/fdd21ad66fd8b98c407f9dee5b5e588cfe7f0d8579ec20fa6527cd59bab7f0f0?s=96&d=mm&r=g","url":"https:\/\/secure.gravatar.com\/avatar\/fdd21ad66fd8b98c407f9dee5b5e588cfe7f0d8579ec20fa6527cd59bab7f0f0?s=96&d=mm&r=g","contentUrl":"https:\/\/secure.gravatar.com\/avatar\/fdd21ad66fd8b98c407f9dee5b5e588cfe7f0d8579ec20fa6527cd59bab7f0f0?s=96&d=mm&r=g","caption":"Staff"},"url":"https:\/\/www.bbmnoticias.com\/labravaradiofm\/author\/redaccion\/"}]}},"_links":{"self":[{"href":"https:\/\/www.bbmnoticias.com\/labravaradiofm\/wp-json\/wp\/v2\/posts\/76608","targetHints":{"allow":["GET"]}}],"collection":[{"href":"https:\/\/www.bbmnoticias.com\/labravaradiofm\/wp-json\/wp\/v2\/posts"}],"about":[{"href":"https:\/\/www.bbmnoticias.com\/labravaradiofm\/wp-json\/wp\/v2\/types\/post"}],"author":[{"embeddable":true,"href":"https:\/\/www.bbmnoticias.com\/labravaradiofm\/wp-json\/wp\/v2\/users\/2"}],"replies":[{"embeddable":true,"href":"https:\/\/www.bbmnoticias.com\/labravaradiofm\/wp-json\/wp\/v2\/comments?post=76608"}],"version-history":[{"count":1,"href":"https:\/\/www.bbmnoticias.com\/labravaradiofm\/wp-json\/wp\/v2\/posts\/76608\/revisions"}],"predecessor-version":[{"id":76609,"href":"https:\/\/www.bbmnoticias.com\/labravaradiofm\/wp-json\/wp\/v2\/posts\/76608\/revisions\/76609"}],"wp:featuredmedia":[{"embeddable":true,"href":"https:\/\/www.bbmnoticias.com\/labravaradiofm\/wp-json\/wp\/v2\/media\/76610"}],"wp:attachment":[{"href":"https:\/\/www.bbmnoticias.com\/labravaradiofm\/wp-json\/wp\/v2\/media?parent=76608"}],"wp:term":[{"taxonomy":"category","embeddable":true,"href":"https:\/\/www.bbmnoticias.com\/labravaradiofm\/wp-json\/wp\/v2\/categories?post=76608"},{"taxonomy":"post_tag","embeddable":true,"href":"https:\/\/www.bbmnoticias.com\/labravaradiofm\/wp-json\/wp\/v2\/tags?post=76608"}],"curies":[{"name":"wp","href":"https:\/\/api.w.org\/{rel}","templated":true}]}}