{"id":76596,"date":"2026-04-27T08:52:01","date_gmt":"2026-04-27T14:52:01","guid":{"rendered":"https:\/\/www.bbmnoticias.com\/labravaradiofm\/2026\/04\/27\/anuncian-el-presidente-municipal-de-oaxaca-de-juarez-ray-chagoya-inicio-del-distribuidor-vial-de-viguera\/"},"modified":"2026-04-27T08:52:07","modified_gmt":"2026-04-27T14:52:07","slug":"anuncian-el-presidente-municipal-de-oaxaca-de-juarez-ray-chagoya-inicio-del-distribuidor-vial-de-viguera","status":"publish","type":"post","link":"https:\/\/www.bbmnoticias.com\/labravaradiofm\/2026\/04\/27\/anuncian-el-presidente-municipal-de-oaxaca-de-juarez-ray-chagoya-inicio-del-distribuidor-vial-de-viguera\/","title":{"rendered":"Anuncian el presidente municipal de Oaxaca de Ju\u00e1rez Ray Chagoya inicio del Distribuidor Vial de Viguera"},"content":{"rendered":"<div style=\"margin-top: 0px; margin-bottom: 0px;\" class=\"sharethis-inline-share-buttons\" ><\/div>\n<p>Oaxaca de Ju\u00e1rez, Oax., 27 de abril de 2026.\u2014 Durante la conferencia de prensa encabezada por el gobernador Salom\u00f3n Jara Cruz, el presidente municipal de Oaxaca de Ju\u00e1rez, Ray Chagoya, inform\u00f3 sobre el inicio de la obra del Distribuidor Vial de Viguera, un proyecto de infraestructura que busca mejorar la movilidad en el acceso poniente de la ciudad.<\/p>\n\n\n\n<figure class=\"wp-block-embed is-type-rich is-provider-twitter wp-block-embed-twitter\"><div class=\"wp-block-embed__wrapper\">\n<blockquote class=\"twitter-tweet\" data-width=\"550\" data-dnt=\"true\"><p lang=\"es\" dir=\"ltr\">Durante la conferencia de prensa del gobernador <a href=\"https:\/\/twitter.com\/salomonj?ref_src=twsrc%5Etfw\">@salomonj<\/a> Jara Cruz, esta ma\u00f1ana <br>el presidente municipal de <a href=\"https:\/\/twitter.com\/hashtag\/Oaxaca?src=hash&amp;ref_src=twsrc%5Etfw\">#Oaxaca<\/a> de Ju\u00e1rez <a href=\"https:\/\/twitter.com\/raychagoya?ref_src=twsrc%5Etfw\">@raychagoya<\/a> dio a conocer el inicio de la obra del\u00a0Distribuidor Vial de Viguera. <a href=\"https:\/\/t.co\/eyvYrIggNg\">pic.twitter.com\/eyvYrIggNg<\/a><\/p>&mdash; bbmnoticias (@bbmnoticias1) <a href=\"https:\/\/twitter.com\/bbmnoticias1\/status\/2048776704445854067?ref_src=twsrc%5Etfw\">April 27, 2026<\/a><\/blockquote><script async src=\"https:\/\/platform.twitter.com\/widgets.js\" charset=\"utf-8\"><\/script>\n<\/div><\/figure>\n\n\n\n<p>De acuerdo con lo expuesto, la obra contempla la construcci\u00f3n de ocho carriles, de los cuales cuatro ser\u00e1n elevados y cuatro a nivel, adem\u00e1s de la integraci\u00f3n de una rotonda en la que se prev\u00e9 reubicar en altura el monumento a Benito Ju\u00e1rez.<\/p>\n\n\n\n<p>Las autoridades se\u00f1alaron que este proyecto tiene como objetivo modernizar la vialidad en una de las zonas con mayor carga vehicular de la capital, facilitando el tr\u00e1nsito y reduciendo tiempos de traslado para quienes ingresan o salen de la ciudad por esa v\u00eda.<\/p>\n\n\n\n<p>El Distribuidor Vial de Viguera forma parte de las acciones de infraestructura impulsadas por el gobierno estatal y municipal, en un esfuerzo por atender el crecimiento urbano y las necesidades de movilidad en Oaxaca de Ju\u00e1rez.<\/p>\n\n\n\n<p><\/p>\n","protected":false},"excerpt":{"rendered":"<p>Oaxaca de Ju\u00e1rez, Oax., 27 de abril de 2026.\u2014 Durante la conferencia de prensa encabezada por el gobernador Salom\u00f3n Jara Cruz, el presidente municipal de Oaxaca de Ju\u00e1rez, Ray Chagoya, inform\u00f3 sobre el inicio de la obra del Distribuidor Vial de Viguera, un proyecto de infraestructura que busca mejorar la movilidad en el acceso poniente [&hellip;]<\/p>\n","protected":false},"author":2,"featured_media":76598,"comment_status":"closed","ping_status":"open","sticky":false,"template":"","format":"standard","meta":{"footnotes":""},"categories":[2],"tags":[],"class_list":{"0":"post-76596","1":"post","2":"type-post","3":"status-publish","4":"format-standard","5":"has-post-thumbnail","7":"category-oaxaca"},"yoast_head":"<!-- This site is optimized with the Yoast SEO plugin v27.4 - https:\/\/yoast.com\/product\/yoast-seo-wordpress\/ -->\n<title>Anuncian el presidente municipal de Oaxaca de Ju\u00e1rez Ray Chagoya inicio del Distribuidor Vial de Viguera - LA BRAVA RADIO<\/title>\n<meta name=\"robots\" content=\"index, follow, max-snippet:-1, max-image-preview:large, max-video-preview:-1\" \/>\n<link rel=\"canonical\" href=\"https:\/\/www.bbmnoticias.com\/anuncian-el-presidente-municipal-de-oaxaca-de-juarez-ray-chagoya-inicio-del-distribuidor-vial-de-viguera\/\" \/>\n<meta property=\"og:locale\" content=\"es_MX\" \/>\n<meta property=\"og:type\" content=\"article\" \/>\n<meta property=\"og:title\" content=\"Anuncian el presidente municipal de Oaxaca de Ju\u00e1rez Ray Chagoya inicio del Distribuidor Vial de Viguera - LA BRAVA RADIO\" \/>\n<meta property=\"og:description\" content=\"Oaxaca de Ju\u00e1rez, Oax., 27 de abril de 2026.\u2014 Durante la conferencia de prensa encabezada por el gobernador Salom\u00f3n Jara Cruz, el presidente municipal de Oaxaca de Ju\u00e1rez, Ray Chagoya, inform\u00f3 sobre el inicio de la obra del Distribuidor Vial de Viguera, un proyecto de infraestructura que busca mejorar la movilidad en el acceso poniente [&hellip;]\" \/>\n<meta property=\"og:url\" content=\"https:\/\/www.bbmnoticias.com\/anuncian-el-presidente-municipal-de-oaxaca-de-juarez-ray-chagoya-inicio-del-distribuidor-vial-de-viguera\/\" \/>\n<meta property=\"og:site_name\" content=\"LA BRAVA RADIO\" \/>\n<meta property=\"article:published_time\" content=\"2026-04-27T14:52:01+00:00\" \/>\n<meta property=\"article:modified_time\" content=\"2026-04-27T14:52:07+00:00\" \/>\n<meta property=\"og:image\" content=\"https:\/\/www.bbmnoticias.com\/labravaradiofm\/wp-content\/uploads\/sites\/5\/2026\/04\/distribuidor_oaxaca.jpg\" \/>\n\t<meta property=\"og:image:width\" content=\"800\" \/>\n\t<meta property=\"og:image:height\" content=\"444\" \/>\n\t<meta property=\"og:image:type\" content=\"image\/jpeg\" \/>\n<meta name=\"author\" content=\"Staff\" \/>\n<meta name=\"twitter:card\" content=\"summary_large_image\" \/>\n<meta name=\"twitter:label1\" content=\"Escrito por\" \/>\n\t<meta name=\"twitter:data1\" content=\"Staff\" \/>\n\t<meta name=\"twitter:label2\" content=\"Tiempo de lectura\" \/>\n\t<meta name=\"twitter:data2\" content=\"1 minuto\" \/>\n<script type=\"application\/ld+json\" class=\"yoast-schema-graph\">{\"@context\":\"https:\\\/\\\/schema.org\",\"@graph\":[{\"@type\":\"Article\",\"@id\":\"https:\\\/\\\/www.bbmnoticias.com\\\/anuncian-el-presidente-municipal-de-oaxaca-de-juarez-ray-chagoya-inicio-del-distribuidor-vial-de-viguera\\\/#article\",\"isPartOf\":{\"@id\":\"https:\\\/\\\/www.bbmnoticias.com\\\/labravaradiofm\\\/2026\\\/04\\\/27\\\/anuncian-el-presidente-municipal-de-oaxaca-de-juarez-ray-chagoya-inicio-del-distribuidor-vial-de-viguera\\\/\"},\"author\":{\"name\":\"Staff\",\"@id\":\"https:\\\/\\\/www.bbmnoticias.com\\\/labravaradiofm\\\/#\\\/schema\\\/person\\\/68a9e9036ef3c5b55aeb2b71dc8bab45\"},\"headline\":\"Anuncian el presidente municipal de Oaxaca de Ju\u00e1rez Ray Chagoya inicio del Distribuidor Vial de Viguera\",\"datePublished\":\"2026-04-27T14:52:01+00:00\",\"dateModified\":\"2026-04-27T14:52:07+00:00\",\"mainEntityOfPage\":{\"@id\":\"https:\\\/\\\/www.bbmnoticias.com\\\/labravaradiofm\\\/2026\\\/04\\\/27\\\/anuncian-el-presidente-municipal-de-oaxaca-de-juarez-ray-chagoya-inicio-del-distribuidor-vial-de-viguera\\\/\"},\"wordCount\":212,\"image\":{\"@id\":\"https:\\\/\\\/www.bbmnoticias.com\\\/anuncian-el-presidente-municipal-de-oaxaca-de-juarez-ray-chagoya-inicio-del-distribuidor-vial-de-viguera\\\/#primaryimage\"},\"thumbnailUrl\":\"https:\\\/\\\/www.bbmnoticias.com\\\/labravaradiofm\\\/wp-content\\\/uploads\\\/sites\\\/5\\\/2026\\\/04\\\/distribuidor_oaxaca.jpg\",\"articleSection\":[\"LOCAL\"],\"inLanguage\":\"es\"},{\"@type\":\"WebPage\",\"@id\":\"https:\\\/\\\/www.bbmnoticias.com\\\/labravaradiofm\\\/2026\\\/04\\\/27\\\/anuncian-el-presidente-municipal-de-oaxaca-de-juarez-ray-chagoya-inicio-del-distribuidor-vial-de-viguera\\\/\",\"url\":\"https:\\\/\\\/www.bbmnoticias.com\\\/anuncian-el-presidente-municipal-de-oaxaca-de-juarez-ray-chagoya-inicio-del-distribuidor-vial-de-viguera\\\/\",\"name\":\"Anuncian el presidente municipal de Oaxaca de Ju\u00e1rez Ray Chagoya inicio del Distribuidor Vial de Viguera - LA BRAVA RADIO\",\"isPartOf\":{\"@id\":\"https:\\\/\\\/www.bbmnoticias.com\\\/labravaradiofm\\\/#website\"},\"primaryImageOfPage\":{\"@id\":\"https:\\\/\\\/www.bbmnoticias.com\\\/anuncian-el-presidente-municipal-de-oaxaca-de-juarez-ray-chagoya-inicio-del-distribuidor-vial-de-viguera\\\/#primaryimage\"},\"image\":{\"@id\":\"https:\\\/\\\/www.bbmnoticias.com\\\/anuncian-el-presidente-municipal-de-oaxaca-de-juarez-ray-chagoya-inicio-del-distribuidor-vial-de-viguera\\\/#primaryimage\"},\"thumbnailUrl\":\"https:\\\/\\\/www.bbmnoticias.com\\\/labravaradiofm\\\/wp-content\\\/uploads\\\/sites\\\/5\\\/2026\\\/04\\\/distribuidor_oaxaca.jpg\",\"datePublished\":\"2026-04-27T14:52:01+00:00\",\"dateModified\":\"2026-04-27T14:52:07+00:00\",\"author\":{\"@id\":\"https:\\\/\\\/www.bbmnoticias.com\\\/labravaradiofm\\\/#\\\/schema\\\/person\\\/68a9e9036ef3c5b55aeb2b71dc8bab45\"},\"breadcrumb\":{\"@id\":\"https:\\\/\\\/www.bbmnoticias.com\\\/anuncian-el-presidente-municipal-de-oaxaca-de-juarez-ray-chagoya-inicio-del-distribuidor-vial-de-viguera\\\/#breadcrumb\"},\"inLanguage\":\"es\",\"potentialAction\":[{\"@type\":\"ReadAction\",\"target\":[\"https:\\\/\\\/www.bbmnoticias.com\\\/anuncian-el-presidente-municipal-de-oaxaca-de-juarez-ray-chagoya-inicio-del-distribuidor-vial-de-viguera\\\/\"]}]},{\"@type\":\"ImageObject\",\"inLanguage\":\"es\",\"@id\":\"https:\\\/\\\/www.bbmnoticias.com\\\/anuncian-el-presidente-municipal-de-oaxaca-de-juarez-ray-chagoya-inicio-del-distribuidor-vial-de-viguera\\\/#primaryimage\",\"url\":\"https:\\\/\\\/www.bbmnoticias.com\\\/labravaradiofm\\\/wp-content\\\/uploads\\\/sites\\\/5\\\/2026\\\/04\\\/distribuidor_oaxaca.jpg\",\"contentUrl\":\"https:\\\/\\\/www.bbmnoticias.com\\\/labravaradiofm\\\/wp-content\\\/uploads\\\/sites\\\/5\\\/2026\\\/04\\\/distribuidor_oaxaca.jpg\",\"width\":800,\"height\":444},{\"@type\":\"BreadcrumbList\",\"@id\":\"https:\\\/\\\/www.bbmnoticias.com\\\/anuncian-el-presidente-municipal-de-oaxaca-de-juarez-ray-chagoya-inicio-del-distribuidor-vial-de-viguera\\\/#breadcrumb\",\"itemListElement\":[{\"@type\":\"ListItem\",\"position\":1,\"name\":\"Inicio\",\"item\":\"https:\\\/\\\/www.bbmnoticias.com\\\/labravaradiofm\\\/\"},{\"@type\":\"ListItem\",\"position\":2,\"name\":\"Anuncian el presidente municipal de Oaxaca de Ju\u00e1rez Ray Chagoya inicio del Distribuidor Vial de Viguera\"}]},{\"@type\":\"WebSite\",\"@id\":\"https:\\\/\\\/www.bbmnoticias.com\\\/labravaradiofm\\\/#website\",\"url\":\"https:\\\/\\\/www.bbmnoticias.com\\\/labravaradiofm\\\/\",\"name\":\"LA BRAVA RADIO\",\"description\":\"Empresa productora de medios, Radiodifusi\u00f3n, Noticias, tendencias y todo lo que necesitas saber de la pol\u00edtica mexicana e internacional; entretenimiento, espect\u00e1culos, salud y mucho m\u00e1s.\",\"potentialAction\":[{\"@type\":\"SearchAction\",\"target\":{\"@type\":\"EntryPoint\",\"urlTemplate\":\"https:\\\/\\\/www.bbmnoticias.com\\\/labravaradiofm\\\/?s={search_term_string}\"},\"query-input\":{\"@type\":\"PropertyValueSpecification\",\"valueRequired\":true,\"valueName\":\"search_term_string\"}}],\"inLanguage\":\"es\"},{\"@type\":\"Person\",\"@id\":\"https:\\\/\\\/www.bbmnoticias.com\\\/labravaradiofm\\\/#\\\/schema\\\/person\\\/68a9e9036ef3c5b55aeb2b71dc8bab45\",\"name\":\"Staff\",\"image\":{\"@type\":\"ImageObject\",\"inLanguage\":\"es\",\"@id\":\"https:\\\/\\\/secure.gravatar.com\\\/avatar\\\/fdd21ad66fd8b98c407f9dee5b5e588cfe7f0d8579ec20fa6527cd59bab7f0f0?s=96&d=mm&r=g\",\"url\":\"https:\\\/\\\/secure.gravatar.com\\\/avatar\\\/fdd21ad66fd8b98c407f9dee5b5e588cfe7f0d8579ec20fa6527cd59bab7f0f0?s=96&d=mm&r=g\",\"contentUrl\":\"https:\\\/\\\/secure.gravatar.com\\\/avatar\\\/fdd21ad66fd8b98c407f9dee5b5e588cfe7f0d8579ec20fa6527cd59bab7f0f0?s=96&d=mm&r=g\",\"caption\":\"Staff\"},\"url\":\"https:\\\/\\\/www.bbmnoticias.com\\\/labravaradiofm\\\/author\\\/redaccion\\\/\"}]}<\/script>\n<!-- \/ Yoast SEO plugin. -->","yoast_head_json":{"title":"Anuncian el presidente municipal de Oaxaca de Ju\u00e1rez Ray Chagoya inicio del Distribuidor Vial de Viguera - LA BRAVA RADIO","robots":{"index":"index","follow":"follow","max-snippet":"max-snippet:-1","max-image-preview":"max-image-preview:large","max-video-preview":"max-video-preview:-1"},"canonical":"https:\/\/www.bbmnoticias.com\/anuncian-el-presidente-municipal-de-oaxaca-de-juarez-ray-chagoya-inicio-del-distribuidor-vial-de-viguera\/","og_locale":"es_MX","og_type":"article","og_title":"Anuncian el presidente municipal de Oaxaca de Ju\u00e1rez Ray Chagoya inicio del Distribuidor Vial de Viguera - LA BRAVA RADIO","og_description":"Oaxaca de Ju\u00e1rez, Oax., 27 de abril de 2026.\u2014 Durante la conferencia de prensa encabezada por el gobernador Salom\u00f3n Jara Cruz, el presidente municipal de Oaxaca de Ju\u00e1rez, Ray Chagoya, inform\u00f3 sobre el inicio de la obra del Distribuidor Vial de Viguera, un proyecto de infraestructura que busca mejorar la movilidad en el acceso poniente [&hellip;]","og_url":"https:\/\/www.bbmnoticias.com\/anuncian-el-presidente-municipal-de-oaxaca-de-juarez-ray-chagoya-inicio-del-distribuidor-vial-de-viguera\/","og_site_name":"LA BRAVA RADIO","article_published_time":"2026-04-27T14:52:01+00:00","article_modified_time":"2026-04-27T14:52:07+00:00","og_image":[{"width":800,"height":444,"url":"https:\/\/www.bbmnoticias.com\/labravaradiofm\/wp-content\/uploads\/sites\/5\/2026\/04\/distribuidor_oaxaca.jpg","type":"image\/jpeg"}],"author":"Staff","twitter_card":"summary_large_image","twitter_misc":{"Escrito por":"Staff","Tiempo de lectura":"1 minuto"},"schema":{"@context":"https:\/\/schema.org","@graph":[{"@type":"Article","@id":"https:\/\/www.bbmnoticias.com\/anuncian-el-presidente-municipal-de-oaxaca-de-juarez-ray-chagoya-inicio-del-distribuidor-vial-de-viguera\/#article","isPartOf":{"@id":"https:\/\/www.bbmnoticias.com\/labravaradiofm\/2026\/04\/27\/anuncian-el-presidente-municipal-de-oaxaca-de-juarez-ray-chagoya-inicio-del-distribuidor-vial-de-viguera\/"},"author":{"name":"Staff","@id":"https:\/\/www.bbmnoticias.com\/labravaradiofm\/#\/schema\/person\/68a9e9036ef3c5b55aeb2b71dc8bab45"},"headline":"Anuncian el presidente municipal de Oaxaca de Ju\u00e1rez Ray Chagoya inicio del Distribuidor Vial de Viguera","datePublished":"2026-04-27T14:52:01+00:00","dateModified":"2026-04-27T14:52:07+00:00","mainEntityOfPage":{"@id":"https:\/\/www.bbmnoticias.com\/labravaradiofm\/2026\/04\/27\/anuncian-el-presidente-municipal-de-oaxaca-de-juarez-ray-chagoya-inicio-del-distribuidor-vial-de-viguera\/"},"wordCount":212,"image":{"@id":"https:\/\/www.bbmnoticias.com\/anuncian-el-presidente-municipal-de-oaxaca-de-juarez-ray-chagoya-inicio-del-distribuidor-vial-de-viguera\/#primaryimage"},"thumbnailUrl":"https:\/\/www.bbmnoticias.com\/labravaradiofm\/wp-content\/uploads\/sites\/5\/2026\/04\/distribuidor_oaxaca.jpg","articleSection":["LOCAL"],"inLanguage":"es"},{"@type":"WebPage","@id":"https:\/\/www.bbmnoticias.com\/labravaradiofm\/2026\/04\/27\/anuncian-el-presidente-municipal-de-oaxaca-de-juarez-ray-chagoya-inicio-del-distribuidor-vial-de-viguera\/","url":"https:\/\/www.bbmnoticias.com\/anuncian-el-presidente-municipal-de-oaxaca-de-juarez-ray-chagoya-inicio-del-distribuidor-vial-de-viguera\/","name":"Anuncian el presidente municipal de Oaxaca de Ju\u00e1rez Ray Chagoya inicio del Distribuidor Vial de Viguera - LA BRAVA RADIO","isPartOf":{"@id":"https:\/\/www.bbmnoticias.com\/labravaradiofm\/#website"},"primaryImageOfPage":{"@id":"https:\/\/www.bbmnoticias.com\/anuncian-el-presidente-municipal-de-oaxaca-de-juarez-ray-chagoya-inicio-del-distribuidor-vial-de-viguera\/#primaryimage"},"image":{"@id":"https:\/\/www.bbmnoticias.com\/anuncian-el-presidente-municipal-de-oaxaca-de-juarez-ray-chagoya-inicio-del-distribuidor-vial-de-viguera\/#primaryimage"},"thumbnailUrl":"https:\/\/www.bbmnoticias.com\/labravaradiofm\/wp-content\/uploads\/sites\/5\/2026\/04\/distribuidor_oaxaca.jpg","datePublished":"2026-04-27T14:52:01+00:00","dateModified":"2026-04-27T14:52:07+00:00","author":{"@id":"https:\/\/www.bbmnoticias.com\/labravaradiofm\/#\/schema\/person\/68a9e9036ef3c5b55aeb2b71dc8bab45"},"breadcrumb":{"@id":"https:\/\/www.bbmnoticias.com\/anuncian-el-presidente-municipal-de-oaxaca-de-juarez-ray-chagoya-inicio-del-distribuidor-vial-de-viguera\/#breadcrumb"},"inLanguage":"es","potentialAction":[{"@type":"ReadAction","target":["https:\/\/www.bbmnoticias.com\/anuncian-el-presidente-municipal-de-oaxaca-de-juarez-ray-chagoya-inicio-del-distribuidor-vial-de-viguera\/"]}]},{"@type":"ImageObject","inLanguage":"es","@id":"https:\/\/www.bbmnoticias.com\/anuncian-el-presidente-municipal-de-oaxaca-de-juarez-ray-chagoya-inicio-del-distribuidor-vial-de-viguera\/#primaryimage","url":"https:\/\/www.bbmnoticias.com\/labravaradiofm\/wp-content\/uploads\/sites\/5\/2026\/04\/distribuidor_oaxaca.jpg","contentUrl":"https:\/\/www.bbmnoticias.com\/labravaradiofm\/wp-content\/uploads\/sites\/5\/2026\/04\/distribuidor_oaxaca.jpg","width":800,"height":444},{"@type":"BreadcrumbList","@id":"https:\/\/www.bbmnoticias.com\/anuncian-el-presidente-municipal-de-oaxaca-de-juarez-ray-chagoya-inicio-del-distribuidor-vial-de-viguera\/#breadcrumb","itemListElement":[{"@type":"ListItem","position":1,"name":"Inicio","item":"https:\/\/www.bbmnoticias.com\/labravaradiofm\/"},{"@type":"ListItem","position":2,"name":"Anuncian el presidente municipal de Oaxaca de Ju\u00e1rez Ray Chagoya inicio del Distribuidor Vial de Viguera"}]},{"@type":"WebSite","@id":"https:\/\/www.bbmnoticias.com\/labravaradiofm\/#website","url":"https:\/\/www.bbmnoticias.com\/labravaradiofm\/","name":"LA BRAVA RADIO","description":"Empresa productora de medios, Radiodifusi\u00f3n, Noticias, tendencias y todo lo que necesitas saber de la pol\u00edtica mexicana e internacional; entretenimiento, espect\u00e1culos, salud y mucho m\u00e1s.","potentialAction":[{"@type":"SearchAction","target":{"@type":"EntryPoint","urlTemplate":"https:\/\/www.bbmnoticias.com\/labravaradiofm\/?s={search_term_string}"},"query-input":{"@type":"PropertyValueSpecification","valueRequired":true,"valueName":"search_term_string"}}],"inLanguage":"es"},{"@type":"Person","@id":"https:\/\/www.bbmnoticias.com\/labravaradiofm\/#\/schema\/person\/68a9e9036ef3c5b55aeb2b71dc8bab45","name":"Staff","image":{"@type":"ImageObject","inLanguage":"es","@id":"https:\/\/secure.gravatar.com\/avatar\/fdd21ad66fd8b98c407f9dee5b5e588cfe7f0d8579ec20fa6527cd59bab7f0f0?s=96&d=mm&r=g","url":"https:\/\/secure.gravatar.com\/avatar\/fdd21ad66fd8b98c407f9dee5b5e588cfe7f0d8579ec20fa6527cd59bab7f0f0?s=96&d=mm&r=g","contentUrl":"https:\/\/secure.gravatar.com\/avatar\/fdd21ad66fd8b98c407f9dee5b5e588cfe7f0d8579ec20fa6527cd59bab7f0f0?s=96&d=mm&r=g","caption":"Staff"},"url":"https:\/\/www.bbmnoticias.com\/labravaradiofm\/author\/redaccion\/"}]}},"_links":{"self":[{"href":"https:\/\/www.bbmnoticias.com\/labravaradiofm\/wp-json\/wp\/v2\/posts\/76596","targetHints":{"allow":["GET"]}}],"collection":[{"href":"https:\/\/www.bbmnoticias.com\/labravaradiofm\/wp-json\/wp\/v2\/posts"}],"about":[{"href":"https:\/\/www.bbmnoticias.com\/labravaradiofm\/wp-json\/wp\/v2\/types\/post"}],"author":[{"embeddable":true,"href":"https:\/\/www.bbmnoticias.com\/labravaradiofm\/wp-json\/wp\/v2\/users\/2"}],"replies":[{"embeddable":true,"href":"https:\/\/www.bbmnoticias.com\/labravaradiofm\/wp-json\/wp\/v2\/comments?post=76596"}],"version-history":[{"count":1,"href":"https:\/\/www.bbmnoticias.com\/labravaradiofm\/wp-json\/wp\/v2\/posts\/76596\/revisions"}],"predecessor-version":[{"id":76597,"href":"https:\/\/www.bbmnoticias.com\/labravaradiofm\/wp-json\/wp\/v2\/posts\/76596\/revisions\/76597"}],"wp:featuredmedia":[{"embeddable":true,"href":"https:\/\/www.bbmnoticias.com\/labravaradiofm\/wp-json\/wp\/v2\/media\/76598"}],"wp:attachment":[{"href":"https:\/\/www.bbmnoticias.com\/labravaradiofm\/wp-json\/wp\/v2\/media?parent=76596"}],"wp:term":[{"taxonomy":"category","embeddable":true,"href":"https:\/\/www.bbmnoticias.com\/labravaradiofm\/wp-json\/wp\/v2\/categories?post=76596"},{"taxonomy":"post_tag","embeddable":true,"href":"https:\/\/www.bbmnoticias.com\/labravaradiofm\/wp-json\/wp\/v2\/tags?post=76596"}],"curies":[{"name":"wp","href":"https:\/\/api.w.org\/{rel}","templated":true}]}}