{"id":76593,"date":"2026-04-27T08:43:44","date_gmt":"2026-04-27T14:43:44","guid":{"rendered":"https:\/\/www.bbmnoticias.com\/labravaradiofm\/2026\/04\/27\/obtiene-fiscalia-de-oaxaca-vinculacion-a-proceso-por-trata-de-personas-en-modalidad-de-matrimonio-forzoso-agravado\/"},"modified":"2026-04-27T08:43:48","modified_gmt":"2026-04-27T14:43:48","slug":"obtiene-fiscalia-de-oaxaca-vinculacion-a-proceso-por-trata-de-personas-en-modalidad-de-matrimonio-forzoso-agravado","status":"publish","type":"post","link":"https:\/\/www.bbmnoticias.com\/labravaradiofm\/2026\/04\/27\/obtiene-fiscalia-de-oaxaca-vinculacion-a-proceso-por-trata-de-personas-en-modalidad-de-matrimonio-forzoso-agravado\/","title":{"rendered":"Obtiene Fiscal\u00eda de Oaxaca vinculaci\u00f3n a proceso por trata de personas en modalidad de matrimonio forzoso agravado"},"content":{"rendered":"<div style=\"margin-top: 0px; margin-bottom: 0px;\" class=\"sharethis-inline-share-buttons\" ><\/div>\n<p>Oaxaca de Ju\u00e1rez, Oax.-\u00a0La Fiscal\u00eda General del Estado de Oaxaca (FGEO) obtuvo auto de vinculaci\u00f3n a proceso y prisi\u00f3n preventiva en contra de una persona del sexo masculino identificada como S.S.G. (padre de la v\u00edctima) por su probable responsabilidad en el delito de trata de personas en la modalidad de matrimonio forzoso o servil, agravado, en hechos cometidos en la regi\u00f3n de Valles Centrales.<\/p>\n\n\n\n<p>De acuerdo con la causa penal, los hechos ocurrieron el 8 de enero de 2022, en la comunidad de Santa Catalina Mixtepec, perteneciente al municipio de Zimatl\u00e1n de \u00c1lvarez, donde una adolescente (cuya identidad est\u00e1 reservada por ley) que contaba con 13 a\u00f1os de edad al momento de los hechos, habr\u00eda sido entregada a otra persona adulta a cambio de una cantidad econ\u00f3mica, con la finalidad de que cohabitara como pareja.<\/p>\n\n\n\n<p>Seg\u00fan la denuncia, durante un periodo prolongado, la adolescente habr\u00eda permanecido en el lugar bajo amenazas, adem\u00e1s de sufrir agresiones f\u00edsicas, psicol\u00f3gicas y sexuales. En abril de 2024 logr\u00f3 salir de ese entorno y posteriormente fue resguardada bajo medidas de protecci\u00f3n en un Centro de Asistencia Social del Sistema DIF Estatal.<\/p>\n\n\n\n<p>Como resultado de las investigaciones realizadas por la Fiscal\u00eda de Oaxaca a trav\u00e9s de la Fiscal\u00eda Especializada en Delitos de Alto Impacto, se ejecut\u00f3 una orden de aprehensi\u00f3n contra el imputado, quien es presumiblemente padre de la v\u00edctima.&nbsp;<\/p>\n\n\n\n<p>Tras desahogarse las etapas procesales correspondientes, el 23 de abril de 2026, el Juez de Control dict\u00f3 auto de vinculaci\u00f3n a proceso en contra de S.S.G., imponiendo la medida cautelar de prisi\u00f3n preventiva justificada, adem\u00e1s de imponer el plazo de tres meses para el cierre de la investigaci\u00f3n complementaria.<\/p>\n","protected":false},"excerpt":{"rendered":"<p>Oaxaca de Ju\u00e1rez, Oax.-\u00a0La Fiscal\u00eda General del Estado de Oaxaca (FGEO) obtuvo auto de vinculaci\u00f3n a proceso y prisi\u00f3n preventiva en contra de una persona del sexo masculino identificada como S.S.G. (padre de la v\u00edctima) por su probable responsabilidad en el delito de trata de personas en la modalidad de matrimonio forzoso o servil, agravado, [&hellip;]<\/p>\n","protected":false},"author":2,"featured_media":76595,"comment_status":"closed","ping_status":"open","sticky":false,"template":"","format":"standard","meta":{"footnotes":""},"categories":[2,20],"tags":[],"class_list":{"0":"post-76593","1":"post","2":"type-post","3":"status-publish","4":"format-standard","5":"has-post-thumbnail","7":"category-oaxaca","8":"category-policiaca"},"yoast_head":"<!-- This site is optimized with the Yoast SEO plugin v27.4 - https:\/\/yoast.com\/product\/yoast-seo-wordpress\/ -->\n<title>Obtiene Fiscal\u00eda de Oaxaca vinculaci\u00f3n a proceso por trata de personas en modalidad de matrimonio forzoso agravado - LA BRAVA RADIO<\/title>\n<meta name=\"robots\" content=\"index, follow, max-snippet:-1, max-image-preview:large, max-video-preview:-1\" \/>\n<link rel=\"canonical\" href=\"https:\/\/www.bbmnoticias.com\/obtiene-fiscalia-de-oaxaca-vinculacion-a-proceso-por-trata-de-personas-en-modalidad-de-matrimonio-forzoso-agravado\/\" \/>\n<meta property=\"og:locale\" content=\"es_MX\" \/>\n<meta property=\"og:type\" content=\"article\" \/>\n<meta property=\"og:title\" content=\"Obtiene Fiscal\u00eda de Oaxaca vinculaci\u00f3n a proceso por trata de personas en modalidad de matrimonio forzoso agravado - LA BRAVA RADIO\" \/>\n<meta property=\"og:description\" content=\"Oaxaca de Ju\u00e1rez, Oax.-\u00a0La Fiscal\u00eda General del Estado de Oaxaca (FGEO) obtuvo auto de vinculaci\u00f3n a proceso y prisi\u00f3n preventiva en contra de una persona del sexo masculino identificada como S.S.G. (padre de la v\u00edctima) por su probable responsabilidad en el delito de trata de personas en la modalidad de matrimonio forzoso o servil, agravado, [&hellip;]\" \/>\n<meta property=\"og:url\" content=\"https:\/\/www.bbmnoticias.com\/obtiene-fiscalia-de-oaxaca-vinculacion-a-proceso-por-trata-de-personas-en-modalidad-de-matrimonio-forzoso-agravado\/\" \/>\n<meta property=\"og:site_name\" content=\"LA BRAVA RADIO\" \/>\n<meta property=\"article:published_time\" content=\"2026-04-27T14:43:44+00:00\" \/>\n<meta property=\"article:modified_time\" content=\"2026-04-27T14:43:48+00:00\" \/>\n<meta property=\"og:image\" content=\"https:\/\/www.bbmnoticias.com\/labravaradiofm\/wp-content\/uploads\/sites\/5\/2026\/04\/fiscalia_detenido.jpg\" \/>\n\t<meta property=\"og:image:width\" content=\"800\" \/>\n\t<meta property=\"og:image:height\" content=\"450\" \/>\n\t<meta property=\"og:image:type\" content=\"image\/jpeg\" \/>\n<meta name=\"author\" content=\"Staff\" \/>\n<meta name=\"twitter:card\" content=\"summary_large_image\" \/>\n<meta name=\"twitter:label1\" content=\"Escrito por\" \/>\n\t<meta name=\"twitter:data1\" content=\"Staff\" \/>\n\t<meta name=\"twitter:label2\" content=\"Tiempo de lectura\" \/>\n\t<meta name=\"twitter:data2\" content=\"1 minuto\" \/>\n<script type=\"application\/ld+json\" class=\"yoast-schema-graph\">{\"@context\":\"https:\\\/\\\/schema.org\",\"@graph\":[{\"@type\":\"Article\",\"@id\":\"https:\\\/\\\/www.bbmnoticias.com\\\/obtiene-fiscalia-de-oaxaca-vinculacion-a-proceso-por-trata-de-personas-en-modalidad-de-matrimonio-forzoso-agravado\\\/#article\",\"isPartOf\":{\"@id\":\"https:\\\/\\\/www.bbmnoticias.com\\\/labravaradiofm\\\/2026\\\/04\\\/27\\\/obtiene-fiscalia-de-oaxaca-vinculacion-a-proceso-por-trata-de-personas-en-modalidad-de-matrimonio-forzoso-agravado\\\/\"},\"author\":{\"name\":\"Staff\",\"@id\":\"https:\\\/\\\/www.bbmnoticias.com\\\/labravaradiofm\\\/#\\\/schema\\\/person\\\/68a9e9036ef3c5b55aeb2b71dc8bab45\"},\"headline\":\"Obtiene Fiscal\u00eda de Oaxaca vinculaci\u00f3n a proceso por trata de personas en modalidad de matrimonio forzoso agravado\",\"datePublished\":\"2026-04-27T14:43:44+00:00\",\"dateModified\":\"2026-04-27T14:43:48+00:00\",\"mainEntityOfPage\":{\"@id\":\"https:\\\/\\\/www.bbmnoticias.com\\\/labravaradiofm\\\/2026\\\/04\\\/27\\\/obtiene-fiscalia-de-oaxaca-vinculacion-a-proceso-por-trata-de-personas-en-modalidad-de-matrimonio-forzoso-agravado\\\/\"},\"wordCount\":318,\"image\":{\"@id\":\"https:\\\/\\\/www.bbmnoticias.com\\\/obtiene-fiscalia-de-oaxaca-vinculacion-a-proceso-por-trata-de-personas-en-modalidad-de-matrimonio-forzoso-agravado\\\/#primaryimage\"},\"thumbnailUrl\":\"https:\\\/\\\/www.bbmnoticias.com\\\/labravaradiofm\\\/wp-content\\\/uploads\\\/sites\\\/5\\\/2026\\\/04\\\/fiscalia_detenido.jpg\",\"articleSection\":[\"LOCAL\",\"POLICIACA\"],\"inLanguage\":\"es\"},{\"@type\":\"WebPage\",\"@id\":\"https:\\\/\\\/www.bbmnoticias.com\\\/labravaradiofm\\\/2026\\\/04\\\/27\\\/obtiene-fiscalia-de-oaxaca-vinculacion-a-proceso-por-trata-de-personas-en-modalidad-de-matrimonio-forzoso-agravado\\\/\",\"url\":\"https:\\\/\\\/www.bbmnoticias.com\\\/obtiene-fiscalia-de-oaxaca-vinculacion-a-proceso-por-trata-de-personas-en-modalidad-de-matrimonio-forzoso-agravado\\\/\",\"name\":\"Obtiene Fiscal\u00eda de Oaxaca vinculaci\u00f3n a proceso por trata de personas en modalidad de matrimonio forzoso agravado - LA BRAVA RADIO\",\"isPartOf\":{\"@id\":\"https:\\\/\\\/www.bbmnoticias.com\\\/labravaradiofm\\\/#website\"},\"primaryImageOfPage\":{\"@id\":\"https:\\\/\\\/www.bbmnoticias.com\\\/obtiene-fiscalia-de-oaxaca-vinculacion-a-proceso-por-trata-de-personas-en-modalidad-de-matrimonio-forzoso-agravado\\\/#primaryimage\"},\"image\":{\"@id\":\"https:\\\/\\\/www.bbmnoticias.com\\\/obtiene-fiscalia-de-oaxaca-vinculacion-a-proceso-por-trata-de-personas-en-modalidad-de-matrimonio-forzoso-agravado\\\/#primaryimage\"},\"thumbnailUrl\":\"https:\\\/\\\/www.bbmnoticias.com\\\/labravaradiofm\\\/wp-content\\\/uploads\\\/sites\\\/5\\\/2026\\\/04\\\/fiscalia_detenido.jpg\",\"datePublished\":\"2026-04-27T14:43:44+00:00\",\"dateModified\":\"2026-04-27T14:43:48+00:00\",\"author\":{\"@id\":\"https:\\\/\\\/www.bbmnoticias.com\\\/labravaradiofm\\\/#\\\/schema\\\/person\\\/68a9e9036ef3c5b55aeb2b71dc8bab45\"},\"breadcrumb\":{\"@id\":\"https:\\\/\\\/www.bbmnoticias.com\\\/obtiene-fiscalia-de-oaxaca-vinculacion-a-proceso-por-trata-de-personas-en-modalidad-de-matrimonio-forzoso-agravado\\\/#breadcrumb\"},\"inLanguage\":\"es\",\"potentialAction\":[{\"@type\":\"ReadAction\",\"target\":[\"https:\\\/\\\/www.bbmnoticias.com\\\/obtiene-fiscalia-de-oaxaca-vinculacion-a-proceso-por-trata-de-personas-en-modalidad-de-matrimonio-forzoso-agravado\\\/\"]}]},{\"@type\":\"ImageObject\",\"inLanguage\":\"es\",\"@id\":\"https:\\\/\\\/www.bbmnoticias.com\\\/obtiene-fiscalia-de-oaxaca-vinculacion-a-proceso-por-trata-de-personas-en-modalidad-de-matrimonio-forzoso-agravado\\\/#primaryimage\",\"url\":\"https:\\\/\\\/www.bbmnoticias.com\\\/labravaradiofm\\\/wp-content\\\/uploads\\\/sites\\\/5\\\/2026\\\/04\\\/fiscalia_detenido.jpg\",\"contentUrl\":\"https:\\\/\\\/www.bbmnoticias.com\\\/labravaradiofm\\\/wp-content\\\/uploads\\\/sites\\\/5\\\/2026\\\/04\\\/fiscalia_detenido.jpg\",\"width\":800,\"height\":450},{\"@type\":\"BreadcrumbList\",\"@id\":\"https:\\\/\\\/www.bbmnoticias.com\\\/obtiene-fiscalia-de-oaxaca-vinculacion-a-proceso-por-trata-de-personas-en-modalidad-de-matrimonio-forzoso-agravado\\\/#breadcrumb\",\"itemListElement\":[{\"@type\":\"ListItem\",\"position\":1,\"name\":\"Inicio\",\"item\":\"https:\\\/\\\/www.bbmnoticias.com\\\/labravaradiofm\\\/\"},{\"@type\":\"ListItem\",\"position\":2,\"name\":\"Obtiene Fiscal\u00eda de Oaxaca vinculaci\u00f3n a proceso por trata de personas en modalidad de matrimonio forzoso agravado\"}]},{\"@type\":\"WebSite\",\"@id\":\"https:\\\/\\\/www.bbmnoticias.com\\\/labravaradiofm\\\/#website\",\"url\":\"https:\\\/\\\/www.bbmnoticias.com\\\/labravaradiofm\\\/\",\"name\":\"LA BRAVA RADIO\",\"description\":\"Empresa productora de medios, Radiodifusi\u00f3n, Noticias, tendencias y todo lo que necesitas saber de la pol\u00edtica mexicana e internacional; entretenimiento, espect\u00e1culos, salud y mucho m\u00e1s.\",\"potentialAction\":[{\"@type\":\"SearchAction\",\"target\":{\"@type\":\"EntryPoint\",\"urlTemplate\":\"https:\\\/\\\/www.bbmnoticias.com\\\/labravaradiofm\\\/?s={search_term_string}\"},\"query-input\":{\"@type\":\"PropertyValueSpecification\",\"valueRequired\":true,\"valueName\":\"search_term_string\"}}],\"inLanguage\":\"es\"},{\"@type\":\"Person\",\"@id\":\"https:\\\/\\\/www.bbmnoticias.com\\\/labravaradiofm\\\/#\\\/schema\\\/person\\\/68a9e9036ef3c5b55aeb2b71dc8bab45\",\"name\":\"Staff\",\"image\":{\"@type\":\"ImageObject\",\"inLanguage\":\"es\",\"@id\":\"https:\\\/\\\/secure.gravatar.com\\\/avatar\\\/fdd21ad66fd8b98c407f9dee5b5e588cfe7f0d8579ec20fa6527cd59bab7f0f0?s=96&d=mm&r=g\",\"url\":\"https:\\\/\\\/secure.gravatar.com\\\/avatar\\\/fdd21ad66fd8b98c407f9dee5b5e588cfe7f0d8579ec20fa6527cd59bab7f0f0?s=96&d=mm&r=g\",\"contentUrl\":\"https:\\\/\\\/secure.gravatar.com\\\/avatar\\\/fdd21ad66fd8b98c407f9dee5b5e588cfe7f0d8579ec20fa6527cd59bab7f0f0?s=96&d=mm&r=g\",\"caption\":\"Staff\"},\"url\":\"https:\\\/\\\/www.bbmnoticias.com\\\/labravaradiofm\\\/author\\\/redaccion\\\/\"}]}<\/script>\n<!-- \/ Yoast SEO plugin. -->","yoast_head_json":{"title":"Obtiene Fiscal\u00eda de Oaxaca vinculaci\u00f3n a proceso por trata de personas en modalidad de matrimonio forzoso agravado - LA BRAVA RADIO","robots":{"index":"index","follow":"follow","max-snippet":"max-snippet:-1","max-image-preview":"max-image-preview:large","max-video-preview":"max-video-preview:-1"},"canonical":"https:\/\/www.bbmnoticias.com\/obtiene-fiscalia-de-oaxaca-vinculacion-a-proceso-por-trata-de-personas-en-modalidad-de-matrimonio-forzoso-agravado\/","og_locale":"es_MX","og_type":"article","og_title":"Obtiene Fiscal\u00eda de Oaxaca vinculaci\u00f3n a proceso por trata de personas en modalidad de matrimonio forzoso agravado - LA BRAVA RADIO","og_description":"Oaxaca de Ju\u00e1rez, Oax.-\u00a0La Fiscal\u00eda General del Estado de Oaxaca (FGEO) obtuvo auto de vinculaci\u00f3n a proceso y prisi\u00f3n preventiva en contra de una persona del sexo masculino identificada como S.S.G. (padre de la v\u00edctima) por su probable responsabilidad en el delito de trata de personas en la modalidad de matrimonio forzoso o servil, agravado, [&hellip;]","og_url":"https:\/\/www.bbmnoticias.com\/obtiene-fiscalia-de-oaxaca-vinculacion-a-proceso-por-trata-de-personas-en-modalidad-de-matrimonio-forzoso-agravado\/","og_site_name":"LA BRAVA RADIO","article_published_time":"2026-04-27T14:43:44+00:00","article_modified_time":"2026-04-27T14:43:48+00:00","og_image":[{"width":800,"height":450,"url":"https:\/\/www.bbmnoticias.com\/labravaradiofm\/wp-content\/uploads\/sites\/5\/2026\/04\/fiscalia_detenido.jpg","type":"image\/jpeg"}],"author":"Staff","twitter_card":"summary_large_image","twitter_misc":{"Escrito por":"Staff","Tiempo de lectura":"1 minuto"},"schema":{"@context":"https:\/\/schema.org","@graph":[{"@type":"Article","@id":"https:\/\/www.bbmnoticias.com\/obtiene-fiscalia-de-oaxaca-vinculacion-a-proceso-por-trata-de-personas-en-modalidad-de-matrimonio-forzoso-agravado\/#article","isPartOf":{"@id":"https:\/\/www.bbmnoticias.com\/labravaradiofm\/2026\/04\/27\/obtiene-fiscalia-de-oaxaca-vinculacion-a-proceso-por-trata-de-personas-en-modalidad-de-matrimonio-forzoso-agravado\/"},"author":{"name":"Staff","@id":"https:\/\/www.bbmnoticias.com\/labravaradiofm\/#\/schema\/person\/68a9e9036ef3c5b55aeb2b71dc8bab45"},"headline":"Obtiene Fiscal\u00eda de Oaxaca vinculaci\u00f3n a proceso por trata de personas en modalidad de matrimonio forzoso agravado","datePublished":"2026-04-27T14:43:44+00:00","dateModified":"2026-04-27T14:43:48+00:00","mainEntityOfPage":{"@id":"https:\/\/www.bbmnoticias.com\/labravaradiofm\/2026\/04\/27\/obtiene-fiscalia-de-oaxaca-vinculacion-a-proceso-por-trata-de-personas-en-modalidad-de-matrimonio-forzoso-agravado\/"},"wordCount":318,"image":{"@id":"https:\/\/www.bbmnoticias.com\/obtiene-fiscalia-de-oaxaca-vinculacion-a-proceso-por-trata-de-personas-en-modalidad-de-matrimonio-forzoso-agravado\/#primaryimage"},"thumbnailUrl":"https:\/\/www.bbmnoticias.com\/labravaradiofm\/wp-content\/uploads\/sites\/5\/2026\/04\/fiscalia_detenido.jpg","articleSection":["LOCAL","POLICIACA"],"inLanguage":"es"},{"@type":"WebPage","@id":"https:\/\/www.bbmnoticias.com\/labravaradiofm\/2026\/04\/27\/obtiene-fiscalia-de-oaxaca-vinculacion-a-proceso-por-trata-de-personas-en-modalidad-de-matrimonio-forzoso-agravado\/","url":"https:\/\/www.bbmnoticias.com\/obtiene-fiscalia-de-oaxaca-vinculacion-a-proceso-por-trata-de-personas-en-modalidad-de-matrimonio-forzoso-agravado\/","name":"Obtiene Fiscal\u00eda de Oaxaca vinculaci\u00f3n a proceso por trata de personas en modalidad de matrimonio forzoso agravado - LA BRAVA RADIO","isPartOf":{"@id":"https:\/\/www.bbmnoticias.com\/labravaradiofm\/#website"},"primaryImageOfPage":{"@id":"https:\/\/www.bbmnoticias.com\/obtiene-fiscalia-de-oaxaca-vinculacion-a-proceso-por-trata-de-personas-en-modalidad-de-matrimonio-forzoso-agravado\/#primaryimage"},"image":{"@id":"https:\/\/www.bbmnoticias.com\/obtiene-fiscalia-de-oaxaca-vinculacion-a-proceso-por-trata-de-personas-en-modalidad-de-matrimonio-forzoso-agravado\/#primaryimage"},"thumbnailUrl":"https:\/\/www.bbmnoticias.com\/labravaradiofm\/wp-content\/uploads\/sites\/5\/2026\/04\/fiscalia_detenido.jpg","datePublished":"2026-04-27T14:43:44+00:00","dateModified":"2026-04-27T14:43:48+00:00","author":{"@id":"https:\/\/www.bbmnoticias.com\/labravaradiofm\/#\/schema\/person\/68a9e9036ef3c5b55aeb2b71dc8bab45"},"breadcrumb":{"@id":"https:\/\/www.bbmnoticias.com\/obtiene-fiscalia-de-oaxaca-vinculacion-a-proceso-por-trata-de-personas-en-modalidad-de-matrimonio-forzoso-agravado\/#breadcrumb"},"inLanguage":"es","potentialAction":[{"@type":"ReadAction","target":["https:\/\/www.bbmnoticias.com\/obtiene-fiscalia-de-oaxaca-vinculacion-a-proceso-por-trata-de-personas-en-modalidad-de-matrimonio-forzoso-agravado\/"]}]},{"@type":"ImageObject","inLanguage":"es","@id":"https:\/\/www.bbmnoticias.com\/obtiene-fiscalia-de-oaxaca-vinculacion-a-proceso-por-trata-de-personas-en-modalidad-de-matrimonio-forzoso-agravado\/#primaryimage","url":"https:\/\/www.bbmnoticias.com\/labravaradiofm\/wp-content\/uploads\/sites\/5\/2026\/04\/fiscalia_detenido.jpg","contentUrl":"https:\/\/www.bbmnoticias.com\/labravaradiofm\/wp-content\/uploads\/sites\/5\/2026\/04\/fiscalia_detenido.jpg","width":800,"height":450},{"@type":"BreadcrumbList","@id":"https:\/\/www.bbmnoticias.com\/obtiene-fiscalia-de-oaxaca-vinculacion-a-proceso-por-trata-de-personas-en-modalidad-de-matrimonio-forzoso-agravado\/#breadcrumb","itemListElement":[{"@type":"ListItem","position":1,"name":"Inicio","item":"https:\/\/www.bbmnoticias.com\/labravaradiofm\/"},{"@type":"ListItem","position":2,"name":"Obtiene Fiscal\u00eda de Oaxaca vinculaci\u00f3n a proceso por trata de personas en modalidad de matrimonio forzoso agravado"}]},{"@type":"WebSite","@id":"https:\/\/www.bbmnoticias.com\/labravaradiofm\/#website","url":"https:\/\/www.bbmnoticias.com\/labravaradiofm\/","name":"LA BRAVA RADIO","description":"Empresa productora de medios, Radiodifusi\u00f3n, Noticias, tendencias y todo lo que necesitas saber de la pol\u00edtica mexicana e internacional; entretenimiento, espect\u00e1culos, salud y mucho m\u00e1s.","potentialAction":[{"@type":"SearchAction","target":{"@type":"EntryPoint","urlTemplate":"https:\/\/www.bbmnoticias.com\/labravaradiofm\/?s={search_term_string}"},"query-input":{"@type":"PropertyValueSpecification","valueRequired":true,"valueName":"search_term_string"}}],"inLanguage":"es"},{"@type":"Person","@id":"https:\/\/www.bbmnoticias.com\/labravaradiofm\/#\/schema\/person\/68a9e9036ef3c5b55aeb2b71dc8bab45","name":"Staff","image":{"@type":"ImageObject","inLanguage":"es","@id":"https:\/\/secure.gravatar.com\/avatar\/fdd21ad66fd8b98c407f9dee5b5e588cfe7f0d8579ec20fa6527cd59bab7f0f0?s=96&d=mm&r=g","url":"https:\/\/secure.gravatar.com\/avatar\/fdd21ad66fd8b98c407f9dee5b5e588cfe7f0d8579ec20fa6527cd59bab7f0f0?s=96&d=mm&r=g","contentUrl":"https:\/\/secure.gravatar.com\/avatar\/fdd21ad66fd8b98c407f9dee5b5e588cfe7f0d8579ec20fa6527cd59bab7f0f0?s=96&d=mm&r=g","caption":"Staff"},"url":"https:\/\/www.bbmnoticias.com\/labravaradiofm\/author\/redaccion\/"}]}},"_links":{"self":[{"href":"https:\/\/www.bbmnoticias.com\/labravaradiofm\/wp-json\/wp\/v2\/posts\/76593","targetHints":{"allow":["GET"]}}],"collection":[{"href":"https:\/\/www.bbmnoticias.com\/labravaradiofm\/wp-json\/wp\/v2\/posts"}],"about":[{"href":"https:\/\/www.bbmnoticias.com\/labravaradiofm\/wp-json\/wp\/v2\/types\/post"}],"author":[{"embeddable":true,"href":"https:\/\/www.bbmnoticias.com\/labravaradiofm\/wp-json\/wp\/v2\/users\/2"}],"replies":[{"embeddable":true,"href":"https:\/\/www.bbmnoticias.com\/labravaradiofm\/wp-json\/wp\/v2\/comments?post=76593"}],"version-history":[{"count":1,"href":"https:\/\/www.bbmnoticias.com\/labravaradiofm\/wp-json\/wp\/v2\/posts\/76593\/revisions"}],"predecessor-version":[{"id":76594,"href":"https:\/\/www.bbmnoticias.com\/labravaradiofm\/wp-json\/wp\/v2\/posts\/76593\/revisions\/76594"}],"wp:featuredmedia":[{"embeddable":true,"href":"https:\/\/www.bbmnoticias.com\/labravaradiofm\/wp-json\/wp\/v2\/media\/76595"}],"wp:attachment":[{"href":"https:\/\/www.bbmnoticias.com\/labravaradiofm\/wp-json\/wp\/v2\/media?parent=76593"}],"wp:term":[{"taxonomy":"category","embeddable":true,"href":"https:\/\/www.bbmnoticias.com\/labravaradiofm\/wp-json\/wp\/v2\/categories?post=76593"},{"taxonomy":"post_tag","embeddable":true,"href":"https:\/\/www.bbmnoticias.com\/labravaradiofm\/wp-json\/wp\/v2\/tags?post=76593"}],"curies":[{"name":"wp","href":"https:\/\/api.w.org\/{rel}","templated":true}]}}