{"id":76590,"date":"2026-04-27T08:33:50","date_gmt":"2026-04-27T14:33:50","guid":{"rendered":"https:\/\/www.bbmnoticias.com\/labravaradiofm\/2026\/04\/27\/miguel-rios-en-el-cervantes-el-rugido-de-un-hijo-del-rock-que-se-niega-a-callar\/"},"modified":"2026-04-27T08:33:54","modified_gmt":"2026-04-27T14:33:54","slug":"miguel-rios-en-el-cervantes-el-rugido-de-un-hijo-del-rock-que-se-niega-a-callar","status":"publish","type":"post","link":"https:\/\/www.bbmnoticias.com\/labravaradiofm\/2026\/04\/27\/miguel-rios-en-el-cervantes-el-rugido-de-un-hijo-del-rock-que-se-niega-a-callar\/","title":{"rendered":"Miguel R\u00edos en el Cervantes: El rugido de un &#8220;hijo del rock&#8221; que se niega a callar"},"content":{"rendered":"<div style=\"margin-top: 0px; margin-bottom: 0px;\" class=\"sharethis-inline-share-buttons\" ><\/div>\n<p><strong>M\u00e1laga.- <\/strong>&nbsp;La Costa del Sol vivi\u00f3 una de esas noches que se quedan grabadas en la memoria. El Teatro Cervantes, a su m\u00e1xima capacidad, fue testigo de la presencia de un Miguel R\u00edos en estado de gracia: vocalmente impecable, f\u00edsicamente \u00e1gil y con una libertad de discurso que solo los grandes maestros pueden permitirse.<\/p>\n\n\n\n<p>La velada comenz\u00f3 con una intensidad m\u00e1xima. El artista granadino&nbsp; arranc\u00f3 con el himno &#8220;Bienvenidos&#8221;. Sin embargo, un fallo t\u00e9cnico en el micr\u00f3fono dej\u00f3 su voz en silencio. El p\u00fablico, lejos de callar, reaccion\u00f3 con gritos de &#8220;\u00a1no se escucha!&#8221; y silbidos. Con la veteran\u00eda que le dan las d\u00e9cadas, Miguel detuvo a la banda, brome\u00f3 con el sueldo del t\u00e9cnico de sonido y reinici\u00f3 el tema, logrando que todo el teatro se pusiera en pie para rugir el coro junto a \u00e9l.<\/p>\n\n\n\n<p>Uno de los puntos m\u00e1s destacados fue la calidad de sus m\u00fasicos. No fue una banda est\u00e1tica; la versatilidad fue la norma. Jos\u00e9 Nortes (guitarra y voz), Luis Prado (teclados), Jorge Ruiz (bajo, guitarra y voz) y Samuel Terroso (bater\u00eda, guitarra y voz) protagonizaron un aut\u00e9ntico juego de sillas musical, intercambiando instrumentos entre ellos a lo largo de la noche en un despliegue de talento que dej\u00f3 al p\u00fablico boquiabierto.<\/p>\n\n\n\n<p>Result\u00f3 asombroso ver a Miguel hablar de la vejez mientras mostraba una energ\u00eda envidiable. Tras presentar temas de su nuevo disco como &#8220;Oro irland\u00e9s&#8221;, y reflexionar sobre la tercera edad, el artista sorprendi\u00f3 a todos subi\u00e9ndose a los barrotes de un banco que ten\u00eda en el escenario, movi\u00e9ndose con una soltura que desafiaba cualquier temor a una ca\u00edda , al cantar&nbsp; \u201cSi pudiera parar el tiempo\u201d, tema que es una radiograf\u00eda de su existencia y habla de lo que significa tener m\u00e1s de ochenta a\u00f1os.<\/p>\n\n\n\n<p>Bromeo con el p\u00fablico, al ver que se paraban de sus asientos para ir al ba\u00f1o. \u201cComprendo la necesidad de salir. Me sorprende que est\u00e9 aguantando tanto\u201d.<\/p>\n\n\n\n<p>R\u00edos utiliz\u00f3 el escenario como altavoz para su conciencia social. Critic\u00f3 con iron\u00eda a quienes a\u00fan creen que la Tierra es plana y a quienes ignoran el cambio clim\u00e1tico,&nbsp; conectando este mensaje con su m\u00fasica con el tema \u201cNo es la tierra. Estupido eres t\u00fa\u201d.<\/p>\n\n\n\n<p>El momento m\u00e1s emotivo lleg\u00f3 con la interpretaci\u00f3n del &#8220;Himno a la Alegr\u00eda&#8221;. Con el teatro en pie y tras una reflexi\u00f3n sobre la paz y el conflicto en Gaza, el p\u00fablico estall\u00f3 en un grito un\u00e1nime de &#8220;\u00a1No a la guerra!&#8221;. Miguel, luciendo el pa\u00f1uelo palestino, defendi\u00f3 la libertad de su generaci\u00f3n para seguir cuestionando las injusticias del mundo.<\/p>\n\n\n\n<p>La an\u00e9cdota de la noche fue su &#8220;dueto&#8221; con el p\u00fablico en &#8220;Insurrecci\u00f3n&#8221;. Tras explicar que Manolo Garc\u00eda no pudo asistir por agenda, R\u00edos pidi\u00f3 a la audiencia que hiciera las partes del catal\u00e1n, pidiendo silencio con la mano \u2014entre risas\u2014 cuando alguien se adelantaba.<\/p>\n\n\n\n<p>La nota dulce y potente la puso la malague\u00f1a Anni B Sweet, quien se uni\u00f3 al maestro para una emocionante versi\u00f3n de &#8220;El R\u00edo&#8221;, uniendo el pasado dorado del rock con el talento actual de la tierra.<\/p>\n\n\n\n<p>Desde los cl\u00e1sicos como &#8220;A todo pulm\u00f3n&#8221;, &#8220;El \u00faltimo vals&#8221; o la m\u00edtica &#8220;En la rampa de salida&#8221;, hasta la esperanza de &#8220;Hoy puede ser un gran d\u00eda&#8221;, el concierto fue un viaje por la memoria colectiva de Espa\u00f1a.<\/p>\n\n\n\n<p>Sin duda este concierto se quedar\u00e1 en la memoria de quienes lo vivieron. Es un regalo ver y escuchar a Miguel R\u00edos, un referente de la m\u00fasica en espa\u00f1ol.&nbsp;<\/p>\n\n\n\n<p>Adem\u00e1s que como \u00e9l lo mencion\u00f3 es un hombre de convicciones y las defiende donde vaya. Adem\u00e1s que viene de una generaci\u00f3n que vivi\u00f3 libertad y vivi\u00f3 sum\u00e1ndose a diferentes luchas sociales&nbsp; y pol\u00edticas.<\/p>\n\n\n\n<p>Al salir del teatro, el debate estaba servido. Mientras la mayor\u00eda sal\u00eda conmovida, algunos hombres comentaban que R\u00edos &#8220;deber\u00eda limitarse a cantar y no dar discursos pol\u00edticos&#8221;. Sin embargo, fue precisamente esa mezcla de rock, opini\u00f3n y desaf\u00edo a la edad lo que hizo que la noche en el Cervantes fuera, sencillamente, inolvidable. Miguel R\u00edos no solo cant\u00f3; dio una lecci\u00f3n de vida.<\/p>\n","protected":false},"excerpt":{"rendered":"<p>M\u00e1laga.- &nbsp;La Costa del Sol vivi\u00f3 una de esas noches que se quedan grabadas en la memoria. El Teatro Cervantes, a su m\u00e1xima capacidad, fue testigo de la presencia de un Miguel R\u00edos en estado de gracia: vocalmente impecable, f\u00edsicamente \u00e1gil y con una libertad de discurso que solo los grandes maestros pueden permitirse. La [&hellip;]<\/p>\n","protected":false},"author":6,"featured_media":76592,"comment_status":"closed","ping_status":"open","sticky":false,"template":"","format":"standard","meta":{"footnotes":""},"categories":[949,2],"tags":[],"class_list":{"0":"post-76590","1":"post","2":"type-post","3":"status-publish","4":"format-standard","5":"has-post-thumbnail","7":"category-espectaculos","8":"category-oaxaca"},"yoast_head":"<!-- This site is optimized with the Yoast SEO plugin v27.4 - https:\/\/yoast.com\/product\/yoast-seo-wordpress\/ -->\n<title>Miguel R\u00edos en el Cervantes: El rugido de un &quot;hijo del rock&quot; que se niega a callar - LA BRAVA RADIO<\/title>\n<meta name=\"robots\" content=\"index, follow, max-snippet:-1, max-image-preview:large, max-video-preview:-1\" \/>\n<link rel=\"canonical\" href=\"https:\/\/www.bbmnoticias.com\/miguel-rios-en-el-cervantes-el-rugido-de-un-hijo-del-rock-que-se-niega-a-callar\/\" \/>\n<meta property=\"og:locale\" content=\"es_MX\" \/>\n<meta property=\"og:type\" content=\"article\" \/>\n<meta property=\"og:title\" content=\"Miguel R\u00edos en el Cervantes: El rugido de un &quot;hijo del rock&quot; que se niega a callar - LA BRAVA RADIO\" \/>\n<meta property=\"og:description\" content=\"M\u00e1laga.- &nbsp;La Costa del Sol vivi\u00f3 una de esas noches que se quedan grabadas en la memoria. El Teatro Cervantes, a su m\u00e1xima capacidad, fue testigo de la presencia de un Miguel R\u00edos en estado de gracia: vocalmente impecable, f\u00edsicamente \u00e1gil y con una libertad de discurso que solo los grandes maestros pueden permitirse. La [&hellip;]\" \/>\n<meta property=\"og:url\" content=\"https:\/\/www.bbmnoticias.com\/miguel-rios-en-el-cervantes-el-rugido-de-un-hijo-del-rock-que-se-niega-a-callar\/\" \/>\n<meta property=\"og:site_name\" content=\"LA BRAVA RADIO\" \/>\n<meta property=\"article:published_time\" content=\"2026-04-27T14:33:50+00:00\" \/>\n<meta property=\"article:modified_time\" content=\"2026-04-27T14:33:54+00:00\" \/>\n<meta property=\"og:image\" content=\"https:\/\/www.bbmnoticias.com\/labravaradiofm\/wp-content\/uploads\/sites\/5\/2026\/04\/miguel_rios.jpg\" \/>\n\t<meta property=\"og:image:width\" content=\"800\" \/>\n\t<meta property=\"og:image:height\" content=\"533\" \/>\n\t<meta property=\"og:image:type\" content=\"image\/jpeg\" \/>\n<meta name=\"author\" content=\"Mar\u00eda Esther Beltr\u00e1n Mart\u00ednez\" \/>\n<meta name=\"twitter:card\" content=\"summary_large_image\" \/>\n<meta name=\"twitter:label1\" content=\"Escrito por\" \/>\n\t<meta name=\"twitter:data1\" content=\"Mar\u00eda Esther Beltr\u00e1n Mart\u00ednez\" \/>\n\t<meta name=\"twitter:label2\" content=\"Tiempo de lectura\" \/>\n\t<meta name=\"twitter:data2\" content=\"4 minutos\" \/>\n<script type=\"application\/ld+json\" class=\"yoast-schema-graph\">{\"@context\":\"https:\\\/\\\/schema.org\",\"@graph\":[{\"@type\":\"Article\",\"@id\":\"https:\\\/\\\/www.bbmnoticias.com\\\/miguel-rios-en-el-cervantes-el-rugido-de-un-hijo-del-rock-que-se-niega-a-callar\\\/#article\",\"isPartOf\":{\"@id\":\"https:\\\/\\\/www.bbmnoticias.com\\\/labravaradiofm\\\/2026\\\/04\\\/27\\\/miguel-rios-en-el-cervantes-el-rugido-de-un-hijo-del-rock-que-se-niega-a-callar\\\/\"},\"author\":{\"name\":\"Mar\u00eda Esther Beltr\u00e1n Mart\u00ednez\",\"@id\":\"https:\\\/\\\/www.bbmnoticias.com\\\/labravaradiofm\\\/#\\\/schema\\\/person\\\/ff037dabcc375d1b25289b6fd3902bd6\"},\"headline\":\"Miguel R\u00edos en el Cervantes: El rugido de un &#8220;hijo del rock&#8221; que se niega a callar\",\"datePublished\":\"2026-04-27T14:33:50+00:00\",\"dateModified\":\"2026-04-27T14:33:54+00:00\",\"mainEntityOfPage\":{\"@id\":\"https:\\\/\\\/www.bbmnoticias.com\\\/labravaradiofm\\\/2026\\\/04\\\/27\\\/miguel-rios-en-el-cervantes-el-rugido-de-un-hijo-del-rock-que-se-niega-a-callar\\\/\"},\"wordCount\":767,\"image\":{\"@id\":\"https:\\\/\\\/www.bbmnoticias.com\\\/miguel-rios-en-el-cervantes-el-rugido-de-un-hijo-del-rock-que-se-niega-a-callar\\\/#primaryimage\"},\"thumbnailUrl\":\"https:\\\/\\\/www.bbmnoticias.com\\\/labravaradiofm\\\/wp-content\\\/uploads\\\/sites\\\/5\\\/2026\\\/04\\\/miguel_rios.jpg\",\"articleSection\":[\"ESPECT\u00c1CULOS\",\"LOCAL\"],\"inLanguage\":\"es\"},{\"@type\":\"WebPage\",\"@id\":\"https:\\\/\\\/www.bbmnoticias.com\\\/labravaradiofm\\\/2026\\\/04\\\/27\\\/miguel-rios-en-el-cervantes-el-rugido-de-un-hijo-del-rock-que-se-niega-a-callar\\\/\",\"url\":\"https:\\\/\\\/www.bbmnoticias.com\\\/miguel-rios-en-el-cervantes-el-rugido-de-un-hijo-del-rock-que-se-niega-a-callar\\\/\",\"name\":\"Miguel R\u00edos en el Cervantes: El rugido de un \\\"hijo del rock\\\" que se niega a callar - LA BRAVA RADIO\",\"isPartOf\":{\"@id\":\"https:\\\/\\\/www.bbmnoticias.com\\\/labravaradiofm\\\/#website\"},\"primaryImageOfPage\":{\"@id\":\"https:\\\/\\\/www.bbmnoticias.com\\\/miguel-rios-en-el-cervantes-el-rugido-de-un-hijo-del-rock-que-se-niega-a-callar\\\/#primaryimage\"},\"image\":{\"@id\":\"https:\\\/\\\/www.bbmnoticias.com\\\/miguel-rios-en-el-cervantes-el-rugido-de-un-hijo-del-rock-que-se-niega-a-callar\\\/#primaryimage\"},\"thumbnailUrl\":\"https:\\\/\\\/www.bbmnoticias.com\\\/labravaradiofm\\\/wp-content\\\/uploads\\\/sites\\\/5\\\/2026\\\/04\\\/miguel_rios.jpg\",\"datePublished\":\"2026-04-27T14:33:50+00:00\",\"dateModified\":\"2026-04-27T14:33:54+00:00\",\"author\":{\"@id\":\"https:\\\/\\\/www.bbmnoticias.com\\\/labravaradiofm\\\/#\\\/schema\\\/person\\\/ff037dabcc375d1b25289b6fd3902bd6\"},\"breadcrumb\":{\"@id\":\"https:\\\/\\\/www.bbmnoticias.com\\\/miguel-rios-en-el-cervantes-el-rugido-de-un-hijo-del-rock-que-se-niega-a-callar\\\/#breadcrumb\"},\"inLanguage\":\"es\",\"potentialAction\":[{\"@type\":\"ReadAction\",\"target\":[\"https:\\\/\\\/www.bbmnoticias.com\\\/miguel-rios-en-el-cervantes-el-rugido-de-un-hijo-del-rock-que-se-niega-a-callar\\\/\"]}]},{\"@type\":\"ImageObject\",\"inLanguage\":\"es\",\"@id\":\"https:\\\/\\\/www.bbmnoticias.com\\\/miguel-rios-en-el-cervantes-el-rugido-de-un-hijo-del-rock-que-se-niega-a-callar\\\/#primaryimage\",\"url\":\"https:\\\/\\\/www.bbmnoticias.com\\\/labravaradiofm\\\/wp-content\\\/uploads\\\/sites\\\/5\\\/2026\\\/04\\\/miguel_rios.jpg\",\"contentUrl\":\"https:\\\/\\\/www.bbmnoticias.com\\\/labravaradiofm\\\/wp-content\\\/uploads\\\/sites\\\/5\\\/2026\\\/04\\\/miguel_rios.jpg\",\"width\":800,\"height\":533},{\"@type\":\"BreadcrumbList\",\"@id\":\"https:\\\/\\\/www.bbmnoticias.com\\\/miguel-rios-en-el-cervantes-el-rugido-de-un-hijo-del-rock-que-se-niega-a-callar\\\/#breadcrumb\",\"itemListElement\":[{\"@type\":\"ListItem\",\"position\":1,\"name\":\"Inicio\",\"item\":\"https:\\\/\\\/www.bbmnoticias.com\\\/labravaradiofm\\\/\"},{\"@type\":\"ListItem\",\"position\":2,\"name\":\"Miguel R\u00edos en el Cervantes: El rugido de un &#8220;hijo del rock&#8221; que se niega a callar\"}]},{\"@type\":\"WebSite\",\"@id\":\"https:\\\/\\\/www.bbmnoticias.com\\\/labravaradiofm\\\/#website\",\"url\":\"https:\\\/\\\/www.bbmnoticias.com\\\/labravaradiofm\\\/\",\"name\":\"LA BRAVA RADIO\",\"description\":\"Empresa productora de medios, Radiodifusi\u00f3n, Noticias, tendencias y todo lo que necesitas saber de la pol\u00edtica mexicana e internacional; entretenimiento, espect\u00e1culos, salud y mucho m\u00e1s.\",\"potentialAction\":[{\"@type\":\"SearchAction\",\"target\":{\"@type\":\"EntryPoint\",\"urlTemplate\":\"https:\\\/\\\/www.bbmnoticias.com\\\/labravaradiofm\\\/?s={search_term_string}\"},\"query-input\":{\"@type\":\"PropertyValueSpecification\",\"valueRequired\":true,\"valueName\":\"search_term_string\"}}],\"inLanguage\":\"es\"},{\"@type\":\"Person\",\"@id\":\"https:\\\/\\\/www.bbmnoticias.com\\\/labravaradiofm\\\/#\\\/schema\\\/person\\\/ff037dabcc375d1b25289b6fd3902bd6\",\"name\":\"Mar\u00eda Esther Beltr\u00e1n Mart\u00ednez\",\"image\":{\"@type\":\"ImageObject\",\"inLanguage\":\"es\",\"@id\":\"https:\\\/\\\/secure.gravatar.com\\\/avatar\\\/50efe5915c3eac137dcc550ff1c590bc6054705eb482a33520c9501c8eec550f?s=96&d=mm&r=g\",\"url\":\"https:\\\/\\\/secure.gravatar.com\\\/avatar\\\/50efe5915c3eac137dcc550ff1c590bc6054705eb482a33520c9501c8eec550f?s=96&d=mm&r=g\",\"contentUrl\":\"https:\\\/\\\/secure.gravatar.com\\\/avatar\\\/50efe5915c3eac137dcc550ff1c590bc6054705eb482a33520c9501c8eec550f?s=96&d=mm&r=g\",\"caption\":\"Mar\u00eda Esther Beltr\u00e1n Mart\u00ednez\"},\"url\":\"https:\\\/\\\/www.bbmnoticias.com\\\/labravaradiofm\\\/author\\\/maria\\\/\"}]}<\/script>\n<!-- \/ Yoast SEO plugin. -->","yoast_head_json":{"title":"Miguel R\u00edos en el Cervantes: El rugido de un \"hijo del rock\" que se niega a callar - LA BRAVA RADIO","robots":{"index":"index","follow":"follow","max-snippet":"max-snippet:-1","max-image-preview":"max-image-preview:large","max-video-preview":"max-video-preview:-1"},"canonical":"https:\/\/www.bbmnoticias.com\/miguel-rios-en-el-cervantes-el-rugido-de-un-hijo-del-rock-que-se-niega-a-callar\/","og_locale":"es_MX","og_type":"article","og_title":"Miguel R\u00edos en el Cervantes: El rugido de un \"hijo del rock\" que se niega a callar - LA BRAVA RADIO","og_description":"M\u00e1laga.- &nbsp;La Costa del Sol vivi\u00f3 una de esas noches que se quedan grabadas en la memoria. El Teatro Cervantes, a su m\u00e1xima capacidad, fue testigo de la presencia de un Miguel R\u00edos en estado de gracia: vocalmente impecable, f\u00edsicamente \u00e1gil y con una libertad de discurso que solo los grandes maestros pueden permitirse. La [&hellip;]","og_url":"https:\/\/www.bbmnoticias.com\/miguel-rios-en-el-cervantes-el-rugido-de-un-hijo-del-rock-que-se-niega-a-callar\/","og_site_name":"LA BRAVA RADIO","article_published_time":"2026-04-27T14:33:50+00:00","article_modified_time":"2026-04-27T14:33:54+00:00","og_image":[{"width":800,"height":533,"url":"https:\/\/www.bbmnoticias.com\/labravaradiofm\/wp-content\/uploads\/sites\/5\/2026\/04\/miguel_rios.jpg","type":"image\/jpeg"}],"author":"Mar\u00eda Esther Beltr\u00e1n Mart\u00ednez","twitter_card":"summary_large_image","twitter_misc":{"Escrito por":"Mar\u00eda Esther Beltr\u00e1n Mart\u00ednez","Tiempo de lectura":"4 minutos"},"schema":{"@context":"https:\/\/schema.org","@graph":[{"@type":"Article","@id":"https:\/\/www.bbmnoticias.com\/miguel-rios-en-el-cervantes-el-rugido-de-un-hijo-del-rock-que-se-niega-a-callar\/#article","isPartOf":{"@id":"https:\/\/www.bbmnoticias.com\/labravaradiofm\/2026\/04\/27\/miguel-rios-en-el-cervantes-el-rugido-de-un-hijo-del-rock-que-se-niega-a-callar\/"},"author":{"name":"Mar\u00eda Esther Beltr\u00e1n Mart\u00ednez","@id":"https:\/\/www.bbmnoticias.com\/labravaradiofm\/#\/schema\/person\/ff037dabcc375d1b25289b6fd3902bd6"},"headline":"Miguel R\u00edos en el Cervantes: El rugido de un &#8220;hijo del rock&#8221; que se niega a callar","datePublished":"2026-04-27T14:33:50+00:00","dateModified":"2026-04-27T14:33:54+00:00","mainEntityOfPage":{"@id":"https:\/\/www.bbmnoticias.com\/labravaradiofm\/2026\/04\/27\/miguel-rios-en-el-cervantes-el-rugido-de-un-hijo-del-rock-que-se-niega-a-callar\/"},"wordCount":767,"image":{"@id":"https:\/\/www.bbmnoticias.com\/miguel-rios-en-el-cervantes-el-rugido-de-un-hijo-del-rock-que-se-niega-a-callar\/#primaryimage"},"thumbnailUrl":"https:\/\/www.bbmnoticias.com\/labravaradiofm\/wp-content\/uploads\/sites\/5\/2026\/04\/miguel_rios.jpg","articleSection":["ESPECT\u00c1CULOS","LOCAL"],"inLanguage":"es"},{"@type":"WebPage","@id":"https:\/\/www.bbmnoticias.com\/labravaradiofm\/2026\/04\/27\/miguel-rios-en-el-cervantes-el-rugido-de-un-hijo-del-rock-que-se-niega-a-callar\/","url":"https:\/\/www.bbmnoticias.com\/miguel-rios-en-el-cervantes-el-rugido-de-un-hijo-del-rock-que-se-niega-a-callar\/","name":"Miguel R\u00edos en el Cervantes: El rugido de un \"hijo del rock\" que se niega a callar - LA BRAVA RADIO","isPartOf":{"@id":"https:\/\/www.bbmnoticias.com\/labravaradiofm\/#website"},"primaryImageOfPage":{"@id":"https:\/\/www.bbmnoticias.com\/miguel-rios-en-el-cervantes-el-rugido-de-un-hijo-del-rock-que-se-niega-a-callar\/#primaryimage"},"image":{"@id":"https:\/\/www.bbmnoticias.com\/miguel-rios-en-el-cervantes-el-rugido-de-un-hijo-del-rock-que-se-niega-a-callar\/#primaryimage"},"thumbnailUrl":"https:\/\/www.bbmnoticias.com\/labravaradiofm\/wp-content\/uploads\/sites\/5\/2026\/04\/miguel_rios.jpg","datePublished":"2026-04-27T14:33:50+00:00","dateModified":"2026-04-27T14:33:54+00:00","author":{"@id":"https:\/\/www.bbmnoticias.com\/labravaradiofm\/#\/schema\/person\/ff037dabcc375d1b25289b6fd3902bd6"},"breadcrumb":{"@id":"https:\/\/www.bbmnoticias.com\/miguel-rios-en-el-cervantes-el-rugido-de-un-hijo-del-rock-que-se-niega-a-callar\/#breadcrumb"},"inLanguage":"es","potentialAction":[{"@type":"ReadAction","target":["https:\/\/www.bbmnoticias.com\/miguel-rios-en-el-cervantes-el-rugido-de-un-hijo-del-rock-que-se-niega-a-callar\/"]}]},{"@type":"ImageObject","inLanguage":"es","@id":"https:\/\/www.bbmnoticias.com\/miguel-rios-en-el-cervantes-el-rugido-de-un-hijo-del-rock-que-se-niega-a-callar\/#primaryimage","url":"https:\/\/www.bbmnoticias.com\/labravaradiofm\/wp-content\/uploads\/sites\/5\/2026\/04\/miguel_rios.jpg","contentUrl":"https:\/\/www.bbmnoticias.com\/labravaradiofm\/wp-content\/uploads\/sites\/5\/2026\/04\/miguel_rios.jpg","width":800,"height":533},{"@type":"BreadcrumbList","@id":"https:\/\/www.bbmnoticias.com\/miguel-rios-en-el-cervantes-el-rugido-de-un-hijo-del-rock-que-se-niega-a-callar\/#breadcrumb","itemListElement":[{"@type":"ListItem","position":1,"name":"Inicio","item":"https:\/\/www.bbmnoticias.com\/labravaradiofm\/"},{"@type":"ListItem","position":2,"name":"Miguel R\u00edos en el Cervantes: El rugido de un &#8220;hijo del rock&#8221; que se niega a callar"}]},{"@type":"WebSite","@id":"https:\/\/www.bbmnoticias.com\/labravaradiofm\/#website","url":"https:\/\/www.bbmnoticias.com\/labravaradiofm\/","name":"LA BRAVA RADIO","description":"Empresa productora de medios, Radiodifusi\u00f3n, Noticias, tendencias y todo lo que necesitas saber de la pol\u00edtica mexicana e internacional; entretenimiento, espect\u00e1culos, salud y mucho m\u00e1s.","potentialAction":[{"@type":"SearchAction","target":{"@type":"EntryPoint","urlTemplate":"https:\/\/www.bbmnoticias.com\/labravaradiofm\/?s={search_term_string}"},"query-input":{"@type":"PropertyValueSpecification","valueRequired":true,"valueName":"search_term_string"}}],"inLanguage":"es"},{"@type":"Person","@id":"https:\/\/www.bbmnoticias.com\/labravaradiofm\/#\/schema\/person\/ff037dabcc375d1b25289b6fd3902bd6","name":"Mar\u00eda Esther Beltr\u00e1n Mart\u00ednez","image":{"@type":"ImageObject","inLanguage":"es","@id":"https:\/\/secure.gravatar.com\/avatar\/50efe5915c3eac137dcc550ff1c590bc6054705eb482a33520c9501c8eec550f?s=96&d=mm&r=g","url":"https:\/\/secure.gravatar.com\/avatar\/50efe5915c3eac137dcc550ff1c590bc6054705eb482a33520c9501c8eec550f?s=96&d=mm&r=g","contentUrl":"https:\/\/secure.gravatar.com\/avatar\/50efe5915c3eac137dcc550ff1c590bc6054705eb482a33520c9501c8eec550f?s=96&d=mm&r=g","caption":"Mar\u00eda Esther Beltr\u00e1n Mart\u00ednez"},"url":"https:\/\/www.bbmnoticias.com\/labravaradiofm\/author\/maria\/"}]}},"_links":{"self":[{"href":"https:\/\/www.bbmnoticias.com\/labravaradiofm\/wp-json\/wp\/v2\/posts\/76590","targetHints":{"allow":["GET"]}}],"collection":[{"href":"https:\/\/www.bbmnoticias.com\/labravaradiofm\/wp-json\/wp\/v2\/posts"}],"about":[{"href":"https:\/\/www.bbmnoticias.com\/labravaradiofm\/wp-json\/wp\/v2\/types\/post"}],"author":[{"embeddable":true,"href":"https:\/\/www.bbmnoticias.com\/labravaradiofm\/wp-json\/wp\/v2\/users\/6"}],"replies":[{"embeddable":true,"href":"https:\/\/www.bbmnoticias.com\/labravaradiofm\/wp-json\/wp\/v2\/comments?post=76590"}],"version-history":[{"count":1,"href":"https:\/\/www.bbmnoticias.com\/labravaradiofm\/wp-json\/wp\/v2\/posts\/76590\/revisions"}],"predecessor-version":[{"id":76591,"href":"https:\/\/www.bbmnoticias.com\/labravaradiofm\/wp-json\/wp\/v2\/posts\/76590\/revisions\/76591"}],"wp:featuredmedia":[{"embeddable":true,"href":"https:\/\/www.bbmnoticias.com\/labravaradiofm\/wp-json\/wp\/v2\/media\/76592"}],"wp:attachment":[{"href":"https:\/\/www.bbmnoticias.com\/labravaradiofm\/wp-json\/wp\/v2\/media?parent=76590"}],"wp:term":[{"taxonomy":"category","embeddable":true,"href":"https:\/\/www.bbmnoticias.com\/labravaradiofm\/wp-json\/wp\/v2\/categories?post=76590"},{"taxonomy":"post_tag","embeddable":true,"href":"https:\/\/www.bbmnoticias.com\/labravaradiofm\/wp-json\/wp\/v2\/tags?post=76590"}],"curies":[{"name":"wp","href":"https:\/\/api.w.org\/{rel}","templated":true}]}}