{"id":76587,"date":"2026-04-27T08:25:15","date_gmt":"2026-04-27T14:25:15","guid":{"rendered":"https:\/\/www.bbmnoticias.com\/labravaradiofm\/2026\/04\/27\/convocan-a-paro-estudiantil-en-la-facultad-de-medicina-de-la-uabjo-denuncian-crisis-en-campos-clinicos\/"},"modified":"2026-04-27T08:25:21","modified_gmt":"2026-04-27T14:25:21","slug":"convocan-a-paro-estudiantil-en-la-facultad-de-medicina-de-la-uabjo-denuncian-crisis-en-campos-clinicos","status":"publish","type":"post","link":"https:\/\/www.bbmnoticias.com\/labravaradiofm\/2026\/04\/27\/convocan-a-paro-estudiantil-en-la-facultad-de-medicina-de-la-uabjo-denuncian-crisis-en-campos-clinicos\/","title":{"rendered":"Convocan a paro estudiantil en la Facultad de Medicina de la UABJO; denuncian crisis en campos cl\u00ednicos"},"content":{"rendered":"<div style=\"margin-top: 0px; margin-bottom: 0px;\" class=\"sharethis-inline-share-buttons\" ><\/div>\n<p>Oaxaca de Ju\u00e1rez, Oax.\u2014 Estudiantes de la Facultad de Medicina de la Universidad Aut\u00f3noma \u201cBenito Ju\u00e1rez\u201d de Oaxaca convocaron a un paro estudiantil este lunes 27 de abril, en medio del proceso de cambio de rector\u00eda que atraviesa la instituci\u00f3n.<\/p>\n\n\n\n<p>De acuerdo con el Comit\u00e9 Estudiantil, la movilizaci\u00f3n responde a la falta de gesti\u00f3n en la asignaci\u00f3n de campos cl\u00ednicos, as\u00ed como a la p\u00e9rdida de convenios con hospitales, una situaci\u00f3n que \u2014advierten\u2014 pone en riesgo la formaci\u00f3n profesional de quienes cursan la carrera de Medicina.<\/p>\n\n\n\n<p>La convocatoria cita a la comunidad estudiantil a las 06:30 horas en los accesos de la facultad, donde se prev\u00e9 la concentraci\u00f3n de alumnos para iniciar el paro. En el lugar, reportes se\u00f1alan que grupos de choque, conocidos como \u201cporros\u201d, ya resguardan las entradas.<\/p>\n\n\n\n<figure class=\"wp-block-image size-full\"><img decoding=\"async\" src=\"https:\/\/www.bbmnoticias.com\/wp-content\/uploads\/2026\/04\/facultad_medicina_circular.jpg\" alt=\"\" class=\"wp-image-77901\"\/><\/figure>\n\n\n\n<p>Entre las principales exigencias del movimiento destacan la restituci\u00f3n inmediata de convenios hospitalarios y la garant\u00eda de plazas dignas para todos los aspirantes al internado m\u00e9dico, etapa fundamental en su formaci\u00f3n acad\u00e9mica.<\/p>\n\n\n\n<p>\u201c<strong>La desidia administrativa no debe afectar nuestra trayectoria m\u00e9dica<\/strong>\u201d, expresaron representantes estudiantiles, quienes tambi\u00e9n hicieron un llamado a las autoridades universitarias para atender de manera urgente sus demandas.<\/p>\n\n\n\n<p>Las protestas ocurren en un momento clave para la vida institucional de la UABJO, lo que incrementa la presi\u00f3n sobre la administraci\u00f3n universitaria ante un conflicto que podr\u00eda escalar en los pr\u00f3ximos d\u00edas.<\/p>\n","protected":false},"excerpt":{"rendered":"<p>Oaxaca de Ju\u00e1rez, Oax.\u2014 Estudiantes de la Facultad de Medicina de la Universidad Aut\u00f3noma \u201cBenito Ju\u00e1rez\u201d de Oaxaca convocaron a un paro estudiantil este lunes 27 de abril, en medio del proceso de cambio de rector\u00eda que atraviesa la instituci\u00f3n. De acuerdo con el Comit\u00e9 Estudiantil, la movilizaci\u00f3n responde a la falta de gesti\u00f3n en [&hellip;]<\/p>\n","protected":false},"author":2,"featured_media":76589,"comment_status":"closed","ping_status":"open","sticky":false,"template":"","format":"standard","meta":{"footnotes":""},"categories":[2],"tags":[],"class_list":{"0":"post-76587","1":"post","2":"type-post","3":"status-publish","4":"format-standard","5":"has-post-thumbnail","7":"category-oaxaca"},"yoast_head":"<!-- This site is optimized with the Yoast SEO plugin v27.4 - https:\/\/yoast.com\/product\/yoast-seo-wordpress\/ -->\n<title>Convocan a paro estudiantil en la Facultad de Medicina de la UABJO; denuncian crisis en campos cl\u00ednicos - LA BRAVA RADIO<\/title>\n<meta name=\"robots\" content=\"index, follow, max-snippet:-1, max-image-preview:large, max-video-preview:-1\" \/>\n<link rel=\"canonical\" href=\"https:\/\/www.bbmnoticias.com\/convocan-a-paro-estudiantil-en-la-facultad-de-medicina-de-la-uabjo-denuncian-crisis-en-campos-clinicos\/\" \/>\n<meta property=\"og:locale\" content=\"es_MX\" \/>\n<meta property=\"og:type\" content=\"article\" \/>\n<meta property=\"og:title\" content=\"Convocan a paro estudiantil en la Facultad de Medicina de la UABJO; denuncian crisis en campos cl\u00ednicos - LA BRAVA RADIO\" \/>\n<meta property=\"og:description\" content=\"Oaxaca de Ju\u00e1rez, Oax.\u2014 Estudiantes de la Facultad de Medicina de la Universidad Aut\u00f3noma \u201cBenito Ju\u00e1rez\u201d de Oaxaca convocaron a un paro estudiantil este lunes 27 de abril, en medio del proceso de cambio de rector\u00eda que atraviesa la instituci\u00f3n. De acuerdo con el Comit\u00e9 Estudiantil, la movilizaci\u00f3n responde a la falta de gesti\u00f3n en [&hellip;]\" \/>\n<meta property=\"og:url\" content=\"https:\/\/www.bbmnoticias.com\/convocan-a-paro-estudiantil-en-la-facultad-de-medicina-de-la-uabjo-denuncian-crisis-en-campos-clinicos\/\" \/>\n<meta property=\"og:site_name\" content=\"LA BRAVA RADIO\" \/>\n<meta property=\"article:published_time\" content=\"2026-04-27T14:25:15+00:00\" \/>\n<meta property=\"article:modified_time\" content=\"2026-04-27T14:25:21+00:00\" \/>\n<meta property=\"og:image\" content=\"https:\/\/www.bbmnoticias.com\/labravaradiofm\/wp-content\/uploads\/sites\/5\/2026\/04\/facultad_medicina.jpg\" \/>\n\t<meta property=\"og:image:width\" content=\"800\" \/>\n\t<meta property=\"og:image:height\" content=\"450\" \/>\n\t<meta property=\"og:image:type\" content=\"image\/jpeg\" \/>\n<meta name=\"author\" content=\"Staff\" \/>\n<meta name=\"twitter:card\" content=\"summary_large_image\" \/>\n<meta name=\"twitter:label1\" content=\"Escrito por\" \/>\n\t<meta name=\"twitter:data1\" content=\"Staff\" \/>\n\t<meta name=\"twitter:label2\" content=\"Tiempo de lectura\" \/>\n\t<meta name=\"twitter:data2\" content=\"1 minuto\" \/>\n<script type=\"application\/ld+json\" class=\"yoast-schema-graph\">{\"@context\":\"https:\\\/\\\/schema.org\",\"@graph\":[{\"@type\":\"Article\",\"@id\":\"https:\\\/\\\/www.bbmnoticias.com\\\/convocan-a-paro-estudiantil-en-la-facultad-de-medicina-de-la-uabjo-denuncian-crisis-en-campos-clinicos\\\/#article\",\"isPartOf\":{\"@id\":\"https:\\\/\\\/www.bbmnoticias.com\\\/labravaradiofm\\\/2026\\\/04\\\/27\\\/convocan-a-paro-estudiantil-en-la-facultad-de-medicina-de-la-uabjo-denuncian-crisis-en-campos-clinicos\\\/\"},\"author\":{\"name\":\"Staff\",\"@id\":\"https:\\\/\\\/www.bbmnoticias.com\\\/labravaradiofm\\\/#\\\/schema\\\/person\\\/68a9e9036ef3c5b55aeb2b71dc8bab45\"},\"headline\":\"Convocan a paro estudiantil en la Facultad de Medicina de la UABJO; denuncian crisis en campos cl\u00ednicos\",\"datePublished\":\"2026-04-27T14:25:15+00:00\",\"dateModified\":\"2026-04-27T14:25:21+00:00\",\"mainEntityOfPage\":{\"@id\":\"https:\\\/\\\/www.bbmnoticias.com\\\/labravaradiofm\\\/2026\\\/04\\\/27\\\/convocan-a-paro-estudiantil-en-la-facultad-de-medicina-de-la-uabjo-denuncian-crisis-en-campos-clinicos\\\/\"},\"wordCount\":265,\"image\":{\"@id\":\"https:\\\/\\\/www.bbmnoticias.com\\\/convocan-a-paro-estudiantil-en-la-facultad-de-medicina-de-la-uabjo-denuncian-crisis-en-campos-clinicos\\\/#primaryimage\"},\"thumbnailUrl\":\"https:\\\/\\\/www.bbmnoticias.com\\\/labravaradiofm\\\/wp-content\\\/uploads\\\/sites\\\/5\\\/2026\\\/04\\\/facultad_medicina.jpg\",\"articleSection\":[\"LOCAL\"],\"inLanguage\":\"es\"},{\"@type\":\"WebPage\",\"@id\":\"https:\\\/\\\/www.bbmnoticias.com\\\/labravaradiofm\\\/2026\\\/04\\\/27\\\/convocan-a-paro-estudiantil-en-la-facultad-de-medicina-de-la-uabjo-denuncian-crisis-en-campos-clinicos\\\/\",\"url\":\"https:\\\/\\\/www.bbmnoticias.com\\\/convocan-a-paro-estudiantil-en-la-facultad-de-medicina-de-la-uabjo-denuncian-crisis-en-campos-clinicos\\\/\",\"name\":\"Convocan a paro estudiantil en la Facultad de Medicina de la UABJO; denuncian crisis en campos cl\u00ednicos - LA BRAVA RADIO\",\"isPartOf\":{\"@id\":\"https:\\\/\\\/www.bbmnoticias.com\\\/labravaradiofm\\\/#website\"},\"primaryImageOfPage\":{\"@id\":\"https:\\\/\\\/www.bbmnoticias.com\\\/convocan-a-paro-estudiantil-en-la-facultad-de-medicina-de-la-uabjo-denuncian-crisis-en-campos-clinicos\\\/#primaryimage\"},\"image\":{\"@id\":\"https:\\\/\\\/www.bbmnoticias.com\\\/convocan-a-paro-estudiantil-en-la-facultad-de-medicina-de-la-uabjo-denuncian-crisis-en-campos-clinicos\\\/#primaryimage\"},\"thumbnailUrl\":\"https:\\\/\\\/www.bbmnoticias.com\\\/labravaradiofm\\\/wp-content\\\/uploads\\\/sites\\\/5\\\/2026\\\/04\\\/facultad_medicina.jpg\",\"datePublished\":\"2026-04-27T14:25:15+00:00\",\"dateModified\":\"2026-04-27T14:25:21+00:00\",\"author\":{\"@id\":\"https:\\\/\\\/www.bbmnoticias.com\\\/labravaradiofm\\\/#\\\/schema\\\/person\\\/68a9e9036ef3c5b55aeb2b71dc8bab45\"},\"breadcrumb\":{\"@id\":\"https:\\\/\\\/www.bbmnoticias.com\\\/convocan-a-paro-estudiantil-en-la-facultad-de-medicina-de-la-uabjo-denuncian-crisis-en-campos-clinicos\\\/#breadcrumb\"},\"inLanguage\":\"es\",\"potentialAction\":[{\"@type\":\"ReadAction\",\"target\":[\"https:\\\/\\\/www.bbmnoticias.com\\\/convocan-a-paro-estudiantil-en-la-facultad-de-medicina-de-la-uabjo-denuncian-crisis-en-campos-clinicos\\\/\"]}]},{\"@type\":\"ImageObject\",\"inLanguage\":\"es\",\"@id\":\"https:\\\/\\\/www.bbmnoticias.com\\\/convocan-a-paro-estudiantil-en-la-facultad-de-medicina-de-la-uabjo-denuncian-crisis-en-campos-clinicos\\\/#primaryimage\",\"url\":\"https:\\\/\\\/www.bbmnoticias.com\\\/labravaradiofm\\\/wp-content\\\/uploads\\\/sites\\\/5\\\/2026\\\/04\\\/facultad_medicina.jpg\",\"contentUrl\":\"https:\\\/\\\/www.bbmnoticias.com\\\/labravaradiofm\\\/wp-content\\\/uploads\\\/sites\\\/5\\\/2026\\\/04\\\/facultad_medicina.jpg\",\"width\":800,\"height\":450},{\"@type\":\"BreadcrumbList\",\"@id\":\"https:\\\/\\\/www.bbmnoticias.com\\\/convocan-a-paro-estudiantil-en-la-facultad-de-medicina-de-la-uabjo-denuncian-crisis-en-campos-clinicos\\\/#breadcrumb\",\"itemListElement\":[{\"@type\":\"ListItem\",\"position\":1,\"name\":\"Inicio\",\"item\":\"https:\\\/\\\/www.bbmnoticias.com\\\/labravaradiofm\\\/\"},{\"@type\":\"ListItem\",\"position\":2,\"name\":\"Convocan a paro estudiantil en la Facultad de Medicina de la UABJO; denuncian crisis en campos cl\u00ednicos\"}]},{\"@type\":\"WebSite\",\"@id\":\"https:\\\/\\\/www.bbmnoticias.com\\\/labravaradiofm\\\/#website\",\"url\":\"https:\\\/\\\/www.bbmnoticias.com\\\/labravaradiofm\\\/\",\"name\":\"LA BRAVA RADIO\",\"description\":\"Empresa productora de medios, Radiodifusi\u00f3n, Noticias, tendencias y todo lo que necesitas saber de la pol\u00edtica mexicana e internacional; entretenimiento, espect\u00e1culos, salud y mucho m\u00e1s.\",\"potentialAction\":[{\"@type\":\"SearchAction\",\"target\":{\"@type\":\"EntryPoint\",\"urlTemplate\":\"https:\\\/\\\/www.bbmnoticias.com\\\/labravaradiofm\\\/?s={search_term_string}\"},\"query-input\":{\"@type\":\"PropertyValueSpecification\",\"valueRequired\":true,\"valueName\":\"search_term_string\"}}],\"inLanguage\":\"es\"},{\"@type\":\"Person\",\"@id\":\"https:\\\/\\\/www.bbmnoticias.com\\\/labravaradiofm\\\/#\\\/schema\\\/person\\\/68a9e9036ef3c5b55aeb2b71dc8bab45\",\"name\":\"Staff\",\"image\":{\"@type\":\"ImageObject\",\"inLanguage\":\"es\",\"@id\":\"https:\\\/\\\/secure.gravatar.com\\\/avatar\\\/fdd21ad66fd8b98c407f9dee5b5e588cfe7f0d8579ec20fa6527cd59bab7f0f0?s=96&d=mm&r=g\",\"url\":\"https:\\\/\\\/secure.gravatar.com\\\/avatar\\\/fdd21ad66fd8b98c407f9dee5b5e588cfe7f0d8579ec20fa6527cd59bab7f0f0?s=96&d=mm&r=g\",\"contentUrl\":\"https:\\\/\\\/secure.gravatar.com\\\/avatar\\\/fdd21ad66fd8b98c407f9dee5b5e588cfe7f0d8579ec20fa6527cd59bab7f0f0?s=96&d=mm&r=g\",\"caption\":\"Staff\"},\"url\":\"https:\\\/\\\/www.bbmnoticias.com\\\/labravaradiofm\\\/author\\\/redaccion\\\/\"}]}<\/script>\n<!-- \/ Yoast SEO plugin. -->","yoast_head_json":{"title":"Convocan a paro estudiantil en la Facultad de Medicina de la UABJO; denuncian crisis en campos cl\u00ednicos - LA BRAVA RADIO","robots":{"index":"index","follow":"follow","max-snippet":"max-snippet:-1","max-image-preview":"max-image-preview:large","max-video-preview":"max-video-preview:-1"},"canonical":"https:\/\/www.bbmnoticias.com\/convocan-a-paro-estudiantil-en-la-facultad-de-medicina-de-la-uabjo-denuncian-crisis-en-campos-clinicos\/","og_locale":"es_MX","og_type":"article","og_title":"Convocan a paro estudiantil en la Facultad de Medicina de la UABJO; denuncian crisis en campos cl\u00ednicos - LA BRAVA RADIO","og_description":"Oaxaca de Ju\u00e1rez, Oax.\u2014 Estudiantes de la Facultad de Medicina de la Universidad Aut\u00f3noma \u201cBenito Ju\u00e1rez\u201d de Oaxaca convocaron a un paro estudiantil este lunes 27 de abril, en medio del proceso de cambio de rector\u00eda que atraviesa la instituci\u00f3n. De acuerdo con el Comit\u00e9 Estudiantil, la movilizaci\u00f3n responde a la falta de gesti\u00f3n en [&hellip;]","og_url":"https:\/\/www.bbmnoticias.com\/convocan-a-paro-estudiantil-en-la-facultad-de-medicina-de-la-uabjo-denuncian-crisis-en-campos-clinicos\/","og_site_name":"LA BRAVA RADIO","article_published_time":"2026-04-27T14:25:15+00:00","article_modified_time":"2026-04-27T14:25:21+00:00","og_image":[{"width":800,"height":450,"url":"https:\/\/www.bbmnoticias.com\/labravaradiofm\/wp-content\/uploads\/sites\/5\/2026\/04\/facultad_medicina.jpg","type":"image\/jpeg"}],"author":"Staff","twitter_card":"summary_large_image","twitter_misc":{"Escrito por":"Staff","Tiempo de lectura":"1 minuto"},"schema":{"@context":"https:\/\/schema.org","@graph":[{"@type":"Article","@id":"https:\/\/www.bbmnoticias.com\/convocan-a-paro-estudiantil-en-la-facultad-de-medicina-de-la-uabjo-denuncian-crisis-en-campos-clinicos\/#article","isPartOf":{"@id":"https:\/\/www.bbmnoticias.com\/labravaradiofm\/2026\/04\/27\/convocan-a-paro-estudiantil-en-la-facultad-de-medicina-de-la-uabjo-denuncian-crisis-en-campos-clinicos\/"},"author":{"name":"Staff","@id":"https:\/\/www.bbmnoticias.com\/labravaradiofm\/#\/schema\/person\/68a9e9036ef3c5b55aeb2b71dc8bab45"},"headline":"Convocan a paro estudiantil en la Facultad de Medicina de la UABJO; denuncian crisis en campos cl\u00ednicos","datePublished":"2026-04-27T14:25:15+00:00","dateModified":"2026-04-27T14:25:21+00:00","mainEntityOfPage":{"@id":"https:\/\/www.bbmnoticias.com\/labravaradiofm\/2026\/04\/27\/convocan-a-paro-estudiantil-en-la-facultad-de-medicina-de-la-uabjo-denuncian-crisis-en-campos-clinicos\/"},"wordCount":265,"image":{"@id":"https:\/\/www.bbmnoticias.com\/convocan-a-paro-estudiantil-en-la-facultad-de-medicina-de-la-uabjo-denuncian-crisis-en-campos-clinicos\/#primaryimage"},"thumbnailUrl":"https:\/\/www.bbmnoticias.com\/labravaradiofm\/wp-content\/uploads\/sites\/5\/2026\/04\/facultad_medicina.jpg","articleSection":["LOCAL"],"inLanguage":"es"},{"@type":"WebPage","@id":"https:\/\/www.bbmnoticias.com\/labravaradiofm\/2026\/04\/27\/convocan-a-paro-estudiantil-en-la-facultad-de-medicina-de-la-uabjo-denuncian-crisis-en-campos-clinicos\/","url":"https:\/\/www.bbmnoticias.com\/convocan-a-paro-estudiantil-en-la-facultad-de-medicina-de-la-uabjo-denuncian-crisis-en-campos-clinicos\/","name":"Convocan a paro estudiantil en la Facultad de Medicina de la UABJO; denuncian crisis en campos cl\u00ednicos - LA BRAVA RADIO","isPartOf":{"@id":"https:\/\/www.bbmnoticias.com\/labravaradiofm\/#website"},"primaryImageOfPage":{"@id":"https:\/\/www.bbmnoticias.com\/convocan-a-paro-estudiantil-en-la-facultad-de-medicina-de-la-uabjo-denuncian-crisis-en-campos-clinicos\/#primaryimage"},"image":{"@id":"https:\/\/www.bbmnoticias.com\/convocan-a-paro-estudiantil-en-la-facultad-de-medicina-de-la-uabjo-denuncian-crisis-en-campos-clinicos\/#primaryimage"},"thumbnailUrl":"https:\/\/www.bbmnoticias.com\/labravaradiofm\/wp-content\/uploads\/sites\/5\/2026\/04\/facultad_medicina.jpg","datePublished":"2026-04-27T14:25:15+00:00","dateModified":"2026-04-27T14:25:21+00:00","author":{"@id":"https:\/\/www.bbmnoticias.com\/labravaradiofm\/#\/schema\/person\/68a9e9036ef3c5b55aeb2b71dc8bab45"},"breadcrumb":{"@id":"https:\/\/www.bbmnoticias.com\/convocan-a-paro-estudiantil-en-la-facultad-de-medicina-de-la-uabjo-denuncian-crisis-en-campos-clinicos\/#breadcrumb"},"inLanguage":"es","potentialAction":[{"@type":"ReadAction","target":["https:\/\/www.bbmnoticias.com\/convocan-a-paro-estudiantil-en-la-facultad-de-medicina-de-la-uabjo-denuncian-crisis-en-campos-clinicos\/"]}]},{"@type":"ImageObject","inLanguage":"es","@id":"https:\/\/www.bbmnoticias.com\/convocan-a-paro-estudiantil-en-la-facultad-de-medicina-de-la-uabjo-denuncian-crisis-en-campos-clinicos\/#primaryimage","url":"https:\/\/www.bbmnoticias.com\/labravaradiofm\/wp-content\/uploads\/sites\/5\/2026\/04\/facultad_medicina.jpg","contentUrl":"https:\/\/www.bbmnoticias.com\/labravaradiofm\/wp-content\/uploads\/sites\/5\/2026\/04\/facultad_medicina.jpg","width":800,"height":450},{"@type":"BreadcrumbList","@id":"https:\/\/www.bbmnoticias.com\/convocan-a-paro-estudiantil-en-la-facultad-de-medicina-de-la-uabjo-denuncian-crisis-en-campos-clinicos\/#breadcrumb","itemListElement":[{"@type":"ListItem","position":1,"name":"Inicio","item":"https:\/\/www.bbmnoticias.com\/labravaradiofm\/"},{"@type":"ListItem","position":2,"name":"Convocan a paro estudiantil en la Facultad de Medicina de la UABJO; denuncian crisis en campos cl\u00ednicos"}]},{"@type":"WebSite","@id":"https:\/\/www.bbmnoticias.com\/labravaradiofm\/#website","url":"https:\/\/www.bbmnoticias.com\/labravaradiofm\/","name":"LA BRAVA RADIO","description":"Empresa productora de medios, Radiodifusi\u00f3n, Noticias, tendencias y todo lo que necesitas saber de la pol\u00edtica mexicana e internacional; entretenimiento, espect\u00e1culos, salud y mucho m\u00e1s.","potentialAction":[{"@type":"SearchAction","target":{"@type":"EntryPoint","urlTemplate":"https:\/\/www.bbmnoticias.com\/labravaradiofm\/?s={search_term_string}"},"query-input":{"@type":"PropertyValueSpecification","valueRequired":true,"valueName":"search_term_string"}}],"inLanguage":"es"},{"@type":"Person","@id":"https:\/\/www.bbmnoticias.com\/labravaradiofm\/#\/schema\/person\/68a9e9036ef3c5b55aeb2b71dc8bab45","name":"Staff","image":{"@type":"ImageObject","inLanguage":"es","@id":"https:\/\/secure.gravatar.com\/avatar\/fdd21ad66fd8b98c407f9dee5b5e588cfe7f0d8579ec20fa6527cd59bab7f0f0?s=96&d=mm&r=g","url":"https:\/\/secure.gravatar.com\/avatar\/fdd21ad66fd8b98c407f9dee5b5e588cfe7f0d8579ec20fa6527cd59bab7f0f0?s=96&d=mm&r=g","contentUrl":"https:\/\/secure.gravatar.com\/avatar\/fdd21ad66fd8b98c407f9dee5b5e588cfe7f0d8579ec20fa6527cd59bab7f0f0?s=96&d=mm&r=g","caption":"Staff"},"url":"https:\/\/www.bbmnoticias.com\/labravaradiofm\/author\/redaccion\/"}]}},"_links":{"self":[{"href":"https:\/\/www.bbmnoticias.com\/labravaradiofm\/wp-json\/wp\/v2\/posts\/76587","targetHints":{"allow":["GET"]}}],"collection":[{"href":"https:\/\/www.bbmnoticias.com\/labravaradiofm\/wp-json\/wp\/v2\/posts"}],"about":[{"href":"https:\/\/www.bbmnoticias.com\/labravaradiofm\/wp-json\/wp\/v2\/types\/post"}],"author":[{"embeddable":true,"href":"https:\/\/www.bbmnoticias.com\/labravaradiofm\/wp-json\/wp\/v2\/users\/2"}],"replies":[{"embeddable":true,"href":"https:\/\/www.bbmnoticias.com\/labravaradiofm\/wp-json\/wp\/v2\/comments?post=76587"}],"version-history":[{"count":1,"href":"https:\/\/www.bbmnoticias.com\/labravaradiofm\/wp-json\/wp\/v2\/posts\/76587\/revisions"}],"predecessor-version":[{"id":76588,"href":"https:\/\/www.bbmnoticias.com\/labravaradiofm\/wp-json\/wp\/v2\/posts\/76587\/revisions\/76588"}],"wp:featuredmedia":[{"embeddable":true,"href":"https:\/\/www.bbmnoticias.com\/labravaradiofm\/wp-json\/wp\/v2\/media\/76589"}],"wp:attachment":[{"href":"https:\/\/www.bbmnoticias.com\/labravaradiofm\/wp-json\/wp\/v2\/media?parent=76587"}],"wp:term":[{"taxonomy":"category","embeddable":true,"href":"https:\/\/www.bbmnoticias.com\/labravaradiofm\/wp-json\/wp\/v2\/categories?post=76587"},{"taxonomy":"post_tag","embeddable":true,"href":"https:\/\/www.bbmnoticias.com\/labravaradiofm\/wp-json\/wp\/v2\/tags?post=76587"}],"curies":[{"name":"wp","href":"https:\/\/api.w.org\/{rel}","templated":true}]}}