{"id":76584,"date":"2026-04-27T08:16:59","date_gmt":"2026-04-27T14:16:59","guid":{"rendered":"https:\/\/www.bbmnoticias.com\/labravaradiofm\/2026\/04\/27\/sheinbaum-anuncia-la-disminucion-en-el-pago-de-gasolinas-y-diesel\/"},"modified":"2026-04-27T08:17:26","modified_gmt":"2026-04-27T14:17:26","slug":"sheinbaum-anuncia-la-disminucion-en-el-pago-de-gasolinas-y-diesel","status":"publish","type":"post","link":"https:\/\/www.bbmnoticias.com\/labravaradiofm\/2026\/04\/27\/sheinbaum-anuncia-la-disminucion-en-el-pago-de-gasolinas-y-diesel\/","title":{"rendered":"Sheinbaum anuncia la disminuci\u00f3n en el pago de gasolinas y di\u00e9sel"},"content":{"rendered":"<div style=\"margin-top: 0px; margin-bottom: 0px;\" class=\"sharethis-inline-share-buttons\" ><\/div>\n<p>Este lunes 27 de abril, la <strong>presidenta Claudia Sheinbaum Pardo<\/strong> anunci\u00f3 la&nbsp;<strong>disminuci\u00f3n de las comisiones<\/strong> en&nbsp;el <strong>pago<\/strong> de <strong>gasolinas<\/strong> y del <strong>di\u00e9sel<\/strong>, tanto para quienes pagan con tarjeta de d\u00e9bito o cr\u00e9dito como para quienes lo hacen con vales.<\/p>\n\n\n\n<blockquote class=\"wp-block-quote is-layout-flow wp-block-quote-is-layout-flow\">\n<p>&#8220;Este es un acuerdo en el que particip\u00f3 desde Banco de M\u00e9xico y las distintas asociaciones coordinado por la Secretar\u00eda de Hacienda, por qu\u00e9 es importante esto, porque al disminuir&nbsp;las comisiones, va a bajar todav\u00eda m\u00e1s el precio de la gasolina y del di\u00e9sel&#8221;, expres\u00f3.<\/p>\n<\/blockquote>\n\n\n\n<p>La titular del Ejecutivo federal indic\u00f3 que esto es &#8220;algo muy bueno&#8221; y una &#8220;demostraci\u00f3n de que cuando se trabaja juntos por las y los mexicanos sacamos muy buenas cosas&#8221;. Adem\u00e1s,&nbsp;inform\u00f3 que el martes 28 de abril se tendr\u00e1 una reuni\u00f3n con las empresas gasolineras y con las estaciones de servicio, con el prop\u00f3sito de seguir disminuyendo el precio del di\u00e9sel, principalmente, y apoyar la econom\u00eda de las familias mexicanas.<\/p>\n\n\n\n<p>Por su parte, <strong>Emilio Romano Mussali<\/strong>, presidente del Consejo<strong> Directivo de la Asociaci\u00f3n de Bancos de M\u00e9xico<\/strong>, dijo que la <strong>baja en las comisiones<\/strong> en el pago de <strong>vales<\/strong> y <strong>tarjetas<\/strong> en gasolineras es una de las primeras etapas que se tienen previstas&nbsp;para eliminar el uso de efectivo. Asimismo, recalc\u00f3 que con los <strong>pagos digitales<\/strong> se reducen de manera importante las <strong>actividades il\u00edcitas<\/strong>.<\/p>\n\n\n\n<h2 class=\"wp-block-heading\">\u00bfCu\u00e1les son las medidas para contener los precios de las gasolinas?<\/h2>\n\n\n\n<p>El <strong>Gobierno de M\u00e9xico<\/strong> busca reducir los costos en las <strong>gasolineras<\/strong>, para ello ha planteado tres acuerdos simult\u00e1neos:&nbsp;<\/p>\n\n\n\n<p>1. Descuento en las comisiones que se cobran en el uso de tarjetas que emiten los bancos. Se dejar\u00e1 de cobrar la cuota de intercambio (80% del total de la comisi\u00f3n).<\/p>\n\n\n\n<p>2. Descuentos en las comisiones que se cobran por la recepci\u00f3n de vales usados por el sector transportista y log\u00edstico. Se emitir\u00e1 un descuento de 1,10 pesos por transacci\u00f3n.<\/p>\n\n\n\n<p>3. CNBV y Banxico permitir\u00e1 que todo arranque el 1 de mayo sin burocracia de por medio, y concluir\u00e1 el 31 de octubre de 2026.<\/p>\n\n\n\n<figure class=\"wp-block-image\"><img decoding=\"async\" src=\"https:\/\/heraldodemexico.com.mx\/u\/fotografias\/m\/2026\/4\/27\/f768x1-1276975_1277102_5050.jpeg\" alt=\"\"\/><figcaption class=\"wp-element-caption\">Gobierno de M\u00e9xico<\/figcaption><\/figure>\n\n\n\n<h2 class=\"wp-block-heading\">\u00bfQu\u00e9 cambios tendr\u00e1n las gasolineras?<\/h2>\n\n\n\n<p>Gracias a&nbsp;los acuerdos establecidos, se reduce el costo que asume la gasolinera al aceptar pagos digitales:<\/p>\n\n\n\n<ul class=\"wp-block-list\">\n<li>Con tarjetas de d\u00e9bito: 0% cuota de intercambio, 2.57 pesos menos por transacci\u00f3n promedio.<\/li>\n\n\n\n<li>Con tarjetas de cr\u00e9dito:\u00a00% cuota de intercambio, 7.45 pesos menos por transacci\u00f3n promedio.<\/li>\n\n\n\n<li>Con valera red abierta:\u00a00% cuota de intercambio, 2.57 pesos menos por transacci\u00f3n promedio.<\/li>\n\n\n\n<li>Con valera red cerrada: -1.10 pesos descuento fijo por transacci\u00f3n<\/li>\n<\/ul>\n\n\n\n<figure class=\"wp-block-image\"><img decoding=\"async\" src=\"https:\/\/heraldodemexico.com.mx\/u\/fotografias\/m\/2026\/4\/27\/f768x1-1276978_1277105_5050.jpeg\" alt=\"\"\/><figcaption class=\"wp-element-caption\">Gobierno de M\u00e9xico<\/figcaption><\/figure>\n\n\n\n<h2 class=\"wp-block-heading\">\u00bfCu\u00e1l ser\u00e1 el ahorro para los consumidores?<\/h2>\n\n\n\n<p>De acuerdo con la presidenta Claudia Sheinbaum, s\u00f3lo con los pagos digitales se podr\u00e1 tener este ahorro, as\u00ed que mientras menos paguen en efectivo los consumidores, m\u00e1s se podr\u00e1n contener los precios.<\/p>\n\n\n\n<ul class=\"wp-block-list\">\n<li>Los bancos y emisoras de vales acordaron reducir comisiones.<\/li>\n\n\n\n<li>Bajar\u00e1 la comisi\u00f3n que le cobran a la gasolinera.<\/li>\n\n\n\n<li>La gasolinera pagar\u00e1 menos al aceptar los pagos digitales.<\/li>\n\n\n\n<li>Es as\u00ed como se reflejar\u00e1 el ahorro en el pago de la gasolina para los consumidores.<\/li>\n<\/ul>\n\n\n\n<figure class=\"wp-block-image\"><img decoding=\"async\" src=\"https:\/\/heraldodemexico.com.mx\/u\/fotografias\/m\/2026\/4\/27\/f768x1-1276981_1277108_5050.jpeg\" alt=\"\"\/><figcaption class=\"wp-element-caption\">Banco de M\u00e9xico<\/figcaption><\/figure>\n","protected":false},"excerpt":{"rendered":"<p>Este lunes 27 de abril, la presidenta Claudia Sheinbaum Pardo anunci\u00f3 la&nbsp;disminuci\u00f3n de las comisiones en&nbsp;el pago de gasolinas y del di\u00e9sel, tanto para quienes pagan con tarjeta de d\u00e9bito o cr\u00e9dito como para quienes lo hacen con vales. &#8220;Este es un acuerdo en el que particip\u00f3 desde Banco de M\u00e9xico y las distintas asociaciones [&hellip;]<\/p>\n","protected":false},"author":4,"featured_media":76586,"comment_status":"closed","ping_status":"open","sticky":false,"template":"","format":"standard","meta":{"footnotes":""},"categories":[2,19],"tags":[],"class_list":{"0":"post-76584","1":"post","2":"type-post","3":"status-publish","4":"format-standard","5":"has-post-thumbnail","7":"category-oaxaca","8":"category-nacional"},"yoast_head":"<!-- This site is optimized with the Yoast SEO plugin v27.4 - https:\/\/yoast.com\/product\/yoast-seo-wordpress\/ -->\n<title>Sheinbaum anuncia la disminuci\u00f3n en el pago de gasolinas y di\u00e9sel - LA BRAVA RADIO<\/title>\n<meta name=\"robots\" content=\"index, follow, max-snippet:-1, max-image-preview:large, max-video-preview:-1\" \/>\n<link rel=\"canonical\" href=\"https:\/\/www.bbmnoticias.com\/sheinbaum-anuncia-la-disminucion-en-el-pago-de-gasolinas-y-diesel\/\" \/>\n<meta property=\"og:locale\" content=\"es_MX\" \/>\n<meta property=\"og:type\" content=\"article\" \/>\n<meta property=\"og:title\" content=\"Sheinbaum anuncia la disminuci\u00f3n en el pago de gasolinas y di\u00e9sel - LA BRAVA RADIO\" \/>\n<meta property=\"og:description\" content=\"Este lunes 27 de abril, la presidenta Claudia Sheinbaum Pardo anunci\u00f3 la&nbsp;disminuci\u00f3n de las comisiones en&nbsp;el pago de gasolinas y del di\u00e9sel, tanto para quienes pagan con tarjeta de d\u00e9bito o cr\u00e9dito como para quienes lo hacen con vales. &#8220;Este es un acuerdo en el que particip\u00f3 desde Banco de M\u00e9xico y las distintas asociaciones [&hellip;]\" \/>\n<meta property=\"og:url\" content=\"https:\/\/www.bbmnoticias.com\/sheinbaum-anuncia-la-disminucion-en-el-pago-de-gasolinas-y-diesel\/\" \/>\n<meta property=\"og:site_name\" content=\"LA BRAVA RADIO\" \/>\n<meta property=\"article:published_time\" content=\"2026-04-27T14:16:59+00:00\" \/>\n<meta property=\"article:modified_time\" content=\"2026-04-27T14:17:26+00:00\" \/>\n<meta property=\"og:image\" content=\"https:\/\/www.bbmnoticias.com\/labravaradiofm\/wp-content\/uploads\/sites\/5\/2026\/04\/pemex_gasolinas.webp\" \/>\n\t<meta property=\"og:image:width\" content=\"1200\" \/>\n\t<meta property=\"og:image:height\" content=\"800\" \/>\n\t<meta property=\"og:image:type\" content=\"image\/webp\" \/>\n<meta name=\"author\" content=\"Agencias\" \/>\n<meta name=\"twitter:card\" content=\"summary_large_image\" \/>\n<meta name=\"twitter:label1\" content=\"Escrito por\" \/>\n\t<meta name=\"twitter:data1\" content=\"Agencias\" \/>\n\t<meta name=\"twitter:label2\" content=\"Tiempo de lectura\" \/>\n\t<meta name=\"twitter:data2\" content=\"3 minutos\" \/>\n<script type=\"application\/ld+json\" class=\"yoast-schema-graph\">{\"@context\":\"https:\\\/\\\/schema.org\",\"@graph\":[{\"@type\":\"Article\",\"@id\":\"https:\\\/\\\/www.bbmnoticias.com\\\/sheinbaum-anuncia-la-disminucion-en-el-pago-de-gasolinas-y-diesel\\\/#article\",\"isPartOf\":{\"@id\":\"https:\\\/\\\/www.bbmnoticias.com\\\/labravaradiofm\\\/2026\\\/04\\\/27\\\/sheinbaum-anuncia-la-disminucion-en-el-pago-de-gasolinas-y-diesel\\\/\"},\"author\":{\"name\":\"Agencias\",\"@id\":\"https:\\\/\\\/www.bbmnoticias.com\\\/labravaradiofm\\\/#\\\/schema\\\/person\\\/000bdaf0a8fb5bff0d537c4d0778e33f\"},\"headline\":\"Sheinbaum anuncia la disminuci\u00f3n en el pago de gasolinas y di\u00e9sel\",\"datePublished\":\"2026-04-27T14:16:59+00:00\",\"dateModified\":\"2026-04-27T14:17:26+00:00\",\"mainEntityOfPage\":{\"@id\":\"https:\\\/\\\/www.bbmnoticias.com\\\/labravaradiofm\\\/2026\\\/04\\\/27\\\/sheinbaum-anuncia-la-disminucion-en-el-pago-de-gasolinas-y-diesel\\\/\"},\"wordCount\":545,\"image\":{\"@id\":\"https:\\\/\\\/www.bbmnoticias.com\\\/sheinbaum-anuncia-la-disminucion-en-el-pago-de-gasolinas-y-diesel\\\/#primaryimage\"},\"thumbnailUrl\":\"https:\\\/\\\/www.bbmnoticias.com\\\/labravaradiofm\\\/wp-content\\\/uploads\\\/sites\\\/5\\\/2026\\\/04\\\/pemex_gasolinas.webp\",\"articleSection\":[\"LOCAL\",\"NACIONAL\"],\"inLanguage\":\"es\"},{\"@type\":\"WebPage\",\"@id\":\"https:\\\/\\\/www.bbmnoticias.com\\\/labravaradiofm\\\/2026\\\/04\\\/27\\\/sheinbaum-anuncia-la-disminucion-en-el-pago-de-gasolinas-y-diesel\\\/\",\"url\":\"https:\\\/\\\/www.bbmnoticias.com\\\/sheinbaum-anuncia-la-disminucion-en-el-pago-de-gasolinas-y-diesel\\\/\",\"name\":\"Sheinbaum anuncia la disminuci\u00f3n en el pago de gasolinas y di\u00e9sel - LA BRAVA RADIO\",\"isPartOf\":{\"@id\":\"https:\\\/\\\/www.bbmnoticias.com\\\/labravaradiofm\\\/#website\"},\"primaryImageOfPage\":{\"@id\":\"https:\\\/\\\/www.bbmnoticias.com\\\/sheinbaum-anuncia-la-disminucion-en-el-pago-de-gasolinas-y-diesel\\\/#primaryimage\"},\"image\":{\"@id\":\"https:\\\/\\\/www.bbmnoticias.com\\\/sheinbaum-anuncia-la-disminucion-en-el-pago-de-gasolinas-y-diesel\\\/#primaryimage\"},\"thumbnailUrl\":\"https:\\\/\\\/www.bbmnoticias.com\\\/labravaradiofm\\\/wp-content\\\/uploads\\\/sites\\\/5\\\/2026\\\/04\\\/pemex_gasolinas.webp\",\"datePublished\":\"2026-04-27T14:16:59+00:00\",\"dateModified\":\"2026-04-27T14:17:26+00:00\",\"author\":{\"@id\":\"https:\\\/\\\/www.bbmnoticias.com\\\/labravaradiofm\\\/#\\\/schema\\\/person\\\/000bdaf0a8fb5bff0d537c4d0778e33f\"},\"breadcrumb\":{\"@id\":\"https:\\\/\\\/www.bbmnoticias.com\\\/sheinbaum-anuncia-la-disminucion-en-el-pago-de-gasolinas-y-diesel\\\/#breadcrumb\"},\"inLanguage\":\"es\",\"potentialAction\":[{\"@type\":\"ReadAction\",\"target\":[\"https:\\\/\\\/www.bbmnoticias.com\\\/sheinbaum-anuncia-la-disminucion-en-el-pago-de-gasolinas-y-diesel\\\/\"]}]},{\"@type\":\"ImageObject\",\"inLanguage\":\"es\",\"@id\":\"https:\\\/\\\/www.bbmnoticias.com\\\/sheinbaum-anuncia-la-disminucion-en-el-pago-de-gasolinas-y-diesel\\\/#primaryimage\",\"url\":\"https:\\\/\\\/www.bbmnoticias.com\\\/labravaradiofm\\\/wp-content\\\/uploads\\\/sites\\\/5\\\/2026\\\/04\\\/pemex_gasolinas.webp\",\"contentUrl\":\"https:\\\/\\\/www.bbmnoticias.com\\\/labravaradiofm\\\/wp-content\\\/uploads\\\/sites\\\/5\\\/2026\\\/04\\\/pemex_gasolinas.webp\",\"width\":1200,\"height\":800},{\"@type\":\"BreadcrumbList\",\"@id\":\"https:\\\/\\\/www.bbmnoticias.com\\\/sheinbaum-anuncia-la-disminucion-en-el-pago-de-gasolinas-y-diesel\\\/#breadcrumb\",\"itemListElement\":[{\"@type\":\"ListItem\",\"position\":1,\"name\":\"Inicio\",\"item\":\"https:\\\/\\\/www.bbmnoticias.com\\\/labravaradiofm\\\/\"},{\"@type\":\"ListItem\",\"position\":2,\"name\":\"Sheinbaum anuncia la disminuci\u00f3n en el pago de gasolinas y di\u00e9sel\"}]},{\"@type\":\"WebSite\",\"@id\":\"https:\\\/\\\/www.bbmnoticias.com\\\/labravaradiofm\\\/#website\",\"url\":\"https:\\\/\\\/www.bbmnoticias.com\\\/labravaradiofm\\\/\",\"name\":\"LA BRAVA RADIO\",\"description\":\"Empresa productora de medios, Radiodifusi\u00f3n, Noticias, tendencias y todo lo que necesitas saber de la pol\u00edtica mexicana e internacional; entretenimiento, espect\u00e1culos, salud y mucho m\u00e1s.\",\"potentialAction\":[{\"@type\":\"SearchAction\",\"target\":{\"@type\":\"EntryPoint\",\"urlTemplate\":\"https:\\\/\\\/www.bbmnoticias.com\\\/labravaradiofm\\\/?s={search_term_string}\"},\"query-input\":{\"@type\":\"PropertyValueSpecification\",\"valueRequired\":true,\"valueName\":\"search_term_string\"}}],\"inLanguage\":\"es\"},{\"@type\":\"Person\",\"@id\":\"https:\\\/\\\/www.bbmnoticias.com\\\/labravaradiofm\\\/#\\\/schema\\\/person\\\/000bdaf0a8fb5bff0d537c4d0778e33f\",\"name\":\"Agencias\",\"image\":{\"@type\":\"ImageObject\",\"inLanguage\":\"es\",\"@id\":\"https:\\\/\\\/secure.gravatar.com\\\/avatar\\\/739e0b61adf9e398b425c36718c8752286da0e8cd90f20ce9a86678abc26aa0d?s=96&d=mm&r=g\",\"url\":\"https:\\\/\\\/secure.gravatar.com\\\/avatar\\\/739e0b61adf9e398b425c36718c8752286da0e8cd90f20ce9a86678abc26aa0d?s=96&d=mm&r=g\",\"contentUrl\":\"https:\\\/\\\/secure.gravatar.com\\\/avatar\\\/739e0b61adf9e398b425c36718c8752286da0e8cd90f20ce9a86678abc26aa0d?s=96&d=mm&r=g\",\"caption\":\"Agencias\"},\"url\":\"https:\\\/\\\/www.bbmnoticias.com\\\/labravaradiofm\\\/author\\\/agencias\\\/\"}]}<\/script>\n<!-- \/ Yoast SEO plugin. -->","yoast_head_json":{"title":"Sheinbaum anuncia la disminuci\u00f3n en el pago de gasolinas y di\u00e9sel - LA BRAVA RADIO","robots":{"index":"index","follow":"follow","max-snippet":"max-snippet:-1","max-image-preview":"max-image-preview:large","max-video-preview":"max-video-preview:-1"},"canonical":"https:\/\/www.bbmnoticias.com\/sheinbaum-anuncia-la-disminucion-en-el-pago-de-gasolinas-y-diesel\/","og_locale":"es_MX","og_type":"article","og_title":"Sheinbaum anuncia la disminuci\u00f3n en el pago de gasolinas y di\u00e9sel - LA BRAVA RADIO","og_description":"Este lunes 27 de abril, la presidenta Claudia Sheinbaum Pardo anunci\u00f3 la&nbsp;disminuci\u00f3n de las comisiones en&nbsp;el pago de gasolinas y del di\u00e9sel, tanto para quienes pagan con tarjeta de d\u00e9bito o cr\u00e9dito como para quienes lo hacen con vales. &#8220;Este es un acuerdo en el que particip\u00f3 desde Banco de M\u00e9xico y las distintas asociaciones [&hellip;]","og_url":"https:\/\/www.bbmnoticias.com\/sheinbaum-anuncia-la-disminucion-en-el-pago-de-gasolinas-y-diesel\/","og_site_name":"LA BRAVA RADIO","article_published_time":"2026-04-27T14:16:59+00:00","article_modified_time":"2026-04-27T14:17:26+00:00","og_image":[{"width":1200,"height":800,"url":"https:\/\/www.bbmnoticias.com\/labravaradiofm\/wp-content\/uploads\/sites\/5\/2026\/04\/pemex_gasolinas.webp","type":"image\/webp"}],"author":"Agencias","twitter_card":"summary_large_image","twitter_misc":{"Escrito por":"Agencias","Tiempo de lectura":"3 minutos"},"schema":{"@context":"https:\/\/schema.org","@graph":[{"@type":"Article","@id":"https:\/\/www.bbmnoticias.com\/sheinbaum-anuncia-la-disminucion-en-el-pago-de-gasolinas-y-diesel\/#article","isPartOf":{"@id":"https:\/\/www.bbmnoticias.com\/labravaradiofm\/2026\/04\/27\/sheinbaum-anuncia-la-disminucion-en-el-pago-de-gasolinas-y-diesel\/"},"author":{"name":"Agencias","@id":"https:\/\/www.bbmnoticias.com\/labravaradiofm\/#\/schema\/person\/000bdaf0a8fb5bff0d537c4d0778e33f"},"headline":"Sheinbaum anuncia la disminuci\u00f3n en el pago de gasolinas y di\u00e9sel","datePublished":"2026-04-27T14:16:59+00:00","dateModified":"2026-04-27T14:17:26+00:00","mainEntityOfPage":{"@id":"https:\/\/www.bbmnoticias.com\/labravaradiofm\/2026\/04\/27\/sheinbaum-anuncia-la-disminucion-en-el-pago-de-gasolinas-y-diesel\/"},"wordCount":545,"image":{"@id":"https:\/\/www.bbmnoticias.com\/sheinbaum-anuncia-la-disminucion-en-el-pago-de-gasolinas-y-diesel\/#primaryimage"},"thumbnailUrl":"https:\/\/www.bbmnoticias.com\/labravaradiofm\/wp-content\/uploads\/sites\/5\/2026\/04\/pemex_gasolinas.webp","articleSection":["LOCAL","NACIONAL"],"inLanguage":"es"},{"@type":"WebPage","@id":"https:\/\/www.bbmnoticias.com\/labravaradiofm\/2026\/04\/27\/sheinbaum-anuncia-la-disminucion-en-el-pago-de-gasolinas-y-diesel\/","url":"https:\/\/www.bbmnoticias.com\/sheinbaum-anuncia-la-disminucion-en-el-pago-de-gasolinas-y-diesel\/","name":"Sheinbaum anuncia la disminuci\u00f3n en el pago de gasolinas y di\u00e9sel - LA BRAVA RADIO","isPartOf":{"@id":"https:\/\/www.bbmnoticias.com\/labravaradiofm\/#website"},"primaryImageOfPage":{"@id":"https:\/\/www.bbmnoticias.com\/sheinbaum-anuncia-la-disminucion-en-el-pago-de-gasolinas-y-diesel\/#primaryimage"},"image":{"@id":"https:\/\/www.bbmnoticias.com\/sheinbaum-anuncia-la-disminucion-en-el-pago-de-gasolinas-y-diesel\/#primaryimage"},"thumbnailUrl":"https:\/\/www.bbmnoticias.com\/labravaradiofm\/wp-content\/uploads\/sites\/5\/2026\/04\/pemex_gasolinas.webp","datePublished":"2026-04-27T14:16:59+00:00","dateModified":"2026-04-27T14:17:26+00:00","author":{"@id":"https:\/\/www.bbmnoticias.com\/labravaradiofm\/#\/schema\/person\/000bdaf0a8fb5bff0d537c4d0778e33f"},"breadcrumb":{"@id":"https:\/\/www.bbmnoticias.com\/sheinbaum-anuncia-la-disminucion-en-el-pago-de-gasolinas-y-diesel\/#breadcrumb"},"inLanguage":"es","potentialAction":[{"@type":"ReadAction","target":["https:\/\/www.bbmnoticias.com\/sheinbaum-anuncia-la-disminucion-en-el-pago-de-gasolinas-y-diesel\/"]}]},{"@type":"ImageObject","inLanguage":"es","@id":"https:\/\/www.bbmnoticias.com\/sheinbaum-anuncia-la-disminucion-en-el-pago-de-gasolinas-y-diesel\/#primaryimage","url":"https:\/\/www.bbmnoticias.com\/labravaradiofm\/wp-content\/uploads\/sites\/5\/2026\/04\/pemex_gasolinas.webp","contentUrl":"https:\/\/www.bbmnoticias.com\/labravaradiofm\/wp-content\/uploads\/sites\/5\/2026\/04\/pemex_gasolinas.webp","width":1200,"height":800},{"@type":"BreadcrumbList","@id":"https:\/\/www.bbmnoticias.com\/sheinbaum-anuncia-la-disminucion-en-el-pago-de-gasolinas-y-diesel\/#breadcrumb","itemListElement":[{"@type":"ListItem","position":1,"name":"Inicio","item":"https:\/\/www.bbmnoticias.com\/labravaradiofm\/"},{"@type":"ListItem","position":2,"name":"Sheinbaum anuncia la disminuci\u00f3n en el pago de gasolinas y di\u00e9sel"}]},{"@type":"WebSite","@id":"https:\/\/www.bbmnoticias.com\/labravaradiofm\/#website","url":"https:\/\/www.bbmnoticias.com\/labravaradiofm\/","name":"LA BRAVA RADIO","description":"Empresa productora de medios, Radiodifusi\u00f3n, Noticias, tendencias y todo lo que necesitas saber de la pol\u00edtica mexicana e internacional; entretenimiento, espect\u00e1culos, salud y mucho m\u00e1s.","potentialAction":[{"@type":"SearchAction","target":{"@type":"EntryPoint","urlTemplate":"https:\/\/www.bbmnoticias.com\/labravaradiofm\/?s={search_term_string}"},"query-input":{"@type":"PropertyValueSpecification","valueRequired":true,"valueName":"search_term_string"}}],"inLanguage":"es"},{"@type":"Person","@id":"https:\/\/www.bbmnoticias.com\/labravaradiofm\/#\/schema\/person\/000bdaf0a8fb5bff0d537c4d0778e33f","name":"Agencias","image":{"@type":"ImageObject","inLanguage":"es","@id":"https:\/\/secure.gravatar.com\/avatar\/739e0b61adf9e398b425c36718c8752286da0e8cd90f20ce9a86678abc26aa0d?s=96&d=mm&r=g","url":"https:\/\/secure.gravatar.com\/avatar\/739e0b61adf9e398b425c36718c8752286da0e8cd90f20ce9a86678abc26aa0d?s=96&d=mm&r=g","contentUrl":"https:\/\/secure.gravatar.com\/avatar\/739e0b61adf9e398b425c36718c8752286da0e8cd90f20ce9a86678abc26aa0d?s=96&d=mm&r=g","caption":"Agencias"},"url":"https:\/\/www.bbmnoticias.com\/labravaradiofm\/author\/agencias\/"}]}},"_links":{"self":[{"href":"https:\/\/www.bbmnoticias.com\/labravaradiofm\/wp-json\/wp\/v2\/posts\/76584","targetHints":{"allow":["GET"]}}],"collection":[{"href":"https:\/\/www.bbmnoticias.com\/labravaradiofm\/wp-json\/wp\/v2\/posts"}],"about":[{"href":"https:\/\/www.bbmnoticias.com\/labravaradiofm\/wp-json\/wp\/v2\/types\/post"}],"author":[{"embeddable":true,"href":"https:\/\/www.bbmnoticias.com\/labravaradiofm\/wp-json\/wp\/v2\/users\/4"}],"replies":[{"embeddable":true,"href":"https:\/\/www.bbmnoticias.com\/labravaradiofm\/wp-json\/wp\/v2\/comments?post=76584"}],"version-history":[{"count":1,"href":"https:\/\/www.bbmnoticias.com\/labravaradiofm\/wp-json\/wp\/v2\/posts\/76584\/revisions"}],"predecessor-version":[{"id":76585,"href":"https:\/\/www.bbmnoticias.com\/labravaradiofm\/wp-json\/wp\/v2\/posts\/76584\/revisions\/76585"}],"wp:featuredmedia":[{"embeddable":true,"href":"https:\/\/www.bbmnoticias.com\/labravaradiofm\/wp-json\/wp\/v2\/media\/76586"}],"wp:attachment":[{"href":"https:\/\/www.bbmnoticias.com\/labravaradiofm\/wp-json\/wp\/v2\/media?parent=76584"}],"wp:term":[{"taxonomy":"category","embeddable":true,"href":"https:\/\/www.bbmnoticias.com\/labravaradiofm\/wp-json\/wp\/v2\/categories?post=76584"},{"taxonomy":"post_tag","embeddable":true,"href":"https:\/\/www.bbmnoticias.com\/labravaradiofm\/wp-json\/wp\/v2\/tags?post=76584"}],"curies":[{"name":"wp","href":"https:\/\/api.w.org\/{rel}","templated":true}]}}