{"id":76566,"date":"2026-04-24T19:39:00","date_gmt":"2026-04-25T01:39:00","guid":{"rendered":"https:\/\/www.bbmnoticias.com\/labravaradiofm\/2026\/04\/24\/iberdrola-baja-la-cortina-en-mexico-cox-adquiere-sus-activos-por-4-mil-mdd\/"},"modified":"2026-04-24T20:17:26","modified_gmt":"2026-04-25T02:17:26","slug":"iberdrola-baja-la-cortina-en-mexico-cox-adquiere-sus-activos-por-4-mil-mdd","status":"publish","type":"post","link":"https:\/\/www.bbmnoticias.com\/labravaradiofm\/2026\/04\/24\/iberdrola-baja-la-cortina-en-mexico-cox-adquiere-sus-activos-por-4-mil-mdd\/","title":{"rendered":"Iberdrola \u2018baja la cortina\u2019 en M\u00e9xico: Cox adquiere sus activos por 4 mil mdd"},"content":{"rendered":"<div style=\"margin-top: 0px; margin-bottom: 0px;\" class=\"sharethis-inline-share-buttons\" ><\/div>\n<p>La empresa Iberdrola inform\u00f3 a la Comisi\u00f3n Nacional del Mercado de Valores de Espa\u00f1a que concret\u00f3 <strong>la venta del 100 por ciento de Iberdrola M\u00e9xico<\/strong> al corporativo Cox por un monto de <strong>4 mil millones de d\u00f3lares<\/strong>.<\/p>\n\n\n\n<p>El presidente de Cox, Enrique Riquelme, se\u00f1al\u00f3 que esta operaci\u00f3n se enmarca en<strong>la visi\u00f3n de la presidenta Claudia Sheinbaum <\/strong>y de su Gobierno de convertir la energ\u00eda y el agua en aut\u00e9nticas pol\u00edticas de Estado al servicio de un desarrollo inclusivo y sostenible para todos los mexicanos.<\/p>\n\n\n\n<p>\u201cCox se alinea plenamente con las prioridades del Gobierno mexicano, orientadas a reforzar <strong>la seguridad energ\u00e9tica, la soberan\u00eda h\u00eddrica<\/strong> y la inversi\u00f3n de largo plazo en infraestructura estrat\u00e9gica bajo un marco regulatorio claro y justo, con planificaci\u00f3n nacional y capaz de atraer inversi\u00f3n internacional\u201d, coment\u00f3.<\/p>\n\n\n\n<p>Pese a las presiones que recibi\u00f3 Iberdrola del expresidente Andr\u00e9s Manuel L\u00f3pez Obrador, Enrique Riquelme expres\u00f3 tener plena confianza en la gesti\u00f3n de Claudia Sheinbaum y en su equipo, \u201calgo que han demostrado de manera ejemplar a lo largo de todo este proceso\u201d.<\/p>\n\n\n\n<h2 class=\"wp-block-heading\">\u00bfPor qu\u00e9 Iberdrola vendi\u00f3 sus activos a Cox?<\/h2>\n\n\n\n<p>Iberdrola anunci\u00f3 la venta de sus plantas a Cox en julio de 2025. La empresa espa\u00f1ola argument\u00f3 que se concentrar\u00e1 en negocios como las redes el\u00e9ctricas, lo que podr\u00eda duplicar sus inversiones en mercados donde se les permita hacerlo, como <strong>Estados Unidos, Reino Unido, Brasil y Espa\u00f1a<\/strong>.<\/p>\n\n\n\n<p>Apenas el 26 de enero del presente a\u00f1o, la Comisi\u00f3n Nacional de Energ\u00eda (CNE) y la Comisi\u00f3n Nacional Antimonopolio (CNA) autorizaron a Cox la compra de los activos de Iberdrola.<\/p>\n\n\n\n<p><em>\u201c<\/em>El cierre de esta operaci\u00f3n marca un paso decisivo en la evoluci\u00f3n de Cox. Incorporamos una plataforma de gran calidad en un mercado que conocemos bien, y lo hacemos manteniendo el foco en la disciplina, la integraci\u00f3n y la creaci\u00f3n de valor a largo plazo\u201d, revel\u00f3 Enrique Riquelme en un mensaje a medios.<\/p>\n\n\n\n<p>\u201cEn 2025 el Grupo hubiese alcanzado unos ingresos de 2 mil 551 millones de euros y un EBITDA de 786 millones de euros, multiplicando por dos y por tres respectivamente las cifras de 2025. Asimismo, el flujo de caja operativo se situar\u00eda en torno a 592 millones de euros, cuatro veces m\u00e1s, lo que refuerza su capacidad de generaci\u00f3n de caja y su perfil financiero a largo plazo\u201d, comparti\u00f3 la empresa.<\/p>\n\n\n\n<p>El per\u00edmetro de la transacci\u00f3n incluye una capacidad instalada operativa de m\u00e1s de 2 mil 600 megawatts, de las cuales 47.4 por ciento son energ\u00edas renovables; 44.8 por ciento corresponden a ciclos combinados de gas, y 7.8 por ciento restante a cogeneraci\u00f3n.<\/p>\n\n\n\n<p>Cox \u2018heredar\u00e1\u2019 una cartera de proyectos de generaci\u00f3n de 12 mil megawatts, y actualmente se sit\u00faa como <strong>la mayor suministradora privada de M\u00e9xico<\/strong>, que cuenta con m\u00e1s del 25 por ciento de cuota de mercado, 20 TWh de comercializaci\u00f3n y m\u00e1s de 500 grandes clientes con la m\u00e1xima calificaci\u00f3n crediticia.<\/p>\n\n\n\n<p>La compa\u00f1\u00eda mantendr\u00e1 al equipo directivo de Iberdrola M\u00e9xico e integrar\u00e1 la totalidad de su plantilla, compuesta por m\u00e1s de 800 profesionales.<\/p>\n","protected":false},"excerpt":{"rendered":"<p>La empresa Iberdrola inform\u00f3 a la Comisi\u00f3n Nacional del Mercado de Valores de Espa\u00f1a que concret\u00f3 la venta del 100 por ciento de Iberdrola M\u00e9xico al corporativo Cox por un monto de 4 mil millones de d\u00f3lares. El presidente de Cox, Enrique Riquelme, se\u00f1al\u00f3 que esta operaci\u00f3n se enmarca enla visi\u00f3n de la presidenta Claudia [&hellip;]<\/p>\n","protected":false},"author":4,"featured_media":76568,"comment_status":"closed","ping_status":"open","sticky":false,"template":"","format":"standard","meta":{"footnotes":""},"categories":[2,19],"tags":[],"class_list":{"0":"post-76566","1":"post","2":"type-post","3":"status-publish","4":"format-standard","5":"has-post-thumbnail","7":"category-oaxaca","8":"category-nacional"},"yoast_head":"<!-- This site is optimized with the Yoast SEO plugin v27.4 - https:\/\/yoast.com\/product\/yoast-seo-wordpress\/ -->\n<title>Iberdrola \u2018baja la cortina\u2019 en M\u00e9xico: Cox adquiere sus activos por 4 mil mdd - LA BRAVA RADIO<\/title>\n<meta name=\"robots\" content=\"index, follow, max-snippet:-1, max-image-preview:large, max-video-preview:-1\" \/>\n<link rel=\"canonical\" href=\"https:\/\/www.bbmnoticias.com\/iberdrola-baja-la-cortina-en-mexico-cox-adquiere-sus-activos-por-4-mil-mdd\/\" \/>\n<meta property=\"og:locale\" content=\"es_MX\" \/>\n<meta property=\"og:type\" content=\"article\" \/>\n<meta property=\"og:title\" content=\"Iberdrola \u2018baja la cortina\u2019 en M\u00e9xico: Cox adquiere sus activos por 4 mil mdd - LA BRAVA RADIO\" \/>\n<meta property=\"og:description\" content=\"La empresa Iberdrola inform\u00f3 a la Comisi\u00f3n Nacional del Mercado de Valores de Espa\u00f1a que concret\u00f3 la venta del 100 por ciento de Iberdrola M\u00e9xico al corporativo Cox por un monto de 4 mil millones de d\u00f3lares. El presidente de Cox, Enrique Riquelme, se\u00f1al\u00f3 que esta operaci\u00f3n se enmarca enla visi\u00f3n de la presidenta Claudia [&hellip;]\" \/>\n<meta property=\"og:url\" content=\"https:\/\/www.bbmnoticias.com\/iberdrola-baja-la-cortina-en-mexico-cox-adquiere-sus-activos-por-4-mil-mdd\/\" \/>\n<meta property=\"og:site_name\" content=\"LA BRAVA RADIO\" \/>\n<meta property=\"article:published_time\" content=\"2026-04-25T01:39:00+00:00\" \/>\n<meta property=\"article:modified_time\" content=\"2026-04-25T02:17:26+00:00\" \/>\n<meta property=\"og:image\" content=\"https:\/\/www.bbmnoticias.com\/labravaradiofm\/wp-content\/uploads\/sites\/5\/2026\/04\/iberdrola.jpg\" \/>\n\t<meta property=\"og:image:width\" content=\"800\" \/>\n\t<meta property=\"og:image:height\" content=\"450\" \/>\n\t<meta property=\"og:image:type\" content=\"image\/jpeg\" \/>\n<meta name=\"author\" content=\"Agencias\" \/>\n<meta name=\"twitter:card\" content=\"summary_large_image\" \/>\n<meta name=\"twitter:label1\" content=\"Escrito por\" \/>\n\t<meta name=\"twitter:data1\" content=\"Agencias\" \/>\n\t<meta name=\"twitter:label2\" content=\"Tiempo de lectura\" \/>\n\t<meta name=\"twitter:data2\" content=\"3 minutos\" \/>\n<script type=\"application\/ld+json\" class=\"yoast-schema-graph\">{\"@context\":\"https:\\\/\\\/schema.org\",\"@graph\":[{\"@type\":\"Article\",\"@id\":\"https:\\\/\\\/www.bbmnoticias.com\\\/iberdrola-baja-la-cortina-en-mexico-cox-adquiere-sus-activos-por-4-mil-mdd\\\/#article\",\"isPartOf\":{\"@id\":\"https:\\\/\\\/www.bbmnoticias.com\\\/labravaradiofm\\\/2026\\\/04\\\/24\\\/iberdrola-baja-la-cortina-en-mexico-cox-adquiere-sus-activos-por-4-mil-mdd\\\/\"},\"author\":{\"name\":\"Agencias\",\"@id\":\"https:\\\/\\\/www.bbmnoticias.com\\\/labravaradiofm\\\/#\\\/schema\\\/person\\\/000bdaf0a8fb5bff0d537c4d0778e33f\"},\"headline\":\"Iberdrola \u2018baja la cortina\u2019 en M\u00e9xico: Cox adquiere sus activos por 4 mil mdd\",\"datePublished\":\"2026-04-25T01:39:00+00:00\",\"dateModified\":\"2026-04-25T02:17:26+00:00\",\"mainEntityOfPage\":{\"@id\":\"https:\\\/\\\/www.bbmnoticias.com\\\/labravaradiofm\\\/2026\\\/04\\\/24\\\/iberdrola-baja-la-cortina-en-mexico-cox-adquiere-sus-activos-por-4-mil-mdd\\\/\"},\"wordCount\":540,\"image\":{\"@id\":\"https:\\\/\\\/www.bbmnoticias.com\\\/iberdrola-baja-la-cortina-en-mexico-cox-adquiere-sus-activos-por-4-mil-mdd\\\/#primaryimage\"},\"thumbnailUrl\":\"https:\\\/\\\/www.bbmnoticias.com\\\/labravaradiofm\\\/wp-content\\\/uploads\\\/sites\\\/5\\\/2026\\\/04\\\/iberdrola.jpg\",\"articleSection\":[\"LOCAL\",\"NACIONAL\"],\"inLanguage\":\"es\"},{\"@type\":\"WebPage\",\"@id\":\"https:\\\/\\\/www.bbmnoticias.com\\\/labravaradiofm\\\/2026\\\/04\\\/24\\\/iberdrola-baja-la-cortina-en-mexico-cox-adquiere-sus-activos-por-4-mil-mdd\\\/\",\"url\":\"https:\\\/\\\/www.bbmnoticias.com\\\/iberdrola-baja-la-cortina-en-mexico-cox-adquiere-sus-activos-por-4-mil-mdd\\\/\",\"name\":\"Iberdrola \u2018baja la cortina\u2019 en M\u00e9xico: Cox adquiere sus activos por 4 mil mdd - LA BRAVA RADIO\",\"isPartOf\":{\"@id\":\"https:\\\/\\\/www.bbmnoticias.com\\\/labravaradiofm\\\/#website\"},\"primaryImageOfPage\":{\"@id\":\"https:\\\/\\\/www.bbmnoticias.com\\\/iberdrola-baja-la-cortina-en-mexico-cox-adquiere-sus-activos-por-4-mil-mdd\\\/#primaryimage\"},\"image\":{\"@id\":\"https:\\\/\\\/www.bbmnoticias.com\\\/iberdrola-baja-la-cortina-en-mexico-cox-adquiere-sus-activos-por-4-mil-mdd\\\/#primaryimage\"},\"thumbnailUrl\":\"https:\\\/\\\/www.bbmnoticias.com\\\/labravaradiofm\\\/wp-content\\\/uploads\\\/sites\\\/5\\\/2026\\\/04\\\/iberdrola.jpg\",\"datePublished\":\"2026-04-25T01:39:00+00:00\",\"dateModified\":\"2026-04-25T02:17:26+00:00\",\"author\":{\"@id\":\"https:\\\/\\\/www.bbmnoticias.com\\\/labravaradiofm\\\/#\\\/schema\\\/person\\\/000bdaf0a8fb5bff0d537c4d0778e33f\"},\"breadcrumb\":{\"@id\":\"https:\\\/\\\/www.bbmnoticias.com\\\/iberdrola-baja-la-cortina-en-mexico-cox-adquiere-sus-activos-por-4-mil-mdd\\\/#breadcrumb\"},\"inLanguage\":\"es\",\"potentialAction\":[{\"@type\":\"ReadAction\",\"target\":[\"https:\\\/\\\/www.bbmnoticias.com\\\/iberdrola-baja-la-cortina-en-mexico-cox-adquiere-sus-activos-por-4-mil-mdd\\\/\"]}]},{\"@type\":\"ImageObject\",\"inLanguage\":\"es\",\"@id\":\"https:\\\/\\\/www.bbmnoticias.com\\\/iberdrola-baja-la-cortina-en-mexico-cox-adquiere-sus-activos-por-4-mil-mdd\\\/#primaryimage\",\"url\":\"https:\\\/\\\/www.bbmnoticias.com\\\/labravaradiofm\\\/wp-content\\\/uploads\\\/sites\\\/5\\\/2026\\\/04\\\/iberdrola.jpg\",\"contentUrl\":\"https:\\\/\\\/www.bbmnoticias.com\\\/labravaradiofm\\\/wp-content\\\/uploads\\\/sites\\\/5\\\/2026\\\/04\\\/iberdrola.jpg\",\"width\":800,\"height\":450},{\"@type\":\"BreadcrumbList\",\"@id\":\"https:\\\/\\\/www.bbmnoticias.com\\\/iberdrola-baja-la-cortina-en-mexico-cox-adquiere-sus-activos-por-4-mil-mdd\\\/#breadcrumb\",\"itemListElement\":[{\"@type\":\"ListItem\",\"position\":1,\"name\":\"Inicio\",\"item\":\"https:\\\/\\\/www.bbmnoticias.com\\\/labravaradiofm\\\/\"},{\"@type\":\"ListItem\",\"position\":2,\"name\":\"Iberdrola \u2018baja la cortina\u2019 en M\u00e9xico: Cox adquiere sus activos por 4 mil mdd\"}]},{\"@type\":\"WebSite\",\"@id\":\"https:\\\/\\\/www.bbmnoticias.com\\\/labravaradiofm\\\/#website\",\"url\":\"https:\\\/\\\/www.bbmnoticias.com\\\/labravaradiofm\\\/\",\"name\":\"LA BRAVA RADIO\",\"description\":\"Empresa productora de medios, Radiodifusi\u00f3n, Noticias, tendencias y todo lo que necesitas saber de la pol\u00edtica mexicana e internacional; entretenimiento, espect\u00e1culos, salud y mucho m\u00e1s.\",\"potentialAction\":[{\"@type\":\"SearchAction\",\"target\":{\"@type\":\"EntryPoint\",\"urlTemplate\":\"https:\\\/\\\/www.bbmnoticias.com\\\/labravaradiofm\\\/?s={search_term_string}\"},\"query-input\":{\"@type\":\"PropertyValueSpecification\",\"valueRequired\":true,\"valueName\":\"search_term_string\"}}],\"inLanguage\":\"es\"},{\"@type\":\"Person\",\"@id\":\"https:\\\/\\\/www.bbmnoticias.com\\\/labravaradiofm\\\/#\\\/schema\\\/person\\\/000bdaf0a8fb5bff0d537c4d0778e33f\",\"name\":\"Agencias\",\"image\":{\"@type\":\"ImageObject\",\"inLanguage\":\"es\",\"@id\":\"https:\\\/\\\/secure.gravatar.com\\\/avatar\\\/739e0b61adf9e398b425c36718c8752286da0e8cd90f20ce9a86678abc26aa0d?s=96&d=mm&r=g\",\"url\":\"https:\\\/\\\/secure.gravatar.com\\\/avatar\\\/739e0b61adf9e398b425c36718c8752286da0e8cd90f20ce9a86678abc26aa0d?s=96&d=mm&r=g\",\"contentUrl\":\"https:\\\/\\\/secure.gravatar.com\\\/avatar\\\/739e0b61adf9e398b425c36718c8752286da0e8cd90f20ce9a86678abc26aa0d?s=96&d=mm&r=g\",\"caption\":\"Agencias\"},\"url\":\"https:\\\/\\\/www.bbmnoticias.com\\\/labravaradiofm\\\/author\\\/agencias\\\/\"}]}<\/script>\n<!-- \/ Yoast SEO plugin. -->","yoast_head_json":{"title":"Iberdrola \u2018baja la cortina\u2019 en M\u00e9xico: Cox adquiere sus activos por 4 mil mdd - LA BRAVA RADIO","robots":{"index":"index","follow":"follow","max-snippet":"max-snippet:-1","max-image-preview":"max-image-preview:large","max-video-preview":"max-video-preview:-1"},"canonical":"https:\/\/www.bbmnoticias.com\/iberdrola-baja-la-cortina-en-mexico-cox-adquiere-sus-activos-por-4-mil-mdd\/","og_locale":"es_MX","og_type":"article","og_title":"Iberdrola \u2018baja la cortina\u2019 en M\u00e9xico: Cox adquiere sus activos por 4 mil mdd - LA BRAVA RADIO","og_description":"La empresa Iberdrola inform\u00f3 a la Comisi\u00f3n Nacional del Mercado de Valores de Espa\u00f1a que concret\u00f3 la venta del 100 por ciento de Iberdrola M\u00e9xico al corporativo Cox por un monto de 4 mil millones de d\u00f3lares. El presidente de Cox, Enrique Riquelme, se\u00f1al\u00f3 que esta operaci\u00f3n se enmarca enla visi\u00f3n de la presidenta Claudia [&hellip;]","og_url":"https:\/\/www.bbmnoticias.com\/iberdrola-baja-la-cortina-en-mexico-cox-adquiere-sus-activos-por-4-mil-mdd\/","og_site_name":"LA BRAVA RADIO","article_published_time":"2026-04-25T01:39:00+00:00","article_modified_time":"2026-04-25T02:17:26+00:00","og_image":[{"width":800,"height":450,"url":"https:\/\/www.bbmnoticias.com\/labravaradiofm\/wp-content\/uploads\/sites\/5\/2026\/04\/iberdrola.jpg","type":"image\/jpeg"}],"author":"Agencias","twitter_card":"summary_large_image","twitter_misc":{"Escrito por":"Agencias","Tiempo de lectura":"3 minutos"},"schema":{"@context":"https:\/\/schema.org","@graph":[{"@type":"Article","@id":"https:\/\/www.bbmnoticias.com\/iberdrola-baja-la-cortina-en-mexico-cox-adquiere-sus-activos-por-4-mil-mdd\/#article","isPartOf":{"@id":"https:\/\/www.bbmnoticias.com\/labravaradiofm\/2026\/04\/24\/iberdrola-baja-la-cortina-en-mexico-cox-adquiere-sus-activos-por-4-mil-mdd\/"},"author":{"name":"Agencias","@id":"https:\/\/www.bbmnoticias.com\/labravaradiofm\/#\/schema\/person\/000bdaf0a8fb5bff0d537c4d0778e33f"},"headline":"Iberdrola \u2018baja la cortina\u2019 en M\u00e9xico: Cox adquiere sus activos por 4 mil mdd","datePublished":"2026-04-25T01:39:00+00:00","dateModified":"2026-04-25T02:17:26+00:00","mainEntityOfPage":{"@id":"https:\/\/www.bbmnoticias.com\/labravaradiofm\/2026\/04\/24\/iberdrola-baja-la-cortina-en-mexico-cox-adquiere-sus-activos-por-4-mil-mdd\/"},"wordCount":540,"image":{"@id":"https:\/\/www.bbmnoticias.com\/iberdrola-baja-la-cortina-en-mexico-cox-adquiere-sus-activos-por-4-mil-mdd\/#primaryimage"},"thumbnailUrl":"https:\/\/www.bbmnoticias.com\/labravaradiofm\/wp-content\/uploads\/sites\/5\/2026\/04\/iberdrola.jpg","articleSection":["LOCAL","NACIONAL"],"inLanguage":"es"},{"@type":"WebPage","@id":"https:\/\/www.bbmnoticias.com\/labravaradiofm\/2026\/04\/24\/iberdrola-baja-la-cortina-en-mexico-cox-adquiere-sus-activos-por-4-mil-mdd\/","url":"https:\/\/www.bbmnoticias.com\/iberdrola-baja-la-cortina-en-mexico-cox-adquiere-sus-activos-por-4-mil-mdd\/","name":"Iberdrola \u2018baja la cortina\u2019 en M\u00e9xico: Cox adquiere sus activos por 4 mil mdd - LA BRAVA RADIO","isPartOf":{"@id":"https:\/\/www.bbmnoticias.com\/labravaradiofm\/#website"},"primaryImageOfPage":{"@id":"https:\/\/www.bbmnoticias.com\/iberdrola-baja-la-cortina-en-mexico-cox-adquiere-sus-activos-por-4-mil-mdd\/#primaryimage"},"image":{"@id":"https:\/\/www.bbmnoticias.com\/iberdrola-baja-la-cortina-en-mexico-cox-adquiere-sus-activos-por-4-mil-mdd\/#primaryimage"},"thumbnailUrl":"https:\/\/www.bbmnoticias.com\/labravaradiofm\/wp-content\/uploads\/sites\/5\/2026\/04\/iberdrola.jpg","datePublished":"2026-04-25T01:39:00+00:00","dateModified":"2026-04-25T02:17:26+00:00","author":{"@id":"https:\/\/www.bbmnoticias.com\/labravaradiofm\/#\/schema\/person\/000bdaf0a8fb5bff0d537c4d0778e33f"},"breadcrumb":{"@id":"https:\/\/www.bbmnoticias.com\/iberdrola-baja-la-cortina-en-mexico-cox-adquiere-sus-activos-por-4-mil-mdd\/#breadcrumb"},"inLanguage":"es","potentialAction":[{"@type":"ReadAction","target":["https:\/\/www.bbmnoticias.com\/iberdrola-baja-la-cortina-en-mexico-cox-adquiere-sus-activos-por-4-mil-mdd\/"]}]},{"@type":"ImageObject","inLanguage":"es","@id":"https:\/\/www.bbmnoticias.com\/iberdrola-baja-la-cortina-en-mexico-cox-adquiere-sus-activos-por-4-mil-mdd\/#primaryimage","url":"https:\/\/www.bbmnoticias.com\/labravaradiofm\/wp-content\/uploads\/sites\/5\/2026\/04\/iberdrola.jpg","contentUrl":"https:\/\/www.bbmnoticias.com\/labravaradiofm\/wp-content\/uploads\/sites\/5\/2026\/04\/iberdrola.jpg","width":800,"height":450},{"@type":"BreadcrumbList","@id":"https:\/\/www.bbmnoticias.com\/iberdrola-baja-la-cortina-en-mexico-cox-adquiere-sus-activos-por-4-mil-mdd\/#breadcrumb","itemListElement":[{"@type":"ListItem","position":1,"name":"Inicio","item":"https:\/\/www.bbmnoticias.com\/labravaradiofm\/"},{"@type":"ListItem","position":2,"name":"Iberdrola \u2018baja la cortina\u2019 en M\u00e9xico: Cox adquiere sus activos por 4 mil mdd"}]},{"@type":"WebSite","@id":"https:\/\/www.bbmnoticias.com\/labravaradiofm\/#website","url":"https:\/\/www.bbmnoticias.com\/labravaradiofm\/","name":"LA BRAVA RADIO","description":"Empresa productora de medios, Radiodifusi\u00f3n, Noticias, tendencias y todo lo que necesitas saber de la pol\u00edtica mexicana e internacional; entretenimiento, espect\u00e1culos, salud y mucho m\u00e1s.","potentialAction":[{"@type":"SearchAction","target":{"@type":"EntryPoint","urlTemplate":"https:\/\/www.bbmnoticias.com\/labravaradiofm\/?s={search_term_string}"},"query-input":{"@type":"PropertyValueSpecification","valueRequired":true,"valueName":"search_term_string"}}],"inLanguage":"es"},{"@type":"Person","@id":"https:\/\/www.bbmnoticias.com\/labravaradiofm\/#\/schema\/person\/000bdaf0a8fb5bff0d537c4d0778e33f","name":"Agencias","image":{"@type":"ImageObject","inLanguage":"es","@id":"https:\/\/secure.gravatar.com\/avatar\/739e0b61adf9e398b425c36718c8752286da0e8cd90f20ce9a86678abc26aa0d?s=96&d=mm&r=g","url":"https:\/\/secure.gravatar.com\/avatar\/739e0b61adf9e398b425c36718c8752286da0e8cd90f20ce9a86678abc26aa0d?s=96&d=mm&r=g","contentUrl":"https:\/\/secure.gravatar.com\/avatar\/739e0b61adf9e398b425c36718c8752286da0e8cd90f20ce9a86678abc26aa0d?s=96&d=mm&r=g","caption":"Agencias"},"url":"https:\/\/www.bbmnoticias.com\/labravaradiofm\/author\/agencias\/"}]}},"_links":{"self":[{"href":"https:\/\/www.bbmnoticias.com\/labravaradiofm\/wp-json\/wp\/v2\/posts\/76566","targetHints":{"allow":["GET"]}}],"collection":[{"href":"https:\/\/www.bbmnoticias.com\/labravaradiofm\/wp-json\/wp\/v2\/posts"}],"about":[{"href":"https:\/\/www.bbmnoticias.com\/labravaradiofm\/wp-json\/wp\/v2\/types\/post"}],"author":[{"embeddable":true,"href":"https:\/\/www.bbmnoticias.com\/labravaradiofm\/wp-json\/wp\/v2\/users\/4"}],"replies":[{"embeddable":true,"href":"https:\/\/www.bbmnoticias.com\/labravaradiofm\/wp-json\/wp\/v2\/comments?post=76566"}],"version-history":[{"count":1,"href":"https:\/\/www.bbmnoticias.com\/labravaradiofm\/wp-json\/wp\/v2\/posts\/76566\/revisions"}],"predecessor-version":[{"id":76567,"href":"https:\/\/www.bbmnoticias.com\/labravaradiofm\/wp-json\/wp\/v2\/posts\/76566\/revisions\/76567"}],"wp:featuredmedia":[{"embeddable":true,"href":"https:\/\/www.bbmnoticias.com\/labravaradiofm\/wp-json\/wp\/v2\/media\/76568"}],"wp:attachment":[{"href":"https:\/\/www.bbmnoticias.com\/labravaradiofm\/wp-json\/wp\/v2\/media?parent=76566"}],"wp:term":[{"taxonomy":"category","embeddable":true,"href":"https:\/\/www.bbmnoticias.com\/labravaradiofm\/wp-json\/wp\/v2\/categories?post=76566"},{"taxonomy":"post_tag","embeddable":true,"href":"https:\/\/www.bbmnoticias.com\/labravaradiofm\/wp-json\/wp\/v2\/tags?post=76566"}],"curies":[{"name":"wp","href":"https:\/\/api.w.org\/{rel}","templated":true}]}}