{"id":76563,"date":"2026-04-24T20:08:27","date_gmt":"2026-04-25T02:08:27","guid":{"rendered":"https:\/\/www.bbmnoticias.com\/labravaradiofm\/2026\/04\/24\/sheinbaum-llama-a-mantener-proyecto-de-la-4t-y-defender-la-soberania-nacional\/"},"modified":"2026-04-24T20:09:05","modified_gmt":"2026-04-25T02:09:05","slug":"sheinbaum-llama-a-mantener-proyecto-de-la-4t-y-defender-la-soberania-nacional","status":"publish","type":"post","link":"https:\/\/www.bbmnoticias.com\/labravaradiofm\/2026\/04\/24\/sheinbaum-llama-a-mantener-proyecto-de-la-4t-y-defender-la-soberania-nacional\/","title":{"rendered":"Sheinbaum llama a mantener proyecto de la 4T y defender la soberan\u00eda nacional"},"content":{"rendered":"<div style=\"margin-top: 0px; margin-bottom: 0px;\" class=\"sharethis-inline-share-buttons\" ><\/div>\n<p><em>Singuilucan, Hgo. <\/em>La presidenta Claudia Sheinbaum Pardo conmin\u00f3 a la ciudadan\u00eda a mantener el llamado proyecto de la transformaci\u00f3n, que tiene como ejes la defensa de la soberan\u00eda y dirigir los recursos p\u00fablicos en beneficio del pueblo, a trav\u00e9s de programas sociales y obras p\u00fablicas.<\/p>\n\n\n\n<p>\u201cEl pueblo decidi\u00f3 en 2024 que por primera vez llegara una mujer a la Presidencia, y dijimos: \u2018ya inici\u00f3 la cuarta transformaci\u00f3n, hay que ponerle un segundo piso\u2019. Y as\u00ed, que siga al tercer piso, al cuarto, al quinto. A seguir construyendo la prosperidad compartida\u201d, exhort\u00f3.<\/p>\n\n\n\n<p>Ante decenas de personas que se dieron cita en un acto donde se entregaron Tarjetas del Bienestar \u2014el cual se adelant\u00f3 30 minutos respecto de la hora programada, sin que el personal de Presidencia diera aviso\u2014, la mandataria federal sostuvo que tras 36 a\u00f1os de gobiernos neoliberales que destinaron los recursos p\u00fablicos \u201cpara unos cuantos\u201d, en 2018 el pueblo de M\u00e9xico \u201cdespert\u00f3\u201d y le dio el triunfo electoral a Andr\u00e9s Manuel L\u00f3pez Obrador.<\/p>\n\n\n\n<p>\u201cUn gran presidente de nuestro pa\u00eds, a la altura de L\u00e1zaro C\u00e1rdenas, de Benito Ju\u00e1rez. Un aplauso desde aqu\u00ed a Palenque para que nos oiga\u201d \u2014pidi\u00f3 a la gente, que core\u00f3 \u2018\u00a1presidente, presidente!\u2019\u2014. \u201cY cambi\u00f3 el modelo\u201d.<\/p>\n\n\n\n<p>Acompa\u00f1ada por el gobernador Julio Menchaca (Morena) y funcionarios de su gobierno, como la titular de la Secretar\u00eda de Bienestar, Ariadna Montiel \u2014en d\u00edas recientes ha sonado para ser la nueva dirigente del partido guinda\u2014, la mandataria federal afirm\u00f3 que tanto a su administraci\u00f3n como a la del exmandatario las eligi\u00f3 la ciudadan\u00eda.<\/p>\n\n\n\n<p>\u201cA nosotros no nos puso aqu\u00ed un grupito, no servimos a unos cuantos; nosotros somos gobiernos del pueblo, por el pueblo y para el pueblo de M\u00e9xico. Y llegaron los programas de bienestar\u201d.<\/p>\n\n\n\n<p>En ese sentido, destac\u00f3 que hoy en d\u00eda hay 42 millones de beneficiarios de los programas sociales en todo el pa\u00eds, proyecto para el que en 2026 se destina una inversi\u00f3n de un bill\u00f3n de pesos (aproximadamente 2.5 por ciento del PIB).<\/p>\n\n\n\n<p>Se\u00f1al\u00f3 que con los llamados gobiernos de la transformaci\u00f3n, otro de los beneficios para la gente es que creci\u00f3 el salario m\u00ednimo al pasar de menos de 3 mil pesos en 2018 a 9 mil 400 pesos en 2026.<\/p>\n\n\n\n<p>Esto, en contraste con los reg\u00edmenes neoliberales que afirmaban que si ese ingreso sub\u00eda no habr\u00eda inversi\u00f3n extranjera, se disparar\u00eda la inflaci\u00f3n y el peso se devaluar\u00eda.<\/p>\n\n\n\n<p>\u201cHa subido el salario m\u00ednimo y estamos en r\u00e9cord de inversi\u00f3n extranjera directa, no hay inflaci\u00f3n y el peso est\u00e1 m\u00e1s fuerte que nunca, menos de dieciocho pesos (por d\u00f3lar). O sea, eran mentiras (los dichos de los gobernantes del periodo neoliberal). Lo que pasa es que no quer\u00edan subirle el salario a los trabajadores\u201d.<\/p>\n\n\n\n<p>Agreg\u00f3 que la primera administraci\u00f3n de la 4T impuls\u00f3 tambi\u00e9n obras p\u00fablicas como los trenes Maya e Interoce\u00e1nico, la refiner\u00eda Dos Bocas y el Aeropuerto Felipe \u00c1ngeles.<\/p>\n\n\n\n<p>\u201cTodas esas obras que se hicieron con el presidente L\u00f3pez Obrador. \u00bfY d\u00f3nde se quedaba el dinero antes? O no cobraban impuestos y le condonaban los impuestos a los de arriba o de plano se los robaban. As\u00ed de sencillo\u201d.<\/p>\n\n\n\n<p>La jefa del Ejecutivo afirm\u00f3 que su proyecto se une al de su antecesor porque tienen los mismos principios, los cuales no se pueden cambiar. Y el primero es que, por el bien de todos, primero los pobres.<\/p>\n\n\n\n<p>\u201cEso es lo que hacemos en el gobierno de M\u00e9xico: atender al pueblo. Y adem\u00e1s, defendemos la soberan\u00eda del pa\u00eds y a los mexicanos que est\u00e1n del otro lado de la frontera, fortalecemos el sistema de justicia, por eso le llamamos transformaci\u00f3n, porque es una transformaci\u00f3n de fondo. Y aqu\u00ed no hay divorcio, somos uno solo, gobierno y pueblo somos uno solo, de eso se tratan los gobiernos de la cuarta transformaci\u00f3n\u201d.<\/p>\n","protected":false},"excerpt":{"rendered":"<p>Singuilucan, Hgo. La presidenta Claudia Sheinbaum Pardo conmin\u00f3 a la ciudadan\u00eda a mantener el llamado proyecto de la transformaci\u00f3n, que tiene como ejes la defensa de la soberan\u00eda y dirigir los recursos p\u00fablicos en beneficio del pueblo, a trav\u00e9s de programas sociales y obras p\u00fablicas. \u201cEl pueblo decidi\u00f3 en 2024 que por primera vez llegara [&hellip;]<\/p>\n","protected":false},"author":4,"featured_media":76565,"comment_status":"closed","ping_status":"open","sticky":false,"template":"","format":"standard","meta":{"footnotes":""},"categories":[2,19],"tags":[],"class_list":{"0":"post-76563","1":"post","2":"type-post","3":"status-publish","4":"format-standard","5":"has-post-thumbnail","7":"category-oaxaca","8":"category-nacional"},"yoast_head":"<!-- This site is optimized with the Yoast SEO plugin v27.4 - https:\/\/yoast.com\/product\/yoast-seo-wordpress\/ -->\n<title>Sheinbaum llama a mantener proyecto de la 4T y defender la soberan\u00eda nacional - LA BRAVA RADIO<\/title>\n<meta name=\"robots\" content=\"index, follow, max-snippet:-1, max-image-preview:large, max-video-preview:-1\" \/>\n<link rel=\"canonical\" href=\"https:\/\/www.bbmnoticias.com\/sheinbaum-llama-a-mantener-proyecto-de-la-4t-y-defender-la-soberania-nacional\/\" \/>\n<meta property=\"og:locale\" content=\"es_MX\" \/>\n<meta property=\"og:type\" content=\"article\" \/>\n<meta property=\"og:title\" content=\"Sheinbaum llama a mantener proyecto de la 4T y defender la soberan\u00eda nacional - LA BRAVA RADIO\" \/>\n<meta property=\"og:description\" content=\"Singuilucan, Hgo. La presidenta Claudia Sheinbaum Pardo conmin\u00f3 a la ciudadan\u00eda a mantener el llamado proyecto de la transformaci\u00f3n, que tiene como ejes la defensa de la soberan\u00eda y dirigir los recursos p\u00fablicos en beneficio del pueblo, a trav\u00e9s de programas sociales y obras p\u00fablicas. \u201cEl pueblo decidi\u00f3 en 2024 que por primera vez llegara [&hellip;]\" \/>\n<meta property=\"og:url\" content=\"https:\/\/www.bbmnoticias.com\/sheinbaum-llama-a-mantener-proyecto-de-la-4t-y-defender-la-soberania-nacional\/\" \/>\n<meta property=\"og:site_name\" content=\"LA BRAVA RADIO\" \/>\n<meta property=\"article:published_time\" content=\"2026-04-25T02:08:27+00:00\" \/>\n<meta property=\"article:modified_time\" content=\"2026-04-25T02:09:05+00:00\" \/>\n<meta property=\"og:image\" content=\"https:\/\/www.bbmnoticias.com\/labravaradiofm\/wp-content\/uploads\/sites\/5\/2026\/04\/claudia_sheinbaum-1.webp\" \/>\n\t<meta property=\"og:image:width\" content=\"1200\" \/>\n\t<meta property=\"og:image:height\" content=\"816\" \/>\n\t<meta property=\"og:image:type\" content=\"image\/webp\" \/>\n<meta name=\"author\" content=\"Agencias\" \/>\n<meta name=\"twitter:card\" content=\"summary_large_image\" \/>\n<meta name=\"twitter:label1\" content=\"Escrito por\" \/>\n\t<meta name=\"twitter:data1\" content=\"Agencias\" \/>\n\t<meta name=\"twitter:label2\" content=\"Tiempo de lectura\" \/>\n\t<meta name=\"twitter:data2\" content=\"3 minutos\" \/>\n<script type=\"application\/ld+json\" class=\"yoast-schema-graph\">{\"@context\":\"https:\\\/\\\/schema.org\",\"@graph\":[{\"@type\":\"Article\",\"@id\":\"https:\\\/\\\/www.bbmnoticias.com\\\/sheinbaum-llama-a-mantener-proyecto-de-la-4t-y-defender-la-soberania-nacional\\\/#article\",\"isPartOf\":{\"@id\":\"https:\\\/\\\/www.bbmnoticias.com\\\/labravaradiofm\\\/2026\\\/04\\\/24\\\/sheinbaum-llama-a-mantener-proyecto-de-la-4t-y-defender-la-soberania-nacional\\\/\"},\"author\":{\"name\":\"Agencias\",\"@id\":\"https:\\\/\\\/www.bbmnoticias.com\\\/labravaradiofm\\\/#\\\/schema\\\/person\\\/000bdaf0a8fb5bff0d537c4d0778e33f\"},\"headline\":\"Sheinbaum llama a mantener proyecto de la 4T y defender la soberan\u00eda nacional\",\"datePublished\":\"2026-04-25T02:08:27+00:00\",\"dateModified\":\"2026-04-25T02:09:05+00:00\",\"mainEntityOfPage\":{\"@id\":\"https:\\\/\\\/www.bbmnoticias.com\\\/labravaradiofm\\\/2026\\\/04\\\/24\\\/sheinbaum-llama-a-mantener-proyecto-de-la-4t-y-defender-la-soberania-nacional\\\/\"},\"wordCount\":687,\"image\":{\"@id\":\"https:\\\/\\\/www.bbmnoticias.com\\\/sheinbaum-llama-a-mantener-proyecto-de-la-4t-y-defender-la-soberania-nacional\\\/#primaryimage\"},\"thumbnailUrl\":\"https:\\\/\\\/www.bbmnoticias.com\\\/labravaradiofm\\\/wp-content\\\/uploads\\\/sites\\\/5\\\/2026\\\/04\\\/claudia_sheinbaum-1.webp\",\"articleSection\":[\"LOCAL\",\"NACIONAL\"],\"inLanguage\":\"es\"},{\"@type\":\"WebPage\",\"@id\":\"https:\\\/\\\/www.bbmnoticias.com\\\/labravaradiofm\\\/2026\\\/04\\\/24\\\/sheinbaum-llama-a-mantener-proyecto-de-la-4t-y-defender-la-soberania-nacional\\\/\",\"url\":\"https:\\\/\\\/www.bbmnoticias.com\\\/sheinbaum-llama-a-mantener-proyecto-de-la-4t-y-defender-la-soberania-nacional\\\/\",\"name\":\"Sheinbaum llama a mantener proyecto de la 4T y defender la soberan\u00eda nacional - LA BRAVA RADIO\",\"isPartOf\":{\"@id\":\"https:\\\/\\\/www.bbmnoticias.com\\\/labravaradiofm\\\/#website\"},\"primaryImageOfPage\":{\"@id\":\"https:\\\/\\\/www.bbmnoticias.com\\\/sheinbaum-llama-a-mantener-proyecto-de-la-4t-y-defender-la-soberania-nacional\\\/#primaryimage\"},\"image\":{\"@id\":\"https:\\\/\\\/www.bbmnoticias.com\\\/sheinbaum-llama-a-mantener-proyecto-de-la-4t-y-defender-la-soberania-nacional\\\/#primaryimage\"},\"thumbnailUrl\":\"https:\\\/\\\/www.bbmnoticias.com\\\/labravaradiofm\\\/wp-content\\\/uploads\\\/sites\\\/5\\\/2026\\\/04\\\/claudia_sheinbaum-1.webp\",\"datePublished\":\"2026-04-25T02:08:27+00:00\",\"dateModified\":\"2026-04-25T02:09:05+00:00\",\"author\":{\"@id\":\"https:\\\/\\\/www.bbmnoticias.com\\\/labravaradiofm\\\/#\\\/schema\\\/person\\\/000bdaf0a8fb5bff0d537c4d0778e33f\"},\"breadcrumb\":{\"@id\":\"https:\\\/\\\/www.bbmnoticias.com\\\/sheinbaum-llama-a-mantener-proyecto-de-la-4t-y-defender-la-soberania-nacional\\\/#breadcrumb\"},\"inLanguage\":\"es\",\"potentialAction\":[{\"@type\":\"ReadAction\",\"target\":[\"https:\\\/\\\/www.bbmnoticias.com\\\/sheinbaum-llama-a-mantener-proyecto-de-la-4t-y-defender-la-soberania-nacional\\\/\"]}]},{\"@type\":\"ImageObject\",\"inLanguage\":\"es\",\"@id\":\"https:\\\/\\\/www.bbmnoticias.com\\\/sheinbaum-llama-a-mantener-proyecto-de-la-4t-y-defender-la-soberania-nacional\\\/#primaryimage\",\"url\":\"https:\\\/\\\/www.bbmnoticias.com\\\/labravaradiofm\\\/wp-content\\\/uploads\\\/sites\\\/5\\\/2026\\\/04\\\/claudia_sheinbaum-1.webp\",\"contentUrl\":\"https:\\\/\\\/www.bbmnoticias.com\\\/labravaradiofm\\\/wp-content\\\/uploads\\\/sites\\\/5\\\/2026\\\/04\\\/claudia_sheinbaum-1.webp\",\"width\":1200,\"height\":816},{\"@type\":\"BreadcrumbList\",\"@id\":\"https:\\\/\\\/www.bbmnoticias.com\\\/sheinbaum-llama-a-mantener-proyecto-de-la-4t-y-defender-la-soberania-nacional\\\/#breadcrumb\",\"itemListElement\":[{\"@type\":\"ListItem\",\"position\":1,\"name\":\"Inicio\",\"item\":\"https:\\\/\\\/www.bbmnoticias.com\\\/labravaradiofm\\\/\"},{\"@type\":\"ListItem\",\"position\":2,\"name\":\"Sheinbaum llama a mantener proyecto de la 4T y defender la soberan\u00eda nacional\"}]},{\"@type\":\"WebSite\",\"@id\":\"https:\\\/\\\/www.bbmnoticias.com\\\/labravaradiofm\\\/#website\",\"url\":\"https:\\\/\\\/www.bbmnoticias.com\\\/labravaradiofm\\\/\",\"name\":\"LA BRAVA RADIO\",\"description\":\"Empresa productora de medios, Radiodifusi\u00f3n, Noticias, tendencias y todo lo que necesitas saber de la pol\u00edtica mexicana e internacional; entretenimiento, espect\u00e1culos, salud y mucho m\u00e1s.\",\"potentialAction\":[{\"@type\":\"SearchAction\",\"target\":{\"@type\":\"EntryPoint\",\"urlTemplate\":\"https:\\\/\\\/www.bbmnoticias.com\\\/labravaradiofm\\\/?s={search_term_string}\"},\"query-input\":{\"@type\":\"PropertyValueSpecification\",\"valueRequired\":true,\"valueName\":\"search_term_string\"}}],\"inLanguage\":\"es\"},{\"@type\":\"Person\",\"@id\":\"https:\\\/\\\/www.bbmnoticias.com\\\/labravaradiofm\\\/#\\\/schema\\\/person\\\/000bdaf0a8fb5bff0d537c4d0778e33f\",\"name\":\"Agencias\",\"image\":{\"@type\":\"ImageObject\",\"inLanguage\":\"es\",\"@id\":\"https:\\\/\\\/secure.gravatar.com\\\/avatar\\\/739e0b61adf9e398b425c36718c8752286da0e8cd90f20ce9a86678abc26aa0d?s=96&d=mm&r=g\",\"url\":\"https:\\\/\\\/secure.gravatar.com\\\/avatar\\\/739e0b61adf9e398b425c36718c8752286da0e8cd90f20ce9a86678abc26aa0d?s=96&d=mm&r=g\",\"contentUrl\":\"https:\\\/\\\/secure.gravatar.com\\\/avatar\\\/739e0b61adf9e398b425c36718c8752286da0e8cd90f20ce9a86678abc26aa0d?s=96&d=mm&r=g\",\"caption\":\"Agencias\"},\"url\":\"https:\\\/\\\/www.bbmnoticias.com\\\/labravaradiofm\\\/author\\\/agencias\\\/\"}]}<\/script>\n<!-- \/ Yoast SEO plugin. -->","yoast_head_json":{"title":"Sheinbaum llama a mantener proyecto de la 4T y defender la soberan\u00eda nacional - LA BRAVA RADIO","robots":{"index":"index","follow":"follow","max-snippet":"max-snippet:-1","max-image-preview":"max-image-preview:large","max-video-preview":"max-video-preview:-1"},"canonical":"https:\/\/www.bbmnoticias.com\/sheinbaum-llama-a-mantener-proyecto-de-la-4t-y-defender-la-soberania-nacional\/","og_locale":"es_MX","og_type":"article","og_title":"Sheinbaum llama a mantener proyecto de la 4T y defender la soberan\u00eda nacional - LA BRAVA RADIO","og_description":"Singuilucan, Hgo. La presidenta Claudia Sheinbaum Pardo conmin\u00f3 a la ciudadan\u00eda a mantener el llamado proyecto de la transformaci\u00f3n, que tiene como ejes la defensa de la soberan\u00eda y dirigir los recursos p\u00fablicos en beneficio del pueblo, a trav\u00e9s de programas sociales y obras p\u00fablicas. \u201cEl pueblo decidi\u00f3 en 2024 que por primera vez llegara [&hellip;]","og_url":"https:\/\/www.bbmnoticias.com\/sheinbaum-llama-a-mantener-proyecto-de-la-4t-y-defender-la-soberania-nacional\/","og_site_name":"LA BRAVA RADIO","article_published_time":"2026-04-25T02:08:27+00:00","article_modified_time":"2026-04-25T02:09:05+00:00","og_image":[{"width":1200,"height":816,"url":"https:\/\/www.bbmnoticias.com\/labravaradiofm\/wp-content\/uploads\/sites\/5\/2026\/04\/claudia_sheinbaum-1.webp","type":"image\/webp"}],"author":"Agencias","twitter_card":"summary_large_image","twitter_misc":{"Escrito por":"Agencias","Tiempo de lectura":"3 minutos"},"schema":{"@context":"https:\/\/schema.org","@graph":[{"@type":"Article","@id":"https:\/\/www.bbmnoticias.com\/sheinbaum-llama-a-mantener-proyecto-de-la-4t-y-defender-la-soberania-nacional\/#article","isPartOf":{"@id":"https:\/\/www.bbmnoticias.com\/labravaradiofm\/2026\/04\/24\/sheinbaum-llama-a-mantener-proyecto-de-la-4t-y-defender-la-soberania-nacional\/"},"author":{"name":"Agencias","@id":"https:\/\/www.bbmnoticias.com\/labravaradiofm\/#\/schema\/person\/000bdaf0a8fb5bff0d537c4d0778e33f"},"headline":"Sheinbaum llama a mantener proyecto de la 4T y defender la soberan\u00eda nacional","datePublished":"2026-04-25T02:08:27+00:00","dateModified":"2026-04-25T02:09:05+00:00","mainEntityOfPage":{"@id":"https:\/\/www.bbmnoticias.com\/labravaradiofm\/2026\/04\/24\/sheinbaum-llama-a-mantener-proyecto-de-la-4t-y-defender-la-soberania-nacional\/"},"wordCount":687,"image":{"@id":"https:\/\/www.bbmnoticias.com\/sheinbaum-llama-a-mantener-proyecto-de-la-4t-y-defender-la-soberania-nacional\/#primaryimage"},"thumbnailUrl":"https:\/\/www.bbmnoticias.com\/labravaradiofm\/wp-content\/uploads\/sites\/5\/2026\/04\/claudia_sheinbaum-1.webp","articleSection":["LOCAL","NACIONAL"],"inLanguage":"es"},{"@type":"WebPage","@id":"https:\/\/www.bbmnoticias.com\/labravaradiofm\/2026\/04\/24\/sheinbaum-llama-a-mantener-proyecto-de-la-4t-y-defender-la-soberania-nacional\/","url":"https:\/\/www.bbmnoticias.com\/sheinbaum-llama-a-mantener-proyecto-de-la-4t-y-defender-la-soberania-nacional\/","name":"Sheinbaum llama a mantener proyecto de la 4T y defender la soberan\u00eda nacional - LA BRAVA RADIO","isPartOf":{"@id":"https:\/\/www.bbmnoticias.com\/labravaradiofm\/#website"},"primaryImageOfPage":{"@id":"https:\/\/www.bbmnoticias.com\/sheinbaum-llama-a-mantener-proyecto-de-la-4t-y-defender-la-soberania-nacional\/#primaryimage"},"image":{"@id":"https:\/\/www.bbmnoticias.com\/sheinbaum-llama-a-mantener-proyecto-de-la-4t-y-defender-la-soberania-nacional\/#primaryimage"},"thumbnailUrl":"https:\/\/www.bbmnoticias.com\/labravaradiofm\/wp-content\/uploads\/sites\/5\/2026\/04\/claudia_sheinbaum-1.webp","datePublished":"2026-04-25T02:08:27+00:00","dateModified":"2026-04-25T02:09:05+00:00","author":{"@id":"https:\/\/www.bbmnoticias.com\/labravaradiofm\/#\/schema\/person\/000bdaf0a8fb5bff0d537c4d0778e33f"},"breadcrumb":{"@id":"https:\/\/www.bbmnoticias.com\/sheinbaum-llama-a-mantener-proyecto-de-la-4t-y-defender-la-soberania-nacional\/#breadcrumb"},"inLanguage":"es","potentialAction":[{"@type":"ReadAction","target":["https:\/\/www.bbmnoticias.com\/sheinbaum-llama-a-mantener-proyecto-de-la-4t-y-defender-la-soberania-nacional\/"]}]},{"@type":"ImageObject","inLanguage":"es","@id":"https:\/\/www.bbmnoticias.com\/sheinbaum-llama-a-mantener-proyecto-de-la-4t-y-defender-la-soberania-nacional\/#primaryimage","url":"https:\/\/www.bbmnoticias.com\/labravaradiofm\/wp-content\/uploads\/sites\/5\/2026\/04\/claudia_sheinbaum-1.webp","contentUrl":"https:\/\/www.bbmnoticias.com\/labravaradiofm\/wp-content\/uploads\/sites\/5\/2026\/04\/claudia_sheinbaum-1.webp","width":1200,"height":816},{"@type":"BreadcrumbList","@id":"https:\/\/www.bbmnoticias.com\/sheinbaum-llama-a-mantener-proyecto-de-la-4t-y-defender-la-soberania-nacional\/#breadcrumb","itemListElement":[{"@type":"ListItem","position":1,"name":"Inicio","item":"https:\/\/www.bbmnoticias.com\/labravaradiofm\/"},{"@type":"ListItem","position":2,"name":"Sheinbaum llama a mantener proyecto de la 4T y defender la soberan\u00eda nacional"}]},{"@type":"WebSite","@id":"https:\/\/www.bbmnoticias.com\/labravaradiofm\/#website","url":"https:\/\/www.bbmnoticias.com\/labravaradiofm\/","name":"LA BRAVA RADIO","description":"Empresa productora de medios, Radiodifusi\u00f3n, Noticias, tendencias y todo lo que necesitas saber de la pol\u00edtica mexicana e internacional; entretenimiento, espect\u00e1culos, salud y mucho m\u00e1s.","potentialAction":[{"@type":"SearchAction","target":{"@type":"EntryPoint","urlTemplate":"https:\/\/www.bbmnoticias.com\/labravaradiofm\/?s={search_term_string}"},"query-input":{"@type":"PropertyValueSpecification","valueRequired":true,"valueName":"search_term_string"}}],"inLanguage":"es"},{"@type":"Person","@id":"https:\/\/www.bbmnoticias.com\/labravaradiofm\/#\/schema\/person\/000bdaf0a8fb5bff0d537c4d0778e33f","name":"Agencias","image":{"@type":"ImageObject","inLanguage":"es","@id":"https:\/\/secure.gravatar.com\/avatar\/739e0b61adf9e398b425c36718c8752286da0e8cd90f20ce9a86678abc26aa0d?s=96&d=mm&r=g","url":"https:\/\/secure.gravatar.com\/avatar\/739e0b61adf9e398b425c36718c8752286da0e8cd90f20ce9a86678abc26aa0d?s=96&d=mm&r=g","contentUrl":"https:\/\/secure.gravatar.com\/avatar\/739e0b61adf9e398b425c36718c8752286da0e8cd90f20ce9a86678abc26aa0d?s=96&d=mm&r=g","caption":"Agencias"},"url":"https:\/\/www.bbmnoticias.com\/labravaradiofm\/author\/agencias\/"}]}},"_links":{"self":[{"href":"https:\/\/www.bbmnoticias.com\/labravaradiofm\/wp-json\/wp\/v2\/posts\/76563","targetHints":{"allow":["GET"]}}],"collection":[{"href":"https:\/\/www.bbmnoticias.com\/labravaradiofm\/wp-json\/wp\/v2\/posts"}],"about":[{"href":"https:\/\/www.bbmnoticias.com\/labravaradiofm\/wp-json\/wp\/v2\/types\/post"}],"author":[{"embeddable":true,"href":"https:\/\/www.bbmnoticias.com\/labravaradiofm\/wp-json\/wp\/v2\/users\/4"}],"replies":[{"embeddable":true,"href":"https:\/\/www.bbmnoticias.com\/labravaradiofm\/wp-json\/wp\/v2\/comments?post=76563"}],"version-history":[{"count":1,"href":"https:\/\/www.bbmnoticias.com\/labravaradiofm\/wp-json\/wp\/v2\/posts\/76563\/revisions"}],"predecessor-version":[{"id":76564,"href":"https:\/\/www.bbmnoticias.com\/labravaradiofm\/wp-json\/wp\/v2\/posts\/76563\/revisions\/76564"}],"wp:featuredmedia":[{"embeddable":true,"href":"https:\/\/www.bbmnoticias.com\/labravaradiofm\/wp-json\/wp\/v2\/media\/76565"}],"wp:attachment":[{"href":"https:\/\/www.bbmnoticias.com\/labravaradiofm\/wp-json\/wp\/v2\/media?parent=76563"}],"wp:term":[{"taxonomy":"category","embeddable":true,"href":"https:\/\/www.bbmnoticias.com\/labravaradiofm\/wp-json\/wp\/v2\/categories?post=76563"},{"taxonomy":"post_tag","embeddable":true,"href":"https:\/\/www.bbmnoticias.com\/labravaradiofm\/wp-json\/wp\/v2\/tags?post=76563"}],"curies":[{"name":"wp","href":"https:\/\/api.w.org\/{rel}","templated":true}]}}