{"id":7622,"date":"2021-12-22T14:01:12","date_gmt":"2021-12-22T20:01:12","guid":{"rendered":"https:\/\/www.bbmnoticias.com\/labravaradiofm\/?p=7622"},"modified":"2021-12-22T14:02:22","modified_gmt":"2021-12-22T20:02:22","slug":"la-lucha-olimpica-oaxaquena-regresa-cargada-de-medallas-de-oaxtepec-morelos","status":"publish","type":"post","link":"https:\/\/www.bbmnoticias.com\/labravaradiofm\/2021\/12\/22\/la-lucha-olimpica-oaxaquena-regresa-cargada-de-medallas-de-oaxtepec-morelos\/","title":{"rendered":"La lucha ol\u00edmpica oaxaque\u00f1a regresa cargada de medallas de Oaxtepec Morelos"},"content":{"rendered":"<div style=\"margin-top: 0px; margin-bottom: 0px;\" class=\"sharethis-inline-share-buttons\" ><\/div>\n<p><strong>Oaxaca de Ju\u00e1rez, Oax. 22 de diciembre 2021.- <\/strong>El equipo estatal de luchas asociadas cerr\u00f3 el 2021 cargado de medallas que le permitieron ser el tercer lugar por equipos en el Grand Prix Todos Estrellas, convocado por la Federaci\u00f3n de Medallistas de Luchas Asociadas (Femela), en Oaxtepec, Morelos.<\/p>\n\n\n\n<p>Oaxaca asisti\u00f3 al compromiso juvenil y de adultos, con 28 pancracistas, hombres y mujeres de los diferentes pesos, quienes se colgaron en total 22 medallas, de las cuales 12 fueron de oro, seis de plata y cuatro de bronce, destacando el regreso de dos grandes de la lucha oaxaque\u00f1a: Cristian Bernardo Santiago P\u00e9rez, que gan\u00f3 oro y Obed Areli P\u00e9rez Sol\u00eds, que se colg\u00f3 la plata.<\/p>\n\n\n\n<p>Ambos luchadores lo ganaron todo durante su etapa juvenil y ahora en la de adultos regresan con podio, para recuperar el lugar que hab\u00edan tenido en anta\u00f1o, al igual que el Premio Estatal del Deporte 2021, \u00c1ngel Asunci\u00f3n Bautista L\u00f3pez, que en esta ocasi\u00f3n se qued\u00f3 con el metal de bronce.<\/p>\n\n\n\n<p>Las medallas fueron ganadas tambi\u00e9n por luchadoras y luchadores que entraron al \u201colimpo\u201d de ganadores en los Juegos Nacionales Conade, principalmente en el estilo libre, pero en el grecorromano, Oaxaca se colg\u00f3 la medalla de oro con \u00c1ngel Antonio Hern\u00e1ndez G\u00f3mez, el \u00fanico luchador en este estilo que llev\u00f3 el equipo.<\/p>\n\n\n\n<p>Hern\u00e1ndez G\u00f3mez, que es nieto de Julio \u201cEl Rel\u00e1mpago\u201d G\u00f3mez, fundador de la lucha oaxaque\u00f1a, lleva varios a\u00f1os en este deporte y empieza a destacar como entrenador. En Oaxtepec compiti\u00f3 en la divisi\u00f3n adultos.<\/p>\n\n\n\n<p>De las 22 medallas que se colg\u00f3 el equipo que comanda Arturo de Jes\u00fas y V\u00edctor No\u00e9 Ch\u00e1vez Ram\u00edrez, nueve fueron conseguidas por la mujeres, reafirmando el gran momento por el que pasa el equipo femenil oaxaque\u00f1o, luego de que el total del equipo de damas que compiti\u00f3 en Nuevo Le\u00f3n, se colgara una de las tres medallas disponibles.<\/p>\n\n\n\n<p>Los medallistas de oro oaxaque\u00f1os son: German Pazos V\u00e1squez, \u00c1ngel de Jes\u00fas Ram\u00edrez Navarro, Juan Carlos P\u00e9rez Garc\u00eda, Eduardo Francisco Hern\u00e1ndez V\u00e1squez, Cristian Bernardo Santiago P\u00e9rez, \u00c1ngel Antonio Hern\u00e1ndez G\u00f3mez, Indihui Linares Ch\u00e1zari, Naydeli Gonz\u00e1lez Fructuoso, Cecilia Barranco Solano, Jocelyn Hern\u00e1ndez G\u00f3mez, Karime Anel Mart\u00ednez Ter\u00e1n y Julieta Rivas Guendulai.<\/p>\n\n\n\n<p>Las medallas de plata las consiguieron Brandom Raziel Gij\u00f3n Luna, Diego Jim\u00e9nez Pinacho, Carlos Alberto L\u00f3pez Mendoza, Ariadna Iveth Monterrubio Velasco, Karina Mireya Guti\u00e9rrez Ram\u00edrez y Obed Areli P\u00e9rez Sol\u00eds.<\/p>\n\n\n\n<p>El bronce fue para Jhoan Alexander Cruz Fuentes, Juan Pablo Barranco Solano, Abraham Pazos V\u00e1squez y \u00c1ngel Asunci\u00f3n Bautista L\u00f3pez.<\/p>\n","protected":false},"excerpt":{"rendered":"<p>Oaxaca de Ju\u00e1rez, Oax. 22 de diciembre 2021.- El equipo estatal de luchas asociadas cerr\u00f3 el 2021 cargado de medallas que le permitieron ser el tercer lugar por equipos en el Grand Prix Todos Estrellas, convocado por la Federaci\u00f3n de Medallistas de Luchas Asociadas (Femela), en Oaxtepec, Morelos. Oaxaca asisti\u00f3 al compromiso juvenil y de [&hellip;]<\/p>\n","protected":false},"author":2,"featured_media":7623,"comment_status":"closed","ping_status":"closed","sticky":false,"template":"","format":"standard","meta":{"footnotes":""},"categories":[21,2],"tags":[],"class_list":{"0":"post-7622","1":"post","2":"type-post","3":"status-publish","4":"format-standard","5":"has-post-thumbnail","7":"category-deportes","8":"category-oaxaca"},"yoast_head":"<!-- This site is optimized with the Yoast SEO plugin v27.4 - https:\/\/yoast.com\/product\/yoast-seo-wordpress\/ -->\n<title>La lucha ol\u00edmpica oaxaque\u00f1a regresa cargada de medallas de Oaxtepec Morelos - LA BRAVA RADIO<\/title>\n<meta name=\"robots\" content=\"index, follow, max-snippet:-1, max-image-preview:large, max-video-preview:-1\" \/>\n<link rel=\"canonical\" href=\"https:\/\/www.bbmnoticias.com\/labravaradiofm\/2021\/12\/22\/la-lucha-olimpica-oaxaquena-regresa-cargada-de-medallas-de-oaxtepec-morelos\/\" \/>\n<meta property=\"og:locale\" content=\"es_MX\" \/>\n<meta property=\"og:type\" content=\"article\" \/>\n<meta property=\"og:title\" content=\"La lucha ol\u00edmpica oaxaque\u00f1a regresa cargada de medallas de Oaxtepec Morelos - LA BRAVA RADIO\" \/>\n<meta property=\"og:description\" content=\"Oaxaca de Ju\u00e1rez, Oax. 22 de diciembre 2021.- El equipo estatal de luchas asociadas cerr\u00f3 el 2021 cargado de medallas que le permitieron ser el tercer lugar por equipos en el Grand Prix Todos Estrellas, convocado por la Federaci\u00f3n de Medallistas de Luchas Asociadas (Femela), en Oaxtepec, Morelos. Oaxaca asisti\u00f3 al compromiso juvenil y de [&hellip;]\" \/>\n<meta property=\"og:url\" content=\"https:\/\/www.bbmnoticias.com\/labravaradiofm\/2021\/12\/22\/la-lucha-olimpica-oaxaquena-regresa-cargada-de-medallas-de-oaxtepec-morelos\/\" \/>\n<meta property=\"og:site_name\" content=\"LA BRAVA RADIO\" \/>\n<meta property=\"article:published_time\" content=\"2021-12-22T20:01:12+00:00\" \/>\n<meta property=\"article:modified_time\" content=\"2021-12-22T20:02:22+00:00\" \/>\n<meta property=\"og:image\" content=\"https:\/\/www.bbmnoticias.com\/labravaradiofm\/wp-content\/uploads\/sites\/5\/2021\/12\/lucha-olimpica.jpg\" \/>\n\t<meta property=\"og:image:width\" content=\"1280\" \/>\n\t<meta property=\"og:image:height\" content=\"960\" \/>\n\t<meta property=\"og:image:type\" content=\"image\/jpeg\" \/>\n<meta name=\"author\" content=\"Staff\" \/>\n<meta name=\"twitter:card\" content=\"summary_large_image\" \/>\n<meta name=\"twitter:label1\" content=\"Escrito por\" \/>\n\t<meta name=\"twitter:data1\" content=\"Staff\" \/>\n\t<meta name=\"twitter:label2\" content=\"Tiempo de lectura\" \/>\n\t<meta name=\"twitter:data2\" content=\"2 minutos\" \/>\n<script type=\"application\/ld+json\" class=\"yoast-schema-graph\">{\"@context\":\"https:\\\/\\\/schema.org\",\"@graph\":[{\"@type\":\"Article\",\"@id\":\"https:\\\/\\\/www.bbmnoticias.com\\\/labravaradiofm\\\/2021\\\/12\\\/22\\\/la-lucha-olimpica-oaxaquena-regresa-cargada-de-medallas-de-oaxtepec-morelos\\\/#article\",\"isPartOf\":{\"@id\":\"https:\\\/\\\/www.bbmnoticias.com\\\/labravaradiofm\\\/2021\\\/12\\\/22\\\/la-lucha-olimpica-oaxaquena-regresa-cargada-de-medallas-de-oaxtepec-morelos\\\/\"},\"author\":{\"name\":\"Staff\",\"@id\":\"https:\\\/\\\/www.bbmnoticias.com\\\/labravaradiofm\\\/#\\\/schema\\\/person\\\/34b139c617a70ea5bef5678bffe4dd7b\"},\"headline\":\"La lucha ol\u00edmpica oaxaque\u00f1a regresa cargada de medallas de Oaxtepec Morelos\",\"datePublished\":\"2021-12-22T20:01:12+00:00\",\"dateModified\":\"2021-12-22T20:02:22+00:00\",\"mainEntityOfPage\":{\"@id\":\"https:\\\/\\\/www.bbmnoticias.com\\\/labravaradiofm\\\/2021\\\/12\\\/22\\\/la-lucha-olimpica-oaxaquena-regresa-cargada-de-medallas-de-oaxtepec-morelos\\\/\"},\"wordCount\":469,\"image\":{\"@id\":\"https:\\\/\\\/www.bbmnoticias.com\\\/labravaradiofm\\\/2021\\\/12\\\/22\\\/la-lucha-olimpica-oaxaquena-regresa-cargada-de-medallas-de-oaxtepec-morelos\\\/#primaryimage\"},\"thumbnailUrl\":\"https:\\\/\\\/www.bbmnoticias.com\\\/labravaradiofm\\\/wp-content\\\/uploads\\\/sites\\\/5\\\/2021\\\/12\\\/lucha-olimpica.jpg\",\"articleSection\":[\"DEPORTES\",\"LOCAL\"],\"inLanguage\":\"es\"},{\"@type\":\"WebPage\",\"@id\":\"https:\\\/\\\/www.bbmnoticias.com\\\/labravaradiofm\\\/2021\\\/12\\\/22\\\/la-lucha-olimpica-oaxaquena-regresa-cargada-de-medallas-de-oaxtepec-morelos\\\/\",\"url\":\"https:\\\/\\\/www.bbmnoticias.com\\\/labravaradiofm\\\/2021\\\/12\\\/22\\\/la-lucha-olimpica-oaxaquena-regresa-cargada-de-medallas-de-oaxtepec-morelos\\\/\",\"name\":\"La lucha ol\u00edmpica oaxaque\u00f1a regresa cargada de medallas de Oaxtepec Morelos - LA BRAVA RADIO\",\"isPartOf\":{\"@id\":\"https:\\\/\\\/www.bbmnoticias.com\\\/labravaradiofm\\\/#website\"},\"primaryImageOfPage\":{\"@id\":\"https:\\\/\\\/www.bbmnoticias.com\\\/labravaradiofm\\\/2021\\\/12\\\/22\\\/la-lucha-olimpica-oaxaquena-regresa-cargada-de-medallas-de-oaxtepec-morelos\\\/#primaryimage\"},\"image\":{\"@id\":\"https:\\\/\\\/www.bbmnoticias.com\\\/labravaradiofm\\\/2021\\\/12\\\/22\\\/la-lucha-olimpica-oaxaquena-regresa-cargada-de-medallas-de-oaxtepec-morelos\\\/#primaryimage\"},\"thumbnailUrl\":\"https:\\\/\\\/www.bbmnoticias.com\\\/labravaradiofm\\\/wp-content\\\/uploads\\\/sites\\\/5\\\/2021\\\/12\\\/lucha-olimpica.jpg\",\"datePublished\":\"2021-12-22T20:01:12+00:00\",\"dateModified\":\"2021-12-22T20:02:22+00:00\",\"author\":{\"@id\":\"https:\\\/\\\/www.bbmnoticias.com\\\/labravaradiofm\\\/#\\\/schema\\\/person\\\/34b139c617a70ea5bef5678bffe4dd7b\"},\"breadcrumb\":{\"@id\":\"https:\\\/\\\/www.bbmnoticias.com\\\/labravaradiofm\\\/2021\\\/12\\\/22\\\/la-lucha-olimpica-oaxaquena-regresa-cargada-de-medallas-de-oaxtepec-morelos\\\/#breadcrumb\"},\"inLanguage\":\"es\",\"potentialAction\":[{\"@type\":\"ReadAction\",\"target\":[\"https:\\\/\\\/www.bbmnoticias.com\\\/labravaradiofm\\\/2021\\\/12\\\/22\\\/la-lucha-olimpica-oaxaquena-regresa-cargada-de-medallas-de-oaxtepec-morelos\\\/\"]}]},{\"@type\":\"ImageObject\",\"inLanguage\":\"es\",\"@id\":\"https:\\\/\\\/www.bbmnoticias.com\\\/labravaradiofm\\\/2021\\\/12\\\/22\\\/la-lucha-olimpica-oaxaquena-regresa-cargada-de-medallas-de-oaxtepec-morelos\\\/#primaryimage\",\"url\":\"https:\\\/\\\/www.bbmnoticias.com\\\/labravaradiofm\\\/wp-content\\\/uploads\\\/sites\\\/5\\\/2021\\\/12\\\/lucha-olimpica.jpg\",\"contentUrl\":\"https:\\\/\\\/www.bbmnoticias.com\\\/labravaradiofm\\\/wp-content\\\/uploads\\\/sites\\\/5\\\/2021\\\/12\\\/lucha-olimpica.jpg\",\"width\":1280,\"height\":960},{\"@type\":\"BreadcrumbList\",\"@id\":\"https:\\\/\\\/www.bbmnoticias.com\\\/labravaradiofm\\\/2021\\\/12\\\/22\\\/la-lucha-olimpica-oaxaquena-regresa-cargada-de-medallas-de-oaxtepec-morelos\\\/#breadcrumb\",\"itemListElement\":[{\"@type\":\"ListItem\",\"position\":1,\"name\":\"Inicio\",\"item\":\"https:\\\/\\\/www.bbmnoticias.com\\\/labravaradiofm\\\/\"},{\"@type\":\"ListItem\",\"position\":2,\"name\":\"La lucha ol\u00edmpica oaxaque\u00f1a regresa cargada de medallas de Oaxtepec Morelos\"}]},{\"@type\":\"WebSite\",\"@id\":\"https:\\\/\\\/www.bbmnoticias.com\\\/labravaradiofm\\\/#website\",\"url\":\"https:\\\/\\\/www.bbmnoticias.com\\\/labravaradiofm\\\/\",\"name\":\"LA BRAVA RADIO\",\"description\":\"Empresa productora de medios, Radiodifusi\u00f3n, Noticias, tendencias y todo lo que necesitas saber de la pol\u00edtica mexicana e internacional; entretenimiento, espect\u00e1culos, salud y mucho m\u00e1s.\",\"potentialAction\":[{\"@type\":\"SearchAction\",\"target\":{\"@type\":\"EntryPoint\",\"urlTemplate\":\"https:\\\/\\\/www.bbmnoticias.com\\\/labravaradiofm\\\/?s={search_term_string}\"},\"query-input\":{\"@type\":\"PropertyValueSpecification\",\"valueRequired\":true,\"valueName\":\"search_term_string\"}}],\"inLanguage\":\"es\"},{\"@type\":\"Person\",\"@id\":\"https:\\\/\\\/www.bbmnoticias.com\\\/labravaradiofm\\\/#\\\/schema\\\/person\\\/34b139c617a70ea5bef5678bffe4dd7b\",\"name\":\"Staff\",\"image\":{\"@type\":\"ImageObject\",\"inLanguage\":\"es\",\"@id\":\"https:\\\/\\\/secure.gravatar.com\\\/avatar\\\/fdd21ad66fd8b98c407f9dee5b5e588cfe7f0d8579ec20fa6527cd59bab7f0f0?s=96&d=mm&r=g\",\"url\":\"https:\\\/\\\/secure.gravatar.com\\\/avatar\\\/fdd21ad66fd8b98c407f9dee5b5e588cfe7f0d8579ec20fa6527cd59bab7f0f0?s=96&d=mm&r=g\",\"contentUrl\":\"https:\\\/\\\/secure.gravatar.com\\\/avatar\\\/fdd21ad66fd8b98c407f9dee5b5e588cfe7f0d8579ec20fa6527cd59bab7f0f0?s=96&d=mm&r=g\",\"caption\":\"Staff\"},\"url\":\"https:\\\/\\\/www.bbmnoticias.com\\\/labravaradiofm\\\/author\\\/redaccion\\\/\"}]}<\/script>\n<!-- \/ Yoast SEO plugin. -->","yoast_head_json":{"title":"La lucha ol\u00edmpica oaxaque\u00f1a regresa cargada de medallas de Oaxtepec Morelos - LA BRAVA RADIO","robots":{"index":"index","follow":"follow","max-snippet":"max-snippet:-1","max-image-preview":"max-image-preview:large","max-video-preview":"max-video-preview:-1"},"canonical":"https:\/\/www.bbmnoticias.com\/labravaradiofm\/2021\/12\/22\/la-lucha-olimpica-oaxaquena-regresa-cargada-de-medallas-de-oaxtepec-morelos\/","og_locale":"es_MX","og_type":"article","og_title":"La lucha ol\u00edmpica oaxaque\u00f1a regresa cargada de medallas de Oaxtepec Morelos - LA BRAVA RADIO","og_description":"Oaxaca de Ju\u00e1rez, Oax. 22 de diciembre 2021.- El equipo estatal de luchas asociadas cerr\u00f3 el 2021 cargado de medallas que le permitieron ser el tercer lugar por equipos en el Grand Prix Todos Estrellas, convocado por la Federaci\u00f3n de Medallistas de Luchas Asociadas (Femela), en Oaxtepec, Morelos. Oaxaca asisti\u00f3 al compromiso juvenil y de [&hellip;]","og_url":"https:\/\/www.bbmnoticias.com\/labravaradiofm\/2021\/12\/22\/la-lucha-olimpica-oaxaquena-regresa-cargada-de-medallas-de-oaxtepec-morelos\/","og_site_name":"LA BRAVA RADIO","article_published_time":"2021-12-22T20:01:12+00:00","article_modified_time":"2021-12-22T20:02:22+00:00","og_image":[{"width":1280,"height":960,"url":"https:\/\/www.bbmnoticias.com\/labravaradiofm\/wp-content\/uploads\/sites\/5\/2021\/12\/lucha-olimpica.jpg","type":"image\/jpeg"}],"author":"Staff","twitter_card":"summary_large_image","twitter_misc":{"Escrito por":"Staff","Tiempo de lectura":"2 minutos"},"schema":{"@context":"https:\/\/schema.org","@graph":[{"@type":"Article","@id":"https:\/\/www.bbmnoticias.com\/labravaradiofm\/2021\/12\/22\/la-lucha-olimpica-oaxaquena-regresa-cargada-de-medallas-de-oaxtepec-morelos\/#article","isPartOf":{"@id":"https:\/\/www.bbmnoticias.com\/labravaradiofm\/2021\/12\/22\/la-lucha-olimpica-oaxaquena-regresa-cargada-de-medallas-de-oaxtepec-morelos\/"},"author":{"name":"Staff","@id":"https:\/\/www.bbmnoticias.com\/labravaradiofm\/#\/schema\/person\/34b139c617a70ea5bef5678bffe4dd7b"},"headline":"La lucha ol\u00edmpica oaxaque\u00f1a regresa cargada de medallas de Oaxtepec Morelos","datePublished":"2021-12-22T20:01:12+00:00","dateModified":"2021-12-22T20:02:22+00:00","mainEntityOfPage":{"@id":"https:\/\/www.bbmnoticias.com\/labravaradiofm\/2021\/12\/22\/la-lucha-olimpica-oaxaquena-regresa-cargada-de-medallas-de-oaxtepec-morelos\/"},"wordCount":469,"image":{"@id":"https:\/\/www.bbmnoticias.com\/labravaradiofm\/2021\/12\/22\/la-lucha-olimpica-oaxaquena-regresa-cargada-de-medallas-de-oaxtepec-morelos\/#primaryimage"},"thumbnailUrl":"https:\/\/www.bbmnoticias.com\/labravaradiofm\/wp-content\/uploads\/sites\/5\/2021\/12\/lucha-olimpica.jpg","articleSection":["DEPORTES","LOCAL"],"inLanguage":"es"},{"@type":"WebPage","@id":"https:\/\/www.bbmnoticias.com\/labravaradiofm\/2021\/12\/22\/la-lucha-olimpica-oaxaquena-regresa-cargada-de-medallas-de-oaxtepec-morelos\/","url":"https:\/\/www.bbmnoticias.com\/labravaradiofm\/2021\/12\/22\/la-lucha-olimpica-oaxaquena-regresa-cargada-de-medallas-de-oaxtepec-morelos\/","name":"La lucha ol\u00edmpica oaxaque\u00f1a regresa cargada de medallas de Oaxtepec Morelos - LA BRAVA RADIO","isPartOf":{"@id":"https:\/\/www.bbmnoticias.com\/labravaradiofm\/#website"},"primaryImageOfPage":{"@id":"https:\/\/www.bbmnoticias.com\/labravaradiofm\/2021\/12\/22\/la-lucha-olimpica-oaxaquena-regresa-cargada-de-medallas-de-oaxtepec-morelos\/#primaryimage"},"image":{"@id":"https:\/\/www.bbmnoticias.com\/labravaradiofm\/2021\/12\/22\/la-lucha-olimpica-oaxaquena-regresa-cargada-de-medallas-de-oaxtepec-morelos\/#primaryimage"},"thumbnailUrl":"https:\/\/www.bbmnoticias.com\/labravaradiofm\/wp-content\/uploads\/sites\/5\/2021\/12\/lucha-olimpica.jpg","datePublished":"2021-12-22T20:01:12+00:00","dateModified":"2021-12-22T20:02:22+00:00","author":{"@id":"https:\/\/www.bbmnoticias.com\/labravaradiofm\/#\/schema\/person\/34b139c617a70ea5bef5678bffe4dd7b"},"breadcrumb":{"@id":"https:\/\/www.bbmnoticias.com\/labravaradiofm\/2021\/12\/22\/la-lucha-olimpica-oaxaquena-regresa-cargada-de-medallas-de-oaxtepec-morelos\/#breadcrumb"},"inLanguage":"es","potentialAction":[{"@type":"ReadAction","target":["https:\/\/www.bbmnoticias.com\/labravaradiofm\/2021\/12\/22\/la-lucha-olimpica-oaxaquena-regresa-cargada-de-medallas-de-oaxtepec-morelos\/"]}]},{"@type":"ImageObject","inLanguage":"es","@id":"https:\/\/www.bbmnoticias.com\/labravaradiofm\/2021\/12\/22\/la-lucha-olimpica-oaxaquena-regresa-cargada-de-medallas-de-oaxtepec-morelos\/#primaryimage","url":"https:\/\/www.bbmnoticias.com\/labravaradiofm\/wp-content\/uploads\/sites\/5\/2021\/12\/lucha-olimpica.jpg","contentUrl":"https:\/\/www.bbmnoticias.com\/labravaradiofm\/wp-content\/uploads\/sites\/5\/2021\/12\/lucha-olimpica.jpg","width":1280,"height":960},{"@type":"BreadcrumbList","@id":"https:\/\/www.bbmnoticias.com\/labravaradiofm\/2021\/12\/22\/la-lucha-olimpica-oaxaquena-regresa-cargada-de-medallas-de-oaxtepec-morelos\/#breadcrumb","itemListElement":[{"@type":"ListItem","position":1,"name":"Inicio","item":"https:\/\/www.bbmnoticias.com\/labravaradiofm\/"},{"@type":"ListItem","position":2,"name":"La lucha ol\u00edmpica oaxaque\u00f1a regresa cargada de medallas de Oaxtepec Morelos"}]},{"@type":"WebSite","@id":"https:\/\/www.bbmnoticias.com\/labravaradiofm\/#website","url":"https:\/\/www.bbmnoticias.com\/labravaradiofm\/","name":"LA BRAVA RADIO","description":"Empresa productora de medios, Radiodifusi\u00f3n, Noticias, tendencias y todo lo que necesitas saber de la pol\u00edtica mexicana e internacional; entretenimiento, espect\u00e1culos, salud y mucho m\u00e1s.","potentialAction":[{"@type":"SearchAction","target":{"@type":"EntryPoint","urlTemplate":"https:\/\/www.bbmnoticias.com\/labravaradiofm\/?s={search_term_string}"},"query-input":{"@type":"PropertyValueSpecification","valueRequired":true,"valueName":"search_term_string"}}],"inLanguage":"es"},{"@type":"Person","@id":"https:\/\/www.bbmnoticias.com\/labravaradiofm\/#\/schema\/person\/34b139c617a70ea5bef5678bffe4dd7b","name":"Staff","image":{"@type":"ImageObject","inLanguage":"es","@id":"https:\/\/secure.gravatar.com\/avatar\/fdd21ad66fd8b98c407f9dee5b5e588cfe7f0d8579ec20fa6527cd59bab7f0f0?s=96&d=mm&r=g","url":"https:\/\/secure.gravatar.com\/avatar\/fdd21ad66fd8b98c407f9dee5b5e588cfe7f0d8579ec20fa6527cd59bab7f0f0?s=96&d=mm&r=g","contentUrl":"https:\/\/secure.gravatar.com\/avatar\/fdd21ad66fd8b98c407f9dee5b5e588cfe7f0d8579ec20fa6527cd59bab7f0f0?s=96&d=mm&r=g","caption":"Staff"},"url":"https:\/\/www.bbmnoticias.com\/labravaradiofm\/author\/redaccion\/"}]}},"_links":{"self":[{"href":"https:\/\/www.bbmnoticias.com\/labravaradiofm\/wp-json\/wp\/v2\/posts\/7622","targetHints":{"allow":["GET"]}}],"collection":[{"href":"https:\/\/www.bbmnoticias.com\/labravaradiofm\/wp-json\/wp\/v2\/posts"}],"about":[{"href":"https:\/\/www.bbmnoticias.com\/labravaradiofm\/wp-json\/wp\/v2\/types\/post"}],"author":[{"embeddable":true,"href":"https:\/\/www.bbmnoticias.com\/labravaradiofm\/wp-json\/wp\/v2\/users\/2"}],"replies":[{"embeddable":true,"href":"https:\/\/www.bbmnoticias.com\/labravaradiofm\/wp-json\/wp\/v2\/comments?post=7622"}],"version-history":[{"count":0,"href":"https:\/\/www.bbmnoticias.com\/labravaradiofm\/wp-json\/wp\/v2\/posts\/7622\/revisions"}],"wp:featuredmedia":[{"embeddable":true,"href":"https:\/\/www.bbmnoticias.com\/labravaradiofm\/wp-json\/wp\/v2\/media\/7623"}],"wp:attachment":[{"href":"https:\/\/www.bbmnoticias.com\/labravaradiofm\/wp-json\/wp\/v2\/media?parent=7622"}],"wp:term":[{"taxonomy":"category","embeddable":true,"href":"https:\/\/www.bbmnoticias.com\/labravaradiofm\/wp-json\/wp\/v2\/categories?post=7622"},{"taxonomy":"post_tag","embeddable":true,"href":"https:\/\/www.bbmnoticias.com\/labravaradiofm\/wp-json\/wp\/v2\/tags?post=7622"}],"curies":[{"name":"wp","href":"https:\/\/api.w.org\/{rel}","templated":true}]}}