{"id":7604,"date":"2021-12-22T12:05:37","date_gmt":"2021-12-22T18:05:37","guid":{"rendered":"https:\/\/www.bbmnoticias.com\/labravaradiofm\/?p=7604"},"modified":"2021-12-22T12:05:39","modified_gmt":"2021-12-22T18:05:39","slug":"registra-una-larga-fila-vacunacion-anticovid-en-zona-militar-de-ixcotel","status":"publish","type":"post","link":"https:\/\/www.bbmnoticias.com\/labravaradiofm\/2021\/12\/22\/registra-una-larga-fila-vacunacion-anticovid-en-zona-militar-de-ixcotel\/","title":{"rendered":"Registra una larga fila vacunaci\u00f3n anticovid en zona militar de Ixcotel"},"content":{"rendered":"<div style=\"margin-top: 0px; margin-bottom: 0px;\" class=\"sharethis-inline-share-buttons\" ><\/div>\n<p>OAXACA, Oax. 22 de diciembre de 2021.- En el m\u00f3dulo de vacunaci\u00f3n anticovid de la zona militar de Ixcotel lleg\u00f3 un gran n\u00famero de personas originando una larga fila.<\/p>\n\n\n\n<p>Una de las razones es porque juntaron a los menores de edad, segunda dosis a rezagados y el refuerzo de los mayores de 60 a\u00f1os en una sola jornada.<\/p>\n\n\n\n<p>Desde la tarde de este martes, centenares de personas estuvieron haciendo fila anticipada por lo que esta ma\u00f1ana de mi\u00e9rcoles la fila lleg\u00f3 hasta la unidad habitacional Ricardo Flores Mag\u00f3n del Infonavit.<\/p>\n\n\n\n<p>Las personas, entre ellas muchos adultos mayores, deben esperar por horas para que les apliquen la dosis correspondiente.<\/p>\n\n\n\n<p>Este es el \u00faltimo d\u00eda que aplicar\u00e1n la segunda dosis a personas rezagadas con el biol\u00f3gico de la farmac\u00e9utica Pfizer.<\/p>\n\n\n\n<p>Asimismo, con la vacuna Pfizer vacunar\u00e1n a menores de entre 15 y 17 a\u00f1os sin ning\u00fan padecimiento, y a los de 12 a 17 a\u00f1os con alguna comorbilidad.<\/p>\n\n\n\n<p>De igual manera, a personas rezagadas con una \u00fanica dosis de Cansino; segunda dosis de AstraZeneca y Sinovac a mayores e 18 a\u00f1os.<\/p>\n","protected":false},"excerpt":{"rendered":"<p>OAXACA, Oax. 22 de diciembre de 2021.- En el m\u00f3dulo de vacunaci\u00f3n anticovid de la zona militar de Ixcotel lleg\u00f3 un gran n\u00famero de personas originando una larga fila. Una de las razones es porque juntaron a los menores de edad, segunda dosis a rezagados y el refuerzo de los mayores de 60 a\u00f1os en [&hellip;]<\/p>\n","protected":false},"author":5,"featured_media":7605,"comment_status":"closed","ping_status":"closed","sticky":false,"template":"","format":"standard","meta":{"footnotes":""},"categories":[2],"tags":[],"class_list":{"0":"post-7604","1":"post","2":"type-post","3":"status-publish","4":"format-standard","5":"has-post-thumbnail","7":"category-oaxaca"},"yoast_head":"<!-- This site is optimized with the Yoast SEO plugin v27.4 - https:\/\/yoast.com\/product\/yoast-seo-wordpress\/ -->\n<title>Registra una larga fila vacunaci\u00f3n anticovid en zona militar de Ixcotel - LA BRAVA RADIO<\/title>\n<meta name=\"robots\" content=\"index, follow, max-snippet:-1, max-image-preview:large, max-video-preview:-1\" \/>\n<link rel=\"canonical\" href=\"https:\/\/www.bbmnoticias.com\/labravaradiofm\/2021\/12\/22\/registra-una-larga-fila-vacunacion-anticovid-en-zona-militar-de-ixcotel\/\" \/>\n<meta property=\"og:locale\" content=\"es_MX\" \/>\n<meta property=\"og:type\" content=\"article\" \/>\n<meta property=\"og:title\" content=\"Registra una larga fila vacunaci\u00f3n anticovid en zona militar de Ixcotel - LA BRAVA RADIO\" \/>\n<meta property=\"og:description\" content=\"OAXACA, Oax. 22 de diciembre de 2021.- En el m\u00f3dulo de vacunaci\u00f3n anticovid de la zona militar de Ixcotel lleg\u00f3 un gran n\u00famero de personas originando una larga fila. Una de las razones es porque juntaron a los menores de edad, segunda dosis a rezagados y el refuerzo de los mayores de 60 a\u00f1os en [&hellip;]\" \/>\n<meta property=\"og:url\" content=\"https:\/\/www.bbmnoticias.com\/labravaradiofm\/2021\/12\/22\/registra-una-larga-fila-vacunacion-anticovid-en-zona-militar-de-ixcotel\/\" \/>\n<meta property=\"og:site_name\" content=\"LA BRAVA RADIO\" \/>\n<meta property=\"article:published_time\" content=\"2021-12-22T18:05:37+00:00\" \/>\n<meta property=\"article:modified_time\" content=\"2021-12-22T18:05:39+00:00\" \/>\n<meta property=\"og:image\" content=\"https:\/\/www.bbmnoticias.com\/labravaradiofm\/wp-content\/uploads\/sites\/5\/2021\/12\/vacunacion-oaxaca.jpg\" \/>\n\t<meta property=\"og:image:width\" content=\"900\" \/>\n\t<meta property=\"og:image:height\" content=\"475\" \/>\n\t<meta property=\"og:image:type\" content=\"image\/jpeg\" \/>\n<meta name=\"author\" content=\"Quadratin\" \/>\n<meta name=\"twitter:card\" content=\"summary_large_image\" \/>\n<meta name=\"twitter:label1\" content=\"Escrito por\" \/>\n\t<meta name=\"twitter:data1\" content=\"Quadratin\" \/>\n\t<meta name=\"twitter:label2\" content=\"Tiempo de lectura\" \/>\n\t<meta name=\"twitter:data2\" content=\"1 minuto\" \/>\n<script type=\"application\/ld+json\" class=\"yoast-schema-graph\">{\"@context\":\"https:\\\/\\\/schema.org\",\"@graph\":[{\"@type\":\"Article\",\"@id\":\"https:\\\/\\\/www.bbmnoticias.com\\\/labravaradiofm\\\/2021\\\/12\\\/22\\\/registra-una-larga-fila-vacunacion-anticovid-en-zona-militar-de-ixcotel\\\/#article\",\"isPartOf\":{\"@id\":\"https:\\\/\\\/www.bbmnoticias.com\\\/labravaradiofm\\\/2021\\\/12\\\/22\\\/registra-una-larga-fila-vacunacion-anticovid-en-zona-militar-de-ixcotel\\\/\"},\"author\":{\"name\":\"Quadratin\",\"@id\":\"https:\\\/\\\/www.bbmnoticias.com\\\/labravaradiofm\\\/#\\\/schema\\\/person\\\/c316b6f6c03640cce5d9482ba5a8e5c2\"},\"headline\":\"Registra una larga fila vacunaci\u00f3n anticovid en zona militar de Ixcotel\",\"datePublished\":\"2021-12-22T18:05:37+00:00\",\"dateModified\":\"2021-12-22T18:05:39+00:00\",\"mainEntityOfPage\":{\"@id\":\"https:\\\/\\\/www.bbmnoticias.com\\\/labravaradiofm\\\/2021\\\/12\\\/22\\\/registra-una-larga-fila-vacunacion-anticovid-en-zona-militar-de-ixcotel\\\/\"},\"wordCount\":200,\"image\":{\"@id\":\"https:\\\/\\\/www.bbmnoticias.com\\\/labravaradiofm\\\/2021\\\/12\\\/22\\\/registra-una-larga-fila-vacunacion-anticovid-en-zona-militar-de-ixcotel\\\/#primaryimage\"},\"thumbnailUrl\":\"https:\\\/\\\/www.bbmnoticias.com\\\/labravaradiofm\\\/wp-content\\\/uploads\\\/sites\\\/5\\\/2021\\\/12\\\/vacunacion-oaxaca.jpg\",\"articleSection\":[\"LOCAL\"],\"inLanguage\":\"es\"},{\"@type\":\"WebPage\",\"@id\":\"https:\\\/\\\/www.bbmnoticias.com\\\/labravaradiofm\\\/2021\\\/12\\\/22\\\/registra-una-larga-fila-vacunacion-anticovid-en-zona-militar-de-ixcotel\\\/\",\"url\":\"https:\\\/\\\/www.bbmnoticias.com\\\/labravaradiofm\\\/2021\\\/12\\\/22\\\/registra-una-larga-fila-vacunacion-anticovid-en-zona-militar-de-ixcotel\\\/\",\"name\":\"Registra una larga fila vacunaci\u00f3n anticovid en zona militar de Ixcotel - LA BRAVA RADIO\",\"isPartOf\":{\"@id\":\"https:\\\/\\\/www.bbmnoticias.com\\\/labravaradiofm\\\/#website\"},\"primaryImageOfPage\":{\"@id\":\"https:\\\/\\\/www.bbmnoticias.com\\\/labravaradiofm\\\/2021\\\/12\\\/22\\\/registra-una-larga-fila-vacunacion-anticovid-en-zona-militar-de-ixcotel\\\/#primaryimage\"},\"image\":{\"@id\":\"https:\\\/\\\/www.bbmnoticias.com\\\/labravaradiofm\\\/2021\\\/12\\\/22\\\/registra-una-larga-fila-vacunacion-anticovid-en-zona-militar-de-ixcotel\\\/#primaryimage\"},\"thumbnailUrl\":\"https:\\\/\\\/www.bbmnoticias.com\\\/labravaradiofm\\\/wp-content\\\/uploads\\\/sites\\\/5\\\/2021\\\/12\\\/vacunacion-oaxaca.jpg\",\"datePublished\":\"2021-12-22T18:05:37+00:00\",\"dateModified\":\"2021-12-22T18:05:39+00:00\",\"author\":{\"@id\":\"https:\\\/\\\/www.bbmnoticias.com\\\/labravaradiofm\\\/#\\\/schema\\\/person\\\/c316b6f6c03640cce5d9482ba5a8e5c2\"},\"breadcrumb\":{\"@id\":\"https:\\\/\\\/www.bbmnoticias.com\\\/labravaradiofm\\\/2021\\\/12\\\/22\\\/registra-una-larga-fila-vacunacion-anticovid-en-zona-militar-de-ixcotel\\\/#breadcrumb\"},\"inLanguage\":\"es\",\"potentialAction\":[{\"@type\":\"ReadAction\",\"target\":[\"https:\\\/\\\/www.bbmnoticias.com\\\/labravaradiofm\\\/2021\\\/12\\\/22\\\/registra-una-larga-fila-vacunacion-anticovid-en-zona-militar-de-ixcotel\\\/\"]}]},{\"@type\":\"ImageObject\",\"inLanguage\":\"es\",\"@id\":\"https:\\\/\\\/www.bbmnoticias.com\\\/labravaradiofm\\\/2021\\\/12\\\/22\\\/registra-una-larga-fila-vacunacion-anticovid-en-zona-militar-de-ixcotel\\\/#primaryimage\",\"url\":\"https:\\\/\\\/www.bbmnoticias.com\\\/labravaradiofm\\\/wp-content\\\/uploads\\\/sites\\\/5\\\/2021\\\/12\\\/vacunacion-oaxaca.jpg\",\"contentUrl\":\"https:\\\/\\\/www.bbmnoticias.com\\\/labravaradiofm\\\/wp-content\\\/uploads\\\/sites\\\/5\\\/2021\\\/12\\\/vacunacion-oaxaca.jpg\",\"width\":900,\"height\":475},{\"@type\":\"BreadcrumbList\",\"@id\":\"https:\\\/\\\/www.bbmnoticias.com\\\/labravaradiofm\\\/2021\\\/12\\\/22\\\/registra-una-larga-fila-vacunacion-anticovid-en-zona-militar-de-ixcotel\\\/#breadcrumb\",\"itemListElement\":[{\"@type\":\"ListItem\",\"position\":1,\"name\":\"Inicio\",\"item\":\"https:\\\/\\\/www.bbmnoticias.com\\\/labravaradiofm\\\/\"},{\"@type\":\"ListItem\",\"position\":2,\"name\":\"Registra una larga fila vacunaci\u00f3n anticovid en zona militar de Ixcotel\"}]},{\"@type\":\"WebSite\",\"@id\":\"https:\\\/\\\/www.bbmnoticias.com\\\/labravaradiofm\\\/#website\",\"url\":\"https:\\\/\\\/www.bbmnoticias.com\\\/labravaradiofm\\\/\",\"name\":\"LA BRAVA RADIO\",\"description\":\"Empresa productora de medios, Radiodifusi\u00f3n, Noticias, tendencias y todo lo que necesitas saber de la pol\u00edtica mexicana e internacional; entretenimiento, espect\u00e1culos, salud y mucho m\u00e1s.\",\"potentialAction\":[{\"@type\":\"SearchAction\",\"target\":{\"@type\":\"EntryPoint\",\"urlTemplate\":\"https:\\\/\\\/www.bbmnoticias.com\\\/labravaradiofm\\\/?s={search_term_string}\"},\"query-input\":{\"@type\":\"PropertyValueSpecification\",\"valueRequired\":true,\"valueName\":\"search_term_string\"}}],\"inLanguage\":\"es\"},{\"@type\":\"Person\",\"@id\":\"https:\\\/\\\/www.bbmnoticias.com\\\/labravaradiofm\\\/#\\\/schema\\\/person\\\/c316b6f6c03640cce5d9482ba5a8e5c2\",\"name\":\"Quadratin\",\"image\":{\"@type\":\"ImageObject\",\"inLanguage\":\"es\",\"@id\":\"https:\\\/\\\/secure.gravatar.com\\\/avatar\\\/34008d7d72488432d6a74f81e839efc9f754b118786ca32cf39d9d5508a68f63?s=96&d=mm&r=g\",\"url\":\"https:\\\/\\\/secure.gravatar.com\\\/avatar\\\/34008d7d72488432d6a74f81e839efc9f754b118786ca32cf39d9d5508a68f63?s=96&d=mm&r=g\",\"contentUrl\":\"https:\\\/\\\/secure.gravatar.com\\\/avatar\\\/34008d7d72488432d6a74f81e839efc9f754b118786ca32cf39d9d5508a68f63?s=96&d=mm&r=g\",\"caption\":\"Quadratin\"},\"url\":\"https:\\\/\\\/www.bbmnoticias.com\\\/labravaradiofm\\\/author\\\/quadratin\\\/\"}]}<\/script>\n<!-- \/ Yoast SEO plugin. -->","yoast_head_json":{"title":"Registra una larga fila vacunaci\u00f3n anticovid en zona militar de Ixcotel - LA BRAVA RADIO","robots":{"index":"index","follow":"follow","max-snippet":"max-snippet:-1","max-image-preview":"max-image-preview:large","max-video-preview":"max-video-preview:-1"},"canonical":"https:\/\/www.bbmnoticias.com\/labravaradiofm\/2021\/12\/22\/registra-una-larga-fila-vacunacion-anticovid-en-zona-militar-de-ixcotel\/","og_locale":"es_MX","og_type":"article","og_title":"Registra una larga fila vacunaci\u00f3n anticovid en zona militar de Ixcotel - LA BRAVA RADIO","og_description":"OAXACA, Oax. 22 de diciembre de 2021.- En el m\u00f3dulo de vacunaci\u00f3n anticovid de la zona militar de Ixcotel lleg\u00f3 un gran n\u00famero de personas originando una larga fila. Una de las razones es porque juntaron a los menores de edad, segunda dosis a rezagados y el refuerzo de los mayores de 60 a\u00f1os en [&hellip;]","og_url":"https:\/\/www.bbmnoticias.com\/labravaradiofm\/2021\/12\/22\/registra-una-larga-fila-vacunacion-anticovid-en-zona-militar-de-ixcotel\/","og_site_name":"LA BRAVA RADIO","article_published_time":"2021-12-22T18:05:37+00:00","article_modified_time":"2021-12-22T18:05:39+00:00","og_image":[{"width":900,"height":475,"url":"https:\/\/www.bbmnoticias.com\/labravaradiofm\/wp-content\/uploads\/sites\/5\/2021\/12\/vacunacion-oaxaca.jpg","type":"image\/jpeg"}],"author":"Quadratin","twitter_card":"summary_large_image","twitter_misc":{"Escrito por":"Quadratin","Tiempo de lectura":"1 minuto"},"schema":{"@context":"https:\/\/schema.org","@graph":[{"@type":"Article","@id":"https:\/\/www.bbmnoticias.com\/labravaradiofm\/2021\/12\/22\/registra-una-larga-fila-vacunacion-anticovid-en-zona-militar-de-ixcotel\/#article","isPartOf":{"@id":"https:\/\/www.bbmnoticias.com\/labravaradiofm\/2021\/12\/22\/registra-una-larga-fila-vacunacion-anticovid-en-zona-militar-de-ixcotel\/"},"author":{"name":"Quadratin","@id":"https:\/\/www.bbmnoticias.com\/labravaradiofm\/#\/schema\/person\/c316b6f6c03640cce5d9482ba5a8e5c2"},"headline":"Registra una larga fila vacunaci\u00f3n anticovid en zona militar de Ixcotel","datePublished":"2021-12-22T18:05:37+00:00","dateModified":"2021-12-22T18:05:39+00:00","mainEntityOfPage":{"@id":"https:\/\/www.bbmnoticias.com\/labravaradiofm\/2021\/12\/22\/registra-una-larga-fila-vacunacion-anticovid-en-zona-militar-de-ixcotel\/"},"wordCount":200,"image":{"@id":"https:\/\/www.bbmnoticias.com\/labravaradiofm\/2021\/12\/22\/registra-una-larga-fila-vacunacion-anticovid-en-zona-militar-de-ixcotel\/#primaryimage"},"thumbnailUrl":"https:\/\/www.bbmnoticias.com\/labravaradiofm\/wp-content\/uploads\/sites\/5\/2021\/12\/vacunacion-oaxaca.jpg","articleSection":["LOCAL"],"inLanguage":"es"},{"@type":"WebPage","@id":"https:\/\/www.bbmnoticias.com\/labravaradiofm\/2021\/12\/22\/registra-una-larga-fila-vacunacion-anticovid-en-zona-militar-de-ixcotel\/","url":"https:\/\/www.bbmnoticias.com\/labravaradiofm\/2021\/12\/22\/registra-una-larga-fila-vacunacion-anticovid-en-zona-militar-de-ixcotel\/","name":"Registra una larga fila vacunaci\u00f3n anticovid en zona militar de Ixcotel - LA BRAVA RADIO","isPartOf":{"@id":"https:\/\/www.bbmnoticias.com\/labravaradiofm\/#website"},"primaryImageOfPage":{"@id":"https:\/\/www.bbmnoticias.com\/labravaradiofm\/2021\/12\/22\/registra-una-larga-fila-vacunacion-anticovid-en-zona-militar-de-ixcotel\/#primaryimage"},"image":{"@id":"https:\/\/www.bbmnoticias.com\/labravaradiofm\/2021\/12\/22\/registra-una-larga-fila-vacunacion-anticovid-en-zona-militar-de-ixcotel\/#primaryimage"},"thumbnailUrl":"https:\/\/www.bbmnoticias.com\/labravaradiofm\/wp-content\/uploads\/sites\/5\/2021\/12\/vacunacion-oaxaca.jpg","datePublished":"2021-12-22T18:05:37+00:00","dateModified":"2021-12-22T18:05:39+00:00","author":{"@id":"https:\/\/www.bbmnoticias.com\/labravaradiofm\/#\/schema\/person\/c316b6f6c03640cce5d9482ba5a8e5c2"},"breadcrumb":{"@id":"https:\/\/www.bbmnoticias.com\/labravaradiofm\/2021\/12\/22\/registra-una-larga-fila-vacunacion-anticovid-en-zona-militar-de-ixcotel\/#breadcrumb"},"inLanguage":"es","potentialAction":[{"@type":"ReadAction","target":["https:\/\/www.bbmnoticias.com\/labravaradiofm\/2021\/12\/22\/registra-una-larga-fila-vacunacion-anticovid-en-zona-militar-de-ixcotel\/"]}]},{"@type":"ImageObject","inLanguage":"es","@id":"https:\/\/www.bbmnoticias.com\/labravaradiofm\/2021\/12\/22\/registra-una-larga-fila-vacunacion-anticovid-en-zona-militar-de-ixcotel\/#primaryimage","url":"https:\/\/www.bbmnoticias.com\/labravaradiofm\/wp-content\/uploads\/sites\/5\/2021\/12\/vacunacion-oaxaca.jpg","contentUrl":"https:\/\/www.bbmnoticias.com\/labravaradiofm\/wp-content\/uploads\/sites\/5\/2021\/12\/vacunacion-oaxaca.jpg","width":900,"height":475},{"@type":"BreadcrumbList","@id":"https:\/\/www.bbmnoticias.com\/labravaradiofm\/2021\/12\/22\/registra-una-larga-fila-vacunacion-anticovid-en-zona-militar-de-ixcotel\/#breadcrumb","itemListElement":[{"@type":"ListItem","position":1,"name":"Inicio","item":"https:\/\/www.bbmnoticias.com\/labravaradiofm\/"},{"@type":"ListItem","position":2,"name":"Registra una larga fila vacunaci\u00f3n anticovid en zona militar de Ixcotel"}]},{"@type":"WebSite","@id":"https:\/\/www.bbmnoticias.com\/labravaradiofm\/#website","url":"https:\/\/www.bbmnoticias.com\/labravaradiofm\/","name":"LA BRAVA RADIO","description":"Empresa productora de medios, Radiodifusi\u00f3n, Noticias, tendencias y todo lo que necesitas saber de la pol\u00edtica mexicana e internacional; entretenimiento, espect\u00e1culos, salud y mucho m\u00e1s.","potentialAction":[{"@type":"SearchAction","target":{"@type":"EntryPoint","urlTemplate":"https:\/\/www.bbmnoticias.com\/labravaradiofm\/?s={search_term_string}"},"query-input":{"@type":"PropertyValueSpecification","valueRequired":true,"valueName":"search_term_string"}}],"inLanguage":"es"},{"@type":"Person","@id":"https:\/\/www.bbmnoticias.com\/labravaradiofm\/#\/schema\/person\/c316b6f6c03640cce5d9482ba5a8e5c2","name":"Quadratin","image":{"@type":"ImageObject","inLanguage":"es","@id":"https:\/\/secure.gravatar.com\/avatar\/34008d7d72488432d6a74f81e839efc9f754b118786ca32cf39d9d5508a68f63?s=96&d=mm&r=g","url":"https:\/\/secure.gravatar.com\/avatar\/34008d7d72488432d6a74f81e839efc9f754b118786ca32cf39d9d5508a68f63?s=96&d=mm&r=g","contentUrl":"https:\/\/secure.gravatar.com\/avatar\/34008d7d72488432d6a74f81e839efc9f754b118786ca32cf39d9d5508a68f63?s=96&d=mm&r=g","caption":"Quadratin"},"url":"https:\/\/www.bbmnoticias.com\/labravaradiofm\/author\/quadratin\/"}]}},"_links":{"self":[{"href":"https:\/\/www.bbmnoticias.com\/labravaradiofm\/wp-json\/wp\/v2\/posts\/7604","targetHints":{"allow":["GET"]}}],"collection":[{"href":"https:\/\/www.bbmnoticias.com\/labravaradiofm\/wp-json\/wp\/v2\/posts"}],"about":[{"href":"https:\/\/www.bbmnoticias.com\/labravaradiofm\/wp-json\/wp\/v2\/types\/post"}],"author":[{"embeddable":true,"href":"https:\/\/www.bbmnoticias.com\/labravaradiofm\/wp-json\/wp\/v2\/users\/5"}],"replies":[{"embeddable":true,"href":"https:\/\/www.bbmnoticias.com\/labravaradiofm\/wp-json\/wp\/v2\/comments?post=7604"}],"version-history":[{"count":0,"href":"https:\/\/www.bbmnoticias.com\/labravaradiofm\/wp-json\/wp\/v2\/posts\/7604\/revisions"}],"wp:featuredmedia":[{"embeddable":true,"href":"https:\/\/www.bbmnoticias.com\/labravaradiofm\/wp-json\/wp\/v2\/media\/7605"}],"wp:attachment":[{"href":"https:\/\/www.bbmnoticias.com\/labravaradiofm\/wp-json\/wp\/v2\/media?parent=7604"}],"wp:term":[{"taxonomy":"category","embeddable":true,"href":"https:\/\/www.bbmnoticias.com\/labravaradiofm\/wp-json\/wp\/v2\/categories?post=7604"},{"taxonomy":"post_tag","embeddable":true,"href":"https:\/\/www.bbmnoticias.com\/labravaradiofm\/wp-json\/wp\/v2\/tags?post=7604"}],"curies":[{"name":"wp","href":"https:\/\/api.w.org\/{rel}","templated":true}]}}