{"id":7597,"date":"2021-12-22T10:08:11","date_gmt":"2021-12-22T16:08:11","guid":{"rendered":"https:\/\/www.bbmnoticias.com\/labravaradiofm\/?p=7597"},"modified":"2021-12-22T10:08:12","modified_gmt":"2021-12-22T16:08:12","slug":"estados-unidos-ya-autorizo-a-pemex-la-compra-de-la-refineria-deer-park-a-shell-amlo","status":"publish","type":"post","link":"https:\/\/www.bbmnoticias.com\/labravaradiofm\/2021\/12\/22\/estados-unidos-ya-autorizo-a-pemex-la-compra-de-la-refineria-deer-park-a-shell-amlo\/","title":{"rendered":"Estados Unidos ya autoriz\u00f3 a Pemex la compra de la refiner\u00eda Deer Park a Shell: AMLO"},"content":{"rendered":"<div style=\"margin-top: 0px; margin-bottom: 0px;\" class=\"sharethis-inline-share-buttons\" ><\/div>\n<p>El presidente Andr\u00e9s Manuel L\u00f3pez Obrador (<strong>AMLO<\/strong>) anunci\u00f3 que <strong>Estados Unidos autoriz\u00f3 la compra de Pemex de la refiner\u00eda Deer Park a Shell.<\/strong><\/p>\n\n\n\n<p>En mayo del 2021, AMLO anunci\u00f3 la compra a Shell de su participaci\u00f3n en la refiner\u00eda Deer Park y asegur\u00f3 que la inversi\u00f3n se recuperar\u00e1 para 2023.<\/p>\n\n\n\n<p>Desde la conferencia ma\u00f1anera del 22 de diciembre, AMLO inform\u00f3 que el gobierno de Joe Biden aprob\u00f3 la compra de Pemex a Shell que se hab\u00eda pactado hace 9 meses.<\/p>\n\n\n\n<figure class=\"wp-block-pullquote\"><blockquote><p>\u201cHay una muy buena noticia. Ya autoriz\u00f3 el gobierno de Estados Unidos la compra de Pemex de la refiner\u00eda Deer Park de Huston, Texas a la empresa Shell\u201d AMLO<\/p><\/blockquote><\/figure>\n\n\n\n<p>Adem\u00e1s, AMLO asegur\u00f3 que <strong>es \u201calgo hist\u00f3rico\u201d<\/strong> que el gobierno de M\u00e9xico haya hecho la compra de una refiner\u00eda, lo que calific\u00f3 como una \u201cmuy buena noticia\u201d.<\/p>\n\n\n\n<p>AMLO tambi\u00e9n aprovech\u00f3 para <strong>agradecer la confianza en Pemex<\/strong> por parte de los funcionarios del gobierno de Joe Biden, as\u00ed como a los directivos de<strong> Shell<\/strong>, quienes mantuvieron la operaci\u00f3n de la refiner\u00eda mientras se aprobaba la compra.<\/p>\n\n\n\n<h2 class=\"wp-block-heading\"><strong>Compra de Deer Park a Shell se aprob\u00f3 tras evaluaci\u00f3n de seguridad nacional de Estados Unidos: Marcelo Ebrard<\/strong><\/h2>\n\n\n\n<p>Por su parte, el secretario de Relaciones Exteriores, Marcelo Ebrard, inform\u00f3 que la autorizaci\u00f3n de Estados Unidos para la compra de la <strong>refiner\u00eda Deer Park<\/strong> se dio luego de una evaluaci\u00f3n sobre seguridad Nacional.<\/p>\n\n\n\n<p>Aclar\u00f3 que fue el Comit\u00e9 de Inversiones Extranjeras de Estados Unidos notific\u00f3 el 21 de diciembre a las autoridades mexicanas de la autorizaci\u00f3n de la compra que se pact\u00f3 desde mayo pasado.<\/p>\n\n\n\n<p>La compra tuvo que pasar por un an\u00e1lisis sobre seguridad nacional debido a una ley en <strong>Estados Unidos<\/strong> que establece la investigaci\u00f3n a fondo para evitar la entrada de inversores peligrosos para la seguridad del pa\u00eds.<\/p>\n\n\n\n<figure class=\"wp-block-pullquote\"><blockquote><p>\u201cEsa ley lo que dispone es que participen todas las \u00e1reas vinculadas a la seguridad nacional de los Estados Unidos para que cuando haya una operaci\u00f3n de compra o una inversi\u00f3n relevante en Estados Unidos proveniente de un pa\u00eds extranjero, se haga la evaluaci\u00f3n de seguridad nacional\u201d Marcelo Ebrard<\/p><\/blockquote><\/figure>\n\n\n\n<p>Ebrard comparti\u00f3 que la revisi\u00f3n a la compra inici\u00f3 el pasado 30 de noviembre, con los documentos presentados por <strong>Pemex<\/strong> y <strong>Shell<\/strong> para la adquisici\u00f3n de la refiner\u00eda.<\/p>\n\n\n\n<p>Adem\u00e1s, asegur\u00f3 que esta autorizaci\u00f3n da cuenta de <strong>una \u201cmuy buena relaci\u00f3n\u201d entre M\u00e9xico y Estados Unidos<\/strong>, que asegur\u00f3, es parte del trabajo de <strong>AMLO<\/strong> en sus reuniones con el presidente Biden.<\/p>\n\n\n\n<p><\/p>\n\n\n\n<h2 class=\"wp-block-heading\"><strong>Compra de refiner\u00eda Deer Park es para el beneficio de M\u00e9xico: Pemex<\/strong><\/h2>\n\n\n\n<p>Por su parte, El director de Pemex, Octavio Romero Oropeza, asegur\u00f3 que la compra del 50.005% de<strong> Deer Park <\/strong>que correspond\u00eda a Shell fue pro el beneficio de M\u00e9xico.<\/p>\n\n\n\n<p>De acuerdo con el director de <strong>Pemex<\/strong>, las decisiones de la refiner\u00eda eran tomadas por Shell, quien comenz\u00f3 a reinvertir las utilidades en el complejo.<\/p>\n\n\n\n<p>Esto provoc\u00f3 que Pemex ya no obtuviera \u201cbeneficio alguno\u201d por refinar el petrole\u00f3 en Deer Park.<\/p>\n\n\n\n<figure class=\"wp-block-pullquote\"><blockquote><p>\u201cEsta operaci\u00f3n que ahora ya se autoriza y que se va a concretar en los pr\u00f3ximos d\u00edas, resulta de la mayor relevancia porque ahora Pemex y el pa\u00eds es due\u00f1o de la refiner\u00eda\u201d Octavio Romero Oropeza, director de Pemex<\/p><\/blockquote><\/figure>\n\n\n\n<p><\/p>\n\n\n\n<figure class=\"wp-block-image size-large\"><img loading=\"lazy\" decoding=\"async\" width=\"1200\" height=\"492\" src=\"https:\/\/www.bbmnoticias.com\/labravaradiofm\/wp-content\/uploads\/sites\/5\/2021\/12\/deerpark.webp\" alt=\"\" class=\"wp-image-7599\" srcset=\"https:\/\/www.bbmnoticias.com\/labravaradiofm\/wp-content\/uploads\/sites\/5\/2021\/12\/deerpark.webp 1200w, https:\/\/www.bbmnoticias.com\/labravaradiofm\/wp-content\/uploads\/sites\/5\/2021\/12\/deerpark-300x123.webp 300w, https:\/\/www.bbmnoticias.com\/labravaradiofm\/wp-content\/uploads\/sites\/5\/2021\/12\/deerpark-1024x420.webp 1024w, https:\/\/www.bbmnoticias.com\/labravaradiofm\/wp-content\/uploads\/sites\/5\/2021\/12\/deerpark-768x315.webp 768w, https:\/\/www.bbmnoticias.com\/labravaradiofm\/wp-content\/uploads\/sites\/5\/2021\/12\/deerpark-640x262.webp 640w, https:\/\/www.bbmnoticias.com\/labravaradiofm\/wp-content\/uploads\/sites\/5\/2021\/12\/deerpark-681x279.webp 681w\" sizes=\"auto, (max-width: 1200px) 100vw, 1200px\" \/><\/figure>\n\n\n\n<p>La compra se hizo por el valor de los activos de la refiner\u00eda, que corresponde a 596 millones de d\u00f3lares, el equivalente al 50% de la deuda de Deer Park.<\/p>\n\n\n\n<p>Pemex adem\u00e1s, por instrucciones de <strong>AMLO<\/strong>, liquidar\u00e1 la deuda de 596 millones m\u00e1s, que corresponden a la participaci\u00f3n de Petr\u00f3leos mexicanos.<\/p>\n\n\n\n<p>Romero Oropeza record\u00f3 que en septiembre de 2020 se inform\u00f3 al presidente la oportunidad de adquirir Deer Park y en octubre se entreg\u00f3 la propuesta a<strong> Shell<\/strong>.<\/p>\n\n\n\n<p>Para enero de 2021, se firm\u00f3 un acuerdo de confidencialidad entre las empresas petroleras y en marzo un acuerdo no vinculante con los t\u00e9rminos de la operaci\u00f3n, donde se incluy\u00f3 el precio a pagar.<\/p>\n\n\n\n<p>Para mayo, se firm\u00f3 el acuerdo de compraventa, condicionado a la aprobaci\u00f3n del Gobierno de Estados Unidos que fue aprobado el pasado 21 de diciembre.<\/p>\n","protected":false},"excerpt":{"rendered":"<p>El presidente Andr\u00e9s Manuel L\u00f3pez Obrador (AMLO) anunci\u00f3 que Estados Unidos autoriz\u00f3 la compra de Pemex de la refiner\u00eda Deer Park a Shell. En mayo del 2021, AMLO anunci\u00f3 la compra a Shell de su participaci\u00f3n en la refiner\u00eda Deer Park y asegur\u00f3 que la inversi\u00f3n se recuperar\u00e1 para 2023. Desde la conferencia ma\u00f1anera del [&hellip;]<\/p>\n","protected":false},"author":12,"featured_media":7598,"comment_status":"closed","ping_status":"closed","sticky":false,"template":"","format":"standard","meta":{"footnotes":""},"categories":[19],"tags":[],"class_list":{"0":"post-7597","1":"post","2":"type-post","3":"status-publish","4":"format-standard","5":"has-post-thumbnail","7":"category-nacional"},"yoast_head":"<!-- This site is optimized with the Yoast SEO plugin v27.4 - https:\/\/yoast.com\/product\/yoast-seo-wordpress\/ -->\n<title>Estados Unidos ya autoriz\u00f3 a Pemex la compra de la refiner\u00eda Deer Park a Shell: AMLO - LA BRAVA RADIO<\/title>\n<meta name=\"robots\" content=\"index, follow, max-snippet:-1, max-image-preview:large, max-video-preview:-1\" \/>\n<link rel=\"canonical\" href=\"https:\/\/www.bbmnoticias.com\/labravaradiofm\/2021\/12\/22\/estados-unidos-ya-autorizo-a-pemex-la-compra-de-la-refineria-deer-park-a-shell-amlo\/\" \/>\n<meta property=\"og:locale\" content=\"es_MX\" \/>\n<meta property=\"og:type\" content=\"article\" \/>\n<meta property=\"og:title\" content=\"Estados Unidos ya autoriz\u00f3 a Pemex la compra de la refiner\u00eda Deer Park a Shell: AMLO - LA BRAVA RADIO\" \/>\n<meta property=\"og:description\" content=\"El presidente Andr\u00e9s Manuel L\u00f3pez Obrador (AMLO) anunci\u00f3 que Estados Unidos autoriz\u00f3 la compra de Pemex de la refiner\u00eda Deer Park a Shell. En mayo del 2021, AMLO anunci\u00f3 la compra a Shell de su participaci\u00f3n en la refiner\u00eda Deer Park y asegur\u00f3 que la inversi\u00f3n se recuperar\u00e1 para 2023. Desde la conferencia ma\u00f1anera del [&hellip;]\" \/>\n<meta property=\"og:url\" content=\"https:\/\/www.bbmnoticias.com\/labravaradiofm\/2021\/12\/22\/estados-unidos-ya-autorizo-a-pemex-la-compra-de-la-refineria-deer-park-a-shell-amlo\/\" \/>\n<meta property=\"og:site_name\" content=\"LA BRAVA RADIO\" \/>\n<meta property=\"article:published_time\" content=\"2021-12-22T16:08:11+00:00\" \/>\n<meta property=\"article:modified_time\" content=\"2021-12-22T16:08:12+00:00\" \/>\n<meta property=\"og:image\" content=\"https:\/\/www.bbmnoticias.com\/labravaradiofm\/wp-content\/uploads\/sites\/5\/2021\/12\/amlo-pemex.jpeg\" \/>\n\t<meta property=\"og:image:width\" content=\"640\" \/>\n\t<meta property=\"og:image:height\" content=\"360\" \/>\n\t<meta property=\"og:image:type\" content=\"image\/jpeg\" \/>\n<meta name=\"author\" content=\"SDPnoticias\" \/>\n<meta name=\"twitter:card\" content=\"summary_large_image\" \/>\n<meta name=\"twitter:label1\" content=\"Escrito por\" \/>\n\t<meta name=\"twitter:data1\" content=\"SDPnoticias\" \/>\n\t<meta name=\"twitter:label2\" content=\"Tiempo de lectura\" \/>\n\t<meta name=\"twitter:data2\" content=\"4 minutos\" \/>\n<script type=\"application\/ld+json\" class=\"yoast-schema-graph\">{\"@context\":\"https:\\\/\\\/schema.org\",\"@graph\":[{\"@type\":\"Article\",\"@id\":\"https:\\\/\\\/www.bbmnoticias.com\\\/labravaradiofm\\\/2021\\\/12\\\/22\\\/estados-unidos-ya-autorizo-a-pemex-la-compra-de-la-refineria-deer-park-a-shell-amlo\\\/#article\",\"isPartOf\":{\"@id\":\"https:\\\/\\\/www.bbmnoticias.com\\\/labravaradiofm\\\/2021\\\/12\\\/22\\\/estados-unidos-ya-autorizo-a-pemex-la-compra-de-la-refineria-deer-park-a-shell-amlo\\\/\"},\"author\":{\"name\":\"SDPnoticias\",\"@id\":\"https:\\\/\\\/www.bbmnoticias.com\\\/labravaradiofm\\\/#\\\/schema\\\/person\\\/baf240d77a345f5fbc3dc146f9161af9\"},\"headline\":\"Estados Unidos ya autoriz\u00f3 a Pemex la compra de la refiner\u00eda Deer Park a Shell: AMLO\",\"datePublished\":\"2021-12-22T16:08:11+00:00\",\"dateModified\":\"2021-12-22T16:08:12+00:00\",\"mainEntityOfPage\":{\"@id\":\"https:\\\/\\\/www.bbmnoticias.com\\\/labravaradiofm\\\/2021\\\/12\\\/22\\\/estados-unidos-ya-autorizo-a-pemex-la-compra-de-la-refineria-deer-park-a-shell-amlo\\\/\"},\"wordCount\":720,\"image\":{\"@id\":\"https:\\\/\\\/www.bbmnoticias.com\\\/labravaradiofm\\\/2021\\\/12\\\/22\\\/estados-unidos-ya-autorizo-a-pemex-la-compra-de-la-refineria-deer-park-a-shell-amlo\\\/#primaryimage\"},\"thumbnailUrl\":\"https:\\\/\\\/www.bbmnoticias.com\\\/labravaradiofm\\\/wp-content\\\/uploads\\\/sites\\\/5\\\/2021\\\/12\\\/amlo-pemex.jpeg\",\"articleSection\":[\"NACIONAL\"],\"inLanguage\":\"es\"},{\"@type\":\"WebPage\",\"@id\":\"https:\\\/\\\/www.bbmnoticias.com\\\/labravaradiofm\\\/2021\\\/12\\\/22\\\/estados-unidos-ya-autorizo-a-pemex-la-compra-de-la-refineria-deer-park-a-shell-amlo\\\/\",\"url\":\"https:\\\/\\\/www.bbmnoticias.com\\\/labravaradiofm\\\/2021\\\/12\\\/22\\\/estados-unidos-ya-autorizo-a-pemex-la-compra-de-la-refineria-deer-park-a-shell-amlo\\\/\",\"name\":\"Estados Unidos ya autoriz\u00f3 a Pemex la compra de la refiner\u00eda Deer Park a Shell: AMLO - LA BRAVA RADIO\",\"isPartOf\":{\"@id\":\"https:\\\/\\\/www.bbmnoticias.com\\\/labravaradiofm\\\/#website\"},\"primaryImageOfPage\":{\"@id\":\"https:\\\/\\\/www.bbmnoticias.com\\\/labravaradiofm\\\/2021\\\/12\\\/22\\\/estados-unidos-ya-autorizo-a-pemex-la-compra-de-la-refineria-deer-park-a-shell-amlo\\\/#primaryimage\"},\"image\":{\"@id\":\"https:\\\/\\\/www.bbmnoticias.com\\\/labravaradiofm\\\/2021\\\/12\\\/22\\\/estados-unidos-ya-autorizo-a-pemex-la-compra-de-la-refineria-deer-park-a-shell-amlo\\\/#primaryimage\"},\"thumbnailUrl\":\"https:\\\/\\\/www.bbmnoticias.com\\\/labravaradiofm\\\/wp-content\\\/uploads\\\/sites\\\/5\\\/2021\\\/12\\\/amlo-pemex.jpeg\",\"datePublished\":\"2021-12-22T16:08:11+00:00\",\"dateModified\":\"2021-12-22T16:08:12+00:00\",\"author\":{\"@id\":\"https:\\\/\\\/www.bbmnoticias.com\\\/labravaradiofm\\\/#\\\/schema\\\/person\\\/baf240d77a345f5fbc3dc146f9161af9\"},\"breadcrumb\":{\"@id\":\"https:\\\/\\\/www.bbmnoticias.com\\\/labravaradiofm\\\/2021\\\/12\\\/22\\\/estados-unidos-ya-autorizo-a-pemex-la-compra-de-la-refineria-deer-park-a-shell-amlo\\\/#breadcrumb\"},\"inLanguage\":\"es\",\"potentialAction\":[{\"@type\":\"ReadAction\",\"target\":[\"https:\\\/\\\/www.bbmnoticias.com\\\/labravaradiofm\\\/2021\\\/12\\\/22\\\/estados-unidos-ya-autorizo-a-pemex-la-compra-de-la-refineria-deer-park-a-shell-amlo\\\/\"]}]},{\"@type\":\"ImageObject\",\"inLanguage\":\"es\",\"@id\":\"https:\\\/\\\/www.bbmnoticias.com\\\/labravaradiofm\\\/2021\\\/12\\\/22\\\/estados-unidos-ya-autorizo-a-pemex-la-compra-de-la-refineria-deer-park-a-shell-amlo\\\/#primaryimage\",\"url\":\"https:\\\/\\\/www.bbmnoticias.com\\\/labravaradiofm\\\/wp-content\\\/uploads\\\/sites\\\/5\\\/2021\\\/12\\\/amlo-pemex.jpeg\",\"contentUrl\":\"https:\\\/\\\/www.bbmnoticias.com\\\/labravaradiofm\\\/wp-content\\\/uploads\\\/sites\\\/5\\\/2021\\\/12\\\/amlo-pemex.jpeg\",\"width\":640,\"height\":360},{\"@type\":\"BreadcrumbList\",\"@id\":\"https:\\\/\\\/www.bbmnoticias.com\\\/labravaradiofm\\\/2021\\\/12\\\/22\\\/estados-unidos-ya-autorizo-a-pemex-la-compra-de-la-refineria-deer-park-a-shell-amlo\\\/#breadcrumb\",\"itemListElement\":[{\"@type\":\"ListItem\",\"position\":1,\"name\":\"Inicio\",\"item\":\"https:\\\/\\\/www.bbmnoticias.com\\\/labravaradiofm\\\/\"},{\"@type\":\"ListItem\",\"position\":2,\"name\":\"Estados Unidos ya autoriz\u00f3 a Pemex la compra de la refiner\u00eda Deer Park a Shell: AMLO\"}]},{\"@type\":\"WebSite\",\"@id\":\"https:\\\/\\\/www.bbmnoticias.com\\\/labravaradiofm\\\/#website\",\"url\":\"https:\\\/\\\/www.bbmnoticias.com\\\/labravaradiofm\\\/\",\"name\":\"LA BRAVA RADIO\",\"description\":\"Empresa productora de medios, Radiodifusi\u00f3n, Noticias, tendencias y todo lo que necesitas saber de la pol\u00edtica mexicana e internacional; entretenimiento, espect\u00e1culos, salud y mucho m\u00e1s.\",\"potentialAction\":[{\"@type\":\"SearchAction\",\"target\":{\"@type\":\"EntryPoint\",\"urlTemplate\":\"https:\\\/\\\/www.bbmnoticias.com\\\/labravaradiofm\\\/?s={search_term_string}\"},\"query-input\":{\"@type\":\"PropertyValueSpecification\",\"valueRequired\":true,\"valueName\":\"search_term_string\"}}],\"inLanguage\":\"es\"},{\"@type\":\"Person\",\"@id\":\"https:\\\/\\\/www.bbmnoticias.com\\\/labravaradiofm\\\/#\\\/schema\\\/person\\\/baf240d77a345f5fbc3dc146f9161af9\",\"name\":\"SDPnoticias\",\"image\":{\"@type\":\"ImageObject\",\"inLanguage\":\"es\",\"@id\":\"https:\\\/\\\/secure.gravatar.com\\\/avatar\\\/015ede9175a06d999d8b2b09e108b48c9e008e4ee44a647956086b51bbce326c?s=96&d=mm&r=g\",\"url\":\"https:\\\/\\\/secure.gravatar.com\\\/avatar\\\/015ede9175a06d999d8b2b09e108b48c9e008e4ee44a647956086b51bbce326c?s=96&d=mm&r=g\",\"contentUrl\":\"https:\\\/\\\/secure.gravatar.com\\\/avatar\\\/015ede9175a06d999d8b2b09e108b48c9e008e4ee44a647956086b51bbce326c?s=96&d=mm&r=g\",\"caption\":\"SDPnoticias\"},\"url\":\"https:\\\/\\\/www.bbmnoticias.com\\\/labravaradiofm\\\/author\\\/sdpnoticias\\\/\"}]}<\/script>\n<!-- \/ Yoast SEO plugin. -->","yoast_head_json":{"title":"Estados Unidos ya autoriz\u00f3 a Pemex la compra de la refiner\u00eda Deer Park a Shell: AMLO - LA BRAVA RADIO","robots":{"index":"index","follow":"follow","max-snippet":"max-snippet:-1","max-image-preview":"max-image-preview:large","max-video-preview":"max-video-preview:-1"},"canonical":"https:\/\/www.bbmnoticias.com\/labravaradiofm\/2021\/12\/22\/estados-unidos-ya-autorizo-a-pemex-la-compra-de-la-refineria-deer-park-a-shell-amlo\/","og_locale":"es_MX","og_type":"article","og_title":"Estados Unidos ya autoriz\u00f3 a Pemex la compra de la refiner\u00eda Deer Park a Shell: AMLO - LA BRAVA RADIO","og_description":"El presidente Andr\u00e9s Manuel L\u00f3pez Obrador (AMLO) anunci\u00f3 que Estados Unidos autoriz\u00f3 la compra de Pemex de la refiner\u00eda Deer Park a Shell. En mayo del 2021, AMLO anunci\u00f3 la compra a Shell de su participaci\u00f3n en la refiner\u00eda Deer Park y asegur\u00f3 que la inversi\u00f3n se recuperar\u00e1 para 2023. Desde la conferencia ma\u00f1anera del [&hellip;]","og_url":"https:\/\/www.bbmnoticias.com\/labravaradiofm\/2021\/12\/22\/estados-unidos-ya-autorizo-a-pemex-la-compra-de-la-refineria-deer-park-a-shell-amlo\/","og_site_name":"LA BRAVA RADIO","article_published_time":"2021-12-22T16:08:11+00:00","article_modified_time":"2021-12-22T16:08:12+00:00","og_image":[{"width":640,"height":360,"url":"https:\/\/www.bbmnoticias.com\/labravaradiofm\/wp-content\/uploads\/sites\/5\/2021\/12\/amlo-pemex.jpeg","type":"image\/jpeg"}],"author":"SDPnoticias","twitter_card":"summary_large_image","twitter_misc":{"Escrito por":"SDPnoticias","Tiempo de lectura":"4 minutos"},"schema":{"@context":"https:\/\/schema.org","@graph":[{"@type":"Article","@id":"https:\/\/www.bbmnoticias.com\/labravaradiofm\/2021\/12\/22\/estados-unidos-ya-autorizo-a-pemex-la-compra-de-la-refineria-deer-park-a-shell-amlo\/#article","isPartOf":{"@id":"https:\/\/www.bbmnoticias.com\/labravaradiofm\/2021\/12\/22\/estados-unidos-ya-autorizo-a-pemex-la-compra-de-la-refineria-deer-park-a-shell-amlo\/"},"author":{"name":"SDPnoticias","@id":"https:\/\/www.bbmnoticias.com\/labravaradiofm\/#\/schema\/person\/baf240d77a345f5fbc3dc146f9161af9"},"headline":"Estados Unidos ya autoriz\u00f3 a Pemex la compra de la refiner\u00eda Deer Park a Shell: AMLO","datePublished":"2021-12-22T16:08:11+00:00","dateModified":"2021-12-22T16:08:12+00:00","mainEntityOfPage":{"@id":"https:\/\/www.bbmnoticias.com\/labravaradiofm\/2021\/12\/22\/estados-unidos-ya-autorizo-a-pemex-la-compra-de-la-refineria-deer-park-a-shell-amlo\/"},"wordCount":720,"image":{"@id":"https:\/\/www.bbmnoticias.com\/labravaradiofm\/2021\/12\/22\/estados-unidos-ya-autorizo-a-pemex-la-compra-de-la-refineria-deer-park-a-shell-amlo\/#primaryimage"},"thumbnailUrl":"https:\/\/www.bbmnoticias.com\/labravaradiofm\/wp-content\/uploads\/sites\/5\/2021\/12\/amlo-pemex.jpeg","articleSection":["NACIONAL"],"inLanguage":"es"},{"@type":"WebPage","@id":"https:\/\/www.bbmnoticias.com\/labravaradiofm\/2021\/12\/22\/estados-unidos-ya-autorizo-a-pemex-la-compra-de-la-refineria-deer-park-a-shell-amlo\/","url":"https:\/\/www.bbmnoticias.com\/labravaradiofm\/2021\/12\/22\/estados-unidos-ya-autorizo-a-pemex-la-compra-de-la-refineria-deer-park-a-shell-amlo\/","name":"Estados Unidos ya autoriz\u00f3 a Pemex la compra de la refiner\u00eda Deer Park a Shell: AMLO - LA BRAVA RADIO","isPartOf":{"@id":"https:\/\/www.bbmnoticias.com\/labravaradiofm\/#website"},"primaryImageOfPage":{"@id":"https:\/\/www.bbmnoticias.com\/labravaradiofm\/2021\/12\/22\/estados-unidos-ya-autorizo-a-pemex-la-compra-de-la-refineria-deer-park-a-shell-amlo\/#primaryimage"},"image":{"@id":"https:\/\/www.bbmnoticias.com\/labravaradiofm\/2021\/12\/22\/estados-unidos-ya-autorizo-a-pemex-la-compra-de-la-refineria-deer-park-a-shell-amlo\/#primaryimage"},"thumbnailUrl":"https:\/\/www.bbmnoticias.com\/labravaradiofm\/wp-content\/uploads\/sites\/5\/2021\/12\/amlo-pemex.jpeg","datePublished":"2021-12-22T16:08:11+00:00","dateModified":"2021-12-22T16:08:12+00:00","author":{"@id":"https:\/\/www.bbmnoticias.com\/labravaradiofm\/#\/schema\/person\/baf240d77a345f5fbc3dc146f9161af9"},"breadcrumb":{"@id":"https:\/\/www.bbmnoticias.com\/labravaradiofm\/2021\/12\/22\/estados-unidos-ya-autorizo-a-pemex-la-compra-de-la-refineria-deer-park-a-shell-amlo\/#breadcrumb"},"inLanguage":"es","potentialAction":[{"@type":"ReadAction","target":["https:\/\/www.bbmnoticias.com\/labravaradiofm\/2021\/12\/22\/estados-unidos-ya-autorizo-a-pemex-la-compra-de-la-refineria-deer-park-a-shell-amlo\/"]}]},{"@type":"ImageObject","inLanguage":"es","@id":"https:\/\/www.bbmnoticias.com\/labravaradiofm\/2021\/12\/22\/estados-unidos-ya-autorizo-a-pemex-la-compra-de-la-refineria-deer-park-a-shell-amlo\/#primaryimage","url":"https:\/\/www.bbmnoticias.com\/labravaradiofm\/wp-content\/uploads\/sites\/5\/2021\/12\/amlo-pemex.jpeg","contentUrl":"https:\/\/www.bbmnoticias.com\/labravaradiofm\/wp-content\/uploads\/sites\/5\/2021\/12\/amlo-pemex.jpeg","width":640,"height":360},{"@type":"BreadcrumbList","@id":"https:\/\/www.bbmnoticias.com\/labravaradiofm\/2021\/12\/22\/estados-unidos-ya-autorizo-a-pemex-la-compra-de-la-refineria-deer-park-a-shell-amlo\/#breadcrumb","itemListElement":[{"@type":"ListItem","position":1,"name":"Inicio","item":"https:\/\/www.bbmnoticias.com\/labravaradiofm\/"},{"@type":"ListItem","position":2,"name":"Estados Unidos ya autoriz\u00f3 a Pemex la compra de la refiner\u00eda Deer Park a Shell: AMLO"}]},{"@type":"WebSite","@id":"https:\/\/www.bbmnoticias.com\/labravaradiofm\/#website","url":"https:\/\/www.bbmnoticias.com\/labravaradiofm\/","name":"LA BRAVA RADIO","description":"Empresa productora de medios, Radiodifusi\u00f3n, Noticias, tendencias y todo lo que necesitas saber de la pol\u00edtica mexicana e internacional; entretenimiento, espect\u00e1culos, salud y mucho m\u00e1s.","potentialAction":[{"@type":"SearchAction","target":{"@type":"EntryPoint","urlTemplate":"https:\/\/www.bbmnoticias.com\/labravaradiofm\/?s={search_term_string}"},"query-input":{"@type":"PropertyValueSpecification","valueRequired":true,"valueName":"search_term_string"}}],"inLanguage":"es"},{"@type":"Person","@id":"https:\/\/www.bbmnoticias.com\/labravaradiofm\/#\/schema\/person\/baf240d77a345f5fbc3dc146f9161af9","name":"SDPnoticias","image":{"@type":"ImageObject","inLanguage":"es","@id":"https:\/\/secure.gravatar.com\/avatar\/015ede9175a06d999d8b2b09e108b48c9e008e4ee44a647956086b51bbce326c?s=96&d=mm&r=g","url":"https:\/\/secure.gravatar.com\/avatar\/015ede9175a06d999d8b2b09e108b48c9e008e4ee44a647956086b51bbce326c?s=96&d=mm&r=g","contentUrl":"https:\/\/secure.gravatar.com\/avatar\/015ede9175a06d999d8b2b09e108b48c9e008e4ee44a647956086b51bbce326c?s=96&d=mm&r=g","caption":"SDPnoticias"},"url":"https:\/\/www.bbmnoticias.com\/labravaradiofm\/author\/sdpnoticias\/"}]}},"_links":{"self":[{"href":"https:\/\/www.bbmnoticias.com\/labravaradiofm\/wp-json\/wp\/v2\/posts\/7597","targetHints":{"allow":["GET"]}}],"collection":[{"href":"https:\/\/www.bbmnoticias.com\/labravaradiofm\/wp-json\/wp\/v2\/posts"}],"about":[{"href":"https:\/\/www.bbmnoticias.com\/labravaradiofm\/wp-json\/wp\/v2\/types\/post"}],"author":[{"embeddable":true,"href":"https:\/\/www.bbmnoticias.com\/labravaradiofm\/wp-json\/wp\/v2\/users\/12"}],"replies":[{"embeddable":true,"href":"https:\/\/www.bbmnoticias.com\/labravaradiofm\/wp-json\/wp\/v2\/comments?post=7597"}],"version-history":[{"count":0,"href":"https:\/\/www.bbmnoticias.com\/labravaradiofm\/wp-json\/wp\/v2\/posts\/7597\/revisions"}],"wp:featuredmedia":[{"embeddable":true,"href":"https:\/\/www.bbmnoticias.com\/labravaradiofm\/wp-json\/wp\/v2\/media\/7598"}],"wp:attachment":[{"href":"https:\/\/www.bbmnoticias.com\/labravaradiofm\/wp-json\/wp\/v2\/media?parent=7597"}],"wp:term":[{"taxonomy":"category","embeddable":true,"href":"https:\/\/www.bbmnoticias.com\/labravaradiofm\/wp-json\/wp\/v2\/categories?post=7597"},{"taxonomy":"post_tag","embeddable":true,"href":"https:\/\/www.bbmnoticias.com\/labravaradiofm\/wp-json\/wp\/v2\/tags?post=7597"}],"curies":[{"name":"wp","href":"https:\/\/api.w.org\/{rel}","templated":true}]}}