{"id":7579,"date":"2021-12-21T15:35:24","date_gmt":"2021-12-21T21:35:24","guid":{"rendered":"https:\/\/www.bbmnoticias.com\/labravaradiofm\/?p=7579"},"modified":"2021-12-21T15:35:26","modified_gmt":"2021-12-21T21:35:26","slug":"sintomas-de-omicron-y-lo-que-debes-saber-sobre-esta-variante-del-covid","status":"publish","type":"post","link":"https:\/\/www.bbmnoticias.com\/labravaradiofm\/2021\/12\/21\/sintomas-de-omicron-y-lo-que-debes-saber-sobre-esta-variante-del-covid\/","title":{"rendered":"S\u00edntomas de \u00d3micron y lo que debes saber sobre esta variante del covid"},"content":{"rendered":"<div style=\"margin-top: 0px; margin-bottom: 0px;\" class=\"sharethis-inline-share-buttons\" ><\/div>\n<p>En <strong>M\u00e9xico<\/strong> se han identificado un total de <strong>23 personas contagiadas con la variante \u00f3micron de covid-19<\/strong>. Pero \u00bfcu\u00e1les son los s\u00edntomas? \u00bfEs verdad que los s\u00edntomas son parecidos al resfriado com\u00fan? \u00bfSe parecen a una resaca? Te contamos todo lo que sabemos.<\/p>\n\n\n\n<p><strong>De acuerdo con lo informado por Hugo L\u00f3pez-Gatell los s\u00edntomas de la variante \u00f3micron de covid-19 son considerados como \u201cleves\u201d.<\/strong><\/p>\n\n\n\n<h2 class=\"wp-block-heading\">S\u00edntomas de variante \u00f3micron<\/h2>\n\n\n\n<p>Sin embargo, la poblaci\u00f3n se debe cuidar a\u00fan m\u00e1s, pues esta variante parece mucho m\u00e1s contagiosa que otras. Pero \u00bfcu\u00e1les son sus s\u00edntomas? \u00bfc\u00f3mo podemos identificar si es covid con variante \u00f3micron o s\u00f3lo un resfriado?<\/p>\n\n\n\n<p>Los s\u00edntomas de la variante \u00f3micron de covid-19 se pueden confundir con un resfriado com\u00fan, pues hay estornudos, dolor de garganta y m\u00e1s:<\/p>\n\n\n\n<ul class=\"wp-block-list\"><li><strong>Dolor de cabeza<\/strong><\/li><li><strong>Dolor de garganta<\/strong><\/li><li><strong>Secreci\u00f3n nasal<\/strong><\/li><li><strong>Fatiga<\/strong><\/li><li><strong>Estornudos<\/strong><\/li><\/ul>\n\n\n\n<h2 class=\"wp-block-heading\">\u00bfLos s\u00edntomas de variante \u00f3micron se parecen a la resaca?<\/h2>\n\n\n\n<p>En entrevista con \u2018The Sun\u2019, el doctor Adam Caputa revel\u00f3 que algunos s\u00edntomas de \u00f3micron <strong>\u201cparecen ser m\u00e1s variados y potencialmente sutiles que delta\u201d que incluso en un inicio pueden parecer como de una resaca.<\/strong><\/p>\n\n\n\n<figure class=\"wp-block-pullquote\"><blockquote><p><strong>\u201cDespu\u00e9s de aproximadamente 24 horas, normalmente esperar\u00edamos que la resaca se calmara y todos los s\u00edntomas desaparecieran, por lo que si esto persiste, lo m\u00e1s probable es que sea una infecci\u00f3n por \u00f3micron\u201d, indic\u00f3.<\/strong><\/p><\/blockquote><\/figure>\n\n\n\n<h2 class=\"wp-block-heading\">\u00bfVariante \u00f3micron de covid-19 es m\u00e1s contagiosa?<\/h2>\n\n\n\n<p>De acuerdo con los datos epidemiol\u00f3gicos, se cree que puede ser m\u00e1s transmisible que Delta debido a la velocidad con la que se propago en Gauteng, Sud\u00e1frica, por lo que seg\u00fan la usuaria de Twitter, @yosoylajefita, doctora inmun\u00f3loga, se logr\u00f3 propagar m\u00e1s r\u00e1pido que Delta por alg\u00fan evento de s\u00faper dispersi\u00f3n (algo como un concierto) o porque realmente s\u00ed es m\u00e1s transmisible que Delta.<\/p>\n\n\n\n<p><strong>&#8221; No olvidemos que hasta ahora Delta ha sido la&#8221; reina de la transmisi\u00f3n &#8221; y ha logrado desplazar a las dem\u00e1s variantes anteriores. Queda confirmar si todas estas mutaciones permitir\u00e1n a \u00d3micron ganar la competencia a Delta&#8221;, dijo la inmun\u00f3loga.<\/strong><\/p>\n\n\n\n<figure class=\"wp-block-embed is-type-rich is-provider-twitter wp-block-embed-twitter\"><div class=\"wp-block-embed__wrapper\">\n<blockquote class=\"twitter-tweet\" data-width=\"550\" data-dnt=\"true\"><p lang=\"en\" dir=\"ltr\">This new variant is really worrisome at the mutational level. South Africa and Africa will need support (financially, public health, scientific) to control it so it does not spread in the world. Our poor and deprived population can not be in lockdown without financial support. <a href=\"https:\/\/t.co\/CeJIXudUIA\">pic.twitter.com\/CeJIXudUIA<\/a><\/p>&mdash; Tulio de Oliveira (@Tuliodna) <a href=\"https:\/\/twitter.com\/Tuliodna\/status\/1463911565288165388?ref_src=twsrc%5Etfw\">November 25, 2021<\/a><\/blockquote><script async src=\"https:\/\/platform.twitter.com\/widgets.js\" charset=\"utf-8\"><\/script>\n<\/div><\/figure>\n\n\n\n<h2 class=\"wp-block-heading\">Las mutaciones de la variante \u00f3micron<\/h2>\n\n\n\n<p>En resultados preliminares, cient\u00edficos reportaron que la variante \u00f3micron tiene una combinaci\u00f3n inusual de mutaciones que pudieron haber tenido origen en un paciente que tuvo una infecci\u00f3n cr\u00f3nica e inmunocomprometida y sin vacunarse , lo que le dio condiciones al virus para modificarse.<\/p>\n\n\n\n<p>Los hallazgos reportan que tienen alrededor de 50 mutaciones, pero la mayor\u00eda de ellas se encuentran en la prote\u00edna S , <strong>es decir la prote\u00edna que se une a los receptores de nuestras c\u00e9lulas y que permiten entrar por la maquinaria de ellos y se empiecen a multiplicarse.<\/strong><\/p>\n\n\n\n<p>De \u00e9stas, 10 est\u00e1n en el dominio de uni\u00f3n al receptor (RBD), que es la parte que se une al receptor ECA2 y es que este n\u00famero de mutaciones en esta parte es mucho mayor de lo reportado en variantes anteriores.<\/p>\n","protected":false},"excerpt":{"rendered":"<p>En M\u00e9xico se han identificado un total de 23 personas contagiadas con la variante \u00f3micron de covid-19. Pero \u00bfcu\u00e1les son los s\u00edntomas? \u00bfEs verdad que los s\u00edntomas son parecidos al resfriado com\u00fan? \u00bfSe parecen a una resaca? Te contamos todo lo que sabemos. De acuerdo con lo informado por Hugo L\u00f3pez-Gatell los s\u00edntomas de la [&hellip;]<\/p>\n","protected":false},"author":9,"featured_media":7580,"comment_status":"closed","ping_status":"closed","sticky":false,"template":"","format":"standard","meta":{"footnotes":""},"categories":[19],"tags":[],"class_list":{"0":"post-7579","1":"post","2":"type-post","3":"status-publish","4":"format-standard","5":"has-post-thumbnail","7":"category-nacional"},"yoast_head":"<!-- This site is optimized with the Yoast SEO plugin v27.4 - https:\/\/yoast.com\/product\/yoast-seo-wordpress\/ -->\n<title>S\u00edntomas de \u00d3micron y lo que debes saber sobre esta variante del covid - LA BRAVA RADIO<\/title>\n<meta name=\"robots\" content=\"index, follow, max-snippet:-1, max-image-preview:large, max-video-preview:-1\" \/>\n<link rel=\"canonical\" href=\"https:\/\/www.bbmnoticias.com\/labravaradiofm\/2021\/12\/21\/sintomas-de-omicron-y-lo-que-debes-saber-sobre-esta-variante-del-covid\/\" \/>\n<meta property=\"og:locale\" content=\"es_MX\" \/>\n<meta property=\"og:type\" content=\"article\" \/>\n<meta property=\"og:title\" content=\"S\u00edntomas de \u00d3micron y lo que debes saber sobre esta variante del covid - LA BRAVA RADIO\" \/>\n<meta property=\"og:description\" content=\"En M\u00e9xico se han identificado un total de 23 personas contagiadas con la variante \u00f3micron de covid-19. Pero \u00bfcu\u00e1les son los s\u00edntomas? \u00bfEs verdad que los s\u00edntomas son parecidos al resfriado com\u00fan? \u00bfSe parecen a una resaca? Te contamos todo lo que sabemos. De acuerdo con lo informado por Hugo L\u00f3pez-Gatell los s\u00edntomas de la [&hellip;]\" \/>\n<meta property=\"og:url\" content=\"https:\/\/www.bbmnoticias.com\/labravaradiofm\/2021\/12\/21\/sintomas-de-omicron-y-lo-que-debes-saber-sobre-esta-variante-del-covid\/\" \/>\n<meta property=\"og:site_name\" content=\"LA BRAVA RADIO\" \/>\n<meta property=\"article:published_time\" content=\"2021-12-21T21:35:24+00:00\" \/>\n<meta property=\"article:modified_time\" content=\"2021-12-21T21:35:26+00:00\" \/>\n<meta property=\"og:image\" content=\"https:\/\/www.bbmnoticias.com\/labravaradiofm\/wp-content\/uploads\/sites\/5\/2021\/12\/variante-omicron-1.jpg\" \/>\n\t<meta property=\"og:image:width\" content=\"1200\" \/>\n\t<meta property=\"og:image:height\" content=\"812\" \/>\n\t<meta property=\"og:image:type\" content=\"image\/jpeg\" \/>\n<meta name=\"author\" content=\"Milenio\" \/>\n<meta name=\"twitter:card\" content=\"summary_large_image\" \/>\n<meta name=\"twitter:label1\" content=\"Escrito por\" \/>\n\t<meta name=\"twitter:data1\" content=\"Milenio\" \/>\n\t<meta name=\"twitter:label2\" content=\"Tiempo de lectura\" \/>\n\t<meta name=\"twitter:data2\" content=\"3 minutos\" \/>\n<script type=\"application\/ld+json\" class=\"yoast-schema-graph\">{\"@context\":\"https:\\\/\\\/schema.org\",\"@graph\":[{\"@type\":\"Article\",\"@id\":\"https:\\\/\\\/www.bbmnoticias.com\\\/labravaradiofm\\\/2021\\\/12\\\/21\\\/sintomas-de-omicron-y-lo-que-debes-saber-sobre-esta-variante-del-covid\\\/#article\",\"isPartOf\":{\"@id\":\"https:\\\/\\\/www.bbmnoticias.com\\\/labravaradiofm\\\/2021\\\/12\\\/21\\\/sintomas-de-omicron-y-lo-que-debes-saber-sobre-esta-variante-del-covid\\\/\"},\"author\":{\"name\":\"Milenio\",\"@id\":\"https:\\\/\\\/www.bbmnoticias.com\\\/labravaradiofm\\\/#\\\/schema\\\/person\\\/721d0cdff27d6c6be0b7dfbd566fedd1\"},\"headline\":\"S\u00edntomas de \u00d3micron y lo que debes saber sobre esta variante del covid\",\"datePublished\":\"2021-12-21T21:35:24+00:00\",\"dateModified\":\"2021-12-21T21:35:26+00:00\",\"mainEntityOfPage\":{\"@id\":\"https:\\\/\\\/www.bbmnoticias.com\\\/labravaradiofm\\\/2021\\\/12\\\/21\\\/sintomas-de-omicron-y-lo-que-debes-saber-sobre-esta-variante-del-covid\\\/\"},\"wordCount\":531,\"image\":{\"@id\":\"https:\\\/\\\/www.bbmnoticias.com\\\/labravaradiofm\\\/2021\\\/12\\\/21\\\/sintomas-de-omicron-y-lo-que-debes-saber-sobre-esta-variante-del-covid\\\/#primaryimage\"},\"thumbnailUrl\":\"https:\\\/\\\/www.bbmnoticias.com\\\/labravaradiofm\\\/wp-content\\\/uploads\\\/sites\\\/5\\\/2021\\\/12\\\/variante-omicron-1.jpg\",\"articleSection\":[\"NACIONAL\"],\"inLanguage\":\"es\"},{\"@type\":\"WebPage\",\"@id\":\"https:\\\/\\\/www.bbmnoticias.com\\\/labravaradiofm\\\/2021\\\/12\\\/21\\\/sintomas-de-omicron-y-lo-que-debes-saber-sobre-esta-variante-del-covid\\\/\",\"url\":\"https:\\\/\\\/www.bbmnoticias.com\\\/labravaradiofm\\\/2021\\\/12\\\/21\\\/sintomas-de-omicron-y-lo-que-debes-saber-sobre-esta-variante-del-covid\\\/\",\"name\":\"S\u00edntomas de \u00d3micron y lo que debes saber sobre esta variante del covid - LA BRAVA RADIO\",\"isPartOf\":{\"@id\":\"https:\\\/\\\/www.bbmnoticias.com\\\/labravaradiofm\\\/#website\"},\"primaryImageOfPage\":{\"@id\":\"https:\\\/\\\/www.bbmnoticias.com\\\/labravaradiofm\\\/2021\\\/12\\\/21\\\/sintomas-de-omicron-y-lo-que-debes-saber-sobre-esta-variante-del-covid\\\/#primaryimage\"},\"image\":{\"@id\":\"https:\\\/\\\/www.bbmnoticias.com\\\/labravaradiofm\\\/2021\\\/12\\\/21\\\/sintomas-de-omicron-y-lo-que-debes-saber-sobre-esta-variante-del-covid\\\/#primaryimage\"},\"thumbnailUrl\":\"https:\\\/\\\/www.bbmnoticias.com\\\/labravaradiofm\\\/wp-content\\\/uploads\\\/sites\\\/5\\\/2021\\\/12\\\/variante-omicron-1.jpg\",\"datePublished\":\"2021-12-21T21:35:24+00:00\",\"dateModified\":\"2021-12-21T21:35:26+00:00\",\"author\":{\"@id\":\"https:\\\/\\\/www.bbmnoticias.com\\\/labravaradiofm\\\/#\\\/schema\\\/person\\\/721d0cdff27d6c6be0b7dfbd566fedd1\"},\"breadcrumb\":{\"@id\":\"https:\\\/\\\/www.bbmnoticias.com\\\/labravaradiofm\\\/2021\\\/12\\\/21\\\/sintomas-de-omicron-y-lo-que-debes-saber-sobre-esta-variante-del-covid\\\/#breadcrumb\"},\"inLanguage\":\"es\",\"potentialAction\":[{\"@type\":\"ReadAction\",\"target\":[\"https:\\\/\\\/www.bbmnoticias.com\\\/labravaradiofm\\\/2021\\\/12\\\/21\\\/sintomas-de-omicron-y-lo-que-debes-saber-sobre-esta-variante-del-covid\\\/\"]}]},{\"@type\":\"ImageObject\",\"inLanguage\":\"es\",\"@id\":\"https:\\\/\\\/www.bbmnoticias.com\\\/labravaradiofm\\\/2021\\\/12\\\/21\\\/sintomas-de-omicron-y-lo-que-debes-saber-sobre-esta-variante-del-covid\\\/#primaryimage\",\"url\":\"https:\\\/\\\/www.bbmnoticias.com\\\/labravaradiofm\\\/wp-content\\\/uploads\\\/sites\\\/5\\\/2021\\\/12\\\/variante-omicron-1.jpg\",\"contentUrl\":\"https:\\\/\\\/www.bbmnoticias.com\\\/labravaradiofm\\\/wp-content\\\/uploads\\\/sites\\\/5\\\/2021\\\/12\\\/variante-omicron-1.jpg\",\"width\":1200,\"height\":812},{\"@type\":\"BreadcrumbList\",\"@id\":\"https:\\\/\\\/www.bbmnoticias.com\\\/labravaradiofm\\\/2021\\\/12\\\/21\\\/sintomas-de-omicron-y-lo-que-debes-saber-sobre-esta-variante-del-covid\\\/#breadcrumb\",\"itemListElement\":[{\"@type\":\"ListItem\",\"position\":1,\"name\":\"Inicio\",\"item\":\"https:\\\/\\\/www.bbmnoticias.com\\\/labravaradiofm\\\/\"},{\"@type\":\"ListItem\",\"position\":2,\"name\":\"S\u00edntomas de \u00d3micron y lo que debes saber sobre esta variante del covid\"}]},{\"@type\":\"WebSite\",\"@id\":\"https:\\\/\\\/www.bbmnoticias.com\\\/labravaradiofm\\\/#website\",\"url\":\"https:\\\/\\\/www.bbmnoticias.com\\\/labravaradiofm\\\/\",\"name\":\"LA BRAVA RADIO\",\"description\":\"Empresa productora de medios, Radiodifusi\u00f3n, Noticias, tendencias y todo lo que necesitas saber de la pol\u00edtica mexicana e internacional; entretenimiento, espect\u00e1culos, salud y mucho m\u00e1s.\",\"potentialAction\":[{\"@type\":\"SearchAction\",\"target\":{\"@type\":\"EntryPoint\",\"urlTemplate\":\"https:\\\/\\\/www.bbmnoticias.com\\\/labravaradiofm\\\/?s={search_term_string}\"},\"query-input\":{\"@type\":\"PropertyValueSpecification\",\"valueRequired\":true,\"valueName\":\"search_term_string\"}}],\"inLanguage\":\"es\"},{\"@type\":\"Person\",\"@id\":\"https:\\\/\\\/www.bbmnoticias.com\\\/labravaradiofm\\\/#\\\/schema\\\/person\\\/721d0cdff27d6c6be0b7dfbd566fedd1\",\"name\":\"Milenio\",\"image\":{\"@type\":\"ImageObject\",\"inLanguage\":\"es\",\"@id\":\"https:\\\/\\\/secure.gravatar.com\\\/avatar\\\/cc78c90822baf77761fc8dc7e5a764bdbe7760545b0e1698cf9eff8a1818736c?s=96&d=mm&r=g\",\"url\":\"https:\\\/\\\/secure.gravatar.com\\\/avatar\\\/cc78c90822baf77761fc8dc7e5a764bdbe7760545b0e1698cf9eff8a1818736c?s=96&d=mm&r=g\",\"contentUrl\":\"https:\\\/\\\/secure.gravatar.com\\\/avatar\\\/cc78c90822baf77761fc8dc7e5a764bdbe7760545b0e1698cf9eff8a1818736c?s=96&d=mm&r=g\",\"caption\":\"Milenio\"},\"url\":\"https:\\\/\\\/www.bbmnoticias.com\\\/labravaradiofm\\\/author\\\/milenio\\\/\"}]}<\/script>\n<!-- \/ Yoast SEO plugin. -->","yoast_head_json":{"title":"S\u00edntomas de \u00d3micron y lo que debes saber sobre esta variante del covid - LA BRAVA RADIO","robots":{"index":"index","follow":"follow","max-snippet":"max-snippet:-1","max-image-preview":"max-image-preview:large","max-video-preview":"max-video-preview:-1"},"canonical":"https:\/\/www.bbmnoticias.com\/labravaradiofm\/2021\/12\/21\/sintomas-de-omicron-y-lo-que-debes-saber-sobre-esta-variante-del-covid\/","og_locale":"es_MX","og_type":"article","og_title":"S\u00edntomas de \u00d3micron y lo que debes saber sobre esta variante del covid - LA BRAVA RADIO","og_description":"En M\u00e9xico se han identificado un total de 23 personas contagiadas con la variante \u00f3micron de covid-19. Pero \u00bfcu\u00e1les son los s\u00edntomas? \u00bfEs verdad que los s\u00edntomas son parecidos al resfriado com\u00fan? \u00bfSe parecen a una resaca? Te contamos todo lo que sabemos. De acuerdo con lo informado por Hugo L\u00f3pez-Gatell los s\u00edntomas de la [&hellip;]","og_url":"https:\/\/www.bbmnoticias.com\/labravaradiofm\/2021\/12\/21\/sintomas-de-omicron-y-lo-que-debes-saber-sobre-esta-variante-del-covid\/","og_site_name":"LA BRAVA RADIO","article_published_time":"2021-12-21T21:35:24+00:00","article_modified_time":"2021-12-21T21:35:26+00:00","og_image":[{"width":1200,"height":812,"url":"https:\/\/www.bbmnoticias.com\/labravaradiofm\/wp-content\/uploads\/sites\/5\/2021\/12\/variante-omicron-1.jpg","type":"image\/jpeg"}],"author":"Milenio","twitter_card":"summary_large_image","twitter_misc":{"Escrito por":"Milenio","Tiempo de lectura":"3 minutos"},"schema":{"@context":"https:\/\/schema.org","@graph":[{"@type":"Article","@id":"https:\/\/www.bbmnoticias.com\/labravaradiofm\/2021\/12\/21\/sintomas-de-omicron-y-lo-que-debes-saber-sobre-esta-variante-del-covid\/#article","isPartOf":{"@id":"https:\/\/www.bbmnoticias.com\/labravaradiofm\/2021\/12\/21\/sintomas-de-omicron-y-lo-que-debes-saber-sobre-esta-variante-del-covid\/"},"author":{"name":"Milenio","@id":"https:\/\/www.bbmnoticias.com\/labravaradiofm\/#\/schema\/person\/721d0cdff27d6c6be0b7dfbd566fedd1"},"headline":"S\u00edntomas de \u00d3micron y lo que debes saber sobre esta variante del covid","datePublished":"2021-12-21T21:35:24+00:00","dateModified":"2021-12-21T21:35:26+00:00","mainEntityOfPage":{"@id":"https:\/\/www.bbmnoticias.com\/labravaradiofm\/2021\/12\/21\/sintomas-de-omicron-y-lo-que-debes-saber-sobre-esta-variante-del-covid\/"},"wordCount":531,"image":{"@id":"https:\/\/www.bbmnoticias.com\/labravaradiofm\/2021\/12\/21\/sintomas-de-omicron-y-lo-que-debes-saber-sobre-esta-variante-del-covid\/#primaryimage"},"thumbnailUrl":"https:\/\/www.bbmnoticias.com\/labravaradiofm\/wp-content\/uploads\/sites\/5\/2021\/12\/variante-omicron-1.jpg","articleSection":["NACIONAL"],"inLanguage":"es"},{"@type":"WebPage","@id":"https:\/\/www.bbmnoticias.com\/labravaradiofm\/2021\/12\/21\/sintomas-de-omicron-y-lo-que-debes-saber-sobre-esta-variante-del-covid\/","url":"https:\/\/www.bbmnoticias.com\/labravaradiofm\/2021\/12\/21\/sintomas-de-omicron-y-lo-que-debes-saber-sobre-esta-variante-del-covid\/","name":"S\u00edntomas de \u00d3micron y lo que debes saber sobre esta variante del covid - LA BRAVA RADIO","isPartOf":{"@id":"https:\/\/www.bbmnoticias.com\/labravaradiofm\/#website"},"primaryImageOfPage":{"@id":"https:\/\/www.bbmnoticias.com\/labravaradiofm\/2021\/12\/21\/sintomas-de-omicron-y-lo-que-debes-saber-sobre-esta-variante-del-covid\/#primaryimage"},"image":{"@id":"https:\/\/www.bbmnoticias.com\/labravaradiofm\/2021\/12\/21\/sintomas-de-omicron-y-lo-que-debes-saber-sobre-esta-variante-del-covid\/#primaryimage"},"thumbnailUrl":"https:\/\/www.bbmnoticias.com\/labravaradiofm\/wp-content\/uploads\/sites\/5\/2021\/12\/variante-omicron-1.jpg","datePublished":"2021-12-21T21:35:24+00:00","dateModified":"2021-12-21T21:35:26+00:00","author":{"@id":"https:\/\/www.bbmnoticias.com\/labravaradiofm\/#\/schema\/person\/721d0cdff27d6c6be0b7dfbd566fedd1"},"breadcrumb":{"@id":"https:\/\/www.bbmnoticias.com\/labravaradiofm\/2021\/12\/21\/sintomas-de-omicron-y-lo-que-debes-saber-sobre-esta-variante-del-covid\/#breadcrumb"},"inLanguage":"es","potentialAction":[{"@type":"ReadAction","target":["https:\/\/www.bbmnoticias.com\/labravaradiofm\/2021\/12\/21\/sintomas-de-omicron-y-lo-que-debes-saber-sobre-esta-variante-del-covid\/"]}]},{"@type":"ImageObject","inLanguage":"es","@id":"https:\/\/www.bbmnoticias.com\/labravaradiofm\/2021\/12\/21\/sintomas-de-omicron-y-lo-que-debes-saber-sobre-esta-variante-del-covid\/#primaryimage","url":"https:\/\/www.bbmnoticias.com\/labravaradiofm\/wp-content\/uploads\/sites\/5\/2021\/12\/variante-omicron-1.jpg","contentUrl":"https:\/\/www.bbmnoticias.com\/labravaradiofm\/wp-content\/uploads\/sites\/5\/2021\/12\/variante-omicron-1.jpg","width":1200,"height":812},{"@type":"BreadcrumbList","@id":"https:\/\/www.bbmnoticias.com\/labravaradiofm\/2021\/12\/21\/sintomas-de-omicron-y-lo-que-debes-saber-sobre-esta-variante-del-covid\/#breadcrumb","itemListElement":[{"@type":"ListItem","position":1,"name":"Inicio","item":"https:\/\/www.bbmnoticias.com\/labravaradiofm\/"},{"@type":"ListItem","position":2,"name":"S\u00edntomas de \u00d3micron y lo que debes saber sobre esta variante del covid"}]},{"@type":"WebSite","@id":"https:\/\/www.bbmnoticias.com\/labravaradiofm\/#website","url":"https:\/\/www.bbmnoticias.com\/labravaradiofm\/","name":"LA BRAVA RADIO","description":"Empresa productora de medios, Radiodifusi\u00f3n, Noticias, tendencias y todo lo que necesitas saber de la pol\u00edtica mexicana e internacional; entretenimiento, espect\u00e1culos, salud y mucho m\u00e1s.","potentialAction":[{"@type":"SearchAction","target":{"@type":"EntryPoint","urlTemplate":"https:\/\/www.bbmnoticias.com\/labravaradiofm\/?s={search_term_string}"},"query-input":{"@type":"PropertyValueSpecification","valueRequired":true,"valueName":"search_term_string"}}],"inLanguage":"es"},{"@type":"Person","@id":"https:\/\/www.bbmnoticias.com\/labravaradiofm\/#\/schema\/person\/721d0cdff27d6c6be0b7dfbd566fedd1","name":"Milenio","image":{"@type":"ImageObject","inLanguage":"es","@id":"https:\/\/secure.gravatar.com\/avatar\/cc78c90822baf77761fc8dc7e5a764bdbe7760545b0e1698cf9eff8a1818736c?s=96&d=mm&r=g","url":"https:\/\/secure.gravatar.com\/avatar\/cc78c90822baf77761fc8dc7e5a764bdbe7760545b0e1698cf9eff8a1818736c?s=96&d=mm&r=g","contentUrl":"https:\/\/secure.gravatar.com\/avatar\/cc78c90822baf77761fc8dc7e5a764bdbe7760545b0e1698cf9eff8a1818736c?s=96&d=mm&r=g","caption":"Milenio"},"url":"https:\/\/www.bbmnoticias.com\/labravaradiofm\/author\/milenio\/"}]}},"_links":{"self":[{"href":"https:\/\/www.bbmnoticias.com\/labravaradiofm\/wp-json\/wp\/v2\/posts\/7579","targetHints":{"allow":["GET"]}}],"collection":[{"href":"https:\/\/www.bbmnoticias.com\/labravaradiofm\/wp-json\/wp\/v2\/posts"}],"about":[{"href":"https:\/\/www.bbmnoticias.com\/labravaradiofm\/wp-json\/wp\/v2\/types\/post"}],"author":[{"embeddable":true,"href":"https:\/\/www.bbmnoticias.com\/labravaradiofm\/wp-json\/wp\/v2\/users\/9"}],"replies":[{"embeddable":true,"href":"https:\/\/www.bbmnoticias.com\/labravaradiofm\/wp-json\/wp\/v2\/comments?post=7579"}],"version-history":[{"count":0,"href":"https:\/\/www.bbmnoticias.com\/labravaradiofm\/wp-json\/wp\/v2\/posts\/7579\/revisions"}],"wp:featuredmedia":[{"embeddable":true,"href":"https:\/\/www.bbmnoticias.com\/labravaradiofm\/wp-json\/wp\/v2\/media\/7580"}],"wp:attachment":[{"href":"https:\/\/www.bbmnoticias.com\/labravaradiofm\/wp-json\/wp\/v2\/media?parent=7579"}],"wp:term":[{"taxonomy":"category","embeddable":true,"href":"https:\/\/www.bbmnoticias.com\/labravaradiofm\/wp-json\/wp\/v2\/categories?post=7579"},{"taxonomy":"post_tag","embeddable":true,"href":"https:\/\/www.bbmnoticias.com\/labravaradiofm\/wp-json\/wp\/v2\/tags?post=7579"}],"curies":[{"name":"wp","href":"https:\/\/api.w.org\/{rel}","templated":true}]}}