{"id":7575,"date":"2021-12-21T15:19:09","date_gmt":"2021-12-21T21:19:09","guid":{"rendered":"https:\/\/www.bbmnoticias.com\/labravaradiofm\/?p=7575"},"modified":"2021-12-21T15:19:42","modified_gmt":"2021-12-21T21:19:42","slug":"ecomendacion-de-oms-de-no-realizar-celebraciones-es-para-europa-hugo-lopez-gatell","status":"publish","type":"post","link":"https:\/\/www.bbmnoticias.com\/labravaradiofm\/2021\/12\/21\/ecomendacion-de-oms-de-no-realizar-celebraciones-es-para-europa-hugo-lopez-gatell\/","title":{"rendered":"Recomendaci\u00f3n de OMS de no realizar celebraciones es para Europa: Hugo L\u00f3pez-Gatell"},"content":{"rendered":"<div style=\"margin-top: 0px; margin-bottom: 0px;\" class=\"sharethis-inline-share-buttons\" ><\/div>\n<p><strong>Hugo L\u00f3pez-Gatell<\/strong>, subsecretario de Promoci\u00f3n de la Salud, asegur\u00f3 que la recomendaci\u00f3n de la <strong>Organizaci\u00f3n Mundial de la Salud <\/strong>(OMS) para posponer las <strong>celebraciones navide\u00f1as<\/strong> es en referencia s\u00f3lo en el caso de repunte de casos de nueva<strong> variante \u00f3micron<\/strong> en Europa, y acus\u00f3 a los <strong>medios en M\u00e9xico<\/strong> de <strong>sacar de contexto<\/strong> esta declaraci\u00f3n del director del organismo, <strong>Tedros Adhanom Ghebreyesu.<\/strong><\/p>\n\n\n\n<p>En conferencia de prensa matutina, el subsecretario explic\u00f3 que las declaraciones del director de la OMS fueron hechas luego de que en <strong>Europa<\/strong> se tienen <strong>m\u00e1s de dos meses con un alza de contagios \u201cindependiente de \u00f3micron\u201d.<\/strong><br>&nbsp;<\/p>\n\n\n\n<p>\u201cSobre recomendaciones generales, es com\u00fan que de las conferencias de prensa que hace el propio director de la Organizaci\u00f3n Mundial de la Salud, el doctor Tedros Ghebreyesus, los medios en M\u00e9xico y en otras partes del mundo saquen extractos, a veces fuera de contexto, amplifiquen lo que se dice sin poner todo el contexto&#8221;, resalt\u00f3.<br>&nbsp;<\/p>\n\n\n\n<p>\u201cEntonces, el se\u00f1alamiento que hizo ayer el director de la OMS est\u00e1 contextualizado en esa circunstancia: una regi\u00f3n muy amplia del mundo, donde habita una gran cantidad de personas, en este momento necesitan entrar en confinamiento para que los sistemas de salud de esa regi\u00f3n no colapsen y ese contexto es que est\u00e1 recomendando reducir la movilidad y el encuentro de personas, y a eso se refiri\u00f3 con el tema de las distintas fiestas que ocurren en el hemisferio norte\u201d, dijo.<\/p>\n","protected":false},"excerpt":{"rendered":"<p>Hugo L\u00f3pez-Gatell, subsecretario de Promoci\u00f3n de la Salud, asegur\u00f3 que la recomendaci\u00f3n de la Organizaci\u00f3n Mundial de la Salud (OMS) para posponer las celebraciones navide\u00f1as es en referencia s\u00f3lo en el caso de repunte de casos de nueva variante \u00f3micron en Europa, y acus\u00f3 a los medios en M\u00e9xico de sacar de contexto esta declaraci\u00f3n [&hellip;]<\/p>\n","protected":false},"author":10,"featured_media":7576,"comment_status":"closed","ping_status":"closed","sticky":false,"template":"","format":"standard","meta":{"footnotes":""},"categories":[19],"tags":[],"class_list":{"0":"post-7575","1":"post","2":"type-post","3":"status-publish","4":"format-standard","5":"has-post-thumbnail","7":"category-nacional"},"yoast_head":"<!-- This site is optimized with the Yoast SEO plugin v27.4 - https:\/\/yoast.com\/product\/yoast-seo-wordpress\/ -->\n<title>Recomendaci\u00f3n de OMS de no realizar celebraciones es para Europa: Hugo L\u00f3pez-Gatell - LA BRAVA RADIO<\/title>\n<meta name=\"robots\" content=\"index, follow, max-snippet:-1, max-image-preview:large, max-video-preview:-1\" \/>\n<link rel=\"canonical\" href=\"https:\/\/www.bbmnoticias.com\/labravaradiofm\/2021\/12\/21\/ecomendacion-de-oms-de-no-realizar-celebraciones-es-para-europa-hugo-lopez-gatell\/\" \/>\n<meta property=\"og:locale\" content=\"es_MX\" \/>\n<meta property=\"og:type\" content=\"article\" \/>\n<meta property=\"og:title\" content=\"Recomendaci\u00f3n de OMS de no realizar celebraciones es para Europa: Hugo L\u00f3pez-Gatell - LA BRAVA RADIO\" \/>\n<meta property=\"og:description\" content=\"Hugo L\u00f3pez-Gatell, subsecretario de Promoci\u00f3n de la Salud, asegur\u00f3 que la recomendaci\u00f3n de la Organizaci\u00f3n Mundial de la Salud (OMS) para posponer las celebraciones navide\u00f1as es en referencia s\u00f3lo en el caso de repunte de casos de nueva variante \u00f3micron en Europa, y acus\u00f3 a los medios en M\u00e9xico de sacar de contexto esta declaraci\u00f3n [&hellip;]\" \/>\n<meta property=\"og:url\" content=\"https:\/\/www.bbmnoticias.com\/labravaradiofm\/2021\/12\/21\/ecomendacion-de-oms-de-no-realizar-celebraciones-es-para-europa-hugo-lopez-gatell\/\" \/>\n<meta property=\"og:site_name\" content=\"LA BRAVA RADIO\" \/>\n<meta property=\"article:published_time\" content=\"2021-12-21T21:19:09+00:00\" \/>\n<meta property=\"article:modified_time\" content=\"2021-12-21T21:19:42+00:00\" \/>\n<meta property=\"og:image\" content=\"https:\/\/www.bbmnoticias.com\/labravaradiofm\/wp-content\/uploads\/sites\/5\/2021\/12\/lopez-gatell-oms.webp\" \/>\n\t<meta property=\"og:image:width\" content=\"1201\" \/>\n\t<meta property=\"og:image:height\" content=\"740\" \/>\n\t<meta property=\"og:image:type\" content=\"image\/webp\" \/>\n<meta name=\"author\" content=\"El Universal\" \/>\n<meta name=\"twitter:card\" content=\"summary_large_image\" \/>\n<meta name=\"twitter:label1\" content=\"Escrito por\" \/>\n\t<meta name=\"twitter:data1\" content=\"El Universal\" \/>\n\t<meta name=\"twitter:label2\" content=\"Tiempo de lectura\" \/>\n\t<meta name=\"twitter:data2\" content=\"2 minutos\" \/>\n<script type=\"application\/ld+json\" class=\"yoast-schema-graph\">{\"@context\":\"https:\\\/\\\/schema.org\",\"@graph\":[{\"@type\":\"Article\",\"@id\":\"https:\\\/\\\/www.bbmnoticias.com\\\/labravaradiofm\\\/2021\\\/12\\\/21\\\/ecomendacion-de-oms-de-no-realizar-celebraciones-es-para-europa-hugo-lopez-gatell\\\/#article\",\"isPartOf\":{\"@id\":\"https:\\\/\\\/www.bbmnoticias.com\\\/labravaradiofm\\\/2021\\\/12\\\/21\\\/ecomendacion-de-oms-de-no-realizar-celebraciones-es-para-europa-hugo-lopez-gatell\\\/\"},\"author\":{\"name\":\"El Universal\",\"@id\":\"https:\\\/\\\/www.bbmnoticias.com\\\/labravaradiofm\\\/#\\\/schema\\\/person\\\/2a5252389acf1e67397601bfd47df59b\"},\"headline\":\"Recomendaci\u00f3n de OMS de no realizar celebraciones es para Europa: Hugo L\u00f3pez-Gatell\",\"datePublished\":\"2021-12-21T21:19:09+00:00\",\"dateModified\":\"2021-12-21T21:19:42+00:00\",\"mainEntityOfPage\":{\"@id\":\"https:\\\/\\\/www.bbmnoticias.com\\\/labravaradiofm\\\/2021\\\/12\\\/21\\\/ecomendacion-de-oms-de-no-realizar-celebraciones-es-para-europa-hugo-lopez-gatell\\\/\"},\"wordCount\":266,\"image\":{\"@id\":\"https:\\\/\\\/www.bbmnoticias.com\\\/labravaradiofm\\\/2021\\\/12\\\/21\\\/ecomendacion-de-oms-de-no-realizar-celebraciones-es-para-europa-hugo-lopez-gatell\\\/#primaryimage\"},\"thumbnailUrl\":\"https:\\\/\\\/www.bbmnoticias.com\\\/labravaradiofm\\\/wp-content\\\/uploads\\\/sites\\\/5\\\/2021\\\/12\\\/lopez-gatell-oms.webp\",\"articleSection\":[\"NACIONAL\"],\"inLanguage\":\"es\"},{\"@type\":\"WebPage\",\"@id\":\"https:\\\/\\\/www.bbmnoticias.com\\\/labravaradiofm\\\/2021\\\/12\\\/21\\\/ecomendacion-de-oms-de-no-realizar-celebraciones-es-para-europa-hugo-lopez-gatell\\\/\",\"url\":\"https:\\\/\\\/www.bbmnoticias.com\\\/labravaradiofm\\\/2021\\\/12\\\/21\\\/ecomendacion-de-oms-de-no-realizar-celebraciones-es-para-europa-hugo-lopez-gatell\\\/\",\"name\":\"Recomendaci\u00f3n de OMS de no realizar celebraciones es para Europa: Hugo L\u00f3pez-Gatell - LA BRAVA RADIO\",\"isPartOf\":{\"@id\":\"https:\\\/\\\/www.bbmnoticias.com\\\/labravaradiofm\\\/#website\"},\"primaryImageOfPage\":{\"@id\":\"https:\\\/\\\/www.bbmnoticias.com\\\/labravaradiofm\\\/2021\\\/12\\\/21\\\/ecomendacion-de-oms-de-no-realizar-celebraciones-es-para-europa-hugo-lopez-gatell\\\/#primaryimage\"},\"image\":{\"@id\":\"https:\\\/\\\/www.bbmnoticias.com\\\/labravaradiofm\\\/2021\\\/12\\\/21\\\/ecomendacion-de-oms-de-no-realizar-celebraciones-es-para-europa-hugo-lopez-gatell\\\/#primaryimage\"},\"thumbnailUrl\":\"https:\\\/\\\/www.bbmnoticias.com\\\/labravaradiofm\\\/wp-content\\\/uploads\\\/sites\\\/5\\\/2021\\\/12\\\/lopez-gatell-oms.webp\",\"datePublished\":\"2021-12-21T21:19:09+00:00\",\"dateModified\":\"2021-12-21T21:19:42+00:00\",\"author\":{\"@id\":\"https:\\\/\\\/www.bbmnoticias.com\\\/labravaradiofm\\\/#\\\/schema\\\/person\\\/2a5252389acf1e67397601bfd47df59b\"},\"breadcrumb\":{\"@id\":\"https:\\\/\\\/www.bbmnoticias.com\\\/labravaradiofm\\\/2021\\\/12\\\/21\\\/ecomendacion-de-oms-de-no-realizar-celebraciones-es-para-europa-hugo-lopez-gatell\\\/#breadcrumb\"},\"inLanguage\":\"es\",\"potentialAction\":[{\"@type\":\"ReadAction\",\"target\":[\"https:\\\/\\\/www.bbmnoticias.com\\\/labravaradiofm\\\/2021\\\/12\\\/21\\\/ecomendacion-de-oms-de-no-realizar-celebraciones-es-para-europa-hugo-lopez-gatell\\\/\"]}]},{\"@type\":\"ImageObject\",\"inLanguage\":\"es\",\"@id\":\"https:\\\/\\\/www.bbmnoticias.com\\\/labravaradiofm\\\/2021\\\/12\\\/21\\\/ecomendacion-de-oms-de-no-realizar-celebraciones-es-para-europa-hugo-lopez-gatell\\\/#primaryimage\",\"url\":\"https:\\\/\\\/www.bbmnoticias.com\\\/labravaradiofm\\\/wp-content\\\/uploads\\\/sites\\\/5\\\/2021\\\/12\\\/lopez-gatell-oms.webp\",\"contentUrl\":\"https:\\\/\\\/www.bbmnoticias.com\\\/labravaradiofm\\\/wp-content\\\/uploads\\\/sites\\\/5\\\/2021\\\/12\\\/lopez-gatell-oms.webp\",\"width\":1201,\"height\":740},{\"@type\":\"BreadcrumbList\",\"@id\":\"https:\\\/\\\/www.bbmnoticias.com\\\/labravaradiofm\\\/2021\\\/12\\\/21\\\/ecomendacion-de-oms-de-no-realizar-celebraciones-es-para-europa-hugo-lopez-gatell\\\/#breadcrumb\",\"itemListElement\":[{\"@type\":\"ListItem\",\"position\":1,\"name\":\"Inicio\",\"item\":\"https:\\\/\\\/www.bbmnoticias.com\\\/labravaradiofm\\\/\"},{\"@type\":\"ListItem\",\"position\":2,\"name\":\"Recomendaci\u00f3n de OMS de no realizar celebraciones es para Europa: Hugo L\u00f3pez-Gatell\"}]},{\"@type\":\"WebSite\",\"@id\":\"https:\\\/\\\/www.bbmnoticias.com\\\/labravaradiofm\\\/#website\",\"url\":\"https:\\\/\\\/www.bbmnoticias.com\\\/labravaradiofm\\\/\",\"name\":\"LA BRAVA RADIO\",\"description\":\"Empresa productora de medios, Radiodifusi\u00f3n, Noticias, tendencias y todo lo que necesitas saber de la pol\u00edtica mexicana e internacional; entretenimiento, espect\u00e1culos, salud y mucho m\u00e1s.\",\"potentialAction\":[{\"@type\":\"SearchAction\",\"target\":{\"@type\":\"EntryPoint\",\"urlTemplate\":\"https:\\\/\\\/www.bbmnoticias.com\\\/labravaradiofm\\\/?s={search_term_string}\"},\"query-input\":{\"@type\":\"PropertyValueSpecification\",\"valueRequired\":true,\"valueName\":\"search_term_string\"}}],\"inLanguage\":\"es\"},{\"@type\":\"Person\",\"@id\":\"https:\\\/\\\/www.bbmnoticias.com\\\/labravaradiofm\\\/#\\\/schema\\\/person\\\/2a5252389acf1e67397601bfd47df59b\",\"name\":\"El Universal\",\"image\":{\"@type\":\"ImageObject\",\"inLanguage\":\"es\",\"@id\":\"https:\\\/\\\/secure.gravatar.com\\\/avatar\\\/71c770e6e00bd7cb8183e56d1c59f81601544fbe41d802d7c17d05c9e25f7d06?s=96&d=mm&r=g\",\"url\":\"https:\\\/\\\/secure.gravatar.com\\\/avatar\\\/71c770e6e00bd7cb8183e56d1c59f81601544fbe41d802d7c17d05c9e25f7d06?s=96&d=mm&r=g\",\"contentUrl\":\"https:\\\/\\\/secure.gravatar.com\\\/avatar\\\/71c770e6e00bd7cb8183e56d1c59f81601544fbe41d802d7c17d05c9e25f7d06?s=96&d=mm&r=g\",\"caption\":\"El Universal\"},\"url\":\"https:\\\/\\\/www.bbmnoticias.com\\\/labravaradiofm\\\/author\\\/eluniversal\\\/\"}]}<\/script>\n<!-- \/ Yoast SEO plugin. -->","yoast_head_json":{"title":"Recomendaci\u00f3n de OMS de no realizar celebraciones es para Europa: Hugo L\u00f3pez-Gatell - LA BRAVA RADIO","robots":{"index":"index","follow":"follow","max-snippet":"max-snippet:-1","max-image-preview":"max-image-preview:large","max-video-preview":"max-video-preview:-1"},"canonical":"https:\/\/www.bbmnoticias.com\/labravaradiofm\/2021\/12\/21\/ecomendacion-de-oms-de-no-realizar-celebraciones-es-para-europa-hugo-lopez-gatell\/","og_locale":"es_MX","og_type":"article","og_title":"Recomendaci\u00f3n de OMS de no realizar celebraciones es para Europa: Hugo L\u00f3pez-Gatell - LA BRAVA RADIO","og_description":"Hugo L\u00f3pez-Gatell, subsecretario de Promoci\u00f3n de la Salud, asegur\u00f3 que la recomendaci\u00f3n de la Organizaci\u00f3n Mundial de la Salud (OMS) para posponer las celebraciones navide\u00f1as es en referencia s\u00f3lo en el caso de repunte de casos de nueva variante \u00f3micron en Europa, y acus\u00f3 a los medios en M\u00e9xico de sacar de contexto esta declaraci\u00f3n [&hellip;]","og_url":"https:\/\/www.bbmnoticias.com\/labravaradiofm\/2021\/12\/21\/ecomendacion-de-oms-de-no-realizar-celebraciones-es-para-europa-hugo-lopez-gatell\/","og_site_name":"LA BRAVA RADIO","article_published_time":"2021-12-21T21:19:09+00:00","article_modified_time":"2021-12-21T21:19:42+00:00","og_image":[{"width":1201,"height":740,"url":"https:\/\/www.bbmnoticias.com\/labravaradiofm\/wp-content\/uploads\/sites\/5\/2021\/12\/lopez-gatell-oms.webp","type":"image\/webp"}],"author":"El Universal","twitter_card":"summary_large_image","twitter_misc":{"Escrito por":"El Universal","Tiempo de lectura":"2 minutos"},"schema":{"@context":"https:\/\/schema.org","@graph":[{"@type":"Article","@id":"https:\/\/www.bbmnoticias.com\/labravaradiofm\/2021\/12\/21\/ecomendacion-de-oms-de-no-realizar-celebraciones-es-para-europa-hugo-lopez-gatell\/#article","isPartOf":{"@id":"https:\/\/www.bbmnoticias.com\/labravaradiofm\/2021\/12\/21\/ecomendacion-de-oms-de-no-realizar-celebraciones-es-para-europa-hugo-lopez-gatell\/"},"author":{"name":"El Universal","@id":"https:\/\/www.bbmnoticias.com\/labravaradiofm\/#\/schema\/person\/2a5252389acf1e67397601bfd47df59b"},"headline":"Recomendaci\u00f3n de OMS de no realizar celebraciones es para Europa: Hugo L\u00f3pez-Gatell","datePublished":"2021-12-21T21:19:09+00:00","dateModified":"2021-12-21T21:19:42+00:00","mainEntityOfPage":{"@id":"https:\/\/www.bbmnoticias.com\/labravaradiofm\/2021\/12\/21\/ecomendacion-de-oms-de-no-realizar-celebraciones-es-para-europa-hugo-lopez-gatell\/"},"wordCount":266,"image":{"@id":"https:\/\/www.bbmnoticias.com\/labravaradiofm\/2021\/12\/21\/ecomendacion-de-oms-de-no-realizar-celebraciones-es-para-europa-hugo-lopez-gatell\/#primaryimage"},"thumbnailUrl":"https:\/\/www.bbmnoticias.com\/labravaradiofm\/wp-content\/uploads\/sites\/5\/2021\/12\/lopez-gatell-oms.webp","articleSection":["NACIONAL"],"inLanguage":"es"},{"@type":"WebPage","@id":"https:\/\/www.bbmnoticias.com\/labravaradiofm\/2021\/12\/21\/ecomendacion-de-oms-de-no-realizar-celebraciones-es-para-europa-hugo-lopez-gatell\/","url":"https:\/\/www.bbmnoticias.com\/labravaradiofm\/2021\/12\/21\/ecomendacion-de-oms-de-no-realizar-celebraciones-es-para-europa-hugo-lopez-gatell\/","name":"Recomendaci\u00f3n de OMS de no realizar celebraciones es para Europa: Hugo L\u00f3pez-Gatell - LA BRAVA RADIO","isPartOf":{"@id":"https:\/\/www.bbmnoticias.com\/labravaradiofm\/#website"},"primaryImageOfPage":{"@id":"https:\/\/www.bbmnoticias.com\/labravaradiofm\/2021\/12\/21\/ecomendacion-de-oms-de-no-realizar-celebraciones-es-para-europa-hugo-lopez-gatell\/#primaryimage"},"image":{"@id":"https:\/\/www.bbmnoticias.com\/labravaradiofm\/2021\/12\/21\/ecomendacion-de-oms-de-no-realizar-celebraciones-es-para-europa-hugo-lopez-gatell\/#primaryimage"},"thumbnailUrl":"https:\/\/www.bbmnoticias.com\/labravaradiofm\/wp-content\/uploads\/sites\/5\/2021\/12\/lopez-gatell-oms.webp","datePublished":"2021-12-21T21:19:09+00:00","dateModified":"2021-12-21T21:19:42+00:00","author":{"@id":"https:\/\/www.bbmnoticias.com\/labravaradiofm\/#\/schema\/person\/2a5252389acf1e67397601bfd47df59b"},"breadcrumb":{"@id":"https:\/\/www.bbmnoticias.com\/labravaradiofm\/2021\/12\/21\/ecomendacion-de-oms-de-no-realizar-celebraciones-es-para-europa-hugo-lopez-gatell\/#breadcrumb"},"inLanguage":"es","potentialAction":[{"@type":"ReadAction","target":["https:\/\/www.bbmnoticias.com\/labravaradiofm\/2021\/12\/21\/ecomendacion-de-oms-de-no-realizar-celebraciones-es-para-europa-hugo-lopez-gatell\/"]}]},{"@type":"ImageObject","inLanguage":"es","@id":"https:\/\/www.bbmnoticias.com\/labravaradiofm\/2021\/12\/21\/ecomendacion-de-oms-de-no-realizar-celebraciones-es-para-europa-hugo-lopez-gatell\/#primaryimage","url":"https:\/\/www.bbmnoticias.com\/labravaradiofm\/wp-content\/uploads\/sites\/5\/2021\/12\/lopez-gatell-oms.webp","contentUrl":"https:\/\/www.bbmnoticias.com\/labravaradiofm\/wp-content\/uploads\/sites\/5\/2021\/12\/lopez-gatell-oms.webp","width":1201,"height":740},{"@type":"BreadcrumbList","@id":"https:\/\/www.bbmnoticias.com\/labravaradiofm\/2021\/12\/21\/ecomendacion-de-oms-de-no-realizar-celebraciones-es-para-europa-hugo-lopez-gatell\/#breadcrumb","itemListElement":[{"@type":"ListItem","position":1,"name":"Inicio","item":"https:\/\/www.bbmnoticias.com\/labravaradiofm\/"},{"@type":"ListItem","position":2,"name":"Recomendaci\u00f3n de OMS de no realizar celebraciones es para Europa: Hugo L\u00f3pez-Gatell"}]},{"@type":"WebSite","@id":"https:\/\/www.bbmnoticias.com\/labravaradiofm\/#website","url":"https:\/\/www.bbmnoticias.com\/labravaradiofm\/","name":"LA BRAVA RADIO","description":"Empresa productora de medios, Radiodifusi\u00f3n, Noticias, tendencias y todo lo que necesitas saber de la pol\u00edtica mexicana e internacional; entretenimiento, espect\u00e1culos, salud y mucho m\u00e1s.","potentialAction":[{"@type":"SearchAction","target":{"@type":"EntryPoint","urlTemplate":"https:\/\/www.bbmnoticias.com\/labravaradiofm\/?s={search_term_string}"},"query-input":{"@type":"PropertyValueSpecification","valueRequired":true,"valueName":"search_term_string"}}],"inLanguage":"es"},{"@type":"Person","@id":"https:\/\/www.bbmnoticias.com\/labravaradiofm\/#\/schema\/person\/2a5252389acf1e67397601bfd47df59b","name":"El Universal","image":{"@type":"ImageObject","inLanguage":"es","@id":"https:\/\/secure.gravatar.com\/avatar\/71c770e6e00bd7cb8183e56d1c59f81601544fbe41d802d7c17d05c9e25f7d06?s=96&d=mm&r=g","url":"https:\/\/secure.gravatar.com\/avatar\/71c770e6e00bd7cb8183e56d1c59f81601544fbe41d802d7c17d05c9e25f7d06?s=96&d=mm&r=g","contentUrl":"https:\/\/secure.gravatar.com\/avatar\/71c770e6e00bd7cb8183e56d1c59f81601544fbe41d802d7c17d05c9e25f7d06?s=96&d=mm&r=g","caption":"El Universal"},"url":"https:\/\/www.bbmnoticias.com\/labravaradiofm\/author\/eluniversal\/"}]}},"_links":{"self":[{"href":"https:\/\/www.bbmnoticias.com\/labravaradiofm\/wp-json\/wp\/v2\/posts\/7575","targetHints":{"allow":["GET"]}}],"collection":[{"href":"https:\/\/www.bbmnoticias.com\/labravaradiofm\/wp-json\/wp\/v2\/posts"}],"about":[{"href":"https:\/\/www.bbmnoticias.com\/labravaradiofm\/wp-json\/wp\/v2\/types\/post"}],"author":[{"embeddable":true,"href":"https:\/\/www.bbmnoticias.com\/labravaradiofm\/wp-json\/wp\/v2\/users\/10"}],"replies":[{"embeddable":true,"href":"https:\/\/www.bbmnoticias.com\/labravaradiofm\/wp-json\/wp\/v2\/comments?post=7575"}],"version-history":[{"count":0,"href":"https:\/\/www.bbmnoticias.com\/labravaradiofm\/wp-json\/wp\/v2\/posts\/7575\/revisions"}],"wp:featuredmedia":[{"embeddable":true,"href":"https:\/\/www.bbmnoticias.com\/labravaradiofm\/wp-json\/wp\/v2\/media\/7576"}],"wp:attachment":[{"href":"https:\/\/www.bbmnoticias.com\/labravaradiofm\/wp-json\/wp\/v2\/media?parent=7575"}],"wp:term":[{"taxonomy":"category","embeddable":true,"href":"https:\/\/www.bbmnoticias.com\/labravaradiofm\/wp-json\/wp\/v2\/categories?post=7575"},{"taxonomy":"post_tag","embeddable":true,"href":"https:\/\/www.bbmnoticias.com\/labravaradiofm\/wp-json\/wp\/v2\/tags?post=7575"}],"curies":[{"name":"wp","href":"https:\/\/api.w.org\/{rel}","templated":true}]}}