{"id":7572,"date":"2021-12-21T14:55:05","date_gmt":"2021-12-21T20:55:05","guid":{"rendered":"https:\/\/www.bbmnoticias.com\/labravaradiofm\/?p=7572"},"modified":"2021-12-21T14:55:07","modified_gmt":"2021-12-21T20:55:07","slug":"inician-paro-policias-viales-municipales-tampoco-les-pagaron-aguinaldo","status":"publish","type":"post","link":"https:\/\/www.bbmnoticias.com\/labravaradiofm\/2021\/12\/21\/inician-paro-policias-viales-municipales-tampoco-les-pagaron-aguinaldo\/","title":{"rendered":"Inician paro polic\u00edas viales municipales, tampoco les pagaron aguinaldo"},"content":{"rendered":"<div style=\"margin-top: 0px; margin-bottom: 0px;\" class=\"sharethis-inline-share-buttons\" ><\/div>\n<p>OAXACA, Oax. 21 de diciembre de 2021.- Trescientos elementos de la Polic\u00eda Vial municipal de Oaxaca de Ju\u00e1rez se declararon en paro porque no les ha pagado su aguinaldo.<\/p>\n\n\n\n<p>Los uniformados se concentraron en la Alameda de Le\u00f3n donde dijeron que permanecer\u00e1n sin trabajar hasta que les hagan el dep\u00f3sito correspondiente pues lo devengaron con su trabajo y es un beneficio que por ley les corresponde.<\/p>\n\n\n\n<p>Con ello se suman a las protestas de los trabajadores sindicalizados a quienes tampoco les han cubierto el aguinaldo y a algunos de ellos incluso les adeudan su salario.<\/p>\n\n\n\n<p>Adem\u00e1s denunciaron que el Ayuntamiento no les ha brindado el equipo necesario para realizar sus labores en este tiempo de pandemia y las patrullas est\u00e1n en mal estado.<\/p>\n\n\n\n<figure class=\"wp-block-embed is-type-rich is-provider-twitter wp-block-embed-twitter\"><div class=\"wp-block-embed__wrapper\">\n<blockquote class=\"twitter-tweet\" data-width=\"550\" data-dnt=\"true\"><p lang=\"es\" dir=\"ltr\"><a href=\"https:\/\/twitter.com\/hashtag\/NSSxMinuto?src=hash&amp;ref_src=twsrc%5Etfw\">#NSSxMinuto<\/a><a href=\"https:\/\/twitter.com\/hashtag\/AlMomento?src=hash&amp;ref_src=twsrc%5Etfw\">#AlMomento<\/a><br>Crece muy gravemente la inconformidad de trabajadores en la ciudad de <a href=\"https:\/\/twitter.com\/hashtag\/Oaxaca?src=hash&amp;ref_src=twsrc%5Etfw\">#Oaxaca<\/a> por falta de aguinaldo y ahora se suman polic\u00edas viales, que se concentran en la Alameda de Le\u00f3n. <a href=\"https:\/\/t.co\/yMdj6Mcz3k\">pic.twitter.com\/yMdj6Mcz3k<\/a><\/p>&mdash; NSS Oaxaca (@nssoaxaca) <a href=\"https:\/\/twitter.com\/nssoaxaca\/status\/1473382144047202312?ref_src=twsrc%5Etfw\">December 21, 2021<\/a><\/blockquote><script async src=\"https:\/\/platform.twitter.com\/widgets.js\" charset=\"utf-8\"><\/script>\n<\/div><\/figure>\n\n\n\n<p>Se\u00f1alaron que al no pertenecer al mando \u00fanico de la Polic\u00eda Municipal no recibieron su pago la noche de este lunes, fecha l\u00edmite que por ley se debe otorgar el aguinaldo.<\/p>\n\n\n\n<p>De acuerdo con el encargado de la subdirecci\u00f3n de la Polic\u00eda Vial municipal, Pedro Fern\u00e1ndez L\u00f3pez sostuvo que son 300 los elementos de est\u00e1 corporaci\u00f3n municipal, de los cuales 160 est\u00e1n de turno y 85 est\u00e1n en cuarentena por contagio de Covid 19.<\/p>\n\n\n\n<p>Uno de los polic\u00edas viales, Jaciel Humberto Reyes, detall\u00f3 que fue uno de los elementos que enferm\u00f3 de Covid 19 y a pesar de que estuvo intubado en cuanto se recuper\u00f3 se incorpor\u00f3 a sus labores.<\/p>\n\n\n\n<p>Por ello, dijo, es injusto que a pesar de que cumplen con su trabajo hoy no se les quiera pagar su aguinaldo.<\/p>\n\n\n\n<p>\u00abQue es lo que hizo con el recurso, \u00bflo malvers\u00f3 el edil?, Queremos nuestros pago\u201d manifest\u00f3.<\/p>\n","protected":false},"excerpt":{"rendered":"<p>OAXACA, Oax. 21 de diciembre de 2021.- Trescientos elementos de la Polic\u00eda Vial municipal de Oaxaca de Ju\u00e1rez se declararon en paro porque no les ha pagado su aguinaldo. Los uniformados se concentraron en la Alameda de Le\u00f3n donde dijeron que permanecer\u00e1n sin trabajar hasta que les hagan el dep\u00f3sito correspondiente pues lo devengaron con [&hellip;]<\/p>\n","protected":false},"author":5,"featured_media":7573,"comment_status":"closed","ping_status":"closed","sticky":false,"template":"","format":"standard","meta":{"footnotes":""},"categories":[1],"tags":[],"class_list":{"0":"post-7572","1":"post","2":"type-post","3":"status-publish","4":"format-standard","5":"has-post-thumbnail","7":"category-sin-categoria"},"yoast_head":"<!-- This site is optimized with the Yoast SEO plugin v27.4 - https:\/\/yoast.com\/product\/yoast-seo-wordpress\/ -->\n<title>Inician paro polic\u00edas viales municipales, tampoco les pagaron aguinaldo - LA BRAVA RADIO<\/title>\n<meta name=\"robots\" content=\"index, follow, max-snippet:-1, max-image-preview:large, max-video-preview:-1\" \/>\n<link rel=\"canonical\" href=\"https:\/\/www.bbmnoticias.com\/labravaradiofm\/2021\/12\/21\/inician-paro-policias-viales-municipales-tampoco-les-pagaron-aguinaldo\/\" \/>\n<meta property=\"og:locale\" content=\"es_MX\" \/>\n<meta property=\"og:type\" content=\"article\" \/>\n<meta property=\"og:title\" content=\"Inician paro polic\u00edas viales municipales, tampoco les pagaron aguinaldo - LA BRAVA RADIO\" \/>\n<meta property=\"og:description\" content=\"OAXACA, Oax. 21 de diciembre de 2021.- Trescientos elementos de la Polic\u00eda Vial municipal de Oaxaca de Ju\u00e1rez se declararon en paro porque no les ha pagado su aguinaldo. Los uniformados se concentraron en la Alameda de Le\u00f3n donde dijeron que permanecer\u00e1n sin trabajar hasta que les hagan el dep\u00f3sito correspondiente pues lo devengaron con [&hellip;]\" \/>\n<meta property=\"og:url\" content=\"https:\/\/www.bbmnoticias.com\/labravaradiofm\/2021\/12\/21\/inician-paro-policias-viales-municipales-tampoco-les-pagaron-aguinaldo\/\" \/>\n<meta property=\"og:site_name\" content=\"LA BRAVA RADIO\" \/>\n<meta property=\"article:published_time\" content=\"2021-12-21T20:55:05+00:00\" \/>\n<meta property=\"article:modified_time\" content=\"2021-12-21T20:55:07+00:00\" \/>\n<meta property=\"og:image\" content=\"https:\/\/www.bbmnoticias.com\/labravaradiofm\/wp-content\/uploads\/sites\/5\/2021\/12\/policias-viales.jpg\" \/>\n\t<meta property=\"og:image:width\" content=\"680\" \/>\n\t<meta property=\"og:image:height\" content=\"510\" \/>\n\t<meta property=\"og:image:type\" content=\"image\/jpeg\" \/>\n<meta name=\"author\" content=\"Quadratin\" \/>\n<meta name=\"twitter:card\" content=\"summary_large_image\" \/>\n<meta name=\"twitter:label1\" content=\"Escrito por\" \/>\n\t<meta name=\"twitter:data1\" content=\"Quadratin\" \/>\n\t<meta name=\"twitter:label2\" content=\"Tiempo de lectura\" \/>\n\t<meta name=\"twitter:data2\" content=\"2 minutos\" \/>\n<script type=\"application\/ld+json\" class=\"yoast-schema-graph\">{\"@context\":\"https:\\\/\\\/schema.org\",\"@graph\":[{\"@type\":\"Article\",\"@id\":\"https:\\\/\\\/www.bbmnoticias.com\\\/labravaradiofm\\\/2021\\\/12\\\/21\\\/inician-paro-policias-viales-municipales-tampoco-les-pagaron-aguinaldo\\\/#article\",\"isPartOf\":{\"@id\":\"https:\\\/\\\/www.bbmnoticias.com\\\/labravaradiofm\\\/2021\\\/12\\\/21\\\/inician-paro-policias-viales-municipales-tampoco-les-pagaron-aguinaldo\\\/\"},\"author\":{\"name\":\"Quadratin\",\"@id\":\"https:\\\/\\\/www.bbmnoticias.com\\\/labravaradiofm\\\/#\\\/schema\\\/person\\\/c316b6f6c03640cce5d9482ba5a8e5c2\"},\"headline\":\"Inician paro polic\u00edas viales municipales, tampoco les pagaron aguinaldo\",\"datePublished\":\"2021-12-21T20:55:05+00:00\",\"dateModified\":\"2021-12-21T20:55:07+00:00\",\"mainEntityOfPage\":{\"@id\":\"https:\\\/\\\/www.bbmnoticias.com\\\/labravaradiofm\\\/2021\\\/12\\\/21\\\/inician-paro-policias-viales-municipales-tampoco-les-pagaron-aguinaldo\\\/\"},\"wordCount\":298,\"image\":{\"@id\":\"https:\\\/\\\/www.bbmnoticias.com\\\/labravaradiofm\\\/2021\\\/12\\\/21\\\/inician-paro-policias-viales-municipales-tampoco-les-pagaron-aguinaldo\\\/#primaryimage\"},\"thumbnailUrl\":\"https:\\\/\\\/www.bbmnoticias.com\\\/labravaradiofm\\\/wp-content\\\/uploads\\\/sites\\\/5\\\/2021\\\/12\\\/policias-viales.jpg\",\"inLanguage\":\"es\"},{\"@type\":\"WebPage\",\"@id\":\"https:\\\/\\\/www.bbmnoticias.com\\\/labravaradiofm\\\/2021\\\/12\\\/21\\\/inician-paro-policias-viales-municipales-tampoco-les-pagaron-aguinaldo\\\/\",\"url\":\"https:\\\/\\\/www.bbmnoticias.com\\\/labravaradiofm\\\/2021\\\/12\\\/21\\\/inician-paro-policias-viales-municipales-tampoco-les-pagaron-aguinaldo\\\/\",\"name\":\"Inician paro polic\u00edas viales municipales, tampoco les pagaron aguinaldo - LA BRAVA RADIO\",\"isPartOf\":{\"@id\":\"https:\\\/\\\/www.bbmnoticias.com\\\/labravaradiofm\\\/#website\"},\"primaryImageOfPage\":{\"@id\":\"https:\\\/\\\/www.bbmnoticias.com\\\/labravaradiofm\\\/2021\\\/12\\\/21\\\/inician-paro-policias-viales-municipales-tampoco-les-pagaron-aguinaldo\\\/#primaryimage\"},\"image\":{\"@id\":\"https:\\\/\\\/www.bbmnoticias.com\\\/labravaradiofm\\\/2021\\\/12\\\/21\\\/inician-paro-policias-viales-municipales-tampoco-les-pagaron-aguinaldo\\\/#primaryimage\"},\"thumbnailUrl\":\"https:\\\/\\\/www.bbmnoticias.com\\\/labravaradiofm\\\/wp-content\\\/uploads\\\/sites\\\/5\\\/2021\\\/12\\\/policias-viales.jpg\",\"datePublished\":\"2021-12-21T20:55:05+00:00\",\"dateModified\":\"2021-12-21T20:55:07+00:00\",\"author\":{\"@id\":\"https:\\\/\\\/www.bbmnoticias.com\\\/labravaradiofm\\\/#\\\/schema\\\/person\\\/c316b6f6c03640cce5d9482ba5a8e5c2\"},\"breadcrumb\":{\"@id\":\"https:\\\/\\\/www.bbmnoticias.com\\\/labravaradiofm\\\/2021\\\/12\\\/21\\\/inician-paro-policias-viales-municipales-tampoco-les-pagaron-aguinaldo\\\/#breadcrumb\"},\"inLanguage\":\"es\",\"potentialAction\":[{\"@type\":\"ReadAction\",\"target\":[\"https:\\\/\\\/www.bbmnoticias.com\\\/labravaradiofm\\\/2021\\\/12\\\/21\\\/inician-paro-policias-viales-municipales-tampoco-les-pagaron-aguinaldo\\\/\"]}]},{\"@type\":\"ImageObject\",\"inLanguage\":\"es\",\"@id\":\"https:\\\/\\\/www.bbmnoticias.com\\\/labravaradiofm\\\/2021\\\/12\\\/21\\\/inician-paro-policias-viales-municipales-tampoco-les-pagaron-aguinaldo\\\/#primaryimage\",\"url\":\"https:\\\/\\\/www.bbmnoticias.com\\\/labravaradiofm\\\/wp-content\\\/uploads\\\/sites\\\/5\\\/2021\\\/12\\\/policias-viales.jpg\",\"contentUrl\":\"https:\\\/\\\/www.bbmnoticias.com\\\/labravaradiofm\\\/wp-content\\\/uploads\\\/sites\\\/5\\\/2021\\\/12\\\/policias-viales.jpg\",\"width\":680,\"height\":510},{\"@type\":\"BreadcrumbList\",\"@id\":\"https:\\\/\\\/www.bbmnoticias.com\\\/labravaradiofm\\\/2021\\\/12\\\/21\\\/inician-paro-policias-viales-municipales-tampoco-les-pagaron-aguinaldo\\\/#breadcrumb\",\"itemListElement\":[{\"@type\":\"ListItem\",\"position\":1,\"name\":\"Inicio\",\"item\":\"https:\\\/\\\/www.bbmnoticias.com\\\/labravaradiofm\\\/\"},{\"@type\":\"ListItem\",\"position\":2,\"name\":\"Inician paro polic\u00edas viales municipales, tampoco les pagaron aguinaldo\"}]},{\"@type\":\"WebSite\",\"@id\":\"https:\\\/\\\/www.bbmnoticias.com\\\/labravaradiofm\\\/#website\",\"url\":\"https:\\\/\\\/www.bbmnoticias.com\\\/labravaradiofm\\\/\",\"name\":\"LA BRAVA RADIO\",\"description\":\"Empresa productora de medios, Radiodifusi\u00f3n, Noticias, tendencias y todo lo que necesitas saber de la pol\u00edtica mexicana e internacional; entretenimiento, espect\u00e1culos, salud y mucho m\u00e1s.\",\"potentialAction\":[{\"@type\":\"SearchAction\",\"target\":{\"@type\":\"EntryPoint\",\"urlTemplate\":\"https:\\\/\\\/www.bbmnoticias.com\\\/labravaradiofm\\\/?s={search_term_string}\"},\"query-input\":{\"@type\":\"PropertyValueSpecification\",\"valueRequired\":true,\"valueName\":\"search_term_string\"}}],\"inLanguage\":\"es\"},{\"@type\":\"Person\",\"@id\":\"https:\\\/\\\/www.bbmnoticias.com\\\/labravaradiofm\\\/#\\\/schema\\\/person\\\/c316b6f6c03640cce5d9482ba5a8e5c2\",\"name\":\"Quadratin\",\"image\":{\"@type\":\"ImageObject\",\"inLanguage\":\"es\",\"@id\":\"https:\\\/\\\/secure.gravatar.com\\\/avatar\\\/34008d7d72488432d6a74f81e839efc9f754b118786ca32cf39d9d5508a68f63?s=96&d=mm&r=g\",\"url\":\"https:\\\/\\\/secure.gravatar.com\\\/avatar\\\/34008d7d72488432d6a74f81e839efc9f754b118786ca32cf39d9d5508a68f63?s=96&d=mm&r=g\",\"contentUrl\":\"https:\\\/\\\/secure.gravatar.com\\\/avatar\\\/34008d7d72488432d6a74f81e839efc9f754b118786ca32cf39d9d5508a68f63?s=96&d=mm&r=g\",\"caption\":\"Quadratin\"},\"url\":\"https:\\\/\\\/www.bbmnoticias.com\\\/labravaradiofm\\\/author\\\/quadratin\\\/\"}]}<\/script>\n<!-- \/ Yoast SEO plugin. -->","yoast_head_json":{"title":"Inician paro polic\u00edas viales municipales, tampoco les pagaron aguinaldo - LA BRAVA RADIO","robots":{"index":"index","follow":"follow","max-snippet":"max-snippet:-1","max-image-preview":"max-image-preview:large","max-video-preview":"max-video-preview:-1"},"canonical":"https:\/\/www.bbmnoticias.com\/labravaradiofm\/2021\/12\/21\/inician-paro-policias-viales-municipales-tampoco-les-pagaron-aguinaldo\/","og_locale":"es_MX","og_type":"article","og_title":"Inician paro polic\u00edas viales municipales, tampoco les pagaron aguinaldo - LA BRAVA RADIO","og_description":"OAXACA, Oax. 21 de diciembre de 2021.- Trescientos elementos de la Polic\u00eda Vial municipal de Oaxaca de Ju\u00e1rez se declararon en paro porque no les ha pagado su aguinaldo. Los uniformados se concentraron en la Alameda de Le\u00f3n donde dijeron que permanecer\u00e1n sin trabajar hasta que les hagan el dep\u00f3sito correspondiente pues lo devengaron con [&hellip;]","og_url":"https:\/\/www.bbmnoticias.com\/labravaradiofm\/2021\/12\/21\/inician-paro-policias-viales-municipales-tampoco-les-pagaron-aguinaldo\/","og_site_name":"LA BRAVA RADIO","article_published_time":"2021-12-21T20:55:05+00:00","article_modified_time":"2021-12-21T20:55:07+00:00","og_image":[{"width":680,"height":510,"url":"https:\/\/www.bbmnoticias.com\/labravaradiofm\/wp-content\/uploads\/sites\/5\/2021\/12\/policias-viales.jpg","type":"image\/jpeg"}],"author":"Quadratin","twitter_card":"summary_large_image","twitter_misc":{"Escrito por":"Quadratin","Tiempo de lectura":"2 minutos"},"schema":{"@context":"https:\/\/schema.org","@graph":[{"@type":"Article","@id":"https:\/\/www.bbmnoticias.com\/labravaradiofm\/2021\/12\/21\/inician-paro-policias-viales-municipales-tampoco-les-pagaron-aguinaldo\/#article","isPartOf":{"@id":"https:\/\/www.bbmnoticias.com\/labravaradiofm\/2021\/12\/21\/inician-paro-policias-viales-municipales-tampoco-les-pagaron-aguinaldo\/"},"author":{"name":"Quadratin","@id":"https:\/\/www.bbmnoticias.com\/labravaradiofm\/#\/schema\/person\/c316b6f6c03640cce5d9482ba5a8e5c2"},"headline":"Inician paro polic\u00edas viales municipales, tampoco les pagaron aguinaldo","datePublished":"2021-12-21T20:55:05+00:00","dateModified":"2021-12-21T20:55:07+00:00","mainEntityOfPage":{"@id":"https:\/\/www.bbmnoticias.com\/labravaradiofm\/2021\/12\/21\/inician-paro-policias-viales-municipales-tampoco-les-pagaron-aguinaldo\/"},"wordCount":298,"image":{"@id":"https:\/\/www.bbmnoticias.com\/labravaradiofm\/2021\/12\/21\/inician-paro-policias-viales-municipales-tampoco-les-pagaron-aguinaldo\/#primaryimage"},"thumbnailUrl":"https:\/\/www.bbmnoticias.com\/labravaradiofm\/wp-content\/uploads\/sites\/5\/2021\/12\/policias-viales.jpg","inLanguage":"es"},{"@type":"WebPage","@id":"https:\/\/www.bbmnoticias.com\/labravaradiofm\/2021\/12\/21\/inician-paro-policias-viales-municipales-tampoco-les-pagaron-aguinaldo\/","url":"https:\/\/www.bbmnoticias.com\/labravaradiofm\/2021\/12\/21\/inician-paro-policias-viales-municipales-tampoco-les-pagaron-aguinaldo\/","name":"Inician paro polic\u00edas viales municipales, tampoco les pagaron aguinaldo - LA BRAVA RADIO","isPartOf":{"@id":"https:\/\/www.bbmnoticias.com\/labravaradiofm\/#website"},"primaryImageOfPage":{"@id":"https:\/\/www.bbmnoticias.com\/labravaradiofm\/2021\/12\/21\/inician-paro-policias-viales-municipales-tampoco-les-pagaron-aguinaldo\/#primaryimage"},"image":{"@id":"https:\/\/www.bbmnoticias.com\/labravaradiofm\/2021\/12\/21\/inician-paro-policias-viales-municipales-tampoco-les-pagaron-aguinaldo\/#primaryimage"},"thumbnailUrl":"https:\/\/www.bbmnoticias.com\/labravaradiofm\/wp-content\/uploads\/sites\/5\/2021\/12\/policias-viales.jpg","datePublished":"2021-12-21T20:55:05+00:00","dateModified":"2021-12-21T20:55:07+00:00","author":{"@id":"https:\/\/www.bbmnoticias.com\/labravaradiofm\/#\/schema\/person\/c316b6f6c03640cce5d9482ba5a8e5c2"},"breadcrumb":{"@id":"https:\/\/www.bbmnoticias.com\/labravaradiofm\/2021\/12\/21\/inician-paro-policias-viales-municipales-tampoco-les-pagaron-aguinaldo\/#breadcrumb"},"inLanguage":"es","potentialAction":[{"@type":"ReadAction","target":["https:\/\/www.bbmnoticias.com\/labravaradiofm\/2021\/12\/21\/inician-paro-policias-viales-municipales-tampoco-les-pagaron-aguinaldo\/"]}]},{"@type":"ImageObject","inLanguage":"es","@id":"https:\/\/www.bbmnoticias.com\/labravaradiofm\/2021\/12\/21\/inician-paro-policias-viales-municipales-tampoco-les-pagaron-aguinaldo\/#primaryimage","url":"https:\/\/www.bbmnoticias.com\/labravaradiofm\/wp-content\/uploads\/sites\/5\/2021\/12\/policias-viales.jpg","contentUrl":"https:\/\/www.bbmnoticias.com\/labravaradiofm\/wp-content\/uploads\/sites\/5\/2021\/12\/policias-viales.jpg","width":680,"height":510},{"@type":"BreadcrumbList","@id":"https:\/\/www.bbmnoticias.com\/labravaradiofm\/2021\/12\/21\/inician-paro-policias-viales-municipales-tampoco-les-pagaron-aguinaldo\/#breadcrumb","itemListElement":[{"@type":"ListItem","position":1,"name":"Inicio","item":"https:\/\/www.bbmnoticias.com\/labravaradiofm\/"},{"@type":"ListItem","position":2,"name":"Inician paro polic\u00edas viales municipales, tampoco les pagaron aguinaldo"}]},{"@type":"WebSite","@id":"https:\/\/www.bbmnoticias.com\/labravaradiofm\/#website","url":"https:\/\/www.bbmnoticias.com\/labravaradiofm\/","name":"LA BRAVA RADIO","description":"Empresa productora de medios, Radiodifusi\u00f3n, Noticias, tendencias y todo lo que necesitas saber de la pol\u00edtica mexicana e internacional; entretenimiento, espect\u00e1culos, salud y mucho m\u00e1s.","potentialAction":[{"@type":"SearchAction","target":{"@type":"EntryPoint","urlTemplate":"https:\/\/www.bbmnoticias.com\/labravaradiofm\/?s={search_term_string}"},"query-input":{"@type":"PropertyValueSpecification","valueRequired":true,"valueName":"search_term_string"}}],"inLanguage":"es"},{"@type":"Person","@id":"https:\/\/www.bbmnoticias.com\/labravaradiofm\/#\/schema\/person\/c316b6f6c03640cce5d9482ba5a8e5c2","name":"Quadratin","image":{"@type":"ImageObject","inLanguage":"es","@id":"https:\/\/secure.gravatar.com\/avatar\/34008d7d72488432d6a74f81e839efc9f754b118786ca32cf39d9d5508a68f63?s=96&d=mm&r=g","url":"https:\/\/secure.gravatar.com\/avatar\/34008d7d72488432d6a74f81e839efc9f754b118786ca32cf39d9d5508a68f63?s=96&d=mm&r=g","contentUrl":"https:\/\/secure.gravatar.com\/avatar\/34008d7d72488432d6a74f81e839efc9f754b118786ca32cf39d9d5508a68f63?s=96&d=mm&r=g","caption":"Quadratin"},"url":"https:\/\/www.bbmnoticias.com\/labravaradiofm\/author\/quadratin\/"}]}},"_links":{"self":[{"href":"https:\/\/www.bbmnoticias.com\/labravaradiofm\/wp-json\/wp\/v2\/posts\/7572","targetHints":{"allow":["GET"]}}],"collection":[{"href":"https:\/\/www.bbmnoticias.com\/labravaradiofm\/wp-json\/wp\/v2\/posts"}],"about":[{"href":"https:\/\/www.bbmnoticias.com\/labravaradiofm\/wp-json\/wp\/v2\/types\/post"}],"author":[{"embeddable":true,"href":"https:\/\/www.bbmnoticias.com\/labravaradiofm\/wp-json\/wp\/v2\/users\/5"}],"replies":[{"embeddable":true,"href":"https:\/\/www.bbmnoticias.com\/labravaradiofm\/wp-json\/wp\/v2\/comments?post=7572"}],"version-history":[{"count":0,"href":"https:\/\/www.bbmnoticias.com\/labravaradiofm\/wp-json\/wp\/v2\/posts\/7572\/revisions"}],"wp:featuredmedia":[{"embeddable":true,"href":"https:\/\/www.bbmnoticias.com\/labravaradiofm\/wp-json\/wp\/v2\/media\/7573"}],"wp:attachment":[{"href":"https:\/\/www.bbmnoticias.com\/labravaradiofm\/wp-json\/wp\/v2\/media?parent=7572"}],"wp:term":[{"taxonomy":"category","embeddable":true,"href":"https:\/\/www.bbmnoticias.com\/labravaradiofm\/wp-json\/wp\/v2\/categories?post=7572"},{"taxonomy":"post_tag","embeddable":true,"href":"https:\/\/www.bbmnoticias.com\/labravaradiofm\/wp-json\/wp\/v2\/tags?post=7572"}],"curies":[{"name":"wp","href":"https:\/\/api.w.org\/{rel}","templated":true}]}}