{"id":7560,"date":"2021-12-21T12:04:24","date_gmt":"2021-12-21T18:04:24","guid":{"rendered":"https:\/\/www.bbmnoticias.com\/labravaradiofm\/?p=7560"},"modified":"2021-12-21T12:04:25","modified_gmt":"2021-12-21T18:04:25","slug":"realiza-imss-ultima-jornada-nacional-de-recuperacion-de-servicios","status":"publish","type":"post","link":"https:\/\/www.bbmnoticias.com\/labravaradiofm\/2021\/12\/21\/realiza-imss-ultima-jornada-nacional-de-recuperacion-de-servicios\/","title":{"rendered":"Realiza IMSS \u00faltima Jornada Nacional de Recuperaci\u00f3n de Servicios"},"content":{"rendered":"<div style=\"margin-top: 0px; margin-bottom: 0px;\" class=\"sharethis-inline-share-buttons\" ><\/div>\n<p>El Instituto Mexicano del Seguro Social (IMSS) realiz\u00f3 la \u00faltima Jornada Nacional de Recuperaci\u00f3n de Servicios M\u00e9dicos del 2021, la n\u00famero 14, y con este ejercicio cierra las acciones de recuperaci\u00f3n de los servicios de salud en este a\u00f1o por el diferimiento a causa de la pandemia de COVID-19, y as\u00ed fortalecer el acceso a la salud de la derechohabiencia.<\/p>\n\n\n\n<p>Del 17 al 19 de diciembre, en 33 Oficinas de Representaci\u00f3n del IMSS en los estados y 23 Unidades M\u00e9dicas de Alta Especialidad (UMAE) se efectuaron 3 mil 242 cirug\u00edas y 65 mil 211 consultas de Especialidad, Medicina Familiar, Estomatolog\u00eda y Nutrici\u00f3n.<\/p>\n\n\n\n<p>Para mejorar la vida de pacientes con diversas enfermedades, en particular cr\u00f3nicas degenerativas como diabetes, insuficiencia renal y c\u00e1ncer, se llevaron a cabo 11 Trasplantes renales, nueve de c\u00f3rnea, dos de h\u00edgado y uno de m\u00e9dula \u00f3sea, as\u00ed como nueve donaciones multiorg\u00e1nicas y ocho de tejidos.<\/p>\n\n\n\n<p>En materia de prevenci\u00f3n, se realizaron 3 mil 53 mastograf\u00edas, 6 mil 398 exploraciones cl\u00ednicas de mama, mil 13 esquemas de vacunaci\u00f3n completos,&nbsp; 49 vasectom\u00edas, 736 intervenciones de Trabajo Social, 18 mil 296 detecciones de diabetes, 20 mil 172 de hipertensi\u00f3n arterial, tres mil 25 de c\u00e1ncer c\u00e9rvico-uterino y cinco mil 214 de Hepatitis C.<\/p>\n\n\n\n<p>A trav\u00e9s de la estrategia \u201c120 d\u00edas de recuperaci\u00f3n de servicios de salud\u201d se atendi\u00f3 la mayor demanda de atenci\u00f3n quir\u00fargica en las especialidades de Cirug\u00eda General y Pl\u00e1stica y Reconstructiva, Ginecolog\u00eda, Oftalmolog\u00eda, Traumatolog\u00eda y Ortopedia, y Urolog\u00eda. En tanto, en la Consulta Externa fue en Cirug\u00eda General, Ginecolog\u00eda, Medicina Interna, Neurolog\u00eda, Oftalmolog\u00eda, Oncolog\u00eda, Psiquiatr\u00eda, Traumatolog\u00eda y Ortopedia, y Urolog\u00eda.<\/p>\n\n\n\n<p>En la Representaci\u00f3n de Chiapas se logr\u00f3 el cumplimiento de la meta del 100 por ciento en la consulta de especialidades de traumatolog\u00eda, cirug\u00eda pedi\u00e1trica, urolog\u00eda y nefrolog\u00eda; se realizaron consultas de medicina familiar y detecciones de enfermedades cr\u00f3nicas.<\/p>\n\n\n\n<p>En Estado de M\u00e9xico Oriente, 45 Unidades de Medicina Familiar (UMF) aplicaron 288 M\u00e9todos de Planificaci\u00f3n Familiar de Alta Continuidad en mujeres en edad f\u00e9rtil y con prioridad por patolog\u00eda cr\u00f3nica; se realizaron 70 procedimientos de vasectom\u00eda sin bistur\u00ed y 42 de oclusi\u00f3n tubaria bilateral; adem\u00e1s de 155 procedimientos quir\u00fargicos, consultas de Medicina Familiar y de manera simult\u00e1nea las Estrategias Educativas de Trabajo Social y Nutrici\u00f3n.<\/p>\n\n\n\n<p>En el OOAD Tabasco se realizaron Jornadas Quir\u00fargicas de cirug\u00eda de extracci\u00f3n de cataratas y colocaci\u00f3n de lente intraocular. Generando 672 consultas de oftalmolog\u00eda. Logrando 334 pacientes operados y 676 procedimientos quir\u00fargicos.<\/p>\n\n\n\n<p>Para incrementar la cobertura en detecciones y cumplir el Plan de Actividades de los Servicios de Salud en Quer\u00e9taro, se efectuaron jornadas quir\u00fargicas, consulta de especialidades y cirug\u00edas de tipo general, traumatolog\u00eda, ginecolog\u00eda urolog\u00eda, maxilofacial y oncolog\u00eda quir\u00fargica, adem\u00e1s de consultas de Medicina Familiar y diversa acciones de detecci\u00f3n.<\/p>\n\n\n\n<p>En la UMAE Hospital de Especialidades No. 25 de Monterrey, Nuevo Le\u00f3n, se realiz\u00f3 jornadas de consulta externa en Cirug\u00eda General, Oftalmolog\u00eda, Oncolog\u00eda m\u00e9dica, Gen\u00e9tica y Trasplantes; una jornada quir\u00fargica de Oftalmolog\u00eda, dos trasplantes hep\u00e1ticos, uno de m\u00e9dula \u00f3sea, tres de tipo renal y cinco de c\u00f3rnea,&nbsp; adem\u00e1s de tratamiento de endoscopias y resonancia magn\u00e9tica.<\/p>\n\n\n\n<p>En el Hospital de Especialidades No. 2 de Ciudad Obreg\u00f3n, Sonora, se increment\u00f3 la consulta de Oftalmolog\u00eda, Nefrolog\u00eda, Medicina Interna, Cardiolog\u00eda, Neurolog\u00eda y Urolog\u00eda; cirug\u00edas de Traumatolog\u00eda y Ortopedia, Angiolog\u00eda, Cirug\u00eda General, Oftalmolog\u00eda y Otorrinolaringolog\u00eda.<\/p>\n\n\n\n<p>El objetivo de estas jornadas ha sido impulsar las acciones que permiten dar continuidad y fortalecer la prevenci\u00f3n, promoci\u00f3n y atenci\u00f3n de salud de la derechohabiencia, sin dejar de atender a pacientes con COVID-19.<\/p>\n","protected":false},"excerpt":{"rendered":"<p>El Instituto Mexicano del Seguro Social (IMSS) realiz\u00f3 la \u00faltima Jornada Nacional de Recuperaci\u00f3n de Servicios M\u00e9dicos del 2021, la n\u00famero 14, y con este ejercicio cierra las acciones de recuperaci\u00f3n de los servicios de salud en este a\u00f1o por el diferimiento a causa de la pandemia de COVID-19, y as\u00ed fortalecer el acceso a [&hellip;]<\/p>\n","protected":false},"author":2,"featured_media":7561,"comment_status":"closed","ping_status":"closed","sticky":false,"template":"","format":"standard","meta":{"footnotes":""},"categories":[2],"tags":[],"class_list":{"0":"post-7560","1":"post","2":"type-post","3":"status-publish","4":"format-standard","5":"has-post-thumbnail","7":"category-oaxaca"},"yoast_head":"<!-- This site is optimized with the Yoast SEO plugin v27.4 - https:\/\/yoast.com\/product\/yoast-seo-wordpress\/ -->\n<title>Realiza IMSS \u00faltima Jornada Nacional de Recuperaci\u00f3n de Servicios - LA BRAVA RADIO<\/title>\n<meta name=\"robots\" content=\"index, follow, max-snippet:-1, max-image-preview:large, max-video-preview:-1\" \/>\n<link rel=\"canonical\" href=\"https:\/\/www.bbmnoticias.com\/labravaradiofm\/2021\/12\/21\/realiza-imss-ultima-jornada-nacional-de-recuperacion-de-servicios\/\" \/>\n<meta property=\"og:locale\" content=\"es_MX\" \/>\n<meta property=\"og:type\" content=\"article\" \/>\n<meta property=\"og:title\" content=\"Realiza IMSS \u00faltima Jornada Nacional de Recuperaci\u00f3n de Servicios - LA BRAVA RADIO\" \/>\n<meta property=\"og:description\" content=\"El Instituto Mexicano del Seguro Social (IMSS) realiz\u00f3 la \u00faltima Jornada Nacional de Recuperaci\u00f3n de Servicios M\u00e9dicos del 2021, la n\u00famero 14, y con este ejercicio cierra las acciones de recuperaci\u00f3n de los servicios de salud en este a\u00f1o por el diferimiento a causa de la pandemia de COVID-19, y as\u00ed fortalecer el acceso a [&hellip;]\" \/>\n<meta property=\"og:url\" content=\"https:\/\/www.bbmnoticias.com\/labravaradiofm\/2021\/12\/21\/realiza-imss-ultima-jornada-nacional-de-recuperacion-de-servicios\/\" \/>\n<meta property=\"og:site_name\" content=\"LA BRAVA RADIO\" \/>\n<meta property=\"article:published_time\" content=\"2021-12-21T18:04:24+00:00\" \/>\n<meta property=\"article:modified_time\" content=\"2021-12-21T18:04:25+00:00\" \/>\n<meta property=\"og:image\" content=\"https:\/\/www.bbmnoticias.com\/labravaradiofm\/wp-content\/uploads\/sites\/5\/2021\/12\/jornada-ims.jpg\" \/>\n\t<meta property=\"og:image:width\" content=\"1091\" \/>\n\t<meta property=\"og:image:height\" content=\"739\" \/>\n\t<meta property=\"og:image:type\" content=\"image\/jpeg\" \/>\n<meta name=\"author\" content=\"Staff\" \/>\n<meta name=\"twitter:card\" content=\"summary_large_image\" \/>\n<meta name=\"twitter:label1\" content=\"Escrito por\" \/>\n\t<meta name=\"twitter:data1\" content=\"Staff\" \/>\n\t<meta name=\"twitter:label2\" content=\"Tiempo de lectura\" \/>\n\t<meta name=\"twitter:data2\" content=\"3 minutos\" \/>\n<script type=\"application\/ld+json\" class=\"yoast-schema-graph\">{\"@context\":\"https:\\\/\\\/schema.org\",\"@graph\":[{\"@type\":\"Article\",\"@id\":\"https:\\\/\\\/www.bbmnoticias.com\\\/labravaradiofm\\\/2021\\\/12\\\/21\\\/realiza-imss-ultima-jornada-nacional-de-recuperacion-de-servicios\\\/#article\",\"isPartOf\":{\"@id\":\"https:\\\/\\\/www.bbmnoticias.com\\\/labravaradiofm\\\/2021\\\/12\\\/21\\\/realiza-imss-ultima-jornada-nacional-de-recuperacion-de-servicios\\\/\"},\"author\":{\"name\":\"Staff\",\"@id\":\"https:\\\/\\\/www.bbmnoticias.com\\\/labravaradiofm\\\/#\\\/schema\\\/person\\\/68a9e9036ef3c5b55aeb2b71dc8bab45\"},\"headline\":\"Realiza IMSS \u00faltima Jornada Nacional de Recuperaci\u00f3n de Servicios\",\"datePublished\":\"2021-12-21T18:04:24+00:00\",\"dateModified\":\"2021-12-21T18:04:25+00:00\",\"mainEntityOfPage\":{\"@id\":\"https:\\\/\\\/www.bbmnoticias.com\\\/labravaradiofm\\\/2021\\\/12\\\/21\\\/realiza-imss-ultima-jornada-nacional-de-recuperacion-de-servicios\\\/\"},\"wordCount\":655,\"image\":{\"@id\":\"https:\\\/\\\/www.bbmnoticias.com\\\/labravaradiofm\\\/2021\\\/12\\\/21\\\/realiza-imss-ultima-jornada-nacional-de-recuperacion-de-servicios\\\/#primaryimage\"},\"thumbnailUrl\":\"https:\\\/\\\/www.bbmnoticias.com\\\/labravaradiofm\\\/wp-content\\\/uploads\\\/sites\\\/5\\\/2021\\\/12\\\/jornada-ims.jpg\",\"articleSection\":[\"LOCAL\"],\"inLanguage\":\"es\"},{\"@type\":\"WebPage\",\"@id\":\"https:\\\/\\\/www.bbmnoticias.com\\\/labravaradiofm\\\/2021\\\/12\\\/21\\\/realiza-imss-ultima-jornada-nacional-de-recuperacion-de-servicios\\\/\",\"url\":\"https:\\\/\\\/www.bbmnoticias.com\\\/labravaradiofm\\\/2021\\\/12\\\/21\\\/realiza-imss-ultima-jornada-nacional-de-recuperacion-de-servicios\\\/\",\"name\":\"Realiza IMSS \u00faltima Jornada Nacional de Recuperaci\u00f3n de Servicios - LA BRAVA RADIO\",\"isPartOf\":{\"@id\":\"https:\\\/\\\/www.bbmnoticias.com\\\/labravaradiofm\\\/#website\"},\"primaryImageOfPage\":{\"@id\":\"https:\\\/\\\/www.bbmnoticias.com\\\/labravaradiofm\\\/2021\\\/12\\\/21\\\/realiza-imss-ultima-jornada-nacional-de-recuperacion-de-servicios\\\/#primaryimage\"},\"image\":{\"@id\":\"https:\\\/\\\/www.bbmnoticias.com\\\/labravaradiofm\\\/2021\\\/12\\\/21\\\/realiza-imss-ultima-jornada-nacional-de-recuperacion-de-servicios\\\/#primaryimage\"},\"thumbnailUrl\":\"https:\\\/\\\/www.bbmnoticias.com\\\/labravaradiofm\\\/wp-content\\\/uploads\\\/sites\\\/5\\\/2021\\\/12\\\/jornada-ims.jpg\",\"datePublished\":\"2021-12-21T18:04:24+00:00\",\"dateModified\":\"2021-12-21T18:04:25+00:00\",\"author\":{\"@id\":\"https:\\\/\\\/www.bbmnoticias.com\\\/labravaradiofm\\\/#\\\/schema\\\/person\\\/68a9e9036ef3c5b55aeb2b71dc8bab45\"},\"breadcrumb\":{\"@id\":\"https:\\\/\\\/www.bbmnoticias.com\\\/labravaradiofm\\\/2021\\\/12\\\/21\\\/realiza-imss-ultima-jornada-nacional-de-recuperacion-de-servicios\\\/#breadcrumb\"},\"inLanguage\":\"es\",\"potentialAction\":[{\"@type\":\"ReadAction\",\"target\":[\"https:\\\/\\\/www.bbmnoticias.com\\\/labravaradiofm\\\/2021\\\/12\\\/21\\\/realiza-imss-ultima-jornada-nacional-de-recuperacion-de-servicios\\\/\"]}]},{\"@type\":\"ImageObject\",\"inLanguage\":\"es\",\"@id\":\"https:\\\/\\\/www.bbmnoticias.com\\\/labravaradiofm\\\/2021\\\/12\\\/21\\\/realiza-imss-ultima-jornada-nacional-de-recuperacion-de-servicios\\\/#primaryimage\",\"url\":\"https:\\\/\\\/www.bbmnoticias.com\\\/labravaradiofm\\\/wp-content\\\/uploads\\\/sites\\\/5\\\/2021\\\/12\\\/jornada-ims.jpg\",\"contentUrl\":\"https:\\\/\\\/www.bbmnoticias.com\\\/labravaradiofm\\\/wp-content\\\/uploads\\\/sites\\\/5\\\/2021\\\/12\\\/jornada-ims.jpg\",\"width\":1091,\"height\":739},{\"@type\":\"BreadcrumbList\",\"@id\":\"https:\\\/\\\/www.bbmnoticias.com\\\/labravaradiofm\\\/2021\\\/12\\\/21\\\/realiza-imss-ultima-jornada-nacional-de-recuperacion-de-servicios\\\/#breadcrumb\",\"itemListElement\":[{\"@type\":\"ListItem\",\"position\":1,\"name\":\"Inicio\",\"item\":\"https:\\\/\\\/www.bbmnoticias.com\\\/labravaradiofm\\\/\"},{\"@type\":\"ListItem\",\"position\":2,\"name\":\"Realiza IMSS \u00faltima Jornada Nacional de Recuperaci\u00f3n de Servicios\"}]},{\"@type\":\"WebSite\",\"@id\":\"https:\\\/\\\/www.bbmnoticias.com\\\/labravaradiofm\\\/#website\",\"url\":\"https:\\\/\\\/www.bbmnoticias.com\\\/labravaradiofm\\\/\",\"name\":\"LA BRAVA RADIO\",\"description\":\"Empresa productora de medios, Radiodifusi\u00f3n, Noticias, tendencias y todo lo que necesitas saber de la pol\u00edtica mexicana e internacional; entretenimiento, espect\u00e1culos, salud y mucho m\u00e1s.\",\"potentialAction\":[{\"@type\":\"SearchAction\",\"target\":{\"@type\":\"EntryPoint\",\"urlTemplate\":\"https:\\\/\\\/www.bbmnoticias.com\\\/labravaradiofm\\\/?s={search_term_string}\"},\"query-input\":{\"@type\":\"PropertyValueSpecification\",\"valueRequired\":true,\"valueName\":\"search_term_string\"}}],\"inLanguage\":\"es\"},{\"@type\":\"Person\",\"@id\":\"https:\\\/\\\/www.bbmnoticias.com\\\/labravaradiofm\\\/#\\\/schema\\\/person\\\/68a9e9036ef3c5b55aeb2b71dc8bab45\",\"name\":\"Staff\",\"image\":{\"@type\":\"ImageObject\",\"inLanguage\":\"es\",\"@id\":\"https:\\\/\\\/secure.gravatar.com\\\/avatar\\\/fdd21ad66fd8b98c407f9dee5b5e588cfe7f0d8579ec20fa6527cd59bab7f0f0?s=96&d=mm&r=g\",\"url\":\"https:\\\/\\\/secure.gravatar.com\\\/avatar\\\/fdd21ad66fd8b98c407f9dee5b5e588cfe7f0d8579ec20fa6527cd59bab7f0f0?s=96&d=mm&r=g\",\"contentUrl\":\"https:\\\/\\\/secure.gravatar.com\\\/avatar\\\/fdd21ad66fd8b98c407f9dee5b5e588cfe7f0d8579ec20fa6527cd59bab7f0f0?s=96&d=mm&r=g\",\"caption\":\"Staff\"},\"url\":\"https:\\\/\\\/www.bbmnoticias.com\\\/labravaradiofm\\\/author\\\/redaccion\\\/\"}]}<\/script>\n<!-- \/ Yoast SEO plugin. -->","yoast_head_json":{"title":"Realiza IMSS \u00faltima Jornada Nacional de Recuperaci\u00f3n de Servicios - LA BRAVA RADIO","robots":{"index":"index","follow":"follow","max-snippet":"max-snippet:-1","max-image-preview":"max-image-preview:large","max-video-preview":"max-video-preview:-1"},"canonical":"https:\/\/www.bbmnoticias.com\/labravaradiofm\/2021\/12\/21\/realiza-imss-ultima-jornada-nacional-de-recuperacion-de-servicios\/","og_locale":"es_MX","og_type":"article","og_title":"Realiza IMSS \u00faltima Jornada Nacional de Recuperaci\u00f3n de Servicios - LA BRAVA RADIO","og_description":"El Instituto Mexicano del Seguro Social (IMSS) realiz\u00f3 la \u00faltima Jornada Nacional de Recuperaci\u00f3n de Servicios M\u00e9dicos del 2021, la n\u00famero 14, y con este ejercicio cierra las acciones de recuperaci\u00f3n de los servicios de salud en este a\u00f1o por el diferimiento a causa de la pandemia de COVID-19, y as\u00ed fortalecer el acceso a [&hellip;]","og_url":"https:\/\/www.bbmnoticias.com\/labravaradiofm\/2021\/12\/21\/realiza-imss-ultima-jornada-nacional-de-recuperacion-de-servicios\/","og_site_name":"LA BRAVA RADIO","article_published_time":"2021-12-21T18:04:24+00:00","article_modified_time":"2021-12-21T18:04:25+00:00","og_image":[{"width":1091,"height":739,"url":"https:\/\/www.bbmnoticias.com\/labravaradiofm\/wp-content\/uploads\/sites\/5\/2021\/12\/jornada-ims.jpg","type":"image\/jpeg"}],"author":"Staff","twitter_card":"summary_large_image","twitter_misc":{"Escrito por":"Staff","Tiempo de lectura":"3 minutos"},"schema":{"@context":"https:\/\/schema.org","@graph":[{"@type":"Article","@id":"https:\/\/www.bbmnoticias.com\/labravaradiofm\/2021\/12\/21\/realiza-imss-ultima-jornada-nacional-de-recuperacion-de-servicios\/#article","isPartOf":{"@id":"https:\/\/www.bbmnoticias.com\/labravaradiofm\/2021\/12\/21\/realiza-imss-ultima-jornada-nacional-de-recuperacion-de-servicios\/"},"author":{"name":"Staff","@id":"https:\/\/www.bbmnoticias.com\/labravaradiofm\/#\/schema\/person\/68a9e9036ef3c5b55aeb2b71dc8bab45"},"headline":"Realiza IMSS \u00faltima Jornada Nacional de Recuperaci\u00f3n de Servicios","datePublished":"2021-12-21T18:04:24+00:00","dateModified":"2021-12-21T18:04:25+00:00","mainEntityOfPage":{"@id":"https:\/\/www.bbmnoticias.com\/labravaradiofm\/2021\/12\/21\/realiza-imss-ultima-jornada-nacional-de-recuperacion-de-servicios\/"},"wordCount":655,"image":{"@id":"https:\/\/www.bbmnoticias.com\/labravaradiofm\/2021\/12\/21\/realiza-imss-ultima-jornada-nacional-de-recuperacion-de-servicios\/#primaryimage"},"thumbnailUrl":"https:\/\/www.bbmnoticias.com\/labravaradiofm\/wp-content\/uploads\/sites\/5\/2021\/12\/jornada-ims.jpg","articleSection":["LOCAL"],"inLanguage":"es"},{"@type":"WebPage","@id":"https:\/\/www.bbmnoticias.com\/labravaradiofm\/2021\/12\/21\/realiza-imss-ultima-jornada-nacional-de-recuperacion-de-servicios\/","url":"https:\/\/www.bbmnoticias.com\/labravaradiofm\/2021\/12\/21\/realiza-imss-ultima-jornada-nacional-de-recuperacion-de-servicios\/","name":"Realiza IMSS \u00faltima Jornada Nacional de Recuperaci\u00f3n de Servicios - LA BRAVA RADIO","isPartOf":{"@id":"https:\/\/www.bbmnoticias.com\/labravaradiofm\/#website"},"primaryImageOfPage":{"@id":"https:\/\/www.bbmnoticias.com\/labravaradiofm\/2021\/12\/21\/realiza-imss-ultima-jornada-nacional-de-recuperacion-de-servicios\/#primaryimage"},"image":{"@id":"https:\/\/www.bbmnoticias.com\/labravaradiofm\/2021\/12\/21\/realiza-imss-ultima-jornada-nacional-de-recuperacion-de-servicios\/#primaryimage"},"thumbnailUrl":"https:\/\/www.bbmnoticias.com\/labravaradiofm\/wp-content\/uploads\/sites\/5\/2021\/12\/jornada-ims.jpg","datePublished":"2021-12-21T18:04:24+00:00","dateModified":"2021-12-21T18:04:25+00:00","author":{"@id":"https:\/\/www.bbmnoticias.com\/labravaradiofm\/#\/schema\/person\/68a9e9036ef3c5b55aeb2b71dc8bab45"},"breadcrumb":{"@id":"https:\/\/www.bbmnoticias.com\/labravaradiofm\/2021\/12\/21\/realiza-imss-ultima-jornada-nacional-de-recuperacion-de-servicios\/#breadcrumb"},"inLanguage":"es","potentialAction":[{"@type":"ReadAction","target":["https:\/\/www.bbmnoticias.com\/labravaradiofm\/2021\/12\/21\/realiza-imss-ultima-jornada-nacional-de-recuperacion-de-servicios\/"]}]},{"@type":"ImageObject","inLanguage":"es","@id":"https:\/\/www.bbmnoticias.com\/labravaradiofm\/2021\/12\/21\/realiza-imss-ultima-jornada-nacional-de-recuperacion-de-servicios\/#primaryimage","url":"https:\/\/www.bbmnoticias.com\/labravaradiofm\/wp-content\/uploads\/sites\/5\/2021\/12\/jornada-ims.jpg","contentUrl":"https:\/\/www.bbmnoticias.com\/labravaradiofm\/wp-content\/uploads\/sites\/5\/2021\/12\/jornada-ims.jpg","width":1091,"height":739},{"@type":"BreadcrumbList","@id":"https:\/\/www.bbmnoticias.com\/labravaradiofm\/2021\/12\/21\/realiza-imss-ultima-jornada-nacional-de-recuperacion-de-servicios\/#breadcrumb","itemListElement":[{"@type":"ListItem","position":1,"name":"Inicio","item":"https:\/\/www.bbmnoticias.com\/labravaradiofm\/"},{"@type":"ListItem","position":2,"name":"Realiza IMSS \u00faltima Jornada Nacional de Recuperaci\u00f3n de Servicios"}]},{"@type":"WebSite","@id":"https:\/\/www.bbmnoticias.com\/labravaradiofm\/#website","url":"https:\/\/www.bbmnoticias.com\/labravaradiofm\/","name":"LA BRAVA RADIO","description":"Empresa productora de medios, Radiodifusi\u00f3n, Noticias, tendencias y todo lo que necesitas saber de la pol\u00edtica mexicana e internacional; entretenimiento, espect\u00e1culos, salud y mucho m\u00e1s.","potentialAction":[{"@type":"SearchAction","target":{"@type":"EntryPoint","urlTemplate":"https:\/\/www.bbmnoticias.com\/labravaradiofm\/?s={search_term_string}"},"query-input":{"@type":"PropertyValueSpecification","valueRequired":true,"valueName":"search_term_string"}}],"inLanguage":"es"},{"@type":"Person","@id":"https:\/\/www.bbmnoticias.com\/labravaradiofm\/#\/schema\/person\/68a9e9036ef3c5b55aeb2b71dc8bab45","name":"Staff","image":{"@type":"ImageObject","inLanguage":"es","@id":"https:\/\/secure.gravatar.com\/avatar\/fdd21ad66fd8b98c407f9dee5b5e588cfe7f0d8579ec20fa6527cd59bab7f0f0?s=96&d=mm&r=g","url":"https:\/\/secure.gravatar.com\/avatar\/fdd21ad66fd8b98c407f9dee5b5e588cfe7f0d8579ec20fa6527cd59bab7f0f0?s=96&d=mm&r=g","contentUrl":"https:\/\/secure.gravatar.com\/avatar\/fdd21ad66fd8b98c407f9dee5b5e588cfe7f0d8579ec20fa6527cd59bab7f0f0?s=96&d=mm&r=g","caption":"Staff"},"url":"https:\/\/www.bbmnoticias.com\/labravaradiofm\/author\/redaccion\/"}]}},"_links":{"self":[{"href":"https:\/\/www.bbmnoticias.com\/labravaradiofm\/wp-json\/wp\/v2\/posts\/7560","targetHints":{"allow":["GET"]}}],"collection":[{"href":"https:\/\/www.bbmnoticias.com\/labravaradiofm\/wp-json\/wp\/v2\/posts"}],"about":[{"href":"https:\/\/www.bbmnoticias.com\/labravaradiofm\/wp-json\/wp\/v2\/types\/post"}],"author":[{"embeddable":true,"href":"https:\/\/www.bbmnoticias.com\/labravaradiofm\/wp-json\/wp\/v2\/users\/2"}],"replies":[{"embeddable":true,"href":"https:\/\/www.bbmnoticias.com\/labravaradiofm\/wp-json\/wp\/v2\/comments?post=7560"}],"version-history":[{"count":0,"href":"https:\/\/www.bbmnoticias.com\/labravaradiofm\/wp-json\/wp\/v2\/posts\/7560\/revisions"}],"wp:featuredmedia":[{"embeddable":true,"href":"https:\/\/www.bbmnoticias.com\/labravaradiofm\/wp-json\/wp\/v2\/media\/7561"}],"wp:attachment":[{"href":"https:\/\/www.bbmnoticias.com\/labravaradiofm\/wp-json\/wp\/v2\/media?parent=7560"}],"wp:term":[{"taxonomy":"category","embeddable":true,"href":"https:\/\/www.bbmnoticias.com\/labravaradiofm\/wp-json\/wp\/v2\/categories?post=7560"},{"taxonomy":"post_tag","embeddable":true,"href":"https:\/\/www.bbmnoticias.com\/labravaradiofm\/wp-json\/wp\/v2\/tags?post=7560"}],"curies":[{"name":"wp","href":"https:\/\/api.w.org\/{rel}","templated":true}]}}