{"id":7557,"date":"2021-12-21T10:06:06","date_gmt":"2021-12-21T16:06:06","guid":{"rendered":"https:\/\/www.bbmnoticias.com\/labravaradiofm\/?p=7557"},"modified":"2021-12-21T10:06:07","modified_gmt":"2021-12-21T16:06:07","slug":"este-martes-da-inicio-el-solsticio-de-invierno-en-el-hemisferio-norte","status":"publish","type":"post","link":"https:\/\/www.bbmnoticias.com\/labravaradiofm\/2021\/12\/21\/este-martes-da-inicio-el-solsticio-de-invierno-en-el-hemisferio-norte\/","title":{"rendered":"Este martes da inicio el solsticio de invierno en el hemisferio norte"},"content":{"rendered":"<div style=\"margin-top: 0px; margin-bottom: 0px;\" class=\"sharethis-inline-share-buttons\" ><\/div>\n<p><strong>Oaxaca de Ju\u00e1rez, Oax. 21 de diciembre de 2021.<\/strong> La Coordinaci\u00f3n Estatal de Protecci\u00f3n Civil de Oaxaca (CEPCO), informa que el frente fr\u00edo No.14 se ubica este martes desde el sur del golfo de M\u00e9xico hasta la Florida y despu\u00e9s se extiende hacia el atl\u00e1ntico, en su avance hacia el sureste, seguir\u00e1 desarrollando lluvias y lloviznas sobre la porci\u00f3n norte del estado.<\/p>\n\n\n\n<p>Este sistema frontal tiene un empuje de alta presi\u00f3n y masa de aire fr\u00edo, que comenzar\u00e1 a invadir el norte, centro, oriente y sureste de M\u00e9xico, favoreciendo ambiente fr\u00edo al amanecer y por la noche en zonas mayores a mil 500 metros, pero en especial en picos altos de la Mixteca, Sierra Norte, Sierra Sur y Sierra Mazateca con posibles heladas, as\u00ed como nieblas nocturnas.<\/p>\n\n\n\n<p>Mientras que los vientos moderados a ocasionalmente fuertes provenientes del norte, prevalecer\u00e1n sobre el extremo oriental del Istmo, as\u00ed como en aguas costeras del Golfo de Tehuantepec. La Costa seguir\u00e1 experimentando tiempo c\u00e1lido y poco h\u00famedo con brisas frescas por la tarde-noche.<\/p>\n\n\n\n<p>En tanto, este martes a las 9:58 horas da inicio el solsticio de invierno en el hemisferio norte.<\/p>\n\n\n\n<p>En cuanto a las condiciones meteorol\u00f3gicas registradas en las \u00faltimas 24 horas en el estado domin\u00f3 ambiente fr\u00edo al amanecer en zonas altas, soplo norte moderado en el Istmo, se registraron lluvias y lloviznas en la Cuenca del Papaloapan y lugares aislados de la Sierra Norte y Sierra Mazateca.<\/p>\n\n\n\n<p>El pron\u00f3stico para este 21 de diciembre en la capital del estado ser\u00e1 fr\u00edo al amanecer y por la noche, despejado a medio nublado abundante radiaci\u00f3n solar en horas centrales del d\u00eda. La temperatura m\u00e1xima ser\u00e1 de 26 grados y m\u00ednima de 07.<\/p>\n\n\n\n<p>En este sentido, la Coordinaci\u00f3n Estatal de Protecci\u00f3n Civil que encabeza Oscar Valencia Garc\u00eda, emite las siguientes recomendaciones por temporada invernal:<\/p>\n\n\n\n<ul class=\"wp-block-list\"><li>Vestir con ropa gruesa, cubriendo todo el cuerpo (chamarra, abrigo, bufanda, gorro, guantes. Etc.).<\/li><li>Inf\u00f3rmate a trav\u00e9s de los medios de comunicaci\u00f3n sobre el pron\u00f3stico del tiempo.<\/li><li>Come frutas amarillas ricas en vitamina A y C.<\/li><li>Al salir de un lugar caliente c\u00fabrete boca y nariz para evitar respirar aire fr\u00edo.<\/li><li>Los ni\u00f1os, adultos mayores, enfermos cr\u00f3nicos y personas indigentes son m\u00e1s vulnerables, ten especial atenci\u00f3n con ellos y cob\u00edjalos.<\/li><li>Si quieres utilizar chimeneas, calentadores u hornillos verifica que haya ventilaci\u00f3n adecuada para evitar intoxicaciones, cuida que los ni\u00f1os no se acerquen para evitar accidentes.<\/li><li>Selle puertas y ventanas con papel peri\u00f3dico para evitar cruces de corrientes y salida de calor acumulado en su casa.<\/li><li>No encienda estufas ni anafres dentro de habitaciones que carezcan de ventilaci\u00f3n adecuada ya que pueden generar mon\u00f3xido de carbono; este es un gas que no se ve ni tiene olor y es altamente nocivo para la salud.<\/li><\/ul>\n","protected":false},"excerpt":{"rendered":"<p>Oaxaca de Ju\u00e1rez, Oax. 21 de diciembre de 2021. La Coordinaci\u00f3n Estatal de Protecci\u00f3n Civil de Oaxaca (CEPCO), informa que el frente fr\u00edo No.14 se ubica este martes desde el sur del golfo de M\u00e9xico hasta la Florida y despu\u00e9s se extiende hacia el atl\u00e1ntico, en su avance hacia el sureste, seguir\u00e1 desarrollando lluvias y [&hellip;]<\/p>\n","protected":false},"author":2,"featured_media":7558,"comment_status":"closed","ping_status":"closed","sticky":false,"template":"","format":"standard","meta":{"footnotes":""},"categories":[2],"tags":[],"class_list":{"0":"post-7557","1":"post","2":"type-post","3":"status-publish","4":"format-standard","5":"has-post-thumbnail","7":"category-oaxaca"},"yoast_head":"<!-- This site is optimized with the Yoast SEO plugin v27.4 - https:\/\/yoast.com\/product\/yoast-seo-wordpress\/ -->\n<title>Este martes da inicio el solsticio de invierno en el hemisferio norte - LA BRAVA RADIO<\/title>\n<meta name=\"robots\" content=\"index, follow, max-snippet:-1, max-image-preview:large, max-video-preview:-1\" \/>\n<link rel=\"canonical\" href=\"https:\/\/www.bbmnoticias.com\/labravaradiofm\/2021\/12\/21\/este-martes-da-inicio-el-solsticio-de-invierno-en-el-hemisferio-norte\/\" \/>\n<meta property=\"og:locale\" content=\"es_MX\" \/>\n<meta property=\"og:type\" content=\"article\" \/>\n<meta property=\"og:title\" content=\"Este martes da inicio el solsticio de invierno en el hemisferio norte - LA BRAVA RADIO\" \/>\n<meta property=\"og:description\" content=\"Oaxaca de Ju\u00e1rez, Oax. 21 de diciembre de 2021. La Coordinaci\u00f3n Estatal de Protecci\u00f3n Civil de Oaxaca (CEPCO), informa que el frente fr\u00edo No.14 se ubica este martes desde el sur del golfo de M\u00e9xico hasta la Florida y despu\u00e9s se extiende hacia el atl\u00e1ntico, en su avance hacia el sureste, seguir\u00e1 desarrollando lluvias y [&hellip;]\" \/>\n<meta property=\"og:url\" content=\"https:\/\/www.bbmnoticias.com\/labravaradiofm\/2021\/12\/21\/este-martes-da-inicio-el-solsticio-de-invierno-en-el-hemisferio-norte\/\" \/>\n<meta property=\"og:site_name\" content=\"LA BRAVA RADIO\" \/>\n<meta property=\"article:published_time\" content=\"2021-12-21T16:06:06+00:00\" \/>\n<meta property=\"article:modified_time\" content=\"2021-12-21T16:06:07+00:00\" \/>\n<meta property=\"og:image\" content=\"https:\/\/www.bbmnoticias.com\/labravaradiofm\/wp-content\/uploads\/sites\/5\/2021\/12\/solsticio.webp\" \/>\n\t<meta property=\"og:image:width\" content=\"1960\" \/>\n\t<meta property=\"og:image:height\" content=\"1164\" \/>\n\t<meta property=\"og:image:type\" content=\"image\/webp\" \/>\n<meta name=\"author\" content=\"Staff\" \/>\n<meta name=\"twitter:card\" content=\"summary_large_image\" \/>\n<meta name=\"twitter:label1\" content=\"Escrito por\" \/>\n\t<meta name=\"twitter:data1\" content=\"Staff\" \/>\n\t<meta name=\"twitter:label2\" content=\"Tiempo de lectura\" \/>\n\t<meta name=\"twitter:data2\" content=\"3 minutos\" \/>\n<script type=\"application\/ld+json\" class=\"yoast-schema-graph\">{\"@context\":\"https:\\\/\\\/schema.org\",\"@graph\":[{\"@type\":\"Article\",\"@id\":\"https:\\\/\\\/www.bbmnoticias.com\\\/labravaradiofm\\\/2021\\\/12\\\/21\\\/este-martes-da-inicio-el-solsticio-de-invierno-en-el-hemisferio-norte\\\/#article\",\"isPartOf\":{\"@id\":\"https:\\\/\\\/www.bbmnoticias.com\\\/labravaradiofm\\\/2021\\\/12\\\/21\\\/este-martes-da-inicio-el-solsticio-de-invierno-en-el-hemisferio-norte\\\/\"},\"author\":{\"name\":\"Staff\",\"@id\":\"https:\\\/\\\/www.bbmnoticias.com\\\/labravaradiofm\\\/#\\\/schema\\\/person\\\/68a9e9036ef3c5b55aeb2b71dc8bab45\"},\"headline\":\"Este martes da inicio el solsticio de invierno en el hemisferio norte\",\"datePublished\":\"2021-12-21T16:06:06+00:00\",\"dateModified\":\"2021-12-21T16:06:07+00:00\",\"mainEntityOfPage\":{\"@id\":\"https:\\\/\\\/www.bbmnoticias.com\\\/labravaradiofm\\\/2021\\\/12\\\/21\\\/este-martes-da-inicio-el-solsticio-de-invierno-en-el-hemisferio-norte\\\/\"},\"wordCount\":499,\"image\":{\"@id\":\"https:\\\/\\\/www.bbmnoticias.com\\\/labravaradiofm\\\/2021\\\/12\\\/21\\\/este-martes-da-inicio-el-solsticio-de-invierno-en-el-hemisferio-norte\\\/#primaryimage\"},\"thumbnailUrl\":\"https:\\\/\\\/www.bbmnoticias.com\\\/labravaradiofm\\\/wp-content\\\/uploads\\\/sites\\\/5\\\/2021\\\/12\\\/solsticio.webp\",\"articleSection\":[\"LOCAL\"],\"inLanguage\":\"es\"},{\"@type\":\"WebPage\",\"@id\":\"https:\\\/\\\/www.bbmnoticias.com\\\/labravaradiofm\\\/2021\\\/12\\\/21\\\/este-martes-da-inicio-el-solsticio-de-invierno-en-el-hemisferio-norte\\\/\",\"url\":\"https:\\\/\\\/www.bbmnoticias.com\\\/labravaradiofm\\\/2021\\\/12\\\/21\\\/este-martes-da-inicio-el-solsticio-de-invierno-en-el-hemisferio-norte\\\/\",\"name\":\"Este martes da inicio el solsticio de invierno en el hemisferio norte - LA BRAVA RADIO\",\"isPartOf\":{\"@id\":\"https:\\\/\\\/www.bbmnoticias.com\\\/labravaradiofm\\\/#website\"},\"primaryImageOfPage\":{\"@id\":\"https:\\\/\\\/www.bbmnoticias.com\\\/labravaradiofm\\\/2021\\\/12\\\/21\\\/este-martes-da-inicio-el-solsticio-de-invierno-en-el-hemisferio-norte\\\/#primaryimage\"},\"image\":{\"@id\":\"https:\\\/\\\/www.bbmnoticias.com\\\/labravaradiofm\\\/2021\\\/12\\\/21\\\/este-martes-da-inicio-el-solsticio-de-invierno-en-el-hemisferio-norte\\\/#primaryimage\"},\"thumbnailUrl\":\"https:\\\/\\\/www.bbmnoticias.com\\\/labravaradiofm\\\/wp-content\\\/uploads\\\/sites\\\/5\\\/2021\\\/12\\\/solsticio.webp\",\"datePublished\":\"2021-12-21T16:06:06+00:00\",\"dateModified\":\"2021-12-21T16:06:07+00:00\",\"author\":{\"@id\":\"https:\\\/\\\/www.bbmnoticias.com\\\/labravaradiofm\\\/#\\\/schema\\\/person\\\/68a9e9036ef3c5b55aeb2b71dc8bab45\"},\"breadcrumb\":{\"@id\":\"https:\\\/\\\/www.bbmnoticias.com\\\/labravaradiofm\\\/2021\\\/12\\\/21\\\/este-martes-da-inicio-el-solsticio-de-invierno-en-el-hemisferio-norte\\\/#breadcrumb\"},\"inLanguage\":\"es\",\"potentialAction\":[{\"@type\":\"ReadAction\",\"target\":[\"https:\\\/\\\/www.bbmnoticias.com\\\/labravaradiofm\\\/2021\\\/12\\\/21\\\/este-martes-da-inicio-el-solsticio-de-invierno-en-el-hemisferio-norte\\\/\"]}]},{\"@type\":\"ImageObject\",\"inLanguage\":\"es\",\"@id\":\"https:\\\/\\\/www.bbmnoticias.com\\\/labravaradiofm\\\/2021\\\/12\\\/21\\\/este-martes-da-inicio-el-solsticio-de-invierno-en-el-hemisferio-norte\\\/#primaryimage\",\"url\":\"https:\\\/\\\/www.bbmnoticias.com\\\/labravaradiofm\\\/wp-content\\\/uploads\\\/sites\\\/5\\\/2021\\\/12\\\/solsticio.webp\",\"contentUrl\":\"https:\\\/\\\/www.bbmnoticias.com\\\/labravaradiofm\\\/wp-content\\\/uploads\\\/sites\\\/5\\\/2021\\\/12\\\/solsticio.webp\",\"width\":1960,\"height\":1164},{\"@type\":\"BreadcrumbList\",\"@id\":\"https:\\\/\\\/www.bbmnoticias.com\\\/labravaradiofm\\\/2021\\\/12\\\/21\\\/este-martes-da-inicio-el-solsticio-de-invierno-en-el-hemisferio-norte\\\/#breadcrumb\",\"itemListElement\":[{\"@type\":\"ListItem\",\"position\":1,\"name\":\"Inicio\",\"item\":\"https:\\\/\\\/www.bbmnoticias.com\\\/labravaradiofm\\\/\"},{\"@type\":\"ListItem\",\"position\":2,\"name\":\"Este martes da inicio el solsticio de invierno en el hemisferio norte\"}]},{\"@type\":\"WebSite\",\"@id\":\"https:\\\/\\\/www.bbmnoticias.com\\\/labravaradiofm\\\/#website\",\"url\":\"https:\\\/\\\/www.bbmnoticias.com\\\/labravaradiofm\\\/\",\"name\":\"LA BRAVA RADIO\",\"description\":\"Empresa productora de medios, Radiodifusi\u00f3n, Noticias, tendencias y todo lo que necesitas saber de la pol\u00edtica mexicana e internacional; entretenimiento, espect\u00e1culos, salud y mucho m\u00e1s.\",\"potentialAction\":[{\"@type\":\"SearchAction\",\"target\":{\"@type\":\"EntryPoint\",\"urlTemplate\":\"https:\\\/\\\/www.bbmnoticias.com\\\/labravaradiofm\\\/?s={search_term_string}\"},\"query-input\":{\"@type\":\"PropertyValueSpecification\",\"valueRequired\":true,\"valueName\":\"search_term_string\"}}],\"inLanguage\":\"es\"},{\"@type\":\"Person\",\"@id\":\"https:\\\/\\\/www.bbmnoticias.com\\\/labravaradiofm\\\/#\\\/schema\\\/person\\\/68a9e9036ef3c5b55aeb2b71dc8bab45\",\"name\":\"Staff\",\"image\":{\"@type\":\"ImageObject\",\"inLanguage\":\"es\",\"@id\":\"https:\\\/\\\/secure.gravatar.com\\\/avatar\\\/fdd21ad66fd8b98c407f9dee5b5e588cfe7f0d8579ec20fa6527cd59bab7f0f0?s=96&d=mm&r=g\",\"url\":\"https:\\\/\\\/secure.gravatar.com\\\/avatar\\\/fdd21ad66fd8b98c407f9dee5b5e588cfe7f0d8579ec20fa6527cd59bab7f0f0?s=96&d=mm&r=g\",\"contentUrl\":\"https:\\\/\\\/secure.gravatar.com\\\/avatar\\\/fdd21ad66fd8b98c407f9dee5b5e588cfe7f0d8579ec20fa6527cd59bab7f0f0?s=96&d=mm&r=g\",\"caption\":\"Staff\"},\"url\":\"https:\\\/\\\/www.bbmnoticias.com\\\/labravaradiofm\\\/author\\\/redaccion\\\/\"}]}<\/script>\n<!-- \/ Yoast SEO plugin. -->","yoast_head_json":{"title":"Este martes da inicio el solsticio de invierno en el hemisferio norte - LA BRAVA RADIO","robots":{"index":"index","follow":"follow","max-snippet":"max-snippet:-1","max-image-preview":"max-image-preview:large","max-video-preview":"max-video-preview:-1"},"canonical":"https:\/\/www.bbmnoticias.com\/labravaradiofm\/2021\/12\/21\/este-martes-da-inicio-el-solsticio-de-invierno-en-el-hemisferio-norte\/","og_locale":"es_MX","og_type":"article","og_title":"Este martes da inicio el solsticio de invierno en el hemisferio norte - LA BRAVA RADIO","og_description":"Oaxaca de Ju\u00e1rez, Oax. 21 de diciembre de 2021. La Coordinaci\u00f3n Estatal de Protecci\u00f3n Civil de Oaxaca (CEPCO), informa que el frente fr\u00edo No.14 se ubica este martes desde el sur del golfo de M\u00e9xico hasta la Florida y despu\u00e9s se extiende hacia el atl\u00e1ntico, en su avance hacia el sureste, seguir\u00e1 desarrollando lluvias y [&hellip;]","og_url":"https:\/\/www.bbmnoticias.com\/labravaradiofm\/2021\/12\/21\/este-martes-da-inicio-el-solsticio-de-invierno-en-el-hemisferio-norte\/","og_site_name":"LA BRAVA RADIO","article_published_time":"2021-12-21T16:06:06+00:00","article_modified_time":"2021-12-21T16:06:07+00:00","og_image":[{"width":1960,"height":1164,"url":"https:\/\/www.bbmnoticias.com\/labravaradiofm\/wp-content\/uploads\/sites\/5\/2021\/12\/solsticio.webp","type":"image\/webp"}],"author":"Staff","twitter_card":"summary_large_image","twitter_misc":{"Escrito por":"Staff","Tiempo de lectura":"3 minutos"},"schema":{"@context":"https:\/\/schema.org","@graph":[{"@type":"Article","@id":"https:\/\/www.bbmnoticias.com\/labravaradiofm\/2021\/12\/21\/este-martes-da-inicio-el-solsticio-de-invierno-en-el-hemisferio-norte\/#article","isPartOf":{"@id":"https:\/\/www.bbmnoticias.com\/labravaradiofm\/2021\/12\/21\/este-martes-da-inicio-el-solsticio-de-invierno-en-el-hemisferio-norte\/"},"author":{"name":"Staff","@id":"https:\/\/www.bbmnoticias.com\/labravaradiofm\/#\/schema\/person\/68a9e9036ef3c5b55aeb2b71dc8bab45"},"headline":"Este martes da inicio el solsticio de invierno en el hemisferio norte","datePublished":"2021-12-21T16:06:06+00:00","dateModified":"2021-12-21T16:06:07+00:00","mainEntityOfPage":{"@id":"https:\/\/www.bbmnoticias.com\/labravaradiofm\/2021\/12\/21\/este-martes-da-inicio-el-solsticio-de-invierno-en-el-hemisferio-norte\/"},"wordCount":499,"image":{"@id":"https:\/\/www.bbmnoticias.com\/labravaradiofm\/2021\/12\/21\/este-martes-da-inicio-el-solsticio-de-invierno-en-el-hemisferio-norte\/#primaryimage"},"thumbnailUrl":"https:\/\/www.bbmnoticias.com\/labravaradiofm\/wp-content\/uploads\/sites\/5\/2021\/12\/solsticio.webp","articleSection":["LOCAL"],"inLanguage":"es"},{"@type":"WebPage","@id":"https:\/\/www.bbmnoticias.com\/labravaradiofm\/2021\/12\/21\/este-martes-da-inicio-el-solsticio-de-invierno-en-el-hemisferio-norte\/","url":"https:\/\/www.bbmnoticias.com\/labravaradiofm\/2021\/12\/21\/este-martes-da-inicio-el-solsticio-de-invierno-en-el-hemisferio-norte\/","name":"Este martes da inicio el solsticio de invierno en el hemisferio norte - LA BRAVA RADIO","isPartOf":{"@id":"https:\/\/www.bbmnoticias.com\/labravaradiofm\/#website"},"primaryImageOfPage":{"@id":"https:\/\/www.bbmnoticias.com\/labravaradiofm\/2021\/12\/21\/este-martes-da-inicio-el-solsticio-de-invierno-en-el-hemisferio-norte\/#primaryimage"},"image":{"@id":"https:\/\/www.bbmnoticias.com\/labravaradiofm\/2021\/12\/21\/este-martes-da-inicio-el-solsticio-de-invierno-en-el-hemisferio-norte\/#primaryimage"},"thumbnailUrl":"https:\/\/www.bbmnoticias.com\/labravaradiofm\/wp-content\/uploads\/sites\/5\/2021\/12\/solsticio.webp","datePublished":"2021-12-21T16:06:06+00:00","dateModified":"2021-12-21T16:06:07+00:00","author":{"@id":"https:\/\/www.bbmnoticias.com\/labravaradiofm\/#\/schema\/person\/68a9e9036ef3c5b55aeb2b71dc8bab45"},"breadcrumb":{"@id":"https:\/\/www.bbmnoticias.com\/labravaradiofm\/2021\/12\/21\/este-martes-da-inicio-el-solsticio-de-invierno-en-el-hemisferio-norte\/#breadcrumb"},"inLanguage":"es","potentialAction":[{"@type":"ReadAction","target":["https:\/\/www.bbmnoticias.com\/labravaradiofm\/2021\/12\/21\/este-martes-da-inicio-el-solsticio-de-invierno-en-el-hemisferio-norte\/"]}]},{"@type":"ImageObject","inLanguage":"es","@id":"https:\/\/www.bbmnoticias.com\/labravaradiofm\/2021\/12\/21\/este-martes-da-inicio-el-solsticio-de-invierno-en-el-hemisferio-norte\/#primaryimage","url":"https:\/\/www.bbmnoticias.com\/labravaradiofm\/wp-content\/uploads\/sites\/5\/2021\/12\/solsticio.webp","contentUrl":"https:\/\/www.bbmnoticias.com\/labravaradiofm\/wp-content\/uploads\/sites\/5\/2021\/12\/solsticio.webp","width":1960,"height":1164},{"@type":"BreadcrumbList","@id":"https:\/\/www.bbmnoticias.com\/labravaradiofm\/2021\/12\/21\/este-martes-da-inicio-el-solsticio-de-invierno-en-el-hemisferio-norte\/#breadcrumb","itemListElement":[{"@type":"ListItem","position":1,"name":"Inicio","item":"https:\/\/www.bbmnoticias.com\/labravaradiofm\/"},{"@type":"ListItem","position":2,"name":"Este martes da inicio el solsticio de invierno en el hemisferio norte"}]},{"@type":"WebSite","@id":"https:\/\/www.bbmnoticias.com\/labravaradiofm\/#website","url":"https:\/\/www.bbmnoticias.com\/labravaradiofm\/","name":"LA BRAVA RADIO","description":"Empresa productora de medios, Radiodifusi\u00f3n, Noticias, tendencias y todo lo que necesitas saber de la pol\u00edtica mexicana e internacional; entretenimiento, espect\u00e1culos, salud y mucho m\u00e1s.","potentialAction":[{"@type":"SearchAction","target":{"@type":"EntryPoint","urlTemplate":"https:\/\/www.bbmnoticias.com\/labravaradiofm\/?s={search_term_string}"},"query-input":{"@type":"PropertyValueSpecification","valueRequired":true,"valueName":"search_term_string"}}],"inLanguage":"es"},{"@type":"Person","@id":"https:\/\/www.bbmnoticias.com\/labravaradiofm\/#\/schema\/person\/68a9e9036ef3c5b55aeb2b71dc8bab45","name":"Staff","image":{"@type":"ImageObject","inLanguage":"es","@id":"https:\/\/secure.gravatar.com\/avatar\/fdd21ad66fd8b98c407f9dee5b5e588cfe7f0d8579ec20fa6527cd59bab7f0f0?s=96&d=mm&r=g","url":"https:\/\/secure.gravatar.com\/avatar\/fdd21ad66fd8b98c407f9dee5b5e588cfe7f0d8579ec20fa6527cd59bab7f0f0?s=96&d=mm&r=g","contentUrl":"https:\/\/secure.gravatar.com\/avatar\/fdd21ad66fd8b98c407f9dee5b5e588cfe7f0d8579ec20fa6527cd59bab7f0f0?s=96&d=mm&r=g","caption":"Staff"},"url":"https:\/\/www.bbmnoticias.com\/labravaradiofm\/author\/redaccion\/"}]}},"_links":{"self":[{"href":"https:\/\/www.bbmnoticias.com\/labravaradiofm\/wp-json\/wp\/v2\/posts\/7557","targetHints":{"allow":["GET"]}}],"collection":[{"href":"https:\/\/www.bbmnoticias.com\/labravaradiofm\/wp-json\/wp\/v2\/posts"}],"about":[{"href":"https:\/\/www.bbmnoticias.com\/labravaradiofm\/wp-json\/wp\/v2\/types\/post"}],"author":[{"embeddable":true,"href":"https:\/\/www.bbmnoticias.com\/labravaradiofm\/wp-json\/wp\/v2\/users\/2"}],"replies":[{"embeddable":true,"href":"https:\/\/www.bbmnoticias.com\/labravaradiofm\/wp-json\/wp\/v2\/comments?post=7557"}],"version-history":[{"count":0,"href":"https:\/\/www.bbmnoticias.com\/labravaradiofm\/wp-json\/wp\/v2\/posts\/7557\/revisions"}],"wp:featuredmedia":[{"embeddable":true,"href":"https:\/\/www.bbmnoticias.com\/labravaradiofm\/wp-json\/wp\/v2\/media\/7558"}],"wp:attachment":[{"href":"https:\/\/www.bbmnoticias.com\/labravaradiofm\/wp-json\/wp\/v2\/media?parent=7557"}],"wp:term":[{"taxonomy":"category","embeddable":true,"href":"https:\/\/www.bbmnoticias.com\/labravaradiofm\/wp-json\/wp\/v2\/categories?post=7557"},{"taxonomy":"post_tag","embeddable":true,"href":"https:\/\/www.bbmnoticias.com\/labravaradiofm\/wp-json\/wp\/v2\/tags?post=7557"}],"curies":[{"name":"wp","href":"https:\/\/api.w.org\/{rel}","templated":true}]}}