{"id":7554,"date":"2021-12-21T10:03:20","date_gmt":"2021-12-21T16:03:20","guid":{"rendered":"https:\/\/www.bbmnoticias.com\/labravaradiofm\/?p=7554"},"modified":"2021-12-21T10:03:22","modified_gmt":"2021-12-21T16:03:22","slug":"celebrar-en-familia-y-dar-gracias-por-la-salud-de-nuestras-familias-es-hoy-una-bendicion","status":"publish","type":"post","link":"https:\/\/www.bbmnoticias.com\/labravaradiofm\/2021\/12\/21\/celebrar-en-familia-y-dar-gracias-por-la-salud-de-nuestras-familias-es-hoy-una-bendicion\/","title":{"rendered":"\u201cCelebrar en familia y dar gracias por la salud de nuestras familias, es hoy una bendici\u00f3n\u201d"},"content":{"rendered":"<div style=\"margin-top: 0px; margin-bottom: 0px;\" class=\"sharethis-inline-share-buttons\" ><\/div>\n<p><strong>Tamazulapam del Esp\u00edritu Santo, Sierra Norte, Oax. 21 de diciembre de 2021.-<\/strong> Continuando con las fiestas decembrinas, personal del Sistema para el Desarrollo Integral de la Familia (DIF) Oaxaca, encabezados por el director general, Christian Holm Rodr\u00edguez, celebr\u00f3 a ni\u00f1as y ni\u00f1os de los Municipios de Tamazulapam del Esp\u00edritu Santo y de San Pedro y San Pablo Ayutla, Mixe, siguiendo los protocolos de seguridad e higiene, dictados por las autoridades sanitarias. Entre risas y gritos de alegr\u00eda, ni\u00f1as y ni\u00f1os en compa\u00f1\u00eda de sus padres y madres, disfrutaron del show de payasos, as\u00ed como de alimentos y grandes sorpresas que personal del DIF Estatal Oaxaca llevaron a cabo.<\/p>\n\n\n\n<p>\u201cEstamos aqu\u00ed, cumpliendo con uno de los grandes compromisos del gobernador del Estado, Alejandro Murat Hinojosa, el de servir a las ni\u00f1as y ni\u00f1os de las 8 regiones de Oaxaca, trabajando d\u00eda con d\u00eda por su bienestar, impulsando acciones, programas y pol\u00edticas p\u00fablicas que coadyuven a su desarrollo, tanto educativo, como personal. Porque somos una administraci\u00f3n cercana a la gente, tal como lo instruy\u00f3 el Gobernador y su esposa, la se\u00f1ora Ivette Mor\u00e1n de Murat\u201d, se\u00f1al\u00f3 Holm Rodr\u00edguez.<\/p>\n\n\n\n<p>Cabe destacar que, los ni\u00f1os participaron en diversas mec\u00e1nicas que corrieron a cargo de los payasos, entre ellos la payasita Titina y el payaso Chur\u00edn, quien ha encantado al p\u00fablico infantil desde su presentaci\u00f3n en \u201cCampamento de Verano\u201d, programa que llev\u00f3 a cabo el DIF Estatal Oaxaca y la CORTV. En dicha posada, el director general entreg\u00f3 regalos a las y los ni\u00f1os, que envi\u00f3 el gobernador del Estado, Alejandro Murat, con motivo de estas fiestas.<\/p>\n\n\n\n<p>En ese sentido, casi 200 ni\u00f1as y ni\u00f1os se dieron cita a este evento familiar, siendo esta, una de las m\u00e1s alegres y concurridas posadas, en lo que va del mes de diciembre.<\/p>\n\n\n\n<p>Todas las ni\u00f1as y los ni\u00f1os, disfrutaron los juegos que los payasos navide\u00f1os llevaron para amenizar la celebraci\u00f3n. No faltaron pi\u00f1atas, cantos, risas y abrazos. Posteriormente, todos los participantes disfrutaron de ricas bebidas y bocadillos, que el personal del Sistema DIF Oaxaca comparti\u00f3 con ellos, para pasar un d\u00eda muy agradable, en compa\u00f1\u00eda de las familias de esa localidad.<\/p>\n","protected":false},"excerpt":{"rendered":"<p>Tamazulapam del Esp\u00edritu Santo, Sierra Norte, Oax. 21 de diciembre de 2021.- Continuando con las fiestas decembrinas, personal del Sistema para el Desarrollo Integral de la Familia (DIF) Oaxaca, encabezados por el director general, Christian Holm Rodr\u00edguez, celebr\u00f3 a ni\u00f1as y ni\u00f1os de los Municipios de Tamazulapam del Esp\u00edritu Santo y de San Pedro y [&hellip;]<\/p>\n","protected":false},"author":2,"featured_media":7555,"comment_status":"closed","ping_status":"closed","sticky":false,"template":"","format":"standard","meta":{"footnotes":""},"categories":[2],"tags":[],"class_list":{"0":"post-7554","1":"post","2":"type-post","3":"status-publish","4":"format-standard","5":"has-post-thumbnail","7":"category-oaxaca"},"yoast_head":"<!-- This site is optimized with the Yoast SEO plugin v27.4 - https:\/\/yoast.com\/product\/yoast-seo-wordpress\/ -->\n<title>\u201cCelebrar en familia y dar gracias por la salud de nuestras familias, es hoy una bendici\u00f3n\u201d - LA BRAVA RADIO<\/title>\n<meta name=\"robots\" content=\"index, follow, max-snippet:-1, max-image-preview:large, max-video-preview:-1\" \/>\n<link rel=\"canonical\" href=\"https:\/\/www.bbmnoticias.com\/labravaradiofm\/2021\/12\/21\/celebrar-en-familia-y-dar-gracias-por-la-salud-de-nuestras-familias-es-hoy-una-bendicion\/\" \/>\n<meta property=\"og:locale\" content=\"es_MX\" \/>\n<meta property=\"og:type\" content=\"article\" \/>\n<meta property=\"og:title\" content=\"\u201cCelebrar en familia y dar gracias por la salud de nuestras familias, es hoy una bendici\u00f3n\u201d - LA BRAVA RADIO\" \/>\n<meta property=\"og:description\" content=\"Tamazulapam del Esp\u00edritu Santo, Sierra Norte, Oax. 21 de diciembre de 2021.- Continuando con las fiestas decembrinas, personal del Sistema para el Desarrollo Integral de la Familia (DIF) Oaxaca, encabezados por el director general, Christian Holm Rodr\u00edguez, celebr\u00f3 a ni\u00f1as y ni\u00f1os de los Municipios de Tamazulapam del Esp\u00edritu Santo y de San Pedro y [&hellip;]\" \/>\n<meta property=\"og:url\" content=\"https:\/\/www.bbmnoticias.com\/labravaradiofm\/2021\/12\/21\/celebrar-en-familia-y-dar-gracias-por-la-salud-de-nuestras-familias-es-hoy-una-bendicion\/\" \/>\n<meta property=\"og:site_name\" content=\"LA BRAVA RADIO\" \/>\n<meta property=\"article:published_time\" content=\"2021-12-21T16:03:20+00:00\" \/>\n<meta property=\"article:modified_time\" content=\"2021-12-21T16:03:22+00:00\" \/>\n<meta property=\"og:image\" content=\"https:\/\/www.bbmnoticias.com\/labravaradiofm\/wp-content\/uploads\/sites\/5\/2021\/12\/fiestas-decembrinas.jpg\" \/>\n\t<meta property=\"og:image:width\" content=\"1024\" \/>\n\t<meta property=\"og:image:height\" content=\"683\" \/>\n\t<meta property=\"og:image:type\" content=\"image\/jpeg\" \/>\n<meta name=\"author\" content=\"Staff\" \/>\n<meta name=\"twitter:card\" content=\"summary_large_image\" \/>\n<meta name=\"twitter:label1\" content=\"Escrito por\" \/>\n\t<meta name=\"twitter:data1\" content=\"Staff\" \/>\n\t<meta name=\"twitter:label2\" content=\"Tiempo de lectura\" \/>\n\t<meta name=\"twitter:data2\" content=\"2 minutos\" \/>\n<script type=\"application\/ld+json\" class=\"yoast-schema-graph\">{\"@context\":\"https:\\\/\\\/schema.org\",\"@graph\":[{\"@type\":\"Article\",\"@id\":\"https:\\\/\\\/www.bbmnoticias.com\\\/labravaradiofm\\\/2021\\\/12\\\/21\\\/celebrar-en-familia-y-dar-gracias-por-la-salud-de-nuestras-familias-es-hoy-una-bendicion\\\/#article\",\"isPartOf\":{\"@id\":\"https:\\\/\\\/www.bbmnoticias.com\\\/labravaradiofm\\\/2021\\\/12\\\/21\\\/celebrar-en-familia-y-dar-gracias-por-la-salud-de-nuestras-familias-es-hoy-una-bendicion\\\/\"},\"author\":{\"name\":\"Staff\",\"@id\":\"https:\\\/\\\/www.bbmnoticias.com\\\/labravaradiofm\\\/#\\\/schema\\\/person\\\/68a9e9036ef3c5b55aeb2b71dc8bab45\"},\"headline\":\"\u201cCelebrar en familia y dar gracias por la salud de nuestras familias, es hoy una bendici\u00f3n\u201d\",\"datePublished\":\"2021-12-21T16:03:20+00:00\",\"dateModified\":\"2021-12-21T16:03:22+00:00\",\"mainEntityOfPage\":{\"@id\":\"https:\\\/\\\/www.bbmnoticias.com\\\/labravaradiofm\\\/2021\\\/12\\\/21\\\/celebrar-en-familia-y-dar-gracias-por-la-salud-de-nuestras-familias-es-hoy-una-bendicion\\\/\"},\"wordCount\":404,\"image\":{\"@id\":\"https:\\\/\\\/www.bbmnoticias.com\\\/labravaradiofm\\\/2021\\\/12\\\/21\\\/celebrar-en-familia-y-dar-gracias-por-la-salud-de-nuestras-familias-es-hoy-una-bendicion\\\/#primaryimage\"},\"thumbnailUrl\":\"https:\\\/\\\/www.bbmnoticias.com\\\/labravaradiofm\\\/wp-content\\\/uploads\\\/sites\\\/5\\\/2021\\\/12\\\/fiestas-decembrinas.jpg\",\"articleSection\":[\"LOCAL\"],\"inLanguage\":\"es\"},{\"@type\":\"WebPage\",\"@id\":\"https:\\\/\\\/www.bbmnoticias.com\\\/labravaradiofm\\\/2021\\\/12\\\/21\\\/celebrar-en-familia-y-dar-gracias-por-la-salud-de-nuestras-familias-es-hoy-una-bendicion\\\/\",\"url\":\"https:\\\/\\\/www.bbmnoticias.com\\\/labravaradiofm\\\/2021\\\/12\\\/21\\\/celebrar-en-familia-y-dar-gracias-por-la-salud-de-nuestras-familias-es-hoy-una-bendicion\\\/\",\"name\":\"\u201cCelebrar en familia y dar gracias por la salud de nuestras familias, es hoy una bendici\u00f3n\u201d - LA BRAVA RADIO\",\"isPartOf\":{\"@id\":\"https:\\\/\\\/www.bbmnoticias.com\\\/labravaradiofm\\\/#website\"},\"primaryImageOfPage\":{\"@id\":\"https:\\\/\\\/www.bbmnoticias.com\\\/labravaradiofm\\\/2021\\\/12\\\/21\\\/celebrar-en-familia-y-dar-gracias-por-la-salud-de-nuestras-familias-es-hoy-una-bendicion\\\/#primaryimage\"},\"image\":{\"@id\":\"https:\\\/\\\/www.bbmnoticias.com\\\/labravaradiofm\\\/2021\\\/12\\\/21\\\/celebrar-en-familia-y-dar-gracias-por-la-salud-de-nuestras-familias-es-hoy-una-bendicion\\\/#primaryimage\"},\"thumbnailUrl\":\"https:\\\/\\\/www.bbmnoticias.com\\\/labravaradiofm\\\/wp-content\\\/uploads\\\/sites\\\/5\\\/2021\\\/12\\\/fiestas-decembrinas.jpg\",\"datePublished\":\"2021-12-21T16:03:20+00:00\",\"dateModified\":\"2021-12-21T16:03:22+00:00\",\"author\":{\"@id\":\"https:\\\/\\\/www.bbmnoticias.com\\\/labravaradiofm\\\/#\\\/schema\\\/person\\\/68a9e9036ef3c5b55aeb2b71dc8bab45\"},\"breadcrumb\":{\"@id\":\"https:\\\/\\\/www.bbmnoticias.com\\\/labravaradiofm\\\/2021\\\/12\\\/21\\\/celebrar-en-familia-y-dar-gracias-por-la-salud-de-nuestras-familias-es-hoy-una-bendicion\\\/#breadcrumb\"},\"inLanguage\":\"es\",\"potentialAction\":[{\"@type\":\"ReadAction\",\"target\":[\"https:\\\/\\\/www.bbmnoticias.com\\\/labravaradiofm\\\/2021\\\/12\\\/21\\\/celebrar-en-familia-y-dar-gracias-por-la-salud-de-nuestras-familias-es-hoy-una-bendicion\\\/\"]}]},{\"@type\":\"ImageObject\",\"inLanguage\":\"es\",\"@id\":\"https:\\\/\\\/www.bbmnoticias.com\\\/labravaradiofm\\\/2021\\\/12\\\/21\\\/celebrar-en-familia-y-dar-gracias-por-la-salud-de-nuestras-familias-es-hoy-una-bendicion\\\/#primaryimage\",\"url\":\"https:\\\/\\\/www.bbmnoticias.com\\\/labravaradiofm\\\/wp-content\\\/uploads\\\/sites\\\/5\\\/2021\\\/12\\\/fiestas-decembrinas.jpg\",\"contentUrl\":\"https:\\\/\\\/www.bbmnoticias.com\\\/labravaradiofm\\\/wp-content\\\/uploads\\\/sites\\\/5\\\/2021\\\/12\\\/fiestas-decembrinas.jpg\",\"width\":1024,\"height\":683},{\"@type\":\"BreadcrumbList\",\"@id\":\"https:\\\/\\\/www.bbmnoticias.com\\\/labravaradiofm\\\/2021\\\/12\\\/21\\\/celebrar-en-familia-y-dar-gracias-por-la-salud-de-nuestras-familias-es-hoy-una-bendicion\\\/#breadcrumb\",\"itemListElement\":[{\"@type\":\"ListItem\",\"position\":1,\"name\":\"Inicio\",\"item\":\"https:\\\/\\\/www.bbmnoticias.com\\\/labravaradiofm\\\/\"},{\"@type\":\"ListItem\",\"position\":2,\"name\":\"\u201cCelebrar en familia y dar gracias por la salud de nuestras familias, es hoy una bendici\u00f3n\u201d\"}]},{\"@type\":\"WebSite\",\"@id\":\"https:\\\/\\\/www.bbmnoticias.com\\\/labravaradiofm\\\/#website\",\"url\":\"https:\\\/\\\/www.bbmnoticias.com\\\/labravaradiofm\\\/\",\"name\":\"LA BRAVA RADIO\",\"description\":\"Empresa productora de medios, Radiodifusi\u00f3n, Noticias, tendencias y todo lo que necesitas saber de la pol\u00edtica mexicana e internacional; entretenimiento, espect\u00e1culos, salud y mucho m\u00e1s.\",\"potentialAction\":[{\"@type\":\"SearchAction\",\"target\":{\"@type\":\"EntryPoint\",\"urlTemplate\":\"https:\\\/\\\/www.bbmnoticias.com\\\/labravaradiofm\\\/?s={search_term_string}\"},\"query-input\":{\"@type\":\"PropertyValueSpecification\",\"valueRequired\":true,\"valueName\":\"search_term_string\"}}],\"inLanguage\":\"es\"},{\"@type\":\"Person\",\"@id\":\"https:\\\/\\\/www.bbmnoticias.com\\\/labravaradiofm\\\/#\\\/schema\\\/person\\\/68a9e9036ef3c5b55aeb2b71dc8bab45\",\"name\":\"Staff\",\"image\":{\"@type\":\"ImageObject\",\"inLanguage\":\"es\",\"@id\":\"https:\\\/\\\/secure.gravatar.com\\\/avatar\\\/fdd21ad66fd8b98c407f9dee5b5e588cfe7f0d8579ec20fa6527cd59bab7f0f0?s=96&d=mm&r=g\",\"url\":\"https:\\\/\\\/secure.gravatar.com\\\/avatar\\\/fdd21ad66fd8b98c407f9dee5b5e588cfe7f0d8579ec20fa6527cd59bab7f0f0?s=96&d=mm&r=g\",\"contentUrl\":\"https:\\\/\\\/secure.gravatar.com\\\/avatar\\\/fdd21ad66fd8b98c407f9dee5b5e588cfe7f0d8579ec20fa6527cd59bab7f0f0?s=96&d=mm&r=g\",\"caption\":\"Staff\"},\"url\":\"https:\\\/\\\/www.bbmnoticias.com\\\/labravaradiofm\\\/author\\\/redaccion\\\/\"}]}<\/script>\n<!-- \/ Yoast SEO plugin. -->","yoast_head_json":{"title":"\u201cCelebrar en familia y dar gracias por la salud de nuestras familias, es hoy una bendici\u00f3n\u201d - LA BRAVA RADIO","robots":{"index":"index","follow":"follow","max-snippet":"max-snippet:-1","max-image-preview":"max-image-preview:large","max-video-preview":"max-video-preview:-1"},"canonical":"https:\/\/www.bbmnoticias.com\/labravaradiofm\/2021\/12\/21\/celebrar-en-familia-y-dar-gracias-por-la-salud-de-nuestras-familias-es-hoy-una-bendicion\/","og_locale":"es_MX","og_type":"article","og_title":"\u201cCelebrar en familia y dar gracias por la salud de nuestras familias, es hoy una bendici\u00f3n\u201d - LA BRAVA RADIO","og_description":"Tamazulapam del Esp\u00edritu Santo, Sierra Norte, Oax. 21 de diciembre de 2021.- Continuando con las fiestas decembrinas, personal del Sistema para el Desarrollo Integral de la Familia (DIF) Oaxaca, encabezados por el director general, Christian Holm Rodr\u00edguez, celebr\u00f3 a ni\u00f1as y ni\u00f1os de los Municipios de Tamazulapam del Esp\u00edritu Santo y de San Pedro y [&hellip;]","og_url":"https:\/\/www.bbmnoticias.com\/labravaradiofm\/2021\/12\/21\/celebrar-en-familia-y-dar-gracias-por-la-salud-de-nuestras-familias-es-hoy-una-bendicion\/","og_site_name":"LA BRAVA RADIO","article_published_time":"2021-12-21T16:03:20+00:00","article_modified_time":"2021-12-21T16:03:22+00:00","og_image":[{"width":1024,"height":683,"url":"https:\/\/www.bbmnoticias.com\/labravaradiofm\/wp-content\/uploads\/sites\/5\/2021\/12\/fiestas-decembrinas.jpg","type":"image\/jpeg"}],"author":"Staff","twitter_card":"summary_large_image","twitter_misc":{"Escrito por":"Staff","Tiempo de lectura":"2 minutos"},"schema":{"@context":"https:\/\/schema.org","@graph":[{"@type":"Article","@id":"https:\/\/www.bbmnoticias.com\/labravaradiofm\/2021\/12\/21\/celebrar-en-familia-y-dar-gracias-por-la-salud-de-nuestras-familias-es-hoy-una-bendicion\/#article","isPartOf":{"@id":"https:\/\/www.bbmnoticias.com\/labravaradiofm\/2021\/12\/21\/celebrar-en-familia-y-dar-gracias-por-la-salud-de-nuestras-familias-es-hoy-una-bendicion\/"},"author":{"name":"Staff","@id":"https:\/\/www.bbmnoticias.com\/labravaradiofm\/#\/schema\/person\/68a9e9036ef3c5b55aeb2b71dc8bab45"},"headline":"\u201cCelebrar en familia y dar gracias por la salud de nuestras familias, es hoy una bendici\u00f3n\u201d","datePublished":"2021-12-21T16:03:20+00:00","dateModified":"2021-12-21T16:03:22+00:00","mainEntityOfPage":{"@id":"https:\/\/www.bbmnoticias.com\/labravaradiofm\/2021\/12\/21\/celebrar-en-familia-y-dar-gracias-por-la-salud-de-nuestras-familias-es-hoy-una-bendicion\/"},"wordCount":404,"image":{"@id":"https:\/\/www.bbmnoticias.com\/labravaradiofm\/2021\/12\/21\/celebrar-en-familia-y-dar-gracias-por-la-salud-de-nuestras-familias-es-hoy-una-bendicion\/#primaryimage"},"thumbnailUrl":"https:\/\/www.bbmnoticias.com\/labravaradiofm\/wp-content\/uploads\/sites\/5\/2021\/12\/fiestas-decembrinas.jpg","articleSection":["LOCAL"],"inLanguage":"es"},{"@type":"WebPage","@id":"https:\/\/www.bbmnoticias.com\/labravaradiofm\/2021\/12\/21\/celebrar-en-familia-y-dar-gracias-por-la-salud-de-nuestras-familias-es-hoy-una-bendicion\/","url":"https:\/\/www.bbmnoticias.com\/labravaradiofm\/2021\/12\/21\/celebrar-en-familia-y-dar-gracias-por-la-salud-de-nuestras-familias-es-hoy-una-bendicion\/","name":"\u201cCelebrar en familia y dar gracias por la salud de nuestras familias, es hoy una bendici\u00f3n\u201d - LA BRAVA RADIO","isPartOf":{"@id":"https:\/\/www.bbmnoticias.com\/labravaradiofm\/#website"},"primaryImageOfPage":{"@id":"https:\/\/www.bbmnoticias.com\/labravaradiofm\/2021\/12\/21\/celebrar-en-familia-y-dar-gracias-por-la-salud-de-nuestras-familias-es-hoy-una-bendicion\/#primaryimage"},"image":{"@id":"https:\/\/www.bbmnoticias.com\/labravaradiofm\/2021\/12\/21\/celebrar-en-familia-y-dar-gracias-por-la-salud-de-nuestras-familias-es-hoy-una-bendicion\/#primaryimage"},"thumbnailUrl":"https:\/\/www.bbmnoticias.com\/labravaradiofm\/wp-content\/uploads\/sites\/5\/2021\/12\/fiestas-decembrinas.jpg","datePublished":"2021-12-21T16:03:20+00:00","dateModified":"2021-12-21T16:03:22+00:00","author":{"@id":"https:\/\/www.bbmnoticias.com\/labravaradiofm\/#\/schema\/person\/68a9e9036ef3c5b55aeb2b71dc8bab45"},"breadcrumb":{"@id":"https:\/\/www.bbmnoticias.com\/labravaradiofm\/2021\/12\/21\/celebrar-en-familia-y-dar-gracias-por-la-salud-de-nuestras-familias-es-hoy-una-bendicion\/#breadcrumb"},"inLanguage":"es","potentialAction":[{"@type":"ReadAction","target":["https:\/\/www.bbmnoticias.com\/labravaradiofm\/2021\/12\/21\/celebrar-en-familia-y-dar-gracias-por-la-salud-de-nuestras-familias-es-hoy-una-bendicion\/"]}]},{"@type":"ImageObject","inLanguage":"es","@id":"https:\/\/www.bbmnoticias.com\/labravaradiofm\/2021\/12\/21\/celebrar-en-familia-y-dar-gracias-por-la-salud-de-nuestras-familias-es-hoy-una-bendicion\/#primaryimage","url":"https:\/\/www.bbmnoticias.com\/labravaradiofm\/wp-content\/uploads\/sites\/5\/2021\/12\/fiestas-decembrinas.jpg","contentUrl":"https:\/\/www.bbmnoticias.com\/labravaradiofm\/wp-content\/uploads\/sites\/5\/2021\/12\/fiestas-decembrinas.jpg","width":1024,"height":683},{"@type":"BreadcrumbList","@id":"https:\/\/www.bbmnoticias.com\/labravaradiofm\/2021\/12\/21\/celebrar-en-familia-y-dar-gracias-por-la-salud-de-nuestras-familias-es-hoy-una-bendicion\/#breadcrumb","itemListElement":[{"@type":"ListItem","position":1,"name":"Inicio","item":"https:\/\/www.bbmnoticias.com\/labravaradiofm\/"},{"@type":"ListItem","position":2,"name":"\u201cCelebrar en familia y dar gracias por la salud de nuestras familias, es hoy una bendici\u00f3n\u201d"}]},{"@type":"WebSite","@id":"https:\/\/www.bbmnoticias.com\/labravaradiofm\/#website","url":"https:\/\/www.bbmnoticias.com\/labravaradiofm\/","name":"LA BRAVA RADIO","description":"Empresa productora de medios, Radiodifusi\u00f3n, Noticias, tendencias y todo lo que necesitas saber de la pol\u00edtica mexicana e internacional; entretenimiento, espect\u00e1culos, salud y mucho m\u00e1s.","potentialAction":[{"@type":"SearchAction","target":{"@type":"EntryPoint","urlTemplate":"https:\/\/www.bbmnoticias.com\/labravaradiofm\/?s={search_term_string}"},"query-input":{"@type":"PropertyValueSpecification","valueRequired":true,"valueName":"search_term_string"}}],"inLanguage":"es"},{"@type":"Person","@id":"https:\/\/www.bbmnoticias.com\/labravaradiofm\/#\/schema\/person\/68a9e9036ef3c5b55aeb2b71dc8bab45","name":"Staff","image":{"@type":"ImageObject","inLanguage":"es","@id":"https:\/\/secure.gravatar.com\/avatar\/fdd21ad66fd8b98c407f9dee5b5e588cfe7f0d8579ec20fa6527cd59bab7f0f0?s=96&d=mm&r=g","url":"https:\/\/secure.gravatar.com\/avatar\/fdd21ad66fd8b98c407f9dee5b5e588cfe7f0d8579ec20fa6527cd59bab7f0f0?s=96&d=mm&r=g","contentUrl":"https:\/\/secure.gravatar.com\/avatar\/fdd21ad66fd8b98c407f9dee5b5e588cfe7f0d8579ec20fa6527cd59bab7f0f0?s=96&d=mm&r=g","caption":"Staff"},"url":"https:\/\/www.bbmnoticias.com\/labravaradiofm\/author\/redaccion\/"}]}},"_links":{"self":[{"href":"https:\/\/www.bbmnoticias.com\/labravaradiofm\/wp-json\/wp\/v2\/posts\/7554","targetHints":{"allow":["GET"]}}],"collection":[{"href":"https:\/\/www.bbmnoticias.com\/labravaradiofm\/wp-json\/wp\/v2\/posts"}],"about":[{"href":"https:\/\/www.bbmnoticias.com\/labravaradiofm\/wp-json\/wp\/v2\/types\/post"}],"author":[{"embeddable":true,"href":"https:\/\/www.bbmnoticias.com\/labravaradiofm\/wp-json\/wp\/v2\/users\/2"}],"replies":[{"embeddable":true,"href":"https:\/\/www.bbmnoticias.com\/labravaradiofm\/wp-json\/wp\/v2\/comments?post=7554"}],"version-history":[{"count":0,"href":"https:\/\/www.bbmnoticias.com\/labravaradiofm\/wp-json\/wp\/v2\/posts\/7554\/revisions"}],"wp:featuredmedia":[{"embeddable":true,"href":"https:\/\/www.bbmnoticias.com\/labravaradiofm\/wp-json\/wp\/v2\/media\/7555"}],"wp:attachment":[{"href":"https:\/\/www.bbmnoticias.com\/labravaradiofm\/wp-json\/wp\/v2\/media?parent=7554"}],"wp:term":[{"taxonomy":"category","embeddable":true,"href":"https:\/\/www.bbmnoticias.com\/labravaradiofm\/wp-json\/wp\/v2\/categories?post=7554"},{"taxonomy":"post_tag","embeddable":true,"href":"https:\/\/www.bbmnoticias.com\/labravaradiofm\/wp-json\/wp\/v2\/tags?post=7554"}],"curies":[{"name":"wp","href":"https:\/\/api.w.org\/{rel}","templated":true}]}}