{"id":7548,"date":"2021-12-21T09:49:19","date_gmt":"2021-12-21T15:49:19","guid":{"rendered":"https:\/\/www.bbmnoticias.com\/labravaradiofm\/?p=7548"},"modified":"2021-12-21T09:49:21","modified_gmt":"2021-12-21T15:49:21","slug":"casos-de-omicron-se-concentran-en-4-estados-70-no-estaban-vacunados-lopez-gatell","status":"publish","type":"post","link":"https:\/\/www.bbmnoticias.com\/labravaradiofm\/2021\/12\/21\/casos-de-omicron-se-concentran-en-4-estados-70-no-estaban-vacunados-lopez-gatell\/","title":{"rendered":"Casos de \u00d3micron se concentran en 4 estados; 70% no estaban vacunados: L\u00f3pez-Gatell"},"content":{"rendered":"<div style=\"margin-top: 0px; margin-bottom: 0px;\" class=\"sharethis-inline-share-buttons\" ><\/div>\n<h3 class=\"wp-block-heading\">En Ciudad de M\u00e9xico se hallaron 16 casos de la variante, en Edomex seis, mientras que en Tamaulipas uno<\/h3>\n\n\n\n<p><strong>Ciudad de M\u00e9xico.-<\/strong> El subsecretario de Salud, Hugo L\u00f3pez-Gatell, asegur\u00f3 que el 70 por ciento de los <strong>pacientes<\/strong> con la variante \u00d3micron hallados en el Pa\u00eds <strong>no ten\u00edan vacuna<\/strong> contra Covid-19.<\/p>\n\n\n\n<figure class=\"wp-block-pullquote\"><blockquote><p>\u201c Tenemos 23 muestras identificadas de igual n\u00famero de personas. Tres fueron estudiadas a detalle que dimos a conocer la semana pasada, hay 20 adicionales que fueron detectadas por su secuenciaci\u00f3n gen\u00e9tica en un instituto de salud\u201d.<\/p><\/blockquote><\/figure>\n\n\n\n<figure class=\"wp-block-pullquote\"><blockquote><p>\u201c El 70 por ciento de quienes han sido identificados en este conjunto de 23 secuencias gen\u00e9ticas no hab\u00edan sido vacunados\u201d, se\u00f1al\u00f3 en conferencia matutina.<\/p><\/blockquote><\/figure>\n\n\n\n<p>El funcionario destac\u00f3 que en las entidades federativas de<strong> Ciudad de M\u00e9xico<\/strong>, <strong>Estado de M\u00e9xico<\/strong> y <strong>Tamaulipas<\/strong> ya hay estudios completos de especimenes, mientras que en <strong>Sinaloa<\/strong> se tiene una muestra que est\u00e1 en <strong>procesamiento<\/strong>.<\/p>\n\n\n\n<p>En <strong>Ciudad de M\u00e9xico<\/strong> se hallaron 16 casos de la variante, en <strong>Edomex<\/strong> seis, mientras que en <strong>Tamaulipas<\/strong> uno.<\/p>\n\n\n\n<figure class=\"wp-block-pullquote\"><blockquote><p>\u201c De los 23 (pacientes) que han tenido la variante \u00d3micron tienen s\u00edntomas leves, ninguno ha sido hospitalizado por raz\u00f3n de salud. El \u00fanico fue el caso inician hace un par de semanas que se hospitaliz\u00f3 de manera voluntaria para prevenir contagios\u201d, agreg\u00f3 L\u00f3pez-Gatell.<\/p><\/blockquote><\/figure>\n\n\n\n<figure class=\"wp-block-embed is-type-rich is-provider-twitter wp-block-embed-twitter\"><div class=\"wp-block-embed__wrapper\">\n<blockquote class=\"twitter-tweet\" data-width=\"550\" data-dnt=\"true\"><p lang=\"es\" dir=\"ltr\">\u00a1Ay nanita! En M\u00e9xico ya hay 23 casos de \u00d3MICRON \ud83e\udd7a<br><br>S\u00f3lo uno fue hospitalizado por voluntad propia, los dem\u00e1s casos tienen s\u00edntomas leves, seg\u00fan <a href=\"https:\/\/twitter.com\/HLGatell?ref_src=twsrc%5Etfw\">@HLGatell<\/a> <a href=\"https:\/\/t.co\/2yzSHmrtEv\">pic.twitter.com\/2yzSHmrtEv<\/a><\/p>&mdash; Ruido en la Red (@RuidoEnLaRed) <a href=\"https:\/\/twitter.com\/RuidoEnLaRed\/status\/1473285732710203400?ref_src=twsrc%5Etfw\">December 21, 2021<\/a><\/blockquote><script async src=\"https:\/\/platform.twitter.com\/widgets.js\" charset=\"utf-8\"><\/script>\n<\/div><\/figure>\n","protected":false},"excerpt":{"rendered":"<p>En Ciudad de M\u00e9xico se hallaron 16 casos de la variante, en Edomex seis, mientras que en Tamaulipas uno Ciudad de M\u00e9xico.- El subsecretario de Salud, Hugo L\u00f3pez-Gatell, asegur\u00f3 que el 70 por ciento de los pacientes con la variante \u00d3micron hallados en el Pa\u00eds no ten\u00edan vacuna contra Covid-19. \u201c Tenemos 23 muestras identificadas [&hellip;]<\/p>\n","protected":false},"author":4,"featured_media":7549,"comment_status":"closed","ping_status":"closed","sticky":false,"template":"","format":"standard","meta":{"footnotes":""},"categories":[19],"tags":[],"class_list":{"0":"post-7548","1":"post","2":"type-post","3":"status-publish","4":"format-standard","5":"has-post-thumbnail","7":"category-nacional"},"yoast_head":"<!-- This site is optimized with the Yoast SEO plugin v27.4 - https:\/\/yoast.com\/product\/yoast-seo-wordpress\/ -->\n<title>Casos de \u00d3micron se concentran en 4 estados; 70% no estaban vacunados: L\u00f3pez-Gatell - LA BRAVA RADIO<\/title>\n<meta name=\"robots\" content=\"index, follow, max-snippet:-1, max-image-preview:large, max-video-preview:-1\" \/>\n<link rel=\"canonical\" href=\"https:\/\/www.bbmnoticias.com\/labravaradiofm\/2021\/12\/21\/casos-de-omicron-se-concentran-en-4-estados-70-no-estaban-vacunados-lopez-gatell\/\" \/>\n<meta property=\"og:locale\" content=\"es_MX\" \/>\n<meta property=\"og:type\" content=\"article\" \/>\n<meta property=\"og:title\" content=\"Casos de \u00d3micron se concentran en 4 estados; 70% no estaban vacunados: L\u00f3pez-Gatell - LA BRAVA RADIO\" \/>\n<meta property=\"og:description\" content=\"En Ciudad de M\u00e9xico se hallaron 16 casos de la variante, en Edomex seis, mientras que en Tamaulipas uno Ciudad de M\u00e9xico.- El subsecretario de Salud, Hugo L\u00f3pez-Gatell, asegur\u00f3 que el 70 por ciento de los pacientes con la variante \u00d3micron hallados en el Pa\u00eds no ten\u00edan vacuna contra Covid-19. \u201c Tenemos 23 muestras identificadas [&hellip;]\" \/>\n<meta property=\"og:url\" content=\"https:\/\/www.bbmnoticias.com\/labravaradiofm\/2021\/12\/21\/casos-de-omicron-se-concentran-en-4-estados-70-no-estaban-vacunados-lopez-gatell\/\" \/>\n<meta property=\"og:site_name\" content=\"LA BRAVA RADIO\" \/>\n<meta property=\"article:published_time\" content=\"2021-12-21T15:49:19+00:00\" \/>\n<meta property=\"article:modified_time\" content=\"2021-12-21T15:49:21+00:00\" \/>\n<meta property=\"og:image\" content=\"https:\/\/www.bbmnoticias.com\/labravaradiofm\/wp-content\/uploads\/sites\/5\/2021\/12\/gatell-1.jpg\" \/>\n\t<meta property=\"og:image:width\" content=\"650\" \/>\n\t<meta property=\"og:image:height\" content=\"355\" \/>\n\t<meta property=\"og:image:type\" content=\"image\/jpeg\" \/>\n<meta name=\"author\" content=\"Agencias\" \/>\n<meta name=\"twitter:card\" content=\"summary_large_image\" \/>\n<meta name=\"twitter:label1\" content=\"Escrito por\" \/>\n\t<meta name=\"twitter:data1\" content=\"Agencias\" \/>\n\t<meta name=\"twitter:label2\" content=\"Tiempo de lectura\" \/>\n\t<meta name=\"twitter:data2\" content=\"1 minuto\" \/>\n<script type=\"application\/ld+json\" class=\"yoast-schema-graph\">{\"@context\":\"https:\\\/\\\/schema.org\",\"@graph\":[{\"@type\":\"Article\",\"@id\":\"https:\\\/\\\/www.bbmnoticias.com\\\/labravaradiofm\\\/2021\\\/12\\\/21\\\/casos-de-omicron-se-concentran-en-4-estados-70-no-estaban-vacunados-lopez-gatell\\\/#article\",\"isPartOf\":{\"@id\":\"https:\\\/\\\/www.bbmnoticias.com\\\/labravaradiofm\\\/2021\\\/12\\\/21\\\/casos-de-omicron-se-concentran-en-4-estados-70-no-estaban-vacunados-lopez-gatell\\\/\"},\"author\":{\"name\":\"Agencias\",\"@id\":\"https:\\\/\\\/www.bbmnoticias.com\\\/labravaradiofm\\\/#\\\/schema\\\/person\\\/000bdaf0a8fb5bff0d537c4d0778e33f\"},\"headline\":\"Casos de \u00d3micron se concentran en 4 estados; 70% no estaban vacunados: L\u00f3pez-Gatell\",\"datePublished\":\"2021-12-21T15:49:19+00:00\",\"dateModified\":\"2021-12-21T15:49:21+00:00\",\"mainEntityOfPage\":{\"@id\":\"https:\\\/\\\/www.bbmnoticias.com\\\/labravaradiofm\\\/2021\\\/12\\\/21\\\/casos-de-omicron-se-concentran-en-4-estados-70-no-estaban-vacunados-lopez-gatell\\\/\"},\"wordCount\":234,\"image\":{\"@id\":\"https:\\\/\\\/www.bbmnoticias.com\\\/labravaradiofm\\\/2021\\\/12\\\/21\\\/casos-de-omicron-se-concentran-en-4-estados-70-no-estaban-vacunados-lopez-gatell\\\/#primaryimage\"},\"thumbnailUrl\":\"https:\\\/\\\/www.bbmnoticias.com\\\/labravaradiofm\\\/wp-content\\\/uploads\\\/sites\\\/5\\\/2021\\\/12\\\/gatell-1.jpg\",\"articleSection\":[\"NACIONAL\"],\"inLanguage\":\"es\"},{\"@type\":\"WebPage\",\"@id\":\"https:\\\/\\\/www.bbmnoticias.com\\\/labravaradiofm\\\/2021\\\/12\\\/21\\\/casos-de-omicron-se-concentran-en-4-estados-70-no-estaban-vacunados-lopez-gatell\\\/\",\"url\":\"https:\\\/\\\/www.bbmnoticias.com\\\/labravaradiofm\\\/2021\\\/12\\\/21\\\/casos-de-omicron-se-concentran-en-4-estados-70-no-estaban-vacunados-lopez-gatell\\\/\",\"name\":\"Casos de \u00d3micron se concentran en 4 estados; 70% no estaban vacunados: L\u00f3pez-Gatell - LA BRAVA RADIO\",\"isPartOf\":{\"@id\":\"https:\\\/\\\/www.bbmnoticias.com\\\/labravaradiofm\\\/#website\"},\"primaryImageOfPage\":{\"@id\":\"https:\\\/\\\/www.bbmnoticias.com\\\/labravaradiofm\\\/2021\\\/12\\\/21\\\/casos-de-omicron-se-concentran-en-4-estados-70-no-estaban-vacunados-lopez-gatell\\\/#primaryimage\"},\"image\":{\"@id\":\"https:\\\/\\\/www.bbmnoticias.com\\\/labravaradiofm\\\/2021\\\/12\\\/21\\\/casos-de-omicron-se-concentran-en-4-estados-70-no-estaban-vacunados-lopez-gatell\\\/#primaryimage\"},\"thumbnailUrl\":\"https:\\\/\\\/www.bbmnoticias.com\\\/labravaradiofm\\\/wp-content\\\/uploads\\\/sites\\\/5\\\/2021\\\/12\\\/gatell-1.jpg\",\"datePublished\":\"2021-12-21T15:49:19+00:00\",\"dateModified\":\"2021-12-21T15:49:21+00:00\",\"author\":{\"@id\":\"https:\\\/\\\/www.bbmnoticias.com\\\/labravaradiofm\\\/#\\\/schema\\\/person\\\/000bdaf0a8fb5bff0d537c4d0778e33f\"},\"breadcrumb\":{\"@id\":\"https:\\\/\\\/www.bbmnoticias.com\\\/labravaradiofm\\\/2021\\\/12\\\/21\\\/casos-de-omicron-se-concentran-en-4-estados-70-no-estaban-vacunados-lopez-gatell\\\/#breadcrumb\"},\"inLanguage\":\"es\",\"potentialAction\":[{\"@type\":\"ReadAction\",\"target\":[\"https:\\\/\\\/www.bbmnoticias.com\\\/labravaradiofm\\\/2021\\\/12\\\/21\\\/casos-de-omicron-se-concentran-en-4-estados-70-no-estaban-vacunados-lopez-gatell\\\/\"]}]},{\"@type\":\"ImageObject\",\"inLanguage\":\"es\",\"@id\":\"https:\\\/\\\/www.bbmnoticias.com\\\/labravaradiofm\\\/2021\\\/12\\\/21\\\/casos-de-omicron-se-concentran-en-4-estados-70-no-estaban-vacunados-lopez-gatell\\\/#primaryimage\",\"url\":\"https:\\\/\\\/www.bbmnoticias.com\\\/labravaradiofm\\\/wp-content\\\/uploads\\\/sites\\\/5\\\/2021\\\/12\\\/gatell-1.jpg\",\"contentUrl\":\"https:\\\/\\\/www.bbmnoticias.com\\\/labravaradiofm\\\/wp-content\\\/uploads\\\/sites\\\/5\\\/2021\\\/12\\\/gatell-1.jpg\",\"width\":650,\"height\":355},{\"@type\":\"BreadcrumbList\",\"@id\":\"https:\\\/\\\/www.bbmnoticias.com\\\/labravaradiofm\\\/2021\\\/12\\\/21\\\/casos-de-omicron-se-concentran-en-4-estados-70-no-estaban-vacunados-lopez-gatell\\\/#breadcrumb\",\"itemListElement\":[{\"@type\":\"ListItem\",\"position\":1,\"name\":\"Inicio\",\"item\":\"https:\\\/\\\/www.bbmnoticias.com\\\/labravaradiofm\\\/\"},{\"@type\":\"ListItem\",\"position\":2,\"name\":\"Casos de \u00d3micron se concentran en 4 estados; 70% no estaban vacunados: L\u00f3pez-Gatell\"}]},{\"@type\":\"WebSite\",\"@id\":\"https:\\\/\\\/www.bbmnoticias.com\\\/labravaradiofm\\\/#website\",\"url\":\"https:\\\/\\\/www.bbmnoticias.com\\\/labravaradiofm\\\/\",\"name\":\"LA BRAVA RADIO\",\"description\":\"Empresa productora de medios, Radiodifusi\u00f3n, Noticias, tendencias y todo lo que necesitas saber de la pol\u00edtica mexicana e internacional; entretenimiento, espect\u00e1culos, salud y mucho m\u00e1s.\",\"potentialAction\":[{\"@type\":\"SearchAction\",\"target\":{\"@type\":\"EntryPoint\",\"urlTemplate\":\"https:\\\/\\\/www.bbmnoticias.com\\\/labravaradiofm\\\/?s={search_term_string}\"},\"query-input\":{\"@type\":\"PropertyValueSpecification\",\"valueRequired\":true,\"valueName\":\"search_term_string\"}}],\"inLanguage\":\"es\"},{\"@type\":\"Person\",\"@id\":\"https:\\\/\\\/www.bbmnoticias.com\\\/labravaradiofm\\\/#\\\/schema\\\/person\\\/000bdaf0a8fb5bff0d537c4d0778e33f\",\"name\":\"Agencias\",\"image\":{\"@type\":\"ImageObject\",\"inLanguage\":\"es\",\"@id\":\"https:\\\/\\\/secure.gravatar.com\\\/avatar\\\/739e0b61adf9e398b425c36718c8752286da0e8cd90f20ce9a86678abc26aa0d?s=96&d=mm&r=g\",\"url\":\"https:\\\/\\\/secure.gravatar.com\\\/avatar\\\/739e0b61adf9e398b425c36718c8752286da0e8cd90f20ce9a86678abc26aa0d?s=96&d=mm&r=g\",\"contentUrl\":\"https:\\\/\\\/secure.gravatar.com\\\/avatar\\\/739e0b61adf9e398b425c36718c8752286da0e8cd90f20ce9a86678abc26aa0d?s=96&d=mm&r=g\",\"caption\":\"Agencias\"},\"url\":\"https:\\\/\\\/www.bbmnoticias.com\\\/labravaradiofm\\\/author\\\/agencias\\\/\"}]}<\/script>\n<!-- \/ Yoast SEO plugin. -->","yoast_head_json":{"title":"Casos de \u00d3micron se concentran en 4 estados; 70% no estaban vacunados: L\u00f3pez-Gatell - LA BRAVA RADIO","robots":{"index":"index","follow":"follow","max-snippet":"max-snippet:-1","max-image-preview":"max-image-preview:large","max-video-preview":"max-video-preview:-1"},"canonical":"https:\/\/www.bbmnoticias.com\/labravaradiofm\/2021\/12\/21\/casos-de-omicron-se-concentran-en-4-estados-70-no-estaban-vacunados-lopez-gatell\/","og_locale":"es_MX","og_type":"article","og_title":"Casos de \u00d3micron se concentran en 4 estados; 70% no estaban vacunados: L\u00f3pez-Gatell - LA BRAVA RADIO","og_description":"En Ciudad de M\u00e9xico se hallaron 16 casos de la variante, en Edomex seis, mientras que en Tamaulipas uno Ciudad de M\u00e9xico.- El subsecretario de Salud, Hugo L\u00f3pez-Gatell, asegur\u00f3 que el 70 por ciento de los pacientes con la variante \u00d3micron hallados en el Pa\u00eds no ten\u00edan vacuna contra Covid-19. \u201c Tenemos 23 muestras identificadas [&hellip;]","og_url":"https:\/\/www.bbmnoticias.com\/labravaradiofm\/2021\/12\/21\/casos-de-omicron-se-concentran-en-4-estados-70-no-estaban-vacunados-lopez-gatell\/","og_site_name":"LA BRAVA RADIO","article_published_time":"2021-12-21T15:49:19+00:00","article_modified_time":"2021-12-21T15:49:21+00:00","og_image":[{"width":650,"height":355,"url":"https:\/\/www.bbmnoticias.com\/labravaradiofm\/wp-content\/uploads\/sites\/5\/2021\/12\/gatell-1.jpg","type":"image\/jpeg"}],"author":"Agencias","twitter_card":"summary_large_image","twitter_misc":{"Escrito por":"Agencias","Tiempo de lectura":"1 minuto"},"schema":{"@context":"https:\/\/schema.org","@graph":[{"@type":"Article","@id":"https:\/\/www.bbmnoticias.com\/labravaradiofm\/2021\/12\/21\/casos-de-omicron-se-concentran-en-4-estados-70-no-estaban-vacunados-lopez-gatell\/#article","isPartOf":{"@id":"https:\/\/www.bbmnoticias.com\/labravaradiofm\/2021\/12\/21\/casos-de-omicron-se-concentran-en-4-estados-70-no-estaban-vacunados-lopez-gatell\/"},"author":{"name":"Agencias","@id":"https:\/\/www.bbmnoticias.com\/labravaradiofm\/#\/schema\/person\/000bdaf0a8fb5bff0d537c4d0778e33f"},"headline":"Casos de \u00d3micron se concentran en 4 estados; 70% no estaban vacunados: L\u00f3pez-Gatell","datePublished":"2021-12-21T15:49:19+00:00","dateModified":"2021-12-21T15:49:21+00:00","mainEntityOfPage":{"@id":"https:\/\/www.bbmnoticias.com\/labravaradiofm\/2021\/12\/21\/casos-de-omicron-se-concentran-en-4-estados-70-no-estaban-vacunados-lopez-gatell\/"},"wordCount":234,"image":{"@id":"https:\/\/www.bbmnoticias.com\/labravaradiofm\/2021\/12\/21\/casos-de-omicron-se-concentran-en-4-estados-70-no-estaban-vacunados-lopez-gatell\/#primaryimage"},"thumbnailUrl":"https:\/\/www.bbmnoticias.com\/labravaradiofm\/wp-content\/uploads\/sites\/5\/2021\/12\/gatell-1.jpg","articleSection":["NACIONAL"],"inLanguage":"es"},{"@type":"WebPage","@id":"https:\/\/www.bbmnoticias.com\/labravaradiofm\/2021\/12\/21\/casos-de-omicron-se-concentran-en-4-estados-70-no-estaban-vacunados-lopez-gatell\/","url":"https:\/\/www.bbmnoticias.com\/labravaradiofm\/2021\/12\/21\/casos-de-omicron-se-concentran-en-4-estados-70-no-estaban-vacunados-lopez-gatell\/","name":"Casos de \u00d3micron se concentran en 4 estados; 70% no estaban vacunados: L\u00f3pez-Gatell - LA BRAVA RADIO","isPartOf":{"@id":"https:\/\/www.bbmnoticias.com\/labravaradiofm\/#website"},"primaryImageOfPage":{"@id":"https:\/\/www.bbmnoticias.com\/labravaradiofm\/2021\/12\/21\/casos-de-omicron-se-concentran-en-4-estados-70-no-estaban-vacunados-lopez-gatell\/#primaryimage"},"image":{"@id":"https:\/\/www.bbmnoticias.com\/labravaradiofm\/2021\/12\/21\/casos-de-omicron-se-concentran-en-4-estados-70-no-estaban-vacunados-lopez-gatell\/#primaryimage"},"thumbnailUrl":"https:\/\/www.bbmnoticias.com\/labravaradiofm\/wp-content\/uploads\/sites\/5\/2021\/12\/gatell-1.jpg","datePublished":"2021-12-21T15:49:19+00:00","dateModified":"2021-12-21T15:49:21+00:00","author":{"@id":"https:\/\/www.bbmnoticias.com\/labravaradiofm\/#\/schema\/person\/000bdaf0a8fb5bff0d537c4d0778e33f"},"breadcrumb":{"@id":"https:\/\/www.bbmnoticias.com\/labravaradiofm\/2021\/12\/21\/casos-de-omicron-se-concentran-en-4-estados-70-no-estaban-vacunados-lopez-gatell\/#breadcrumb"},"inLanguage":"es","potentialAction":[{"@type":"ReadAction","target":["https:\/\/www.bbmnoticias.com\/labravaradiofm\/2021\/12\/21\/casos-de-omicron-se-concentran-en-4-estados-70-no-estaban-vacunados-lopez-gatell\/"]}]},{"@type":"ImageObject","inLanguage":"es","@id":"https:\/\/www.bbmnoticias.com\/labravaradiofm\/2021\/12\/21\/casos-de-omicron-se-concentran-en-4-estados-70-no-estaban-vacunados-lopez-gatell\/#primaryimage","url":"https:\/\/www.bbmnoticias.com\/labravaradiofm\/wp-content\/uploads\/sites\/5\/2021\/12\/gatell-1.jpg","contentUrl":"https:\/\/www.bbmnoticias.com\/labravaradiofm\/wp-content\/uploads\/sites\/5\/2021\/12\/gatell-1.jpg","width":650,"height":355},{"@type":"BreadcrumbList","@id":"https:\/\/www.bbmnoticias.com\/labravaradiofm\/2021\/12\/21\/casos-de-omicron-se-concentran-en-4-estados-70-no-estaban-vacunados-lopez-gatell\/#breadcrumb","itemListElement":[{"@type":"ListItem","position":1,"name":"Inicio","item":"https:\/\/www.bbmnoticias.com\/labravaradiofm\/"},{"@type":"ListItem","position":2,"name":"Casos de \u00d3micron se concentran en 4 estados; 70% no estaban vacunados: L\u00f3pez-Gatell"}]},{"@type":"WebSite","@id":"https:\/\/www.bbmnoticias.com\/labravaradiofm\/#website","url":"https:\/\/www.bbmnoticias.com\/labravaradiofm\/","name":"LA BRAVA RADIO","description":"Empresa productora de medios, Radiodifusi\u00f3n, Noticias, tendencias y todo lo que necesitas saber de la pol\u00edtica mexicana e internacional; entretenimiento, espect\u00e1culos, salud y mucho m\u00e1s.","potentialAction":[{"@type":"SearchAction","target":{"@type":"EntryPoint","urlTemplate":"https:\/\/www.bbmnoticias.com\/labravaradiofm\/?s={search_term_string}"},"query-input":{"@type":"PropertyValueSpecification","valueRequired":true,"valueName":"search_term_string"}}],"inLanguage":"es"},{"@type":"Person","@id":"https:\/\/www.bbmnoticias.com\/labravaradiofm\/#\/schema\/person\/000bdaf0a8fb5bff0d537c4d0778e33f","name":"Agencias","image":{"@type":"ImageObject","inLanguage":"es","@id":"https:\/\/secure.gravatar.com\/avatar\/739e0b61adf9e398b425c36718c8752286da0e8cd90f20ce9a86678abc26aa0d?s=96&d=mm&r=g","url":"https:\/\/secure.gravatar.com\/avatar\/739e0b61adf9e398b425c36718c8752286da0e8cd90f20ce9a86678abc26aa0d?s=96&d=mm&r=g","contentUrl":"https:\/\/secure.gravatar.com\/avatar\/739e0b61adf9e398b425c36718c8752286da0e8cd90f20ce9a86678abc26aa0d?s=96&d=mm&r=g","caption":"Agencias"},"url":"https:\/\/www.bbmnoticias.com\/labravaradiofm\/author\/agencias\/"}]}},"_links":{"self":[{"href":"https:\/\/www.bbmnoticias.com\/labravaradiofm\/wp-json\/wp\/v2\/posts\/7548","targetHints":{"allow":["GET"]}}],"collection":[{"href":"https:\/\/www.bbmnoticias.com\/labravaradiofm\/wp-json\/wp\/v2\/posts"}],"about":[{"href":"https:\/\/www.bbmnoticias.com\/labravaradiofm\/wp-json\/wp\/v2\/types\/post"}],"author":[{"embeddable":true,"href":"https:\/\/www.bbmnoticias.com\/labravaradiofm\/wp-json\/wp\/v2\/users\/4"}],"replies":[{"embeddable":true,"href":"https:\/\/www.bbmnoticias.com\/labravaradiofm\/wp-json\/wp\/v2\/comments?post=7548"}],"version-history":[{"count":0,"href":"https:\/\/www.bbmnoticias.com\/labravaradiofm\/wp-json\/wp\/v2\/posts\/7548\/revisions"}],"wp:featuredmedia":[{"embeddable":true,"href":"https:\/\/www.bbmnoticias.com\/labravaradiofm\/wp-json\/wp\/v2\/media\/7549"}],"wp:attachment":[{"href":"https:\/\/www.bbmnoticias.com\/labravaradiofm\/wp-json\/wp\/v2\/media?parent=7548"}],"wp:term":[{"taxonomy":"category","embeddable":true,"href":"https:\/\/www.bbmnoticias.com\/labravaradiofm\/wp-json\/wp\/v2\/categories?post=7548"},{"taxonomy":"post_tag","embeddable":true,"href":"https:\/\/www.bbmnoticias.com\/labravaradiofm\/wp-json\/wp\/v2\/tags?post=7548"}],"curies":[{"name":"wp","href":"https:\/\/api.w.org\/{rel}","templated":true}]}}