{"id":7545,"date":"2021-12-21T09:41:02","date_gmt":"2021-12-21T15:41:02","guid":{"rendered":"https:\/\/www.bbmnoticias.com\/labravaradiofm\/?p=7545"},"modified":"2021-12-21T09:41:04","modified_gmt":"2021-12-21T15:41:04","slug":"mueren-3-personas-por-inhalar-monoxido-de-carbono-en-juquila","status":"publish","type":"post","link":"https:\/\/www.bbmnoticias.com\/labravaradiofm\/2021\/12\/21\/mueren-3-personas-por-inhalar-monoxido-de-carbono-en-juquila\/","title":{"rendered":"Mueren 3 personas por inhalar mon\u00f3xido de carbono en Juquila"},"content":{"rendered":"<div style=\"margin-top: 0px; margin-bottom: 0px;\" class=\"sharethis-inline-share-buttons\" ><\/div>\n<p>OAXACA, Oax. 21 de diciembre de 2021.- Tres integrantes de una familia, entre ellos dos menores de edad, murieron por inhalar mon\u00f3xido de carbono en su vivienda en Santa Catarina Juquila, en la regi\u00f3n de la Costa.<\/p>\n\n\n\n<p>El hecho ocurri\u00f3 en la comunidad de San Francisco Ixpantepec ya que ante la falta del servicio regular de energ\u00eda el\u00e9ctrica, al interior de un cuarto de la vivienda pusieron a funcionar una planta generadora de electricidad la cual utiliza di\u00e9sel.<\/p>\n\n\n\n<p>Esta planta gener\u00f3 mon\u00f3xido de carbono mientras dorm\u00edan ya que no hab\u00eda ventilaci\u00f3n suficiente lo que provoc\u00f3 que los tres integrantes de la familia murieran por intoxicaci\u00f3n.<\/p>\n\n\n\n<p>Las v\u00edctimas fueron identificadas como los hermanos Laura, de 22 a\u00f1os, Juventino de 11 y Adelfo de 7 a\u00f1os.<\/p>\n\n\n\n<p>Los padres de estos hermanos se\u00f1alaron que tuvieron que romper una ventana para ingresar al cuarto pues no respondieron para abrir la puerta.<\/p>\n\n\n\n<p>Al lugar llegaron corporaciones de seguridad y param\u00e9dicos quienes verificaron que ya hab\u00edan perdido la vida.<\/p>\n","protected":false},"excerpt":{"rendered":"<p>OAXACA, Oax. 21 de diciembre de 2021.- Tres integrantes de una familia, entre ellos dos menores de edad, murieron por inhalar mon\u00f3xido de carbono en su vivienda en Santa Catarina Juquila, en la regi\u00f3n de la Costa. El hecho ocurri\u00f3 en la comunidad de San Francisco Ixpantepec ya que ante la falta del servicio regular [&hellip;]<\/p>\n","protected":false},"author":5,"featured_media":7546,"comment_status":"closed","ping_status":"closed","sticky":false,"template":"","format":"standard","meta":{"footnotes":""},"categories":[20],"tags":[],"class_list":{"0":"post-7545","1":"post","2":"type-post","3":"status-publish","4":"format-standard","5":"has-post-thumbnail","7":"category-policiaca"},"yoast_head":"<!-- This site is optimized with the Yoast SEO plugin v27.4 - https:\/\/yoast.com\/product\/yoast-seo-wordpress\/ -->\n<title>Mueren 3 personas por inhalar mon\u00f3xido de carbono en Juquila - LA BRAVA RADIO<\/title>\n<meta name=\"robots\" content=\"index, follow, max-snippet:-1, max-image-preview:large, max-video-preview:-1\" \/>\n<link rel=\"canonical\" href=\"https:\/\/www.bbmnoticias.com\/labravaradiofm\/2021\/12\/21\/mueren-3-personas-por-inhalar-monoxido-de-carbono-en-juquila\/\" \/>\n<meta property=\"og:locale\" content=\"es_MX\" \/>\n<meta property=\"og:type\" content=\"article\" \/>\n<meta property=\"og:title\" content=\"Mueren 3 personas por inhalar mon\u00f3xido de carbono en Juquila - LA BRAVA RADIO\" \/>\n<meta property=\"og:description\" content=\"OAXACA, Oax. 21 de diciembre de 2021.- Tres integrantes de una familia, entre ellos dos menores de edad, murieron por inhalar mon\u00f3xido de carbono en su vivienda en Santa Catarina Juquila, en la regi\u00f3n de la Costa. El hecho ocurri\u00f3 en la comunidad de San Francisco Ixpantepec ya que ante la falta del servicio regular [&hellip;]\" \/>\n<meta property=\"og:url\" content=\"https:\/\/www.bbmnoticias.com\/labravaradiofm\/2021\/12\/21\/mueren-3-personas-por-inhalar-monoxido-de-carbono-en-juquila\/\" \/>\n<meta property=\"og:site_name\" content=\"LA BRAVA RADIO\" \/>\n<meta property=\"article:published_time\" content=\"2021-12-21T15:41:02+00:00\" \/>\n<meta property=\"article:modified_time\" content=\"2021-12-21T15:41:04+00:00\" \/>\n<meta property=\"og:image\" content=\"https:\/\/www.bbmnoticias.com\/labravaradiofm\/wp-content\/uploads\/sites\/5\/2021\/12\/planta-generadora.jpg\" \/>\n\t<meta property=\"og:image:width\" content=\"700\" \/>\n\t<meta property=\"og:image:height\" content=\"525\" \/>\n\t<meta property=\"og:image:type\" content=\"image\/jpeg\" \/>\n<meta name=\"author\" content=\"Quadratin\" \/>\n<meta name=\"twitter:card\" content=\"summary_large_image\" \/>\n<meta name=\"twitter:label1\" content=\"Escrito por\" \/>\n\t<meta name=\"twitter:data1\" content=\"Quadratin\" \/>\n\t<meta name=\"twitter:label2\" content=\"Tiempo de lectura\" \/>\n\t<meta name=\"twitter:data2\" content=\"1 minuto\" \/>\n<script type=\"application\/ld+json\" class=\"yoast-schema-graph\">{\"@context\":\"https:\\\/\\\/schema.org\",\"@graph\":[{\"@type\":\"Article\",\"@id\":\"https:\\\/\\\/www.bbmnoticias.com\\\/labravaradiofm\\\/2021\\\/12\\\/21\\\/mueren-3-personas-por-inhalar-monoxido-de-carbono-en-juquila\\\/#article\",\"isPartOf\":{\"@id\":\"https:\\\/\\\/www.bbmnoticias.com\\\/labravaradiofm\\\/2021\\\/12\\\/21\\\/mueren-3-personas-por-inhalar-monoxido-de-carbono-en-juquila\\\/\"},\"author\":{\"name\":\"Quadratin\",\"@id\":\"https:\\\/\\\/www.bbmnoticias.com\\\/labravaradiofm\\\/#\\\/schema\\\/person\\\/c316b6f6c03640cce5d9482ba5a8e5c2\"},\"headline\":\"Mueren 3 personas por inhalar mon\u00f3xido de carbono en Juquila\",\"datePublished\":\"2021-12-21T15:41:02+00:00\",\"dateModified\":\"2021-12-21T15:41:04+00:00\",\"mainEntityOfPage\":{\"@id\":\"https:\\\/\\\/www.bbmnoticias.com\\\/labravaradiofm\\\/2021\\\/12\\\/21\\\/mueren-3-personas-por-inhalar-monoxido-de-carbono-en-juquila\\\/\"},\"wordCount\":185,\"image\":{\"@id\":\"https:\\\/\\\/www.bbmnoticias.com\\\/labravaradiofm\\\/2021\\\/12\\\/21\\\/mueren-3-personas-por-inhalar-monoxido-de-carbono-en-juquila\\\/#primaryimage\"},\"thumbnailUrl\":\"https:\\\/\\\/www.bbmnoticias.com\\\/labravaradiofm\\\/wp-content\\\/uploads\\\/sites\\\/5\\\/2021\\\/12\\\/planta-generadora.jpg\",\"articleSection\":[\"POLICIACA\"],\"inLanguage\":\"es\"},{\"@type\":\"WebPage\",\"@id\":\"https:\\\/\\\/www.bbmnoticias.com\\\/labravaradiofm\\\/2021\\\/12\\\/21\\\/mueren-3-personas-por-inhalar-monoxido-de-carbono-en-juquila\\\/\",\"url\":\"https:\\\/\\\/www.bbmnoticias.com\\\/labravaradiofm\\\/2021\\\/12\\\/21\\\/mueren-3-personas-por-inhalar-monoxido-de-carbono-en-juquila\\\/\",\"name\":\"Mueren 3 personas por inhalar mon\u00f3xido de carbono en Juquila - LA BRAVA RADIO\",\"isPartOf\":{\"@id\":\"https:\\\/\\\/www.bbmnoticias.com\\\/labravaradiofm\\\/#website\"},\"primaryImageOfPage\":{\"@id\":\"https:\\\/\\\/www.bbmnoticias.com\\\/labravaradiofm\\\/2021\\\/12\\\/21\\\/mueren-3-personas-por-inhalar-monoxido-de-carbono-en-juquila\\\/#primaryimage\"},\"image\":{\"@id\":\"https:\\\/\\\/www.bbmnoticias.com\\\/labravaradiofm\\\/2021\\\/12\\\/21\\\/mueren-3-personas-por-inhalar-monoxido-de-carbono-en-juquila\\\/#primaryimage\"},\"thumbnailUrl\":\"https:\\\/\\\/www.bbmnoticias.com\\\/labravaradiofm\\\/wp-content\\\/uploads\\\/sites\\\/5\\\/2021\\\/12\\\/planta-generadora.jpg\",\"datePublished\":\"2021-12-21T15:41:02+00:00\",\"dateModified\":\"2021-12-21T15:41:04+00:00\",\"author\":{\"@id\":\"https:\\\/\\\/www.bbmnoticias.com\\\/labravaradiofm\\\/#\\\/schema\\\/person\\\/c316b6f6c03640cce5d9482ba5a8e5c2\"},\"breadcrumb\":{\"@id\":\"https:\\\/\\\/www.bbmnoticias.com\\\/labravaradiofm\\\/2021\\\/12\\\/21\\\/mueren-3-personas-por-inhalar-monoxido-de-carbono-en-juquila\\\/#breadcrumb\"},\"inLanguage\":\"es\",\"potentialAction\":[{\"@type\":\"ReadAction\",\"target\":[\"https:\\\/\\\/www.bbmnoticias.com\\\/labravaradiofm\\\/2021\\\/12\\\/21\\\/mueren-3-personas-por-inhalar-monoxido-de-carbono-en-juquila\\\/\"]}]},{\"@type\":\"ImageObject\",\"inLanguage\":\"es\",\"@id\":\"https:\\\/\\\/www.bbmnoticias.com\\\/labravaradiofm\\\/2021\\\/12\\\/21\\\/mueren-3-personas-por-inhalar-monoxido-de-carbono-en-juquila\\\/#primaryimage\",\"url\":\"https:\\\/\\\/www.bbmnoticias.com\\\/labravaradiofm\\\/wp-content\\\/uploads\\\/sites\\\/5\\\/2021\\\/12\\\/planta-generadora.jpg\",\"contentUrl\":\"https:\\\/\\\/www.bbmnoticias.com\\\/labravaradiofm\\\/wp-content\\\/uploads\\\/sites\\\/5\\\/2021\\\/12\\\/planta-generadora.jpg\",\"width\":700,\"height\":525},{\"@type\":\"BreadcrumbList\",\"@id\":\"https:\\\/\\\/www.bbmnoticias.com\\\/labravaradiofm\\\/2021\\\/12\\\/21\\\/mueren-3-personas-por-inhalar-monoxido-de-carbono-en-juquila\\\/#breadcrumb\",\"itemListElement\":[{\"@type\":\"ListItem\",\"position\":1,\"name\":\"Inicio\",\"item\":\"https:\\\/\\\/www.bbmnoticias.com\\\/labravaradiofm\\\/\"},{\"@type\":\"ListItem\",\"position\":2,\"name\":\"Mueren 3 personas por inhalar mon\u00f3xido de carbono en Juquila\"}]},{\"@type\":\"WebSite\",\"@id\":\"https:\\\/\\\/www.bbmnoticias.com\\\/labravaradiofm\\\/#website\",\"url\":\"https:\\\/\\\/www.bbmnoticias.com\\\/labravaradiofm\\\/\",\"name\":\"LA BRAVA RADIO\",\"description\":\"Empresa productora de medios, Radiodifusi\u00f3n, Noticias, tendencias y todo lo que necesitas saber de la pol\u00edtica mexicana e internacional; entretenimiento, espect\u00e1culos, salud y mucho m\u00e1s.\",\"potentialAction\":[{\"@type\":\"SearchAction\",\"target\":{\"@type\":\"EntryPoint\",\"urlTemplate\":\"https:\\\/\\\/www.bbmnoticias.com\\\/labravaradiofm\\\/?s={search_term_string}\"},\"query-input\":{\"@type\":\"PropertyValueSpecification\",\"valueRequired\":true,\"valueName\":\"search_term_string\"}}],\"inLanguage\":\"es\"},{\"@type\":\"Person\",\"@id\":\"https:\\\/\\\/www.bbmnoticias.com\\\/labravaradiofm\\\/#\\\/schema\\\/person\\\/c316b6f6c03640cce5d9482ba5a8e5c2\",\"name\":\"Quadratin\",\"image\":{\"@type\":\"ImageObject\",\"inLanguage\":\"es\",\"@id\":\"https:\\\/\\\/secure.gravatar.com\\\/avatar\\\/34008d7d72488432d6a74f81e839efc9f754b118786ca32cf39d9d5508a68f63?s=96&d=mm&r=g\",\"url\":\"https:\\\/\\\/secure.gravatar.com\\\/avatar\\\/34008d7d72488432d6a74f81e839efc9f754b118786ca32cf39d9d5508a68f63?s=96&d=mm&r=g\",\"contentUrl\":\"https:\\\/\\\/secure.gravatar.com\\\/avatar\\\/34008d7d72488432d6a74f81e839efc9f754b118786ca32cf39d9d5508a68f63?s=96&d=mm&r=g\",\"caption\":\"Quadratin\"},\"url\":\"https:\\\/\\\/www.bbmnoticias.com\\\/labravaradiofm\\\/author\\\/quadratin\\\/\"}]}<\/script>\n<!-- \/ Yoast SEO plugin. -->","yoast_head_json":{"title":"Mueren 3 personas por inhalar mon\u00f3xido de carbono en Juquila - LA BRAVA RADIO","robots":{"index":"index","follow":"follow","max-snippet":"max-snippet:-1","max-image-preview":"max-image-preview:large","max-video-preview":"max-video-preview:-1"},"canonical":"https:\/\/www.bbmnoticias.com\/labravaradiofm\/2021\/12\/21\/mueren-3-personas-por-inhalar-monoxido-de-carbono-en-juquila\/","og_locale":"es_MX","og_type":"article","og_title":"Mueren 3 personas por inhalar mon\u00f3xido de carbono en Juquila - LA BRAVA RADIO","og_description":"OAXACA, Oax. 21 de diciembre de 2021.- Tres integrantes de una familia, entre ellos dos menores de edad, murieron por inhalar mon\u00f3xido de carbono en su vivienda en Santa Catarina Juquila, en la regi\u00f3n de la Costa. El hecho ocurri\u00f3 en la comunidad de San Francisco Ixpantepec ya que ante la falta del servicio regular [&hellip;]","og_url":"https:\/\/www.bbmnoticias.com\/labravaradiofm\/2021\/12\/21\/mueren-3-personas-por-inhalar-monoxido-de-carbono-en-juquila\/","og_site_name":"LA BRAVA RADIO","article_published_time":"2021-12-21T15:41:02+00:00","article_modified_time":"2021-12-21T15:41:04+00:00","og_image":[{"width":700,"height":525,"url":"https:\/\/www.bbmnoticias.com\/labravaradiofm\/wp-content\/uploads\/sites\/5\/2021\/12\/planta-generadora.jpg","type":"image\/jpeg"}],"author":"Quadratin","twitter_card":"summary_large_image","twitter_misc":{"Escrito por":"Quadratin","Tiempo de lectura":"1 minuto"},"schema":{"@context":"https:\/\/schema.org","@graph":[{"@type":"Article","@id":"https:\/\/www.bbmnoticias.com\/labravaradiofm\/2021\/12\/21\/mueren-3-personas-por-inhalar-monoxido-de-carbono-en-juquila\/#article","isPartOf":{"@id":"https:\/\/www.bbmnoticias.com\/labravaradiofm\/2021\/12\/21\/mueren-3-personas-por-inhalar-monoxido-de-carbono-en-juquila\/"},"author":{"name":"Quadratin","@id":"https:\/\/www.bbmnoticias.com\/labravaradiofm\/#\/schema\/person\/c316b6f6c03640cce5d9482ba5a8e5c2"},"headline":"Mueren 3 personas por inhalar mon\u00f3xido de carbono en Juquila","datePublished":"2021-12-21T15:41:02+00:00","dateModified":"2021-12-21T15:41:04+00:00","mainEntityOfPage":{"@id":"https:\/\/www.bbmnoticias.com\/labravaradiofm\/2021\/12\/21\/mueren-3-personas-por-inhalar-monoxido-de-carbono-en-juquila\/"},"wordCount":185,"image":{"@id":"https:\/\/www.bbmnoticias.com\/labravaradiofm\/2021\/12\/21\/mueren-3-personas-por-inhalar-monoxido-de-carbono-en-juquila\/#primaryimage"},"thumbnailUrl":"https:\/\/www.bbmnoticias.com\/labravaradiofm\/wp-content\/uploads\/sites\/5\/2021\/12\/planta-generadora.jpg","articleSection":["POLICIACA"],"inLanguage":"es"},{"@type":"WebPage","@id":"https:\/\/www.bbmnoticias.com\/labravaradiofm\/2021\/12\/21\/mueren-3-personas-por-inhalar-monoxido-de-carbono-en-juquila\/","url":"https:\/\/www.bbmnoticias.com\/labravaradiofm\/2021\/12\/21\/mueren-3-personas-por-inhalar-monoxido-de-carbono-en-juquila\/","name":"Mueren 3 personas por inhalar mon\u00f3xido de carbono en Juquila - LA BRAVA RADIO","isPartOf":{"@id":"https:\/\/www.bbmnoticias.com\/labravaradiofm\/#website"},"primaryImageOfPage":{"@id":"https:\/\/www.bbmnoticias.com\/labravaradiofm\/2021\/12\/21\/mueren-3-personas-por-inhalar-monoxido-de-carbono-en-juquila\/#primaryimage"},"image":{"@id":"https:\/\/www.bbmnoticias.com\/labravaradiofm\/2021\/12\/21\/mueren-3-personas-por-inhalar-monoxido-de-carbono-en-juquila\/#primaryimage"},"thumbnailUrl":"https:\/\/www.bbmnoticias.com\/labravaradiofm\/wp-content\/uploads\/sites\/5\/2021\/12\/planta-generadora.jpg","datePublished":"2021-12-21T15:41:02+00:00","dateModified":"2021-12-21T15:41:04+00:00","author":{"@id":"https:\/\/www.bbmnoticias.com\/labravaradiofm\/#\/schema\/person\/c316b6f6c03640cce5d9482ba5a8e5c2"},"breadcrumb":{"@id":"https:\/\/www.bbmnoticias.com\/labravaradiofm\/2021\/12\/21\/mueren-3-personas-por-inhalar-monoxido-de-carbono-en-juquila\/#breadcrumb"},"inLanguage":"es","potentialAction":[{"@type":"ReadAction","target":["https:\/\/www.bbmnoticias.com\/labravaradiofm\/2021\/12\/21\/mueren-3-personas-por-inhalar-monoxido-de-carbono-en-juquila\/"]}]},{"@type":"ImageObject","inLanguage":"es","@id":"https:\/\/www.bbmnoticias.com\/labravaradiofm\/2021\/12\/21\/mueren-3-personas-por-inhalar-monoxido-de-carbono-en-juquila\/#primaryimage","url":"https:\/\/www.bbmnoticias.com\/labravaradiofm\/wp-content\/uploads\/sites\/5\/2021\/12\/planta-generadora.jpg","contentUrl":"https:\/\/www.bbmnoticias.com\/labravaradiofm\/wp-content\/uploads\/sites\/5\/2021\/12\/planta-generadora.jpg","width":700,"height":525},{"@type":"BreadcrumbList","@id":"https:\/\/www.bbmnoticias.com\/labravaradiofm\/2021\/12\/21\/mueren-3-personas-por-inhalar-monoxido-de-carbono-en-juquila\/#breadcrumb","itemListElement":[{"@type":"ListItem","position":1,"name":"Inicio","item":"https:\/\/www.bbmnoticias.com\/labravaradiofm\/"},{"@type":"ListItem","position":2,"name":"Mueren 3 personas por inhalar mon\u00f3xido de carbono en Juquila"}]},{"@type":"WebSite","@id":"https:\/\/www.bbmnoticias.com\/labravaradiofm\/#website","url":"https:\/\/www.bbmnoticias.com\/labravaradiofm\/","name":"LA BRAVA RADIO","description":"Empresa productora de medios, Radiodifusi\u00f3n, Noticias, tendencias y todo lo que necesitas saber de la pol\u00edtica mexicana e internacional; entretenimiento, espect\u00e1culos, salud y mucho m\u00e1s.","potentialAction":[{"@type":"SearchAction","target":{"@type":"EntryPoint","urlTemplate":"https:\/\/www.bbmnoticias.com\/labravaradiofm\/?s={search_term_string}"},"query-input":{"@type":"PropertyValueSpecification","valueRequired":true,"valueName":"search_term_string"}}],"inLanguage":"es"},{"@type":"Person","@id":"https:\/\/www.bbmnoticias.com\/labravaradiofm\/#\/schema\/person\/c316b6f6c03640cce5d9482ba5a8e5c2","name":"Quadratin","image":{"@type":"ImageObject","inLanguage":"es","@id":"https:\/\/secure.gravatar.com\/avatar\/34008d7d72488432d6a74f81e839efc9f754b118786ca32cf39d9d5508a68f63?s=96&d=mm&r=g","url":"https:\/\/secure.gravatar.com\/avatar\/34008d7d72488432d6a74f81e839efc9f754b118786ca32cf39d9d5508a68f63?s=96&d=mm&r=g","contentUrl":"https:\/\/secure.gravatar.com\/avatar\/34008d7d72488432d6a74f81e839efc9f754b118786ca32cf39d9d5508a68f63?s=96&d=mm&r=g","caption":"Quadratin"},"url":"https:\/\/www.bbmnoticias.com\/labravaradiofm\/author\/quadratin\/"}]}},"_links":{"self":[{"href":"https:\/\/www.bbmnoticias.com\/labravaradiofm\/wp-json\/wp\/v2\/posts\/7545","targetHints":{"allow":["GET"]}}],"collection":[{"href":"https:\/\/www.bbmnoticias.com\/labravaradiofm\/wp-json\/wp\/v2\/posts"}],"about":[{"href":"https:\/\/www.bbmnoticias.com\/labravaradiofm\/wp-json\/wp\/v2\/types\/post"}],"author":[{"embeddable":true,"href":"https:\/\/www.bbmnoticias.com\/labravaradiofm\/wp-json\/wp\/v2\/users\/5"}],"replies":[{"embeddable":true,"href":"https:\/\/www.bbmnoticias.com\/labravaradiofm\/wp-json\/wp\/v2\/comments?post=7545"}],"version-history":[{"count":0,"href":"https:\/\/www.bbmnoticias.com\/labravaradiofm\/wp-json\/wp\/v2\/posts\/7545\/revisions"}],"wp:featuredmedia":[{"embeddable":true,"href":"https:\/\/www.bbmnoticias.com\/labravaradiofm\/wp-json\/wp\/v2\/media\/7546"}],"wp:attachment":[{"href":"https:\/\/www.bbmnoticias.com\/labravaradiofm\/wp-json\/wp\/v2\/media?parent=7545"}],"wp:term":[{"taxonomy":"category","embeddable":true,"href":"https:\/\/www.bbmnoticias.com\/labravaradiofm\/wp-json\/wp\/v2\/categories?post=7545"},{"taxonomy":"post_tag","embeddable":true,"href":"https:\/\/www.bbmnoticias.com\/labravaradiofm\/wp-json\/wp\/v2\/tags?post=7545"}],"curies":[{"name":"wp","href":"https:\/\/api.w.org\/{rel}","templated":true}]}}