{"id":754,"date":"2021-08-25T18:57:48","date_gmt":"2021-08-25T23:57:48","guid":{"rendered":"https:\/\/www.bbmnoticias.com\/labravaradiofm\/?p=754"},"modified":"2021-08-25T18:57:50","modified_gmt":"2021-08-25T23:57:50","slug":"gobierno-de-oaxaca-avanza-en-trabajos-de-ordenamiento-territorial-en-el-istmo-de-tehuantepec","status":"publish","type":"post","link":"https:\/\/www.bbmnoticias.com\/labravaradiofm\/2021\/08\/25\/gobierno-de-oaxaca-avanza-en-trabajos-de-ordenamiento-territorial-en-el-istmo-de-tehuantepec\/","title":{"rendered":"Gobierno de Oaxaca avanza en trabajos de ordenamiento territorial en el Istmo de Tehuantepec"},"content":{"rendered":"<div style=\"margin-top: 0px; margin-bottom: 0px;\" class=\"sharethis-inline-share-buttons\" ><\/div>\n<p>*En coordinaci\u00f3n con el Gobierno Federal, la Comisi\u00f3n Intersecretarial del Istmo de Tehuantepec, a trav\u00e9s de la Sedatu y del Gobierno de Veracruz, Oaxaca trabaja en la elaboraci\u00f3n del Programa de Ordenamiento Territorial de la regi\u00f3n del Istmo de Tehuantepec<\/p>\n\n\n\n<p>*Por tal raz\u00f3n y como parte de la elaboraci\u00f3n del programa, se est\u00e1 llevando a cabo una consulta en l\u00ednea para la ciudadan\u00eda de la regi\u00f3n del Istmo en materia de seguridad, econom\u00eda y medio ambiente<\/p>\n\n\n\n<p>*A trav\u00e9s de este programa se busca identificar la problem\u00e1tica territorial, las necesidades y ventanas de oportunidad en 46 municipios de Oaxaca en el \u00e1rea del Corredor Interoce\u00e1nico del Istmo de Tehuantepec<\/p>\n\n\n\n<p>El Gobierno de Oaxaca, las dependencias de los gobiernos Federal y de Veracruz trabajan en la elaboraci\u00f3n del Programa de Ordenamiento Territorial del Istmo de Tehuantepec, que, dentro de sus actividades lanz\u00f3 el mecanismo de consulta para la ciudadan\u00eda del Istmo con el prop\u00f3sito de conocer la situaci\u00f3n que prevalece en materia de seguridad, econom\u00eda, social y medio ambiente.<\/p>\n\n\n\n<p>A trav\u00e9s de este programa se busca identificar la problem\u00e1tica territorial, las necesidades y ventanas de oportunidad en 46 municipios de Oaxaca en el \u00e1rea del Corredor Interoce\u00e1nico del Istmo de Tehuantepec<\/p>\n\n\n\n<p>El gobierno estatal, a trav\u00e9s de la Direcci\u00f3n de Ordenamiento Territorial, de la Secretar\u00eda de las Infraestructuras y el Ordenamiento Territorial Sustentable (Sinfra), a cargo de Mar\u00eda Fernanda El\u00edas Vigil, inform\u00f3 que se inici\u00f3 la difusi\u00f3n de una encuesta ciudadana para conocer las opiniones de los habitantes del Istmo de Tehuantepec con el objetivo de abonar con informaci\u00f3n al Programa de Ordenamiento Territorial de la regi\u00f3n, misma que se encuentra disponible en la siguiente liga https:\/\/solucionessig.com.mx\/ISTMO\/Index.html.<\/p>\n\n\n\n<p>Expuso que el Programa de Ordenamiento Territorial Regional del Istmo de Tehuantepec permitir\u00e1 tener un desarrollo sostenible, equilibrado e inclusivo, integrando las dimensiones sociodemogr\u00e1ficas, culturales, econ\u00f3micas, ambientales, de movilidad y pol\u00edtico institucionales, en las distintas escalas urbano regionales para contribuir a mejorar la calidad de vida de las personas que la habitan la regi\u00f3n del Istmo.<\/p>\n\n\n\n<p>El programa es un instrumento de planeaci\u00f3n que se elabora en coordinaci\u00f3n con la Secretar\u00eda de Desarrollo Agrario, Territorial y Urbano (Sedatu), el Corredor Interoce\u00e1nico, y los gobiernos de Veracruz y de Oaxaca, para impulsar el ordenamiento territorial y la planeaci\u00f3n urbana para el desarrollo del Istmo de Tehuantepec.<\/p>\n\n\n\n<p>Para ello, se realizar\u00e1n mesas de trabajo interdisciplinarias para generar espacios de discusi\u00f3n e identificar la problem\u00e1tica territorial, las necesidades y \u00e1reas de oportunidad y proponer estrategias con una visi\u00f3n prospectiva en las diferentes etapas del programa de ordenamiento territorial regional.<\/p>\n\n\n\n<p>Para llevar a cabo lo anterior, se han propuesto diferentes mecanismos para recabar informaci\u00f3n: solicitud de informaci\u00f3n a los gobiernos, levantamiento fotogr\u00e1fico y entrevista a actores relevantes, foros de discusi\u00f3n que sirvan como espacios de di\u00e1logo con diversos actores (gobierno, academia, sociedad civil), la encuesta de opini\u00f3n p\u00fablica y talleres participativos con todos los municipios que forman parte del Corredor Interoce\u00e1nico.<\/p>\n\n\n\n<p>El\u00edas Vigil explic\u00f3 que el 16 de diciembre de 2020 se firm\u00f3 del convenio de colaboraci\u00f3n entre la Sedatu, el Corredor Interoce\u00e1nico del Istmo de Tehuantepec, el Gobierno de Oaxaca y el de Veracruz para la elaboraci\u00f3n del Programa de Ordenamiento Territorial del Istmo.<\/p>\n\n\n\n<p>As\u00ed mismo, el 6 de mayo del presente a\u00f1o se aprob\u00f3 el recurso para la elaboraci\u00f3n como parte de la vertiente Planeaci\u00f3n Urbana Metropolitana y Ordenamiento Territorial (PUMOT) del Programa de Mejoramiento Urbano que pertenece a la Sedatu.<\/p>\n\n\n\n<p>Finalmente, el pasado 8 de julio, se instal\u00f3 de manera formal el Grupo de Trabajo para la elaboraci\u00f3n conjunta del instrumento de planeaci\u00f3n.<\/p>\n","protected":false},"excerpt":{"rendered":"<p>*En coordinaci\u00f3n con el Gobierno Federal, la Comisi\u00f3n Intersecretarial del Istmo de Tehuantepec, a trav\u00e9s de la Sedatu y del Gobierno de Veracruz, Oaxaca trabaja en la elaboraci\u00f3n del Programa de Ordenamiento Territorial de la regi\u00f3n del Istmo de Tehuantepec *Por tal raz\u00f3n y como parte de la elaboraci\u00f3n del programa, se est\u00e1 llevando a [&hellip;]<\/p>\n","protected":false},"author":2,"featured_media":755,"comment_status":"closed","ping_status":"closed","sticky":false,"template":"","format":"standard","meta":{"footnotes":""},"categories":[2],"tags":[],"class_list":{"0":"post-754","1":"post","2":"type-post","3":"status-publish","4":"format-standard","5":"has-post-thumbnail","7":"category-oaxaca"},"yoast_head":"<!-- This site is optimized with the Yoast SEO plugin v27.4 - https:\/\/yoast.com\/product\/yoast-seo-wordpress\/ -->\n<title>Gobierno de Oaxaca avanza en trabajos de ordenamiento territorial en el Istmo de Tehuantepec - LA BRAVA RADIO<\/title>\n<meta name=\"robots\" content=\"index, follow, max-snippet:-1, max-image-preview:large, max-video-preview:-1\" \/>\n<link rel=\"canonical\" href=\"https:\/\/www.bbmnoticias.com\/labravaradiofm\/2021\/08\/25\/gobierno-de-oaxaca-avanza-en-trabajos-de-ordenamiento-territorial-en-el-istmo-de-tehuantepec\/\" \/>\n<meta property=\"og:locale\" content=\"es_MX\" \/>\n<meta property=\"og:type\" content=\"article\" \/>\n<meta property=\"og:title\" content=\"Gobierno de Oaxaca avanza en trabajos de ordenamiento territorial en el Istmo de Tehuantepec - LA BRAVA RADIO\" \/>\n<meta property=\"og:description\" content=\"*En coordinaci\u00f3n con el Gobierno Federal, la Comisi\u00f3n Intersecretarial del Istmo de Tehuantepec, a trav\u00e9s de la Sedatu y del Gobierno de Veracruz, Oaxaca trabaja en la elaboraci\u00f3n del Programa de Ordenamiento Territorial de la regi\u00f3n del Istmo de Tehuantepec *Por tal raz\u00f3n y como parte de la elaboraci\u00f3n del programa, se est\u00e1 llevando a [&hellip;]\" \/>\n<meta property=\"og:url\" content=\"https:\/\/www.bbmnoticias.com\/labravaradiofm\/2021\/08\/25\/gobierno-de-oaxaca-avanza-en-trabajos-de-ordenamiento-territorial-en-el-istmo-de-tehuantepec\/\" \/>\n<meta property=\"og:site_name\" content=\"LA BRAVA RADIO\" \/>\n<meta property=\"article:published_time\" content=\"2021-08-25T23:57:48+00:00\" \/>\n<meta property=\"article:modified_time\" content=\"2021-08-25T23:57:50+00:00\" \/>\n<meta property=\"og:image\" content=\"https:\/\/www.bbmnoticias.com\/labravaradiofm\/wp-content\/uploads\/sites\/5\/2021\/08\/thumbnail_SINFRA.jpg\" \/>\n\t<meta property=\"og:image:width\" content=\"1269\" \/>\n\t<meta property=\"og:image:height\" content=\"709\" \/>\n\t<meta property=\"og:image:type\" content=\"image\/jpeg\" \/>\n<meta name=\"author\" content=\"Staff\" \/>\n<meta name=\"twitter:card\" content=\"summary_large_image\" \/>\n<meta name=\"twitter:label1\" content=\"Escrito por\" \/>\n\t<meta name=\"twitter:data1\" content=\"Staff\" \/>\n\t<meta name=\"twitter:label2\" content=\"Tiempo de lectura\" \/>\n\t<meta name=\"twitter:data2\" content=\"3 minutos\" \/>\n<script type=\"application\/ld+json\" class=\"yoast-schema-graph\">{\"@context\":\"https:\\\/\\\/schema.org\",\"@graph\":[{\"@type\":\"Article\",\"@id\":\"https:\\\/\\\/www.bbmnoticias.com\\\/labravaradiofm\\\/2021\\\/08\\\/25\\\/gobierno-de-oaxaca-avanza-en-trabajos-de-ordenamiento-territorial-en-el-istmo-de-tehuantepec\\\/#article\",\"isPartOf\":{\"@id\":\"https:\\\/\\\/www.bbmnoticias.com\\\/labravaradiofm\\\/2021\\\/08\\\/25\\\/gobierno-de-oaxaca-avanza-en-trabajos-de-ordenamiento-territorial-en-el-istmo-de-tehuantepec\\\/\"},\"author\":{\"name\":\"Staff\",\"@id\":\"https:\\\/\\\/www.bbmnoticias.com\\\/labravaradiofm\\\/#\\\/schema\\\/person\\\/68a9e9036ef3c5b55aeb2b71dc8bab45\"},\"headline\":\"Gobierno de Oaxaca avanza en trabajos de ordenamiento territorial en el Istmo de Tehuantepec\",\"datePublished\":\"2021-08-25T23:57:48+00:00\",\"dateModified\":\"2021-08-25T23:57:50+00:00\",\"mainEntityOfPage\":{\"@id\":\"https:\\\/\\\/www.bbmnoticias.com\\\/labravaradiofm\\\/2021\\\/08\\\/25\\\/gobierno-de-oaxaca-avanza-en-trabajos-de-ordenamiento-territorial-en-el-istmo-de-tehuantepec\\\/\"},\"wordCount\":661,\"image\":{\"@id\":\"https:\\\/\\\/www.bbmnoticias.com\\\/labravaradiofm\\\/2021\\\/08\\\/25\\\/gobierno-de-oaxaca-avanza-en-trabajos-de-ordenamiento-territorial-en-el-istmo-de-tehuantepec\\\/#primaryimage\"},\"thumbnailUrl\":\"https:\\\/\\\/www.bbmnoticias.com\\\/labravaradiofm\\\/wp-content\\\/uploads\\\/sites\\\/5\\\/2021\\\/08\\\/thumbnail_SINFRA.jpg\",\"articleSection\":[\"LOCAL\"],\"inLanguage\":\"es\"},{\"@type\":\"WebPage\",\"@id\":\"https:\\\/\\\/www.bbmnoticias.com\\\/labravaradiofm\\\/2021\\\/08\\\/25\\\/gobierno-de-oaxaca-avanza-en-trabajos-de-ordenamiento-territorial-en-el-istmo-de-tehuantepec\\\/\",\"url\":\"https:\\\/\\\/www.bbmnoticias.com\\\/labravaradiofm\\\/2021\\\/08\\\/25\\\/gobierno-de-oaxaca-avanza-en-trabajos-de-ordenamiento-territorial-en-el-istmo-de-tehuantepec\\\/\",\"name\":\"Gobierno de Oaxaca avanza en trabajos de ordenamiento territorial en el Istmo de Tehuantepec - LA BRAVA RADIO\",\"isPartOf\":{\"@id\":\"https:\\\/\\\/www.bbmnoticias.com\\\/labravaradiofm\\\/#website\"},\"primaryImageOfPage\":{\"@id\":\"https:\\\/\\\/www.bbmnoticias.com\\\/labravaradiofm\\\/2021\\\/08\\\/25\\\/gobierno-de-oaxaca-avanza-en-trabajos-de-ordenamiento-territorial-en-el-istmo-de-tehuantepec\\\/#primaryimage\"},\"image\":{\"@id\":\"https:\\\/\\\/www.bbmnoticias.com\\\/labravaradiofm\\\/2021\\\/08\\\/25\\\/gobierno-de-oaxaca-avanza-en-trabajos-de-ordenamiento-territorial-en-el-istmo-de-tehuantepec\\\/#primaryimage\"},\"thumbnailUrl\":\"https:\\\/\\\/www.bbmnoticias.com\\\/labravaradiofm\\\/wp-content\\\/uploads\\\/sites\\\/5\\\/2021\\\/08\\\/thumbnail_SINFRA.jpg\",\"datePublished\":\"2021-08-25T23:57:48+00:00\",\"dateModified\":\"2021-08-25T23:57:50+00:00\",\"author\":{\"@id\":\"https:\\\/\\\/www.bbmnoticias.com\\\/labravaradiofm\\\/#\\\/schema\\\/person\\\/68a9e9036ef3c5b55aeb2b71dc8bab45\"},\"breadcrumb\":{\"@id\":\"https:\\\/\\\/www.bbmnoticias.com\\\/labravaradiofm\\\/2021\\\/08\\\/25\\\/gobierno-de-oaxaca-avanza-en-trabajos-de-ordenamiento-territorial-en-el-istmo-de-tehuantepec\\\/#breadcrumb\"},\"inLanguage\":\"es\",\"potentialAction\":[{\"@type\":\"ReadAction\",\"target\":[\"https:\\\/\\\/www.bbmnoticias.com\\\/labravaradiofm\\\/2021\\\/08\\\/25\\\/gobierno-de-oaxaca-avanza-en-trabajos-de-ordenamiento-territorial-en-el-istmo-de-tehuantepec\\\/\"]}]},{\"@type\":\"ImageObject\",\"inLanguage\":\"es\",\"@id\":\"https:\\\/\\\/www.bbmnoticias.com\\\/labravaradiofm\\\/2021\\\/08\\\/25\\\/gobierno-de-oaxaca-avanza-en-trabajos-de-ordenamiento-territorial-en-el-istmo-de-tehuantepec\\\/#primaryimage\",\"url\":\"https:\\\/\\\/www.bbmnoticias.com\\\/labravaradiofm\\\/wp-content\\\/uploads\\\/sites\\\/5\\\/2021\\\/08\\\/thumbnail_SINFRA.jpg\",\"contentUrl\":\"https:\\\/\\\/www.bbmnoticias.com\\\/labravaradiofm\\\/wp-content\\\/uploads\\\/sites\\\/5\\\/2021\\\/08\\\/thumbnail_SINFRA.jpg\",\"width\":1269,\"height\":709},{\"@type\":\"BreadcrumbList\",\"@id\":\"https:\\\/\\\/www.bbmnoticias.com\\\/labravaradiofm\\\/2021\\\/08\\\/25\\\/gobierno-de-oaxaca-avanza-en-trabajos-de-ordenamiento-territorial-en-el-istmo-de-tehuantepec\\\/#breadcrumb\",\"itemListElement\":[{\"@type\":\"ListItem\",\"position\":1,\"name\":\"Inicio\",\"item\":\"https:\\\/\\\/www.bbmnoticias.com\\\/labravaradiofm\\\/\"},{\"@type\":\"ListItem\",\"position\":2,\"name\":\"Gobierno de Oaxaca avanza en trabajos de ordenamiento territorial en el Istmo de Tehuantepec\"}]},{\"@type\":\"WebSite\",\"@id\":\"https:\\\/\\\/www.bbmnoticias.com\\\/labravaradiofm\\\/#website\",\"url\":\"https:\\\/\\\/www.bbmnoticias.com\\\/labravaradiofm\\\/\",\"name\":\"LA BRAVA RADIO\",\"description\":\"Empresa productora de medios, Radiodifusi\u00f3n, Noticias, tendencias y todo lo que necesitas saber de la pol\u00edtica mexicana e internacional; entretenimiento, espect\u00e1culos, salud y mucho m\u00e1s.\",\"potentialAction\":[{\"@type\":\"SearchAction\",\"target\":{\"@type\":\"EntryPoint\",\"urlTemplate\":\"https:\\\/\\\/www.bbmnoticias.com\\\/labravaradiofm\\\/?s={search_term_string}\"},\"query-input\":{\"@type\":\"PropertyValueSpecification\",\"valueRequired\":true,\"valueName\":\"search_term_string\"}}],\"inLanguage\":\"es\"},{\"@type\":\"Person\",\"@id\":\"https:\\\/\\\/www.bbmnoticias.com\\\/labravaradiofm\\\/#\\\/schema\\\/person\\\/68a9e9036ef3c5b55aeb2b71dc8bab45\",\"name\":\"Staff\",\"image\":{\"@type\":\"ImageObject\",\"inLanguage\":\"es\",\"@id\":\"https:\\\/\\\/secure.gravatar.com\\\/avatar\\\/fdd21ad66fd8b98c407f9dee5b5e588cfe7f0d8579ec20fa6527cd59bab7f0f0?s=96&d=mm&r=g\",\"url\":\"https:\\\/\\\/secure.gravatar.com\\\/avatar\\\/fdd21ad66fd8b98c407f9dee5b5e588cfe7f0d8579ec20fa6527cd59bab7f0f0?s=96&d=mm&r=g\",\"contentUrl\":\"https:\\\/\\\/secure.gravatar.com\\\/avatar\\\/fdd21ad66fd8b98c407f9dee5b5e588cfe7f0d8579ec20fa6527cd59bab7f0f0?s=96&d=mm&r=g\",\"caption\":\"Staff\"},\"url\":\"https:\\\/\\\/www.bbmnoticias.com\\\/labravaradiofm\\\/author\\\/redaccion\\\/\"}]}<\/script>\n<!-- \/ Yoast SEO plugin. -->","yoast_head_json":{"title":"Gobierno de Oaxaca avanza en trabajos de ordenamiento territorial en el Istmo de Tehuantepec - LA BRAVA RADIO","robots":{"index":"index","follow":"follow","max-snippet":"max-snippet:-1","max-image-preview":"max-image-preview:large","max-video-preview":"max-video-preview:-1"},"canonical":"https:\/\/www.bbmnoticias.com\/labravaradiofm\/2021\/08\/25\/gobierno-de-oaxaca-avanza-en-trabajos-de-ordenamiento-territorial-en-el-istmo-de-tehuantepec\/","og_locale":"es_MX","og_type":"article","og_title":"Gobierno de Oaxaca avanza en trabajos de ordenamiento territorial en el Istmo de Tehuantepec - LA BRAVA RADIO","og_description":"*En coordinaci\u00f3n con el Gobierno Federal, la Comisi\u00f3n Intersecretarial del Istmo de Tehuantepec, a trav\u00e9s de la Sedatu y del Gobierno de Veracruz, Oaxaca trabaja en la elaboraci\u00f3n del Programa de Ordenamiento Territorial de la regi\u00f3n del Istmo de Tehuantepec *Por tal raz\u00f3n y como parte de la elaboraci\u00f3n del programa, se est\u00e1 llevando a [&hellip;]","og_url":"https:\/\/www.bbmnoticias.com\/labravaradiofm\/2021\/08\/25\/gobierno-de-oaxaca-avanza-en-trabajos-de-ordenamiento-territorial-en-el-istmo-de-tehuantepec\/","og_site_name":"LA BRAVA RADIO","article_published_time":"2021-08-25T23:57:48+00:00","article_modified_time":"2021-08-25T23:57:50+00:00","og_image":[{"width":1269,"height":709,"url":"https:\/\/www.bbmnoticias.com\/labravaradiofm\/wp-content\/uploads\/sites\/5\/2021\/08\/thumbnail_SINFRA.jpg","type":"image\/jpeg"}],"author":"Staff","twitter_card":"summary_large_image","twitter_misc":{"Escrito por":"Staff","Tiempo de lectura":"3 minutos"},"schema":{"@context":"https:\/\/schema.org","@graph":[{"@type":"Article","@id":"https:\/\/www.bbmnoticias.com\/labravaradiofm\/2021\/08\/25\/gobierno-de-oaxaca-avanza-en-trabajos-de-ordenamiento-territorial-en-el-istmo-de-tehuantepec\/#article","isPartOf":{"@id":"https:\/\/www.bbmnoticias.com\/labravaradiofm\/2021\/08\/25\/gobierno-de-oaxaca-avanza-en-trabajos-de-ordenamiento-territorial-en-el-istmo-de-tehuantepec\/"},"author":{"name":"Staff","@id":"https:\/\/www.bbmnoticias.com\/labravaradiofm\/#\/schema\/person\/68a9e9036ef3c5b55aeb2b71dc8bab45"},"headline":"Gobierno de Oaxaca avanza en trabajos de ordenamiento territorial en el Istmo de Tehuantepec","datePublished":"2021-08-25T23:57:48+00:00","dateModified":"2021-08-25T23:57:50+00:00","mainEntityOfPage":{"@id":"https:\/\/www.bbmnoticias.com\/labravaradiofm\/2021\/08\/25\/gobierno-de-oaxaca-avanza-en-trabajos-de-ordenamiento-territorial-en-el-istmo-de-tehuantepec\/"},"wordCount":661,"image":{"@id":"https:\/\/www.bbmnoticias.com\/labravaradiofm\/2021\/08\/25\/gobierno-de-oaxaca-avanza-en-trabajos-de-ordenamiento-territorial-en-el-istmo-de-tehuantepec\/#primaryimage"},"thumbnailUrl":"https:\/\/www.bbmnoticias.com\/labravaradiofm\/wp-content\/uploads\/sites\/5\/2021\/08\/thumbnail_SINFRA.jpg","articleSection":["LOCAL"],"inLanguage":"es"},{"@type":"WebPage","@id":"https:\/\/www.bbmnoticias.com\/labravaradiofm\/2021\/08\/25\/gobierno-de-oaxaca-avanza-en-trabajos-de-ordenamiento-territorial-en-el-istmo-de-tehuantepec\/","url":"https:\/\/www.bbmnoticias.com\/labravaradiofm\/2021\/08\/25\/gobierno-de-oaxaca-avanza-en-trabajos-de-ordenamiento-territorial-en-el-istmo-de-tehuantepec\/","name":"Gobierno de Oaxaca avanza en trabajos de ordenamiento territorial en el Istmo de Tehuantepec - LA BRAVA RADIO","isPartOf":{"@id":"https:\/\/www.bbmnoticias.com\/labravaradiofm\/#website"},"primaryImageOfPage":{"@id":"https:\/\/www.bbmnoticias.com\/labravaradiofm\/2021\/08\/25\/gobierno-de-oaxaca-avanza-en-trabajos-de-ordenamiento-territorial-en-el-istmo-de-tehuantepec\/#primaryimage"},"image":{"@id":"https:\/\/www.bbmnoticias.com\/labravaradiofm\/2021\/08\/25\/gobierno-de-oaxaca-avanza-en-trabajos-de-ordenamiento-territorial-en-el-istmo-de-tehuantepec\/#primaryimage"},"thumbnailUrl":"https:\/\/www.bbmnoticias.com\/labravaradiofm\/wp-content\/uploads\/sites\/5\/2021\/08\/thumbnail_SINFRA.jpg","datePublished":"2021-08-25T23:57:48+00:00","dateModified":"2021-08-25T23:57:50+00:00","author":{"@id":"https:\/\/www.bbmnoticias.com\/labravaradiofm\/#\/schema\/person\/68a9e9036ef3c5b55aeb2b71dc8bab45"},"breadcrumb":{"@id":"https:\/\/www.bbmnoticias.com\/labravaradiofm\/2021\/08\/25\/gobierno-de-oaxaca-avanza-en-trabajos-de-ordenamiento-territorial-en-el-istmo-de-tehuantepec\/#breadcrumb"},"inLanguage":"es","potentialAction":[{"@type":"ReadAction","target":["https:\/\/www.bbmnoticias.com\/labravaradiofm\/2021\/08\/25\/gobierno-de-oaxaca-avanza-en-trabajos-de-ordenamiento-territorial-en-el-istmo-de-tehuantepec\/"]}]},{"@type":"ImageObject","inLanguage":"es","@id":"https:\/\/www.bbmnoticias.com\/labravaradiofm\/2021\/08\/25\/gobierno-de-oaxaca-avanza-en-trabajos-de-ordenamiento-territorial-en-el-istmo-de-tehuantepec\/#primaryimage","url":"https:\/\/www.bbmnoticias.com\/labravaradiofm\/wp-content\/uploads\/sites\/5\/2021\/08\/thumbnail_SINFRA.jpg","contentUrl":"https:\/\/www.bbmnoticias.com\/labravaradiofm\/wp-content\/uploads\/sites\/5\/2021\/08\/thumbnail_SINFRA.jpg","width":1269,"height":709},{"@type":"BreadcrumbList","@id":"https:\/\/www.bbmnoticias.com\/labravaradiofm\/2021\/08\/25\/gobierno-de-oaxaca-avanza-en-trabajos-de-ordenamiento-territorial-en-el-istmo-de-tehuantepec\/#breadcrumb","itemListElement":[{"@type":"ListItem","position":1,"name":"Inicio","item":"https:\/\/www.bbmnoticias.com\/labravaradiofm\/"},{"@type":"ListItem","position":2,"name":"Gobierno de Oaxaca avanza en trabajos de ordenamiento territorial en el Istmo de Tehuantepec"}]},{"@type":"WebSite","@id":"https:\/\/www.bbmnoticias.com\/labravaradiofm\/#website","url":"https:\/\/www.bbmnoticias.com\/labravaradiofm\/","name":"LA BRAVA RADIO","description":"Empresa productora de medios, Radiodifusi\u00f3n, Noticias, tendencias y todo lo que necesitas saber de la pol\u00edtica mexicana e internacional; entretenimiento, espect\u00e1culos, salud y mucho m\u00e1s.","potentialAction":[{"@type":"SearchAction","target":{"@type":"EntryPoint","urlTemplate":"https:\/\/www.bbmnoticias.com\/labravaradiofm\/?s={search_term_string}"},"query-input":{"@type":"PropertyValueSpecification","valueRequired":true,"valueName":"search_term_string"}}],"inLanguage":"es"},{"@type":"Person","@id":"https:\/\/www.bbmnoticias.com\/labravaradiofm\/#\/schema\/person\/68a9e9036ef3c5b55aeb2b71dc8bab45","name":"Staff","image":{"@type":"ImageObject","inLanguage":"es","@id":"https:\/\/secure.gravatar.com\/avatar\/fdd21ad66fd8b98c407f9dee5b5e588cfe7f0d8579ec20fa6527cd59bab7f0f0?s=96&d=mm&r=g","url":"https:\/\/secure.gravatar.com\/avatar\/fdd21ad66fd8b98c407f9dee5b5e588cfe7f0d8579ec20fa6527cd59bab7f0f0?s=96&d=mm&r=g","contentUrl":"https:\/\/secure.gravatar.com\/avatar\/fdd21ad66fd8b98c407f9dee5b5e588cfe7f0d8579ec20fa6527cd59bab7f0f0?s=96&d=mm&r=g","caption":"Staff"},"url":"https:\/\/www.bbmnoticias.com\/labravaradiofm\/author\/redaccion\/"}]}},"_links":{"self":[{"href":"https:\/\/www.bbmnoticias.com\/labravaradiofm\/wp-json\/wp\/v2\/posts\/754","targetHints":{"allow":["GET"]}}],"collection":[{"href":"https:\/\/www.bbmnoticias.com\/labravaradiofm\/wp-json\/wp\/v2\/posts"}],"about":[{"href":"https:\/\/www.bbmnoticias.com\/labravaradiofm\/wp-json\/wp\/v2\/types\/post"}],"author":[{"embeddable":true,"href":"https:\/\/www.bbmnoticias.com\/labravaradiofm\/wp-json\/wp\/v2\/users\/2"}],"replies":[{"embeddable":true,"href":"https:\/\/www.bbmnoticias.com\/labravaradiofm\/wp-json\/wp\/v2\/comments?post=754"}],"version-history":[{"count":0,"href":"https:\/\/www.bbmnoticias.com\/labravaradiofm\/wp-json\/wp\/v2\/posts\/754\/revisions"}],"wp:featuredmedia":[{"embeddable":true,"href":"https:\/\/www.bbmnoticias.com\/labravaradiofm\/wp-json\/wp\/v2\/media\/755"}],"wp:attachment":[{"href":"https:\/\/www.bbmnoticias.com\/labravaradiofm\/wp-json\/wp\/v2\/media?parent=754"}],"wp:term":[{"taxonomy":"category","embeddable":true,"href":"https:\/\/www.bbmnoticias.com\/labravaradiofm\/wp-json\/wp\/v2\/categories?post=754"},{"taxonomy":"post_tag","embeddable":true,"href":"https:\/\/www.bbmnoticias.com\/labravaradiofm\/wp-json\/wp\/v2\/tags?post=754"}],"curies":[{"name":"wp","href":"https:\/\/api.w.org\/{rel}","templated":true}]}}