{"id":75254,"date":"2026-03-17T13:15:27","date_gmt":"2026-03-17T19:15:27","guid":{"rendered":"https:\/\/www.bbmnoticias.com\/labravaradiofm\/2026\/03\/17\/inauguran-el-primer-taller-de-periodismo-estudiantil-en-la-hemeroteca-publica-de-oaxaca\/"},"modified":"2026-03-17T13:15:38","modified_gmt":"2026-03-17T19:15:38","slug":"inauguran-el-primer-taller-de-periodismo-estudiantil-en-la-hemeroteca-publica-de-oaxaca","status":"publish","type":"post","link":"https:\/\/www.bbmnoticias.com\/labravaradiofm\/2026\/03\/17\/inauguran-el-primer-taller-de-periodismo-estudiantil-en-la-hemeroteca-publica-de-oaxaca\/","title":{"rendered":"Inauguran el Primer Taller de Periodismo Estudiantil en la Hemeroteca P\u00fablica de Oaxaca"},"content":{"rendered":"<div style=\"margin-top: 0px; margin-bottom: 0px;\" class=\"sharethis-inline-share-buttons\" ><\/div>\n<p>Con la participaci\u00f3n de estudiantes de bachillerato interesados en el ejercicio informativo, fue inaugurado el Primer Taller de Periodismo Estudiantil, iniciativa impulsada por el Conversatorio de Periodismo, el Club de Lectura de Periodismo \u201cWilfrido L\u00f3pez Torres\u201d y la Hemeroteca P\u00fablica de Oaxaca \u201cN\u00e9stor S\u00e1nchez Hern\u00e1ndez\u201d.<\/p>\n\n\n\n<p>De acuerdo a los organizadores, el proyecto busca acercar a j\u00f3venes al conocimiento del periodismo, su funci\u00f3n social y las herramientas b\u00e1sicas para analizar, producir y difundir informaci\u00f3n en distintos medios y plataformas digitales, adem\u00e1s de proporcionar elementos para combatir la desinformaci\u00f3n.<\/p>\n\n\n\n<p>Durante la inauguraci\u00f3n, el director de la Hemeroteca P\u00fablica de Oaxaca \u201cN\u00e9stor S\u00e1nchez Hern\u00e1ndez\u201d, Kevin Gonzalo Bautista L\u00f3pez, subray\u00f3 que este espacio documental y de consulta es tambi\u00e9n un lugar para promover actividades formativas que acerquen a estudiantes al conocimiento del periodismo y la lectura.<\/p>\n\n\n\n<p>Por su parte, Isabel Bautista Aguilar, coordinadora administrativa de los emprendimientos vinculados al proyecto formativo, destac\u00f3 la importancia de generar espacios donde las nuevas generaciones puedan desarrollar pensamiento cr\u00edtico y comprender el valor de la informaci\u00f3n en la vida p\u00fablica.<\/p>\n\n\n\n<p>El primer m\u00f3dulo del taller estuvo a cargo de la periodista Flor Hern\u00e1ndez, quien explic\u00f3 que el periodismo cumple funciones fundamentales como informar a la ciudadan\u00eda, construir un registro hist\u00f3rico de los acontecimientos y actuar como contrapeso frente al poder, adem\u00e1s de contribuir a que las personas puedan tomar decisiones con base en informaci\u00f3n confiable.<\/p>\n\n\n\n<p>Asegur\u00f3 que el periodismo puede ejercerse en distintos medios, incluidos los entornos digitales y las redes sociales, siempre que se realice con responsabilidad, \u00e9tica y compromiso con la veracidad de los hechos.<\/p>\n\n\n\n<p>Asimismo, alert\u00f3 a los estudiantes sobre los riesgos de la manipulaci\u00f3n informativa y la difusi\u00f3n de noticias falsas, pr\u00e1cticas que suelen buscar influir en la opini\u00f3n p\u00fablica en favor de determinados intereses pol\u00edticos o ideol\u00f3gicos.<\/p>\n\n\n\n<p>Ante ello, invit\u00f3 a las y los participantes a desarrollar una actitud cr\u00edtica frente a la informaci\u00f3n que consumen, contrastar diversas fuentes y evitar quedar atrapados en la l\u00f3gica de los algoritmos que limitan la diversidad informativa.<\/p>\n\n\n\n<p>El Taller de Periodismo Estudiantil forma parte de una estrategia de formaci\u00f3n impulsada por Conversatorio de Periodismo, el Club de Lectura \u201cWilfrido L\u00f3pez Torres\u201d, la Hemeroteca P\u00fablica de Oaxaca y el Centro de Bachillerato Tecnol\u00f3gico Industrial y de Servicios No. 26, con el prop\u00f3sito de acercar a estudiantes y j\u00f3venes lectores al conocimiento de la profesi\u00f3n.<\/p>\n\n\n\n<p>A la inauguraci\u00f3n asistieron la directora de la revista Socialmente, Cristina Espejo P\u00e9rez; el maestro Omar Ruiz Jim\u00e9nez, Jefe del Departamento de Docentes y la maestra Laura Berenice Trujillo Manzano, ambos del CBTIS 26.<\/p>\n","protected":false},"excerpt":{"rendered":"<p>Con la participaci\u00f3n de estudiantes de bachillerato interesados en el ejercicio informativo, fue inaugurado el Primer Taller de Periodismo Estudiantil, iniciativa impulsada por el Conversatorio de Periodismo, el Club de Lectura de Periodismo \u201cWilfrido L\u00f3pez Torres\u201d y la Hemeroteca P\u00fablica de Oaxaca \u201cN\u00e9stor S\u00e1nchez Hern\u00e1ndez\u201d. De acuerdo a los organizadores, el proyecto busca acercar a [&hellip;]<\/p>\n","protected":false},"author":2,"featured_media":75256,"comment_status":"closed","ping_status":"open","sticky":false,"template":"","format":"standard","meta":{"footnotes":""},"categories":[2],"tags":[],"class_list":{"0":"post-75254","1":"post","2":"type-post","3":"status-publish","4":"format-standard","5":"has-post-thumbnail","7":"category-oaxaca"},"yoast_head":"<!-- This site is optimized with the Yoast SEO plugin v27.4 - https:\/\/yoast.com\/product\/yoast-seo-wordpress\/ -->\n<title>Inauguran el Primer Taller de Periodismo Estudiantil en la Hemeroteca P\u00fablica de Oaxaca - LA BRAVA RADIO<\/title>\n<meta name=\"robots\" content=\"index, follow, max-snippet:-1, max-image-preview:large, max-video-preview:-1\" \/>\n<link rel=\"canonical\" href=\"https:\/\/www.bbmnoticias.com\/inauguran-el-primer-taller-de-periodismo-estudiantil-en-la-hemeroteca-publica-de-oaxaca\/\" \/>\n<meta property=\"og:locale\" content=\"es_MX\" \/>\n<meta property=\"og:type\" content=\"article\" \/>\n<meta property=\"og:title\" content=\"Inauguran el Primer Taller de Periodismo Estudiantil en la Hemeroteca P\u00fablica de Oaxaca - LA BRAVA RADIO\" \/>\n<meta property=\"og:description\" content=\"Con la participaci\u00f3n de estudiantes de bachillerato interesados en el ejercicio informativo, fue inaugurado el Primer Taller de Periodismo Estudiantil, iniciativa impulsada por el Conversatorio de Periodismo, el Club de Lectura de Periodismo \u201cWilfrido L\u00f3pez Torres\u201d y la Hemeroteca P\u00fablica de Oaxaca \u201cN\u00e9stor S\u00e1nchez Hern\u00e1ndez\u201d. De acuerdo a los organizadores, el proyecto busca acercar a [&hellip;]\" \/>\n<meta property=\"og:url\" content=\"https:\/\/www.bbmnoticias.com\/inauguran-el-primer-taller-de-periodismo-estudiantil-en-la-hemeroteca-publica-de-oaxaca\/\" \/>\n<meta property=\"og:site_name\" content=\"LA BRAVA RADIO\" \/>\n<meta property=\"article:published_time\" content=\"2026-03-17T19:15:27+00:00\" \/>\n<meta property=\"article:modified_time\" content=\"2026-03-17T19:15:38+00:00\" \/>\n<meta property=\"og:image\" content=\"https:\/\/www.bbmnoticias.com\/labravaradiofm\/wp-content\/uploads\/sites\/5\/2026\/03\/curso_periodismo.jpg\" \/>\n\t<meta property=\"og:image:width\" content=\"800\" \/>\n\t<meta property=\"og:image:height\" content=\"533\" \/>\n\t<meta property=\"og:image:type\" content=\"image\/jpeg\" \/>\n<meta name=\"author\" content=\"Staff\" \/>\n<meta name=\"twitter:card\" content=\"summary_large_image\" \/>\n<meta name=\"twitter:label1\" content=\"Escrito por\" \/>\n\t<meta name=\"twitter:data1\" content=\"Staff\" \/>\n\t<meta name=\"twitter:label2\" content=\"Tiempo de lectura\" \/>\n\t<meta name=\"twitter:data2\" content=\"2 minutos\" \/>\n<script type=\"application\/ld+json\" class=\"yoast-schema-graph\">{\"@context\":\"https:\\\/\\\/schema.org\",\"@graph\":[{\"@type\":\"Article\",\"@id\":\"https:\\\/\\\/www.bbmnoticias.com\\\/inauguran-el-primer-taller-de-periodismo-estudiantil-en-la-hemeroteca-publica-de-oaxaca\\\/#article\",\"isPartOf\":{\"@id\":\"https:\\\/\\\/www.bbmnoticias.com\\\/labravaradiofm\\\/2026\\\/03\\\/17\\\/inauguran-el-primer-taller-de-periodismo-estudiantil-en-la-hemeroteca-publica-de-oaxaca\\\/\"},\"author\":{\"name\":\"Staff\",\"@id\":\"https:\\\/\\\/www.bbmnoticias.com\\\/labravaradiofm\\\/#\\\/schema\\\/person\\\/34b139c617a70ea5bef5678bffe4dd7b\"},\"headline\":\"Inauguran el Primer Taller de Periodismo Estudiantil en la Hemeroteca P\u00fablica de Oaxaca\",\"datePublished\":\"2026-03-17T19:15:27+00:00\",\"dateModified\":\"2026-03-17T19:15:38+00:00\",\"mainEntityOfPage\":{\"@id\":\"https:\\\/\\\/www.bbmnoticias.com\\\/labravaradiofm\\\/2026\\\/03\\\/17\\\/inauguran-el-primer-taller-de-periodismo-estudiantil-en-la-hemeroteca-publica-de-oaxaca\\\/\"},\"wordCount\":481,\"image\":{\"@id\":\"https:\\\/\\\/www.bbmnoticias.com\\\/inauguran-el-primer-taller-de-periodismo-estudiantil-en-la-hemeroteca-publica-de-oaxaca\\\/#primaryimage\"},\"thumbnailUrl\":\"https:\\\/\\\/www.bbmnoticias.com\\\/labravaradiofm\\\/wp-content\\\/uploads\\\/sites\\\/5\\\/2026\\\/03\\\/curso_periodismo.jpg\",\"articleSection\":[\"LOCAL\"],\"inLanguage\":\"es\"},{\"@type\":\"WebPage\",\"@id\":\"https:\\\/\\\/www.bbmnoticias.com\\\/labravaradiofm\\\/2026\\\/03\\\/17\\\/inauguran-el-primer-taller-de-periodismo-estudiantil-en-la-hemeroteca-publica-de-oaxaca\\\/\",\"url\":\"https:\\\/\\\/www.bbmnoticias.com\\\/inauguran-el-primer-taller-de-periodismo-estudiantil-en-la-hemeroteca-publica-de-oaxaca\\\/\",\"name\":\"Inauguran el Primer Taller de Periodismo Estudiantil en la Hemeroteca P\u00fablica de Oaxaca - LA BRAVA RADIO\",\"isPartOf\":{\"@id\":\"https:\\\/\\\/www.bbmnoticias.com\\\/labravaradiofm\\\/#website\"},\"primaryImageOfPage\":{\"@id\":\"https:\\\/\\\/www.bbmnoticias.com\\\/inauguran-el-primer-taller-de-periodismo-estudiantil-en-la-hemeroteca-publica-de-oaxaca\\\/#primaryimage\"},\"image\":{\"@id\":\"https:\\\/\\\/www.bbmnoticias.com\\\/inauguran-el-primer-taller-de-periodismo-estudiantil-en-la-hemeroteca-publica-de-oaxaca\\\/#primaryimage\"},\"thumbnailUrl\":\"https:\\\/\\\/www.bbmnoticias.com\\\/labravaradiofm\\\/wp-content\\\/uploads\\\/sites\\\/5\\\/2026\\\/03\\\/curso_periodismo.jpg\",\"datePublished\":\"2026-03-17T19:15:27+00:00\",\"dateModified\":\"2026-03-17T19:15:38+00:00\",\"author\":{\"@id\":\"https:\\\/\\\/www.bbmnoticias.com\\\/labravaradiofm\\\/#\\\/schema\\\/person\\\/34b139c617a70ea5bef5678bffe4dd7b\"},\"breadcrumb\":{\"@id\":\"https:\\\/\\\/www.bbmnoticias.com\\\/inauguran-el-primer-taller-de-periodismo-estudiantil-en-la-hemeroteca-publica-de-oaxaca\\\/#breadcrumb\"},\"inLanguage\":\"es\",\"potentialAction\":[{\"@type\":\"ReadAction\",\"target\":[\"https:\\\/\\\/www.bbmnoticias.com\\\/inauguran-el-primer-taller-de-periodismo-estudiantil-en-la-hemeroteca-publica-de-oaxaca\\\/\"]}]},{\"@type\":\"ImageObject\",\"inLanguage\":\"es\",\"@id\":\"https:\\\/\\\/www.bbmnoticias.com\\\/inauguran-el-primer-taller-de-periodismo-estudiantil-en-la-hemeroteca-publica-de-oaxaca\\\/#primaryimage\",\"url\":\"https:\\\/\\\/www.bbmnoticias.com\\\/labravaradiofm\\\/wp-content\\\/uploads\\\/sites\\\/5\\\/2026\\\/03\\\/curso_periodismo.jpg\",\"contentUrl\":\"https:\\\/\\\/www.bbmnoticias.com\\\/labravaradiofm\\\/wp-content\\\/uploads\\\/sites\\\/5\\\/2026\\\/03\\\/curso_periodismo.jpg\",\"width\":800,\"height\":533},{\"@type\":\"BreadcrumbList\",\"@id\":\"https:\\\/\\\/www.bbmnoticias.com\\\/inauguran-el-primer-taller-de-periodismo-estudiantil-en-la-hemeroteca-publica-de-oaxaca\\\/#breadcrumb\",\"itemListElement\":[{\"@type\":\"ListItem\",\"position\":1,\"name\":\"Inicio\",\"item\":\"https:\\\/\\\/www.bbmnoticias.com\\\/labravaradiofm\\\/\"},{\"@type\":\"ListItem\",\"position\":2,\"name\":\"Inauguran el Primer Taller de Periodismo Estudiantil en la Hemeroteca P\u00fablica de Oaxaca\"}]},{\"@type\":\"WebSite\",\"@id\":\"https:\\\/\\\/www.bbmnoticias.com\\\/labravaradiofm\\\/#website\",\"url\":\"https:\\\/\\\/www.bbmnoticias.com\\\/labravaradiofm\\\/\",\"name\":\"LA BRAVA RADIO\",\"description\":\"Empresa productora de medios, Radiodifusi\u00f3n, Noticias, tendencias y todo lo que necesitas saber de la pol\u00edtica mexicana e internacional; entretenimiento, espect\u00e1culos, salud y mucho m\u00e1s.\",\"potentialAction\":[{\"@type\":\"SearchAction\",\"target\":{\"@type\":\"EntryPoint\",\"urlTemplate\":\"https:\\\/\\\/www.bbmnoticias.com\\\/labravaradiofm\\\/?s={search_term_string}\"},\"query-input\":{\"@type\":\"PropertyValueSpecification\",\"valueRequired\":true,\"valueName\":\"search_term_string\"}}],\"inLanguage\":\"es\"},{\"@type\":\"Person\",\"@id\":\"https:\\\/\\\/www.bbmnoticias.com\\\/labravaradiofm\\\/#\\\/schema\\\/person\\\/34b139c617a70ea5bef5678bffe4dd7b\",\"name\":\"Staff\",\"image\":{\"@type\":\"ImageObject\",\"inLanguage\":\"es\",\"@id\":\"https:\\\/\\\/secure.gravatar.com\\\/avatar\\\/fdd21ad66fd8b98c407f9dee5b5e588cfe7f0d8579ec20fa6527cd59bab7f0f0?s=96&d=mm&r=g\",\"url\":\"https:\\\/\\\/secure.gravatar.com\\\/avatar\\\/fdd21ad66fd8b98c407f9dee5b5e588cfe7f0d8579ec20fa6527cd59bab7f0f0?s=96&d=mm&r=g\",\"contentUrl\":\"https:\\\/\\\/secure.gravatar.com\\\/avatar\\\/fdd21ad66fd8b98c407f9dee5b5e588cfe7f0d8579ec20fa6527cd59bab7f0f0?s=96&d=mm&r=g\",\"caption\":\"Staff\"},\"url\":\"https:\\\/\\\/www.bbmnoticias.com\\\/labravaradiofm\\\/author\\\/redaccion\\\/\"}]}<\/script>\n<!-- \/ Yoast SEO plugin. -->","yoast_head_json":{"title":"Inauguran el Primer Taller de Periodismo Estudiantil en la Hemeroteca P\u00fablica de Oaxaca - LA BRAVA RADIO","robots":{"index":"index","follow":"follow","max-snippet":"max-snippet:-1","max-image-preview":"max-image-preview:large","max-video-preview":"max-video-preview:-1"},"canonical":"https:\/\/www.bbmnoticias.com\/inauguran-el-primer-taller-de-periodismo-estudiantil-en-la-hemeroteca-publica-de-oaxaca\/","og_locale":"es_MX","og_type":"article","og_title":"Inauguran el Primer Taller de Periodismo Estudiantil en la Hemeroteca P\u00fablica de Oaxaca - LA BRAVA RADIO","og_description":"Con la participaci\u00f3n de estudiantes de bachillerato interesados en el ejercicio informativo, fue inaugurado el Primer Taller de Periodismo Estudiantil, iniciativa impulsada por el Conversatorio de Periodismo, el Club de Lectura de Periodismo \u201cWilfrido L\u00f3pez Torres\u201d y la Hemeroteca P\u00fablica de Oaxaca \u201cN\u00e9stor S\u00e1nchez Hern\u00e1ndez\u201d. De acuerdo a los organizadores, el proyecto busca acercar a [&hellip;]","og_url":"https:\/\/www.bbmnoticias.com\/inauguran-el-primer-taller-de-periodismo-estudiantil-en-la-hemeroteca-publica-de-oaxaca\/","og_site_name":"LA BRAVA RADIO","article_published_time":"2026-03-17T19:15:27+00:00","article_modified_time":"2026-03-17T19:15:38+00:00","og_image":[{"width":800,"height":533,"url":"https:\/\/www.bbmnoticias.com\/labravaradiofm\/wp-content\/uploads\/sites\/5\/2026\/03\/curso_periodismo.jpg","type":"image\/jpeg"}],"author":"Staff","twitter_card":"summary_large_image","twitter_misc":{"Escrito por":"Staff","Tiempo de lectura":"2 minutos"},"schema":{"@context":"https:\/\/schema.org","@graph":[{"@type":"Article","@id":"https:\/\/www.bbmnoticias.com\/inauguran-el-primer-taller-de-periodismo-estudiantil-en-la-hemeroteca-publica-de-oaxaca\/#article","isPartOf":{"@id":"https:\/\/www.bbmnoticias.com\/labravaradiofm\/2026\/03\/17\/inauguran-el-primer-taller-de-periodismo-estudiantil-en-la-hemeroteca-publica-de-oaxaca\/"},"author":{"name":"Staff","@id":"https:\/\/www.bbmnoticias.com\/labravaradiofm\/#\/schema\/person\/34b139c617a70ea5bef5678bffe4dd7b"},"headline":"Inauguran el Primer Taller de Periodismo Estudiantil en la Hemeroteca P\u00fablica de Oaxaca","datePublished":"2026-03-17T19:15:27+00:00","dateModified":"2026-03-17T19:15:38+00:00","mainEntityOfPage":{"@id":"https:\/\/www.bbmnoticias.com\/labravaradiofm\/2026\/03\/17\/inauguran-el-primer-taller-de-periodismo-estudiantil-en-la-hemeroteca-publica-de-oaxaca\/"},"wordCount":481,"image":{"@id":"https:\/\/www.bbmnoticias.com\/inauguran-el-primer-taller-de-periodismo-estudiantil-en-la-hemeroteca-publica-de-oaxaca\/#primaryimage"},"thumbnailUrl":"https:\/\/www.bbmnoticias.com\/labravaradiofm\/wp-content\/uploads\/sites\/5\/2026\/03\/curso_periodismo.jpg","articleSection":["LOCAL"],"inLanguage":"es"},{"@type":"WebPage","@id":"https:\/\/www.bbmnoticias.com\/labravaradiofm\/2026\/03\/17\/inauguran-el-primer-taller-de-periodismo-estudiantil-en-la-hemeroteca-publica-de-oaxaca\/","url":"https:\/\/www.bbmnoticias.com\/inauguran-el-primer-taller-de-periodismo-estudiantil-en-la-hemeroteca-publica-de-oaxaca\/","name":"Inauguran el Primer Taller de Periodismo Estudiantil en la Hemeroteca P\u00fablica de Oaxaca - LA BRAVA RADIO","isPartOf":{"@id":"https:\/\/www.bbmnoticias.com\/labravaradiofm\/#website"},"primaryImageOfPage":{"@id":"https:\/\/www.bbmnoticias.com\/inauguran-el-primer-taller-de-periodismo-estudiantil-en-la-hemeroteca-publica-de-oaxaca\/#primaryimage"},"image":{"@id":"https:\/\/www.bbmnoticias.com\/inauguran-el-primer-taller-de-periodismo-estudiantil-en-la-hemeroteca-publica-de-oaxaca\/#primaryimage"},"thumbnailUrl":"https:\/\/www.bbmnoticias.com\/labravaradiofm\/wp-content\/uploads\/sites\/5\/2026\/03\/curso_periodismo.jpg","datePublished":"2026-03-17T19:15:27+00:00","dateModified":"2026-03-17T19:15:38+00:00","author":{"@id":"https:\/\/www.bbmnoticias.com\/labravaradiofm\/#\/schema\/person\/34b139c617a70ea5bef5678bffe4dd7b"},"breadcrumb":{"@id":"https:\/\/www.bbmnoticias.com\/inauguran-el-primer-taller-de-periodismo-estudiantil-en-la-hemeroteca-publica-de-oaxaca\/#breadcrumb"},"inLanguage":"es","potentialAction":[{"@type":"ReadAction","target":["https:\/\/www.bbmnoticias.com\/inauguran-el-primer-taller-de-periodismo-estudiantil-en-la-hemeroteca-publica-de-oaxaca\/"]}]},{"@type":"ImageObject","inLanguage":"es","@id":"https:\/\/www.bbmnoticias.com\/inauguran-el-primer-taller-de-periodismo-estudiantil-en-la-hemeroteca-publica-de-oaxaca\/#primaryimage","url":"https:\/\/www.bbmnoticias.com\/labravaradiofm\/wp-content\/uploads\/sites\/5\/2026\/03\/curso_periodismo.jpg","contentUrl":"https:\/\/www.bbmnoticias.com\/labravaradiofm\/wp-content\/uploads\/sites\/5\/2026\/03\/curso_periodismo.jpg","width":800,"height":533},{"@type":"BreadcrumbList","@id":"https:\/\/www.bbmnoticias.com\/inauguran-el-primer-taller-de-periodismo-estudiantil-en-la-hemeroteca-publica-de-oaxaca\/#breadcrumb","itemListElement":[{"@type":"ListItem","position":1,"name":"Inicio","item":"https:\/\/www.bbmnoticias.com\/labravaradiofm\/"},{"@type":"ListItem","position":2,"name":"Inauguran el Primer Taller de Periodismo Estudiantil en la Hemeroteca P\u00fablica de Oaxaca"}]},{"@type":"WebSite","@id":"https:\/\/www.bbmnoticias.com\/labravaradiofm\/#website","url":"https:\/\/www.bbmnoticias.com\/labravaradiofm\/","name":"LA BRAVA RADIO","description":"Empresa productora de medios, Radiodifusi\u00f3n, Noticias, tendencias y todo lo que necesitas saber de la pol\u00edtica mexicana e internacional; entretenimiento, espect\u00e1culos, salud y mucho m\u00e1s.","potentialAction":[{"@type":"SearchAction","target":{"@type":"EntryPoint","urlTemplate":"https:\/\/www.bbmnoticias.com\/labravaradiofm\/?s={search_term_string}"},"query-input":{"@type":"PropertyValueSpecification","valueRequired":true,"valueName":"search_term_string"}}],"inLanguage":"es"},{"@type":"Person","@id":"https:\/\/www.bbmnoticias.com\/labravaradiofm\/#\/schema\/person\/34b139c617a70ea5bef5678bffe4dd7b","name":"Staff","image":{"@type":"ImageObject","inLanguage":"es","@id":"https:\/\/secure.gravatar.com\/avatar\/fdd21ad66fd8b98c407f9dee5b5e588cfe7f0d8579ec20fa6527cd59bab7f0f0?s=96&d=mm&r=g","url":"https:\/\/secure.gravatar.com\/avatar\/fdd21ad66fd8b98c407f9dee5b5e588cfe7f0d8579ec20fa6527cd59bab7f0f0?s=96&d=mm&r=g","contentUrl":"https:\/\/secure.gravatar.com\/avatar\/fdd21ad66fd8b98c407f9dee5b5e588cfe7f0d8579ec20fa6527cd59bab7f0f0?s=96&d=mm&r=g","caption":"Staff"},"url":"https:\/\/www.bbmnoticias.com\/labravaradiofm\/author\/redaccion\/"}]}},"_links":{"self":[{"href":"https:\/\/www.bbmnoticias.com\/labravaradiofm\/wp-json\/wp\/v2\/posts\/75254","targetHints":{"allow":["GET"]}}],"collection":[{"href":"https:\/\/www.bbmnoticias.com\/labravaradiofm\/wp-json\/wp\/v2\/posts"}],"about":[{"href":"https:\/\/www.bbmnoticias.com\/labravaradiofm\/wp-json\/wp\/v2\/types\/post"}],"author":[{"embeddable":true,"href":"https:\/\/www.bbmnoticias.com\/labravaradiofm\/wp-json\/wp\/v2\/users\/2"}],"replies":[{"embeddable":true,"href":"https:\/\/www.bbmnoticias.com\/labravaradiofm\/wp-json\/wp\/v2\/comments?post=75254"}],"version-history":[{"count":1,"href":"https:\/\/www.bbmnoticias.com\/labravaradiofm\/wp-json\/wp\/v2\/posts\/75254\/revisions"}],"predecessor-version":[{"id":75255,"href":"https:\/\/www.bbmnoticias.com\/labravaradiofm\/wp-json\/wp\/v2\/posts\/75254\/revisions\/75255"}],"wp:featuredmedia":[{"embeddable":true,"href":"https:\/\/www.bbmnoticias.com\/labravaradiofm\/wp-json\/wp\/v2\/media\/75256"}],"wp:attachment":[{"href":"https:\/\/www.bbmnoticias.com\/labravaradiofm\/wp-json\/wp\/v2\/media?parent=75254"}],"wp:term":[{"taxonomy":"category","embeddable":true,"href":"https:\/\/www.bbmnoticias.com\/labravaradiofm\/wp-json\/wp\/v2\/categories?post=75254"},{"taxonomy":"post_tag","embeddable":true,"href":"https:\/\/www.bbmnoticias.com\/labravaradiofm\/wp-json\/wp\/v2\/tags?post=75254"}],"curies":[{"name":"wp","href":"https:\/\/api.w.org\/{rel}","templated":true}]}}