{"id":75248,"date":"2026-03-17T10:42:59","date_gmt":"2026-03-17T16:42:59","guid":{"rendered":"https:\/\/www.bbmnoticias.com\/labravaradiofm\/2026\/03\/17\/confirma-salud-segunda-muerte-por-sarampion-e-investiga-posible-tercera\/"},"modified":"2026-03-17T10:43:02","modified_gmt":"2026-03-17T16:43:02","slug":"confirma-salud-segunda-muerte-por-sarampion-e-investiga-posible-tercera","status":"publish","type":"post","link":"https:\/\/www.bbmnoticias.com\/labravaradiofm\/2026\/03\/17\/confirma-salud-segunda-muerte-por-sarampion-e-investiga-posible-tercera\/","title":{"rendered":"Confirma Salud segunda muerte por sarampi\u00f3n e investiga posible tercera"},"content":{"rendered":"<div style=\"margin-top: 0px; margin-bottom: 0px;\" class=\"sharethis-inline-share-buttons\" ><\/div>\n<p>La Secretar\u00eda de Salud local confirm\u00f3 la segunda muerte de una menor de edad por sarampi\u00f3n en la Ciudad de M\u00e9xico, e inform\u00f3 que un deceso m\u00e1s est\u00e1 en proceso de investigaci\u00f3n.<\/p>\n\n\n\n<p>La titular de la dependencia, Nadine Gasman Zylbermann, detall\u00f3 que se trata de una ni\u00f1a sin vacunaci\u00f3n de siete meses que falleci\u00f3 el 9 de marzo. \u201cTuvo sepsis y neumon\u00eda y el comit\u00e9 dictamin\u00f3 que fue por causa de sarampi\u00f3n\u201d, apunt\u00f3.<\/p>\n\n\n\n<p>El primer caso registrado en la capital fue de una beb\u00e9 de 14 meses, que falleci\u00f3 en diciembre del a\u00f1o pasado.<\/p>\n\n\n\n<p>La funcionaria precis\u00f3 que hasta el momento se han identificado 576 casos de la enfermedad, 79 m\u00e1s que los reportados hace seis d\u00edas. Del total, 69 por ciento no contaban con antecedentes de vacunaci\u00f3n, por lo que reiter\u00f3 el llamado a aplicarse el biol\u00f3gico en los diferentes puntos desplegados en la Ciudad de M\u00e9xico.<\/p>\n\n\n\n<p><strong>No soltar el tema<\/strong><\/p>\n\n\n\n<p>Las autoridades capitalinas se\u00f1alaron que en los d\u00edas recientes ha disminuido el n\u00famero de personas que acuden a vacunarse, \u201cpero no dejemos este tema, el sarampi\u00f3n sigue subiendo. No tenemos un brote agudo, dig\u00e1moslo as\u00ed, lo que tenemos es un crecimiento controlado, pero es un crecimiento\u201d, advirtieron.<\/p>\n\n\n\n<p>Destacaron que no se ha disparado esta enfermedad repentinamente como en otras entidades del pa\u00eds gracias a la vacunaci\u00f3n, pero dado que esta ciudad es la que tiene un mayor n\u00famero de habitantes, \u201cpr\u00e1cticamente por aritm\u00e9tica nos van a tocar m\u00e1s casos\u201d, expusieron.<\/p>\n\n\n\n<p>Gasman Zylbermann record\u00f3 que ni\u00f1as y ni\u00f1os deben completar su esquema con dos dosis antes de los 13 a\u00f1os, mientras las personas de entre 13 y 49 a\u00f1os que tengan dudas sobre su vacunaci\u00f3n pueden aplicarse la dosis de manera segura. \u201cLa invitaci\u00f3n es acudir a vacunarse y protegerse\u201d, se\u00f1al\u00f3.<\/p>\n\n\n\n<p><strong>Vacunaci\u00f3n en marcha<\/strong><\/p>\n\n\n\n<p>Como parte del operativo, desde el a\u00f1o pasado se han aplicado un mill\u00f3n 801 mil 654 dosis. Tan s\u00f3lo desde el relanzamiento de la campa\u00f1a de vacunaci\u00f3n, el pasado 8 de febrero, se han administrado 880 mil 568 vacunas, y \u00fanicamente en la semana del 9 al 15 de marzo se aplicaron 94 mil 803 dosis.<\/p>\n\n\n\n<p>La Secretar\u00eda de Salud indic\u00f3 que contin\u00faan habilitados m\u00f3dulos de vacunaci\u00f3n en toda la ciudad. La mayor\u00eda opera de 9 a 14 horas, mientras 20 m\u00f3dulos cuentan con horario extendido de 9 a 22 horas, modalidad que, seg\u00fan autoridades, ha permitido incrementar la vacunaci\u00f3n vespertina y ampliar la cobertura preventiva.<\/p>\n","protected":false},"excerpt":{"rendered":"<p>La Secretar\u00eda de Salud local confirm\u00f3 la segunda muerte de una menor de edad por sarampi\u00f3n en la Ciudad de M\u00e9xico, e inform\u00f3 que un deceso m\u00e1s est\u00e1 en proceso de investigaci\u00f3n. La titular de la dependencia, Nadine Gasman Zylbermann, detall\u00f3 que se trata de una ni\u00f1a sin vacunaci\u00f3n de siete meses que falleci\u00f3 el [&hellip;]<\/p>\n","protected":false},"author":4,"featured_media":75250,"comment_status":"closed","ping_status":"open","sticky":false,"template":"","format":"standard","meta":{"footnotes":""},"categories":[2,19],"tags":[],"class_list":{"0":"post-75248","1":"post","2":"type-post","3":"status-publish","4":"format-standard","5":"has-post-thumbnail","7":"category-oaxaca","8":"category-nacional"},"yoast_head":"<!-- This site is optimized with the Yoast SEO plugin v27.4 - https:\/\/yoast.com\/product\/yoast-seo-wordpress\/ -->\n<title>Confirma Salud segunda muerte por sarampi\u00f3n e investiga posible tercera - LA BRAVA RADIO<\/title>\n<meta name=\"robots\" content=\"index, follow, max-snippet:-1, max-image-preview:large, max-video-preview:-1\" \/>\n<link rel=\"canonical\" href=\"https:\/\/www.bbmnoticias.com\/confirma-salud-segunda-muerte-por-sarampion-e-investiga-posible-tercera\/\" \/>\n<meta property=\"og:locale\" content=\"es_MX\" \/>\n<meta property=\"og:type\" content=\"article\" \/>\n<meta property=\"og:title\" content=\"Confirma Salud segunda muerte por sarampi\u00f3n e investiga posible tercera - LA BRAVA RADIO\" \/>\n<meta property=\"og:description\" content=\"La Secretar\u00eda de Salud local confirm\u00f3 la segunda muerte de una menor de edad por sarampi\u00f3n en la Ciudad de M\u00e9xico, e inform\u00f3 que un deceso m\u00e1s est\u00e1 en proceso de investigaci\u00f3n. La titular de la dependencia, Nadine Gasman Zylbermann, detall\u00f3 que se trata de una ni\u00f1a sin vacunaci\u00f3n de siete meses que falleci\u00f3 el [&hellip;]\" \/>\n<meta property=\"og:url\" content=\"https:\/\/www.bbmnoticias.com\/confirma-salud-segunda-muerte-por-sarampion-e-investiga-posible-tercera\/\" \/>\n<meta property=\"og:site_name\" content=\"LA BRAVA RADIO\" \/>\n<meta property=\"article:published_time\" content=\"2026-03-17T16:42:59+00:00\" \/>\n<meta property=\"article:modified_time\" content=\"2026-03-17T16:43:02+00:00\" \/>\n<meta property=\"og:image\" content=\"https:\/\/www.bbmnoticias.com\/labravaradiofm\/wp-content\/uploads\/sites\/5\/2026\/03\/confirma-salud-segunda-muerte-por-sarampion-e-investiga-posible-tercera.webp\" \/>\n\t<meta property=\"og:image:width\" content=\"1200\" \/>\n\t<meta property=\"og:image:height\" content=\"798\" \/>\n\t<meta property=\"og:image:type\" content=\"image\/webp\" \/>\n<meta name=\"author\" content=\"Agencias\" \/>\n<meta name=\"twitter:card\" content=\"summary_large_image\" \/>\n<meta name=\"twitter:label1\" content=\"Escrito por\" \/>\n\t<meta name=\"twitter:data1\" content=\"Agencias\" \/>\n\t<meta name=\"twitter:label2\" content=\"Tiempo de lectura\" \/>\n\t<meta name=\"twitter:data2\" content=\"2 minutos\" \/>\n<script type=\"application\/ld+json\" class=\"yoast-schema-graph\">{\"@context\":\"https:\\\/\\\/schema.org\",\"@graph\":[{\"@type\":\"Article\",\"@id\":\"https:\\\/\\\/www.bbmnoticias.com\\\/confirma-salud-segunda-muerte-por-sarampion-e-investiga-posible-tercera\\\/#article\",\"isPartOf\":{\"@id\":\"https:\\\/\\\/www.bbmnoticias.com\\\/labravaradiofm\\\/2026\\\/03\\\/17\\\/confirma-salud-segunda-muerte-por-sarampion-e-investiga-posible-tercera\\\/\"},\"author\":{\"name\":\"Agencias\",\"@id\":\"https:\\\/\\\/www.bbmnoticias.com\\\/labravaradiofm\\\/#\\\/schema\\\/person\\\/857a3daf5c8142f29919023f377fbfad\"},\"headline\":\"Confirma Salud segunda muerte por sarampi\u00f3n e investiga posible tercera\",\"datePublished\":\"2026-03-17T16:42:59+00:00\",\"dateModified\":\"2026-03-17T16:43:02+00:00\",\"mainEntityOfPage\":{\"@id\":\"https:\\\/\\\/www.bbmnoticias.com\\\/labravaradiofm\\\/2026\\\/03\\\/17\\\/confirma-salud-segunda-muerte-por-sarampion-e-investiga-posible-tercera\\\/\"},\"wordCount\":437,\"image\":{\"@id\":\"https:\\\/\\\/www.bbmnoticias.com\\\/confirma-salud-segunda-muerte-por-sarampion-e-investiga-posible-tercera\\\/#primaryimage\"},\"thumbnailUrl\":\"https:\\\/\\\/www.bbmnoticias.com\\\/labravaradiofm\\\/wp-content\\\/uploads\\\/sites\\\/5\\\/2026\\\/03\\\/confirma-salud-segunda-muerte-por-sarampion-e-investiga-posible-tercera.webp\",\"articleSection\":[\"LOCAL\",\"NACIONAL\"],\"inLanguage\":\"es\"},{\"@type\":\"WebPage\",\"@id\":\"https:\\\/\\\/www.bbmnoticias.com\\\/labravaradiofm\\\/2026\\\/03\\\/17\\\/confirma-salud-segunda-muerte-por-sarampion-e-investiga-posible-tercera\\\/\",\"url\":\"https:\\\/\\\/www.bbmnoticias.com\\\/confirma-salud-segunda-muerte-por-sarampion-e-investiga-posible-tercera\\\/\",\"name\":\"Confirma Salud segunda muerte por sarampi\u00f3n e investiga posible tercera - LA BRAVA RADIO\",\"isPartOf\":{\"@id\":\"https:\\\/\\\/www.bbmnoticias.com\\\/labravaradiofm\\\/#website\"},\"primaryImageOfPage\":{\"@id\":\"https:\\\/\\\/www.bbmnoticias.com\\\/confirma-salud-segunda-muerte-por-sarampion-e-investiga-posible-tercera\\\/#primaryimage\"},\"image\":{\"@id\":\"https:\\\/\\\/www.bbmnoticias.com\\\/confirma-salud-segunda-muerte-por-sarampion-e-investiga-posible-tercera\\\/#primaryimage\"},\"thumbnailUrl\":\"https:\\\/\\\/www.bbmnoticias.com\\\/labravaradiofm\\\/wp-content\\\/uploads\\\/sites\\\/5\\\/2026\\\/03\\\/confirma-salud-segunda-muerte-por-sarampion-e-investiga-posible-tercera.webp\",\"datePublished\":\"2026-03-17T16:42:59+00:00\",\"dateModified\":\"2026-03-17T16:43:02+00:00\",\"author\":{\"@id\":\"https:\\\/\\\/www.bbmnoticias.com\\\/labravaradiofm\\\/#\\\/schema\\\/person\\\/857a3daf5c8142f29919023f377fbfad\"},\"breadcrumb\":{\"@id\":\"https:\\\/\\\/www.bbmnoticias.com\\\/confirma-salud-segunda-muerte-por-sarampion-e-investiga-posible-tercera\\\/#breadcrumb\"},\"inLanguage\":\"es\",\"potentialAction\":[{\"@type\":\"ReadAction\",\"target\":[\"https:\\\/\\\/www.bbmnoticias.com\\\/confirma-salud-segunda-muerte-por-sarampion-e-investiga-posible-tercera\\\/\"]}]},{\"@type\":\"ImageObject\",\"inLanguage\":\"es\",\"@id\":\"https:\\\/\\\/www.bbmnoticias.com\\\/confirma-salud-segunda-muerte-por-sarampion-e-investiga-posible-tercera\\\/#primaryimage\",\"url\":\"https:\\\/\\\/www.bbmnoticias.com\\\/labravaradiofm\\\/wp-content\\\/uploads\\\/sites\\\/5\\\/2026\\\/03\\\/confirma-salud-segunda-muerte-por-sarampion-e-investiga-posible-tercera.webp\",\"contentUrl\":\"https:\\\/\\\/www.bbmnoticias.com\\\/labravaradiofm\\\/wp-content\\\/uploads\\\/sites\\\/5\\\/2026\\\/03\\\/confirma-salud-segunda-muerte-por-sarampion-e-investiga-posible-tercera.webp\",\"width\":1200,\"height\":798},{\"@type\":\"BreadcrumbList\",\"@id\":\"https:\\\/\\\/www.bbmnoticias.com\\\/confirma-salud-segunda-muerte-por-sarampion-e-investiga-posible-tercera\\\/#breadcrumb\",\"itemListElement\":[{\"@type\":\"ListItem\",\"position\":1,\"name\":\"Inicio\",\"item\":\"https:\\\/\\\/www.bbmnoticias.com\\\/labravaradiofm\\\/\"},{\"@type\":\"ListItem\",\"position\":2,\"name\":\"Confirma Salud segunda muerte por sarampi\u00f3n e investiga posible tercera\"}]},{\"@type\":\"WebSite\",\"@id\":\"https:\\\/\\\/www.bbmnoticias.com\\\/labravaradiofm\\\/#website\",\"url\":\"https:\\\/\\\/www.bbmnoticias.com\\\/labravaradiofm\\\/\",\"name\":\"LA BRAVA RADIO\",\"description\":\"Empresa productora de medios, Radiodifusi\u00f3n, Noticias, tendencias y todo lo que necesitas saber de la pol\u00edtica mexicana e internacional; entretenimiento, espect\u00e1culos, salud y mucho m\u00e1s.\",\"potentialAction\":[{\"@type\":\"SearchAction\",\"target\":{\"@type\":\"EntryPoint\",\"urlTemplate\":\"https:\\\/\\\/www.bbmnoticias.com\\\/labravaradiofm\\\/?s={search_term_string}\"},\"query-input\":{\"@type\":\"PropertyValueSpecification\",\"valueRequired\":true,\"valueName\":\"search_term_string\"}}],\"inLanguage\":\"es\"},{\"@type\":\"Person\",\"@id\":\"https:\\\/\\\/www.bbmnoticias.com\\\/labravaradiofm\\\/#\\\/schema\\\/person\\\/857a3daf5c8142f29919023f377fbfad\",\"name\":\"Agencias\",\"image\":{\"@type\":\"ImageObject\",\"inLanguage\":\"es\",\"@id\":\"https:\\\/\\\/secure.gravatar.com\\\/avatar\\\/739e0b61adf9e398b425c36718c8752286da0e8cd90f20ce9a86678abc26aa0d?s=96&d=mm&r=g\",\"url\":\"https:\\\/\\\/secure.gravatar.com\\\/avatar\\\/739e0b61adf9e398b425c36718c8752286da0e8cd90f20ce9a86678abc26aa0d?s=96&d=mm&r=g\",\"contentUrl\":\"https:\\\/\\\/secure.gravatar.com\\\/avatar\\\/739e0b61adf9e398b425c36718c8752286da0e8cd90f20ce9a86678abc26aa0d?s=96&d=mm&r=g\",\"caption\":\"Agencias\"},\"url\":\"https:\\\/\\\/www.bbmnoticias.com\\\/labravaradiofm\\\/author\\\/agencias\\\/\"}]}<\/script>\n<!-- \/ Yoast SEO plugin. -->","yoast_head_json":{"title":"Confirma Salud segunda muerte por sarampi\u00f3n e investiga posible tercera - LA BRAVA RADIO","robots":{"index":"index","follow":"follow","max-snippet":"max-snippet:-1","max-image-preview":"max-image-preview:large","max-video-preview":"max-video-preview:-1"},"canonical":"https:\/\/www.bbmnoticias.com\/confirma-salud-segunda-muerte-por-sarampion-e-investiga-posible-tercera\/","og_locale":"es_MX","og_type":"article","og_title":"Confirma Salud segunda muerte por sarampi\u00f3n e investiga posible tercera - LA BRAVA RADIO","og_description":"La Secretar\u00eda de Salud local confirm\u00f3 la segunda muerte de una menor de edad por sarampi\u00f3n en la Ciudad de M\u00e9xico, e inform\u00f3 que un deceso m\u00e1s est\u00e1 en proceso de investigaci\u00f3n. La titular de la dependencia, Nadine Gasman Zylbermann, detall\u00f3 que se trata de una ni\u00f1a sin vacunaci\u00f3n de siete meses que falleci\u00f3 el [&hellip;]","og_url":"https:\/\/www.bbmnoticias.com\/confirma-salud-segunda-muerte-por-sarampion-e-investiga-posible-tercera\/","og_site_name":"LA BRAVA RADIO","article_published_time":"2026-03-17T16:42:59+00:00","article_modified_time":"2026-03-17T16:43:02+00:00","og_image":[{"width":1200,"height":798,"url":"https:\/\/www.bbmnoticias.com\/labravaradiofm\/wp-content\/uploads\/sites\/5\/2026\/03\/confirma-salud-segunda-muerte-por-sarampion-e-investiga-posible-tercera.webp","type":"image\/webp"}],"author":"Agencias","twitter_card":"summary_large_image","twitter_misc":{"Escrito por":"Agencias","Tiempo de lectura":"2 minutos"},"schema":{"@context":"https:\/\/schema.org","@graph":[{"@type":"Article","@id":"https:\/\/www.bbmnoticias.com\/confirma-salud-segunda-muerte-por-sarampion-e-investiga-posible-tercera\/#article","isPartOf":{"@id":"https:\/\/www.bbmnoticias.com\/labravaradiofm\/2026\/03\/17\/confirma-salud-segunda-muerte-por-sarampion-e-investiga-posible-tercera\/"},"author":{"name":"Agencias","@id":"https:\/\/www.bbmnoticias.com\/labravaradiofm\/#\/schema\/person\/857a3daf5c8142f29919023f377fbfad"},"headline":"Confirma Salud segunda muerte por sarampi\u00f3n e investiga posible tercera","datePublished":"2026-03-17T16:42:59+00:00","dateModified":"2026-03-17T16:43:02+00:00","mainEntityOfPage":{"@id":"https:\/\/www.bbmnoticias.com\/labravaradiofm\/2026\/03\/17\/confirma-salud-segunda-muerte-por-sarampion-e-investiga-posible-tercera\/"},"wordCount":437,"image":{"@id":"https:\/\/www.bbmnoticias.com\/confirma-salud-segunda-muerte-por-sarampion-e-investiga-posible-tercera\/#primaryimage"},"thumbnailUrl":"https:\/\/www.bbmnoticias.com\/labravaradiofm\/wp-content\/uploads\/sites\/5\/2026\/03\/confirma-salud-segunda-muerte-por-sarampion-e-investiga-posible-tercera.webp","articleSection":["LOCAL","NACIONAL"],"inLanguage":"es"},{"@type":"WebPage","@id":"https:\/\/www.bbmnoticias.com\/labravaradiofm\/2026\/03\/17\/confirma-salud-segunda-muerte-por-sarampion-e-investiga-posible-tercera\/","url":"https:\/\/www.bbmnoticias.com\/confirma-salud-segunda-muerte-por-sarampion-e-investiga-posible-tercera\/","name":"Confirma Salud segunda muerte por sarampi\u00f3n e investiga posible tercera - LA BRAVA RADIO","isPartOf":{"@id":"https:\/\/www.bbmnoticias.com\/labravaradiofm\/#website"},"primaryImageOfPage":{"@id":"https:\/\/www.bbmnoticias.com\/confirma-salud-segunda-muerte-por-sarampion-e-investiga-posible-tercera\/#primaryimage"},"image":{"@id":"https:\/\/www.bbmnoticias.com\/confirma-salud-segunda-muerte-por-sarampion-e-investiga-posible-tercera\/#primaryimage"},"thumbnailUrl":"https:\/\/www.bbmnoticias.com\/labravaradiofm\/wp-content\/uploads\/sites\/5\/2026\/03\/confirma-salud-segunda-muerte-por-sarampion-e-investiga-posible-tercera.webp","datePublished":"2026-03-17T16:42:59+00:00","dateModified":"2026-03-17T16:43:02+00:00","author":{"@id":"https:\/\/www.bbmnoticias.com\/labravaradiofm\/#\/schema\/person\/857a3daf5c8142f29919023f377fbfad"},"breadcrumb":{"@id":"https:\/\/www.bbmnoticias.com\/confirma-salud-segunda-muerte-por-sarampion-e-investiga-posible-tercera\/#breadcrumb"},"inLanguage":"es","potentialAction":[{"@type":"ReadAction","target":["https:\/\/www.bbmnoticias.com\/confirma-salud-segunda-muerte-por-sarampion-e-investiga-posible-tercera\/"]}]},{"@type":"ImageObject","inLanguage":"es","@id":"https:\/\/www.bbmnoticias.com\/confirma-salud-segunda-muerte-por-sarampion-e-investiga-posible-tercera\/#primaryimage","url":"https:\/\/www.bbmnoticias.com\/labravaradiofm\/wp-content\/uploads\/sites\/5\/2026\/03\/confirma-salud-segunda-muerte-por-sarampion-e-investiga-posible-tercera.webp","contentUrl":"https:\/\/www.bbmnoticias.com\/labravaradiofm\/wp-content\/uploads\/sites\/5\/2026\/03\/confirma-salud-segunda-muerte-por-sarampion-e-investiga-posible-tercera.webp","width":1200,"height":798},{"@type":"BreadcrumbList","@id":"https:\/\/www.bbmnoticias.com\/confirma-salud-segunda-muerte-por-sarampion-e-investiga-posible-tercera\/#breadcrumb","itemListElement":[{"@type":"ListItem","position":1,"name":"Inicio","item":"https:\/\/www.bbmnoticias.com\/labravaradiofm\/"},{"@type":"ListItem","position":2,"name":"Confirma Salud segunda muerte por sarampi\u00f3n e investiga posible tercera"}]},{"@type":"WebSite","@id":"https:\/\/www.bbmnoticias.com\/labravaradiofm\/#website","url":"https:\/\/www.bbmnoticias.com\/labravaradiofm\/","name":"LA BRAVA RADIO","description":"Empresa productora de medios, Radiodifusi\u00f3n, Noticias, tendencias y todo lo que necesitas saber de la pol\u00edtica mexicana e internacional; entretenimiento, espect\u00e1culos, salud y mucho m\u00e1s.","potentialAction":[{"@type":"SearchAction","target":{"@type":"EntryPoint","urlTemplate":"https:\/\/www.bbmnoticias.com\/labravaradiofm\/?s={search_term_string}"},"query-input":{"@type":"PropertyValueSpecification","valueRequired":true,"valueName":"search_term_string"}}],"inLanguage":"es"},{"@type":"Person","@id":"https:\/\/www.bbmnoticias.com\/labravaradiofm\/#\/schema\/person\/857a3daf5c8142f29919023f377fbfad","name":"Agencias","image":{"@type":"ImageObject","inLanguage":"es","@id":"https:\/\/secure.gravatar.com\/avatar\/739e0b61adf9e398b425c36718c8752286da0e8cd90f20ce9a86678abc26aa0d?s=96&d=mm&r=g","url":"https:\/\/secure.gravatar.com\/avatar\/739e0b61adf9e398b425c36718c8752286da0e8cd90f20ce9a86678abc26aa0d?s=96&d=mm&r=g","contentUrl":"https:\/\/secure.gravatar.com\/avatar\/739e0b61adf9e398b425c36718c8752286da0e8cd90f20ce9a86678abc26aa0d?s=96&d=mm&r=g","caption":"Agencias"},"url":"https:\/\/www.bbmnoticias.com\/labravaradiofm\/author\/agencias\/"}]}},"_links":{"self":[{"href":"https:\/\/www.bbmnoticias.com\/labravaradiofm\/wp-json\/wp\/v2\/posts\/75248","targetHints":{"allow":["GET"]}}],"collection":[{"href":"https:\/\/www.bbmnoticias.com\/labravaradiofm\/wp-json\/wp\/v2\/posts"}],"about":[{"href":"https:\/\/www.bbmnoticias.com\/labravaradiofm\/wp-json\/wp\/v2\/types\/post"}],"author":[{"embeddable":true,"href":"https:\/\/www.bbmnoticias.com\/labravaradiofm\/wp-json\/wp\/v2\/users\/4"}],"replies":[{"embeddable":true,"href":"https:\/\/www.bbmnoticias.com\/labravaradiofm\/wp-json\/wp\/v2\/comments?post=75248"}],"version-history":[{"count":1,"href":"https:\/\/www.bbmnoticias.com\/labravaradiofm\/wp-json\/wp\/v2\/posts\/75248\/revisions"}],"predecessor-version":[{"id":75249,"href":"https:\/\/www.bbmnoticias.com\/labravaradiofm\/wp-json\/wp\/v2\/posts\/75248\/revisions\/75249"}],"wp:featuredmedia":[{"embeddable":true,"href":"https:\/\/www.bbmnoticias.com\/labravaradiofm\/wp-json\/wp\/v2\/media\/75250"}],"wp:attachment":[{"href":"https:\/\/www.bbmnoticias.com\/labravaradiofm\/wp-json\/wp\/v2\/media?parent=75248"}],"wp:term":[{"taxonomy":"category","embeddable":true,"href":"https:\/\/www.bbmnoticias.com\/labravaradiofm\/wp-json\/wp\/v2\/categories?post=75248"},{"taxonomy":"post_tag","embeddable":true,"href":"https:\/\/www.bbmnoticias.com\/labravaradiofm\/wp-json\/wp\/v2\/tags?post=75248"}],"curies":[{"name":"wp","href":"https:\/\/api.w.org\/{rel}","templated":true}]}}