{"id":75242,"date":"2026-03-17T10:26:06","date_gmt":"2026-03-17T16:26:06","guid":{"rendered":"https:\/\/www.bbmnoticias.com\/labravaradiofm\/2026\/03\/17\/desactivan-bloqueos-en-la-capital-oaxaquena-manifestantes-causan-danos-a-vehiculos-particulares-y-autobuses\/"},"modified":"2026-03-17T10:26:09","modified_gmt":"2026-03-17T16:26:09","slug":"desactivan-bloqueos-en-la-capital-oaxaquena-manifestantes-causan-danos-a-vehiculos-particulares-y-autobuses","status":"publish","type":"post","link":"https:\/\/www.bbmnoticias.com\/labravaradiofm\/2026\/03\/17\/desactivan-bloqueos-en-la-capital-oaxaquena-manifestantes-causan-danos-a-vehiculos-particulares-y-autobuses\/","title":{"rendered":"Desactivan bloqueos en la capital oaxaque\u00f1a; manifestantes causan da\u00f1os a veh\u00edculos particulares y autobuses"},"content":{"rendered":"<div style=\"margin-top: 0px; margin-bottom: 0px;\" class=\"sharethis-inline-share-buttons\" ><\/div>\n<p>Luego de que integrantes del <strong>Frente de Organizaciones Oaxaque\u00f1as<\/strong> (FORO) ignoraran un ultim\u00e1tum de di\u00e1logo, el <strong>Gobierno del Estado<\/strong> despleg\u00f3 un <strong>operativo<\/strong> con 600 elementos policiacos para desactivar al menos cinco bloqueos que manten\u00edan paralizada la capital oaxaque\u00f1a.<\/p>\n\n\n\n<p>Durante las acciones, se reportaron confrontaciones y agresiones contra elementos de la corporaci\u00f3n estatal. El comisionado de la polic\u00eda, <strong>Francisco Santiago Garc\u00eda<\/strong>, inform\u00f3 que se registraron da\u00f1os en m\u00e1s de <strong>20 a 25 camiones<\/strong>, entre unidades de la l\u00ednea ADO y veh\u00edculos particulares, por parte de integrantes de dicha agrupaci\u00f3n.&nbsp;<\/p>\n\n\n\n<p>Las afectaciones incluyeron <strong>cristales<\/strong> <strong>rotos<\/strong>, da\u00f1os en <strong>carrocer\u00edas<\/strong> generando <strong>p\u00e9rdidas econ\u00f3micas<\/strong> a\u00fan por cuantificar, adem\u00e1s de afectar a pasajeros y conductores y a ciudadanos que intentaban llegar a sus centros laborales sumado a la poblaci\u00f3n escolar.&nbsp;<\/p>\n\n\n\n<p>Por lo que por el momento han quedado liberadas las v\u00edas de comunicaci\u00f3n de Crucero de Fonapas, crucero de ADO, Cinco Se\u00f1ores, Tecnol\u00f3gico de Oaxaca, Monumento a la Madres entre otros.&nbsp;<\/p>\n\n\n\n<figure class=\"wp-block-image\"><img decoding=\"async\" src=\"https:\/\/heraldodemexico.com.mx\/u\/fotografias\/m\/2026\/3\/17\/f768x1-1259494_1259621_5050.jpeg\" alt=\"\"\/><figcaption class=\"wp-element-caption\">Causan da\u00f1os a autos particulares. Foto: Carina Garc\u00eda<\/figcaption><\/figure>\n\n\n\n<h2 class=\"wp-block-heading\">Operativo tras ultim\u00e1tum ignorado<\/h2>\n\n\n\n<p>De acuerdo con la <strong>Secretar\u00eda de Gobierno de Oaxaca<\/strong>, previo a la intervenci\u00f3n de la <strong>Secretar\u00eda de Seguridad y Protecci\u00f3n Ciudadana<\/strong> de <strong>Oaxaca<\/strong> se intent\u00f3 establecer comunicaci\u00f3n con los manifestantes e incluso se plantearon mecanismos formales de mediaci\u00f3n, los cuales fueron rechazados.<\/p>\n\n\n\n<p>Ante el incremento de afectaciones a la <strong>poblaci\u00f3n<\/strong> \u2014entre ellas interrupciones al transporte p\u00fablico, retrasos laborales y escolares, as\u00ed como bloqueos en vialidades estrat\u00e9gicas\u2014 la autoridad determin\u00f3 ejecutar el operativo bajo protocolos legales para restablecer el libre tr\u00e1nsito.<\/p>\n\n\n\n<h2 class=\"wp-block-heading\">Ciudadanos atrapados en el conflicto<\/h2>\n\n\n\n<p>Los <strong>bloqueos<\/strong> provocaron caos vehicular, suspensi\u00f3n parcial del servicio de transporte y molestias generalizadas entre la poblaci\u00f3n. Comerciantes y automovilistas denunciaron p\u00e9rdidas econ\u00f3micas y largas horas de espera.<\/p>\n\n\n\n<p>El <strong>Gobierno del Estado<\/strong> reiter\u00f3 que su prioridad es garantizar el orden p\u00fablico y evitar que este tipo de acciones contin\u00faen afectando a miles de ciudadanos que nada tienen que ver con las demandas del grupo inconforme.<\/p>\n\n\n\n<p>La tensi\u00f3n en la capital se mantuvo, mientras los <strong>cuerpos de seguridad<\/strong> trabajaban para liberar completamente las vialidades y prevenir nuevos actos de violencia.<\/p>\n","protected":false},"excerpt":{"rendered":"<p>Luego de que integrantes del Frente de Organizaciones Oaxaque\u00f1as (FORO) ignoraran un ultim\u00e1tum de di\u00e1logo, el Gobierno del Estado despleg\u00f3 un operativo con 600 elementos policiacos para desactivar al menos cinco bloqueos que manten\u00edan paralizada la capital oaxaque\u00f1a. Durante las acciones, se reportaron confrontaciones y agresiones contra elementos de la corporaci\u00f3n estatal. El comisionado de [&hellip;]<\/p>\n","protected":false},"author":4,"featured_media":75244,"comment_status":"closed","ping_status":"open","sticky":false,"template":"","format":"standard","meta":{"footnotes":""},"categories":[2],"tags":[],"class_list":{"0":"post-75242","1":"post","2":"type-post","3":"status-publish","4":"format-standard","5":"has-post-thumbnail","7":"category-oaxaca"},"yoast_head":"<!-- This site is optimized with the Yoast SEO plugin v27.4 - https:\/\/yoast.com\/product\/yoast-seo-wordpress\/ -->\n<title>Desactivan bloqueos en la capital oaxaque\u00f1a; manifestantes causan da\u00f1os a veh\u00edculos particulares y autobuses - LA BRAVA RADIO<\/title>\n<meta name=\"robots\" content=\"index, follow, max-snippet:-1, max-image-preview:large, max-video-preview:-1\" \/>\n<link rel=\"canonical\" href=\"https:\/\/www.bbmnoticias.com\/desactivan-bloqueos-en-la-capital-oaxaquena-manifestantes-causan-danos-a-vehiculos-particulares-y-autobuses\/\" \/>\n<meta property=\"og:locale\" content=\"es_MX\" \/>\n<meta property=\"og:type\" content=\"article\" \/>\n<meta property=\"og:title\" content=\"Desactivan bloqueos en la capital oaxaque\u00f1a; manifestantes causan da\u00f1os a veh\u00edculos particulares y autobuses - LA BRAVA RADIO\" \/>\n<meta property=\"og:description\" content=\"Luego de que integrantes del Frente de Organizaciones Oaxaque\u00f1as (FORO) ignoraran un ultim\u00e1tum de di\u00e1logo, el Gobierno del Estado despleg\u00f3 un operativo con 600 elementos policiacos para desactivar al menos cinco bloqueos que manten\u00edan paralizada la capital oaxaque\u00f1a. Durante las acciones, se reportaron confrontaciones y agresiones contra elementos de la corporaci\u00f3n estatal. El comisionado de [&hellip;]\" \/>\n<meta property=\"og:url\" content=\"https:\/\/www.bbmnoticias.com\/desactivan-bloqueos-en-la-capital-oaxaquena-manifestantes-causan-danos-a-vehiculos-particulares-y-autobuses\/\" \/>\n<meta property=\"og:site_name\" content=\"LA BRAVA RADIO\" \/>\n<meta property=\"article:published_time\" content=\"2026-03-17T16:26:06+00:00\" \/>\n<meta property=\"article:modified_time\" content=\"2026-03-17T16:26:09+00:00\" \/>\n<meta property=\"og:image\" content=\"https:\/\/www.bbmnoticias.com\/labravaradiofm\/wp-content\/uploads\/sites\/5\/2026\/03\/ado_crucero.jpg\" \/>\n\t<meta property=\"og:image:width\" content=\"800\" \/>\n\t<meta property=\"og:image:height\" content=\"452\" \/>\n\t<meta property=\"og:image:type\" content=\"image\/jpeg\" \/>\n<meta name=\"author\" content=\"Agencias\" \/>\n<meta name=\"twitter:card\" content=\"summary_large_image\" \/>\n<meta name=\"twitter:label1\" content=\"Escrito por\" \/>\n\t<meta name=\"twitter:data1\" content=\"Agencias\" \/>\n\t<meta name=\"twitter:label2\" content=\"Tiempo de lectura\" \/>\n\t<meta name=\"twitter:data2\" content=\"2 minutos\" \/>\n<script type=\"application\/ld+json\" class=\"yoast-schema-graph\">{\"@context\":\"https:\\\/\\\/schema.org\",\"@graph\":[{\"@type\":\"Article\",\"@id\":\"https:\\\/\\\/www.bbmnoticias.com\\\/desactivan-bloqueos-en-la-capital-oaxaquena-manifestantes-causan-danos-a-vehiculos-particulares-y-autobuses\\\/#article\",\"isPartOf\":{\"@id\":\"https:\\\/\\\/www.bbmnoticias.com\\\/labravaradiofm\\\/2026\\\/03\\\/17\\\/desactivan-bloqueos-en-la-capital-oaxaquena-manifestantes-causan-danos-a-vehiculos-particulares-y-autobuses\\\/\"},\"author\":{\"name\":\"Agencias\",\"@id\":\"https:\\\/\\\/www.bbmnoticias.com\\\/labravaradiofm\\\/#\\\/schema\\\/person\\\/857a3daf5c8142f29919023f377fbfad\"},\"headline\":\"Desactivan bloqueos en la capital oaxaque\u00f1a; manifestantes causan da\u00f1os a veh\u00edculos particulares y autobuses\",\"datePublished\":\"2026-03-17T16:26:06+00:00\",\"dateModified\":\"2026-03-17T16:26:09+00:00\",\"mainEntityOfPage\":{\"@id\":\"https:\\\/\\\/www.bbmnoticias.com\\\/labravaradiofm\\\/2026\\\/03\\\/17\\\/desactivan-bloqueos-en-la-capital-oaxaquena-manifestantes-causan-danos-a-vehiculos-particulares-y-autobuses\\\/\"},\"wordCount\":402,\"image\":{\"@id\":\"https:\\\/\\\/www.bbmnoticias.com\\\/desactivan-bloqueos-en-la-capital-oaxaquena-manifestantes-causan-danos-a-vehiculos-particulares-y-autobuses\\\/#primaryimage\"},\"thumbnailUrl\":\"https:\\\/\\\/www.bbmnoticias.com\\\/labravaradiofm\\\/wp-content\\\/uploads\\\/sites\\\/5\\\/2026\\\/03\\\/ado_crucero.jpg\",\"articleSection\":[\"LOCAL\"],\"inLanguage\":\"es\"},{\"@type\":\"WebPage\",\"@id\":\"https:\\\/\\\/www.bbmnoticias.com\\\/labravaradiofm\\\/2026\\\/03\\\/17\\\/desactivan-bloqueos-en-la-capital-oaxaquena-manifestantes-causan-danos-a-vehiculos-particulares-y-autobuses\\\/\",\"url\":\"https:\\\/\\\/www.bbmnoticias.com\\\/desactivan-bloqueos-en-la-capital-oaxaquena-manifestantes-causan-danos-a-vehiculos-particulares-y-autobuses\\\/\",\"name\":\"Desactivan bloqueos en la capital oaxaque\u00f1a; manifestantes causan da\u00f1os a veh\u00edculos particulares y autobuses - LA BRAVA RADIO\",\"isPartOf\":{\"@id\":\"https:\\\/\\\/www.bbmnoticias.com\\\/labravaradiofm\\\/#website\"},\"primaryImageOfPage\":{\"@id\":\"https:\\\/\\\/www.bbmnoticias.com\\\/desactivan-bloqueos-en-la-capital-oaxaquena-manifestantes-causan-danos-a-vehiculos-particulares-y-autobuses\\\/#primaryimage\"},\"image\":{\"@id\":\"https:\\\/\\\/www.bbmnoticias.com\\\/desactivan-bloqueos-en-la-capital-oaxaquena-manifestantes-causan-danos-a-vehiculos-particulares-y-autobuses\\\/#primaryimage\"},\"thumbnailUrl\":\"https:\\\/\\\/www.bbmnoticias.com\\\/labravaradiofm\\\/wp-content\\\/uploads\\\/sites\\\/5\\\/2026\\\/03\\\/ado_crucero.jpg\",\"datePublished\":\"2026-03-17T16:26:06+00:00\",\"dateModified\":\"2026-03-17T16:26:09+00:00\",\"author\":{\"@id\":\"https:\\\/\\\/www.bbmnoticias.com\\\/labravaradiofm\\\/#\\\/schema\\\/person\\\/857a3daf5c8142f29919023f377fbfad\"},\"breadcrumb\":{\"@id\":\"https:\\\/\\\/www.bbmnoticias.com\\\/desactivan-bloqueos-en-la-capital-oaxaquena-manifestantes-causan-danos-a-vehiculos-particulares-y-autobuses\\\/#breadcrumb\"},\"inLanguage\":\"es\",\"potentialAction\":[{\"@type\":\"ReadAction\",\"target\":[\"https:\\\/\\\/www.bbmnoticias.com\\\/desactivan-bloqueos-en-la-capital-oaxaquena-manifestantes-causan-danos-a-vehiculos-particulares-y-autobuses\\\/\"]}]},{\"@type\":\"ImageObject\",\"inLanguage\":\"es\",\"@id\":\"https:\\\/\\\/www.bbmnoticias.com\\\/desactivan-bloqueos-en-la-capital-oaxaquena-manifestantes-causan-danos-a-vehiculos-particulares-y-autobuses\\\/#primaryimage\",\"url\":\"https:\\\/\\\/www.bbmnoticias.com\\\/labravaradiofm\\\/wp-content\\\/uploads\\\/sites\\\/5\\\/2026\\\/03\\\/ado_crucero.jpg\",\"contentUrl\":\"https:\\\/\\\/www.bbmnoticias.com\\\/labravaradiofm\\\/wp-content\\\/uploads\\\/sites\\\/5\\\/2026\\\/03\\\/ado_crucero.jpg\",\"width\":800,\"height\":452},{\"@type\":\"BreadcrumbList\",\"@id\":\"https:\\\/\\\/www.bbmnoticias.com\\\/desactivan-bloqueos-en-la-capital-oaxaquena-manifestantes-causan-danos-a-vehiculos-particulares-y-autobuses\\\/#breadcrumb\",\"itemListElement\":[{\"@type\":\"ListItem\",\"position\":1,\"name\":\"Inicio\",\"item\":\"https:\\\/\\\/www.bbmnoticias.com\\\/labravaradiofm\\\/\"},{\"@type\":\"ListItem\",\"position\":2,\"name\":\"Desactivan bloqueos en la capital oaxaque\u00f1a; manifestantes causan da\u00f1os a veh\u00edculos particulares y autobuses\"}]},{\"@type\":\"WebSite\",\"@id\":\"https:\\\/\\\/www.bbmnoticias.com\\\/labravaradiofm\\\/#website\",\"url\":\"https:\\\/\\\/www.bbmnoticias.com\\\/labravaradiofm\\\/\",\"name\":\"LA BRAVA RADIO\",\"description\":\"Empresa productora de medios, Radiodifusi\u00f3n, Noticias, tendencias y todo lo que necesitas saber de la pol\u00edtica mexicana e internacional; entretenimiento, espect\u00e1culos, salud y mucho m\u00e1s.\",\"potentialAction\":[{\"@type\":\"SearchAction\",\"target\":{\"@type\":\"EntryPoint\",\"urlTemplate\":\"https:\\\/\\\/www.bbmnoticias.com\\\/labravaradiofm\\\/?s={search_term_string}\"},\"query-input\":{\"@type\":\"PropertyValueSpecification\",\"valueRequired\":true,\"valueName\":\"search_term_string\"}}],\"inLanguage\":\"es\"},{\"@type\":\"Person\",\"@id\":\"https:\\\/\\\/www.bbmnoticias.com\\\/labravaradiofm\\\/#\\\/schema\\\/person\\\/857a3daf5c8142f29919023f377fbfad\",\"name\":\"Agencias\",\"image\":{\"@type\":\"ImageObject\",\"inLanguage\":\"es\",\"@id\":\"https:\\\/\\\/secure.gravatar.com\\\/avatar\\\/739e0b61adf9e398b425c36718c8752286da0e8cd90f20ce9a86678abc26aa0d?s=96&d=mm&r=g\",\"url\":\"https:\\\/\\\/secure.gravatar.com\\\/avatar\\\/739e0b61adf9e398b425c36718c8752286da0e8cd90f20ce9a86678abc26aa0d?s=96&d=mm&r=g\",\"contentUrl\":\"https:\\\/\\\/secure.gravatar.com\\\/avatar\\\/739e0b61adf9e398b425c36718c8752286da0e8cd90f20ce9a86678abc26aa0d?s=96&d=mm&r=g\",\"caption\":\"Agencias\"},\"url\":\"https:\\\/\\\/www.bbmnoticias.com\\\/labravaradiofm\\\/author\\\/agencias\\\/\"}]}<\/script>\n<!-- \/ Yoast SEO plugin. -->","yoast_head_json":{"title":"Desactivan bloqueos en la capital oaxaque\u00f1a; manifestantes causan da\u00f1os a veh\u00edculos particulares y autobuses - LA BRAVA RADIO","robots":{"index":"index","follow":"follow","max-snippet":"max-snippet:-1","max-image-preview":"max-image-preview:large","max-video-preview":"max-video-preview:-1"},"canonical":"https:\/\/www.bbmnoticias.com\/desactivan-bloqueos-en-la-capital-oaxaquena-manifestantes-causan-danos-a-vehiculos-particulares-y-autobuses\/","og_locale":"es_MX","og_type":"article","og_title":"Desactivan bloqueos en la capital oaxaque\u00f1a; manifestantes causan da\u00f1os a veh\u00edculos particulares y autobuses - LA BRAVA RADIO","og_description":"Luego de que integrantes del Frente de Organizaciones Oaxaque\u00f1as (FORO) ignoraran un ultim\u00e1tum de di\u00e1logo, el Gobierno del Estado despleg\u00f3 un operativo con 600 elementos policiacos para desactivar al menos cinco bloqueos que manten\u00edan paralizada la capital oaxaque\u00f1a. Durante las acciones, se reportaron confrontaciones y agresiones contra elementos de la corporaci\u00f3n estatal. El comisionado de [&hellip;]","og_url":"https:\/\/www.bbmnoticias.com\/desactivan-bloqueos-en-la-capital-oaxaquena-manifestantes-causan-danos-a-vehiculos-particulares-y-autobuses\/","og_site_name":"LA BRAVA RADIO","article_published_time":"2026-03-17T16:26:06+00:00","article_modified_time":"2026-03-17T16:26:09+00:00","og_image":[{"width":800,"height":452,"url":"https:\/\/www.bbmnoticias.com\/labravaradiofm\/wp-content\/uploads\/sites\/5\/2026\/03\/ado_crucero.jpg","type":"image\/jpeg"}],"author":"Agencias","twitter_card":"summary_large_image","twitter_misc":{"Escrito por":"Agencias","Tiempo de lectura":"2 minutos"},"schema":{"@context":"https:\/\/schema.org","@graph":[{"@type":"Article","@id":"https:\/\/www.bbmnoticias.com\/desactivan-bloqueos-en-la-capital-oaxaquena-manifestantes-causan-danos-a-vehiculos-particulares-y-autobuses\/#article","isPartOf":{"@id":"https:\/\/www.bbmnoticias.com\/labravaradiofm\/2026\/03\/17\/desactivan-bloqueos-en-la-capital-oaxaquena-manifestantes-causan-danos-a-vehiculos-particulares-y-autobuses\/"},"author":{"name":"Agencias","@id":"https:\/\/www.bbmnoticias.com\/labravaradiofm\/#\/schema\/person\/857a3daf5c8142f29919023f377fbfad"},"headline":"Desactivan bloqueos en la capital oaxaque\u00f1a; manifestantes causan da\u00f1os a veh\u00edculos particulares y autobuses","datePublished":"2026-03-17T16:26:06+00:00","dateModified":"2026-03-17T16:26:09+00:00","mainEntityOfPage":{"@id":"https:\/\/www.bbmnoticias.com\/labravaradiofm\/2026\/03\/17\/desactivan-bloqueos-en-la-capital-oaxaquena-manifestantes-causan-danos-a-vehiculos-particulares-y-autobuses\/"},"wordCount":402,"image":{"@id":"https:\/\/www.bbmnoticias.com\/desactivan-bloqueos-en-la-capital-oaxaquena-manifestantes-causan-danos-a-vehiculos-particulares-y-autobuses\/#primaryimage"},"thumbnailUrl":"https:\/\/www.bbmnoticias.com\/labravaradiofm\/wp-content\/uploads\/sites\/5\/2026\/03\/ado_crucero.jpg","articleSection":["LOCAL"],"inLanguage":"es"},{"@type":"WebPage","@id":"https:\/\/www.bbmnoticias.com\/labravaradiofm\/2026\/03\/17\/desactivan-bloqueos-en-la-capital-oaxaquena-manifestantes-causan-danos-a-vehiculos-particulares-y-autobuses\/","url":"https:\/\/www.bbmnoticias.com\/desactivan-bloqueos-en-la-capital-oaxaquena-manifestantes-causan-danos-a-vehiculos-particulares-y-autobuses\/","name":"Desactivan bloqueos en la capital oaxaque\u00f1a; manifestantes causan da\u00f1os a veh\u00edculos particulares y autobuses - LA BRAVA RADIO","isPartOf":{"@id":"https:\/\/www.bbmnoticias.com\/labravaradiofm\/#website"},"primaryImageOfPage":{"@id":"https:\/\/www.bbmnoticias.com\/desactivan-bloqueos-en-la-capital-oaxaquena-manifestantes-causan-danos-a-vehiculos-particulares-y-autobuses\/#primaryimage"},"image":{"@id":"https:\/\/www.bbmnoticias.com\/desactivan-bloqueos-en-la-capital-oaxaquena-manifestantes-causan-danos-a-vehiculos-particulares-y-autobuses\/#primaryimage"},"thumbnailUrl":"https:\/\/www.bbmnoticias.com\/labravaradiofm\/wp-content\/uploads\/sites\/5\/2026\/03\/ado_crucero.jpg","datePublished":"2026-03-17T16:26:06+00:00","dateModified":"2026-03-17T16:26:09+00:00","author":{"@id":"https:\/\/www.bbmnoticias.com\/labravaradiofm\/#\/schema\/person\/857a3daf5c8142f29919023f377fbfad"},"breadcrumb":{"@id":"https:\/\/www.bbmnoticias.com\/desactivan-bloqueos-en-la-capital-oaxaquena-manifestantes-causan-danos-a-vehiculos-particulares-y-autobuses\/#breadcrumb"},"inLanguage":"es","potentialAction":[{"@type":"ReadAction","target":["https:\/\/www.bbmnoticias.com\/desactivan-bloqueos-en-la-capital-oaxaquena-manifestantes-causan-danos-a-vehiculos-particulares-y-autobuses\/"]}]},{"@type":"ImageObject","inLanguage":"es","@id":"https:\/\/www.bbmnoticias.com\/desactivan-bloqueos-en-la-capital-oaxaquena-manifestantes-causan-danos-a-vehiculos-particulares-y-autobuses\/#primaryimage","url":"https:\/\/www.bbmnoticias.com\/labravaradiofm\/wp-content\/uploads\/sites\/5\/2026\/03\/ado_crucero.jpg","contentUrl":"https:\/\/www.bbmnoticias.com\/labravaradiofm\/wp-content\/uploads\/sites\/5\/2026\/03\/ado_crucero.jpg","width":800,"height":452},{"@type":"BreadcrumbList","@id":"https:\/\/www.bbmnoticias.com\/desactivan-bloqueos-en-la-capital-oaxaquena-manifestantes-causan-danos-a-vehiculos-particulares-y-autobuses\/#breadcrumb","itemListElement":[{"@type":"ListItem","position":1,"name":"Inicio","item":"https:\/\/www.bbmnoticias.com\/labravaradiofm\/"},{"@type":"ListItem","position":2,"name":"Desactivan bloqueos en la capital oaxaque\u00f1a; manifestantes causan da\u00f1os a veh\u00edculos particulares y autobuses"}]},{"@type":"WebSite","@id":"https:\/\/www.bbmnoticias.com\/labravaradiofm\/#website","url":"https:\/\/www.bbmnoticias.com\/labravaradiofm\/","name":"LA BRAVA RADIO","description":"Empresa productora de medios, Radiodifusi\u00f3n, Noticias, tendencias y todo lo que necesitas saber de la pol\u00edtica mexicana e internacional; entretenimiento, espect\u00e1culos, salud y mucho m\u00e1s.","potentialAction":[{"@type":"SearchAction","target":{"@type":"EntryPoint","urlTemplate":"https:\/\/www.bbmnoticias.com\/labravaradiofm\/?s={search_term_string}"},"query-input":{"@type":"PropertyValueSpecification","valueRequired":true,"valueName":"search_term_string"}}],"inLanguage":"es"},{"@type":"Person","@id":"https:\/\/www.bbmnoticias.com\/labravaradiofm\/#\/schema\/person\/857a3daf5c8142f29919023f377fbfad","name":"Agencias","image":{"@type":"ImageObject","inLanguage":"es","@id":"https:\/\/secure.gravatar.com\/avatar\/739e0b61adf9e398b425c36718c8752286da0e8cd90f20ce9a86678abc26aa0d?s=96&d=mm&r=g","url":"https:\/\/secure.gravatar.com\/avatar\/739e0b61adf9e398b425c36718c8752286da0e8cd90f20ce9a86678abc26aa0d?s=96&d=mm&r=g","contentUrl":"https:\/\/secure.gravatar.com\/avatar\/739e0b61adf9e398b425c36718c8752286da0e8cd90f20ce9a86678abc26aa0d?s=96&d=mm&r=g","caption":"Agencias"},"url":"https:\/\/www.bbmnoticias.com\/labravaradiofm\/author\/agencias\/"}]}},"_links":{"self":[{"href":"https:\/\/www.bbmnoticias.com\/labravaradiofm\/wp-json\/wp\/v2\/posts\/75242","targetHints":{"allow":["GET"]}}],"collection":[{"href":"https:\/\/www.bbmnoticias.com\/labravaradiofm\/wp-json\/wp\/v2\/posts"}],"about":[{"href":"https:\/\/www.bbmnoticias.com\/labravaradiofm\/wp-json\/wp\/v2\/types\/post"}],"author":[{"embeddable":true,"href":"https:\/\/www.bbmnoticias.com\/labravaradiofm\/wp-json\/wp\/v2\/users\/4"}],"replies":[{"embeddable":true,"href":"https:\/\/www.bbmnoticias.com\/labravaradiofm\/wp-json\/wp\/v2\/comments?post=75242"}],"version-history":[{"count":1,"href":"https:\/\/www.bbmnoticias.com\/labravaradiofm\/wp-json\/wp\/v2\/posts\/75242\/revisions"}],"predecessor-version":[{"id":75243,"href":"https:\/\/www.bbmnoticias.com\/labravaradiofm\/wp-json\/wp\/v2\/posts\/75242\/revisions\/75243"}],"wp:featuredmedia":[{"embeddable":true,"href":"https:\/\/www.bbmnoticias.com\/labravaradiofm\/wp-json\/wp\/v2\/media\/75244"}],"wp:attachment":[{"href":"https:\/\/www.bbmnoticias.com\/labravaradiofm\/wp-json\/wp\/v2\/media?parent=75242"}],"wp:term":[{"taxonomy":"category","embeddable":true,"href":"https:\/\/www.bbmnoticias.com\/labravaradiofm\/wp-json\/wp\/v2\/categories?post=75242"},{"taxonomy":"post_tag","embeddable":true,"href":"https:\/\/www.bbmnoticias.com\/labravaradiofm\/wp-json\/wp\/v2\/tags?post=75242"}],"curies":[{"name":"wp","href":"https:\/\/api.w.org\/{rel}","templated":true}]}}