{"id":75239,"date":"2026-03-17T10:20:26","date_gmt":"2026-03-17T16:20:26","guid":{"rendered":"https:\/\/www.bbmnoticias.com\/labravaradiofm\/2026\/03\/17\/sofocan-incendio-en-predio-de-refineria-olmeca-fuego-se-origino-por-acumulacion-de-hidrocarburos\/"},"modified":"2026-03-17T10:20:45","modified_gmt":"2026-03-17T16:20:45","slug":"sofocan-incendio-en-predio-de-refineria-olmeca-fuego-se-origino-por-acumulacion-de-hidrocarburos","status":"publish","type":"post","link":"https:\/\/www.bbmnoticias.com\/labravaradiofm\/2026\/03\/17\/sofocan-incendio-en-predio-de-refineria-olmeca-fuego-se-origino-por-acumulacion-de-hidrocarburos\/","title":{"rendered":"Sofocan incendio en predio de Refiner\u00eda Olmeca; fuego se origin\u00f3 por acumulaci\u00f3n de hidrocarburos"},"content":{"rendered":"<div style=\"margin-top: 0px; margin-bottom: 0px;\" class=\"sharethis-inline-share-buttons\" ><\/div>\n<p>Trabajadores y pobladores capturaron en video un gran <strong>incendio<\/strong>\u00a0este martes 17 de marzo por la ma\u00f1ana, en unos de los predios de la <strong>Refiner\u00eda Olmeca,\u00a0<\/strong>en el municipio de Para\u00edso en Tabasco.<\/p>\n\n\n\n<p>De acuerdo con el reporte de las autoridades, el fuego comenz\u00f3 aproximadamente a las 6 de la <strong>madrugada <\/strong>y sus largas columnas de humo pod\u00edan verse desde varios <strong>barcos cercanos a la terminal mar\u00edtima<\/strong>.<\/p>\n\n\n\n<p>Ante tal situaci\u00f3n, <strong>Petr\u00f3leos Mexicanos (Pemex)&nbsp;<\/strong>confirm\u00f3 que el <strong>incendio <\/strong>se report\u00f3 cerca de los <strong>tanques de almacenamiento<\/strong>, sin embargo, luego de la intervenci\u00f3n de los <strong>bomberos<\/strong>, el siniestro fue controlado y <strong>no se reportaron da\u00f1os a los tanques<\/strong>.<\/p>\n\n\n\n<figure class=\"wp-block-image\"><img decoding=\"async\" src=\"https:\/\/heraldodemexico.com.mx\/u\/fotografias\/m\/2026\/3\/17\/f768x1-1259486_1259613_5050.jpg\" alt=\"\"\/><figcaption class=\"wp-element-caption\">Captan largas columnas de humo en el predio de Refiner\u00eda Olmeca<br>FOTO: Especial<\/figcaption><\/figure>\n\n\n\n<h2 class=\"wp-block-heading\">Incendio es sofocado sin afectaciones<\/h2>\n\n\n\n<p>De igual forma, <strong>Petr\u00f3leos Mexicanos<\/strong> explic\u00f3 que el <strong>incendio <\/strong>se debi\u00f3 a una acumulaci\u00f3n de <strong>residuos de hidrocarburo<\/strong> debido a las fuertes lluvias que afectaron la zona la noche del lunes.&nbsp;A trav\u00e9s de un comunicado, descartaron afectaciones en las instalaciones. Adem\u00e1s, aseguraron que continuar\u00e1n&nbsp;verificaciones en la zona, como parte de los protocolos de <strong>seguridad industrial<\/strong> y protecci\u00f3n ambiental.&nbsp;<\/p>\n\n\n\n<figure class=\"wp-block-embed is-type-rich is-provider-twitter wp-block-embed-twitter\"><div class=\"wp-block-embed__wrapper\">\n<blockquote class=\"twitter-tweet\" data-width=\"550\" data-dnt=\"true\"><p lang=\"es\" dir=\"ltr\">\ud83d\udccdSofoca Pemex incendio alrededor de barda perimetral de la Refiner\u00eda Olmeca.<br><br>Comunicado regional: <a href=\"https:\/\/t.co\/CTgMrPuamA\">https:\/\/t.co\/CTgMrPuamA<\/a> <a href=\"https:\/\/t.co\/OrzzLzaPSB\">pic.twitter.com\/OrzzLzaPSB<\/a><\/p>&mdash; Petr\u00f3leos Mexicanos (@Pemex) <a href=\"https:\/\/twitter.com\/Pemex\/status\/2033910790370021718?ref_src=twsrc%5Etfw\">March 17, 2026<\/a><\/blockquote><script async src=\"https:\/\/platform.twitter.com\/widgets.js\" charset=\"utf-8\"><\/script>\n<\/div><\/figure>\n\n\n\n<p>Hasta el momento, las autoridades confirmaron que la situaci\u00f3n est\u00e1 bajo control y el <strong>siniestro ya fue controlado<\/strong>, no obstante, en <strong>redes sociales<\/strong> se difundieron varios videos del incendio. Cabe destacar que el <strong>incendio<\/strong> no dej\u00f3 personas <strong>lesionadas ni intoxicadas<\/strong> en la zona.<\/p>\n\n\n\n<figure class=\"wp-block-image\"><img decoding=\"async\" src=\"https:\/\/videos.heraldodemexico.com.mx\/out-ehm\/2026\/03\/17\/34720_.0000000.jpg\" alt=\"\"\/><\/figure>\n","protected":false},"excerpt":{"rendered":"<p>Trabajadores y pobladores capturaron en video un gran incendio\u00a0este martes 17 de marzo por la ma\u00f1ana, en unos de los predios de la Refiner\u00eda Olmeca,\u00a0en el municipio de Para\u00edso en Tabasco. De acuerdo con el reporte de las autoridades, el fuego comenz\u00f3 aproximadamente a las 6 de la madrugada y sus largas columnas de humo [&hellip;]<\/p>\n","protected":false},"author":4,"featured_media":75241,"comment_status":"closed","ping_status":"open","sticky":false,"template":"","format":"standard","meta":{"footnotes":""},"categories":[2,19],"tags":[],"class_list":{"0":"post-75239","1":"post","2":"type-post","3":"status-publish","4":"format-standard","5":"has-post-thumbnail","7":"category-oaxaca","8":"category-nacional"},"yoast_head":"<!-- This site is optimized with the Yoast SEO plugin v27.4 - https:\/\/yoast.com\/product\/yoast-seo-wordpress\/ -->\n<title>Sofocan incendio en predio de Refiner\u00eda Olmeca; fuego se origin\u00f3 por acumulaci\u00f3n de hidrocarburos - LA BRAVA RADIO<\/title>\n<meta name=\"robots\" content=\"index, follow, max-snippet:-1, max-image-preview:large, max-video-preview:-1\" \/>\n<link rel=\"canonical\" href=\"https:\/\/www.bbmnoticias.com\/sofocan-incendio-en-predio-de-refineria-olmeca-fuego-se-origino-por-acumulacion-de-hidrocarburos\/\" \/>\n<meta property=\"og:locale\" content=\"es_MX\" \/>\n<meta property=\"og:type\" content=\"article\" \/>\n<meta property=\"og:title\" content=\"Sofocan incendio en predio de Refiner\u00eda Olmeca; fuego se origin\u00f3 por acumulaci\u00f3n de hidrocarburos - LA BRAVA RADIO\" \/>\n<meta property=\"og:description\" content=\"Trabajadores y pobladores capturaron en video un gran incendio\u00a0este martes 17 de marzo por la ma\u00f1ana, en unos de los predios de la Refiner\u00eda Olmeca,\u00a0en el municipio de Para\u00edso en Tabasco. De acuerdo con el reporte de las autoridades, el fuego comenz\u00f3 aproximadamente a las 6 de la madrugada y sus largas columnas de humo [&hellip;]\" \/>\n<meta property=\"og:url\" content=\"https:\/\/www.bbmnoticias.com\/sofocan-incendio-en-predio-de-refineria-olmeca-fuego-se-origino-por-acumulacion-de-hidrocarburos\/\" \/>\n<meta property=\"og:site_name\" content=\"LA BRAVA RADIO\" \/>\n<meta property=\"article:published_time\" content=\"2026-03-17T16:20:26+00:00\" \/>\n<meta property=\"article:modified_time\" content=\"2026-03-17T16:20:45+00:00\" \/>\n<meta property=\"og:image\" content=\"https:\/\/www.bbmnoticias.com\/labravaradiofm\/wp-content\/uploads\/sites\/5\/2026\/03\/incendio_refineria_olmeca.jpg\" \/>\n\t<meta property=\"og:image:width\" content=\"848\" \/>\n\t<meta property=\"og:image:height\" content=\"477\" \/>\n\t<meta property=\"og:image:type\" content=\"image\/jpeg\" \/>\n<meta name=\"author\" content=\"Agencias\" \/>\n<meta name=\"twitter:card\" content=\"summary_large_image\" \/>\n<meta name=\"twitter:label1\" content=\"Escrito por\" \/>\n\t<meta name=\"twitter:data1\" content=\"Agencias\" \/>\n\t<meta name=\"twitter:label2\" content=\"Tiempo de lectura\" \/>\n\t<meta name=\"twitter:data2\" content=\"1 minuto\" \/>\n<script type=\"application\/ld+json\" class=\"yoast-schema-graph\">{\"@context\":\"https:\\\/\\\/schema.org\",\"@graph\":[{\"@type\":\"Article\",\"@id\":\"https:\\\/\\\/www.bbmnoticias.com\\\/sofocan-incendio-en-predio-de-refineria-olmeca-fuego-se-origino-por-acumulacion-de-hidrocarburos\\\/#article\",\"isPartOf\":{\"@id\":\"https:\\\/\\\/www.bbmnoticias.com\\\/labravaradiofm\\\/2026\\\/03\\\/17\\\/sofocan-incendio-en-predio-de-refineria-olmeca-fuego-se-origino-por-acumulacion-de-hidrocarburos\\\/\"},\"author\":{\"name\":\"Agencias\",\"@id\":\"https:\\\/\\\/www.bbmnoticias.com\\\/labravaradiofm\\\/#\\\/schema\\\/person\\\/857a3daf5c8142f29919023f377fbfad\"},\"headline\":\"Sofocan incendio en predio de Refiner\u00eda Olmeca; fuego se origin\u00f3 por acumulaci\u00f3n de hidrocarburos\",\"datePublished\":\"2026-03-17T16:20:26+00:00\",\"dateModified\":\"2026-03-17T16:20:45+00:00\",\"mainEntityOfPage\":{\"@id\":\"https:\\\/\\\/www.bbmnoticias.com\\\/labravaradiofm\\\/2026\\\/03\\\/17\\\/sofocan-incendio-en-predio-de-refineria-olmeca-fuego-se-origino-por-acumulacion-de-hidrocarburos\\\/\"},\"wordCount\":266,\"image\":{\"@id\":\"https:\\\/\\\/www.bbmnoticias.com\\\/sofocan-incendio-en-predio-de-refineria-olmeca-fuego-se-origino-por-acumulacion-de-hidrocarburos\\\/#primaryimage\"},\"thumbnailUrl\":\"https:\\\/\\\/www.bbmnoticias.com\\\/labravaradiofm\\\/wp-content\\\/uploads\\\/sites\\\/5\\\/2026\\\/03\\\/incendio_refineria_olmeca.jpg\",\"articleSection\":[\"LOCAL\",\"NACIONAL\"],\"inLanguage\":\"es\"},{\"@type\":\"WebPage\",\"@id\":\"https:\\\/\\\/www.bbmnoticias.com\\\/labravaradiofm\\\/2026\\\/03\\\/17\\\/sofocan-incendio-en-predio-de-refineria-olmeca-fuego-se-origino-por-acumulacion-de-hidrocarburos\\\/\",\"url\":\"https:\\\/\\\/www.bbmnoticias.com\\\/sofocan-incendio-en-predio-de-refineria-olmeca-fuego-se-origino-por-acumulacion-de-hidrocarburos\\\/\",\"name\":\"Sofocan incendio en predio de Refiner\u00eda Olmeca; fuego se origin\u00f3 por acumulaci\u00f3n de hidrocarburos - LA BRAVA RADIO\",\"isPartOf\":{\"@id\":\"https:\\\/\\\/www.bbmnoticias.com\\\/labravaradiofm\\\/#website\"},\"primaryImageOfPage\":{\"@id\":\"https:\\\/\\\/www.bbmnoticias.com\\\/sofocan-incendio-en-predio-de-refineria-olmeca-fuego-se-origino-por-acumulacion-de-hidrocarburos\\\/#primaryimage\"},\"image\":{\"@id\":\"https:\\\/\\\/www.bbmnoticias.com\\\/sofocan-incendio-en-predio-de-refineria-olmeca-fuego-se-origino-por-acumulacion-de-hidrocarburos\\\/#primaryimage\"},\"thumbnailUrl\":\"https:\\\/\\\/www.bbmnoticias.com\\\/labravaradiofm\\\/wp-content\\\/uploads\\\/sites\\\/5\\\/2026\\\/03\\\/incendio_refineria_olmeca.jpg\",\"datePublished\":\"2026-03-17T16:20:26+00:00\",\"dateModified\":\"2026-03-17T16:20:45+00:00\",\"author\":{\"@id\":\"https:\\\/\\\/www.bbmnoticias.com\\\/labravaradiofm\\\/#\\\/schema\\\/person\\\/857a3daf5c8142f29919023f377fbfad\"},\"breadcrumb\":{\"@id\":\"https:\\\/\\\/www.bbmnoticias.com\\\/sofocan-incendio-en-predio-de-refineria-olmeca-fuego-se-origino-por-acumulacion-de-hidrocarburos\\\/#breadcrumb\"},\"inLanguage\":\"es\",\"potentialAction\":[{\"@type\":\"ReadAction\",\"target\":[\"https:\\\/\\\/www.bbmnoticias.com\\\/sofocan-incendio-en-predio-de-refineria-olmeca-fuego-se-origino-por-acumulacion-de-hidrocarburos\\\/\"]}]},{\"@type\":\"ImageObject\",\"inLanguage\":\"es\",\"@id\":\"https:\\\/\\\/www.bbmnoticias.com\\\/sofocan-incendio-en-predio-de-refineria-olmeca-fuego-se-origino-por-acumulacion-de-hidrocarburos\\\/#primaryimage\",\"url\":\"https:\\\/\\\/www.bbmnoticias.com\\\/labravaradiofm\\\/wp-content\\\/uploads\\\/sites\\\/5\\\/2026\\\/03\\\/incendio_refineria_olmeca.jpg\",\"contentUrl\":\"https:\\\/\\\/www.bbmnoticias.com\\\/labravaradiofm\\\/wp-content\\\/uploads\\\/sites\\\/5\\\/2026\\\/03\\\/incendio_refineria_olmeca.jpg\",\"width\":848,\"height\":477},{\"@type\":\"BreadcrumbList\",\"@id\":\"https:\\\/\\\/www.bbmnoticias.com\\\/sofocan-incendio-en-predio-de-refineria-olmeca-fuego-se-origino-por-acumulacion-de-hidrocarburos\\\/#breadcrumb\",\"itemListElement\":[{\"@type\":\"ListItem\",\"position\":1,\"name\":\"Inicio\",\"item\":\"https:\\\/\\\/www.bbmnoticias.com\\\/labravaradiofm\\\/\"},{\"@type\":\"ListItem\",\"position\":2,\"name\":\"Sofocan incendio en predio de Refiner\u00eda Olmeca; fuego se origin\u00f3 por acumulaci\u00f3n de hidrocarburos\"}]},{\"@type\":\"WebSite\",\"@id\":\"https:\\\/\\\/www.bbmnoticias.com\\\/labravaradiofm\\\/#website\",\"url\":\"https:\\\/\\\/www.bbmnoticias.com\\\/labravaradiofm\\\/\",\"name\":\"LA BRAVA RADIO\",\"description\":\"Empresa productora de medios, Radiodifusi\u00f3n, Noticias, tendencias y todo lo que necesitas saber de la pol\u00edtica mexicana e internacional; entretenimiento, espect\u00e1culos, salud y mucho m\u00e1s.\",\"potentialAction\":[{\"@type\":\"SearchAction\",\"target\":{\"@type\":\"EntryPoint\",\"urlTemplate\":\"https:\\\/\\\/www.bbmnoticias.com\\\/labravaradiofm\\\/?s={search_term_string}\"},\"query-input\":{\"@type\":\"PropertyValueSpecification\",\"valueRequired\":true,\"valueName\":\"search_term_string\"}}],\"inLanguage\":\"es\"},{\"@type\":\"Person\",\"@id\":\"https:\\\/\\\/www.bbmnoticias.com\\\/labravaradiofm\\\/#\\\/schema\\\/person\\\/857a3daf5c8142f29919023f377fbfad\",\"name\":\"Agencias\",\"image\":{\"@type\":\"ImageObject\",\"inLanguage\":\"es\",\"@id\":\"https:\\\/\\\/secure.gravatar.com\\\/avatar\\\/739e0b61adf9e398b425c36718c8752286da0e8cd90f20ce9a86678abc26aa0d?s=96&d=mm&r=g\",\"url\":\"https:\\\/\\\/secure.gravatar.com\\\/avatar\\\/739e0b61adf9e398b425c36718c8752286da0e8cd90f20ce9a86678abc26aa0d?s=96&d=mm&r=g\",\"contentUrl\":\"https:\\\/\\\/secure.gravatar.com\\\/avatar\\\/739e0b61adf9e398b425c36718c8752286da0e8cd90f20ce9a86678abc26aa0d?s=96&d=mm&r=g\",\"caption\":\"Agencias\"},\"url\":\"https:\\\/\\\/www.bbmnoticias.com\\\/labravaradiofm\\\/author\\\/agencias\\\/\"}]}<\/script>\n<!-- \/ Yoast SEO plugin. -->","yoast_head_json":{"title":"Sofocan incendio en predio de Refiner\u00eda Olmeca; fuego se origin\u00f3 por acumulaci\u00f3n de hidrocarburos - LA BRAVA RADIO","robots":{"index":"index","follow":"follow","max-snippet":"max-snippet:-1","max-image-preview":"max-image-preview:large","max-video-preview":"max-video-preview:-1"},"canonical":"https:\/\/www.bbmnoticias.com\/sofocan-incendio-en-predio-de-refineria-olmeca-fuego-se-origino-por-acumulacion-de-hidrocarburos\/","og_locale":"es_MX","og_type":"article","og_title":"Sofocan incendio en predio de Refiner\u00eda Olmeca; fuego se origin\u00f3 por acumulaci\u00f3n de hidrocarburos - LA BRAVA RADIO","og_description":"Trabajadores y pobladores capturaron en video un gran incendio\u00a0este martes 17 de marzo por la ma\u00f1ana, en unos de los predios de la Refiner\u00eda Olmeca,\u00a0en el municipio de Para\u00edso en Tabasco. De acuerdo con el reporte de las autoridades, el fuego comenz\u00f3 aproximadamente a las 6 de la madrugada y sus largas columnas de humo [&hellip;]","og_url":"https:\/\/www.bbmnoticias.com\/sofocan-incendio-en-predio-de-refineria-olmeca-fuego-se-origino-por-acumulacion-de-hidrocarburos\/","og_site_name":"LA BRAVA RADIO","article_published_time":"2026-03-17T16:20:26+00:00","article_modified_time":"2026-03-17T16:20:45+00:00","og_image":[{"width":848,"height":477,"url":"https:\/\/www.bbmnoticias.com\/labravaradiofm\/wp-content\/uploads\/sites\/5\/2026\/03\/incendio_refineria_olmeca.jpg","type":"image\/jpeg"}],"author":"Agencias","twitter_card":"summary_large_image","twitter_misc":{"Escrito por":"Agencias","Tiempo de lectura":"1 minuto"},"schema":{"@context":"https:\/\/schema.org","@graph":[{"@type":"Article","@id":"https:\/\/www.bbmnoticias.com\/sofocan-incendio-en-predio-de-refineria-olmeca-fuego-se-origino-por-acumulacion-de-hidrocarburos\/#article","isPartOf":{"@id":"https:\/\/www.bbmnoticias.com\/labravaradiofm\/2026\/03\/17\/sofocan-incendio-en-predio-de-refineria-olmeca-fuego-se-origino-por-acumulacion-de-hidrocarburos\/"},"author":{"name":"Agencias","@id":"https:\/\/www.bbmnoticias.com\/labravaradiofm\/#\/schema\/person\/857a3daf5c8142f29919023f377fbfad"},"headline":"Sofocan incendio en predio de Refiner\u00eda Olmeca; fuego se origin\u00f3 por acumulaci\u00f3n de hidrocarburos","datePublished":"2026-03-17T16:20:26+00:00","dateModified":"2026-03-17T16:20:45+00:00","mainEntityOfPage":{"@id":"https:\/\/www.bbmnoticias.com\/labravaradiofm\/2026\/03\/17\/sofocan-incendio-en-predio-de-refineria-olmeca-fuego-se-origino-por-acumulacion-de-hidrocarburos\/"},"wordCount":266,"image":{"@id":"https:\/\/www.bbmnoticias.com\/sofocan-incendio-en-predio-de-refineria-olmeca-fuego-se-origino-por-acumulacion-de-hidrocarburos\/#primaryimage"},"thumbnailUrl":"https:\/\/www.bbmnoticias.com\/labravaradiofm\/wp-content\/uploads\/sites\/5\/2026\/03\/incendio_refineria_olmeca.jpg","articleSection":["LOCAL","NACIONAL"],"inLanguage":"es"},{"@type":"WebPage","@id":"https:\/\/www.bbmnoticias.com\/labravaradiofm\/2026\/03\/17\/sofocan-incendio-en-predio-de-refineria-olmeca-fuego-se-origino-por-acumulacion-de-hidrocarburos\/","url":"https:\/\/www.bbmnoticias.com\/sofocan-incendio-en-predio-de-refineria-olmeca-fuego-se-origino-por-acumulacion-de-hidrocarburos\/","name":"Sofocan incendio en predio de Refiner\u00eda Olmeca; fuego se origin\u00f3 por acumulaci\u00f3n de hidrocarburos - LA BRAVA RADIO","isPartOf":{"@id":"https:\/\/www.bbmnoticias.com\/labravaradiofm\/#website"},"primaryImageOfPage":{"@id":"https:\/\/www.bbmnoticias.com\/sofocan-incendio-en-predio-de-refineria-olmeca-fuego-se-origino-por-acumulacion-de-hidrocarburos\/#primaryimage"},"image":{"@id":"https:\/\/www.bbmnoticias.com\/sofocan-incendio-en-predio-de-refineria-olmeca-fuego-se-origino-por-acumulacion-de-hidrocarburos\/#primaryimage"},"thumbnailUrl":"https:\/\/www.bbmnoticias.com\/labravaradiofm\/wp-content\/uploads\/sites\/5\/2026\/03\/incendio_refineria_olmeca.jpg","datePublished":"2026-03-17T16:20:26+00:00","dateModified":"2026-03-17T16:20:45+00:00","author":{"@id":"https:\/\/www.bbmnoticias.com\/labravaradiofm\/#\/schema\/person\/857a3daf5c8142f29919023f377fbfad"},"breadcrumb":{"@id":"https:\/\/www.bbmnoticias.com\/sofocan-incendio-en-predio-de-refineria-olmeca-fuego-se-origino-por-acumulacion-de-hidrocarburos\/#breadcrumb"},"inLanguage":"es","potentialAction":[{"@type":"ReadAction","target":["https:\/\/www.bbmnoticias.com\/sofocan-incendio-en-predio-de-refineria-olmeca-fuego-se-origino-por-acumulacion-de-hidrocarburos\/"]}]},{"@type":"ImageObject","inLanguage":"es","@id":"https:\/\/www.bbmnoticias.com\/sofocan-incendio-en-predio-de-refineria-olmeca-fuego-se-origino-por-acumulacion-de-hidrocarburos\/#primaryimage","url":"https:\/\/www.bbmnoticias.com\/labravaradiofm\/wp-content\/uploads\/sites\/5\/2026\/03\/incendio_refineria_olmeca.jpg","contentUrl":"https:\/\/www.bbmnoticias.com\/labravaradiofm\/wp-content\/uploads\/sites\/5\/2026\/03\/incendio_refineria_olmeca.jpg","width":848,"height":477},{"@type":"BreadcrumbList","@id":"https:\/\/www.bbmnoticias.com\/sofocan-incendio-en-predio-de-refineria-olmeca-fuego-se-origino-por-acumulacion-de-hidrocarburos\/#breadcrumb","itemListElement":[{"@type":"ListItem","position":1,"name":"Inicio","item":"https:\/\/www.bbmnoticias.com\/labravaradiofm\/"},{"@type":"ListItem","position":2,"name":"Sofocan incendio en predio de Refiner\u00eda Olmeca; fuego se origin\u00f3 por acumulaci\u00f3n de hidrocarburos"}]},{"@type":"WebSite","@id":"https:\/\/www.bbmnoticias.com\/labravaradiofm\/#website","url":"https:\/\/www.bbmnoticias.com\/labravaradiofm\/","name":"LA BRAVA RADIO","description":"Empresa productora de medios, Radiodifusi\u00f3n, Noticias, tendencias y todo lo que necesitas saber de la pol\u00edtica mexicana e internacional; entretenimiento, espect\u00e1culos, salud y mucho m\u00e1s.","potentialAction":[{"@type":"SearchAction","target":{"@type":"EntryPoint","urlTemplate":"https:\/\/www.bbmnoticias.com\/labravaradiofm\/?s={search_term_string}"},"query-input":{"@type":"PropertyValueSpecification","valueRequired":true,"valueName":"search_term_string"}}],"inLanguage":"es"},{"@type":"Person","@id":"https:\/\/www.bbmnoticias.com\/labravaradiofm\/#\/schema\/person\/857a3daf5c8142f29919023f377fbfad","name":"Agencias","image":{"@type":"ImageObject","inLanguage":"es","@id":"https:\/\/secure.gravatar.com\/avatar\/739e0b61adf9e398b425c36718c8752286da0e8cd90f20ce9a86678abc26aa0d?s=96&d=mm&r=g","url":"https:\/\/secure.gravatar.com\/avatar\/739e0b61adf9e398b425c36718c8752286da0e8cd90f20ce9a86678abc26aa0d?s=96&d=mm&r=g","contentUrl":"https:\/\/secure.gravatar.com\/avatar\/739e0b61adf9e398b425c36718c8752286da0e8cd90f20ce9a86678abc26aa0d?s=96&d=mm&r=g","caption":"Agencias"},"url":"https:\/\/www.bbmnoticias.com\/labravaradiofm\/author\/agencias\/"}]}},"_links":{"self":[{"href":"https:\/\/www.bbmnoticias.com\/labravaradiofm\/wp-json\/wp\/v2\/posts\/75239","targetHints":{"allow":["GET"]}}],"collection":[{"href":"https:\/\/www.bbmnoticias.com\/labravaradiofm\/wp-json\/wp\/v2\/posts"}],"about":[{"href":"https:\/\/www.bbmnoticias.com\/labravaradiofm\/wp-json\/wp\/v2\/types\/post"}],"author":[{"embeddable":true,"href":"https:\/\/www.bbmnoticias.com\/labravaradiofm\/wp-json\/wp\/v2\/users\/4"}],"replies":[{"embeddable":true,"href":"https:\/\/www.bbmnoticias.com\/labravaradiofm\/wp-json\/wp\/v2\/comments?post=75239"}],"version-history":[{"count":1,"href":"https:\/\/www.bbmnoticias.com\/labravaradiofm\/wp-json\/wp\/v2\/posts\/75239\/revisions"}],"predecessor-version":[{"id":75240,"href":"https:\/\/www.bbmnoticias.com\/labravaradiofm\/wp-json\/wp\/v2\/posts\/75239\/revisions\/75240"}],"wp:featuredmedia":[{"embeddable":true,"href":"https:\/\/www.bbmnoticias.com\/labravaradiofm\/wp-json\/wp\/v2\/media\/75241"}],"wp:attachment":[{"href":"https:\/\/www.bbmnoticias.com\/labravaradiofm\/wp-json\/wp\/v2\/media?parent=75239"}],"wp:term":[{"taxonomy":"category","embeddable":true,"href":"https:\/\/www.bbmnoticias.com\/labravaradiofm\/wp-json\/wp\/v2\/categories?post=75239"},{"taxonomy":"post_tag","embeddable":true,"href":"https:\/\/www.bbmnoticias.com\/labravaradiofm\/wp-json\/wp\/v2\/tags?post=75239"}],"curies":[{"name":"wp","href":"https:\/\/api.w.org\/{rel}","templated":true}]}}