{"id":75236,"date":"2026-03-17T09:19:19","date_gmt":"2026-03-17T15:19:19","guid":{"rendered":"https:\/\/www.bbmnoticias.com\/labravaradiofm\/2026\/03\/17\/mexico-brilla-en-el-festival-de-malaga-oca-y-el-jardin-que-sonamos-se-llevan-la-biznaga\/"},"modified":"2026-03-17T09:19:23","modified_gmt":"2026-03-17T15:19:23","slug":"mexico-brilla-en-el-festival-de-malaga-oca-y-el-jardin-que-sonamos-se-llevan-la-biznaga","status":"publish","type":"post","link":"https:\/\/www.bbmnoticias.com\/labravaradiofm\/2026\/03\/17\/mexico-brilla-en-el-festival-de-malaga-oca-y-el-jardin-que-sonamos-se-llevan-la-biznaga\/","title":{"rendered":"M\u00e9xico brilla en el Festival de M\u00e1laga: &#8220;Oca&#8221; y &#8220;El jard\u00edn que so\u00f1amos&#8221; se llevan la Biznaga"},"content":{"rendered":"<div style=\"margin-top: 0px; margin-bottom: 0px;\" class=\"sharethis-inline-share-buttons\" ><\/div>\n<p><strong>M\u00e1laga, Espa\u00f1a.- <\/strong>\u00a0La 29\u00aa edici\u00f3n del Festival de M\u00e1laga ha concluido con una hist\u00f3rica victoria para el cine mexicano, que se ha consolidado como el gran triunfador de sus secciones m\u00e1s competitivas. Triunfo para &#8220;Oca&#8221; y &#8220;El jard\u00edn que so\u00f1amos&#8221;.<\/p>\n\n\n\n<p>El protagonismo de la noche fue para &#8220;Oca&#8221;, de la directora Karla Badillo, que se alz\u00f3 con la Biznaga de Plata a la Mejor Pel\u00edcula Iberoamericana en la secci\u00f3n Zonazine.&nbsp; Acompa\u00f1ada por la actriz mexicana Cecilia Su\u00e1rez, mostraron su alegr\u00eda y agradecieron al festival as\u00ed como al p\u00fablico malague\u00f1o quienes otorgaron el Premio del P\u00fablico que coron\u00f3 a la cinta como la favorita de los asistentes.<\/p>\n\n\n\n<p>Por su parte, en la Secci\u00f3n Oficial, el director Joaqu\u00edn del Paso hizo historia al recibir la Biznaga de Oro a la Mejor Pel\u00edcula Iberoamericana por <em>&#8220;El jard\u00edn que so\u00f1amos&#8221;<\/em>, llev\u00e1ndo adem\u00e1s el premio a la Mejor Direcci\u00f3n. Estas victorias confirman el alt\u00edsimo nivel de las producciones nacionales en el circuito internacional.<\/p>\n\n\n\n<p>Aunque no se llev\u00f3 ninguna Biznaga &#8220;Juana&#8221;&nbsp; opera prima del actor y ahora director Daniel Gim\u00e9nez Cacho, complementan el&nbsp; despliegue de talento mexicano, el festival cont\u00f3 con la participaci\u00f3n de <em>&#8220;Juana&#8221;<\/em>, la obra dirigida por Daniel Gim\u00e9nez Cacho. La pel\u00edcula, que compiti\u00f3 en la Secci\u00f3n Oficial, fue una de las propuestas m\u00e1s comentadas y seguidas por la cr\u00edtica, cerrando una delegaci\u00f3n mexicana que ha dejado una huella imborrable en la capital malague\u00f1a.<\/p>\n\n\n\n<p>Palmar\u00e9s Principal &#8211; 29\u00aa Edici\u00f3n Festival de M\u00e1laga<\/p>\n\n\n\n<p>Secci\u00f3n Oficial (Largometrajes)<\/p>\n\n\n\n<ul class=\"wp-block-list\">\n<li>Biznaga de Oro a la Mejor Pel\u00edcula Iberoamericana: <em>El jard\u00edn que so\u00f1amos<\/em>, de Joaqu\u00edn del Paso (M\u00e9xico).<\/li>\n\n\n\n<li>Biznaga de Oro a la Mejor Pel\u00edcula Espa\u00f1ola: <em>Yo no morir\u00e9 de amor<\/em>, de Marta Matute.<\/li>\n\n\n\n<li>Biznaga de Plata a la Mejor Direcci\u00f3n: Joaqu\u00edn del Paso por <em>El jard\u00edn que so\u00f1amos<\/em>.<\/li>\n\n\n\n<li>Biznaga de Plata Especial del Jurado: <em>Iv\u00e1n &amp; Hadoum<\/em>, de Ian de la Rosa.<\/li>\n\n\n\n<li>Biznaga de Plata a la Mejor Interpretaci\u00f3n Femenina: J\u00falia Mascort por <em>Yo no morir\u00e9 de amor<\/em>.<\/li>\n\n\n\n<li>Biznaga de Plata a la Mejor Interpretaci\u00f3n Masculina: Nicol\u00e1s Z\u00e1rate por <em>Hangar rojo<\/em>.<\/li>\n<\/ul>\n\n\n\n<p>Secci\u00f3n Zonazine (Cine de Autor y Vanguardia)<\/p>\n\n\n\n<ul class=\"wp-block-list\">\n<li>Biznaga de Plata a la Mejor Pel\u00edcula Iberoamericana: <em>Oca<\/em>, de Karla Badillo (M\u00e9xico).<\/li>\n\n\n\n<li>Premio del P\u00fablico: <em>Oca<\/em>, de Karla Badillo. <em>(Recibido en el escenario por la directora junto a Iliac Su\u00e1rez)<\/em>.<\/li>\n\n\n\n<li>Biznaga de Plata a la Mejor Pel\u00edcula Espa\u00f1ola: <em>La carn (La carne)<\/em>, de Joan Porcel.<\/li>\n\n\n\n<li>Biznaga de Plata a la Mejor Direcci\u00f3n: Gwai Lou por <em>We are the jungle<\/em>.<\/li>\n<\/ul>\n\n\n\n<ul class=\"wp-block-list\">\n<li>Premio de la Cr\u00edtica: <em>Hangar rojo<\/em>, de Juan Pablo Sallato.<\/li>\n\n\n\n<li>Biznaga de Honor: Natalia Oreiro, por su trayectoria en el cine iberoamericano.<\/li>\n<\/ul>\n\n\n\n<p>Con este palmar\u00e9s, M\u00e9xico se posiciona como la cinematograf\u00eda m\u00e1s s\u00f3lida de la edici\u00f3n, logrando un &#8216;doblete&#8217; hist\u00f3rico al llevarse la m\u00e1xima distinci\u00f3n en la Secci\u00f3n Oficial y el favor un\u00e1nime del jurado y el p\u00fablico en la secci\u00f3n Zonazine.<\/p>\n","protected":false},"excerpt":{"rendered":"<p>M\u00e1laga, Espa\u00f1a.- \u00a0La 29\u00aa edici\u00f3n del Festival de M\u00e1laga ha concluido con una hist\u00f3rica victoria para el cine mexicano, que se ha consolidado como el gran triunfador de sus secciones m\u00e1s competitivas. Triunfo para &#8220;Oca&#8221; y &#8220;El jard\u00edn que so\u00f1amos&#8221;. El protagonismo de la noche fue para &#8220;Oca&#8221;, de la directora Karla Badillo, que se [&hellip;]<\/p>\n","protected":false},"author":6,"featured_media":75238,"comment_status":"closed","ping_status":"open","sticky":false,"template":"","format":"standard","meta":{"footnotes":""},"categories":[949,2],"tags":[],"class_list":{"0":"post-75236","1":"post","2":"type-post","3":"status-publish","4":"format-standard","5":"has-post-thumbnail","7":"category-espectaculos","8":"category-oaxaca"},"yoast_head":"<!-- This site is optimized with the Yoast SEO plugin v27.4 - https:\/\/yoast.com\/product\/yoast-seo-wordpress\/ -->\n<title>M\u00e9xico brilla en el Festival de M\u00e1laga: &quot;Oca&quot; y &quot;El jard\u00edn que so\u00f1amos&quot; se llevan la Biznaga - LA BRAVA RADIO<\/title>\n<meta name=\"robots\" content=\"index, follow, max-snippet:-1, max-image-preview:large, max-video-preview:-1\" \/>\n<link rel=\"canonical\" href=\"https:\/\/www.bbmnoticias.com\/mexico-brilla-en-el-festival-de-malaga-oca-y-el-jardin-que-sonamos-se-llevan-la-biznaga\/\" \/>\n<meta property=\"og:locale\" content=\"es_MX\" \/>\n<meta property=\"og:type\" content=\"article\" \/>\n<meta property=\"og:title\" content=\"M\u00e9xico brilla en el Festival de M\u00e1laga: &quot;Oca&quot; y &quot;El jard\u00edn que so\u00f1amos&quot; se llevan la Biznaga - LA BRAVA RADIO\" \/>\n<meta property=\"og:description\" content=\"M\u00e1laga, Espa\u00f1a.- \u00a0La 29\u00aa edici\u00f3n del Festival de M\u00e1laga ha concluido con una hist\u00f3rica victoria para el cine mexicano, que se ha consolidado como el gran triunfador de sus secciones m\u00e1s competitivas. Triunfo para &#8220;Oca&#8221; y &#8220;El jard\u00edn que so\u00f1amos&#8221;. El protagonismo de la noche fue para &#8220;Oca&#8221;, de la directora Karla Badillo, que se [&hellip;]\" \/>\n<meta property=\"og:url\" content=\"https:\/\/www.bbmnoticias.com\/mexico-brilla-en-el-festival-de-malaga-oca-y-el-jardin-que-sonamos-se-llevan-la-biznaga\/\" \/>\n<meta property=\"og:site_name\" content=\"LA BRAVA RADIO\" \/>\n<meta property=\"article:published_time\" content=\"2026-03-17T15:19:19+00:00\" \/>\n<meta property=\"article:modified_time\" content=\"2026-03-17T15:19:23+00:00\" \/>\n<meta property=\"og:image\" content=\"https:\/\/www.bbmnoticias.com\/labravaradiofm\/wp-content\/uploads\/sites\/5\/2026\/03\/festival_malaga.jpg\" \/>\n\t<meta property=\"og:image:width\" content=\"800\" \/>\n\t<meta property=\"og:image:height\" content=\"533\" \/>\n\t<meta property=\"og:image:type\" content=\"image\/jpeg\" \/>\n<meta name=\"author\" content=\"Mar\u00eda Esther Beltr\u00e1n Mart\u00ednez\" \/>\n<meta name=\"twitter:card\" content=\"summary_large_image\" \/>\n<meta name=\"twitter:label1\" content=\"Escrito por\" \/>\n\t<meta name=\"twitter:data1\" content=\"Mar\u00eda Esther Beltr\u00e1n Mart\u00ednez\" \/>\n\t<meta name=\"twitter:label2\" content=\"Tiempo de lectura\" \/>\n\t<meta name=\"twitter:data2\" content=\"3 minutos\" \/>\n<script type=\"application\/ld+json\" class=\"yoast-schema-graph\">{\"@context\":\"https:\\\/\\\/schema.org\",\"@graph\":[{\"@type\":\"Article\",\"@id\":\"https:\\\/\\\/www.bbmnoticias.com\\\/mexico-brilla-en-el-festival-de-malaga-oca-y-el-jardin-que-sonamos-se-llevan-la-biznaga\\\/#article\",\"isPartOf\":{\"@id\":\"https:\\\/\\\/www.bbmnoticias.com\\\/labravaradiofm\\\/2026\\\/03\\\/17\\\/mexico-brilla-en-el-festival-de-malaga-oca-y-el-jardin-que-sonamos-se-llevan-la-biznaga\\\/\"},\"author\":{\"name\":\"Mar\u00eda Esther Beltr\u00e1n Mart\u00ednez\",\"@id\":\"https:\\\/\\\/www.bbmnoticias.com\\\/labravaradiofm\\\/#\\\/schema\\\/person\\\/41d0982b1d4323f7e41831830886413d\"},\"headline\":\"M\u00e9xico brilla en el Festival de M\u00e1laga: &#8220;Oca&#8221; y &#8220;El jard\u00edn que so\u00f1amos&#8221; se llevan la Biznaga\",\"datePublished\":\"2026-03-17T15:19:19+00:00\",\"dateModified\":\"2026-03-17T15:19:23+00:00\",\"mainEntityOfPage\":{\"@id\":\"https:\\\/\\\/www.bbmnoticias.com\\\/labravaradiofm\\\/2026\\\/03\\\/17\\\/mexico-brilla-en-el-festival-de-malaga-oca-y-el-jardin-que-sonamos-se-llevan-la-biznaga\\\/\"},\"wordCount\":561,\"image\":{\"@id\":\"https:\\\/\\\/www.bbmnoticias.com\\\/mexico-brilla-en-el-festival-de-malaga-oca-y-el-jardin-que-sonamos-se-llevan-la-biznaga\\\/#primaryimage\"},\"thumbnailUrl\":\"https:\\\/\\\/www.bbmnoticias.com\\\/labravaradiofm\\\/wp-content\\\/uploads\\\/sites\\\/5\\\/2026\\\/03\\\/festival_malaga.jpg\",\"articleSection\":[\"ESPECT\u00c1CULOS\",\"LOCAL\"],\"inLanguage\":\"es\"},{\"@type\":\"WebPage\",\"@id\":\"https:\\\/\\\/www.bbmnoticias.com\\\/labravaradiofm\\\/2026\\\/03\\\/17\\\/mexico-brilla-en-el-festival-de-malaga-oca-y-el-jardin-que-sonamos-se-llevan-la-biznaga\\\/\",\"url\":\"https:\\\/\\\/www.bbmnoticias.com\\\/mexico-brilla-en-el-festival-de-malaga-oca-y-el-jardin-que-sonamos-se-llevan-la-biznaga\\\/\",\"name\":\"M\u00e9xico brilla en el Festival de M\u00e1laga: \\\"Oca\\\" y \\\"El jard\u00edn que so\u00f1amos\\\" se llevan la Biznaga - LA BRAVA RADIO\",\"isPartOf\":{\"@id\":\"https:\\\/\\\/www.bbmnoticias.com\\\/labravaradiofm\\\/#website\"},\"primaryImageOfPage\":{\"@id\":\"https:\\\/\\\/www.bbmnoticias.com\\\/mexico-brilla-en-el-festival-de-malaga-oca-y-el-jardin-que-sonamos-se-llevan-la-biznaga\\\/#primaryimage\"},\"image\":{\"@id\":\"https:\\\/\\\/www.bbmnoticias.com\\\/mexico-brilla-en-el-festival-de-malaga-oca-y-el-jardin-que-sonamos-se-llevan-la-biznaga\\\/#primaryimage\"},\"thumbnailUrl\":\"https:\\\/\\\/www.bbmnoticias.com\\\/labravaradiofm\\\/wp-content\\\/uploads\\\/sites\\\/5\\\/2026\\\/03\\\/festival_malaga.jpg\",\"datePublished\":\"2026-03-17T15:19:19+00:00\",\"dateModified\":\"2026-03-17T15:19:23+00:00\",\"author\":{\"@id\":\"https:\\\/\\\/www.bbmnoticias.com\\\/labravaradiofm\\\/#\\\/schema\\\/person\\\/41d0982b1d4323f7e41831830886413d\"},\"breadcrumb\":{\"@id\":\"https:\\\/\\\/www.bbmnoticias.com\\\/mexico-brilla-en-el-festival-de-malaga-oca-y-el-jardin-que-sonamos-se-llevan-la-biznaga\\\/#breadcrumb\"},\"inLanguage\":\"es\",\"potentialAction\":[{\"@type\":\"ReadAction\",\"target\":[\"https:\\\/\\\/www.bbmnoticias.com\\\/mexico-brilla-en-el-festival-de-malaga-oca-y-el-jardin-que-sonamos-se-llevan-la-biznaga\\\/\"]}]},{\"@type\":\"ImageObject\",\"inLanguage\":\"es\",\"@id\":\"https:\\\/\\\/www.bbmnoticias.com\\\/mexico-brilla-en-el-festival-de-malaga-oca-y-el-jardin-que-sonamos-se-llevan-la-biznaga\\\/#primaryimage\",\"url\":\"https:\\\/\\\/www.bbmnoticias.com\\\/labravaradiofm\\\/wp-content\\\/uploads\\\/sites\\\/5\\\/2026\\\/03\\\/festival_malaga.jpg\",\"contentUrl\":\"https:\\\/\\\/www.bbmnoticias.com\\\/labravaradiofm\\\/wp-content\\\/uploads\\\/sites\\\/5\\\/2026\\\/03\\\/festival_malaga.jpg\",\"width\":800,\"height\":533},{\"@type\":\"BreadcrumbList\",\"@id\":\"https:\\\/\\\/www.bbmnoticias.com\\\/mexico-brilla-en-el-festival-de-malaga-oca-y-el-jardin-que-sonamos-se-llevan-la-biznaga\\\/#breadcrumb\",\"itemListElement\":[{\"@type\":\"ListItem\",\"position\":1,\"name\":\"Inicio\",\"item\":\"https:\\\/\\\/www.bbmnoticias.com\\\/labravaradiofm\\\/\"},{\"@type\":\"ListItem\",\"position\":2,\"name\":\"M\u00e9xico brilla en el Festival de M\u00e1laga: &#8220;Oca&#8221; y &#8220;El jard\u00edn que so\u00f1amos&#8221; se llevan la Biznaga\"}]},{\"@type\":\"WebSite\",\"@id\":\"https:\\\/\\\/www.bbmnoticias.com\\\/labravaradiofm\\\/#website\",\"url\":\"https:\\\/\\\/www.bbmnoticias.com\\\/labravaradiofm\\\/\",\"name\":\"LA BRAVA RADIO\",\"description\":\"Empresa productora de medios, Radiodifusi\u00f3n, Noticias, tendencias y todo lo que necesitas saber de la pol\u00edtica mexicana e internacional; entretenimiento, espect\u00e1culos, salud y mucho m\u00e1s.\",\"potentialAction\":[{\"@type\":\"SearchAction\",\"target\":{\"@type\":\"EntryPoint\",\"urlTemplate\":\"https:\\\/\\\/www.bbmnoticias.com\\\/labravaradiofm\\\/?s={search_term_string}\"},\"query-input\":{\"@type\":\"PropertyValueSpecification\",\"valueRequired\":true,\"valueName\":\"search_term_string\"}}],\"inLanguage\":\"es\"},{\"@type\":\"Person\",\"@id\":\"https:\\\/\\\/www.bbmnoticias.com\\\/labravaradiofm\\\/#\\\/schema\\\/person\\\/41d0982b1d4323f7e41831830886413d\",\"name\":\"Mar\u00eda Esther Beltr\u00e1n Mart\u00ednez\",\"image\":{\"@type\":\"ImageObject\",\"inLanguage\":\"es\",\"@id\":\"https:\\\/\\\/secure.gravatar.com\\\/avatar\\\/50efe5915c3eac137dcc550ff1c590bc6054705eb482a33520c9501c8eec550f?s=96&d=mm&r=g\",\"url\":\"https:\\\/\\\/secure.gravatar.com\\\/avatar\\\/50efe5915c3eac137dcc550ff1c590bc6054705eb482a33520c9501c8eec550f?s=96&d=mm&r=g\",\"contentUrl\":\"https:\\\/\\\/secure.gravatar.com\\\/avatar\\\/50efe5915c3eac137dcc550ff1c590bc6054705eb482a33520c9501c8eec550f?s=96&d=mm&r=g\",\"caption\":\"Mar\u00eda Esther Beltr\u00e1n Mart\u00ednez\"},\"url\":\"https:\\\/\\\/www.bbmnoticias.com\\\/labravaradiofm\\\/author\\\/maria\\\/\"}]}<\/script>\n<!-- \/ Yoast SEO plugin. -->","yoast_head_json":{"title":"M\u00e9xico brilla en el Festival de M\u00e1laga: \"Oca\" y \"El jard\u00edn que so\u00f1amos\" se llevan la Biznaga - LA BRAVA RADIO","robots":{"index":"index","follow":"follow","max-snippet":"max-snippet:-1","max-image-preview":"max-image-preview:large","max-video-preview":"max-video-preview:-1"},"canonical":"https:\/\/www.bbmnoticias.com\/mexico-brilla-en-el-festival-de-malaga-oca-y-el-jardin-que-sonamos-se-llevan-la-biznaga\/","og_locale":"es_MX","og_type":"article","og_title":"M\u00e9xico brilla en el Festival de M\u00e1laga: \"Oca\" y \"El jard\u00edn que so\u00f1amos\" se llevan la Biznaga - LA BRAVA RADIO","og_description":"M\u00e1laga, Espa\u00f1a.- \u00a0La 29\u00aa edici\u00f3n del Festival de M\u00e1laga ha concluido con una hist\u00f3rica victoria para el cine mexicano, que se ha consolidado como el gran triunfador de sus secciones m\u00e1s competitivas. Triunfo para &#8220;Oca&#8221; y &#8220;El jard\u00edn que so\u00f1amos&#8221;. El protagonismo de la noche fue para &#8220;Oca&#8221;, de la directora Karla Badillo, que se [&hellip;]","og_url":"https:\/\/www.bbmnoticias.com\/mexico-brilla-en-el-festival-de-malaga-oca-y-el-jardin-que-sonamos-se-llevan-la-biznaga\/","og_site_name":"LA BRAVA RADIO","article_published_time":"2026-03-17T15:19:19+00:00","article_modified_time":"2026-03-17T15:19:23+00:00","og_image":[{"width":800,"height":533,"url":"https:\/\/www.bbmnoticias.com\/labravaradiofm\/wp-content\/uploads\/sites\/5\/2026\/03\/festival_malaga.jpg","type":"image\/jpeg"}],"author":"Mar\u00eda Esther Beltr\u00e1n Mart\u00ednez","twitter_card":"summary_large_image","twitter_misc":{"Escrito por":"Mar\u00eda Esther Beltr\u00e1n Mart\u00ednez","Tiempo de lectura":"3 minutos"},"schema":{"@context":"https:\/\/schema.org","@graph":[{"@type":"Article","@id":"https:\/\/www.bbmnoticias.com\/mexico-brilla-en-el-festival-de-malaga-oca-y-el-jardin-que-sonamos-se-llevan-la-biznaga\/#article","isPartOf":{"@id":"https:\/\/www.bbmnoticias.com\/labravaradiofm\/2026\/03\/17\/mexico-brilla-en-el-festival-de-malaga-oca-y-el-jardin-que-sonamos-se-llevan-la-biznaga\/"},"author":{"name":"Mar\u00eda Esther Beltr\u00e1n Mart\u00ednez","@id":"https:\/\/www.bbmnoticias.com\/labravaradiofm\/#\/schema\/person\/41d0982b1d4323f7e41831830886413d"},"headline":"M\u00e9xico brilla en el Festival de M\u00e1laga: &#8220;Oca&#8221; y &#8220;El jard\u00edn que so\u00f1amos&#8221; se llevan la Biznaga","datePublished":"2026-03-17T15:19:19+00:00","dateModified":"2026-03-17T15:19:23+00:00","mainEntityOfPage":{"@id":"https:\/\/www.bbmnoticias.com\/labravaradiofm\/2026\/03\/17\/mexico-brilla-en-el-festival-de-malaga-oca-y-el-jardin-que-sonamos-se-llevan-la-biznaga\/"},"wordCount":561,"image":{"@id":"https:\/\/www.bbmnoticias.com\/mexico-brilla-en-el-festival-de-malaga-oca-y-el-jardin-que-sonamos-se-llevan-la-biznaga\/#primaryimage"},"thumbnailUrl":"https:\/\/www.bbmnoticias.com\/labravaradiofm\/wp-content\/uploads\/sites\/5\/2026\/03\/festival_malaga.jpg","articleSection":["ESPECT\u00c1CULOS","LOCAL"],"inLanguage":"es"},{"@type":"WebPage","@id":"https:\/\/www.bbmnoticias.com\/labravaradiofm\/2026\/03\/17\/mexico-brilla-en-el-festival-de-malaga-oca-y-el-jardin-que-sonamos-se-llevan-la-biznaga\/","url":"https:\/\/www.bbmnoticias.com\/mexico-brilla-en-el-festival-de-malaga-oca-y-el-jardin-que-sonamos-se-llevan-la-biznaga\/","name":"M\u00e9xico brilla en el Festival de M\u00e1laga: \"Oca\" y \"El jard\u00edn que so\u00f1amos\" se llevan la Biznaga - LA BRAVA RADIO","isPartOf":{"@id":"https:\/\/www.bbmnoticias.com\/labravaradiofm\/#website"},"primaryImageOfPage":{"@id":"https:\/\/www.bbmnoticias.com\/mexico-brilla-en-el-festival-de-malaga-oca-y-el-jardin-que-sonamos-se-llevan-la-biznaga\/#primaryimage"},"image":{"@id":"https:\/\/www.bbmnoticias.com\/mexico-brilla-en-el-festival-de-malaga-oca-y-el-jardin-que-sonamos-se-llevan-la-biznaga\/#primaryimage"},"thumbnailUrl":"https:\/\/www.bbmnoticias.com\/labravaradiofm\/wp-content\/uploads\/sites\/5\/2026\/03\/festival_malaga.jpg","datePublished":"2026-03-17T15:19:19+00:00","dateModified":"2026-03-17T15:19:23+00:00","author":{"@id":"https:\/\/www.bbmnoticias.com\/labravaradiofm\/#\/schema\/person\/41d0982b1d4323f7e41831830886413d"},"breadcrumb":{"@id":"https:\/\/www.bbmnoticias.com\/mexico-brilla-en-el-festival-de-malaga-oca-y-el-jardin-que-sonamos-se-llevan-la-biznaga\/#breadcrumb"},"inLanguage":"es","potentialAction":[{"@type":"ReadAction","target":["https:\/\/www.bbmnoticias.com\/mexico-brilla-en-el-festival-de-malaga-oca-y-el-jardin-que-sonamos-se-llevan-la-biznaga\/"]}]},{"@type":"ImageObject","inLanguage":"es","@id":"https:\/\/www.bbmnoticias.com\/mexico-brilla-en-el-festival-de-malaga-oca-y-el-jardin-que-sonamos-se-llevan-la-biznaga\/#primaryimage","url":"https:\/\/www.bbmnoticias.com\/labravaradiofm\/wp-content\/uploads\/sites\/5\/2026\/03\/festival_malaga.jpg","contentUrl":"https:\/\/www.bbmnoticias.com\/labravaradiofm\/wp-content\/uploads\/sites\/5\/2026\/03\/festival_malaga.jpg","width":800,"height":533},{"@type":"BreadcrumbList","@id":"https:\/\/www.bbmnoticias.com\/mexico-brilla-en-el-festival-de-malaga-oca-y-el-jardin-que-sonamos-se-llevan-la-biznaga\/#breadcrumb","itemListElement":[{"@type":"ListItem","position":1,"name":"Inicio","item":"https:\/\/www.bbmnoticias.com\/labravaradiofm\/"},{"@type":"ListItem","position":2,"name":"M\u00e9xico brilla en el Festival de M\u00e1laga: &#8220;Oca&#8221; y &#8220;El jard\u00edn que so\u00f1amos&#8221; se llevan la Biznaga"}]},{"@type":"WebSite","@id":"https:\/\/www.bbmnoticias.com\/labravaradiofm\/#website","url":"https:\/\/www.bbmnoticias.com\/labravaradiofm\/","name":"LA BRAVA RADIO","description":"Empresa productora de medios, Radiodifusi\u00f3n, Noticias, tendencias y todo lo que necesitas saber de la pol\u00edtica mexicana e internacional; entretenimiento, espect\u00e1culos, salud y mucho m\u00e1s.","potentialAction":[{"@type":"SearchAction","target":{"@type":"EntryPoint","urlTemplate":"https:\/\/www.bbmnoticias.com\/labravaradiofm\/?s={search_term_string}"},"query-input":{"@type":"PropertyValueSpecification","valueRequired":true,"valueName":"search_term_string"}}],"inLanguage":"es"},{"@type":"Person","@id":"https:\/\/www.bbmnoticias.com\/labravaradiofm\/#\/schema\/person\/41d0982b1d4323f7e41831830886413d","name":"Mar\u00eda Esther Beltr\u00e1n Mart\u00ednez","image":{"@type":"ImageObject","inLanguage":"es","@id":"https:\/\/secure.gravatar.com\/avatar\/50efe5915c3eac137dcc550ff1c590bc6054705eb482a33520c9501c8eec550f?s=96&d=mm&r=g","url":"https:\/\/secure.gravatar.com\/avatar\/50efe5915c3eac137dcc550ff1c590bc6054705eb482a33520c9501c8eec550f?s=96&d=mm&r=g","contentUrl":"https:\/\/secure.gravatar.com\/avatar\/50efe5915c3eac137dcc550ff1c590bc6054705eb482a33520c9501c8eec550f?s=96&d=mm&r=g","caption":"Mar\u00eda Esther Beltr\u00e1n Mart\u00ednez"},"url":"https:\/\/www.bbmnoticias.com\/labravaradiofm\/author\/maria\/"}]}},"_links":{"self":[{"href":"https:\/\/www.bbmnoticias.com\/labravaradiofm\/wp-json\/wp\/v2\/posts\/75236","targetHints":{"allow":["GET"]}}],"collection":[{"href":"https:\/\/www.bbmnoticias.com\/labravaradiofm\/wp-json\/wp\/v2\/posts"}],"about":[{"href":"https:\/\/www.bbmnoticias.com\/labravaradiofm\/wp-json\/wp\/v2\/types\/post"}],"author":[{"embeddable":true,"href":"https:\/\/www.bbmnoticias.com\/labravaradiofm\/wp-json\/wp\/v2\/users\/6"}],"replies":[{"embeddable":true,"href":"https:\/\/www.bbmnoticias.com\/labravaradiofm\/wp-json\/wp\/v2\/comments?post=75236"}],"version-history":[{"count":1,"href":"https:\/\/www.bbmnoticias.com\/labravaradiofm\/wp-json\/wp\/v2\/posts\/75236\/revisions"}],"predecessor-version":[{"id":75237,"href":"https:\/\/www.bbmnoticias.com\/labravaradiofm\/wp-json\/wp\/v2\/posts\/75236\/revisions\/75237"}],"wp:featuredmedia":[{"embeddable":true,"href":"https:\/\/www.bbmnoticias.com\/labravaradiofm\/wp-json\/wp\/v2\/media\/75238"}],"wp:attachment":[{"href":"https:\/\/www.bbmnoticias.com\/labravaradiofm\/wp-json\/wp\/v2\/media?parent=75236"}],"wp:term":[{"taxonomy":"category","embeddable":true,"href":"https:\/\/www.bbmnoticias.com\/labravaradiofm\/wp-json\/wp\/v2\/categories?post=75236"},{"taxonomy":"post_tag","embeddable":true,"href":"https:\/\/www.bbmnoticias.com\/labravaradiofm\/wp-json\/wp\/v2\/tags?post=75236"}],"curies":[{"name":"wp","href":"https:\/\/api.w.org\/{rel}","templated":true}]}}