{"id":75224,"date":"2026-03-16T16:50:20","date_gmt":"2026-03-16T22:50:20","guid":{"rendered":"https:\/\/www.bbmnoticias.com\/labravaradiofm\/2026\/03\/16\/detiene-fgeo-a-un-hombre-por-tentativa-de-homicidio-en-la-costa\/"},"modified":"2026-03-16T16:50:45","modified_gmt":"2026-03-16T22:50:45","slug":"detiene-fgeo-a-un-hombre-por-tentativa-de-homicidio-en-la-costa","status":"publish","type":"post","link":"https:\/\/www.bbmnoticias.com\/labravaradiofm\/2026\/03\/16\/detiene-fgeo-a-un-hombre-por-tentativa-de-homicidio-en-la-costa\/","title":{"rendered":"Detiene FGEO a un hombre por tentativa de homicidio en la Costa"},"content":{"rendered":"<div style=\"margin-top: 0px; margin-bottom: 0px;\" class=\"sharethis-inline-share-buttons\" ><\/div>\n<p><strong>Oaxaca de Ju\u00e1rez, Oax.- <\/strong>La Fiscal\u00eda General del Estado de Oaxaca (FGEO) ejecut\u00f3 una orden de aprehensi\u00f3n en contra de una persona del sexo masculino identificado como A.H.G. por tentativa de homicidio, por hechos ocurridos en Santa Catarina Mechocan en la Costa.<\/p>\n\n\n\n<p>De acuerdo con el expediente penal del caso, los hechos ocurrieron el 28 de octubre de 2025, cuando la v\u00edctima se encontraba en el interior de su domicilio ubicado en la comunidad de Santa Catarina Mechoac\u00e1n, lugar al que ingres\u00f3 un hombre portando un arma corto contundente (cuchillo), agrede a la v\u00edctima y le causa lesiones en el cuello, as\u00ed como en la mano izquierda, por lo que la v\u00edctima huye para ponerse a salvo, es auxiliado y llevado a una instituci\u00f3n m\u00e9dica donde es atendido.<\/p>\n\n\n\n<p>Tras los trabajos ministeriales realizados por la la Vicefiscal\u00eda Regional de la Costa, se logr\u00f3 obtener una orden de aprehensi\u00f3n y posteriormente, la detenci\u00f3n de A.H.G., mediante un operativo de b\u00fasqueda efectuado por elementos de la Agencia Estatal de Investigaciones (AEI).<\/p>\n\n\n\n<p>Despu\u00e9s de ser detenido A.H.G.&nbsp; fue puesto a disposici\u00f3n de la autoridad ministerial correspondiente para que se determin\u00e9 su situaci\u00f3n jur\u00eddica.<\/p>\n\n\n\n<p>La Fiscal\u00eda General del Estado de Oaxaca est\u00e1 comprometida con realizar investigaciones s\u00f3lidas y estrat\u00e9gicas que permitan neutralizar a generadores de violencia en las distintas regiones de la entidad, fortaleciendo as\u00ed la seguridad y el acceso efectivo a la procuraci\u00f3n de justicia.<\/p>\n","protected":false},"excerpt":{"rendered":"<p>Oaxaca de Ju\u00e1rez, Oax.- La Fiscal\u00eda General del Estado de Oaxaca (FGEO) ejecut\u00f3 una orden de aprehensi\u00f3n en contra de una persona del sexo masculino identificado como A.H.G. por tentativa de homicidio, por hechos ocurridos en Santa Catarina Mechocan en la Costa. De acuerdo con el expediente penal del caso, los hechos ocurrieron el 28 [&hellip;]<\/p>\n","protected":false},"author":2,"featured_media":75226,"comment_status":"closed","ping_status":"open","sticky":false,"template":"","format":"standard","meta":{"footnotes":""},"categories":[2,20],"tags":[],"class_list":{"0":"post-75224","1":"post","2":"type-post","3":"status-publish","4":"format-standard","5":"has-post-thumbnail","7":"category-oaxaca","8":"category-policiaca"},"yoast_head":"<!-- This site is optimized with the Yoast SEO plugin v27.4 - https:\/\/yoast.com\/product\/yoast-seo-wordpress\/ -->\n<title>Detiene FGEO a un hombre por tentativa de homicidio en la Costa - LA BRAVA RADIO<\/title>\n<meta name=\"robots\" content=\"index, follow, max-snippet:-1, max-image-preview:large, max-video-preview:-1\" \/>\n<link rel=\"canonical\" href=\"https:\/\/www.bbmnoticias.com\/detiene-fgeo-a-un-hombre-por-tentativa-de-homicidio-en-la-costa\/\" \/>\n<meta property=\"og:locale\" content=\"es_MX\" \/>\n<meta property=\"og:type\" content=\"article\" \/>\n<meta property=\"og:title\" content=\"Detiene FGEO a un hombre por tentativa de homicidio en la Costa - LA BRAVA RADIO\" \/>\n<meta property=\"og:description\" content=\"Oaxaca de Ju\u00e1rez, Oax.- La Fiscal\u00eda General del Estado de Oaxaca (FGEO) ejecut\u00f3 una orden de aprehensi\u00f3n en contra de una persona del sexo masculino identificado como A.H.G. por tentativa de homicidio, por hechos ocurridos en Santa Catarina Mechocan en la Costa. De acuerdo con el expediente penal del caso, los hechos ocurrieron el 28 [&hellip;]\" \/>\n<meta property=\"og:url\" content=\"https:\/\/www.bbmnoticias.com\/detiene-fgeo-a-un-hombre-por-tentativa-de-homicidio-en-la-costa\/\" \/>\n<meta property=\"og:site_name\" content=\"LA BRAVA RADIO\" \/>\n<meta property=\"article:published_time\" content=\"2026-03-16T22:50:20+00:00\" \/>\n<meta property=\"article:modified_time\" content=\"2026-03-16T22:50:45+00:00\" \/>\n<meta property=\"og:image\" content=\"https:\/\/www.bbmnoticias.com\/labravaradiofm\/wp-content\/uploads\/sites\/5\/2026\/03\/Sin-titulo-5.jpg\" \/>\n\t<meta property=\"og:image:width\" content=\"591\" \/>\n\t<meta property=\"og:image:height\" content=\"481\" \/>\n\t<meta property=\"og:image:type\" content=\"image\/jpeg\" \/>\n<meta name=\"author\" content=\"Staff\" \/>\n<meta name=\"twitter:card\" content=\"summary_large_image\" \/>\n<meta name=\"twitter:label1\" content=\"Escrito por\" \/>\n\t<meta name=\"twitter:data1\" content=\"Staff\" \/>\n\t<meta name=\"twitter:label2\" content=\"Tiempo de lectura\" \/>\n\t<meta name=\"twitter:data2\" content=\"1 minuto\" \/>\n<script type=\"application\/ld+json\" class=\"yoast-schema-graph\">{\"@context\":\"https:\\\/\\\/schema.org\",\"@graph\":[{\"@type\":\"Article\",\"@id\":\"https:\\\/\\\/www.bbmnoticias.com\\\/detiene-fgeo-a-un-hombre-por-tentativa-de-homicidio-en-la-costa\\\/#article\",\"isPartOf\":{\"@id\":\"https:\\\/\\\/www.bbmnoticias.com\\\/labravaradiofm\\\/2026\\\/03\\\/16\\\/detiene-fgeo-a-un-hombre-por-tentativa-de-homicidio-en-la-costa\\\/\"},\"author\":{\"name\":\"Staff\",\"@id\":\"https:\\\/\\\/www.bbmnoticias.com\\\/labravaradiofm\\\/#\\\/schema\\\/person\\\/34b139c617a70ea5bef5678bffe4dd7b\"},\"headline\":\"Detiene FGEO a un hombre por tentativa de homicidio en la Costa\",\"datePublished\":\"2026-03-16T22:50:20+00:00\",\"dateModified\":\"2026-03-16T22:50:45+00:00\",\"mainEntityOfPage\":{\"@id\":\"https:\\\/\\\/www.bbmnoticias.com\\\/labravaradiofm\\\/2026\\\/03\\\/16\\\/detiene-fgeo-a-un-hombre-por-tentativa-de-homicidio-en-la-costa\\\/\"},\"wordCount\":271,\"image\":{\"@id\":\"https:\\\/\\\/www.bbmnoticias.com\\\/detiene-fgeo-a-un-hombre-por-tentativa-de-homicidio-en-la-costa\\\/#primaryimage\"},\"thumbnailUrl\":\"https:\\\/\\\/www.bbmnoticias.com\\\/labravaradiofm\\\/wp-content\\\/uploads\\\/sites\\\/5\\\/2026\\\/03\\\/Sin-titulo-5.jpg\",\"articleSection\":[\"LOCAL\",\"POLICIACA\"],\"inLanguage\":\"es\"},{\"@type\":\"WebPage\",\"@id\":\"https:\\\/\\\/www.bbmnoticias.com\\\/labravaradiofm\\\/2026\\\/03\\\/16\\\/detiene-fgeo-a-un-hombre-por-tentativa-de-homicidio-en-la-costa\\\/\",\"url\":\"https:\\\/\\\/www.bbmnoticias.com\\\/detiene-fgeo-a-un-hombre-por-tentativa-de-homicidio-en-la-costa\\\/\",\"name\":\"Detiene FGEO a un hombre por tentativa de homicidio en la Costa - LA BRAVA RADIO\",\"isPartOf\":{\"@id\":\"https:\\\/\\\/www.bbmnoticias.com\\\/labravaradiofm\\\/#website\"},\"primaryImageOfPage\":{\"@id\":\"https:\\\/\\\/www.bbmnoticias.com\\\/detiene-fgeo-a-un-hombre-por-tentativa-de-homicidio-en-la-costa\\\/#primaryimage\"},\"image\":{\"@id\":\"https:\\\/\\\/www.bbmnoticias.com\\\/detiene-fgeo-a-un-hombre-por-tentativa-de-homicidio-en-la-costa\\\/#primaryimage\"},\"thumbnailUrl\":\"https:\\\/\\\/www.bbmnoticias.com\\\/labravaradiofm\\\/wp-content\\\/uploads\\\/sites\\\/5\\\/2026\\\/03\\\/Sin-titulo-5.jpg\",\"datePublished\":\"2026-03-16T22:50:20+00:00\",\"dateModified\":\"2026-03-16T22:50:45+00:00\",\"author\":{\"@id\":\"https:\\\/\\\/www.bbmnoticias.com\\\/labravaradiofm\\\/#\\\/schema\\\/person\\\/34b139c617a70ea5bef5678bffe4dd7b\"},\"breadcrumb\":{\"@id\":\"https:\\\/\\\/www.bbmnoticias.com\\\/detiene-fgeo-a-un-hombre-por-tentativa-de-homicidio-en-la-costa\\\/#breadcrumb\"},\"inLanguage\":\"es\",\"potentialAction\":[{\"@type\":\"ReadAction\",\"target\":[\"https:\\\/\\\/www.bbmnoticias.com\\\/detiene-fgeo-a-un-hombre-por-tentativa-de-homicidio-en-la-costa\\\/\"]}]},{\"@type\":\"ImageObject\",\"inLanguage\":\"es\",\"@id\":\"https:\\\/\\\/www.bbmnoticias.com\\\/detiene-fgeo-a-un-hombre-por-tentativa-de-homicidio-en-la-costa\\\/#primaryimage\",\"url\":\"https:\\\/\\\/www.bbmnoticias.com\\\/labravaradiofm\\\/wp-content\\\/uploads\\\/sites\\\/5\\\/2026\\\/03\\\/Sin-titulo-5.jpg\",\"contentUrl\":\"https:\\\/\\\/www.bbmnoticias.com\\\/labravaradiofm\\\/wp-content\\\/uploads\\\/sites\\\/5\\\/2026\\\/03\\\/Sin-titulo-5.jpg\",\"width\":591,\"height\":481},{\"@type\":\"BreadcrumbList\",\"@id\":\"https:\\\/\\\/www.bbmnoticias.com\\\/detiene-fgeo-a-un-hombre-por-tentativa-de-homicidio-en-la-costa\\\/#breadcrumb\",\"itemListElement\":[{\"@type\":\"ListItem\",\"position\":1,\"name\":\"Inicio\",\"item\":\"https:\\\/\\\/www.bbmnoticias.com\\\/labravaradiofm\\\/\"},{\"@type\":\"ListItem\",\"position\":2,\"name\":\"Detiene FGEO a un hombre por tentativa de homicidio en la Costa\"}]},{\"@type\":\"WebSite\",\"@id\":\"https:\\\/\\\/www.bbmnoticias.com\\\/labravaradiofm\\\/#website\",\"url\":\"https:\\\/\\\/www.bbmnoticias.com\\\/labravaradiofm\\\/\",\"name\":\"LA BRAVA RADIO\",\"description\":\"Empresa productora de medios, Radiodifusi\u00f3n, Noticias, tendencias y todo lo que necesitas saber de la pol\u00edtica mexicana e internacional; entretenimiento, espect\u00e1culos, salud y mucho m\u00e1s.\",\"potentialAction\":[{\"@type\":\"SearchAction\",\"target\":{\"@type\":\"EntryPoint\",\"urlTemplate\":\"https:\\\/\\\/www.bbmnoticias.com\\\/labravaradiofm\\\/?s={search_term_string}\"},\"query-input\":{\"@type\":\"PropertyValueSpecification\",\"valueRequired\":true,\"valueName\":\"search_term_string\"}}],\"inLanguage\":\"es\"},{\"@type\":\"Person\",\"@id\":\"https:\\\/\\\/www.bbmnoticias.com\\\/labravaradiofm\\\/#\\\/schema\\\/person\\\/34b139c617a70ea5bef5678bffe4dd7b\",\"name\":\"Staff\",\"image\":{\"@type\":\"ImageObject\",\"inLanguage\":\"es\",\"@id\":\"https:\\\/\\\/secure.gravatar.com\\\/avatar\\\/fdd21ad66fd8b98c407f9dee5b5e588cfe7f0d8579ec20fa6527cd59bab7f0f0?s=96&d=mm&r=g\",\"url\":\"https:\\\/\\\/secure.gravatar.com\\\/avatar\\\/fdd21ad66fd8b98c407f9dee5b5e588cfe7f0d8579ec20fa6527cd59bab7f0f0?s=96&d=mm&r=g\",\"contentUrl\":\"https:\\\/\\\/secure.gravatar.com\\\/avatar\\\/fdd21ad66fd8b98c407f9dee5b5e588cfe7f0d8579ec20fa6527cd59bab7f0f0?s=96&d=mm&r=g\",\"caption\":\"Staff\"},\"url\":\"https:\\\/\\\/www.bbmnoticias.com\\\/labravaradiofm\\\/author\\\/redaccion\\\/\"}]}<\/script>\n<!-- \/ Yoast SEO plugin. -->","yoast_head_json":{"title":"Detiene FGEO a un hombre por tentativa de homicidio en la Costa - LA BRAVA RADIO","robots":{"index":"index","follow":"follow","max-snippet":"max-snippet:-1","max-image-preview":"max-image-preview:large","max-video-preview":"max-video-preview:-1"},"canonical":"https:\/\/www.bbmnoticias.com\/detiene-fgeo-a-un-hombre-por-tentativa-de-homicidio-en-la-costa\/","og_locale":"es_MX","og_type":"article","og_title":"Detiene FGEO a un hombre por tentativa de homicidio en la Costa - LA BRAVA RADIO","og_description":"Oaxaca de Ju\u00e1rez, Oax.- La Fiscal\u00eda General del Estado de Oaxaca (FGEO) ejecut\u00f3 una orden de aprehensi\u00f3n en contra de una persona del sexo masculino identificado como A.H.G. por tentativa de homicidio, por hechos ocurridos en Santa Catarina Mechocan en la Costa. De acuerdo con el expediente penal del caso, los hechos ocurrieron el 28 [&hellip;]","og_url":"https:\/\/www.bbmnoticias.com\/detiene-fgeo-a-un-hombre-por-tentativa-de-homicidio-en-la-costa\/","og_site_name":"LA BRAVA RADIO","article_published_time":"2026-03-16T22:50:20+00:00","article_modified_time":"2026-03-16T22:50:45+00:00","og_image":[{"width":591,"height":481,"url":"https:\/\/www.bbmnoticias.com\/labravaradiofm\/wp-content\/uploads\/sites\/5\/2026\/03\/Sin-titulo-5.jpg","type":"image\/jpeg"}],"author":"Staff","twitter_card":"summary_large_image","twitter_misc":{"Escrito por":"Staff","Tiempo de lectura":"1 minuto"},"schema":{"@context":"https:\/\/schema.org","@graph":[{"@type":"Article","@id":"https:\/\/www.bbmnoticias.com\/detiene-fgeo-a-un-hombre-por-tentativa-de-homicidio-en-la-costa\/#article","isPartOf":{"@id":"https:\/\/www.bbmnoticias.com\/labravaradiofm\/2026\/03\/16\/detiene-fgeo-a-un-hombre-por-tentativa-de-homicidio-en-la-costa\/"},"author":{"name":"Staff","@id":"https:\/\/www.bbmnoticias.com\/labravaradiofm\/#\/schema\/person\/34b139c617a70ea5bef5678bffe4dd7b"},"headline":"Detiene FGEO a un hombre por tentativa de homicidio en la Costa","datePublished":"2026-03-16T22:50:20+00:00","dateModified":"2026-03-16T22:50:45+00:00","mainEntityOfPage":{"@id":"https:\/\/www.bbmnoticias.com\/labravaradiofm\/2026\/03\/16\/detiene-fgeo-a-un-hombre-por-tentativa-de-homicidio-en-la-costa\/"},"wordCount":271,"image":{"@id":"https:\/\/www.bbmnoticias.com\/detiene-fgeo-a-un-hombre-por-tentativa-de-homicidio-en-la-costa\/#primaryimage"},"thumbnailUrl":"https:\/\/www.bbmnoticias.com\/labravaradiofm\/wp-content\/uploads\/sites\/5\/2026\/03\/Sin-titulo-5.jpg","articleSection":["LOCAL","POLICIACA"],"inLanguage":"es"},{"@type":"WebPage","@id":"https:\/\/www.bbmnoticias.com\/labravaradiofm\/2026\/03\/16\/detiene-fgeo-a-un-hombre-por-tentativa-de-homicidio-en-la-costa\/","url":"https:\/\/www.bbmnoticias.com\/detiene-fgeo-a-un-hombre-por-tentativa-de-homicidio-en-la-costa\/","name":"Detiene FGEO a un hombre por tentativa de homicidio en la Costa - LA BRAVA RADIO","isPartOf":{"@id":"https:\/\/www.bbmnoticias.com\/labravaradiofm\/#website"},"primaryImageOfPage":{"@id":"https:\/\/www.bbmnoticias.com\/detiene-fgeo-a-un-hombre-por-tentativa-de-homicidio-en-la-costa\/#primaryimage"},"image":{"@id":"https:\/\/www.bbmnoticias.com\/detiene-fgeo-a-un-hombre-por-tentativa-de-homicidio-en-la-costa\/#primaryimage"},"thumbnailUrl":"https:\/\/www.bbmnoticias.com\/labravaradiofm\/wp-content\/uploads\/sites\/5\/2026\/03\/Sin-titulo-5.jpg","datePublished":"2026-03-16T22:50:20+00:00","dateModified":"2026-03-16T22:50:45+00:00","author":{"@id":"https:\/\/www.bbmnoticias.com\/labravaradiofm\/#\/schema\/person\/34b139c617a70ea5bef5678bffe4dd7b"},"breadcrumb":{"@id":"https:\/\/www.bbmnoticias.com\/detiene-fgeo-a-un-hombre-por-tentativa-de-homicidio-en-la-costa\/#breadcrumb"},"inLanguage":"es","potentialAction":[{"@type":"ReadAction","target":["https:\/\/www.bbmnoticias.com\/detiene-fgeo-a-un-hombre-por-tentativa-de-homicidio-en-la-costa\/"]}]},{"@type":"ImageObject","inLanguage":"es","@id":"https:\/\/www.bbmnoticias.com\/detiene-fgeo-a-un-hombre-por-tentativa-de-homicidio-en-la-costa\/#primaryimage","url":"https:\/\/www.bbmnoticias.com\/labravaradiofm\/wp-content\/uploads\/sites\/5\/2026\/03\/Sin-titulo-5.jpg","contentUrl":"https:\/\/www.bbmnoticias.com\/labravaradiofm\/wp-content\/uploads\/sites\/5\/2026\/03\/Sin-titulo-5.jpg","width":591,"height":481},{"@type":"BreadcrumbList","@id":"https:\/\/www.bbmnoticias.com\/detiene-fgeo-a-un-hombre-por-tentativa-de-homicidio-en-la-costa\/#breadcrumb","itemListElement":[{"@type":"ListItem","position":1,"name":"Inicio","item":"https:\/\/www.bbmnoticias.com\/labravaradiofm\/"},{"@type":"ListItem","position":2,"name":"Detiene FGEO a un hombre por tentativa de homicidio en la Costa"}]},{"@type":"WebSite","@id":"https:\/\/www.bbmnoticias.com\/labravaradiofm\/#website","url":"https:\/\/www.bbmnoticias.com\/labravaradiofm\/","name":"LA BRAVA RADIO","description":"Empresa productora de medios, Radiodifusi\u00f3n, Noticias, tendencias y todo lo que necesitas saber de la pol\u00edtica mexicana e internacional; entretenimiento, espect\u00e1culos, salud y mucho m\u00e1s.","potentialAction":[{"@type":"SearchAction","target":{"@type":"EntryPoint","urlTemplate":"https:\/\/www.bbmnoticias.com\/labravaradiofm\/?s={search_term_string}"},"query-input":{"@type":"PropertyValueSpecification","valueRequired":true,"valueName":"search_term_string"}}],"inLanguage":"es"},{"@type":"Person","@id":"https:\/\/www.bbmnoticias.com\/labravaradiofm\/#\/schema\/person\/34b139c617a70ea5bef5678bffe4dd7b","name":"Staff","image":{"@type":"ImageObject","inLanguage":"es","@id":"https:\/\/secure.gravatar.com\/avatar\/fdd21ad66fd8b98c407f9dee5b5e588cfe7f0d8579ec20fa6527cd59bab7f0f0?s=96&d=mm&r=g","url":"https:\/\/secure.gravatar.com\/avatar\/fdd21ad66fd8b98c407f9dee5b5e588cfe7f0d8579ec20fa6527cd59bab7f0f0?s=96&d=mm&r=g","contentUrl":"https:\/\/secure.gravatar.com\/avatar\/fdd21ad66fd8b98c407f9dee5b5e588cfe7f0d8579ec20fa6527cd59bab7f0f0?s=96&d=mm&r=g","caption":"Staff"},"url":"https:\/\/www.bbmnoticias.com\/labravaradiofm\/author\/redaccion\/"}]}},"_links":{"self":[{"href":"https:\/\/www.bbmnoticias.com\/labravaradiofm\/wp-json\/wp\/v2\/posts\/75224","targetHints":{"allow":["GET"]}}],"collection":[{"href":"https:\/\/www.bbmnoticias.com\/labravaradiofm\/wp-json\/wp\/v2\/posts"}],"about":[{"href":"https:\/\/www.bbmnoticias.com\/labravaradiofm\/wp-json\/wp\/v2\/types\/post"}],"author":[{"embeddable":true,"href":"https:\/\/www.bbmnoticias.com\/labravaradiofm\/wp-json\/wp\/v2\/users\/2"}],"replies":[{"embeddable":true,"href":"https:\/\/www.bbmnoticias.com\/labravaradiofm\/wp-json\/wp\/v2\/comments?post=75224"}],"version-history":[{"count":1,"href":"https:\/\/www.bbmnoticias.com\/labravaradiofm\/wp-json\/wp\/v2\/posts\/75224\/revisions"}],"predecessor-version":[{"id":75225,"href":"https:\/\/www.bbmnoticias.com\/labravaradiofm\/wp-json\/wp\/v2\/posts\/75224\/revisions\/75225"}],"wp:featuredmedia":[{"embeddable":true,"href":"https:\/\/www.bbmnoticias.com\/labravaradiofm\/wp-json\/wp\/v2\/media\/75226"}],"wp:attachment":[{"href":"https:\/\/www.bbmnoticias.com\/labravaradiofm\/wp-json\/wp\/v2\/media?parent=75224"}],"wp:term":[{"taxonomy":"category","embeddable":true,"href":"https:\/\/www.bbmnoticias.com\/labravaradiofm\/wp-json\/wp\/v2\/categories?post=75224"},{"taxonomy":"post_tag","embeddable":true,"href":"https:\/\/www.bbmnoticias.com\/labravaradiofm\/wp-json\/wp\/v2\/tags?post=75224"}],"curies":[{"name":"wp","href":"https:\/\/api.w.org\/{rel}","templated":true}]}}