{"id":75218,"date":"2026-03-16T13:54:52","date_gmt":"2026-03-16T19:54:52","guid":{"rendered":"https:\/\/www.bbmnoticias.com\/labravaradiofm\/2026\/03\/16\/fgr-reconoce-contaminacion-de-escena-en-ultimo-refugio-de-el-mencho\/"},"modified":"2026-03-16T13:54:55","modified_gmt":"2026-03-16T19:54:55","slug":"fgr-reconoce-contaminacion-de-escena-en-ultimo-refugio-de-el-mencho","status":"publish","type":"post","link":"https:\/\/www.bbmnoticias.com\/labravaradiofm\/2026\/03\/16\/fgr-reconoce-contaminacion-de-escena-en-ultimo-refugio-de-el-mencho\/","title":{"rendered":"FGR reconoce contaminaci\u00f3n de escena en \u00faltimo refugio de \u2018El Mencho\u2019"},"content":{"rendered":"<div style=\"margin-top: 0px; margin-bottom: 0px;\" class=\"sharethis-inline-share-buttons\" ><\/div>\n<p>La Fiscal\u00eda General de la Rep\u00fablica (FGR) inform\u00f3 que <strong>no fue posible asegurar de inmediato los inmuebles vinculados con Rub\u00e9n \u201cN\u201d, alias &#8220;El Mencho&#8221;<\/strong> tras el operativo realizado en un fraccionamiento del municipio de Tapalpa, en el estado de Jalisco, debido a las <strong>condiciones de riesgo y la complejidad t\u00e1ctica del enfrentamiento armado registrado en la zona<\/strong>.<\/p>\n\n\n\n<p>De acuerdo con el comunicado oficial de la dependencia federal, durante el despliegue de seguridad <strong>se produjeron enfrentamientos armados con presuntos integrantes de un grupo delictivo<\/strong>, lo que oblig\u00f3 a las autoridades a <strong>priorizar la seguridad de los agentes y la atenci\u00f3n m\u00e9dica del detenido<\/strong>, quien result\u00f3 herido durante la intervenci\u00f3n.<\/p>\n\n\n\n<p>El operativo deriv\u00f3 en la <strong>captura del presunto l\u00edder criminal identificado como Rub\u00e9n \u201cN\u201d<\/strong>, quien posteriormente falleci\u00f3 tras ser trasladado a un hospital.<\/p>\n\n\n\n<h2 class=\"wp-block-heading\">Traslado del detenido y control de la zona<\/h2>\n\n\n\n<p>Seg\u00fan explic\u00f3 en un comunicado la FGR, una de las primeras decisiones operativas fue <strong>trasladar al detenido de manera inmediata a un hospital<\/strong>, debido a las lesiones que presentaba tras el enfrentamiento.<\/p>\n\n\n\n<p>Al mismo tiempo, los elementos de seguridad desplegados en el operativo tuvieron que <strong>reubicarse estrat\u00e9gicamente para reforzar la seguridad en distintos puntos del \u00e1rea<\/strong>, ante el riesgo de nuevas acciones por parte del grupo criminal.<\/p>\n\n\n\n<p>La dependencia se\u00f1al\u00f3 que estas circunstancias <strong>impidieron realizar el aseguramiento inmediato de las caba\u00f1as e inmuebles presuntamente utilizados por el grupo delictivo<\/strong>.<\/p>\n\n\n\n<p>La instituci\u00f3n sostuvo que <strong>la zona no contaba con condiciones m\u00ednimas de seguridad<\/strong> para que el personal ministerial y pericial pudiera iniciar los trabajos de investigaci\u00f3n y preservaci\u00f3n de la escena.<\/p>\n\n\n\n<h2 class=\"wp-block-heading\"><strong>Aseguramiento diferido de los inmuebles<\/strong><\/h2>\n\n\n\n<p>La Fiscal\u00eda explic\u00f3 que el <strong>aseguramiento de los inmuebles se realiz\u00f3 posteriormente<\/strong>, una vez que las fuerzas de seguridad lograron <strong>restablecer condiciones m\u00ednimas de control en el \u00e1rea<\/strong>.<\/p>\n\n\n\n<p>En su informe, la dependencia indic\u00f3 que <strong>la prioridad durante el operativo fue contener la situaci\u00f3n de riesgo<\/strong>, por lo que el procedimiento de aseguramiento tuvo que <strong>postergarse hasta que la zona fuera considerada segura para las autoridades<\/strong>.<\/p>\n\n\n\n<p>Esta decisi\u00f3n, se\u00f1al\u00f3 la instituci\u00f3n, se tom\u00f3 con base en <strong>criterios operativos y protocolos de seguridad aplicables en escenarios de enfrentamiento armado<\/strong>.<\/p>\n\n\n\n<h2 class=\"wp-block-heading\"><strong>Ingreso de personas no autorizadas alter\u00f3 la escena<\/strong><\/h2>\n\n\n\n<p>Uno de los puntos m\u00e1s delicados del caso, seg\u00fan reconoci\u00f3 la propia Fiscal\u00eda, fue que <strong>antes de que una autoridad judicial autorizara el cateo correspondiente<\/strong>, se tuvo conocimiento de que <strong>personas no autorizadas ingresaron a los inmuebles relacionados con la investigaci\u00f3n<\/strong>.<\/p>\n\n\n\n<p>La Fiscal\u00eda General de la Rep\u00fablica advirti\u00f3 que esta situaci\u00f3n <strong>pudo alterar la escena y comprometer la integridad de posibles indicios<\/strong>.<\/p>\n\n\n\n<p>Debido a esta circunstancia, la dependencia se\u00f1al\u00f3 que <strong>no es posible garantizar que los objetos o elementos encontrados en el lugar hayan sido preservados conforme a los protocolos legales y periciales establecidos<\/strong>.<\/p>\n\n\n\n<p>La Fiscal\u00eda tambi\u00e9n alert\u00f3 que la <strong>cadena de custodia de los objetos localizados podr\u00eda haberse visto comprometida<\/strong> debido a la contaminaci\u00f3n del sitio.<\/p>\n\n\n\n<p>Este aspecto ser\u00e1 evaluado por las autoridades para <strong>determinar el valor probatorio de los indicios encontrados en los inmuebles<\/strong> y definir si es necesario iniciar acciones legales adicionales.<\/p>\n\n\n\n<p>La instituci\u00f3n explic\u00f3 que <strong>la preservaci\u00f3n adecuada de la escena es fundamental para garantizar la validez jur\u00eddica de las pruebas dentro de un proceso penal<\/strong>.<\/p>\n\n\n\n<h2 class=\"wp-block-heading\">Investigaci\u00f3n interna en curso<\/h2>\n\n\n\n<p>Ante los cuestionamientos generados por la actuaci\u00f3n de las autoridades durante el operativo, la Fiscal\u00eda inform\u00f3 que <strong>inici\u00f3 una investigaci\u00f3n interna<\/strong> con el objetivo de determinar <strong>si alg\u00fan servidor p\u00fablico incurri\u00f3 en irregularidades al no preservar de manera inmediata el lugar de los hechos<\/strong>.<\/p>\n\n\n\n<p>La dependencia federal asegur\u00f3 que continuar\u00e1 <strong>informando sobre el avance del caso conforme lo permita el debido proceso<\/strong>, y reiter\u00f3 que las investigaciones relacionadas con el operativo y los hechos ocurridos en Tapalpa <strong>siguen en desarrollo<\/strong>.<\/p>\n\n\n\n<p>asc<\/p>\n","protected":false},"excerpt":{"rendered":"<p>La Fiscal\u00eda General de la Rep\u00fablica (FGR) inform\u00f3 que no fue posible asegurar de inmediato los inmuebles vinculados con Rub\u00e9n \u201cN\u201d, alias &#8220;El Mencho&#8221; tras el operativo realizado en un fraccionamiento del municipio de Tapalpa, en el estado de Jalisco, debido a las condiciones de riesgo y la complejidad t\u00e1ctica del enfrentamiento armado registrado en [&hellip;]<\/p>\n","protected":false},"author":8,"featured_media":75220,"comment_status":"closed","ping_status":"open","sticky":false,"template":"","format":"standard","meta":{"footnotes":""},"categories":[2,19],"tags":[],"class_list":{"0":"post-75218","1":"post","2":"type-post","3":"status-publish","4":"format-standard","5":"has-post-thumbnail","7":"category-oaxaca","8":"category-nacional"},"yoast_head":"<!-- This site is optimized with the Yoast SEO plugin v27.4 - https:\/\/yoast.com\/product\/yoast-seo-wordpress\/ -->\n<title>FGR reconoce contaminaci\u00f3n de escena en \u00faltimo refugio de \u2018El Mencho\u2019 - LA BRAVA RADIO<\/title>\n<meta name=\"robots\" content=\"index, follow, max-snippet:-1, max-image-preview:large, max-video-preview:-1\" \/>\n<link rel=\"canonical\" href=\"https:\/\/www.bbmnoticias.com\/fgr-reconoce-contaminacion-de-escena-en-ultimo-refugio-de-el-mencho\/\" \/>\n<meta property=\"og:locale\" content=\"es_MX\" \/>\n<meta property=\"og:type\" content=\"article\" \/>\n<meta property=\"og:title\" content=\"FGR reconoce contaminaci\u00f3n de escena en \u00faltimo refugio de \u2018El Mencho\u2019 - LA BRAVA RADIO\" \/>\n<meta property=\"og:description\" content=\"La Fiscal\u00eda General de la Rep\u00fablica (FGR) inform\u00f3 que no fue posible asegurar de inmediato los inmuebles vinculados con Rub\u00e9n \u201cN\u201d, alias &#8220;El Mencho&#8221; tras el operativo realizado en un fraccionamiento del municipio de Tapalpa, en el estado de Jalisco, debido a las condiciones de riesgo y la complejidad t\u00e1ctica del enfrentamiento armado registrado en [&hellip;]\" \/>\n<meta property=\"og:url\" content=\"https:\/\/www.bbmnoticias.com\/fgr-reconoce-contaminacion-de-escena-en-ultimo-refugio-de-el-mencho\/\" \/>\n<meta property=\"og:site_name\" content=\"LA BRAVA RADIO\" \/>\n<meta property=\"article:published_time\" content=\"2026-03-16T19:54:52+00:00\" \/>\n<meta property=\"article:modified_time\" content=\"2026-03-16T19:54:55+00:00\" \/>\n<meta property=\"og:image\" content=\"https:\/\/www.bbmnoticias.com\/labravaradiofm\/wp-content\/uploads\/sites\/5\/2026\/03\/699e14da9c9b2.png\" \/>\n\t<meta property=\"og:image:width\" content=\"813\" \/>\n\t<meta property=\"og:image:height\" content=\"542\" \/>\n\t<meta property=\"og:image:type\" content=\"image\/png\" \/>\n<meta name=\"author\" content=\"Exc\u00e9lsior\" \/>\n<meta name=\"twitter:card\" content=\"summary_large_image\" \/>\n<meta name=\"twitter:label1\" content=\"Escrito por\" \/>\n\t<meta name=\"twitter:data1\" content=\"Exc\u00e9lsior\" \/>\n\t<meta name=\"twitter:label2\" content=\"Tiempo de lectura\" \/>\n\t<meta name=\"twitter:data2\" content=\"3 minutos\" \/>\n<script type=\"application\/ld+json\" class=\"yoast-schema-graph\">{\"@context\":\"https:\\\/\\\/schema.org\",\"@graph\":[{\"@type\":\"Article\",\"@id\":\"https:\\\/\\\/www.bbmnoticias.com\\\/fgr-reconoce-contaminacion-de-escena-en-ultimo-refugio-de-el-mencho\\\/#article\",\"isPartOf\":{\"@id\":\"https:\\\/\\\/www.bbmnoticias.com\\\/labravaradiofm\\\/2026\\\/03\\\/16\\\/fgr-reconoce-contaminacion-de-escena-en-ultimo-refugio-de-el-mencho\\\/\"},\"author\":{\"name\":\"Exc\u00e9lsior\",\"@id\":\"https:\\\/\\\/www.bbmnoticias.com\\\/labravaradiofm\\\/#\\\/schema\\\/person\\\/279575048ab2ce30543ef887b4b9095f\"},\"headline\":\"FGR reconoce contaminaci\u00f3n de escena en \u00faltimo refugio de \u2018El Mencho\u2019\",\"datePublished\":\"2026-03-16T19:54:52+00:00\",\"dateModified\":\"2026-03-16T19:54:55+00:00\",\"mainEntityOfPage\":{\"@id\":\"https:\\\/\\\/www.bbmnoticias.com\\\/labravaradiofm\\\/2026\\\/03\\\/16\\\/fgr-reconoce-contaminacion-de-escena-en-ultimo-refugio-de-el-mencho\\\/\"},\"wordCount\":671,\"image\":{\"@id\":\"https:\\\/\\\/www.bbmnoticias.com\\\/fgr-reconoce-contaminacion-de-escena-en-ultimo-refugio-de-el-mencho\\\/#primaryimage\"},\"thumbnailUrl\":\"https:\\\/\\\/www.bbmnoticias.com\\\/labravaradiofm\\\/wp-content\\\/uploads\\\/sites\\\/5\\\/2026\\\/03\\\/699e14da9c9b2.png\",\"articleSection\":[\"LOCAL\",\"NACIONAL\"],\"inLanguage\":\"es\"},{\"@type\":\"WebPage\",\"@id\":\"https:\\\/\\\/www.bbmnoticias.com\\\/labravaradiofm\\\/2026\\\/03\\\/16\\\/fgr-reconoce-contaminacion-de-escena-en-ultimo-refugio-de-el-mencho\\\/\",\"url\":\"https:\\\/\\\/www.bbmnoticias.com\\\/fgr-reconoce-contaminacion-de-escena-en-ultimo-refugio-de-el-mencho\\\/\",\"name\":\"FGR reconoce contaminaci\u00f3n de escena en \u00faltimo refugio de \u2018El Mencho\u2019 - LA BRAVA RADIO\",\"isPartOf\":{\"@id\":\"https:\\\/\\\/www.bbmnoticias.com\\\/labravaradiofm\\\/#website\"},\"primaryImageOfPage\":{\"@id\":\"https:\\\/\\\/www.bbmnoticias.com\\\/fgr-reconoce-contaminacion-de-escena-en-ultimo-refugio-de-el-mencho\\\/#primaryimage\"},\"image\":{\"@id\":\"https:\\\/\\\/www.bbmnoticias.com\\\/fgr-reconoce-contaminacion-de-escena-en-ultimo-refugio-de-el-mencho\\\/#primaryimage\"},\"thumbnailUrl\":\"https:\\\/\\\/www.bbmnoticias.com\\\/labravaradiofm\\\/wp-content\\\/uploads\\\/sites\\\/5\\\/2026\\\/03\\\/699e14da9c9b2.png\",\"datePublished\":\"2026-03-16T19:54:52+00:00\",\"dateModified\":\"2026-03-16T19:54:55+00:00\",\"author\":{\"@id\":\"https:\\\/\\\/www.bbmnoticias.com\\\/labravaradiofm\\\/#\\\/schema\\\/person\\\/279575048ab2ce30543ef887b4b9095f\"},\"breadcrumb\":{\"@id\":\"https:\\\/\\\/www.bbmnoticias.com\\\/fgr-reconoce-contaminacion-de-escena-en-ultimo-refugio-de-el-mencho\\\/#breadcrumb\"},\"inLanguage\":\"es\",\"potentialAction\":[{\"@type\":\"ReadAction\",\"target\":[\"https:\\\/\\\/www.bbmnoticias.com\\\/fgr-reconoce-contaminacion-de-escena-en-ultimo-refugio-de-el-mencho\\\/\"]}]},{\"@type\":\"ImageObject\",\"inLanguage\":\"es\",\"@id\":\"https:\\\/\\\/www.bbmnoticias.com\\\/fgr-reconoce-contaminacion-de-escena-en-ultimo-refugio-de-el-mencho\\\/#primaryimage\",\"url\":\"https:\\\/\\\/www.bbmnoticias.com\\\/labravaradiofm\\\/wp-content\\\/uploads\\\/sites\\\/5\\\/2026\\\/03\\\/699e14da9c9b2.png\",\"contentUrl\":\"https:\\\/\\\/www.bbmnoticias.com\\\/labravaradiofm\\\/wp-content\\\/uploads\\\/sites\\\/5\\\/2026\\\/03\\\/699e14da9c9b2.png\",\"width\":813,\"height\":542},{\"@type\":\"BreadcrumbList\",\"@id\":\"https:\\\/\\\/www.bbmnoticias.com\\\/fgr-reconoce-contaminacion-de-escena-en-ultimo-refugio-de-el-mencho\\\/#breadcrumb\",\"itemListElement\":[{\"@type\":\"ListItem\",\"position\":1,\"name\":\"Inicio\",\"item\":\"https:\\\/\\\/www.bbmnoticias.com\\\/labravaradiofm\\\/\"},{\"@type\":\"ListItem\",\"position\":2,\"name\":\"FGR reconoce contaminaci\u00f3n de escena en \u00faltimo refugio de \u2018El Mencho\u2019\"}]},{\"@type\":\"WebSite\",\"@id\":\"https:\\\/\\\/www.bbmnoticias.com\\\/labravaradiofm\\\/#website\",\"url\":\"https:\\\/\\\/www.bbmnoticias.com\\\/labravaradiofm\\\/\",\"name\":\"LA BRAVA RADIO\",\"description\":\"Empresa productora de medios, Radiodifusi\u00f3n, Noticias, tendencias y todo lo que necesitas saber de la pol\u00edtica mexicana e internacional; entretenimiento, espect\u00e1culos, salud y mucho m\u00e1s.\",\"potentialAction\":[{\"@type\":\"SearchAction\",\"target\":{\"@type\":\"EntryPoint\",\"urlTemplate\":\"https:\\\/\\\/www.bbmnoticias.com\\\/labravaradiofm\\\/?s={search_term_string}\"},\"query-input\":{\"@type\":\"PropertyValueSpecification\",\"valueRequired\":true,\"valueName\":\"search_term_string\"}}],\"inLanguage\":\"es\"},{\"@type\":\"Person\",\"@id\":\"https:\\\/\\\/www.bbmnoticias.com\\\/labravaradiofm\\\/#\\\/schema\\\/person\\\/279575048ab2ce30543ef887b4b9095f\",\"name\":\"Exc\u00e9lsior\",\"image\":{\"@type\":\"ImageObject\",\"inLanguage\":\"es\",\"@id\":\"https:\\\/\\\/secure.gravatar.com\\\/avatar\\\/497265c4dbe1cd0e2f3f1b19aba0f5779c7f95d09e139a5b83c1ecd47b4e780d?s=96&d=mm&r=g\",\"url\":\"https:\\\/\\\/secure.gravatar.com\\\/avatar\\\/497265c4dbe1cd0e2f3f1b19aba0f5779c7f95d09e139a5b83c1ecd47b4e780d?s=96&d=mm&r=g\",\"contentUrl\":\"https:\\\/\\\/secure.gravatar.com\\\/avatar\\\/497265c4dbe1cd0e2f3f1b19aba0f5779c7f95d09e139a5b83c1ecd47b4e780d?s=96&d=mm&r=g\",\"caption\":\"Exc\u00e9lsior\"},\"url\":\"https:\\\/\\\/www.bbmnoticias.com\\\/labravaradiofm\\\/author\\\/excelsior\\\/\"}]}<\/script>\n<!-- \/ Yoast SEO plugin. -->","yoast_head_json":{"title":"FGR reconoce contaminaci\u00f3n de escena en \u00faltimo refugio de \u2018El Mencho\u2019 - LA BRAVA RADIO","robots":{"index":"index","follow":"follow","max-snippet":"max-snippet:-1","max-image-preview":"max-image-preview:large","max-video-preview":"max-video-preview:-1"},"canonical":"https:\/\/www.bbmnoticias.com\/fgr-reconoce-contaminacion-de-escena-en-ultimo-refugio-de-el-mencho\/","og_locale":"es_MX","og_type":"article","og_title":"FGR reconoce contaminaci\u00f3n de escena en \u00faltimo refugio de \u2018El Mencho\u2019 - LA BRAVA RADIO","og_description":"La Fiscal\u00eda General de la Rep\u00fablica (FGR) inform\u00f3 que no fue posible asegurar de inmediato los inmuebles vinculados con Rub\u00e9n \u201cN\u201d, alias &#8220;El Mencho&#8221; tras el operativo realizado en un fraccionamiento del municipio de Tapalpa, en el estado de Jalisco, debido a las condiciones de riesgo y la complejidad t\u00e1ctica del enfrentamiento armado registrado en [&hellip;]","og_url":"https:\/\/www.bbmnoticias.com\/fgr-reconoce-contaminacion-de-escena-en-ultimo-refugio-de-el-mencho\/","og_site_name":"LA BRAVA RADIO","article_published_time":"2026-03-16T19:54:52+00:00","article_modified_time":"2026-03-16T19:54:55+00:00","og_image":[{"width":813,"height":542,"url":"https:\/\/www.bbmnoticias.com\/labravaradiofm\/wp-content\/uploads\/sites\/5\/2026\/03\/699e14da9c9b2.png","type":"image\/png"}],"author":"Exc\u00e9lsior","twitter_card":"summary_large_image","twitter_misc":{"Escrito por":"Exc\u00e9lsior","Tiempo de lectura":"3 minutos"},"schema":{"@context":"https:\/\/schema.org","@graph":[{"@type":"Article","@id":"https:\/\/www.bbmnoticias.com\/fgr-reconoce-contaminacion-de-escena-en-ultimo-refugio-de-el-mencho\/#article","isPartOf":{"@id":"https:\/\/www.bbmnoticias.com\/labravaradiofm\/2026\/03\/16\/fgr-reconoce-contaminacion-de-escena-en-ultimo-refugio-de-el-mencho\/"},"author":{"name":"Exc\u00e9lsior","@id":"https:\/\/www.bbmnoticias.com\/labravaradiofm\/#\/schema\/person\/279575048ab2ce30543ef887b4b9095f"},"headline":"FGR reconoce contaminaci\u00f3n de escena en \u00faltimo refugio de \u2018El Mencho\u2019","datePublished":"2026-03-16T19:54:52+00:00","dateModified":"2026-03-16T19:54:55+00:00","mainEntityOfPage":{"@id":"https:\/\/www.bbmnoticias.com\/labravaradiofm\/2026\/03\/16\/fgr-reconoce-contaminacion-de-escena-en-ultimo-refugio-de-el-mencho\/"},"wordCount":671,"image":{"@id":"https:\/\/www.bbmnoticias.com\/fgr-reconoce-contaminacion-de-escena-en-ultimo-refugio-de-el-mencho\/#primaryimage"},"thumbnailUrl":"https:\/\/www.bbmnoticias.com\/labravaradiofm\/wp-content\/uploads\/sites\/5\/2026\/03\/699e14da9c9b2.png","articleSection":["LOCAL","NACIONAL"],"inLanguage":"es"},{"@type":"WebPage","@id":"https:\/\/www.bbmnoticias.com\/labravaradiofm\/2026\/03\/16\/fgr-reconoce-contaminacion-de-escena-en-ultimo-refugio-de-el-mencho\/","url":"https:\/\/www.bbmnoticias.com\/fgr-reconoce-contaminacion-de-escena-en-ultimo-refugio-de-el-mencho\/","name":"FGR reconoce contaminaci\u00f3n de escena en \u00faltimo refugio de \u2018El Mencho\u2019 - LA BRAVA RADIO","isPartOf":{"@id":"https:\/\/www.bbmnoticias.com\/labravaradiofm\/#website"},"primaryImageOfPage":{"@id":"https:\/\/www.bbmnoticias.com\/fgr-reconoce-contaminacion-de-escena-en-ultimo-refugio-de-el-mencho\/#primaryimage"},"image":{"@id":"https:\/\/www.bbmnoticias.com\/fgr-reconoce-contaminacion-de-escena-en-ultimo-refugio-de-el-mencho\/#primaryimage"},"thumbnailUrl":"https:\/\/www.bbmnoticias.com\/labravaradiofm\/wp-content\/uploads\/sites\/5\/2026\/03\/699e14da9c9b2.png","datePublished":"2026-03-16T19:54:52+00:00","dateModified":"2026-03-16T19:54:55+00:00","author":{"@id":"https:\/\/www.bbmnoticias.com\/labravaradiofm\/#\/schema\/person\/279575048ab2ce30543ef887b4b9095f"},"breadcrumb":{"@id":"https:\/\/www.bbmnoticias.com\/fgr-reconoce-contaminacion-de-escena-en-ultimo-refugio-de-el-mencho\/#breadcrumb"},"inLanguage":"es","potentialAction":[{"@type":"ReadAction","target":["https:\/\/www.bbmnoticias.com\/fgr-reconoce-contaminacion-de-escena-en-ultimo-refugio-de-el-mencho\/"]}]},{"@type":"ImageObject","inLanguage":"es","@id":"https:\/\/www.bbmnoticias.com\/fgr-reconoce-contaminacion-de-escena-en-ultimo-refugio-de-el-mencho\/#primaryimage","url":"https:\/\/www.bbmnoticias.com\/labravaradiofm\/wp-content\/uploads\/sites\/5\/2026\/03\/699e14da9c9b2.png","contentUrl":"https:\/\/www.bbmnoticias.com\/labravaradiofm\/wp-content\/uploads\/sites\/5\/2026\/03\/699e14da9c9b2.png","width":813,"height":542},{"@type":"BreadcrumbList","@id":"https:\/\/www.bbmnoticias.com\/fgr-reconoce-contaminacion-de-escena-en-ultimo-refugio-de-el-mencho\/#breadcrumb","itemListElement":[{"@type":"ListItem","position":1,"name":"Inicio","item":"https:\/\/www.bbmnoticias.com\/labravaradiofm\/"},{"@type":"ListItem","position":2,"name":"FGR reconoce contaminaci\u00f3n de escena en \u00faltimo refugio de \u2018El Mencho\u2019"}]},{"@type":"WebSite","@id":"https:\/\/www.bbmnoticias.com\/labravaradiofm\/#website","url":"https:\/\/www.bbmnoticias.com\/labravaradiofm\/","name":"LA BRAVA RADIO","description":"Empresa productora de medios, Radiodifusi\u00f3n, Noticias, tendencias y todo lo que necesitas saber de la pol\u00edtica mexicana e internacional; entretenimiento, espect\u00e1culos, salud y mucho m\u00e1s.","potentialAction":[{"@type":"SearchAction","target":{"@type":"EntryPoint","urlTemplate":"https:\/\/www.bbmnoticias.com\/labravaradiofm\/?s={search_term_string}"},"query-input":{"@type":"PropertyValueSpecification","valueRequired":true,"valueName":"search_term_string"}}],"inLanguage":"es"},{"@type":"Person","@id":"https:\/\/www.bbmnoticias.com\/labravaradiofm\/#\/schema\/person\/279575048ab2ce30543ef887b4b9095f","name":"Exc\u00e9lsior","image":{"@type":"ImageObject","inLanguage":"es","@id":"https:\/\/secure.gravatar.com\/avatar\/497265c4dbe1cd0e2f3f1b19aba0f5779c7f95d09e139a5b83c1ecd47b4e780d?s=96&d=mm&r=g","url":"https:\/\/secure.gravatar.com\/avatar\/497265c4dbe1cd0e2f3f1b19aba0f5779c7f95d09e139a5b83c1ecd47b4e780d?s=96&d=mm&r=g","contentUrl":"https:\/\/secure.gravatar.com\/avatar\/497265c4dbe1cd0e2f3f1b19aba0f5779c7f95d09e139a5b83c1ecd47b4e780d?s=96&d=mm&r=g","caption":"Exc\u00e9lsior"},"url":"https:\/\/www.bbmnoticias.com\/labravaradiofm\/author\/excelsior\/"}]}},"_links":{"self":[{"href":"https:\/\/www.bbmnoticias.com\/labravaradiofm\/wp-json\/wp\/v2\/posts\/75218","targetHints":{"allow":["GET"]}}],"collection":[{"href":"https:\/\/www.bbmnoticias.com\/labravaradiofm\/wp-json\/wp\/v2\/posts"}],"about":[{"href":"https:\/\/www.bbmnoticias.com\/labravaradiofm\/wp-json\/wp\/v2\/types\/post"}],"author":[{"embeddable":true,"href":"https:\/\/www.bbmnoticias.com\/labravaradiofm\/wp-json\/wp\/v2\/users\/8"}],"replies":[{"embeddable":true,"href":"https:\/\/www.bbmnoticias.com\/labravaradiofm\/wp-json\/wp\/v2\/comments?post=75218"}],"version-history":[{"count":1,"href":"https:\/\/www.bbmnoticias.com\/labravaradiofm\/wp-json\/wp\/v2\/posts\/75218\/revisions"}],"predecessor-version":[{"id":75219,"href":"https:\/\/www.bbmnoticias.com\/labravaradiofm\/wp-json\/wp\/v2\/posts\/75218\/revisions\/75219"}],"wp:featuredmedia":[{"embeddable":true,"href":"https:\/\/www.bbmnoticias.com\/labravaradiofm\/wp-json\/wp\/v2\/media\/75220"}],"wp:attachment":[{"href":"https:\/\/www.bbmnoticias.com\/labravaradiofm\/wp-json\/wp\/v2\/media?parent=75218"}],"wp:term":[{"taxonomy":"category","embeddable":true,"href":"https:\/\/www.bbmnoticias.com\/labravaradiofm\/wp-json\/wp\/v2\/categories?post=75218"},{"taxonomy":"post_tag","embeddable":true,"href":"https:\/\/www.bbmnoticias.com\/labravaradiofm\/wp-json\/wp\/v2\/tags?post=75218"}],"curies":[{"name":"wp","href":"https:\/\/api.w.org\/{rel}","templated":true}]}}