{"id":75212,"date":"2026-03-16T13:04:56","date_gmt":"2026-03-16T19:04:56","guid":{"rendered":"https:\/\/www.bbmnoticias.com\/labravaradiofm\/2026\/03\/16\/fiscalia-de-oaxaca-obtiene-vinculacion-a-proceso-y-prision-preventiva-contra-imputado-por-secuestro-expres-de-transportista-en-tuxtepec\/"},"modified":"2026-03-16T13:05:15","modified_gmt":"2026-03-16T19:05:15","slug":"fiscalia-de-oaxaca-obtiene-vinculacion-a-proceso-y-prision-preventiva-contra-imputado-por-secuestro-expres-de-transportista-en-tuxtepec","status":"publish","type":"post","link":"https:\/\/www.bbmnoticias.com\/labravaradiofm\/2026\/03\/16\/fiscalia-de-oaxaca-obtiene-vinculacion-a-proceso-y-prision-preventiva-contra-imputado-por-secuestro-expres-de-transportista-en-tuxtepec\/","title":{"rendered":"Fiscal\u00eda de Oaxaca obtiene vinculaci\u00f3n a proceso y prisi\u00f3n preventiva contra\u00a0 imputado por secuestro expr\u00e9s de transportista en Tuxtepec"},"content":{"rendered":"<div style=\"margin-top: 0px; margin-bottom: 0px;\" class=\"sharethis-inline-share-buttons\" ><\/div>\n<p id=\"geom_inter_1773687622419_79_8\">Oaxaca de Ju\u00e1rez, Oax.- Como parte de las labores de investigaci\u00f3n ministerial para el combate a delitos de alto impacto, la Fiscal\u00eda General del Estado de Oaxaca (FGEO) obtuvo auto de vinculaci\u00f3n a proceso y prisi\u00f3n preventiva oficiosa en contra de una persona del sexo masculino identificada como G.C.M., por el delito de secuestro expr\u00e9s, cometido en la regi\u00f3n de la Cuenca del Papaloapan.<\/p>\n\n\n\n<p>De acuerdo con lo asentado en el expediente penal, los hechos ocurrieron el 25 de febrero de 2026, cuando la v\u00edctima identificada como T.N.C., realizaba maniobras con su tr\u00e1iler en la intersecci\u00f3n de las calles Francisco I. Madero y 20 de Noviembre, en la comunidad de Arroyo Lim\u00f3n, perteneciente al municipio de San Juan Bautista Tuxtepec.<\/p>\n\n\n\n<p>Las investigaciones establecen que, al lugar arrib\u00f3 un hombre a bordo de un veh\u00edculo de la marca Mazda, quien descendi\u00f3 de la unidad y se dirigi\u00f3 a la v\u00edctima para exigirle un pago ilegal con el argumento de permitirle retirar sus tr\u00e1ileres del sitio. Ante la exigencia, la v\u00edctima respondi\u00f3 que no realizar\u00eda ning\u00fan pago, ya que contaba con los permisos correspondientes de las autoridades para llevar a cabo su trabajo.<\/p>\n\n\n\n<p>En ese momento, el hoy imputado presuntamente amag\u00f3 con un arma de fuego a la v\u00edctima y la oblig\u00f3 a subir al veh\u00edculo, priv\u00e1ndola de la libertad y configurando as\u00ed un secuestro expr\u00e9s con la finalidad de extorsionarla.<\/p>\n\n\n\n<p>La investigaci\u00f3n detalla que, tras recorrer diversas calles de la poblaci\u00f3n, llegaron al pante\u00f3n municipal de Arroyo Lim\u00f3n, en donde el imputado presuntamente volvi\u00f3 a exigir a la v\u00edctima el pago de 5 mil pesos por cada cami\u00f3n; sin embargo, ante la negativa de la v\u00edctima, le apunt\u00f3 con el arma de fuego en la cabeza y lo amenaz\u00f3 con privarlo de la vida si no acced\u00eda a entregar el dinero.<\/p>\n\n\n\n<p id=\"geom_inter_1773687713936_65_10\">Ante la amenaza, la v\u00edctima accedi\u00f3 a pagar 1,400 pesos por cada tr\u00e1iler, tras lo cual el agresor lo regres\u00f3 al sitio donde lo hab\u00eda interceptado.<\/p>\n\n\n\n<p id=\"geom_inter_1773687713940_63_17\">Derivado de los trabajos de investigaci\u00f3n, elementos de la Polic\u00eda Municipal lograron la detenci\u00f3n de G.C.M., quien posteriormente fue puesto a disposici\u00f3n de la autoridad judicial correspondiente para definir su situaci\u00f3n jur\u00eddica.<\/p>\n\n\n\n<p id=\"geom_inter_1773687713937_62_12\">Tras la denuncia ante la FGEO, el caso qued\u00f3 a cargo de la Fiscal\u00eda Especializada en Atenci\u00f3n a Delitos de Alto Impacto, en coordinaci\u00f3n con elementos de la Agencia Estatal de Investigaciones (AEI) adscritos a la Unidad Especializada en Combate al Secuestro (UECS), logrando recabar los datos de prueba necesarios para sustentar la imputaci\u00f3n.<\/p>\n\n\n\n<p id=\"geom_inter_1773687713939_39_16\">En audiencia, el Juez que atiende la causa dict\u00f3 auto de vinculaci\u00f3n a proceso contra G.C.M., por el delito de secuestro expr\u00e9s, imponiendo la medida cautelar de prisi\u00f3n preventiva oficiosa, adem\u00e1s de otorgar el plazo de un mes para el cierre de la investigaci\u00f3n complementaria.<\/p>\n\n\n\n<p id=\"geom_inter_1773687713940_48_18\">&nbsp;La investigaci\u00f3n de delitos de alto impacto que realiza la Fiscal\u00eda de Oaxaca, se realiza a trav\u00e9s de m\u00e9todos t\u00e9cnicos y cient\u00edficos que se ci\u00f1e a protocolos legales que permiten obtener resultados concretos y tangibles a favor de las v\u00edctimas directas e indirectas de estos delitos.<\/p>\n","protected":false},"excerpt":{"rendered":"<p>Oaxaca de Ju\u00e1rez, Oax.- Como parte de las labores de investigaci\u00f3n ministerial para el combate a delitos de alto impacto, la Fiscal\u00eda General del Estado de Oaxaca (FGEO) obtuvo auto de vinculaci\u00f3n a proceso y prisi\u00f3n preventiva oficiosa en contra de una persona del sexo masculino identificada como G.C.M., por el delito de secuestro expr\u00e9s, [&hellip;]<\/p>\n","protected":false},"author":2,"featured_media":75214,"comment_status":"closed","ping_status":"open","sticky":false,"template":"","format":"standard","meta":{"footnotes":""},"categories":[2,20],"tags":[],"class_list":{"0":"post-75212","1":"post","2":"type-post","3":"status-publish","4":"format-standard","5":"has-post-thumbnail","7":"category-oaxaca","8":"category-policiaca"},"yoast_head":"<!-- This site is optimized with the Yoast SEO plugin v27.4 - https:\/\/yoast.com\/product\/yoast-seo-wordpress\/ -->\n<title>Fiscal\u00eda de Oaxaca obtiene vinculaci\u00f3n a proceso y prisi\u00f3n preventiva contra\u00a0 imputado por secuestro expr\u00e9s de transportista en Tuxtepec - LA BRAVA RADIO<\/title>\n<meta name=\"robots\" content=\"index, follow, max-snippet:-1, max-image-preview:large, max-video-preview:-1\" \/>\n<link rel=\"canonical\" href=\"https:\/\/www.bbmnoticias.com\/fiscalia-de-oaxaca-obtiene-vinculacion-a-proceso-y-prision-preventiva-contra-imputado-por-secuestro-expres-de-transportista-en-tuxtepec\/\" \/>\n<meta property=\"og:locale\" content=\"es_MX\" \/>\n<meta property=\"og:type\" content=\"article\" \/>\n<meta property=\"og:title\" content=\"Fiscal\u00eda de Oaxaca obtiene vinculaci\u00f3n a proceso y prisi\u00f3n preventiva contra\u00a0 imputado por secuestro expr\u00e9s de transportista en Tuxtepec - LA BRAVA RADIO\" \/>\n<meta property=\"og:description\" content=\"Oaxaca de Ju\u00e1rez, Oax.- Como parte de las labores de investigaci\u00f3n ministerial para el combate a delitos de alto impacto, la Fiscal\u00eda General del Estado de Oaxaca (FGEO) obtuvo auto de vinculaci\u00f3n a proceso y prisi\u00f3n preventiva oficiosa en contra de una persona del sexo masculino identificada como G.C.M., por el delito de secuestro expr\u00e9s, [&hellip;]\" \/>\n<meta property=\"og:url\" content=\"https:\/\/www.bbmnoticias.com\/fiscalia-de-oaxaca-obtiene-vinculacion-a-proceso-y-prision-preventiva-contra-imputado-por-secuestro-expres-de-transportista-en-tuxtepec\/\" \/>\n<meta property=\"og:site_name\" content=\"LA BRAVA RADIO\" \/>\n<meta property=\"article:published_time\" content=\"2026-03-16T19:04:56+00:00\" \/>\n<meta property=\"article:modified_time\" content=\"2026-03-16T19:05:15+00:00\" \/>\n<meta property=\"og:image\" content=\"https:\/\/www.bbmnoticias.com\/labravaradiofm\/wp-content\/uploads\/sites\/5\/2026\/03\/659856o.jpg\" \/>\n\t<meta property=\"og:image:width\" content=\"910\" \/>\n\t<meta property=\"og:image:height\" content=\"686\" \/>\n\t<meta property=\"og:image:type\" content=\"image\/jpeg\" \/>\n<meta name=\"author\" content=\"Staff\" \/>\n<meta name=\"twitter:card\" content=\"summary_large_image\" \/>\n<meta name=\"twitter:label1\" content=\"Escrito por\" \/>\n\t<meta name=\"twitter:data1\" content=\"Staff\" \/>\n\t<meta name=\"twitter:label2\" content=\"Tiempo de lectura\" \/>\n\t<meta name=\"twitter:data2\" content=\"3 minutos\" \/>\n<script type=\"application\/ld+json\" class=\"yoast-schema-graph\">{\"@context\":\"https:\\\/\\\/schema.org\",\"@graph\":[{\"@type\":\"Article\",\"@id\":\"https:\\\/\\\/www.bbmnoticias.com\\\/fiscalia-de-oaxaca-obtiene-vinculacion-a-proceso-y-prision-preventiva-contra-imputado-por-secuestro-expres-de-transportista-en-tuxtepec\\\/#article\",\"isPartOf\":{\"@id\":\"https:\\\/\\\/www.bbmnoticias.com\\\/labravaradiofm\\\/2026\\\/03\\\/16\\\/fiscalia-de-oaxaca-obtiene-vinculacion-a-proceso-y-prision-preventiva-contra-imputado-por-secuestro-expres-de-transportista-en-tuxtepec\\\/\"},\"author\":{\"name\":\"Staff\",\"@id\":\"https:\\\/\\\/www.bbmnoticias.com\\\/labravaradiofm\\\/#\\\/schema\\\/person\\\/34b139c617a70ea5bef5678bffe4dd7b\"},\"headline\":\"Fiscal\u00eda de Oaxaca obtiene vinculaci\u00f3n a proceso y prisi\u00f3n preventiva contra\u00a0 imputado por secuestro expr\u00e9s de transportista en Tuxtepec\",\"datePublished\":\"2026-03-16T19:04:56+00:00\",\"dateModified\":\"2026-03-16T19:05:15+00:00\",\"mainEntityOfPage\":{\"@id\":\"https:\\\/\\\/www.bbmnoticias.com\\\/labravaradiofm\\\/2026\\\/03\\\/16\\\/fiscalia-de-oaxaca-obtiene-vinculacion-a-proceso-y-prision-preventiva-contra-imputado-por-secuestro-expres-de-transportista-en-tuxtepec\\\/\"},\"wordCount\":586,\"image\":{\"@id\":\"https:\\\/\\\/www.bbmnoticias.com\\\/fiscalia-de-oaxaca-obtiene-vinculacion-a-proceso-y-prision-preventiva-contra-imputado-por-secuestro-expres-de-transportista-en-tuxtepec\\\/#primaryimage\"},\"thumbnailUrl\":\"https:\\\/\\\/www.bbmnoticias.com\\\/labravaradiofm\\\/wp-content\\\/uploads\\\/sites\\\/5\\\/2026\\\/03\\\/659856o.jpg\",\"articleSection\":[\"LOCAL\",\"POLICIACA\"],\"inLanguage\":\"es\"},{\"@type\":\"WebPage\",\"@id\":\"https:\\\/\\\/www.bbmnoticias.com\\\/labravaradiofm\\\/2026\\\/03\\\/16\\\/fiscalia-de-oaxaca-obtiene-vinculacion-a-proceso-y-prision-preventiva-contra-imputado-por-secuestro-expres-de-transportista-en-tuxtepec\\\/\",\"url\":\"https:\\\/\\\/www.bbmnoticias.com\\\/fiscalia-de-oaxaca-obtiene-vinculacion-a-proceso-y-prision-preventiva-contra-imputado-por-secuestro-expres-de-transportista-en-tuxtepec\\\/\",\"name\":\"Fiscal\u00eda de Oaxaca obtiene vinculaci\u00f3n a proceso y prisi\u00f3n preventiva contra\u00a0 imputado por secuestro expr\u00e9s de transportista en Tuxtepec - LA BRAVA RADIO\",\"isPartOf\":{\"@id\":\"https:\\\/\\\/www.bbmnoticias.com\\\/labravaradiofm\\\/#website\"},\"primaryImageOfPage\":{\"@id\":\"https:\\\/\\\/www.bbmnoticias.com\\\/fiscalia-de-oaxaca-obtiene-vinculacion-a-proceso-y-prision-preventiva-contra-imputado-por-secuestro-expres-de-transportista-en-tuxtepec\\\/#primaryimage\"},\"image\":{\"@id\":\"https:\\\/\\\/www.bbmnoticias.com\\\/fiscalia-de-oaxaca-obtiene-vinculacion-a-proceso-y-prision-preventiva-contra-imputado-por-secuestro-expres-de-transportista-en-tuxtepec\\\/#primaryimage\"},\"thumbnailUrl\":\"https:\\\/\\\/www.bbmnoticias.com\\\/labravaradiofm\\\/wp-content\\\/uploads\\\/sites\\\/5\\\/2026\\\/03\\\/659856o.jpg\",\"datePublished\":\"2026-03-16T19:04:56+00:00\",\"dateModified\":\"2026-03-16T19:05:15+00:00\",\"author\":{\"@id\":\"https:\\\/\\\/www.bbmnoticias.com\\\/labravaradiofm\\\/#\\\/schema\\\/person\\\/34b139c617a70ea5bef5678bffe4dd7b\"},\"breadcrumb\":{\"@id\":\"https:\\\/\\\/www.bbmnoticias.com\\\/fiscalia-de-oaxaca-obtiene-vinculacion-a-proceso-y-prision-preventiva-contra-imputado-por-secuestro-expres-de-transportista-en-tuxtepec\\\/#breadcrumb\"},\"inLanguage\":\"es\",\"potentialAction\":[{\"@type\":\"ReadAction\",\"target\":[\"https:\\\/\\\/www.bbmnoticias.com\\\/fiscalia-de-oaxaca-obtiene-vinculacion-a-proceso-y-prision-preventiva-contra-imputado-por-secuestro-expres-de-transportista-en-tuxtepec\\\/\"]}]},{\"@type\":\"ImageObject\",\"inLanguage\":\"es\",\"@id\":\"https:\\\/\\\/www.bbmnoticias.com\\\/fiscalia-de-oaxaca-obtiene-vinculacion-a-proceso-y-prision-preventiva-contra-imputado-por-secuestro-expres-de-transportista-en-tuxtepec\\\/#primaryimage\",\"url\":\"https:\\\/\\\/www.bbmnoticias.com\\\/labravaradiofm\\\/wp-content\\\/uploads\\\/sites\\\/5\\\/2026\\\/03\\\/659856o.jpg\",\"contentUrl\":\"https:\\\/\\\/www.bbmnoticias.com\\\/labravaradiofm\\\/wp-content\\\/uploads\\\/sites\\\/5\\\/2026\\\/03\\\/659856o.jpg\",\"width\":910,\"height\":686},{\"@type\":\"BreadcrumbList\",\"@id\":\"https:\\\/\\\/www.bbmnoticias.com\\\/fiscalia-de-oaxaca-obtiene-vinculacion-a-proceso-y-prision-preventiva-contra-imputado-por-secuestro-expres-de-transportista-en-tuxtepec\\\/#breadcrumb\",\"itemListElement\":[{\"@type\":\"ListItem\",\"position\":1,\"name\":\"Inicio\",\"item\":\"https:\\\/\\\/www.bbmnoticias.com\\\/labravaradiofm\\\/\"},{\"@type\":\"ListItem\",\"position\":2,\"name\":\"Fiscal\u00eda de Oaxaca obtiene vinculaci\u00f3n a proceso y prisi\u00f3n preventiva contra\u00a0 imputado por secuestro expr\u00e9s de transportista en Tuxtepec\"}]},{\"@type\":\"WebSite\",\"@id\":\"https:\\\/\\\/www.bbmnoticias.com\\\/labravaradiofm\\\/#website\",\"url\":\"https:\\\/\\\/www.bbmnoticias.com\\\/labravaradiofm\\\/\",\"name\":\"LA BRAVA RADIO\",\"description\":\"Empresa productora de medios, Radiodifusi\u00f3n, Noticias, tendencias y todo lo que necesitas saber de la pol\u00edtica mexicana e internacional; entretenimiento, espect\u00e1culos, salud y mucho m\u00e1s.\",\"potentialAction\":[{\"@type\":\"SearchAction\",\"target\":{\"@type\":\"EntryPoint\",\"urlTemplate\":\"https:\\\/\\\/www.bbmnoticias.com\\\/labravaradiofm\\\/?s={search_term_string}\"},\"query-input\":{\"@type\":\"PropertyValueSpecification\",\"valueRequired\":true,\"valueName\":\"search_term_string\"}}],\"inLanguage\":\"es\"},{\"@type\":\"Person\",\"@id\":\"https:\\\/\\\/www.bbmnoticias.com\\\/labravaradiofm\\\/#\\\/schema\\\/person\\\/34b139c617a70ea5bef5678bffe4dd7b\",\"name\":\"Staff\",\"image\":{\"@type\":\"ImageObject\",\"inLanguage\":\"es\",\"@id\":\"https:\\\/\\\/secure.gravatar.com\\\/avatar\\\/fdd21ad66fd8b98c407f9dee5b5e588cfe7f0d8579ec20fa6527cd59bab7f0f0?s=96&d=mm&r=g\",\"url\":\"https:\\\/\\\/secure.gravatar.com\\\/avatar\\\/fdd21ad66fd8b98c407f9dee5b5e588cfe7f0d8579ec20fa6527cd59bab7f0f0?s=96&d=mm&r=g\",\"contentUrl\":\"https:\\\/\\\/secure.gravatar.com\\\/avatar\\\/fdd21ad66fd8b98c407f9dee5b5e588cfe7f0d8579ec20fa6527cd59bab7f0f0?s=96&d=mm&r=g\",\"caption\":\"Staff\"},\"url\":\"https:\\\/\\\/www.bbmnoticias.com\\\/labravaradiofm\\\/author\\\/redaccion\\\/\"}]}<\/script>\n<!-- \/ Yoast SEO plugin. -->","yoast_head_json":{"title":"Fiscal\u00eda de Oaxaca obtiene vinculaci\u00f3n a proceso y prisi\u00f3n preventiva contra\u00a0 imputado por secuestro expr\u00e9s de transportista en Tuxtepec - LA BRAVA RADIO","robots":{"index":"index","follow":"follow","max-snippet":"max-snippet:-1","max-image-preview":"max-image-preview:large","max-video-preview":"max-video-preview:-1"},"canonical":"https:\/\/www.bbmnoticias.com\/fiscalia-de-oaxaca-obtiene-vinculacion-a-proceso-y-prision-preventiva-contra-imputado-por-secuestro-expres-de-transportista-en-tuxtepec\/","og_locale":"es_MX","og_type":"article","og_title":"Fiscal\u00eda de Oaxaca obtiene vinculaci\u00f3n a proceso y prisi\u00f3n preventiva contra\u00a0 imputado por secuestro expr\u00e9s de transportista en Tuxtepec - LA BRAVA RADIO","og_description":"Oaxaca de Ju\u00e1rez, Oax.- Como parte de las labores de investigaci\u00f3n ministerial para el combate a delitos de alto impacto, la Fiscal\u00eda General del Estado de Oaxaca (FGEO) obtuvo auto de vinculaci\u00f3n a proceso y prisi\u00f3n preventiva oficiosa en contra de una persona del sexo masculino identificada como G.C.M., por el delito de secuestro expr\u00e9s, [&hellip;]","og_url":"https:\/\/www.bbmnoticias.com\/fiscalia-de-oaxaca-obtiene-vinculacion-a-proceso-y-prision-preventiva-contra-imputado-por-secuestro-expres-de-transportista-en-tuxtepec\/","og_site_name":"LA BRAVA RADIO","article_published_time":"2026-03-16T19:04:56+00:00","article_modified_time":"2026-03-16T19:05:15+00:00","og_image":[{"width":910,"height":686,"url":"https:\/\/www.bbmnoticias.com\/labravaradiofm\/wp-content\/uploads\/sites\/5\/2026\/03\/659856o.jpg","type":"image\/jpeg"}],"author":"Staff","twitter_card":"summary_large_image","twitter_misc":{"Escrito por":"Staff","Tiempo de lectura":"3 minutos"},"schema":{"@context":"https:\/\/schema.org","@graph":[{"@type":"Article","@id":"https:\/\/www.bbmnoticias.com\/fiscalia-de-oaxaca-obtiene-vinculacion-a-proceso-y-prision-preventiva-contra-imputado-por-secuestro-expres-de-transportista-en-tuxtepec\/#article","isPartOf":{"@id":"https:\/\/www.bbmnoticias.com\/labravaradiofm\/2026\/03\/16\/fiscalia-de-oaxaca-obtiene-vinculacion-a-proceso-y-prision-preventiva-contra-imputado-por-secuestro-expres-de-transportista-en-tuxtepec\/"},"author":{"name":"Staff","@id":"https:\/\/www.bbmnoticias.com\/labravaradiofm\/#\/schema\/person\/34b139c617a70ea5bef5678bffe4dd7b"},"headline":"Fiscal\u00eda de Oaxaca obtiene vinculaci\u00f3n a proceso y prisi\u00f3n preventiva contra\u00a0 imputado por secuestro expr\u00e9s de transportista en Tuxtepec","datePublished":"2026-03-16T19:04:56+00:00","dateModified":"2026-03-16T19:05:15+00:00","mainEntityOfPage":{"@id":"https:\/\/www.bbmnoticias.com\/labravaradiofm\/2026\/03\/16\/fiscalia-de-oaxaca-obtiene-vinculacion-a-proceso-y-prision-preventiva-contra-imputado-por-secuestro-expres-de-transportista-en-tuxtepec\/"},"wordCount":586,"image":{"@id":"https:\/\/www.bbmnoticias.com\/fiscalia-de-oaxaca-obtiene-vinculacion-a-proceso-y-prision-preventiva-contra-imputado-por-secuestro-expres-de-transportista-en-tuxtepec\/#primaryimage"},"thumbnailUrl":"https:\/\/www.bbmnoticias.com\/labravaradiofm\/wp-content\/uploads\/sites\/5\/2026\/03\/659856o.jpg","articleSection":["LOCAL","POLICIACA"],"inLanguage":"es"},{"@type":"WebPage","@id":"https:\/\/www.bbmnoticias.com\/labravaradiofm\/2026\/03\/16\/fiscalia-de-oaxaca-obtiene-vinculacion-a-proceso-y-prision-preventiva-contra-imputado-por-secuestro-expres-de-transportista-en-tuxtepec\/","url":"https:\/\/www.bbmnoticias.com\/fiscalia-de-oaxaca-obtiene-vinculacion-a-proceso-y-prision-preventiva-contra-imputado-por-secuestro-expres-de-transportista-en-tuxtepec\/","name":"Fiscal\u00eda de Oaxaca obtiene vinculaci\u00f3n a proceso y prisi\u00f3n preventiva contra\u00a0 imputado por secuestro expr\u00e9s de transportista en Tuxtepec - LA BRAVA RADIO","isPartOf":{"@id":"https:\/\/www.bbmnoticias.com\/labravaradiofm\/#website"},"primaryImageOfPage":{"@id":"https:\/\/www.bbmnoticias.com\/fiscalia-de-oaxaca-obtiene-vinculacion-a-proceso-y-prision-preventiva-contra-imputado-por-secuestro-expres-de-transportista-en-tuxtepec\/#primaryimage"},"image":{"@id":"https:\/\/www.bbmnoticias.com\/fiscalia-de-oaxaca-obtiene-vinculacion-a-proceso-y-prision-preventiva-contra-imputado-por-secuestro-expres-de-transportista-en-tuxtepec\/#primaryimage"},"thumbnailUrl":"https:\/\/www.bbmnoticias.com\/labravaradiofm\/wp-content\/uploads\/sites\/5\/2026\/03\/659856o.jpg","datePublished":"2026-03-16T19:04:56+00:00","dateModified":"2026-03-16T19:05:15+00:00","author":{"@id":"https:\/\/www.bbmnoticias.com\/labravaradiofm\/#\/schema\/person\/34b139c617a70ea5bef5678bffe4dd7b"},"breadcrumb":{"@id":"https:\/\/www.bbmnoticias.com\/fiscalia-de-oaxaca-obtiene-vinculacion-a-proceso-y-prision-preventiva-contra-imputado-por-secuestro-expres-de-transportista-en-tuxtepec\/#breadcrumb"},"inLanguage":"es","potentialAction":[{"@type":"ReadAction","target":["https:\/\/www.bbmnoticias.com\/fiscalia-de-oaxaca-obtiene-vinculacion-a-proceso-y-prision-preventiva-contra-imputado-por-secuestro-expres-de-transportista-en-tuxtepec\/"]}]},{"@type":"ImageObject","inLanguage":"es","@id":"https:\/\/www.bbmnoticias.com\/fiscalia-de-oaxaca-obtiene-vinculacion-a-proceso-y-prision-preventiva-contra-imputado-por-secuestro-expres-de-transportista-en-tuxtepec\/#primaryimage","url":"https:\/\/www.bbmnoticias.com\/labravaradiofm\/wp-content\/uploads\/sites\/5\/2026\/03\/659856o.jpg","contentUrl":"https:\/\/www.bbmnoticias.com\/labravaradiofm\/wp-content\/uploads\/sites\/5\/2026\/03\/659856o.jpg","width":910,"height":686},{"@type":"BreadcrumbList","@id":"https:\/\/www.bbmnoticias.com\/fiscalia-de-oaxaca-obtiene-vinculacion-a-proceso-y-prision-preventiva-contra-imputado-por-secuestro-expres-de-transportista-en-tuxtepec\/#breadcrumb","itemListElement":[{"@type":"ListItem","position":1,"name":"Inicio","item":"https:\/\/www.bbmnoticias.com\/labravaradiofm\/"},{"@type":"ListItem","position":2,"name":"Fiscal\u00eda de Oaxaca obtiene vinculaci\u00f3n a proceso y prisi\u00f3n preventiva contra\u00a0 imputado por secuestro expr\u00e9s de transportista en Tuxtepec"}]},{"@type":"WebSite","@id":"https:\/\/www.bbmnoticias.com\/labravaradiofm\/#website","url":"https:\/\/www.bbmnoticias.com\/labravaradiofm\/","name":"LA BRAVA RADIO","description":"Empresa productora de medios, Radiodifusi\u00f3n, Noticias, tendencias y todo lo que necesitas saber de la pol\u00edtica mexicana e internacional; entretenimiento, espect\u00e1culos, salud y mucho m\u00e1s.","potentialAction":[{"@type":"SearchAction","target":{"@type":"EntryPoint","urlTemplate":"https:\/\/www.bbmnoticias.com\/labravaradiofm\/?s={search_term_string}"},"query-input":{"@type":"PropertyValueSpecification","valueRequired":true,"valueName":"search_term_string"}}],"inLanguage":"es"},{"@type":"Person","@id":"https:\/\/www.bbmnoticias.com\/labravaradiofm\/#\/schema\/person\/34b139c617a70ea5bef5678bffe4dd7b","name":"Staff","image":{"@type":"ImageObject","inLanguage":"es","@id":"https:\/\/secure.gravatar.com\/avatar\/fdd21ad66fd8b98c407f9dee5b5e588cfe7f0d8579ec20fa6527cd59bab7f0f0?s=96&d=mm&r=g","url":"https:\/\/secure.gravatar.com\/avatar\/fdd21ad66fd8b98c407f9dee5b5e588cfe7f0d8579ec20fa6527cd59bab7f0f0?s=96&d=mm&r=g","contentUrl":"https:\/\/secure.gravatar.com\/avatar\/fdd21ad66fd8b98c407f9dee5b5e588cfe7f0d8579ec20fa6527cd59bab7f0f0?s=96&d=mm&r=g","caption":"Staff"},"url":"https:\/\/www.bbmnoticias.com\/labravaradiofm\/author\/redaccion\/"}]}},"_links":{"self":[{"href":"https:\/\/www.bbmnoticias.com\/labravaradiofm\/wp-json\/wp\/v2\/posts\/75212","targetHints":{"allow":["GET"]}}],"collection":[{"href":"https:\/\/www.bbmnoticias.com\/labravaradiofm\/wp-json\/wp\/v2\/posts"}],"about":[{"href":"https:\/\/www.bbmnoticias.com\/labravaradiofm\/wp-json\/wp\/v2\/types\/post"}],"author":[{"embeddable":true,"href":"https:\/\/www.bbmnoticias.com\/labravaradiofm\/wp-json\/wp\/v2\/users\/2"}],"replies":[{"embeddable":true,"href":"https:\/\/www.bbmnoticias.com\/labravaradiofm\/wp-json\/wp\/v2\/comments?post=75212"}],"version-history":[{"count":1,"href":"https:\/\/www.bbmnoticias.com\/labravaradiofm\/wp-json\/wp\/v2\/posts\/75212\/revisions"}],"predecessor-version":[{"id":75213,"href":"https:\/\/www.bbmnoticias.com\/labravaradiofm\/wp-json\/wp\/v2\/posts\/75212\/revisions\/75213"}],"wp:featuredmedia":[{"embeddable":true,"href":"https:\/\/www.bbmnoticias.com\/labravaradiofm\/wp-json\/wp\/v2\/media\/75214"}],"wp:attachment":[{"href":"https:\/\/www.bbmnoticias.com\/labravaradiofm\/wp-json\/wp\/v2\/media?parent=75212"}],"wp:term":[{"taxonomy":"category","embeddable":true,"href":"https:\/\/www.bbmnoticias.com\/labravaradiofm\/wp-json\/wp\/v2\/categories?post=75212"},{"taxonomy":"post_tag","embeddable":true,"href":"https:\/\/www.bbmnoticias.com\/labravaradiofm\/wp-json\/wp\/v2\/tags?post=75212"}],"curies":[{"name":"wp","href":"https:\/\/api.w.org\/{rel}","templated":true}]}}