{"id":75209,"date":"2026-03-16T09:14:13","date_gmt":"2026-03-16T15:14:13","guid":{"rendered":"https:\/\/www.bbmnoticias.com\/labravaradiofm\/2026\/03\/16\/cuanto-bajo-la-gasolina-con-la-estrategia-nacional-profeco-lo-explica\/"},"modified":"2026-03-16T09:14:16","modified_gmt":"2026-03-16T15:14:16","slug":"cuanto-bajo-la-gasolina-con-la-estrategia-nacional-profeco-lo-explica","status":"publish","type":"post","link":"https:\/\/www.bbmnoticias.com\/labravaradiofm\/2026\/03\/16\/cuanto-bajo-la-gasolina-con-la-estrategia-nacional-profeco-lo-explica\/","title":{"rendered":"\u00bfCu\u00e1nto baj\u00f3 la gasolina con la Estrategia Nacional? Profeco lo explica"},"content":{"rendered":"<div style=\"margin-top: 0px; margin-bottom: 0px;\" class=\"sharethis-inline-share-buttons\" ><\/div>\n<p>Con la reciente firma de la Estrategia Nacional para Promover la Estabilizaci\u00f3n del Precio de la Gasolina, se ha reducido el precio por litro de combustible en 2.2 por ciento, inform\u00f3 C\u00e9sar Iv\u00e1n Escalante Ruiz, titular de la Procuradur\u00eda Federal del Consumidor (Profeco).<\/p>\n\n\n\n<p>De acuerdo con la presentaci\u00f3n del funcionario federal, con datos al 13 de marzo del a\u00f1o en curso, el precio del litro de gasolina regular se sit\u00faa en 23.62 pesos.<\/p>\n\n\n\n<p>\u201cEntonces, se renov\u00f3 este acuerdo voluntario con la industria y con todos los empresarios gasolineros para mantener por debajo de los 24 pesos el litro de gasolina regular, y aqu\u00ed est\u00e1n los ejemplos de c\u00f3mo ha ido disminuyendo a partir de la primera firma y hasta esta renovaci\u00f3n, con una reducci\u00f3n importante en el precio de menos 2.2 por ciento\u201d, enfatiz\u00f3.&nbsp;<\/p>\n\n\n\n<p>Y es que antes de la primera firma de acuerdo entre empresarios gasolineros y el gobierno federal, el precio del litro de gasolina regular en M\u00e9xico era de 24.16 pesos. Posteriormente, este precio baj\u00f3 a 23.87 pesos. Con la reciente renovaci\u00f3n de la Estrategia Nacional para Promover la Estabilizaci\u00f3n del Precio de la Gasolina, el costo actual del litro de combustible se ha situado en 23.62 pesos.<\/p>\n\n\n\n<p>Durante la conferencia de prensa matutina de Palacio Nacional, el procurador hizo una invitaci\u00f3n a la ciudadan\u00eda para que consulten la secci\u00f3n \u201cEl precio invisible de los estereotipos\u201d de la Revista del Consumidor. Dicha secci\u00f3n, dijo que ofrece detalles sobre c\u00f3mo evitar caer en las trampas de los productos denominados \u201crosas\u201d, con el objetivo de salvaguardar la econom\u00eda de las mujeres.<\/p>\n\n\n\n<p>\u201cTenemos esta otra secci\u00f3n, el precio invisible de los estereotipos, c\u00f3mo evitar caer en la trampa de los productos rosas para proteger la econom\u00eda de las mujeres, y tenemos un comparativo de seguros para mujeres, tanto de gastos m\u00e9dicos como de vida, con recomendaciones para planificar, comparar y elegir el seguro de acuerdo a cada etapa de la vida\u201d, dijo.<\/p>\n","protected":false},"excerpt":{"rendered":"<p>Con la reciente firma de la Estrategia Nacional para Promover la Estabilizaci\u00f3n del Precio de la Gasolina, se ha reducido el precio por litro de combustible en 2.2 por ciento, inform\u00f3 C\u00e9sar Iv\u00e1n Escalante Ruiz, titular de la Procuradur\u00eda Federal del Consumidor (Profeco). De acuerdo con la presentaci\u00f3n del funcionario federal, con datos al 13 [&hellip;]<\/p>\n","protected":false},"author":4,"featured_media":75211,"comment_status":"closed","ping_status":"open","sticky":false,"template":"","format":"standard","meta":{"footnotes":""},"categories":[2,19],"tags":[],"class_list":{"0":"post-75209","1":"post","2":"type-post","3":"status-publish","4":"format-standard","5":"has-post-thumbnail","7":"category-oaxaca","8":"category-nacional"},"yoast_head":"<!-- This site is optimized with the Yoast SEO plugin v27.4 - https:\/\/yoast.com\/product\/yoast-seo-wordpress\/ -->\n<title>\u00bfCu\u00e1nto baj\u00f3 la gasolina con la Estrategia Nacional? Profeco lo explica - LA BRAVA RADIO<\/title>\n<meta name=\"robots\" content=\"index, follow, max-snippet:-1, max-image-preview:large, max-video-preview:-1\" \/>\n<link rel=\"canonical\" href=\"https:\/\/www.bbmnoticias.com\/cuanto-bajo-la-gasolina-con-la-estrategia-nacional-profeco-lo-explica\/\" \/>\n<meta property=\"og:locale\" content=\"es_MX\" \/>\n<meta property=\"og:type\" content=\"article\" \/>\n<meta property=\"og:title\" content=\"\u00bfCu\u00e1nto baj\u00f3 la gasolina con la Estrategia Nacional? Profeco lo explica - LA BRAVA RADIO\" \/>\n<meta property=\"og:description\" content=\"Con la reciente firma de la Estrategia Nacional para Promover la Estabilizaci\u00f3n del Precio de la Gasolina, se ha reducido el precio por litro de combustible en 2.2 por ciento, inform\u00f3 C\u00e9sar Iv\u00e1n Escalante Ruiz, titular de la Procuradur\u00eda Federal del Consumidor (Profeco). De acuerdo con la presentaci\u00f3n del funcionario federal, con datos al 13 [&hellip;]\" \/>\n<meta property=\"og:url\" content=\"https:\/\/www.bbmnoticias.com\/cuanto-bajo-la-gasolina-con-la-estrategia-nacional-profeco-lo-explica\/\" \/>\n<meta property=\"og:site_name\" content=\"LA BRAVA RADIO\" \/>\n<meta property=\"article:published_time\" content=\"2026-03-16T15:14:13+00:00\" \/>\n<meta property=\"article:modified_time\" content=\"2026-03-16T15:14:16+00:00\" \/>\n<meta property=\"og:image\" content=\"https:\/\/www.bbmnoticias.com\/labravaradiofm\/wp-content\/uploads\/sites\/5\/2026\/03\/gasolina_mexico.jpg\" \/>\n\t<meta property=\"og:image:width\" content=\"848\" \/>\n\t<meta property=\"og:image:height\" content=\"477\" \/>\n\t<meta property=\"og:image:type\" content=\"image\/jpeg\" \/>\n<meta name=\"author\" content=\"Agencias\" \/>\n<meta name=\"twitter:card\" content=\"summary_large_image\" \/>\n<meta name=\"twitter:label1\" content=\"Escrito por\" \/>\n\t<meta name=\"twitter:data1\" content=\"Agencias\" \/>\n\t<meta name=\"twitter:label2\" content=\"Tiempo de lectura\" \/>\n\t<meta name=\"twitter:data2\" content=\"2 minutos\" \/>\n<script type=\"application\/ld+json\" class=\"yoast-schema-graph\">{\"@context\":\"https:\\\/\\\/schema.org\",\"@graph\":[{\"@type\":\"Article\",\"@id\":\"https:\\\/\\\/www.bbmnoticias.com\\\/cuanto-bajo-la-gasolina-con-la-estrategia-nacional-profeco-lo-explica\\\/#article\",\"isPartOf\":{\"@id\":\"https:\\\/\\\/www.bbmnoticias.com\\\/labravaradiofm\\\/2026\\\/03\\\/16\\\/cuanto-bajo-la-gasolina-con-la-estrategia-nacional-profeco-lo-explica\\\/\"},\"author\":{\"name\":\"Agencias\",\"@id\":\"https:\\\/\\\/www.bbmnoticias.com\\\/labravaradiofm\\\/#\\\/schema\\\/person\\\/857a3daf5c8142f29919023f377fbfad\"},\"headline\":\"\u00bfCu\u00e1nto baj\u00f3 la gasolina con la Estrategia Nacional? Profeco lo explica\",\"datePublished\":\"2026-03-16T15:14:13+00:00\",\"dateModified\":\"2026-03-16T15:14:16+00:00\",\"mainEntityOfPage\":{\"@id\":\"https:\\\/\\\/www.bbmnoticias.com\\\/labravaradiofm\\\/2026\\\/03\\\/16\\\/cuanto-bajo-la-gasolina-con-la-estrategia-nacional-profeco-lo-explica\\\/\"},\"wordCount\":351,\"image\":{\"@id\":\"https:\\\/\\\/www.bbmnoticias.com\\\/cuanto-bajo-la-gasolina-con-la-estrategia-nacional-profeco-lo-explica\\\/#primaryimage\"},\"thumbnailUrl\":\"https:\\\/\\\/www.bbmnoticias.com\\\/labravaradiofm\\\/wp-content\\\/uploads\\\/sites\\\/5\\\/2026\\\/03\\\/gasolina_mexico.jpg\",\"articleSection\":[\"LOCAL\",\"NACIONAL\"],\"inLanguage\":\"es\"},{\"@type\":\"WebPage\",\"@id\":\"https:\\\/\\\/www.bbmnoticias.com\\\/labravaradiofm\\\/2026\\\/03\\\/16\\\/cuanto-bajo-la-gasolina-con-la-estrategia-nacional-profeco-lo-explica\\\/\",\"url\":\"https:\\\/\\\/www.bbmnoticias.com\\\/cuanto-bajo-la-gasolina-con-la-estrategia-nacional-profeco-lo-explica\\\/\",\"name\":\"\u00bfCu\u00e1nto baj\u00f3 la gasolina con la Estrategia Nacional? Profeco lo explica - LA BRAVA RADIO\",\"isPartOf\":{\"@id\":\"https:\\\/\\\/www.bbmnoticias.com\\\/labravaradiofm\\\/#website\"},\"primaryImageOfPage\":{\"@id\":\"https:\\\/\\\/www.bbmnoticias.com\\\/cuanto-bajo-la-gasolina-con-la-estrategia-nacional-profeco-lo-explica\\\/#primaryimage\"},\"image\":{\"@id\":\"https:\\\/\\\/www.bbmnoticias.com\\\/cuanto-bajo-la-gasolina-con-la-estrategia-nacional-profeco-lo-explica\\\/#primaryimage\"},\"thumbnailUrl\":\"https:\\\/\\\/www.bbmnoticias.com\\\/labravaradiofm\\\/wp-content\\\/uploads\\\/sites\\\/5\\\/2026\\\/03\\\/gasolina_mexico.jpg\",\"datePublished\":\"2026-03-16T15:14:13+00:00\",\"dateModified\":\"2026-03-16T15:14:16+00:00\",\"author\":{\"@id\":\"https:\\\/\\\/www.bbmnoticias.com\\\/labravaradiofm\\\/#\\\/schema\\\/person\\\/857a3daf5c8142f29919023f377fbfad\"},\"breadcrumb\":{\"@id\":\"https:\\\/\\\/www.bbmnoticias.com\\\/cuanto-bajo-la-gasolina-con-la-estrategia-nacional-profeco-lo-explica\\\/#breadcrumb\"},\"inLanguage\":\"es\",\"potentialAction\":[{\"@type\":\"ReadAction\",\"target\":[\"https:\\\/\\\/www.bbmnoticias.com\\\/cuanto-bajo-la-gasolina-con-la-estrategia-nacional-profeco-lo-explica\\\/\"]}]},{\"@type\":\"ImageObject\",\"inLanguage\":\"es\",\"@id\":\"https:\\\/\\\/www.bbmnoticias.com\\\/cuanto-bajo-la-gasolina-con-la-estrategia-nacional-profeco-lo-explica\\\/#primaryimage\",\"url\":\"https:\\\/\\\/www.bbmnoticias.com\\\/labravaradiofm\\\/wp-content\\\/uploads\\\/sites\\\/5\\\/2026\\\/03\\\/gasolina_mexico.jpg\",\"contentUrl\":\"https:\\\/\\\/www.bbmnoticias.com\\\/labravaradiofm\\\/wp-content\\\/uploads\\\/sites\\\/5\\\/2026\\\/03\\\/gasolina_mexico.jpg\",\"width\":848,\"height\":477},{\"@type\":\"BreadcrumbList\",\"@id\":\"https:\\\/\\\/www.bbmnoticias.com\\\/cuanto-bajo-la-gasolina-con-la-estrategia-nacional-profeco-lo-explica\\\/#breadcrumb\",\"itemListElement\":[{\"@type\":\"ListItem\",\"position\":1,\"name\":\"Inicio\",\"item\":\"https:\\\/\\\/www.bbmnoticias.com\\\/labravaradiofm\\\/\"},{\"@type\":\"ListItem\",\"position\":2,\"name\":\"\u00bfCu\u00e1nto baj\u00f3 la gasolina con la Estrategia Nacional? Profeco lo explica\"}]},{\"@type\":\"WebSite\",\"@id\":\"https:\\\/\\\/www.bbmnoticias.com\\\/labravaradiofm\\\/#website\",\"url\":\"https:\\\/\\\/www.bbmnoticias.com\\\/labravaradiofm\\\/\",\"name\":\"LA BRAVA RADIO\",\"description\":\"Empresa productora de medios, Radiodifusi\u00f3n, Noticias, tendencias y todo lo que necesitas saber de la pol\u00edtica mexicana e internacional; entretenimiento, espect\u00e1culos, salud y mucho m\u00e1s.\",\"potentialAction\":[{\"@type\":\"SearchAction\",\"target\":{\"@type\":\"EntryPoint\",\"urlTemplate\":\"https:\\\/\\\/www.bbmnoticias.com\\\/labravaradiofm\\\/?s={search_term_string}\"},\"query-input\":{\"@type\":\"PropertyValueSpecification\",\"valueRequired\":true,\"valueName\":\"search_term_string\"}}],\"inLanguage\":\"es\"},{\"@type\":\"Person\",\"@id\":\"https:\\\/\\\/www.bbmnoticias.com\\\/labravaradiofm\\\/#\\\/schema\\\/person\\\/857a3daf5c8142f29919023f377fbfad\",\"name\":\"Agencias\",\"image\":{\"@type\":\"ImageObject\",\"inLanguage\":\"es\",\"@id\":\"https:\\\/\\\/secure.gravatar.com\\\/avatar\\\/739e0b61adf9e398b425c36718c8752286da0e8cd90f20ce9a86678abc26aa0d?s=96&d=mm&r=g\",\"url\":\"https:\\\/\\\/secure.gravatar.com\\\/avatar\\\/739e0b61adf9e398b425c36718c8752286da0e8cd90f20ce9a86678abc26aa0d?s=96&d=mm&r=g\",\"contentUrl\":\"https:\\\/\\\/secure.gravatar.com\\\/avatar\\\/739e0b61adf9e398b425c36718c8752286da0e8cd90f20ce9a86678abc26aa0d?s=96&d=mm&r=g\",\"caption\":\"Agencias\"},\"url\":\"https:\\\/\\\/www.bbmnoticias.com\\\/labravaradiofm\\\/author\\\/agencias\\\/\"}]}<\/script>\n<!-- \/ Yoast SEO plugin. -->","yoast_head_json":{"title":"\u00bfCu\u00e1nto baj\u00f3 la gasolina con la Estrategia Nacional? Profeco lo explica - LA BRAVA RADIO","robots":{"index":"index","follow":"follow","max-snippet":"max-snippet:-1","max-image-preview":"max-image-preview:large","max-video-preview":"max-video-preview:-1"},"canonical":"https:\/\/www.bbmnoticias.com\/cuanto-bajo-la-gasolina-con-la-estrategia-nacional-profeco-lo-explica\/","og_locale":"es_MX","og_type":"article","og_title":"\u00bfCu\u00e1nto baj\u00f3 la gasolina con la Estrategia Nacional? Profeco lo explica - LA BRAVA RADIO","og_description":"Con la reciente firma de la Estrategia Nacional para Promover la Estabilizaci\u00f3n del Precio de la Gasolina, se ha reducido el precio por litro de combustible en 2.2 por ciento, inform\u00f3 C\u00e9sar Iv\u00e1n Escalante Ruiz, titular de la Procuradur\u00eda Federal del Consumidor (Profeco). De acuerdo con la presentaci\u00f3n del funcionario federal, con datos al 13 [&hellip;]","og_url":"https:\/\/www.bbmnoticias.com\/cuanto-bajo-la-gasolina-con-la-estrategia-nacional-profeco-lo-explica\/","og_site_name":"LA BRAVA RADIO","article_published_time":"2026-03-16T15:14:13+00:00","article_modified_time":"2026-03-16T15:14:16+00:00","og_image":[{"width":848,"height":477,"url":"https:\/\/www.bbmnoticias.com\/labravaradiofm\/wp-content\/uploads\/sites\/5\/2026\/03\/gasolina_mexico.jpg","type":"image\/jpeg"}],"author":"Agencias","twitter_card":"summary_large_image","twitter_misc":{"Escrito por":"Agencias","Tiempo de lectura":"2 minutos"},"schema":{"@context":"https:\/\/schema.org","@graph":[{"@type":"Article","@id":"https:\/\/www.bbmnoticias.com\/cuanto-bajo-la-gasolina-con-la-estrategia-nacional-profeco-lo-explica\/#article","isPartOf":{"@id":"https:\/\/www.bbmnoticias.com\/labravaradiofm\/2026\/03\/16\/cuanto-bajo-la-gasolina-con-la-estrategia-nacional-profeco-lo-explica\/"},"author":{"name":"Agencias","@id":"https:\/\/www.bbmnoticias.com\/labravaradiofm\/#\/schema\/person\/857a3daf5c8142f29919023f377fbfad"},"headline":"\u00bfCu\u00e1nto baj\u00f3 la gasolina con la Estrategia Nacional? Profeco lo explica","datePublished":"2026-03-16T15:14:13+00:00","dateModified":"2026-03-16T15:14:16+00:00","mainEntityOfPage":{"@id":"https:\/\/www.bbmnoticias.com\/labravaradiofm\/2026\/03\/16\/cuanto-bajo-la-gasolina-con-la-estrategia-nacional-profeco-lo-explica\/"},"wordCount":351,"image":{"@id":"https:\/\/www.bbmnoticias.com\/cuanto-bajo-la-gasolina-con-la-estrategia-nacional-profeco-lo-explica\/#primaryimage"},"thumbnailUrl":"https:\/\/www.bbmnoticias.com\/labravaradiofm\/wp-content\/uploads\/sites\/5\/2026\/03\/gasolina_mexico.jpg","articleSection":["LOCAL","NACIONAL"],"inLanguage":"es"},{"@type":"WebPage","@id":"https:\/\/www.bbmnoticias.com\/labravaradiofm\/2026\/03\/16\/cuanto-bajo-la-gasolina-con-la-estrategia-nacional-profeco-lo-explica\/","url":"https:\/\/www.bbmnoticias.com\/cuanto-bajo-la-gasolina-con-la-estrategia-nacional-profeco-lo-explica\/","name":"\u00bfCu\u00e1nto baj\u00f3 la gasolina con la Estrategia Nacional? Profeco lo explica - LA BRAVA RADIO","isPartOf":{"@id":"https:\/\/www.bbmnoticias.com\/labravaradiofm\/#website"},"primaryImageOfPage":{"@id":"https:\/\/www.bbmnoticias.com\/cuanto-bajo-la-gasolina-con-la-estrategia-nacional-profeco-lo-explica\/#primaryimage"},"image":{"@id":"https:\/\/www.bbmnoticias.com\/cuanto-bajo-la-gasolina-con-la-estrategia-nacional-profeco-lo-explica\/#primaryimage"},"thumbnailUrl":"https:\/\/www.bbmnoticias.com\/labravaradiofm\/wp-content\/uploads\/sites\/5\/2026\/03\/gasolina_mexico.jpg","datePublished":"2026-03-16T15:14:13+00:00","dateModified":"2026-03-16T15:14:16+00:00","author":{"@id":"https:\/\/www.bbmnoticias.com\/labravaradiofm\/#\/schema\/person\/857a3daf5c8142f29919023f377fbfad"},"breadcrumb":{"@id":"https:\/\/www.bbmnoticias.com\/cuanto-bajo-la-gasolina-con-la-estrategia-nacional-profeco-lo-explica\/#breadcrumb"},"inLanguage":"es","potentialAction":[{"@type":"ReadAction","target":["https:\/\/www.bbmnoticias.com\/cuanto-bajo-la-gasolina-con-la-estrategia-nacional-profeco-lo-explica\/"]}]},{"@type":"ImageObject","inLanguage":"es","@id":"https:\/\/www.bbmnoticias.com\/cuanto-bajo-la-gasolina-con-la-estrategia-nacional-profeco-lo-explica\/#primaryimage","url":"https:\/\/www.bbmnoticias.com\/labravaradiofm\/wp-content\/uploads\/sites\/5\/2026\/03\/gasolina_mexico.jpg","contentUrl":"https:\/\/www.bbmnoticias.com\/labravaradiofm\/wp-content\/uploads\/sites\/5\/2026\/03\/gasolina_mexico.jpg","width":848,"height":477},{"@type":"BreadcrumbList","@id":"https:\/\/www.bbmnoticias.com\/cuanto-bajo-la-gasolina-con-la-estrategia-nacional-profeco-lo-explica\/#breadcrumb","itemListElement":[{"@type":"ListItem","position":1,"name":"Inicio","item":"https:\/\/www.bbmnoticias.com\/labravaradiofm\/"},{"@type":"ListItem","position":2,"name":"\u00bfCu\u00e1nto baj\u00f3 la gasolina con la Estrategia Nacional? Profeco lo explica"}]},{"@type":"WebSite","@id":"https:\/\/www.bbmnoticias.com\/labravaradiofm\/#website","url":"https:\/\/www.bbmnoticias.com\/labravaradiofm\/","name":"LA BRAVA RADIO","description":"Empresa productora de medios, Radiodifusi\u00f3n, Noticias, tendencias y todo lo que necesitas saber de la pol\u00edtica mexicana e internacional; entretenimiento, espect\u00e1culos, salud y mucho m\u00e1s.","potentialAction":[{"@type":"SearchAction","target":{"@type":"EntryPoint","urlTemplate":"https:\/\/www.bbmnoticias.com\/labravaradiofm\/?s={search_term_string}"},"query-input":{"@type":"PropertyValueSpecification","valueRequired":true,"valueName":"search_term_string"}}],"inLanguage":"es"},{"@type":"Person","@id":"https:\/\/www.bbmnoticias.com\/labravaradiofm\/#\/schema\/person\/857a3daf5c8142f29919023f377fbfad","name":"Agencias","image":{"@type":"ImageObject","inLanguage":"es","@id":"https:\/\/secure.gravatar.com\/avatar\/739e0b61adf9e398b425c36718c8752286da0e8cd90f20ce9a86678abc26aa0d?s=96&d=mm&r=g","url":"https:\/\/secure.gravatar.com\/avatar\/739e0b61adf9e398b425c36718c8752286da0e8cd90f20ce9a86678abc26aa0d?s=96&d=mm&r=g","contentUrl":"https:\/\/secure.gravatar.com\/avatar\/739e0b61adf9e398b425c36718c8752286da0e8cd90f20ce9a86678abc26aa0d?s=96&d=mm&r=g","caption":"Agencias"},"url":"https:\/\/www.bbmnoticias.com\/labravaradiofm\/author\/agencias\/"}]}},"_links":{"self":[{"href":"https:\/\/www.bbmnoticias.com\/labravaradiofm\/wp-json\/wp\/v2\/posts\/75209","targetHints":{"allow":["GET"]}}],"collection":[{"href":"https:\/\/www.bbmnoticias.com\/labravaradiofm\/wp-json\/wp\/v2\/posts"}],"about":[{"href":"https:\/\/www.bbmnoticias.com\/labravaradiofm\/wp-json\/wp\/v2\/types\/post"}],"author":[{"embeddable":true,"href":"https:\/\/www.bbmnoticias.com\/labravaradiofm\/wp-json\/wp\/v2\/users\/4"}],"replies":[{"embeddable":true,"href":"https:\/\/www.bbmnoticias.com\/labravaradiofm\/wp-json\/wp\/v2\/comments?post=75209"}],"version-history":[{"count":1,"href":"https:\/\/www.bbmnoticias.com\/labravaradiofm\/wp-json\/wp\/v2\/posts\/75209\/revisions"}],"predecessor-version":[{"id":75210,"href":"https:\/\/www.bbmnoticias.com\/labravaradiofm\/wp-json\/wp\/v2\/posts\/75209\/revisions\/75210"}],"wp:featuredmedia":[{"embeddable":true,"href":"https:\/\/www.bbmnoticias.com\/labravaradiofm\/wp-json\/wp\/v2\/media\/75211"}],"wp:attachment":[{"href":"https:\/\/www.bbmnoticias.com\/labravaradiofm\/wp-json\/wp\/v2\/media?parent=75209"}],"wp:term":[{"taxonomy":"category","embeddable":true,"href":"https:\/\/www.bbmnoticias.com\/labravaradiofm\/wp-json\/wp\/v2\/categories?post=75209"},{"taxonomy":"post_tag","embeddable":true,"href":"https:\/\/www.bbmnoticias.com\/labravaradiofm\/wp-json\/wp\/v2\/tags?post=75209"}],"curies":[{"name":"wp","href":"https:\/\/api.w.org\/{rel}","templated":true}]}}