{"id":75205,"date":"2026-03-16T08:45:15","date_gmt":"2026-03-16T14:45:15","guid":{"rendered":"https:\/\/www.bbmnoticias.com\/labravaradiofm\/2026\/03\/16\/pemex-rumbo-a-la-consolidacion-pedro-botero\/"},"modified":"2026-03-16T08:45:19","modified_gmt":"2026-03-16T14:45:19","slug":"pemex-rumbo-a-la-consolidacion-pedro-botero","status":"publish","type":"post","link":"https:\/\/www.bbmnoticias.com\/labravaradiofm\/2026\/03\/16\/pemex-rumbo-a-la-consolidacion-pedro-botero\/","title":{"rendered":"\u00bfPemex, Rumbo a la Consolidaci\u00f3n? &#8211; Pedro Botero"},"content":{"rendered":"<div style=\"margin-top: 0px; margin-bottom: 0px;\" class=\"sharethis-inline-share-buttons\" ><\/div>\n<p><strong>Dicen los que saben que el pr\u00f3ximo 18 de marzo no ser\u00e1 solo una fecha en el calendario para el Dr. Victor Rodr\u00edguez Padilla<\/strong>. Se rumora que el evento del 88.\u00ba Aniversario de la Expropiaci\u00f3n Petrolera, a celebrarse en terrenos industriales de Pueblo Viejo, Veracruz \u2014ah\u00ed pegadito a Tampico\u2014, <strong>servir\u00e1 como el escenario perfecto para que el Director General de Pemex d\u00e9 un golpe de autoridad sobre la mesa<\/strong>. \u00a0<\/p>\n\n\n\n<p>Trasciende que el mensaje central no ser\u00e1 solo hist\u00f3rico, sino de eficiencia pura, pues llegar\u00e1 a tierras veracruzanas con la bandera de haber logrado un <strong>balance financiero en &#8220;ceros&#8221; y una deuda que est\u00e1 en su nivel m\u00e1s bajo de los \u00faltimos 11 a\u00f1os<\/strong>. Parece que la &#8220;soberan\u00eda energ\u00e9tica&#8221; ya no es solo un discurso, sino un reporte de resultados que ha dejado callados a varios en el sector.<\/p>\n\n\n\n<p class=\"has-text-align-center\"><strong>Esc\u00fachanos de 06:00 a 07:00 horas y de 21:00 a 22:00 horas en el 106.5 FM Heraldo Istmo y 97.7 Fm Heraldo Oaxaca.\u00a0 BBM Noticias y Heraldo Interoce\u00e1nico.\u00a0\u00a0<\/strong>\u00a0<br><strong>X \/ Twitter @buho_botero<\/strong>\u00a0<br><strong>@bbmnoticias1\u00a0<\/strong>\u00a0<br><strong>Facebook Pedro Botero y Bbmnoticias Oaxaca.\u00a0<\/strong>\u00a0<br><a href=\"http:\/\/www.elheraldodemexico.com\" target=\"_blank\" rel=\"noreferrer noopener\"><strong>www.elheraldodemexico.com<\/strong><\/a>\u00a0<br><a href=\"https:\/\/www.bbmnoticias.com\" target=\"_blank\" rel=\"noreferrer noopener\"><strong>www.bbmnoticias.com<\/strong><\/a>\u00a0<br><a href=\"http:\/\/www.labravaradiofm.com\" target=\"_blank\" rel=\"noreferrer noopener\"><strong>www.labravaradiofm.com<\/strong><\/a><\/p>\n","protected":false},"excerpt":{"rendered":"<p>Dicen los que saben que el pr\u00f3ximo 18 de marzo no ser\u00e1 solo una fecha en el calendario para el Dr. Victor Rodr\u00edguez Padilla. Se rumora que el evento del 88.\u00ba Aniversario de la Expropiaci\u00f3n Petrolera, a celebrarse en terrenos industriales de Pueblo Viejo, Veracruz \u2014ah\u00ed pegadito a Tampico\u2014, servir\u00e1 como el escenario perfecto para [&hellip;]<\/p>\n","protected":false},"author":18,"featured_media":75208,"comment_status":"closed","ping_status":"open","sticky":false,"template":"","format":"standard","meta":{"footnotes":""},"categories":[950,2,22],"tags":[],"class_list":{"0":"post-75205","1":"post","2":"type-post","3":"status-publish","4":"format-standard","5":"has-post-thumbnail","7":"category-el-canto-del-buho","8":"category-oaxaca","9":"category-opinion"},"yoast_head":"<!-- This site is optimized with the Yoast SEO plugin v27.4 - https:\/\/yoast.com\/product\/yoast-seo-wordpress\/ -->\n<title>\u00bfPemex, Rumbo a la Consolidaci\u00f3n? - Pedro Botero - LA BRAVA RADIO<\/title>\n<meta name=\"robots\" content=\"index, follow, max-snippet:-1, max-image-preview:large, max-video-preview:-1\" \/>\n<link rel=\"canonical\" href=\"https:\/\/www.bbmnoticias.com\/pemex-rumbo-a-la-consolidacion-pedro-botero\/\" \/>\n<meta property=\"og:locale\" content=\"es_MX\" \/>\n<meta property=\"og:type\" content=\"article\" \/>\n<meta property=\"og:title\" content=\"\u00bfPemex, Rumbo a la Consolidaci\u00f3n? - Pedro Botero - LA BRAVA RADIO\" \/>\n<meta property=\"og:description\" content=\"Dicen los que saben que el pr\u00f3ximo 18 de marzo no ser\u00e1 solo una fecha en el calendario para el Dr. Victor Rodr\u00edguez Padilla. Se rumora que el evento del 88.\u00ba Aniversario de la Expropiaci\u00f3n Petrolera, a celebrarse en terrenos industriales de Pueblo Viejo, Veracruz \u2014ah\u00ed pegadito a Tampico\u2014, servir\u00e1 como el escenario perfecto para [&hellip;]\" \/>\n<meta property=\"og:url\" content=\"https:\/\/www.bbmnoticias.com\/pemex-rumbo-a-la-consolidacion-pedro-botero\/\" \/>\n<meta property=\"og:site_name\" content=\"LA BRAVA RADIO\" \/>\n<meta property=\"article:published_time\" content=\"2026-03-16T14:45:15+00:00\" \/>\n<meta property=\"article:modified_time\" content=\"2026-03-16T14:45:19+00:00\" \/>\n<meta property=\"og:image\" content=\"https:\/\/www.bbmnoticias.com\/labravaradiofm\/wp-content\/uploads\/sites\/5\/2026\/03\/elcanto16032026.jpg\" \/>\n\t<meta property=\"og:image:width\" content=\"750\" \/>\n\t<meta property=\"og:image:height\" content=\"415\" \/>\n\t<meta property=\"og:image:type\" content=\"image\/jpeg\" \/>\n<meta name=\"author\" content=\"Pedro Botero\" \/>\n<meta name=\"twitter:card\" content=\"summary_large_image\" \/>\n<meta name=\"twitter:label1\" content=\"Escrito por\" \/>\n\t<meta name=\"twitter:data1\" content=\"Pedro Botero\" \/>\n\t<meta name=\"twitter:label2\" content=\"Tiempo de lectura\" \/>\n\t<meta name=\"twitter:data2\" content=\"1 minuto\" \/>\n<script type=\"application\/ld+json\" class=\"yoast-schema-graph\">{\"@context\":\"https:\\\/\\\/schema.org\",\"@graph\":[{\"@type\":\"Article\",\"@id\":\"https:\\\/\\\/www.bbmnoticias.com\\\/pemex-rumbo-a-la-consolidacion-pedro-botero\\\/#article\",\"isPartOf\":{\"@id\":\"https:\\\/\\\/www.bbmnoticias.com\\\/labravaradiofm\\\/2026\\\/03\\\/16\\\/pemex-rumbo-a-la-consolidacion-pedro-botero\\\/\"},\"author\":{\"name\":\"Pedro Botero\",\"@id\":\"https:\\\/\\\/www.bbmnoticias.com\\\/labravaradiofm\\\/#\\\/schema\\\/person\\\/4225105502e8adb0d77200acc537ccd9\"},\"headline\":\"\u00bfPemex, Rumbo a la Consolidaci\u00f3n? &#8211; Pedro Botero\",\"datePublished\":\"2026-03-16T14:45:15+00:00\",\"dateModified\":\"2026-03-16T14:45:19+00:00\",\"mainEntityOfPage\":{\"@id\":\"https:\\\/\\\/www.bbmnoticias.com\\\/labravaradiofm\\\/2026\\\/03\\\/16\\\/pemex-rumbo-a-la-consolidacion-pedro-botero\\\/\"},\"wordCount\":196,\"image\":{\"@id\":\"https:\\\/\\\/www.bbmnoticias.com\\\/pemex-rumbo-a-la-consolidacion-pedro-botero\\\/#primaryimage\"},\"thumbnailUrl\":\"https:\\\/\\\/www.bbmnoticias.com\\\/labravaradiofm\\\/wp-content\\\/uploads\\\/sites\\\/5\\\/2026\\\/03\\\/elcanto16032026.jpg\",\"articleSection\":[\"EL CANTO DEL B\u00daHO\",\"LOCAL\",\"OPINI\u00d3N\"],\"inLanguage\":\"es\"},{\"@type\":\"WebPage\",\"@id\":\"https:\\\/\\\/www.bbmnoticias.com\\\/labravaradiofm\\\/2026\\\/03\\\/16\\\/pemex-rumbo-a-la-consolidacion-pedro-botero\\\/\",\"url\":\"https:\\\/\\\/www.bbmnoticias.com\\\/pemex-rumbo-a-la-consolidacion-pedro-botero\\\/\",\"name\":\"\u00bfPemex, Rumbo a la Consolidaci\u00f3n? - Pedro Botero - LA BRAVA RADIO\",\"isPartOf\":{\"@id\":\"https:\\\/\\\/www.bbmnoticias.com\\\/labravaradiofm\\\/#website\"},\"primaryImageOfPage\":{\"@id\":\"https:\\\/\\\/www.bbmnoticias.com\\\/pemex-rumbo-a-la-consolidacion-pedro-botero\\\/#primaryimage\"},\"image\":{\"@id\":\"https:\\\/\\\/www.bbmnoticias.com\\\/pemex-rumbo-a-la-consolidacion-pedro-botero\\\/#primaryimage\"},\"thumbnailUrl\":\"https:\\\/\\\/www.bbmnoticias.com\\\/labravaradiofm\\\/wp-content\\\/uploads\\\/sites\\\/5\\\/2026\\\/03\\\/elcanto16032026.jpg\",\"datePublished\":\"2026-03-16T14:45:15+00:00\",\"dateModified\":\"2026-03-16T14:45:19+00:00\",\"author\":{\"@id\":\"https:\\\/\\\/www.bbmnoticias.com\\\/labravaradiofm\\\/#\\\/schema\\\/person\\\/4225105502e8adb0d77200acc537ccd9\"},\"breadcrumb\":{\"@id\":\"https:\\\/\\\/www.bbmnoticias.com\\\/pemex-rumbo-a-la-consolidacion-pedro-botero\\\/#breadcrumb\"},\"inLanguage\":\"es\",\"potentialAction\":[{\"@type\":\"ReadAction\",\"target\":[\"https:\\\/\\\/www.bbmnoticias.com\\\/pemex-rumbo-a-la-consolidacion-pedro-botero\\\/\"]}]},{\"@type\":\"ImageObject\",\"inLanguage\":\"es\",\"@id\":\"https:\\\/\\\/www.bbmnoticias.com\\\/pemex-rumbo-a-la-consolidacion-pedro-botero\\\/#primaryimage\",\"url\":\"https:\\\/\\\/www.bbmnoticias.com\\\/labravaradiofm\\\/wp-content\\\/uploads\\\/sites\\\/5\\\/2026\\\/03\\\/elcanto16032026.jpg\",\"contentUrl\":\"https:\\\/\\\/www.bbmnoticias.com\\\/labravaradiofm\\\/wp-content\\\/uploads\\\/sites\\\/5\\\/2026\\\/03\\\/elcanto16032026.jpg\",\"width\":750,\"height\":415},{\"@type\":\"BreadcrumbList\",\"@id\":\"https:\\\/\\\/www.bbmnoticias.com\\\/pemex-rumbo-a-la-consolidacion-pedro-botero\\\/#breadcrumb\",\"itemListElement\":[{\"@type\":\"ListItem\",\"position\":1,\"name\":\"Inicio\",\"item\":\"https:\\\/\\\/www.bbmnoticias.com\\\/labravaradiofm\\\/\"},{\"@type\":\"ListItem\",\"position\":2,\"name\":\"\u00bfPemex, Rumbo a la Consolidaci\u00f3n? &#8211; Pedro Botero\"}]},{\"@type\":\"WebSite\",\"@id\":\"https:\\\/\\\/www.bbmnoticias.com\\\/labravaradiofm\\\/#website\",\"url\":\"https:\\\/\\\/www.bbmnoticias.com\\\/labravaradiofm\\\/\",\"name\":\"LA BRAVA RADIO\",\"description\":\"Empresa productora de medios, Radiodifusi\u00f3n, Noticias, tendencias y todo lo que necesitas saber de la pol\u00edtica mexicana e internacional; entretenimiento, espect\u00e1culos, salud y mucho m\u00e1s.\",\"potentialAction\":[{\"@type\":\"SearchAction\",\"target\":{\"@type\":\"EntryPoint\",\"urlTemplate\":\"https:\\\/\\\/www.bbmnoticias.com\\\/labravaradiofm\\\/?s={search_term_string}\"},\"query-input\":{\"@type\":\"PropertyValueSpecification\",\"valueRequired\":true,\"valueName\":\"search_term_string\"}}],\"inLanguage\":\"es\"},{\"@type\":\"Person\",\"@id\":\"https:\\\/\\\/www.bbmnoticias.com\\\/labravaradiofm\\\/#\\\/schema\\\/person\\\/4225105502e8adb0d77200acc537ccd9\",\"name\":\"Pedro Botero\",\"image\":{\"@type\":\"ImageObject\",\"inLanguage\":\"es\",\"@id\":\"https:\\\/\\\/secure.gravatar.com\\\/avatar\\\/3e1604f74223697b158b4f0509f030050c1609806bd1c24b9ac5d9759b30b353?s=96&d=mm&r=g\",\"url\":\"https:\\\/\\\/secure.gravatar.com\\\/avatar\\\/3e1604f74223697b158b4f0509f030050c1609806bd1c24b9ac5d9759b30b353?s=96&d=mm&r=g\",\"contentUrl\":\"https:\\\/\\\/secure.gravatar.com\\\/avatar\\\/3e1604f74223697b158b4f0509f030050c1609806bd1c24b9ac5d9759b30b353?s=96&d=mm&r=g\",\"caption\":\"Pedro Botero\"},\"sameAs\":[\"http:\\\/\\\/www.bbmnoticias.com\"],\"url\":\"https:\\\/\\\/www.bbmnoticias.com\\\/labravaradiofm\\\/author\\\/pedrobotero\\\/\"}]}<\/script>\n<!-- \/ Yoast SEO plugin. -->","yoast_head_json":{"title":"\u00bfPemex, Rumbo a la Consolidaci\u00f3n? - Pedro Botero - LA BRAVA RADIO","robots":{"index":"index","follow":"follow","max-snippet":"max-snippet:-1","max-image-preview":"max-image-preview:large","max-video-preview":"max-video-preview:-1"},"canonical":"https:\/\/www.bbmnoticias.com\/pemex-rumbo-a-la-consolidacion-pedro-botero\/","og_locale":"es_MX","og_type":"article","og_title":"\u00bfPemex, Rumbo a la Consolidaci\u00f3n? - Pedro Botero - LA BRAVA RADIO","og_description":"Dicen los que saben que el pr\u00f3ximo 18 de marzo no ser\u00e1 solo una fecha en el calendario para el Dr. Victor Rodr\u00edguez Padilla. Se rumora que el evento del 88.\u00ba Aniversario de la Expropiaci\u00f3n Petrolera, a celebrarse en terrenos industriales de Pueblo Viejo, Veracruz \u2014ah\u00ed pegadito a Tampico\u2014, servir\u00e1 como el escenario perfecto para [&hellip;]","og_url":"https:\/\/www.bbmnoticias.com\/pemex-rumbo-a-la-consolidacion-pedro-botero\/","og_site_name":"LA BRAVA RADIO","article_published_time":"2026-03-16T14:45:15+00:00","article_modified_time":"2026-03-16T14:45:19+00:00","og_image":[{"width":750,"height":415,"url":"https:\/\/www.bbmnoticias.com\/labravaradiofm\/wp-content\/uploads\/sites\/5\/2026\/03\/elcanto16032026.jpg","type":"image\/jpeg"}],"author":"Pedro Botero","twitter_card":"summary_large_image","twitter_misc":{"Escrito por":"Pedro Botero","Tiempo de lectura":"1 minuto"},"schema":{"@context":"https:\/\/schema.org","@graph":[{"@type":"Article","@id":"https:\/\/www.bbmnoticias.com\/pemex-rumbo-a-la-consolidacion-pedro-botero\/#article","isPartOf":{"@id":"https:\/\/www.bbmnoticias.com\/labravaradiofm\/2026\/03\/16\/pemex-rumbo-a-la-consolidacion-pedro-botero\/"},"author":{"name":"Pedro Botero","@id":"https:\/\/www.bbmnoticias.com\/labravaradiofm\/#\/schema\/person\/4225105502e8adb0d77200acc537ccd9"},"headline":"\u00bfPemex, Rumbo a la Consolidaci\u00f3n? &#8211; Pedro Botero","datePublished":"2026-03-16T14:45:15+00:00","dateModified":"2026-03-16T14:45:19+00:00","mainEntityOfPage":{"@id":"https:\/\/www.bbmnoticias.com\/labravaradiofm\/2026\/03\/16\/pemex-rumbo-a-la-consolidacion-pedro-botero\/"},"wordCount":196,"image":{"@id":"https:\/\/www.bbmnoticias.com\/pemex-rumbo-a-la-consolidacion-pedro-botero\/#primaryimage"},"thumbnailUrl":"https:\/\/www.bbmnoticias.com\/labravaradiofm\/wp-content\/uploads\/sites\/5\/2026\/03\/elcanto16032026.jpg","articleSection":["EL CANTO DEL B\u00daHO","LOCAL","OPINI\u00d3N"],"inLanguage":"es"},{"@type":"WebPage","@id":"https:\/\/www.bbmnoticias.com\/labravaradiofm\/2026\/03\/16\/pemex-rumbo-a-la-consolidacion-pedro-botero\/","url":"https:\/\/www.bbmnoticias.com\/pemex-rumbo-a-la-consolidacion-pedro-botero\/","name":"\u00bfPemex, Rumbo a la Consolidaci\u00f3n? - Pedro Botero - LA BRAVA RADIO","isPartOf":{"@id":"https:\/\/www.bbmnoticias.com\/labravaradiofm\/#website"},"primaryImageOfPage":{"@id":"https:\/\/www.bbmnoticias.com\/pemex-rumbo-a-la-consolidacion-pedro-botero\/#primaryimage"},"image":{"@id":"https:\/\/www.bbmnoticias.com\/pemex-rumbo-a-la-consolidacion-pedro-botero\/#primaryimage"},"thumbnailUrl":"https:\/\/www.bbmnoticias.com\/labravaradiofm\/wp-content\/uploads\/sites\/5\/2026\/03\/elcanto16032026.jpg","datePublished":"2026-03-16T14:45:15+00:00","dateModified":"2026-03-16T14:45:19+00:00","author":{"@id":"https:\/\/www.bbmnoticias.com\/labravaradiofm\/#\/schema\/person\/4225105502e8adb0d77200acc537ccd9"},"breadcrumb":{"@id":"https:\/\/www.bbmnoticias.com\/pemex-rumbo-a-la-consolidacion-pedro-botero\/#breadcrumb"},"inLanguage":"es","potentialAction":[{"@type":"ReadAction","target":["https:\/\/www.bbmnoticias.com\/pemex-rumbo-a-la-consolidacion-pedro-botero\/"]}]},{"@type":"ImageObject","inLanguage":"es","@id":"https:\/\/www.bbmnoticias.com\/pemex-rumbo-a-la-consolidacion-pedro-botero\/#primaryimage","url":"https:\/\/www.bbmnoticias.com\/labravaradiofm\/wp-content\/uploads\/sites\/5\/2026\/03\/elcanto16032026.jpg","contentUrl":"https:\/\/www.bbmnoticias.com\/labravaradiofm\/wp-content\/uploads\/sites\/5\/2026\/03\/elcanto16032026.jpg","width":750,"height":415},{"@type":"BreadcrumbList","@id":"https:\/\/www.bbmnoticias.com\/pemex-rumbo-a-la-consolidacion-pedro-botero\/#breadcrumb","itemListElement":[{"@type":"ListItem","position":1,"name":"Inicio","item":"https:\/\/www.bbmnoticias.com\/labravaradiofm\/"},{"@type":"ListItem","position":2,"name":"\u00bfPemex, Rumbo a la Consolidaci\u00f3n? &#8211; Pedro Botero"}]},{"@type":"WebSite","@id":"https:\/\/www.bbmnoticias.com\/labravaradiofm\/#website","url":"https:\/\/www.bbmnoticias.com\/labravaradiofm\/","name":"LA BRAVA RADIO","description":"Empresa productora de medios, Radiodifusi\u00f3n, Noticias, tendencias y todo lo que necesitas saber de la pol\u00edtica mexicana e internacional; entretenimiento, espect\u00e1culos, salud y mucho m\u00e1s.","potentialAction":[{"@type":"SearchAction","target":{"@type":"EntryPoint","urlTemplate":"https:\/\/www.bbmnoticias.com\/labravaradiofm\/?s={search_term_string}"},"query-input":{"@type":"PropertyValueSpecification","valueRequired":true,"valueName":"search_term_string"}}],"inLanguage":"es"},{"@type":"Person","@id":"https:\/\/www.bbmnoticias.com\/labravaradiofm\/#\/schema\/person\/4225105502e8adb0d77200acc537ccd9","name":"Pedro Botero","image":{"@type":"ImageObject","inLanguage":"es","@id":"https:\/\/secure.gravatar.com\/avatar\/3e1604f74223697b158b4f0509f030050c1609806bd1c24b9ac5d9759b30b353?s=96&d=mm&r=g","url":"https:\/\/secure.gravatar.com\/avatar\/3e1604f74223697b158b4f0509f030050c1609806bd1c24b9ac5d9759b30b353?s=96&d=mm&r=g","contentUrl":"https:\/\/secure.gravatar.com\/avatar\/3e1604f74223697b158b4f0509f030050c1609806bd1c24b9ac5d9759b30b353?s=96&d=mm&r=g","caption":"Pedro Botero"},"sameAs":["http:\/\/www.bbmnoticias.com"],"url":"https:\/\/www.bbmnoticias.com\/labravaradiofm\/author\/pedrobotero\/"}]}},"_links":{"self":[{"href":"https:\/\/www.bbmnoticias.com\/labravaradiofm\/wp-json\/wp\/v2\/posts\/75205","targetHints":{"allow":["GET"]}}],"collection":[{"href":"https:\/\/www.bbmnoticias.com\/labravaradiofm\/wp-json\/wp\/v2\/posts"}],"about":[{"href":"https:\/\/www.bbmnoticias.com\/labravaradiofm\/wp-json\/wp\/v2\/types\/post"}],"author":[{"embeddable":true,"href":"https:\/\/www.bbmnoticias.com\/labravaradiofm\/wp-json\/wp\/v2\/users\/18"}],"replies":[{"embeddable":true,"href":"https:\/\/www.bbmnoticias.com\/labravaradiofm\/wp-json\/wp\/v2\/comments?post=75205"}],"version-history":[{"count":1,"href":"https:\/\/www.bbmnoticias.com\/labravaradiofm\/wp-json\/wp\/v2\/posts\/75205\/revisions"}],"predecessor-version":[{"id":75206,"href":"https:\/\/www.bbmnoticias.com\/labravaradiofm\/wp-json\/wp\/v2\/posts\/75205\/revisions\/75206"}],"wp:featuredmedia":[{"embeddable":true,"href":"https:\/\/www.bbmnoticias.com\/labravaradiofm\/wp-json\/wp\/v2\/media\/75208"}],"wp:attachment":[{"href":"https:\/\/www.bbmnoticias.com\/labravaradiofm\/wp-json\/wp\/v2\/media?parent=75205"}],"wp:term":[{"taxonomy":"category","embeddable":true,"href":"https:\/\/www.bbmnoticias.com\/labravaradiofm\/wp-json\/wp\/v2\/categories?post=75205"},{"taxonomy":"post_tag","embeddable":true,"href":"https:\/\/www.bbmnoticias.com\/labravaradiofm\/wp-json\/wp\/v2\/tags?post=75205"}],"curies":[{"name":"wp","href":"https:\/\/api.w.org\/{rel}","templated":true}]}}