{"id":75202,"date":"2026-03-16T08:32:10","date_gmt":"2026-03-16T14:32:10","guid":{"rendered":"https:\/\/www.bbmnoticias.com\/labravaradiofm\/2026\/03\/16\/detiene-fiscalia-de-oaxaca-a-hombre-acusado-de-trata-de-personas-y-explotacion-sexual-ocurridos-en-san-sebastian-tutla\/"},"modified":"2026-03-16T08:32:13","modified_gmt":"2026-03-16T14:32:13","slug":"detiene-fiscalia-de-oaxaca-a-hombre-acusado-de-trata-de-personas-y-explotacion-sexual-ocurridos-en-san-sebastian-tutla","status":"publish","type":"post","link":"https:\/\/www.bbmnoticias.com\/labravaradiofm\/2026\/03\/16\/detiene-fiscalia-de-oaxaca-a-hombre-acusado-de-trata-de-personas-y-explotacion-sexual-ocurridos-en-san-sebastian-tutla\/","title":{"rendered":"Detiene Fiscal\u00eda de Oaxaca a hombre acusado de trata de personas y explotaci\u00f3n sexual ocurridos en San Sebasti\u00e1n Tutla"},"content":{"rendered":"<div style=\"margin-top: 0px; margin-bottom: 0px;\" class=\"sharethis-inline-share-buttons\" ><\/div>\n<p>Oaxaca de Ju\u00e1rez, Oax.- Como resultado de las investigaciones enfocadas en garantizar el derecho de ni\u00f1as, ni\u00f1os, adolescentes y mujeres a una vida libre de violencia, la Fiscal\u00eda General del Estado de Oaxaca (FGEO) ejecut\u00f3 una orden de aprehensi\u00f3n que permiti\u00f3 la detenci\u00f3n de una persona del sexo masculino identificada como O.S.L., por el delito de trata de personas, en hechos ocurridos en la regi\u00f3n de los Valles Centrales.<\/p>\n\n\n\n<p>De acuerdo con la investigaci\u00f3n ministerial, O.S.L., es se\u00f1alado por su probable responsabilidad en el delito de trata de personas en su modalidad de captaci\u00f3n, enganche y retenci\u00f3n con fines de explotaci\u00f3n sexual mediante otras formas de explotaci\u00f3n, agravado, as\u00ed como trata de personas en la modalidad de explotaci\u00f3n por trabajo o servicios forzados agravado, en perjuicio de una mujer identificada como L.V.P.R.<\/p>\n\n\n\n<p>Como consta en el expediente penal, la v\u00edctima, manten\u00eda una relaci\u00f3n de concubinato con el detenido. Durante ese tiempo, presuntamente fue obligada mediante amenazas a realizar trabajos del hogar, entre ellas limpieza y lavado de ropa, actividades por las cuales el detenido recib\u00eda un pago.<\/p>\n\n\n\n<p>Las indagatorias establecen que tambi\u00e9n oblig\u00f3 a la v\u00edctima a sostener relaciones sexuales con un tercero identificado con el alias \u201cLa Mu\u00f1eca\u201d, a cambio de una cantidad de dinero que era recibida por el ahora detenido.<\/p>\n\n\n\n<p>Tras recibir la denuncia, la FGEO inici\u00f3 las investigaciones a trav\u00e9s de la Fiscal\u00eda Especializada en Atenci\u00f3n a Delitos de Alto Impacto, aplicando protocolos especializados con perspectiva de g\u00e9nero, las cuales permitieron reunir los datos de prueba suficientes para que un juez otorgara la orden de aprehensi\u00f3n correspondiente.<\/p>\n\n\n\n<p>Elementos de la Agencia Estatal de Investigaciones (AEI) lograron localizar y detener a O.S.L. en calles del municipio de San Sebasti\u00e1n Tutla, en la regi\u00f3n de los Valles Centrales. Posteriormente fue puesto a disposici\u00f3n de la autoridad ministerial correspondiente, que determinar\u00e1 su situaci\u00f3n jur\u00eddica conforme a derecho.<\/p>\n","protected":false},"excerpt":{"rendered":"<p>Oaxaca de Ju\u00e1rez, Oax.- Como resultado de las investigaciones enfocadas en garantizar el derecho de ni\u00f1as, ni\u00f1os, adolescentes y mujeres a una vida libre de violencia, la Fiscal\u00eda General del Estado de Oaxaca (FGEO) ejecut\u00f3 una orden de aprehensi\u00f3n que permiti\u00f3 la detenci\u00f3n de una persona del sexo masculino identificada como O.S.L., por el delito [&hellip;]<\/p>\n","protected":false},"author":2,"featured_media":75204,"comment_status":"closed","ping_status":"open","sticky":false,"template":"","format":"standard","meta":{"footnotes":""},"categories":[2,20],"tags":[],"class_list":{"0":"post-75202","1":"post","2":"type-post","3":"status-publish","4":"format-standard","5":"has-post-thumbnail","7":"category-oaxaca","8":"category-policiaca"},"yoast_head":"<!-- This site is optimized with the Yoast SEO plugin v27.4 - https:\/\/yoast.com\/product\/yoast-seo-wordpress\/ -->\n<title>Detiene Fiscal\u00eda de Oaxaca a hombre acusado de trata de personas y explotaci\u00f3n sexual ocurridos en San Sebasti\u00e1n Tutla - LA BRAVA RADIO<\/title>\n<meta name=\"robots\" content=\"index, follow, max-snippet:-1, max-image-preview:large, max-video-preview:-1\" \/>\n<link rel=\"canonical\" href=\"https:\/\/www.bbmnoticias.com\/detiene-fiscalia-de-oaxaca-a-hombre-acusado-de-trata-de-personas-y-explotacion-sexual-ocurridos-en-san-sebastian-tutla\/\" \/>\n<meta property=\"og:locale\" content=\"es_MX\" \/>\n<meta property=\"og:type\" content=\"article\" \/>\n<meta property=\"og:title\" content=\"Detiene Fiscal\u00eda de Oaxaca a hombre acusado de trata de personas y explotaci\u00f3n sexual ocurridos en San Sebasti\u00e1n Tutla - LA BRAVA RADIO\" \/>\n<meta property=\"og:description\" content=\"Oaxaca de Ju\u00e1rez, Oax.- Como resultado de las investigaciones enfocadas en garantizar el derecho de ni\u00f1as, ni\u00f1os, adolescentes y mujeres a una vida libre de violencia, la Fiscal\u00eda General del Estado de Oaxaca (FGEO) ejecut\u00f3 una orden de aprehensi\u00f3n que permiti\u00f3 la detenci\u00f3n de una persona del sexo masculino identificada como O.S.L., por el delito [&hellip;]\" \/>\n<meta property=\"og:url\" content=\"https:\/\/www.bbmnoticias.com\/detiene-fiscalia-de-oaxaca-a-hombre-acusado-de-trata-de-personas-y-explotacion-sexual-ocurridos-en-san-sebastian-tutla\/\" \/>\n<meta property=\"og:site_name\" content=\"LA BRAVA RADIO\" \/>\n<meta property=\"article:published_time\" content=\"2026-03-16T14:32:10+00:00\" \/>\n<meta property=\"article:modified_time\" content=\"2026-03-16T14:32:13+00:00\" \/>\n<meta property=\"og:image\" content=\"https:\/\/www.bbmnoticias.com\/labravaradiofm\/wp-content\/uploads\/sites\/5\/2026\/03\/detenido_por-trata.jpg\" \/>\n\t<meta property=\"og:image:width\" content=\"800\" \/>\n\t<meta property=\"og:image:height\" content=\"450\" \/>\n\t<meta property=\"og:image:type\" content=\"image\/jpeg\" \/>\n<meta name=\"author\" content=\"Staff\" \/>\n<meta name=\"twitter:card\" content=\"summary_large_image\" \/>\n<meta name=\"twitter:label1\" content=\"Escrito por\" \/>\n\t<meta name=\"twitter:data1\" content=\"Staff\" \/>\n\t<meta name=\"twitter:label2\" content=\"Tiempo de lectura\" \/>\n\t<meta name=\"twitter:data2\" content=\"2 minutos\" \/>\n<script type=\"application\/ld+json\" class=\"yoast-schema-graph\">{\"@context\":\"https:\\\/\\\/schema.org\",\"@graph\":[{\"@type\":\"Article\",\"@id\":\"https:\\\/\\\/www.bbmnoticias.com\\\/detiene-fiscalia-de-oaxaca-a-hombre-acusado-de-trata-de-personas-y-explotacion-sexual-ocurridos-en-san-sebastian-tutla\\\/#article\",\"isPartOf\":{\"@id\":\"https:\\\/\\\/www.bbmnoticias.com\\\/labravaradiofm\\\/2026\\\/03\\\/16\\\/detiene-fiscalia-de-oaxaca-a-hombre-acusado-de-trata-de-personas-y-explotacion-sexual-ocurridos-en-san-sebastian-tutla\\\/\"},\"author\":{\"name\":\"Staff\",\"@id\":\"https:\\\/\\\/www.bbmnoticias.com\\\/labravaradiofm\\\/#\\\/schema\\\/person\\\/34b139c617a70ea5bef5678bffe4dd7b\"},\"headline\":\"Detiene Fiscal\u00eda de Oaxaca a hombre acusado de trata de personas y explotaci\u00f3n sexual ocurridos en San Sebasti\u00e1n Tutla\",\"datePublished\":\"2026-03-16T14:32:10+00:00\",\"dateModified\":\"2026-03-16T14:32:13+00:00\",\"mainEntityOfPage\":{\"@id\":\"https:\\\/\\\/www.bbmnoticias.com\\\/labravaradiofm\\\/2026\\\/03\\\/16\\\/detiene-fiscalia-de-oaxaca-a-hombre-acusado-de-trata-de-personas-y-explotacion-sexual-ocurridos-en-san-sebastian-tutla\\\/\"},\"wordCount\":371,\"image\":{\"@id\":\"https:\\\/\\\/www.bbmnoticias.com\\\/detiene-fiscalia-de-oaxaca-a-hombre-acusado-de-trata-de-personas-y-explotacion-sexual-ocurridos-en-san-sebastian-tutla\\\/#primaryimage\"},\"thumbnailUrl\":\"https:\\\/\\\/www.bbmnoticias.com\\\/labravaradiofm\\\/wp-content\\\/uploads\\\/sites\\\/5\\\/2026\\\/03\\\/detenido_por-trata.jpg\",\"articleSection\":[\"LOCAL\",\"POLICIACA\"],\"inLanguage\":\"es\"},{\"@type\":\"WebPage\",\"@id\":\"https:\\\/\\\/www.bbmnoticias.com\\\/labravaradiofm\\\/2026\\\/03\\\/16\\\/detiene-fiscalia-de-oaxaca-a-hombre-acusado-de-trata-de-personas-y-explotacion-sexual-ocurridos-en-san-sebastian-tutla\\\/\",\"url\":\"https:\\\/\\\/www.bbmnoticias.com\\\/detiene-fiscalia-de-oaxaca-a-hombre-acusado-de-trata-de-personas-y-explotacion-sexual-ocurridos-en-san-sebastian-tutla\\\/\",\"name\":\"Detiene Fiscal\u00eda de Oaxaca a hombre acusado de trata de personas y explotaci\u00f3n sexual ocurridos en San Sebasti\u00e1n Tutla - LA BRAVA RADIO\",\"isPartOf\":{\"@id\":\"https:\\\/\\\/www.bbmnoticias.com\\\/labravaradiofm\\\/#website\"},\"primaryImageOfPage\":{\"@id\":\"https:\\\/\\\/www.bbmnoticias.com\\\/detiene-fiscalia-de-oaxaca-a-hombre-acusado-de-trata-de-personas-y-explotacion-sexual-ocurridos-en-san-sebastian-tutla\\\/#primaryimage\"},\"image\":{\"@id\":\"https:\\\/\\\/www.bbmnoticias.com\\\/detiene-fiscalia-de-oaxaca-a-hombre-acusado-de-trata-de-personas-y-explotacion-sexual-ocurridos-en-san-sebastian-tutla\\\/#primaryimage\"},\"thumbnailUrl\":\"https:\\\/\\\/www.bbmnoticias.com\\\/labravaradiofm\\\/wp-content\\\/uploads\\\/sites\\\/5\\\/2026\\\/03\\\/detenido_por-trata.jpg\",\"datePublished\":\"2026-03-16T14:32:10+00:00\",\"dateModified\":\"2026-03-16T14:32:13+00:00\",\"author\":{\"@id\":\"https:\\\/\\\/www.bbmnoticias.com\\\/labravaradiofm\\\/#\\\/schema\\\/person\\\/34b139c617a70ea5bef5678bffe4dd7b\"},\"breadcrumb\":{\"@id\":\"https:\\\/\\\/www.bbmnoticias.com\\\/detiene-fiscalia-de-oaxaca-a-hombre-acusado-de-trata-de-personas-y-explotacion-sexual-ocurridos-en-san-sebastian-tutla\\\/#breadcrumb\"},\"inLanguage\":\"es\",\"potentialAction\":[{\"@type\":\"ReadAction\",\"target\":[\"https:\\\/\\\/www.bbmnoticias.com\\\/detiene-fiscalia-de-oaxaca-a-hombre-acusado-de-trata-de-personas-y-explotacion-sexual-ocurridos-en-san-sebastian-tutla\\\/\"]}]},{\"@type\":\"ImageObject\",\"inLanguage\":\"es\",\"@id\":\"https:\\\/\\\/www.bbmnoticias.com\\\/detiene-fiscalia-de-oaxaca-a-hombre-acusado-de-trata-de-personas-y-explotacion-sexual-ocurridos-en-san-sebastian-tutla\\\/#primaryimage\",\"url\":\"https:\\\/\\\/www.bbmnoticias.com\\\/labravaradiofm\\\/wp-content\\\/uploads\\\/sites\\\/5\\\/2026\\\/03\\\/detenido_por-trata.jpg\",\"contentUrl\":\"https:\\\/\\\/www.bbmnoticias.com\\\/labravaradiofm\\\/wp-content\\\/uploads\\\/sites\\\/5\\\/2026\\\/03\\\/detenido_por-trata.jpg\",\"width\":800,\"height\":450},{\"@type\":\"BreadcrumbList\",\"@id\":\"https:\\\/\\\/www.bbmnoticias.com\\\/detiene-fiscalia-de-oaxaca-a-hombre-acusado-de-trata-de-personas-y-explotacion-sexual-ocurridos-en-san-sebastian-tutla\\\/#breadcrumb\",\"itemListElement\":[{\"@type\":\"ListItem\",\"position\":1,\"name\":\"Inicio\",\"item\":\"https:\\\/\\\/www.bbmnoticias.com\\\/labravaradiofm\\\/\"},{\"@type\":\"ListItem\",\"position\":2,\"name\":\"Detiene Fiscal\u00eda de Oaxaca a hombre acusado de trata de personas y explotaci\u00f3n sexual ocurridos en San Sebasti\u00e1n Tutla\"}]},{\"@type\":\"WebSite\",\"@id\":\"https:\\\/\\\/www.bbmnoticias.com\\\/labravaradiofm\\\/#website\",\"url\":\"https:\\\/\\\/www.bbmnoticias.com\\\/labravaradiofm\\\/\",\"name\":\"LA BRAVA RADIO\",\"description\":\"Empresa productora de medios, Radiodifusi\u00f3n, Noticias, tendencias y todo lo que necesitas saber de la pol\u00edtica mexicana e internacional; entretenimiento, espect\u00e1culos, salud y mucho m\u00e1s.\",\"potentialAction\":[{\"@type\":\"SearchAction\",\"target\":{\"@type\":\"EntryPoint\",\"urlTemplate\":\"https:\\\/\\\/www.bbmnoticias.com\\\/labravaradiofm\\\/?s={search_term_string}\"},\"query-input\":{\"@type\":\"PropertyValueSpecification\",\"valueRequired\":true,\"valueName\":\"search_term_string\"}}],\"inLanguage\":\"es\"},{\"@type\":\"Person\",\"@id\":\"https:\\\/\\\/www.bbmnoticias.com\\\/labravaradiofm\\\/#\\\/schema\\\/person\\\/34b139c617a70ea5bef5678bffe4dd7b\",\"name\":\"Staff\",\"image\":{\"@type\":\"ImageObject\",\"inLanguage\":\"es\",\"@id\":\"https:\\\/\\\/secure.gravatar.com\\\/avatar\\\/fdd21ad66fd8b98c407f9dee5b5e588cfe7f0d8579ec20fa6527cd59bab7f0f0?s=96&d=mm&r=g\",\"url\":\"https:\\\/\\\/secure.gravatar.com\\\/avatar\\\/fdd21ad66fd8b98c407f9dee5b5e588cfe7f0d8579ec20fa6527cd59bab7f0f0?s=96&d=mm&r=g\",\"contentUrl\":\"https:\\\/\\\/secure.gravatar.com\\\/avatar\\\/fdd21ad66fd8b98c407f9dee5b5e588cfe7f0d8579ec20fa6527cd59bab7f0f0?s=96&d=mm&r=g\",\"caption\":\"Staff\"},\"url\":\"https:\\\/\\\/www.bbmnoticias.com\\\/labravaradiofm\\\/author\\\/redaccion\\\/\"}]}<\/script>\n<!-- \/ Yoast SEO plugin. -->","yoast_head_json":{"title":"Detiene Fiscal\u00eda de Oaxaca a hombre acusado de trata de personas y explotaci\u00f3n sexual ocurridos en San Sebasti\u00e1n Tutla - LA BRAVA RADIO","robots":{"index":"index","follow":"follow","max-snippet":"max-snippet:-1","max-image-preview":"max-image-preview:large","max-video-preview":"max-video-preview:-1"},"canonical":"https:\/\/www.bbmnoticias.com\/detiene-fiscalia-de-oaxaca-a-hombre-acusado-de-trata-de-personas-y-explotacion-sexual-ocurridos-en-san-sebastian-tutla\/","og_locale":"es_MX","og_type":"article","og_title":"Detiene Fiscal\u00eda de Oaxaca a hombre acusado de trata de personas y explotaci\u00f3n sexual ocurridos en San Sebasti\u00e1n Tutla - LA BRAVA RADIO","og_description":"Oaxaca de Ju\u00e1rez, Oax.- Como resultado de las investigaciones enfocadas en garantizar el derecho de ni\u00f1as, ni\u00f1os, adolescentes y mujeres a una vida libre de violencia, la Fiscal\u00eda General del Estado de Oaxaca (FGEO) ejecut\u00f3 una orden de aprehensi\u00f3n que permiti\u00f3 la detenci\u00f3n de una persona del sexo masculino identificada como O.S.L., por el delito [&hellip;]","og_url":"https:\/\/www.bbmnoticias.com\/detiene-fiscalia-de-oaxaca-a-hombre-acusado-de-trata-de-personas-y-explotacion-sexual-ocurridos-en-san-sebastian-tutla\/","og_site_name":"LA BRAVA RADIO","article_published_time":"2026-03-16T14:32:10+00:00","article_modified_time":"2026-03-16T14:32:13+00:00","og_image":[{"width":800,"height":450,"url":"https:\/\/www.bbmnoticias.com\/labravaradiofm\/wp-content\/uploads\/sites\/5\/2026\/03\/detenido_por-trata.jpg","type":"image\/jpeg"}],"author":"Staff","twitter_card":"summary_large_image","twitter_misc":{"Escrito por":"Staff","Tiempo de lectura":"2 minutos"},"schema":{"@context":"https:\/\/schema.org","@graph":[{"@type":"Article","@id":"https:\/\/www.bbmnoticias.com\/detiene-fiscalia-de-oaxaca-a-hombre-acusado-de-trata-de-personas-y-explotacion-sexual-ocurridos-en-san-sebastian-tutla\/#article","isPartOf":{"@id":"https:\/\/www.bbmnoticias.com\/labravaradiofm\/2026\/03\/16\/detiene-fiscalia-de-oaxaca-a-hombre-acusado-de-trata-de-personas-y-explotacion-sexual-ocurridos-en-san-sebastian-tutla\/"},"author":{"name":"Staff","@id":"https:\/\/www.bbmnoticias.com\/labravaradiofm\/#\/schema\/person\/34b139c617a70ea5bef5678bffe4dd7b"},"headline":"Detiene Fiscal\u00eda de Oaxaca a hombre acusado de trata de personas y explotaci\u00f3n sexual ocurridos en San Sebasti\u00e1n Tutla","datePublished":"2026-03-16T14:32:10+00:00","dateModified":"2026-03-16T14:32:13+00:00","mainEntityOfPage":{"@id":"https:\/\/www.bbmnoticias.com\/labravaradiofm\/2026\/03\/16\/detiene-fiscalia-de-oaxaca-a-hombre-acusado-de-trata-de-personas-y-explotacion-sexual-ocurridos-en-san-sebastian-tutla\/"},"wordCount":371,"image":{"@id":"https:\/\/www.bbmnoticias.com\/detiene-fiscalia-de-oaxaca-a-hombre-acusado-de-trata-de-personas-y-explotacion-sexual-ocurridos-en-san-sebastian-tutla\/#primaryimage"},"thumbnailUrl":"https:\/\/www.bbmnoticias.com\/labravaradiofm\/wp-content\/uploads\/sites\/5\/2026\/03\/detenido_por-trata.jpg","articleSection":["LOCAL","POLICIACA"],"inLanguage":"es"},{"@type":"WebPage","@id":"https:\/\/www.bbmnoticias.com\/labravaradiofm\/2026\/03\/16\/detiene-fiscalia-de-oaxaca-a-hombre-acusado-de-trata-de-personas-y-explotacion-sexual-ocurridos-en-san-sebastian-tutla\/","url":"https:\/\/www.bbmnoticias.com\/detiene-fiscalia-de-oaxaca-a-hombre-acusado-de-trata-de-personas-y-explotacion-sexual-ocurridos-en-san-sebastian-tutla\/","name":"Detiene Fiscal\u00eda de Oaxaca a hombre acusado de trata de personas y explotaci\u00f3n sexual ocurridos en San Sebasti\u00e1n Tutla - LA BRAVA RADIO","isPartOf":{"@id":"https:\/\/www.bbmnoticias.com\/labravaradiofm\/#website"},"primaryImageOfPage":{"@id":"https:\/\/www.bbmnoticias.com\/detiene-fiscalia-de-oaxaca-a-hombre-acusado-de-trata-de-personas-y-explotacion-sexual-ocurridos-en-san-sebastian-tutla\/#primaryimage"},"image":{"@id":"https:\/\/www.bbmnoticias.com\/detiene-fiscalia-de-oaxaca-a-hombre-acusado-de-trata-de-personas-y-explotacion-sexual-ocurridos-en-san-sebastian-tutla\/#primaryimage"},"thumbnailUrl":"https:\/\/www.bbmnoticias.com\/labravaradiofm\/wp-content\/uploads\/sites\/5\/2026\/03\/detenido_por-trata.jpg","datePublished":"2026-03-16T14:32:10+00:00","dateModified":"2026-03-16T14:32:13+00:00","author":{"@id":"https:\/\/www.bbmnoticias.com\/labravaradiofm\/#\/schema\/person\/34b139c617a70ea5bef5678bffe4dd7b"},"breadcrumb":{"@id":"https:\/\/www.bbmnoticias.com\/detiene-fiscalia-de-oaxaca-a-hombre-acusado-de-trata-de-personas-y-explotacion-sexual-ocurridos-en-san-sebastian-tutla\/#breadcrumb"},"inLanguage":"es","potentialAction":[{"@type":"ReadAction","target":["https:\/\/www.bbmnoticias.com\/detiene-fiscalia-de-oaxaca-a-hombre-acusado-de-trata-de-personas-y-explotacion-sexual-ocurridos-en-san-sebastian-tutla\/"]}]},{"@type":"ImageObject","inLanguage":"es","@id":"https:\/\/www.bbmnoticias.com\/detiene-fiscalia-de-oaxaca-a-hombre-acusado-de-trata-de-personas-y-explotacion-sexual-ocurridos-en-san-sebastian-tutla\/#primaryimage","url":"https:\/\/www.bbmnoticias.com\/labravaradiofm\/wp-content\/uploads\/sites\/5\/2026\/03\/detenido_por-trata.jpg","contentUrl":"https:\/\/www.bbmnoticias.com\/labravaradiofm\/wp-content\/uploads\/sites\/5\/2026\/03\/detenido_por-trata.jpg","width":800,"height":450},{"@type":"BreadcrumbList","@id":"https:\/\/www.bbmnoticias.com\/detiene-fiscalia-de-oaxaca-a-hombre-acusado-de-trata-de-personas-y-explotacion-sexual-ocurridos-en-san-sebastian-tutla\/#breadcrumb","itemListElement":[{"@type":"ListItem","position":1,"name":"Inicio","item":"https:\/\/www.bbmnoticias.com\/labravaradiofm\/"},{"@type":"ListItem","position":2,"name":"Detiene Fiscal\u00eda de Oaxaca a hombre acusado de trata de personas y explotaci\u00f3n sexual ocurridos en San Sebasti\u00e1n Tutla"}]},{"@type":"WebSite","@id":"https:\/\/www.bbmnoticias.com\/labravaradiofm\/#website","url":"https:\/\/www.bbmnoticias.com\/labravaradiofm\/","name":"LA BRAVA RADIO","description":"Empresa productora de medios, Radiodifusi\u00f3n, Noticias, tendencias y todo lo que necesitas saber de la pol\u00edtica mexicana e internacional; entretenimiento, espect\u00e1culos, salud y mucho m\u00e1s.","potentialAction":[{"@type":"SearchAction","target":{"@type":"EntryPoint","urlTemplate":"https:\/\/www.bbmnoticias.com\/labravaradiofm\/?s={search_term_string}"},"query-input":{"@type":"PropertyValueSpecification","valueRequired":true,"valueName":"search_term_string"}}],"inLanguage":"es"},{"@type":"Person","@id":"https:\/\/www.bbmnoticias.com\/labravaradiofm\/#\/schema\/person\/34b139c617a70ea5bef5678bffe4dd7b","name":"Staff","image":{"@type":"ImageObject","inLanguage":"es","@id":"https:\/\/secure.gravatar.com\/avatar\/fdd21ad66fd8b98c407f9dee5b5e588cfe7f0d8579ec20fa6527cd59bab7f0f0?s=96&d=mm&r=g","url":"https:\/\/secure.gravatar.com\/avatar\/fdd21ad66fd8b98c407f9dee5b5e588cfe7f0d8579ec20fa6527cd59bab7f0f0?s=96&d=mm&r=g","contentUrl":"https:\/\/secure.gravatar.com\/avatar\/fdd21ad66fd8b98c407f9dee5b5e588cfe7f0d8579ec20fa6527cd59bab7f0f0?s=96&d=mm&r=g","caption":"Staff"},"url":"https:\/\/www.bbmnoticias.com\/labravaradiofm\/author\/redaccion\/"}]}},"_links":{"self":[{"href":"https:\/\/www.bbmnoticias.com\/labravaradiofm\/wp-json\/wp\/v2\/posts\/75202","targetHints":{"allow":["GET"]}}],"collection":[{"href":"https:\/\/www.bbmnoticias.com\/labravaradiofm\/wp-json\/wp\/v2\/posts"}],"about":[{"href":"https:\/\/www.bbmnoticias.com\/labravaradiofm\/wp-json\/wp\/v2\/types\/post"}],"author":[{"embeddable":true,"href":"https:\/\/www.bbmnoticias.com\/labravaradiofm\/wp-json\/wp\/v2\/users\/2"}],"replies":[{"embeddable":true,"href":"https:\/\/www.bbmnoticias.com\/labravaradiofm\/wp-json\/wp\/v2\/comments?post=75202"}],"version-history":[{"count":1,"href":"https:\/\/www.bbmnoticias.com\/labravaradiofm\/wp-json\/wp\/v2\/posts\/75202\/revisions"}],"predecessor-version":[{"id":75203,"href":"https:\/\/www.bbmnoticias.com\/labravaradiofm\/wp-json\/wp\/v2\/posts\/75202\/revisions\/75203"}],"wp:featuredmedia":[{"embeddable":true,"href":"https:\/\/www.bbmnoticias.com\/labravaradiofm\/wp-json\/wp\/v2\/media\/75204"}],"wp:attachment":[{"href":"https:\/\/www.bbmnoticias.com\/labravaradiofm\/wp-json\/wp\/v2\/media?parent=75202"}],"wp:term":[{"taxonomy":"category","embeddable":true,"href":"https:\/\/www.bbmnoticias.com\/labravaradiofm\/wp-json\/wp\/v2\/categories?post=75202"},{"taxonomy":"post_tag","embeddable":true,"href":"https:\/\/www.bbmnoticias.com\/labravaradiofm\/wp-json\/wp\/v2\/tags?post=75202"}],"curies":[{"name":"wp","href":"https:\/\/api.w.org\/{rel}","templated":true}]}}