{"id":75198,"date":"2026-03-16T06:28:17","date_gmt":"2026-03-16T12:28:17","guid":{"rendered":"https:\/\/www.bbmnoticias.com\/labravaradiofm\/2026\/03\/16\/tras-reunion-en-gobernacion-pt-y-pvem-anuncian-total-respaldo-al-plan-b-propuesto-por-sheinbaum\/"},"modified":"2026-03-16T06:28:25","modified_gmt":"2026-03-16T12:28:25","slug":"tras-reunion-en-gobernacion-pt-y-pvem-anuncian-total-respaldo-al-plan-b-propuesto-por-sheinbaum","status":"publish","type":"post","link":"https:\/\/www.bbmnoticias.com\/labravaradiofm\/2026\/03\/16\/tras-reunion-en-gobernacion-pt-y-pvem-anuncian-total-respaldo-al-plan-b-propuesto-por-sheinbaum\/","title":{"rendered":"Tras reuni\u00f3n en Gobernaci\u00f3n, PT y PVEM anuncian &#8220;total respaldo&#8221; al plan B propuesto por Sheinbaum"},"content":{"rendered":"<div style=\"margin-top: 0px; margin-bottom: 0px;\" class=\"sharethis-inline-share-buttons\" ><\/div>\n<p><em>Ciudad de M\u00e9xico<\/em>. Tras una reuni\u00f3n en la sede de la Secretar\u00eda de Gobernaci\u00f3n, las dirigencias nacionales de Morena, del Partido del Trabajo (PT), y del Verde Ecologista de M\u00e9xico (PVEM), anunciaron su \u201ctotal respaldo\u201d a la nueva iniciativa de reforma en materia electoral, conocida como plan B, en los t\u00e9rminos que propuso esta semana la presidenta, Claudia Sheinbaum Pardo.&nbsp;<\/p>\n\n\n\n<p>Al encuentro acudieron tambi\u00e9n los coordinadores parlamentarios de los tres partidos en la C\u00e1mara de Diputados y en el Senado de la Rep\u00fablica, quienes destacaron tambi\u00e9n su apoyo a las propuestas, que incluyen disminuci\u00f3n del costo de los Congresos estatales, reducci\u00f3n del n\u00famero de regidores en los municipios y modificaciones en materia de consulta popular, para incluir temas de car\u00e1cter electoral, as\u00ed como procesos de revocaci\u00f3n de mandato a los 3 o 4 a\u00f1os de gobierno.&nbsp;<\/p>\n\n\n\n<p>Por medio de un video de poco m\u00e1s de 20 minutos, en el que se exponen las declaraciones de dirigentes y l\u00edderes parlamentarios de los tres partidos, adelantaron que la propuesta ser\u00e1 debatida en breve en el Congreso de la Uni\u00f3n.&nbsp;<\/p>\n\n\n\n<p>\u201cHaber alcanzado un acuerdo en torno al plan B de la reforma electoral, es un acierto pol\u00edtico que demuestra que el di\u00e1logo s\u00ed da resultados y que la convocatoria de la presidenta, Claudia Sheinbaum, encontr\u00f3 eco y voluntad en nuestra coalici\u00f3n\u201d, dijo el coordinador de Morena en San L\u00e1zaro, Ricardo Monreal. &nbsp;<\/p>\n\n\n\n<p>Este acuerdo, agreg\u00f3, \u201cratifica la firme decisi\u00f3n de continuar con el proceso de transformaci\u00f3n que vive M\u00e9xico. Tambi\u00e9n confirma que cuando se privilegia el inter\u00e9s nacional por encima de las diferencias, la unidad se convierte en la mayor fortaleza de un proyecto pol\u00edtico progresista\u201d. &nbsp;A la vez, recalc\u00f3 que, \u201cen los momentos decisivos de la historia, la pol\u00edtica exige altura de miras, convicci\u00f3n y responsabilidad. Esto es uno de los momentos y estamos a la altura del desaf\u00edo\u201d.&nbsp;<\/p>\n\n\n\n<p>Por parte del Partido Verde, su dirigente nacional, Karen Castrej\u00f3n, expres\u00f3 que respaldan el plan B impulsado por la presidenta Sheinbaum Pardo, \u201cporque representa un paso importante para fortalecer nuestra democracia y seguir consolidando un estado m\u00e1s eficiente y menos oneroso\u201d.&nbsp;<\/p>\n\n\n\n<p>Adem\u00e1s, dijo, cumplen de esta forma con el llamado de la gente, \u201cpara que muchos muchos de los temas puedan ser consultables\u201d y que la revocaci\u00f3n de mandato se pueda desarrollar en el tercer y cuarto a\u00f1o de gesti\u00f3n, sin aclarar si la medida incluir\u00eda solo a la Presidencia de la Rep\u00fablica o se extender\u00e1 a las gubernaturas.&nbsp;<\/p>\n\n\n\n<p>Tambi\u00e9n apunt\u00f3 que se garantizar\u00e1n \u201cCongresos sin despilfarros, y topes a los ayuntamientos para que cuenten con regidoras y regidores que trabajen de verdad por sus municipios\u201d.&nbsp;<\/p>\n\n\n\n<p>El senador, Manuel Velasco, a\u00f1adi\u00f3 que coinciden con la propuesta de la presidenta para una eventual modificaci\u00f3n en el proceso de revocaci\u00f3n de mandato y en el procedimiento para la realizaci\u00f3n de consultas populares, as\u00ed como en una reducci\u00f3n de la integraci\u00f3n de los los cabildos.&nbsp;<\/p>\n\n\n\n<p>En tanto, el l\u00edder nacional del PT, Alberto Anaya, afirm\u00f3 que en su partido han cuidado que las propuestas en esta materia no afecten los avances de las reformas de 1977, que \u201cdieron pluralidad y equidad\u201d, y consider\u00f3 que con la reforma del 96, \u201cfue posible tambi\u00e9n consolidar nuestros avances democr\u00e1ticos y sobre esas reglas lograr que en 2018, Andr\u00e9s Manuel L\u00f3pez Obrador fuera presidente de la Rep\u00fablica. Y sobre esas mismas reglas, nuestra presidenta, Claudia Sheinbaum Pardo, lo logr\u00f3. Esas reglas tienen que conservarse y esta reforma cuida que no se afecten esos avances democr\u00e1ticos\u201d.&nbsp;<\/p>\n\n\n\n<p>Enseguida, se\u00f1al\u00f3: \u201cpor eso estamos nosotros con el plan B, porque ella fue muy cuidadosa en que esos avances democr\u00e1ticos no se echaran abajo. El Partido del Trabajo manifiesta su total total respaldo al plan B de nuestra Presidenta y su total respaldo ante adversarios internos y externos\u201d.&nbsp;<\/p>\n\n\n\n<p>Adem\u00e1s, al advertir que \u201cindudablemente que el mundo y el pa\u00eds vive momentos dif\u00edciles\u201d, en un contexto en el que M\u00e9xico enfrenta adversarios internos, pero tambi\u00e9n enfrenta amenazas externas, expuso que el PT \u201ctiene el compromiso de apoyar de manera total y plena a nuestra presidenta, Claudia Sheinbaum Pardo, porque en estos momentos se requiere que todos los mexicanos cerremos filas en torno a ella. Tenemos que mandar un mensaje de que en M\u00e9xico estamos unidos. Podremos tener debates internos como se vive en una democracia que tiene pluralidad, (pero) tenemos que portarnos todos unidos alrededor de nuestra Presidenta, y es el compromiso del Partido del Trabajo con nuestra Presidenta\u201d.&nbsp;<\/p>\n\n\n\n<p>Consultado al salir del Palacio Cobi\u00e1n, Ricardo Monreal adelant\u00f3 que la propuesta que debatan en el Congreso no tendr\u00e1 mayores cambios respecto a los temas que present\u00f3 la jefa del Ejecutivo federal.<\/p>\n","protected":false},"excerpt":{"rendered":"<p>Ciudad de M\u00e9xico. Tras una reuni\u00f3n en la sede de la Secretar\u00eda de Gobernaci\u00f3n, las dirigencias nacionales de Morena, del Partido del Trabajo (PT), y del Verde Ecologista de M\u00e9xico (PVEM), anunciaron su \u201ctotal respaldo\u201d a la nueva iniciativa de reforma en materia electoral, conocida como plan B, en los t\u00e9rminos que propuso esta semana [&hellip;]<\/p>\n","protected":false},"author":4,"featured_media":75200,"comment_status":"closed","ping_status":"open","sticky":false,"template":"","format":"standard","meta":{"footnotes":""},"categories":[2,19],"tags":[],"class_list":{"0":"post-75198","1":"post","2":"type-post","3":"status-publish","4":"format-standard","5":"has-post-thumbnail","7":"category-oaxaca","8":"category-nacional"},"yoast_head":"<!-- This site is optimized with the Yoast SEO plugin v27.4 - https:\/\/yoast.com\/product\/yoast-seo-wordpress\/ -->\n<title>Tras reuni\u00f3n en Gobernaci\u00f3n, PT y PVEM anuncian &quot;total respaldo&quot; al plan B propuesto por Sheinbaum - LA BRAVA RADIO<\/title>\n<meta name=\"robots\" content=\"index, follow, max-snippet:-1, max-image-preview:large, max-video-preview:-1\" \/>\n<link rel=\"canonical\" href=\"https:\/\/www.bbmnoticias.com\/tras-reunion-en-gobernacion-pt-y-pvem-anuncian-total-respaldo-al-plan-b-propuesto-por-sheinbaum\/\" \/>\n<meta property=\"og:locale\" content=\"es_MX\" \/>\n<meta property=\"og:type\" content=\"article\" \/>\n<meta property=\"og:title\" content=\"Tras reuni\u00f3n en Gobernaci\u00f3n, PT y PVEM anuncian &quot;total respaldo&quot; al plan B propuesto por Sheinbaum - LA BRAVA RADIO\" \/>\n<meta property=\"og:description\" content=\"Ciudad de M\u00e9xico. Tras una reuni\u00f3n en la sede de la Secretar\u00eda de Gobernaci\u00f3n, las dirigencias nacionales de Morena, del Partido del Trabajo (PT), y del Verde Ecologista de M\u00e9xico (PVEM), anunciaron su \u201ctotal respaldo\u201d a la nueva iniciativa de reforma en materia electoral, conocida como plan B, en los t\u00e9rminos que propuso esta semana [&hellip;]\" \/>\n<meta property=\"og:url\" content=\"https:\/\/www.bbmnoticias.com\/tras-reunion-en-gobernacion-pt-y-pvem-anuncian-total-respaldo-al-plan-b-propuesto-por-sheinbaum\/\" \/>\n<meta property=\"og:site_name\" content=\"LA BRAVA RADIO\" \/>\n<meta property=\"article:published_time\" content=\"2026-03-16T12:28:17+00:00\" \/>\n<meta property=\"article:modified_time\" content=\"2026-03-16T12:28:25+00:00\" \/>\n<meta property=\"og:image\" content=\"https:\/\/www.bbmnoticias.com\/labravaradiofm\/wp-content\/uploads\/sites\/5\/2026\/03\/reunion_gobernacion.webp\" \/>\n\t<meta property=\"og:image:width\" content=\"1200\" \/>\n\t<meta property=\"og:image:height\" content=\"741\" \/>\n\t<meta property=\"og:image:type\" content=\"image\/webp\" \/>\n<meta name=\"author\" content=\"Agencias\" \/>\n<meta name=\"twitter:card\" content=\"summary_large_image\" \/>\n<meta name=\"twitter:label1\" content=\"Escrito por\" \/>\n\t<meta name=\"twitter:data1\" content=\"Agencias\" \/>\n\t<meta name=\"twitter:label2\" content=\"Tiempo de lectura\" \/>\n\t<meta name=\"twitter:data2\" content=\"4 minutos\" \/>\n<script type=\"application\/ld+json\" class=\"yoast-schema-graph\">{\"@context\":\"https:\\\/\\\/schema.org\",\"@graph\":[{\"@type\":\"Article\",\"@id\":\"https:\\\/\\\/www.bbmnoticias.com\\\/tras-reunion-en-gobernacion-pt-y-pvem-anuncian-total-respaldo-al-plan-b-propuesto-por-sheinbaum\\\/#article\",\"isPartOf\":{\"@id\":\"https:\\\/\\\/www.bbmnoticias.com\\\/labravaradiofm\\\/2026\\\/03\\\/16\\\/tras-reunion-en-gobernacion-pt-y-pvem-anuncian-total-respaldo-al-plan-b-propuesto-por-sheinbaum\\\/\"},\"author\":{\"name\":\"Agencias\",\"@id\":\"https:\\\/\\\/www.bbmnoticias.com\\\/labravaradiofm\\\/#\\\/schema\\\/person\\\/857a3daf5c8142f29919023f377fbfad\"},\"headline\":\"Tras reuni\u00f3n en Gobernaci\u00f3n, PT y PVEM anuncian &#8220;total respaldo&#8221; al plan B propuesto por Sheinbaum\",\"datePublished\":\"2026-03-16T12:28:17+00:00\",\"dateModified\":\"2026-03-16T12:28:25+00:00\",\"mainEntityOfPage\":{\"@id\":\"https:\\\/\\\/www.bbmnoticias.com\\\/labravaradiofm\\\/2026\\\/03\\\/16\\\/tras-reunion-en-gobernacion-pt-y-pvem-anuncian-total-respaldo-al-plan-b-propuesto-por-sheinbaum\\\/\"},\"wordCount\":853,\"image\":{\"@id\":\"https:\\\/\\\/www.bbmnoticias.com\\\/tras-reunion-en-gobernacion-pt-y-pvem-anuncian-total-respaldo-al-plan-b-propuesto-por-sheinbaum\\\/#primaryimage\"},\"thumbnailUrl\":\"https:\\\/\\\/www.bbmnoticias.com\\\/labravaradiofm\\\/wp-content\\\/uploads\\\/sites\\\/5\\\/2026\\\/03\\\/reunion_gobernacion.webp\",\"articleSection\":[\"LOCAL\",\"NACIONAL\"],\"inLanguage\":\"es\"},{\"@type\":\"WebPage\",\"@id\":\"https:\\\/\\\/www.bbmnoticias.com\\\/labravaradiofm\\\/2026\\\/03\\\/16\\\/tras-reunion-en-gobernacion-pt-y-pvem-anuncian-total-respaldo-al-plan-b-propuesto-por-sheinbaum\\\/\",\"url\":\"https:\\\/\\\/www.bbmnoticias.com\\\/tras-reunion-en-gobernacion-pt-y-pvem-anuncian-total-respaldo-al-plan-b-propuesto-por-sheinbaum\\\/\",\"name\":\"Tras reuni\u00f3n en Gobernaci\u00f3n, PT y PVEM anuncian \\\"total respaldo\\\" al plan B propuesto por Sheinbaum - LA BRAVA RADIO\",\"isPartOf\":{\"@id\":\"https:\\\/\\\/www.bbmnoticias.com\\\/labravaradiofm\\\/#website\"},\"primaryImageOfPage\":{\"@id\":\"https:\\\/\\\/www.bbmnoticias.com\\\/tras-reunion-en-gobernacion-pt-y-pvem-anuncian-total-respaldo-al-plan-b-propuesto-por-sheinbaum\\\/#primaryimage\"},\"image\":{\"@id\":\"https:\\\/\\\/www.bbmnoticias.com\\\/tras-reunion-en-gobernacion-pt-y-pvem-anuncian-total-respaldo-al-plan-b-propuesto-por-sheinbaum\\\/#primaryimage\"},\"thumbnailUrl\":\"https:\\\/\\\/www.bbmnoticias.com\\\/labravaradiofm\\\/wp-content\\\/uploads\\\/sites\\\/5\\\/2026\\\/03\\\/reunion_gobernacion.webp\",\"datePublished\":\"2026-03-16T12:28:17+00:00\",\"dateModified\":\"2026-03-16T12:28:25+00:00\",\"author\":{\"@id\":\"https:\\\/\\\/www.bbmnoticias.com\\\/labravaradiofm\\\/#\\\/schema\\\/person\\\/857a3daf5c8142f29919023f377fbfad\"},\"breadcrumb\":{\"@id\":\"https:\\\/\\\/www.bbmnoticias.com\\\/tras-reunion-en-gobernacion-pt-y-pvem-anuncian-total-respaldo-al-plan-b-propuesto-por-sheinbaum\\\/#breadcrumb\"},\"inLanguage\":\"es\",\"potentialAction\":[{\"@type\":\"ReadAction\",\"target\":[\"https:\\\/\\\/www.bbmnoticias.com\\\/tras-reunion-en-gobernacion-pt-y-pvem-anuncian-total-respaldo-al-plan-b-propuesto-por-sheinbaum\\\/\"]}]},{\"@type\":\"ImageObject\",\"inLanguage\":\"es\",\"@id\":\"https:\\\/\\\/www.bbmnoticias.com\\\/tras-reunion-en-gobernacion-pt-y-pvem-anuncian-total-respaldo-al-plan-b-propuesto-por-sheinbaum\\\/#primaryimage\",\"url\":\"https:\\\/\\\/www.bbmnoticias.com\\\/labravaradiofm\\\/wp-content\\\/uploads\\\/sites\\\/5\\\/2026\\\/03\\\/reunion_gobernacion.webp\",\"contentUrl\":\"https:\\\/\\\/www.bbmnoticias.com\\\/labravaradiofm\\\/wp-content\\\/uploads\\\/sites\\\/5\\\/2026\\\/03\\\/reunion_gobernacion.webp\",\"width\":1200,\"height\":741},{\"@type\":\"BreadcrumbList\",\"@id\":\"https:\\\/\\\/www.bbmnoticias.com\\\/tras-reunion-en-gobernacion-pt-y-pvem-anuncian-total-respaldo-al-plan-b-propuesto-por-sheinbaum\\\/#breadcrumb\",\"itemListElement\":[{\"@type\":\"ListItem\",\"position\":1,\"name\":\"Inicio\",\"item\":\"https:\\\/\\\/www.bbmnoticias.com\\\/labravaradiofm\\\/\"},{\"@type\":\"ListItem\",\"position\":2,\"name\":\"Tras reuni\u00f3n en Gobernaci\u00f3n, PT y PVEM anuncian &#8220;total respaldo&#8221; al plan B propuesto por Sheinbaum\"}]},{\"@type\":\"WebSite\",\"@id\":\"https:\\\/\\\/www.bbmnoticias.com\\\/labravaradiofm\\\/#website\",\"url\":\"https:\\\/\\\/www.bbmnoticias.com\\\/labravaradiofm\\\/\",\"name\":\"LA BRAVA RADIO\",\"description\":\"Empresa productora de medios, Radiodifusi\u00f3n, Noticias, tendencias y todo lo que necesitas saber de la pol\u00edtica mexicana e internacional; entretenimiento, espect\u00e1culos, salud y mucho m\u00e1s.\",\"potentialAction\":[{\"@type\":\"SearchAction\",\"target\":{\"@type\":\"EntryPoint\",\"urlTemplate\":\"https:\\\/\\\/www.bbmnoticias.com\\\/labravaradiofm\\\/?s={search_term_string}\"},\"query-input\":{\"@type\":\"PropertyValueSpecification\",\"valueRequired\":true,\"valueName\":\"search_term_string\"}}],\"inLanguage\":\"es\"},{\"@type\":\"Person\",\"@id\":\"https:\\\/\\\/www.bbmnoticias.com\\\/labravaradiofm\\\/#\\\/schema\\\/person\\\/857a3daf5c8142f29919023f377fbfad\",\"name\":\"Agencias\",\"image\":{\"@type\":\"ImageObject\",\"inLanguage\":\"es\",\"@id\":\"https:\\\/\\\/secure.gravatar.com\\\/avatar\\\/739e0b61adf9e398b425c36718c8752286da0e8cd90f20ce9a86678abc26aa0d?s=96&d=mm&r=g\",\"url\":\"https:\\\/\\\/secure.gravatar.com\\\/avatar\\\/739e0b61adf9e398b425c36718c8752286da0e8cd90f20ce9a86678abc26aa0d?s=96&d=mm&r=g\",\"contentUrl\":\"https:\\\/\\\/secure.gravatar.com\\\/avatar\\\/739e0b61adf9e398b425c36718c8752286da0e8cd90f20ce9a86678abc26aa0d?s=96&d=mm&r=g\",\"caption\":\"Agencias\"},\"url\":\"https:\\\/\\\/www.bbmnoticias.com\\\/labravaradiofm\\\/author\\\/agencias\\\/\"}]}<\/script>\n<!-- \/ Yoast SEO plugin. -->","yoast_head_json":{"title":"Tras reuni\u00f3n en Gobernaci\u00f3n, PT y PVEM anuncian \"total respaldo\" al plan B propuesto por Sheinbaum - LA BRAVA RADIO","robots":{"index":"index","follow":"follow","max-snippet":"max-snippet:-1","max-image-preview":"max-image-preview:large","max-video-preview":"max-video-preview:-1"},"canonical":"https:\/\/www.bbmnoticias.com\/tras-reunion-en-gobernacion-pt-y-pvem-anuncian-total-respaldo-al-plan-b-propuesto-por-sheinbaum\/","og_locale":"es_MX","og_type":"article","og_title":"Tras reuni\u00f3n en Gobernaci\u00f3n, PT y PVEM anuncian \"total respaldo\" al plan B propuesto por Sheinbaum - LA BRAVA RADIO","og_description":"Ciudad de M\u00e9xico. Tras una reuni\u00f3n en la sede de la Secretar\u00eda de Gobernaci\u00f3n, las dirigencias nacionales de Morena, del Partido del Trabajo (PT), y del Verde Ecologista de M\u00e9xico (PVEM), anunciaron su \u201ctotal respaldo\u201d a la nueva iniciativa de reforma en materia electoral, conocida como plan B, en los t\u00e9rminos que propuso esta semana [&hellip;]","og_url":"https:\/\/www.bbmnoticias.com\/tras-reunion-en-gobernacion-pt-y-pvem-anuncian-total-respaldo-al-plan-b-propuesto-por-sheinbaum\/","og_site_name":"LA BRAVA RADIO","article_published_time":"2026-03-16T12:28:17+00:00","article_modified_time":"2026-03-16T12:28:25+00:00","og_image":[{"width":1200,"height":741,"url":"https:\/\/www.bbmnoticias.com\/labravaradiofm\/wp-content\/uploads\/sites\/5\/2026\/03\/reunion_gobernacion.webp","type":"image\/webp"}],"author":"Agencias","twitter_card":"summary_large_image","twitter_misc":{"Escrito por":"Agencias","Tiempo de lectura":"4 minutos"},"schema":{"@context":"https:\/\/schema.org","@graph":[{"@type":"Article","@id":"https:\/\/www.bbmnoticias.com\/tras-reunion-en-gobernacion-pt-y-pvem-anuncian-total-respaldo-al-plan-b-propuesto-por-sheinbaum\/#article","isPartOf":{"@id":"https:\/\/www.bbmnoticias.com\/labravaradiofm\/2026\/03\/16\/tras-reunion-en-gobernacion-pt-y-pvem-anuncian-total-respaldo-al-plan-b-propuesto-por-sheinbaum\/"},"author":{"name":"Agencias","@id":"https:\/\/www.bbmnoticias.com\/labravaradiofm\/#\/schema\/person\/857a3daf5c8142f29919023f377fbfad"},"headline":"Tras reuni\u00f3n en Gobernaci\u00f3n, PT y PVEM anuncian &#8220;total respaldo&#8221; al plan B propuesto por Sheinbaum","datePublished":"2026-03-16T12:28:17+00:00","dateModified":"2026-03-16T12:28:25+00:00","mainEntityOfPage":{"@id":"https:\/\/www.bbmnoticias.com\/labravaradiofm\/2026\/03\/16\/tras-reunion-en-gobernacion-pt-y-pvem-anuncian-total-respaldo-al-plan-b-propuesto-por-sheinbaum\/"},"wordCount":853,"image":{"@id":"https:\/\/www.bbmnoticias.com\/tras-reunion-en-gobernacion-pt-y-pvem-anuncian-total-respaldo-al-plan-b-propuesto-por-sheinbaum\/#primaryimage"},"thumbnailUrl":"https:\/\/www.bbmnoticias.com\/labravaradiofm\/wp-content\/uploads\/sites\/5\/2026\/03\/reunion_gobernacion.webp","articleSection":["LOCAL","NACIONAL"],"inLanguage":"es"},{"@type":"WebPage","@id":"https:\/\/www.bbmnoticias.com\/labravaradiofm\/2026\/03\/16\/tras-reunion-en-gobernacion-pt-y-pvem-anuncian-total-respaldo-al-plan-b-propuesto-por-sheinbaum\/","url":"https:\/\/www.bbmnoticias.com\/tras-reunion-en-gobernacion-pt-y-pvem-anuncian-total-respaldo-al-plan-b-propuesto-por-sheinbaum\/","name":"Tras reuni\u00f3n en Gobernaci\u00f3n, PT y PVEM anuncian \"total respaldo\" al plan B propuesto por Sheinbaum - LA BRAVA RADIO","isPartOf":{"@id":"https:\/\/www.bbmnoticias.com\/labravaradiofm\/#website"},"primaryImageOfPage":{"@id":"https:\/\/www.bbmnoticias.com\/tras-reunion-en-gobernacion-pt-y-pvem-anuncian-total-respaldo-al-plan-b-propuesto-por-sheinbaum\/#primaryimage"},"image":{"@id":"https:\/\/www.bbmnoticias.com\/tras-reunion-en-gobernacion-pt-y-pvem-anuncian-total-respaldo-al-plan-b-propuesto-por-sheinbaum\/#primaryimage"},"thumbnailUrl":"https:\/\/www.bbmnoticias.com\/labravaradiofm\/wp-content\/uploads\/sites\/5\/2026\/03\/reunion_gobernacion.webp","datePublished":"2026-03-16T12:28:17+00:00","dateModified":"2026-03-16T12:28:25+00:00","author":{"@id":"https:\/\/www.bbmnoticias.com\/labravaradiofm\/#\/schema\/person\/857a3daf5c8142f29919023f377fbfad"},"breadcrumb":{"@id":"https:\/\/www.bbmnoticias.com\/tras-reunion-en-gobernacion-pt-y-pvem-anuncian-total-respaldo-al-plan-b-propuesto-por-sheinbaum\/#breadcrumb"},"inLanguage":"es","potentialAction":[{"@type":"ReadAction","target":["https:\/\/www.bbmnoticias.com\/tras-reunion-en-gobernacion-pt-y-pvem-anuncian-total-respaldo-al-plan-b-propuesto-por-sheinbaum\/"]}]},{"@type":"ImageObject","inLanguage":"es","@id":"https:\/\/www.bbmnoticias.com\/tras-reunion-en-gobernacion-pt-y-pvem-anuncian-total-respaldo-al-plan-b-propuesto-por-sheinbaum\/#primaryimage","url":"https:\/\/www.bbmnoticias.com\/labravaradiofm\/wp-content\/uploads\/sites\/5\/2026\/03\/reunion_gobernacion.webp","contentUrl":"https:\/\/www.bbmnoticias.com\/labravaradiofm\/wp-content\/uploads\/sites\/5\/2026\/03\/reunion_gobernacion.webp","width":1200,"height":741},{"@type":"BreadcrumbList","@id":"https:\/\/www.bbmnoticias.com\/tras-reunion-en-gobernacion-pt-y-pvem-anuncian-total-respaldo-al-plan-b-propuesto-por-sheinbaum\/#breadcrumb","itemListElement":[{"@type":"ListItem","position":1,"name":"Inicio","item":"https:\/\/www.bbmnoticias.com\/labravaradiofm\/"},{"@type":"ListItem","position":2,"name":"Tras reuni\u00f3n en Gobernaci\u00f3n, PT y PVEM anuncian &#8220;total respaldo&#8221; al plan B propuesto por Sheinbaum"}]},{"@type":"WebSite","@id":"https:\/\/www.bbmnoticias.com\/labravaradiofm\/#website","url":"https:\/\/www.bbmnoticias.com\/labravaradiofm\/","name":"LA BRAVA RADIO","description":"Empresa productora de medios, Radiodifusi\u00f3n, Noticias, tendencias y todo lo que necesitas saber de la pol\u00edtica mexicana e internacional; entretenimiento, espect\u00e1culos, salud y mucho m\u00e1s.","potentialAction":[{"@type":"SearchAction","target":{"@type":"EntryPoint","urlTemplate":"https:\/\/www.bbmnoticias.com\/labravaradiofm\/?s={search_term_string}"},"query-input":{"@type":"PropertyValueSpecification","valueRequired":true,"valueName":"search_term_string"}}],"inLanguage":"es"},{"@type":"Person","@id":"https:\/\/www.bbmnoticias.com\/labravaradiofm\/#\/schema\/person\/857a3daf5c8142f29919023f377fbfad","name":"Agencias","image":{"@type":"ImageObject","inLanguage":"es","@id":"https:\/\/secure.gravatar.com\/avatar\/739e0b61adf9e398b425c36718c8752286da0e8cd90f20ce9a86678abc26aa0d?s=96&d=mm&r=g","url":"https:\/\/secure.gravatar.com\/avatar\/739e0b61adf9e398b425c36718c8752286da0e8cd90f20ce9a86678abc26aa0d?s=96&d=mm&r=g","contentUrl":"https:\/\/secure.gravatar.com\/avatar\/739e0b61adf9e398b425c36718c8752286da0e8cd90f20ce9a86678abc26aa0d?s=96&d=mm&r=g","caption":"Agencias"},"url":"https:\/\/www.bbmnoticias.com\/labravaradiofm\/author\/agencias\/"}]}},"_links":{"self":[{"href":"https:\/\/www.bbmnoticias.com\/labravaradiofm\/wp-json\/wp\/v2\/posts\/75198","targetHints":{"allow":["GET"]}}],"collection":[{"href":"https:\/\/www.bbmnoticias.com\/labravaradiofm\/wp-json\/wp\/v2\/posts"}],"about":[{"href":"https:\/\/www.bbmnoticias.com\/labravaradiofm\/wp-json\/wp\/v2\/types\/post"}],"author":[{"embeddable":true,"href":"https:\/\/www.bbmnoticias.com\/labravaradiofm\/wp-json\/wp\/v2\/users\/4"}],"replies":[{"embeddable":true,"href":"https:\/\/www.bbmnoticias.com\/labravaradiofm\/wp-json\/wp\/v2\/comments?post=75198"}],"version-history":[{"count":1,"href":"https:\/\/www.bbmnoticias.com\/labravaradiofm\/wp-json\/wp\/v2\/posts\/75198\/revisions"}],"predecessor-version":[{"id":75199,"href":"https:\/\/www.bbmnoticias.com\/labravaradiofm\/wp-json\/wp\/v2\/posts\/75198\/revisions\/75199"}],"wp:featuredmedia":[{"embeddable":true,"href":"https:\/\/www.bbmnoticias.com\/labravaradiofm\/wp-json\/wp\/v2\/media\/75200"}],"wp:attachment":[{"href":"https:\/\/www.bbmnoticias.com\/labravaradiofm\/wp-json\/wp\/v2\/media?parent=75198"}],"wp:term":[{"taxonomy":"category","embeddable":true,"href":"https:\/\/www.bbmnoticias.com\/labravaradiofm\/wp-json\/wp\/v2\/categories?post=75198"},{"taxonomy":"post_tag","embeddable":true,"href":"https:\/\/www.bbmnoticias.com\/labravaradiofm\/wp-json\/wp\/v2\/tags?post=75198"}],"curies":[{"name":"wp","href":"https:\/\/api.w.org\/{rel}","templated":true}]}}