{"id":75186,"date":"2026-03-14T10:14:37","date_gmt":"2026-03-14T16:14:37","guid":{"rendered":"https:\/\/www.bbmnoticias.com\/labravaradiofm\/2026\/03\/14\/lanza-corea-del-norte-misil-al-mar-de-japon\/"},"modified":"2026-03-14T10:14:40","modified_gmt":"2026-03-14T16:14:40","slug":"lanza-corea-del-norte-misil-al-mar-de-japon","status":"publish","type":"post","link":"https:\/\/www.bbmnoticias.com\/labravaradiofm\/2026\/03\/14\/lanza-corea-del-norte-misil-al-mar-de-japon\/","title":{"rendered":"Lanza Corea del Norte misil al mar de Jap\u00f3n"},"content":{"rendered":"<div style=\"margin-top: 0px; margin-bottom: 0px;\" class=\"sharethis-inline-share-buttons\" ><\/div>\n<p>Corea del Norte lanz\u00f3 el s\u00e1bado \u2013tiempo local\u2013 lo que parec\u00eda ser un misil bal\u00edstico, informaron la oficina de la primera ministra y el Ministerio de Defensa de Jap\u00f3n.<\/p>\n\n\n\n<p>La acci\u00f3n ocurri\u00f3 en medio de la creciente especulaci\u00f3n sobre una posible reuni\u00f3n entre el l\u00edder Kim Jong-un y el presidente estadunidense Donald Trump, mencion\u00f3&nbsp;<em>The Japan Times<\/em>.<\/p>\n\n\n\n<p>Poco despu\u00e9s de informar sobre el lanzamiento, el Ministerio de Defensa declar\u00f3 que el misil ya hab\u00eda ca\u00eddo y que se cre\u00eda que hab\u00eda aterrizado fuera de la zona econ\u00f3mica exclusiva de Jap\u00f3n, a\u00f1adi\u00f3 la publicaci\u00f3n.<\/p>\n\n\n\n<p>Corea del Sur, que actualmente lleva a cabo los ejercicios militares anuales Freedom Shield con Estados Unidos, tambi\u00e9n confirm\u00f3 el lanzamiento de un proyectil no identificado \u201chacia el mar del este\u201d, otro nombre para el mar de Jap\u00f3n, seg\u00fan inform\u00f3 Yonhap.<\/p>\n\n\n\n<p>De acuerdo con la agencia de noticias norcoreana, esto se produjo despu\u00e9s de que el primer ministro surcoreano, Kim Min-seok, que se encontraba de visita en Washington, dijera el viernes que Trump expres\u00f3 una opini\u00f3n positiva sobre la reanudaci\u00f3n del di\u00e1logo con Kim, lo que abre la posibilidad de una reuni\u00f3n en torno a la fecha de la visita del presidente estadunidense a Pek\u00edn para una cumbre con el l\u00edder chino Xi Jinping a finales de este mes, a\u00f1adi\u00f3&nbsp;<em>The Japan Times.<\/em><\/p>\n\n\n\n<p>Es el tercer lanzamiento efectuado por Corea del Norte en lo que va de 2026, apunt\u00f3 Sputnik. Los dos anteriores tuvieron lugar el 4 y el 27 de enero; el 4, Corea del Norte llev\u00f3 a cabo lo que sus medios oficiales anunciaron como prueba de \u201cmisiles hipers\u00f3nicos\u201d, mientras el 27 de enero lanz\u00f3 varios misiles bal\u00edsticos de corto alcance. Las resoluciones del Consejo de Seguridad de la ONU proh\u00edben a Corea del Norte desarrollar programas militares nucleares y de misiles bal\u00edsticos, pero Pyongyang ha ignorado esa prohibici\u00f3n en m\u00faltiples ocasiones, a\u00f1adi\u00f3 Sputnik.<\/p>\n","protected":false},"excerpt":{"rendered":"<p>Corea del Norte lanz\u00f3 el s\u00e1bado \u2013tiempo local\u2013 lo que parec\u00eda ser un misil bal\u00edstico, informaron la oficina de la primera ministra y el Ministerio de Defensa de Jap\u00f3n. La acci\u00f3n ocurri\u00f3 en medio de la creciente especulaci\u00f3n sobre una posible reuni\u00f3n entre el l\u00edder Kim Jong-un y el presidente estadunidense Donald Trump, mencion\u00f3&nbsp;The Japan [&hellip;]<\/p>\n","protected":false},"author":4,"featured_media":75188,"comment_status":"closed","ping_status":"open","sticky":false,"template":"","format":"standard","meta":{"footnotes":""},"categories":[948,2],"tags":[],"class_list":{"0":"post-75186","1":"post","2":"type-post","3":"status-publish","4":"format-standard","5":"has-post-thumbnail","7":"category-internacional","8":"category-oaxaca"},"yoast_head":"<!-- This site is optimized with the Yoast SEO plugin v27.4 - https:\/\/yoast.com\/product\/yoast-seo-wordpress\/ -->\n<title>Lanza Corea del Norte misil al mar de Jap\u00f3n - LA BRAVA RADIO<\/title>\n<meta name=\"robots\" content=\"index, follow, max-snippet:-1, max-image-preview:large, max-video-preview:-1\" \/>\n<link rel=\"canonical\" href=\"https:\/\/www.bbmnoticias.com\/lanza-corea-del-norte-misil-al-mar-de-japon\/\" \/>\n<meta property=\"og:locale\" content=\"es_MX\" \/>\n<meta property=\"og:type\" content=\"article\" \/>\n<meta property=\"og:title\" content=\"Lanza Corea del Norte misil al mar de Jap\u00f3n - LA BRAVA RADIO\" \/>\n<meta property=\"og:description\" content=\"Corea del Norte lanz\u00f3 el s\u00e1bado \u2013tiempo local\u2013 lo que parec\u00eda ser un misil bal\u00edstico, informaron la oficina de la primera ministra y el Ministerio de Defensa de Jap\u00f3n. La acci\u00f3n ocurri\u00f3 en medio de la creciente especulaci\u00f3n sobre una posible reuni\u00f3n entre el l\u00edder Kim Jong-un y el presidente estadunidense Donald Trump, mencion\u00f3&nbsp;The Japan [&hellip;]\" \/>\n<meta property=\"og:url\" content=\"https:\/\/www.bbmnoticias.com\/lanza-corea-del-norte-misil-al-mar-de-japon\/\" \/>\n<meta property=\"og:site_name\" content=\"LA BRAVA RADIO\" \/>\n<meta property=\"article:published_time\" content=\"2026-03-14T16:14:37+00:00\" \/>\n<meta property=\"article:modified_time\" content=\"2026-03-14T16:14:40+00:00\" \/>\n<meta property=\"og:image\" content=\"https:\/\/www.bbmnoticias.com\/labravaradiofm\/wp-content\/uploads\/sites\/5\/2026\/03\/lanza-corea-del-norte-misil-al-mar-de-japon.webp\" \/>\n\t<meta property=\"og:image:width\" content=\"1200\" \/>\n\t<meta property=\"og:image:height\" content=\"800\" \/>\n\t<meta property=\"og:image:type\" content=\"image\/webp\" \/>\n<meta name=\"author\" content=\"Agencias\" \/>\n<meta name=\"twitter:card\" content=\"summary_large_image\" \/>\n<meta name=\"twitter:label1\" content=\"Escrito por\" \/>\n\t<meta name=\"twitter:data1\" content=\"Agencias\" \/>\n\t<meta name=\"twitter:label2\" content=\"Tiempo de lectura\" \/>\n\t<meta name=\"twitter:data2\" content=\"2 minutos\" \/>\n<script type=\"application\/ld+json\" class=\"yoast-schema-graph\">{\"@context\":\"https:\\\/\\\/schema.org\",\"@graph\":[{\"@type\":\"Article\",\"@id\":\"https:\\\/\\\/www.bbmnoticias.com\\\/lanza-corea-del-norte-misil-al-mar-de-japon\\\/#article\",\"isPartOf\":{\"@id\":\"https:\\\/\\\/www.bbmnoticias.com\\\/labravaradiofm\\\/2026\\\/03\\\/14\\\/lanza-corea-del-norte-misil-al-mar-de-japon\\\/\"},\"author\":{\"name\":\"Agencias\",\"@id\":\"https:\\\/\\\/www.bbmnoticias.com\\\/labravaradiofm\\\/#\\\/schema\\\/person\\\/000bdaf0a8fb5bff0d537c4d0778e33f\"},\"headline\":\"Lanza Corea del Norte misil al mar de Jap\u00f3n\",\"datePublished\":\"2026-03-14T16:14:37+00:00\",\"dateModified\":\"2026-03-14T16:14:40+00:00\",\"mainEntityOfPage\":{\"@id\":\"https:\\\/\\\/www.bbmnoticias.com\\\/labravaradiofm\\\/2026\\\/03\\\/14\\\/lanza-corea-del-norte-misil-al-mar-de-japon\\\/\"},\"wordCount\":351,\"image\":{\"@id\":\"https:\\\/\\\/www.bbmnoticias.com\\\/lanza-corea-del-norte-misil-al-mar-de-japon\\\/#primaryimage\"},\"thumbnailUrl\":\"https:\\\/\\\/www.bbmnoticias.com\\\/labravaradiofm\\\/wp-content\\\/uploads\\\/sites\\\/5\\\/2026\\\/03\\\/lanza-corea-del-norte-misil-al-mar-de-japon.webp\",\"articleSection\":[\"INTERNACIONAL\",\"LOCAL\"],\"inLanguage\":\"es\"},{\"@type\":\"WebPage\",\"@id\":\"https:\\\/\\\/www.bbmnoticias.com\\\/labravaradiofm\\\/2026\\\/03\\\/14\\\/lanza-corea-del-norte-misil-al-mar-de-japon\\\/\",\"url\":\"https:\\\/\\\/www.bbmnoticias.com\\\/lanza-corea-del-norte-misil-al-mar-de-japon\\\/\",\"name\":\"Lanza Corea del Norte misil al mar de Jap\u00f3n - LA BRAVA RADIO\",\"isPartOf\":{\"@id\":\"https:\\\/\\\/www.bbmnoticias.com\\\/labravaradiofm\\\/#website\"},\"primaryImageOfPage\":{\"@id\":\"https:\\\/\\\/www.bbmnoticias.com\\\/lanza-corea-del-norte-misil-al-mar-de-japon\\\/#primaryimage\"},\"image\":{\"@id\":\"https:\\\/\\\/www.bbmnoticias.com\\\/lanza-corea-del-norte-misil-al-mar-de-japon\\\/#primaryimage\"},\"thumbnailUrl\":\"https:\\\/\\\/www.bbmnoticias.com\\\/labravaradiofm\\\/wp-content\\\/uploads\\\/sites\\\/5\\\/2026\\\/03\\\/lanza-corea-del-norte-misil-al-mar-de-japon.webp\",\"datePublished\":\"2026-03-14T16:14:37+00:00\",\"dateModified\":\"2026-03-14T16:14:40+00:00\",\"author\":{\"@id\":\"https:\\\/\\\/www.bbmnoticias.com\\\/labravaradiofm\\\/#\\\/schema\\\/person\\\/000bdaf0a8fb5bff0d537c4d0778e33f\"},\"breadcrumb\":{\"@id\":\"https:\\\/\\\/www.bbmnoticias.com\\\/lanza-corea-del-norte-misil-al-mar-de-japon\\\/#breadcrumb\"},\"inLanguage\":\"es\",\"potentialAction\":[{\"@type\":\"ReadAction\",\"target\":[\"https:\\\/\\\/www.bbmnoticias.com\\\/lanza-corea-del-norte-misil-al-mar-de-japon\\\/\"]}]},{\"@type\":\"ImageObject\",\"inLanguage\":\"es\",\"@id\":\"https:\\\/\\\/www.bbmnoticias.com\\\/lanza-corea-del-norte-misil-al-mar-de-japon\\\/#primaryimage\",\"url\":\"https:\\\/\\\/www.bbmnoticias.com\\\/labravaradiofm\\\/wp-content\\\/uploads\\\/sites\\\/5\\\/2026\\\/03\\\/lanza-corea-del-norte-misil-al-mar-de-japon.webp\",\"contentUrl\":\"https:\\\/\\\/www.bbmnoticias.com\\\/labravaradiofm\\\/wp-content\\\/uploads\\\/sites\\\/5\\\/2026\\\/03\\\/lanza-corea-del-norte-misil-al-mar-de-japon.webp\",\"width\":1200,\"height\":800},{\"@type\":\"BreadcrumbList\",\"@id\":\"https:\\\/\\\/www.bbmnoticias.com\\\/lanza-corea-del-norte-misil-al-mar-de-japon\\\/#breadcrumb\",\"itemListElement\":[{\"@type\":\"ListItem\",\"position\":1,\"name\":\"Inicio\",\"item\":\"https:\\\/\\\/www.bbmnoticias.com\\\/labravaradiofm\\\/\"},{\"@type\":\"ListItem\",\"position\":2,\"name\":\"Lanza Corea del Norte misil al mar de Jap\u00f3n\"}]},{\"@type\":\"WebSite\",\"@id\":\"https:\\\/\\\/www.bbmnoticias.com\\\/labravaradiofm\\\/#website\",\"url\":\"https:\\\/\\\/www.bbmnoticias.com\\\/labravaradiofm\\\/\",\"name\":\"LA BRAVA RADIO\",\"description\":\"Empresa productora de medios, Radiodifusi\u00f3n, Noticias, tendencias y todo lo que necesitas saber de la pol\u00edtica mexicana e internacional; entretenimiento, espect\u00e1culos, salud y mucho m\u00e1s.\",\"potentialAction\":[{\"@type\":\"SearchAction\",\"target\":{\"@type\":\"EntryPoint\",\"urlTemplate\":\"https:\\\/\\\/www.bbmnoticias.com\\\/labravaradiofm\\\/?s={search_term_string}\"},\"query-input\":{\"@type\":\"PropertyValueSpecification\",\"valueRequired\":true,\"valueName\":\"search_term_string\"}}],\"inLanguage\":\"es\"},{\"@type\":\"Person\",\"@id\":\"https:\\\/\\\/www.bbmnoticias.com\\\/labravaradiofm\\\/#\\\/schema\\\/person\\\/000bdaf0a8fb5bff0d537c4d0778e33f\",\"name\":\"Agencias\",\"image\":{\"@type\":\"ImageObject\",\"inLanguage\":\"es\",\"@id\":\"https:\\\/\\\/secure.gravatar.com\\\/avatar\\\/739e0b61adf9e398b425c36718c8752286da0e8cd90f20ce9a86678abc26aa0d?s=96&d=mm&r=g\",\"url\":\"https:\\\/\\\/secure.gravatar.com\\\/avatar\\\/739e0b61adf9e398b425c36718c8752286da0e8cd90f20ce9a86678abc26aa0d?s=96&d=mm&r=g\",\"contentUrl\":\"https:\\\/\\\/secure.gravatar.com\\\/avatar\\\/739e0b61adf9e398b425c36718c8752286da0e8cd90f20ce9a86678abc26aa0d?s=96&d=mm&r=g\",\"caption\":\"Agencias\"},\"url\":\"https:\\\/\\\/www.bbmnoticias.com\\\/labravaradiofm\\\/author\\\/agencias\\\/\"}]}<\/script>\n<!-- \/ Yoast SEO plugin. -->","yoast_head_json":{"title":"Lanza Corea del Norte misil al mar de Jap\u00f3n - LA BRAVA RADIO","robots":{"index":"index","follow":"follow","max-snippet":"max-snippet:-1","max-image-preview":"max-image-preview:large","max-video-preview":"max-video-preview:-1"},"canonical":"https:\/\/www.bbmnoticias.com\/lanza-corea-del-norte-misil-al-mar-de-japon\/","og_locale":"es_MX","og_type":"article","og_title":"Lanza Corea del Norte misil al mar de Jap\u00f3n - LA BRAVA RADIO","og_description":"Corea del Norte lanz\u00f3 el s\u00e1bado \u2013tiempo local\u2013 lo que parec\u00eda ser un misil bal\u00edstico, informaron la oficina de la primera ministra y el Ministerio de Defensa de Jap\u00f3n. La acci\u00f3n ocurri\u00f3 en medio de la creciente especulaci\u00f3n sobre una posible reuni\u00f3n entre el l\u00edder Kim Jong-un y el presidente estadunidense Donald Trump, mencion\u00f3&nbsp;The Japan [&hellip;]","og_url":"https:\/\/www.bbmnoticias.com\/lanza-corea-del-norte-misil-al-mar-de-japon\/","og_site_name":"LA BRAVA RADIO","article_published_time":"2026-03-14T16:14:37+00:00","article_modified_time":"2026-03-14T16:14:40+00:00","og_image":[{"width":1200,"height":800,"url":"https:\/\/www.bbmnoticias.com\/labravaradiofm\/wp-content\/uploads\/sites\/5\/2026\/03\/lanza-corea-del-norte-misil-al-mar-de-japon.webp","type":"image\/webp"}],"author":"Agencias","twitter_card":"summary_large_image","twitter_misc":{"Escrito por":"Agencias","Tiempo de lectura":"2 minutos"},"schema":{"@context":"https:\/\/schema.org","@graph":[{"@type":"Article","@id":"https:\/\/www.bbmnoticias.com\/lanza-corea-del-norte-misil-al-mar-de-japon\/#article","isPartOf":{"@id":"https:\/\/www.bbmnoticias.com\/labravaradiofm\/2026\/03\/14\/lanza-corea-del-norte-misil-al-mar-de-japon\/"},"author":{"name":"Agencias","@id":"https:\/\/www.bbmnoticias.com\/labravaradiofm\/#\/schema\/person\/000bdaf0a8fb5bff0d537c4d0778e33f"},"headline":"Lanza Corea del Norte misil al mar de Jap\u00f3n","datePublished":"2026-03-14T16:14:37+00:00","dateModified":"2026-03-14T16:14:40+00:00","mainEntityOfPage":{"@id":"https:\/\/www.bbmnoticias.com\/labravaradiofm\/2026\/03\/14\/lanza-corea-del-norte-misil-al-mar-de-japon\/"},"wordCount":351,"image":{"@id":"https:\/\/www.bbmnoticias.com\/lanza-corea-del-norte-misil-al-mar-de-japon\/#primaryimage"},"thumbnailUrl":"https:\/\/www.bbmnoticias.com\/labravaradiofm\/wp-content\/uploads\/sites\/5\/2026\/03\/lanza-corea-del-norte-misil-al-mar-de-japon.webp","articleSection":["INTERNACIONAL","LOCAL"],"inLanguage":"es"},{"@type":"WebPage","@id":"https:\/\/www.bbmnoticias.com\/labravaradiofm\/2026\/03\/14\/lanza-corea-del-norte-misil-al-mar-de-japon\/","url":"https:\/\/www.bbmnoticias.com\/lanza-corea-del-norte-misil-al-mar-de-japon\/","name":"Lanza Corea del Norte misil al mar de Jap\u00f3n - LA BRAVA RADIO","isPartOf":{"@id":"https:\/\/www.bbmnoticias.com\/labravaradiofm\/#website"},"primaryImageOfPage":{"@id":"https:\/\/www.bbmnoticias.com\/lanza-corea-del-norte-misil-al-mar-de-japon\/#primaryimage"},"image":{"@id":"https:\/\/www.bbmnoticias.com\/lanza-corea-del-norte-misil-al-mar-de-japon\/#primaryimage"},"thumbnailUrl":"https:\/\/www.bbmnoticias.com\/labravaradiofm\/wp-content\/uploads\/sites\/5\/2026\/03\/lanza-corea-del-norte-misil-al-mar-de-japon.webp","datePublished":"2026-03-14T16:14:37+00:00","dateModified":"2026-03-14T16:14:40+00:00","author":{"@id":"https:\/\/www.bbmnoticias.com\/labravaradiofm\/#\/schema\/person\/000bdaf0a8fb5bff0d537c4d0778e33f"},"breadcrumb":{"@id":"https:\/\/www.bbmnoticias.com\/lanza-corea-del-norte-misil-al-mar-de-japon\/#breadcrumb"},"inLanguage":"es","potentialAction":[{"@type":"ReadAction","target":["https:\/\/www.bbmnoticias.com\/lanza-corea-del-norte-misil-al-mar-de-japon\/"]}]},{"@type":"ImageObject","inLanguage":"es","@id":"https:\/\/www.bbmnoticias.com\/lanza-corea-del-norte-misil-al-mar-de-japon\/#primaryimage","url":"https:\/\/www.bbmnoticias.com\/labravaradiofm\/wp-content\/uploads\/sites\/5\/2026\/03\/lanza-corea-del-norte-misil-al-mar-de-japon.webp","contentUrl":"https:\/\/www.bbmnoticias.com\/labravaradiofm\/wp-content\/uploads\/sites\/5\/2026\/03\/lanza-corea-del-norte-misil-al-mar-de-japon.webp","width":1200,"height":800},{"@type":"BreadcrumbList","@id":"https:\/\/www.bbmnoticias.com\/lanza-corea-del-norte-misil-al-mar-de-japon\/#breadcrumb","itemListElement":[{"@type":"ListItem","position":1,"name":"Inicio","item":"https:\/\/www.bbmnoticias.com\/labravaradiofm\/"},{"@type":"ListItem","position":2,"name":"Lanza Corea del Norte misil al mar de Jap\u00f3n"}]},{"@type":"WebSite","@id":"https:\/\/www.bbmnoticias.com\/labravaradiofm\/#website","url":"https:\/\/www.bbmnoticias.com\/labravaradiofm\/","name":"LA BRAVA RADIO","description":"Empresa productora de medios, Radiodifusi\u00f3n, Noticias, tendencias y todo lo que necesitas saber de la pol\u00edtica mexicana e internacional; entretenimiento, espect\u00e1culos, salud y mucho m\u00e1s.","potentialAction":[{"@type":"SearchAction","target":{"@type":"EntryPoint","urlTemplate":"https:\/\/www.bbmnoticias.com\/labravaradiofm\/?s={search_term_string}"},"query-input":{"@type":"PropertyValueSpecification","valueRequired":true,"valueName":"search_term_string"}}],"inLanguage":"es"},{"@type":"Person","@id":"https:\/\/www.bbmnoticias.com\/labravaradiofm\/#\/schema\/person\/000bdaf0a8fb5bff0d537c4d0778e33f","name":"Agencias","image":{"@type":"ImageObject","inLanguage":"es","@id":"https:\/\/secure.gravatar.com\/avatar\/739e0b61adf9e398b425c36718c8752286da0e8cd90f20ce9a86678abc26aa0d?s=96&d=mm&r=g","url":"https:\/\/secure.gravatar.com\/avatar\/739e0b61adf9e398b425c36718c8752286da0e8cd90f20ce9a86678abc26aa0d?s=96&d=mm&r=g","contentUrl":"https:\/\/secure.gravatar.com\/avatar\/739e0b61adf9e398b425c36718c8752286da0e8cd90f20ce9a86678abc26aa0d?s=96&d=mm&r=g","caption":"Agencias"},"url":"https:\/\/www.bbmnoticias.com\/labravaradiofm\/author\/agencias\/"}]}},"_links":{"self":[{"href":"https:\/\/www.bbmnoticias.com\/labravaradiofm\/wp-json\/wp\/v2\/posts\/75186","targetHints":{"allow":["GET"]}}],"collection":[{"href":"https:\/\/www.bbmnoticias.com\/labravaradiofm\/wp-json\/wp\/v2\/posts"}],"about":[{"href":"https:\/\/www.bbmnoticias.com\/labravaradiofm\/wp-json\/wp\/v2\/types\/post"}],"author":[{"embeddable":true,"href":"https:\/\/www.bbmnoticias.com\/labravaradiofm\/wp-json\/wp\/v2\/users\/4"}],"replies":[{"embeddable":true,"href":"https:\/\/www.bbmnoticias.com\/labravaradiofm\/wp-json\/wp\/v2\/comments?post=75186"}],"version-history":[{"count":1,"href":"https:\/\/www.bbmnoticias.com\/labravaradiofm\/wp-json\/wp\/v2\/posts\/75186\/revisions"}],"predecessor-version":[{"id":75187,"href":"https:\/\/www.bbmnoticias.com\/labravaradiofm\/wp-json\/wp\/v2\/posts\/75186\/revisions\/75187"}],"wp:featuredmedia":[{"embeddable":true,"href":"https:\/\/www.bbmnoticias.com\/labravaradiofm\/wp-json\/wp\/v2\/media\/75188"}],"wp:attachment":[{"href":"https:\/\/www.bbmnoticias.com\/labravaradiofm\/wp-json\/wp\/v2\/media?parent=75186"}],"wp:term":[{"taxonomy":"category","embeddable":true,"href":"https:\/\/www.bbmnoticias.com\/labravaradiofm\/wp-json\/wp\/v2\/categories?post=75186"},{"taxonomy":"post_tag","embeddable":true,"href":"https:\/\/www.bbmnoticias.com\/labravaradiofm\/wp-json\/wp\/v2\/tags?post=75186"}],"curies":[{"name":"wp","href":"https:\/\/api.w.org\/{rel}","templated":true}]}}