{"id":75171,"date":"2026-03-13T19:15:43","date_gmt":"2026-03-14T01:15:43","guid":{"rendered":"https:\/\/www.bbmnoticias.com\/labravaradiofm\/2026\/03\/13\/fgeo-aprehende-a-presunto-agresor-por-violacion-agravada-violacion-vicaria-y-violencia-familiar-en-valles-centrales\/"},"modified":"2026-03-13T19:15:46","modified_gmt":"2026-03-14T01:15:46","slug":"fgeo-aprehende-a-presunto-agresor-por-violacion-agravada-violacion-vicaria-y-violencia-familiar-en-valles-centrales","status":"publish","type":"post","link":"https:\/\/www.bbmnoticias.com\/labravaradiofm\/2026\/03\/13\/fgeo-aprehende-a-presunto-agresor-por-violacion-agravada-violacion-vicaria-y-violencia-familiar-en-valles-centrales\/","title":{"rendered":"FGEO aprehende a presunto agresor por violaci\u00f3n agravada, violaci\u00f3n vicaria y violencia familiar en Valles Centrales"},"content":{"rendered":"<div style=\"margin-top: 0px; margin-bottom: 0px;\" class=\"sharethis-inline-share-buttons\" ><\/div>\n<p><strong>Oaxaca de Ju\u00e1rez, Oax.- <\/strong>La Fiscal\u00eda General del Estado de Oaxaca (FGEO), ejecut\u00f3 una orden de aprehensi\u00f3n que permiti\u00f3 la detenci\u00f3n de una persona del sexo masculino identificada como M.A.N.C., por los delitos de violaci\u00f3n agravada, violaci\u00f3n vicaria y violencia familiar, cometidos en agravio de una mujer ocurrida en el distrito de Etla, en la regi\u00f3n de los Valles Centrales.<\/p>\n\n\n\n<p>De acuerdo con las investigaciones ministeriales, los hechos ocurrieron el 29 de enero de 2026, cuando la v\u00edctima, una mujer -cuya identidad est\u00e1 reservada por ley- fue llevada a un domicilio ubicado en la agencia de Santa Mar\u00eda Tenexpam, perteneciente al municipio de San Pablo Huitzo, lugar donde fue atacada f\u00edsica y sexualmente.<\/p>\n\n\n\n<p>Derivado de la denuncia y de las investigaciones ministeriales realizadas por la Vicefiscal\u00eda General de Control Regional, se obtuvo una orden de aprehensi\u00f3n en contra de M.A.N.C., la cual fue ejecutada por elementos de la Agencia Estatal de Investigaciones (AEI).<\/p>\n\n\n\n<p>Una vez detenido, M.A.N.C., fue trasladado a las oficinas del Ministerio P\u00fablico para su certificaci\u00f3n m\u00e9dica y puesto a disposici\u00f3n de la autoridad judicial correspondiente, a fin de que se determine su situaci\u00f3n jur\u00eddica conforme a derecho.<\/p>\n\n\n\n<p>La Fiscal\u00eda General del Estado de Oaxaca refrenda su compromiso de investigar con perspectiva de g\u00e9nero y llevar ante la justicia a quienes cometen delitos que atentan contra la integridad y seguridad de las mujeres, garantizando el acceso a la justicia para las v\u00edctimas.<\/p>\n","protected":false},"excerpt":{"rendered":"<p>Oaxaca de Ju\u00e1rez, Oax.- La Fiscal\u00eda General del Estado de Oaxaca (FGEO), ejecut\u00f3 una orden de aprehensi\u00f3n que permiti\u00f3 la detenci\u00f3n de una persona del sexo masculino identificada como M.A.N.C., por los delitos de violaci\u00f3n agravada, violaci\u00f3n vicaria y violencia familiar, cometidos en agravio de una mujer ocurrida en el distrito de Etla, en la [&hellip;]<\/p>\n","protected":false},"author":2,"featured_media":75173,"comment_status":"closed","ping_status":"open","sticky":false,"template":"","format":"standard","meta":{"footnotes":""},"categories":[2,20],"tags":[],"class_list":{"0":"post-75171","1":"post","2":"type-post","3":"status-publish","4":"format-standard","5":"has-post-thumbnail","7":"category-oaxaca","8":"category-policiaca"},"yoast_head":"<!-- This site is optimized with the Yoast SEO plugin v27.4 - https:\/\/yoast.com\/product\/yoast-seo-wordpress\/ -->\n<title>FGEO aprehende a presunto agresor por violaci\u00f3n agravada, violaci\u00f3n vicaria y violencia familiar en Valles Centrales - LA BRAVA RADIO<\/title>\n<meta name=\"robots\" content=\"index, follow, max-snippet:-1, max-image-preview:large, max-video-preview:-1\" \/>\n<link rel=\"canonical\" href=\"https:\/\/www.bbmnoticias.com\/fgeo-aprehende-a-presunto-agresor-por-violacion-agravada-violacion-vicaria-y-violencia-familiar-en-valles-centrales\/\" \/>\n<meta property=\"og:locale\" content=\"es_MX\" \/>\n<meta property=\"og:type\" content=\"article\" \/>\n<meta property=\"og:title\" content=\"FGEO aprehende a presunto agresor por violaci\u00f3n agravada, violaci\u00f3n vicaria y violencia familiar en Valles Centrales - LA BRAVA RADIO\" \/>\n<meta property=\"og:description\" content=\"Oaxaca de Ju\u00e1rez, Oax.- La Fiscal\u00eda General del Estado de Oaxaca (FGEO), ejecut\u00f3 una orden de aprehensi\u00f3n que permiti\u00f3 la detenci\u00f3n de una persona del sexo masculino identificada como M.A.N.C., por los delitos de violaci\u00f3n agravada, violaci\u00f3n vicaria y violencia familiar, cometidos en agravio de una mujer ocurrida en el distrito de Etla, en la [&hellip;]\" \/>\n<meta property=\"og:url\" content=\"https:\/\/www.bbmnoticias.com\/fgeo-aprehende-a-presunto-agresor-por-violacion-agravada-violacion-vicaria-y-violencia-familiar-en-valles-centrales\/\" \/>\n<meta property=\"og:site_name\" content=\"LA BRAVA RADIO\" \/>\n<meta property=\"article:published_time\" content=\"2026-03-14T01:15:43+00:00\" \/>\n<meta property=\"article:modified_time\" content=\"2026-03-14T01:15:46+00:00\" \/>\n<meta property=\"og:image\" content=\"https:\/\/www.bbmnoticias.com\/labravaradiofm\/wp-content\/uploads\/sites\/5\/2026\/03\/65566565.png\" \/>\n\t<meta property=\"og:image:width\" content=\"999\" \/>\n\t<meta property=\"og:image:height\" content=\"654\" \/>\n\t<meta property=\"og:image:type\" content=\"image\/png\" \/>\n<meta name=\"author\" content=\"Staff\" \/>\n<meta name=\"twitter:card\" content=\"summary_large_image\" \/>\n<meta name=\"twitter:label1\" content=\"Escrito por\" \/>\n\t<meta name=\"twitter:data1\" content=\"Staff\" \/>\n\t<meta name=\"twitter:label2\" content=\"Tiempo de lectura\" \/>\n\t<meta name=\"twitter:data2\" content=\"1 minuto\" \/>\n<script type=\"application\/ld+json\" class=\"yoast-schema-graph\">{\"@context\":\"https:\\\/\\\/schema.org\",\"@graph\":[{\"@type\":\"Article\",\"@id\":\"https:\\\/\\\/www.bbmnoticias.com\\\/fgeo-aprehende-a-presunto-agresor-por-violacion-agravada-violacion-vicaria-y-violencia-familiar-en-valles-centrales\\\/#article\",\"isPartOf\":{\"@id\":\"https:\\\/\\\/www.bbmnoticias.com\\\/labravaradiofm\\\/2026\\\/03\\\/13\\\/fgeo-aprehende-a-presunto-agresor-por-violacion-agravada-violacion-vicaria-y-violencia-familiar-en-valles-centrales\\\/\"},\"author\":{\"name\":\"Staff\",\"@id\":\"https:\\\/\\\/www.bbmnoticias.com\\\/labravaradiofm\\\/#\\\/schema\\\/person\\\/68a9e9036ef3c5b55aeb2b71dc8bab45\"},\"headline\":\"FGEO aprehende a presunto agresor por violaci\u00f3n agravada, violaci\u00f3n vicaria y violencia familiar en Valles Centrales\",\"datePublished\":\"2026-03-14T01:15:43+00:00\",\"dateModified\":\"2026-03-14T01:15:46+00:00\",\"mainEntityOfPage\":{\"@id\":\"https:\\\/\\\/www.bbmnoticias.com\\\/labravaradiofm\\\/2026\\\/03\\\/13\\\/fgeo-aprehende-a-presunto-agresor-por-violacion-agravada-violacion-vicaria-y-violencia-familiar-en-valles-centrales\\\/\"},\"wordCount\":281,\"image\":{\"@id\":\"https:\\\/\\\/www.bbmnoticias.com\\\/fgeo-aprehende-a-presunto-agresor-por-violacion-agravada-violacion-vicaria-y-violencia-familiar-en-valles-centrales\\\/#primaryimage\"},\"thumbnailUrl\":\"https:\\\/\\\/www.bbmnoticias.com\\\/labravaradiofm\\\/wp-content\\\/uploads\\\/sites\\\/5\\\/2026\\\/03\\\/65566565.png\",\"articleSection\":[\"LOCAL\",\"POLICIACA\"],\"inLanguage\":\"es\"},{\"@type\":\"WebPage\",\"@id\":\"https:\\\/\\\/www.bbmnoticias.com\\\/labravaradiofm\\\/2026\\\/03\\\/13\\\/fgeo-aprehende-a-presunto-agresor-por-violacion-agravada-violacion-vicaria-y-violencia-familiar-en-valles-centrales\\\/\",\"url\":\"https:\\\/\\\/www.bbmnoticias.com\\\/fgeo-aprehende-a-presunto-agresor-por-violacion-agravada-violacion-vicaria-y-violencia-familiar-en-valles-centrales\\\/\",\"name\":\"FGEO aprehende a presunto agresor por violaci\u00f3n agravada, violaci\u00f3n vicaria y violencia familiar en Valles Centrales - LA BRAVA RADIO\",\"isPartOf\":{\"@id\":\"https:\\\/\\\/www.bbmnoticias.com\\\/labravaradiofm\\\/#website\"},\"primaryImageOfPage\":{\"@id\":\"https:\\\/\\\/www.bbmnoticias.com\\\/fgeo-aprehende-a-presunto-agresor-por-violacion-agravada-violacion-vicaria-y-violencia-familiar-en-valles-centrales\\\/#primaryimage\"},\"image\":{\"@id\":\"https:\\\/\\\/www.bbmnoticias.com\\\/fgeo-aprehende-a-presunto-agresor-por-violacion-agravada-violacion-vicaria-y-violencia-familiar-en-valles-centrales\\\/#primaryimage\"},\"thumbnailUrl\":\"https:\\\/\\\/www.bbmnoticias.com\\\/labravaradiofm\\\/wp-content\\\/uploads\\\/sites\\\/5\\\/2026\\\/03\\\/65566565.png\",\"datePublished\":\"2026-03-14T01:15:43+00:00\",\"dateModified\":\"2026-03-14T01:15:46+00:00\",\"author\":{\"@id\":\"https:\\\/\\\/www.bbmnoticias.com\\\/labravaradiofm\\\/#\\\/schema\\\/person\\\/68a9e9036ef3c5b55aeb2b71dc8bab45\"},\"breadcrumb\":{\"@id\":\"https:\\\/\\\/www.bbmnoticias.com\\\/fgeo-aprehende-a-presunto-agresor-por-violacion-agravada-violacion-vicaria-y-violencia-familiar-en-valles-centrales\\\/#breadcrumb\"},\"inLanguage\":\"es\",\"potentialAction\":[{\"@type\":\"ReadAction\",\"target\":[\"https:\\\/\\\/www.bbmnoticias.com\\\/fgeo-aprehende-a-presunto-agresor-por-violacion-agravada-violacion-vicaria-y-violencia-familiar-en-valles-centrales\\\/\"]}]},{\"@type\":\"ImageObject\",\"inLanguage\":\"es\",\"@id\":\"https:\\\/\\\/www.bbmnoticias.com\\\/fgeo-aprehende-a-presunto-agresor-por-violacion-agravada-violacion-vicaria-y-violencia-familiar-en-valles-centrales\\\/#primaryimage\",\"url\":\"https:\\\/\\\/www.bbmnoticias.com\\\/labravaradiofm\\\/wp-content\\\/uploads\\\/sites\\\/5\\\/2026\\\/03\\\/65566565.png\",\"contentUrl\":\"https:\\\/\\\/www.bbmnoticias.com\\\/labravaradiofm\\\/wp-content\\\/uploads\\\/sites\\\/5\\\/2026\\\/03\\\/65566565.png\",\"width\":999,\"height\":654},{\"@type\":\"BreadcrumbList\",\"@id\":\"https:\\\/\\\/www.bbmnoticias.com\\\/fgeo-aprehende-a-presunto-agresor-por-violacion-agravada-violacion-vicaria-y-violencia-familiar-en-valles-centrales\\\/#breadcrumb\",\"itemListElement\":[{\"@type\":\"ListItem\",\"position\":1,\"name\":\"Inicio\",\"item\":\"https:\\\/\\\/www.bbmnoticias.com\\\/labravaradiofm\\\/\"},{\"@type\":\"ListItem\",\"position\":2,\"name\":\"FGEO aprehende a presunto agresor por violaci\u00f3n agravada, violaci\u00f3n vicaria y violencia familiar en Valles Centrales\"}]},{\"@type\":\"WebSite\",\"@id\":\"https:\\\/\\\/www.bbmnoticias.com\\\/labravaradiofm\\\/#website\",\"url\":\"https:\\\/\\\/www.bbmnoticias.com\\\/labravaradiofm\\\/\",\"name\":\"LA BRAVA RADIO\",\"description\":\"Empresa productora de medios, Radiodifusi\u00f3n, Noticias, tendencias y todo lo que necesitas saber de la pol\u00edtica mexicana e internacional; entretenimiento, espect\u00e1culos, salud y mucho m\u00e1s.\",\"potentialAction\":[{\"@type\":\"SearchAction\",\"target\":{\"@type\":\"EntryPoint\",\"urlTemplate\":\"https:\\\/\\\/www.bbmnoticias.com\\\/labravaradiofm\\\/?s={search_term_string}\"},\"query-input\":{\"@type\":\"PropertyValueSpecification\",\"valueRequired\":true,\"valueName\":\"search_term_string\"}}],\"inLanguage\":\"es\"},{\"@type\":\"Person\",\"@id\":\"https:\\\/\\\/www.bbmnoticias.com\\\/labravaradiofm\\\/#\\\/schema\\\/person\\\/68a9e9036ef3c5b55aeb2b71dc8bab45\",\"name\":\"Staff\",\"image\":{\"@type\":\"ImageObject\",\"inLanguage\":\"es\",\"@id\":\"https:\\\/\\\/secure.gravatar.com\\\/avatar\\\/fdd21ad66fd8b98c407f9dee5b5e588cfe7f0d8579ec20fa6527cd59bab7f0f0?s=96&d=mm&r=g\",\"url\":\"https:\\\/\\\/secure.gravatar.com\\\/avatar\\\/fdd21ad66fd8b98c407f9dee5b5e588cfe7f0d8579ec20fa6527cd59bab7f0f0?s=96&d=mm&r=g\",\"contentUrl\":\"https:\\\/\\\/secure.gravatar.com\\\/avatar\\\/fdd21ad66fd8b98c407f9dee5b5e588cfe7f0d8579ec20fa6527cd59bab7f0f0?s=96&d=mm&r=g\",\"caption\":\"Staff\"},\"url\":\"https:\\\/\\\/www.bbmnoticias.com\\\/labravaradiofm\\\/author\\\/redaccion\\\/\"}]}<\/script>\n<!-- \/ Yoast SEO plugin. -->","yoast_head_json":{"title":"FGEO aprehende a presunto agresor por violaci\u00f3n agravada, violaci\u00f3n vicaria y violencia familiar en Valles Centrales - LA BRAVA RADIO","robots":{"index":"index","follow":"follow","max-snippet":"max-snippet:-1","max-image-preview":"max-image-preview:large","max-video-preview":"max-video-preview:-1"},"canonical":"https:\/\/www.bbmnoticias.com\/fgeo-aprehende-a-presunto-agresor-por-violacion-agravada-violacion-vicaria-y-violencia-familiar-en-valles-centrales\/","og_locale":"es_MX","og_type":"article","og_title":"FGEO aprehende a presunto agresor por violaci\u00f3n agravada, violaci\u00f3n vicaria y violencia familiar en Valles Centrales - LA BRAVA RADIO","og_description":"Oaxaca de Ju\u00e1rez, Oax.- La Fiscal\u00eda General del Estado de Oaxaca (FGEO), ejecut\u00f3 una orden de aprehensi\u00f3n que permiti\u00f3 la detenci\u00f3n de una persona del sexo masculino identificada como M.A.N.C., por los delitos de violaci\u00f3n agravada, violaci\u00f3n vicaria y violencia familiar, cometidos en agravio de una mujer ocurrida en el distrito de Etla, en la [&hellip;]","og_url":"https:\/\/www.bbmnoticias.com\/fgeo-aprehende-a-presunto-agresor-por-violacion-agravada-violacion-vicaria-y-violencia-familiar-en-valles-centrales\/","og_site_name":"LA BRAVA RADIO","article_published_time":"2026-03-14T01:15:43+00:00","article_modified_time":"2026-03-14T01:15:46+00:00","og_image":[{"width":999,"height":654,"url":"https:\/\/www.bbmnoticias.com\/labravaradiofm\/wp-content\/uploads\/sites\/5\/2026\/03\/65566565.png","type":"image\/png"}],"author":"Staff","twitter_card":"summary_large_image","twitter_misc":{"Escrito por":"Staff","Tiempo de lectura":"1 minuto"},"schema":{"@context":"https:\/\/schema.org","@graph":[{"@type":"Article","@id":"https:\/\/www.bbmnoticias.com\/fgeo-aprehende-a-presunto-agresor-por-violacion-agravada-violacion-vicaria-y-violencia-familiar-en-valles-centrales\/#article","isPartOf":{"@id":"https:\/\/www.bbmnoticias.com\/labravaradiofm\/2026\/03\/13\/fgeo-aprehende-a-presunto-agresor-por-violacion-agravada-violacion-vicaria-y-violencia-familiar-en-valles-centrales\/"},"author":{"name":"Staff","@id":"https:\/\/www.bbmnoticias.com\/labravaradiofm\/#\/schema\/person\/68a9e9036ef3c5b55aeb2b71dc8bab45"},"headline":"FGEO aprehende a presunto agresor por violaci\u00f3n agravada, violaci\u00f3n vicaria y violencia familiar en Valles Centrales","datePublished":"2026-03-14T01:15:43+00:00","dateModified":"2026-03-14T01:15:46+00:00","mainEntityOfPage":{"@id":"https:\/\/www.bbmnoticias.com\/labravaradiofm\/2026\/03\/13\/fgeo-aprehende-a-presunto-agresor-por-violacion-agravada-violacion-vicaria-y-violencia-familiar-en-valles-centrales\/"},"wordCount":281,"image":{"@id":"https:\/\/www.bbmnoticias.com\/fgeo-aprehende-a-presunto-agresor-por-violacion-agravada-violacion-vicaria-y-violencia-familiar-en-valles-centrales\/#primaryimage"},"thumbnailUrl":"https:\/\/www.bbmnoticias.com\/labravaradiofm\/wp-content\/uploads\/sites\/5\/2026\/03\/65566565.png","articleSection":["LOCAL","POLICIACA"],"inLanguage":"es"},{"@type":"WebPage","@id":"https:\/\/www.bbmnoticias.com\/labravaradiofm\/2026\/03\/13\/fgeo-aprehende-a-presunto-agresor-por-violacion-agravada-violacion-vicaria-y-violencia-familiar-en-valles-centrales\/","url":"https:\/\/www.bbmnoticias.com\/fgeo-aprehende-a-presunto-agresor-por-violacion-agravada-violacion-vicaria-y-violencia-familiar-en-valles-centrales\/","name":"FGEO aprehende a presunto agresor por violaci\u00f3n agravada, violaci\u00f3n vicaria y violencia familiar en Valles Centrales - LA BRAVA RADIO","isPartOf":{"@id":"https:\/\/www.bbmnoticias.com\/labravaradiofm\/#website"},"primaryImageOfPage":{"@id":"https:\/\/www.bbmnoticias.com\/fgeo-aprehende-a-presunto-agresor-por-violacion-agravada-violacion-vicaria-y-violencia-familiar-en-valles-centrales\/#primaryimage"},"image":{"@id":"https:\/\/www.bbmnoticias.com\/fgeo-aprehende-a-presunto-agresor-por-violacion-agravada-violacion-vicaria-y-violencia-familiar-en-valles-centrales\/#primaryimage"},"thumbnailUrl":"https:\/\/www.bbmnoticias.com\/labravaradiofm\/wp-content\/uploads\/sites\/5\/2026\/03\/65566565.png","datePublished":"2026-03-14T01:15:43+00:00","dateModified":"2026-03-14T01:15:46+00:00","author":{"@id":"https:\/\/www.bbmnoticias.com\/labravaradiofm\/#\/schema\/person\/68a9e9036ef3c5b55aeb2b71dc8bab45"},"breadcrumb":{"@id":"https:\/\/www.bbmnoticias.com\/fgeo-aprehende-a-presunto-agresor-por-violacion-agravada-violacion-vicaria-y-violencia-familiar-en-valles-centrales\/#breadcrumb"},"inLanguage":"es","potentialAction":[{"@type":"ReadAction","target":["https:\/\/www.bbmnoticias.com\/fgeo-aprehende-a-presunto-agresor-por-violacion-agravada-violacion-vicaria-y-violencia-familiar-en-valles-centrales\/"]}]},{"@type":"ImageObject","inLanguage":"es","@id":"https:\/\/www.bbmnoticias.com\/fgeo-aprehende-a-presunto-agresor-por-violacion-agravada-violacion-vicaria-y-violencia-familiar-en-valles-centrales\/#primaryimage","url":"https:\/\/www.bbmnoticias.com\/labravaradiofm\/wp-content\/uploads\/sites\/5\/2026\/03\/65566565.png","contentUrl":"https:\/\/www.bbmnoticias.com\/labravaradiofm\/wp-content\/uploads\/sites\/5\/2026\/03\/65566565.png","width":999,"height":654},{"@type":"BreadcrumbList","@id":"https:\/\/www.bbmnoticias.com\/fgeo-aprehende-a-presunto-agresor-por-violacion-agravada-violacion-vicaria-y-violencia-familiar-en-valles-centrales\/#breadcrumb","itemListElement":[{"@type":"ListItem","position":1,"name":"Inicio","item":"https:\/\/www.bbmnoticias.com\/labravaradiofm\/"},{"@type":"ListItem","position":2,"name":"FGEO aprehende a presunto agresor por violaci\u00f3n agravada, violaci\u00f3n vicaria y violencia familiar en Valles Centrales"}]},{"@type":"WebSite","@id":"https:\/\/www.bbmnoticias.com\/labravaradiofm\/#website","url":"https:\/\/www.bbmnoticias.com\/labravaradiofm\/","name":"LA BRAVA RADIO","description":"Empresa productora de medios, Radiodifusi\u00f3n, Noticias, tendencias y todo lo que necesitas saber de la pol\u00edtica mexicana e internacional; entretenimiento, espect\u00e1culos, salud y mucho m\u00e1s.","potentialAction":[{"@type":"SearchAction","target":{"@type":"EntryPoint","urlTemplate":"https:\/\/www.bbmnoticias.com\/labravaradiofm\/?s={search_term_string}"},"query-input":{"@type":"PropertyValueSpecification","valueRequired":true,"valueName":"search_term_string"}}],"inLanguage":"es"},{"@type":"Person","@id":"https:\/\/www.bbmnoticias.com\/labravaradiofm\/#\/schema\/person\/68a9e9036ef3c5b55aeb2b71dc8bab45","name":"Staff","image":{"@type":"ImageObject","inLanguage":"es","@id":"https:\/\/secure.gravatar.com\/avatar\/fdd21ad66fd8b98c407f9dee5b5e588cfe7f0d8579ec20fa6527cd59bab7f0f0?s=96&d=mm&r=g","url":"https:\/\/secure.gravatar.com\/avatar\/fdd21ad66fd8b98c407f9dee5b5e588cfe7f0d8579ec20fa6527cd59bab7f0f0?s=96&d=mm&r=g","contentUrl":"https:\/\/secure.gravatar.com\/avatar\/fdd21ad66fd8b98c407f9dee5b5e588cfe7f0d8579ec20fa6527cd59bab7f0f0?s=96&d=mm&r=g","caption":"Staff"},"url":"https:\/\/www.bbmnoticias.com\/labravaradiofm\/author\/redaccion\/"}]}},"_links":{"self":[{"href":"https:\/\/www.bbmnoticias.com\/labravaradiofm\/wp-json\/wp\/v2\/posts\/75171","targetHints":{"allow":["GET"]}}],"collection":[{"href":"https:\/\/www.bbmnoticias.com\/labravaradiofm\/wp-json\/wp\/v2\/posts"}],"about":[{"href":"https:\/\/www.bbmnoticias.com\/labravaradiofm\/wp-json\/wp\/v2\/types\/post"}],"author":[{"embeddable":true,"href":"https:\/\/www.bbmnoticias.com\/labravaradiofm\/wp-json\/wp\/v2\/users\/2"}],"replies":[{"embeddable":true,"href":"https:\/\/www.bbmnoticias.com\/labravaradiofm\/wp-json\/wp\/v2\/comments?post=75171"}],"version-history":[{"count":1,"href":"https:\/\/www.bbmnoticias.com\/labravaradiofm\/wp-json\/wp\/v2\/posts\/75171\/revisions"}],"predecessor-version":[{"id":75172,"href":"https:\/\/www.bbmnoticias.com\/labravaradiofm\/wp-json\/wp\/v2\/posts\/75171\/revisions\/75172"}],"wp:featuredmedia":[{"embeddable":true,"href":"https:\/\/www.bbmnoticias.com\/labravaradiofm\/wp-json\/wp\/v2\/media\/75173"}],"wp:attachment":[{"href":"https:\/\/www.bbmnoticias.com\/labravaradiofm\/wp-json\/wp\/v2\/media?parent=75171"}],"wp:term":[{"taxonomy":"category","embeddable":true,"href":"https:\/\/www.bbmnoticias.com\/labravaradiofm\/wp-json\/wp\/v2\/categories?post=75171"},{"taxonomy":"post_tag","embeddable":true,"href":"https:\/\/www.bbmnoticias.com\/labravaradiofm\/wp-json\/wp\/v2\/tags?post=75171"}],"curies":[{"name":"wp","href":"https:\/\/api.w.org\/{rel}","templated":true}]}}