{"id":75150,"date":"2026-03-13T12:58:26","date_gmt":"2026-03-13T18:58:26","guid":{"rendered":"https:\/\/www.bbmnoticias.com\/labravaradiofm\/2026\/03\/13\/acabar-con-los-privilegios-da-resultados-claudia-sheinbaum-sobre-plan-b-de-la-reforma-electoral\/"},"modified":"2026-03-13T12:58:29","modified_gmt":"2026-03-13T18:58:29","slug":"acabar-con-los-privilegios-da-resultados-claudia-sheinbaum-sobre-plan-b-de-la-reforma-electoral","status":"publish","type":"post","link":"https:\/\/www.bbmnoticias.com\/labravaradiofm\/2026\/03\/13\/acabar-con-los-privilegios-da-resultados-claudia-sheinbaum-sobre-plan-b-de-la-reforma-electoral\/","title":{"rendered":"\u201cAcabar con los privilegios da resultados\u201d: Claudia Sheinbaum sobre Plan B de la Reforma Electoral"},"content":{"rendered":"<div style=\"margin-top: 0px; margin-bottom: 0px;\" class=\"sharethis-inline-share-buttons\" ><\/div>\n<p>La Presidenta Claudia Sheinbaum Pardo afirm\u00f3 que acabar con los privilegios da resultados y ser un gobierno que se dedica a gobernar y no a la frivolidad ha permitido reducir la pobreza y la violencia en el pa\u00eds, en el marco del env\u00edo del Plan B de la Reforma Electoral, con el que se plantea que los recursos ahorrados en congresos locales se destinen a los estados y municipios.<\/p>\n\n\n\n<p>\u201cLa honestidad da resultados, acabar con los privilegios da resultados, apoyar al que menos tiene da resultados, un gobierno que se dedica a gobernar y no a la frivolidad da resultados, un gobierno que cree en su pueblo da resultados y as\u00ed como se han dado resultados en la disminuci\u00f3n de la pobreza, de igual manera estamos dando resultados en la disminuci\u00f3n de la violencia\u2026Y por eso seguimos insistiendo en que disminuir privilegios, que el gobierno est\u00e9 en la justa median\u00eda, que no haya gobierno rico con pueblo pobre, va a seguir dando resultados\u201d, expres\u00f3 desde la conferencia matutina \u201cLas ma\u00f1aneras del pueblo\u201d, que se realiz\u00f3 este viernes desde el estado de Colima.<\/p>\n\n\n\n<h2 class=\"wp-block-heading\">Claudia Sheinbaum destaca apoyos para Colima<\/h2>\n\n\n\n<p>La presidenta Claudia Sheinbaum Pardo destac\u00f3 que la entidad estar\u00e1 recibiendo m\u00e1s de 10 mil millones de pesos en obras de infraestructura, en agua y caminos.&nbsp;<\/p>\n\n\n\n<p>En la conferencia en las instalaciones de la Sexta Regi\u00f3n Naval, afirm\u00f3 que esta inversi\u00f3n es hist\u00f3rica.<\/p>\n\n\n\n<p>\u201cColima recibe, adem\u00e1s de las aportaciones de ley del gobierno de M\u00e9xico, de los recursos federales, 6 mil 52 millones de pesos en programas de bienestar, y como lo hemos se\u00f1alado, entre 2025 y 2026 se estar\u00e1 recibiendo m\u00e1s de 10 mil millones de pesos en obras de infraestructura, en agua y caminos\u201d, asegur\u00f3.<\/p>\n\n\n\n<p>\u201cEs una inversi\u00f3n hist\u00f3rica para Colima, adem\u00e1s de lo que ustedes ya conocen, que son las obras relacionadas con el puerto de Manzanillo, que son fundamentales\u201d, destac\u00f3<\/p>\n\n\n\n<p>La titular del Ejecutivo Federal coment\u00f3 que \u201ces una inversi\u00f3n muy importante para Colima, y, pues, estamos muy contentos de estar aqu\u00ed para poderlo anunciar\u201d.<\/p>\n\n\n\n<p>Con informaci\u00f3n de&nbsp;Noem\u00ed Guti\u00e9rrez y Carlos Navarro.<\/p>\n","protected":false},"excerpt":{"rendered":"<p>La Presidenta Claudia Sheinbaum Pardo afirm\u00f3 que acabar con los privilegios da resultados y ser un gobierno que se dedica a gobernar y no a la frivolidad ha permitido reducir la pobreza y la violencia en el pa\u00eds, en el marco del env\u00edo del Plan B de la Reforma Electoral, con el que se plantea [&hellip;]<\/p>\n","protected":false},"author":15,"featured_media":75152,"comment_status":"closed","ping_status":"open","sticky":false,"template":"","format":"standard","meta":{"footnotes":""},"categories":[2,19],"tags":[],"class_list":{"0":"post-75150","1":"post","2":"type-post","3":"status-publish","4":"format-standard","5":"has-post-thumbnail","7":"category-oaxaca","8":"category-nacional"},"yoast_head":"<!-- This site is optimized with the Yoast SEO plugin v27.4 - https:\/\/yoast.com\/product\/yoast-seo-wordpress\/ -->\n<title>\u201cAcabar con los privilegios da resultados\u201d: Claudia Sheinbaum sobre Plan B de la Reforma Electoral - LA BRAVA RADIO<\/title>\n<meta name=\"robots\" content=\"index, follow, max-snippet:-1, max-image-preview:large, max-video-preview:-1\" \/>\n<link rel=\"canonical\" href=\"https:\/\/www.bbmnoticias.com\/acabar-con-los-privilegios-da-resultados-claudia-sheinbaum-sobre-plan-b-de-la-reforma-electoral\/\" \/>\n<meta property=\"og:locale\" content=\"es_MX\" \/>\n<meta property=\"og:type\" content=\"article\" \/>\n<meta property=\"og:title\" content=\"\u201cAcabar con los privilegios da resultados\u201d: Claudia Sheinbaum sobre Plan B de la Reforma Electoral - LA BRAVA RADIO\" \/>\n<meta property=\"og:description\" content=\"La Presidenta Claudia Sheinbaum Pardo afirm\u00f3 que acabar con los privilegios da resultados y ser un gobierno que se dedica a gobernar y no a la frivolidad ha permitido reducir la pobreza y la violencia en el pa\u00eds, en el marco del env\u00edo del Plan B de la Reforma Electoral, con el que se plantea [&hellip;]\" \/>\n<meta property=\"og:url\" content=\"https:\/\/www.bbmnoticias.com\/acabar-con-los-privilegios-da-resultados-claudia-sheinbaum-sobre-plan-b-de-la-reforma-electoral\/\" \/>\n<meta property=\"og:site_name\" content=\"LA BRAVA RADIO\" \/>\n<meta property=\"article:published_time\" content=\"2026-03-13T18:58:26+00:00\" \/>\n<meta property=\"article:modified_time\" content=\"2026-03-13T18:58:29+00:00\" \/>\n<meta property=\"og:image\" content=\"https:\/\/www.bbmnoticias.com\/labravaradiofm\/wp-content\/uploads\/sites\/5\/2026\/03\/34683_.0000000.jpg\" \/>\n\t<meta property=\"og:image:width\" content=\"640\" \/>\n\t<meta property=\"og:image:height\" content=\"360\" \/>\n\t<meta property=\"og:image:type\" content=\"image\/jpeg\" \/>\n<meta name=\"author\" content=\"El Heraldo\" \/>\n<meta name=\"twitter:card\" content=\"summary_large_image\" \/>\n<meta name=\"twitter:label1\" content=\"Escrito por\" \/>\n\t<meta name=\"twitter:data1\" content=\"El Heraldo\" \/>\n\t<meta name=\"twitter:label2\" content=\"Tiempo de lectura\" \/>\n\t<meta name=\"twitter:data2\" content=\"2 minutos\" \/>\n<script type=\"application\/ld+json\" class=\"yoast-schema-graph\">{\"@context\":\"https:\\\/\\\/schema.org\",\"@graph\":[{\"@type\":\"Article\",\"@id\":\"https:\\\/\\\/www.bbmnoticias.com\\\/acabar-con-los-privilegios-da-resultados-claudia-sheinbaum-sobre-plan-b-de-la-reforma-electoral\\\/#article\",\"isPartOf\":{\"@id\":\"https:\\\/\\\/www.bbmnoticias.com\\\/labravaradiofm\\\/2026\\\/03\\\/13\\\/acabar-con-los-privilegios-da-resultados-claudia-sheinbaum-sobre-plan-b-de-la-reforma-electoral\\\/\"},\"author\":{\"name\":\"El Heraldo\",\"@id\":\"https:\\\/\\\/www.bbmnoticias.com\\\/labravaradiofm\\\/#\\\/schema\\\/person\\\/78ff63fb371c799850071f4b5feb0b7a\"},\"headline\":\"\u201cAcabar con los privilegios da resultados\u201d: Claudia Sheinbaum sobre Plan B de la Reforma Electoral\",\"datePublished\":\"2026-03-13T18:58:26+00:00\",\"dateModified\":\"2026-03-13T18:58:29+00:00\",\"mainEntityOfPage\":{\"@id\":\"https:\\\/\\\/www.bbmnoticias.com\\\/labravaradiofm\\\/2026\\\/03\\\/13\\\/acabar-con-los-privilegios-da-resultados-claudia-sheinbaum-sobre-plan-b-de-la-reforma-electoral\\\/\"},\"wordCount\":377,\"image\":{\"@id\":\"https:\\\/\\\/www.bbmnoticias.com\\\/acabar-con-los-privilegios-da-resultados-claudia-sheinbaum-sobre-plan-b-de-la-reforma-electoral\\\/#primaryimage\"},\"thumbnailUrl\":\"https:\\\/\\\/www.bbmnoticias.com\\\/labravaradiofm\\\/wp-content\\\/uploads\\\/sites\\\/5\\\/2026\\\/03\\\/34683_.0000000.jpg\",\"articleSection\":[\"LOCAL\",\"NACIONAL\"],\"inLanguage\":\"es\"},{\"@type\":\"WebPage\",\"@id\":\"https:\\\/\\\/www.bbmnoticias.com\\\/labravaradiofm\\\/2026\\\/03\\\/13\\\/acabar-con-los-privilegios-da-resultados-claudia-sheinbaum-sobre-plan-b-de-la-reforma-electoral\\\/\",\"url\":\"https:\\\/\\\/www.bbmnoticias.com\\\/acabar-con-los-privilegios-da-resultados-claudia-sheinbaum-sobre-plan-b-de-la-reforma-electoral\\\/\",\"name\":\"\u201cAcabar con los privilegios da resultados\u201d: Claudia Sheinbaum sobre Plan B de la Reforma Electoral - LA BRAVA RADIO\",\"isPartOf\":{\"@id\":\"https:\\\/\\\/www.bbmnoticias.com\\\/labravaradiofm\\\/#website\"},\"primaryImageOfPage\":{\"@id\":\"https:\\\/\\\/www.bbmnoticias.com\\\/acabar-con-los-privilegios-da-resultados-claudia-sheinbaum-sobre-plan-b-de-la-reforma-electoral\\\/#primaryimage\"},\"image\":{\"@id\":\"https:\\\/\\\/www.bbmnoticias.com\\\/acabar-con-los-privilegios-da-resultados-claudia-sheinbaum-sobre-plan-b-de-la-reforma-electoral\\\/#primaryimage\"},\"thumbnailUrl\":\"https:\\\/\\\/www.bbmnoticias.com\\\/labravaradiofm\\\/wp-content\\\/uploads\\\/sites\\\/5\\\/2026\\\/03\\\/34683_.0000000.jpg\",\"datePublished\":\"2026-03-13T18:58:26+00:00\",\"dateModified\":\"2026-03-13T18:58:29+00:00\",\"author\":{\"@id\":\"https:\\\/\\\/www.bbmnoticias.com\\\/labravaradiofm\\\/#\\\/schema\\\/person\\\/78ff63fb371c799850071f4b5feb0b7a\"},\"breadcrumb\":{\"@id\":\"https:\\\/\\\/www.bbmnoticias.com\\\/acabar-con-los-privilegios-da-resultados-claudia-sheinbaum-sobre-plan-b-de-la-reforma-electoral\\\/#breadcrumb\"},\"inLanguage\":\"es\",\"potentialAction\":[{\"@type\":\"ReadAction\",\"target\":[\"https:\\\/\\\/www.bbmnoticias.com\\\/acabar-con-los-privilegios-da-resultados-claudia-sheinbaum-sobre-plan-b-de-la-reforma-electoral\\\/\"]}]},{\"@type\":\"ImageObject\",\"inLanguage\":\"es\",\"@id\":\"https:\\\/\\\/www.bbmnoticias.com\\\/acabar-con-los-privilegios-da-resultados-claudia-sheinbaum-sobre-plan-b-de-la-reforma-electoral\\\/#primaryimage\",\"url\":\"https:\\\/\\\/www.bbmnoticias.com\\\/labravaradiofm\\\/wp-content\\\/uploads\\\/sites\\\/5\\\/2026\\\/03\\\/34683_.0000000.jpg\",\"contentUrl\":\"https:\\\/\\\/www.bbmnoticias.com\\\/labravaradiofm\\\/wp-content\\\/uploads\\\/sites\\\/5\\\/2026\\\/03\\\/34683_.0000000.jpg\",\"width\":640,\"height\":360},{\"@type\":\"BreadcrumbList\",\"@id\":\"https:\\\/\\\/www.bbmnoticias.com\\\/acabar-con-los-privilegios-da-resultados-claudia-sheinbaum-sobre-plan-b-de-la-reforma-electoral\\\/#breadcrumb\",\"itemListElement\":[{\"@type\":\"ListItem\",\"position\":1,\"name\":\"Inicio\",\"item\":\"https:\\\/\\\/www.bbmnoticias.com\\\/labravaradiofm\\\/\"},{\"@type\":\"ListItem\",\"position\":2,\"name\":\"\u201cAcabar con los privilegios da resultados\u201d: Claudia Sheinbaum sobre Plan B de la Reforma Electoral\"}]},{\"@type\":\"WebSite\",\"@id\":\"https:\\\/\\\/www.bbmnoticias.com\\\/labravaradiofm\\\/#website\",\"url\":\"https:\\\/\\\/www.bbmnoticias.com\\\/labravaradiofm\\\/\",\"name\":\"LA BRAVA RADIO\",\"description\":\"Empresa productora de medios, Radiodifusi\u00f3n, Noticias, tendencias y todo lo que necesitas saber de la pol\u00edtica mexicana e internacional; entretenimiento, espect\u00e1culos, salud y mucho m\u00e1s.\",\"potentialAction\":[{\"@type\":\"SearchAction\",\"target\":{\"@type\":\"EntryPoint\",\"urlTemplate\":\"https:\\\/\\\/www.bbmnoticias.com\\\/labravaradiofm\\\/?s={search_term_string}\"},\"query-input\":{\"@type\":\"PropertyValueSpecification\",\"valueRequired\":true,\"valueName\":\"search_term_string\"}}],\"inLanguage\":\"es\"},{\"@type\":\"Person\",\"@id\":\"https:\\\/\\\/www.bbmnoticias.com\\\/labravaradiofm\\\/#\\\/schema\\\/person\\\/78ff63fb371c799850071f4b5feb0b7a\",\"name\":\"El Heraldo\",\"image\":{\"@type\":\"ImageObject\",\"inLanguage\":\"es\",\"@id\":\"https:\\\/\\\/secure.gravatar.com\\\/avatar\\\/463017be041288b5a196814ef7242bd62699b857f306e4b5b61b533e8a87f404?s=96&d=mm&r=g\",\"url\":\"https:\\\/\\\/secure.gravatar.com\\\/avatar\\\/463017be041288b5a196814ef7242bd62699b857f306e4b5b61b533e8a87f404?s=96&d=mm&r=g\",\"contentUrl\":\"https:\\\/\\\/secure.gravatar.com\\\/avatar\\\/463017be041288b5a196814ef7242bd62699b857f306e4b5b61b533e8a87f404?s=96&d=mm&r=g\",\"caption\":\"El Heraldo\"},\"url\":\"https:\\\/\\\/www.bbmnoticias.com\\\/labravaradiofm\\\/author\\\/heraldo\\\/\"}]}<\/script>\n<!-- \/ Yoast SEO plugin. -->","yoast_head_json":{"title":"\u201cAcabar con los privilegios da resultados\u201d: Claudia Sheinbaum sobre Plan B de la Reforma Electoral - LA BRAVA RADIO","robots":{"index":"index","follow":"follow","max-snippet":"max-snippet:-1","max-image-preview":"max-image-preview:large","max-video-preview":"max-video-preview:-1"},"canonical":"https:\/\/www.bbmnoticias.com\/acabar-con-los-privilegios-da-resultados-claudia-sheinbaum-sobre-plan-b-de-la-reforma-electoral\/","og_locale":"es_MX","og_type":"article","og_title":"\u201cAcabar con los privilegios da resultados\u201d: Claudia Sheinbaum sobre Plan B de la Reforma Electoral - LA BRAVA RADIO","og_description":"La Presidenta Claudia Sheinbaum Pardo afirm\u00f3 que acabar con los privilegios da resultados y ser un gobierno que se dedica a gobernar y no a la frivolidad ha permitido reducir la pobreza y la violencia en el pa\u00eds, en el marco del env\u00edo del Plan B de la Reforma Electoral, con el que se plantea [&hellip;]","og_url":"https:\/\/www.bbmnoticias.com\/acabar-con-los-privilegios-da-resultados-claudia-sheinbaum-sobre-plan-b-de-la-reforma-electoral\/","og_site_name":"LA BRAVA RADIO","article_published_time":"2026-03-13T18:58:26+00:00","article_modified_time":"2026-03-13T18:58:29+00:00","og_image":[{"width":640,"height":360,"url":"https:\/\/www.bbmnoticias.com\/labravaradiofm\/wp-content\/uploads\/sites\/5\/2026\/03\/34683_.0000000.jpg","type":"image\/jpeg"}],"author":"El Heraldo","twitter_card":"summary_large_image","twitter_misc":{"Escrito por":"El Heraldo","Tiempo de lectura":"2 minutos"},"schema":{"@context":"https:\/\/schema.org","@graph":[{"@type":"Article","@id":"https:\/\/www.bbmnoticias.com\/acabar-con-los-privilegios-da-resultados-claudia-sheinbaum-sobre-plan-b-de-la-reforma-electoral\/#article","isPartOf":{"@id":"https:\/\/www.bbmnoticias.com\/labravaradiofm\/2026\/03\/13\/acabar-con-los-privilegios-da-resultados-claudia-sheinbaum-sobre-plan-b-de-la-reforma-electoral\/"},"author":{"name":"El Heraldo","@id":"https:\/\/www.bbmnoticias.com\/labravaradiofm\/#\/schema\/person\/78ff63fb371c799850071f4b5feb0b7a"},"headline":"\u201cAcabar con los privilegios da resultados\u201d: Claudia Sheinbaum sobre Plan B de la Reforma Electoral","datePublished":"2026-03-13T18:58:26+00:00","dateModified":"2026-03-13T18:58:29+00:00","mainEntityOfPage":{"@id":"https:\/\/www.bbmnoticias.com\/labravaradiofm\/2026\/03\/13\/acabar-con-los-privilegios-da-resultados-claudia-sheinbaum-sobre-plan-b-de-la-reforma-electoral\/"},"wordCount":377,"image":{"@id":"https:\/\/www.bbmnoticias.com\/acabar-con-los-privilegios-da-resultados-claudia-sheinbaum-sobre-plan-b-de-la-reforma-electoral\/#primaryimage"},"thumbnailUrl":"https:\/\/www.bbmnoticias.com\/labravaradiofm\/wp-content\/uploads\/sites\/5\/2026\/03\/34683_.0000000.jpg","articleSection":["LOCAL","NACIONAL"],"inLanguage":"es"},{"@type":"WebPage","@id":"https:\/\/www.bbmnoticias.com\/labravaradiofm\/2026\/03\/13\/acabar-con-los-privilegios-da-resultados-claudia-sheinbaum-sobre-plan-b-de-la-reforma-electoral\/","url":"https:\/\/www.bbmnoticias.com\/acabar-con-los-privilegios-da-resultados-claudia-sheinbaum-sobre-plan-b-de-la-reforma-electoral\/","name":"\u201cAcabar con los privilegios da resultados\u201d: Claudia Sheinbaum sobre Plan B de la Reforma Electoral - LA BRAVA RADIO","isPartOf":{"@id":"https:\/\/www.bbmnoticias.com\/labravaradiofm\/#website"},"primaryImageOfPage":{"@id":"https:\/\/www.bbmnoticias.com\/acabar-con-los-privilegios-da-resultados-claudia-sheinbaum-sobre-plan-b-de-la-reforma-electoral\/#primaryimage"},"image":{"@id":"https:\/\/www.bbmnoticias.com\/acabar-con-los-privilegios-da-resultados-claudia-sheinbaum-sobre-plan-b-de-la-reforma-electoral\/#primaryimage"},"thumbnailUrl":"https:\/\/www.bbmnoticias.com\/labravaradiofm\/wp-content\/uploads\/sites\/5\/2026\/03\/34683_.0000000.jpg","datePublished":"2026-03-13T18:58:26+00:00","dateModified":"2026-03-13T18:58:29+00:00","author":{"@id":"https:\/\/www.bbmnoticias.com\/labravaradiofm\/#\/schema\/person\/78ff63fb371c799850071f4b5feb0b7a"},"breadcrumb":{"@id":"https:\/\/www.bbmnoticias.com\/acabar-con-los-privilegios-da-resultados-claudia-sheinbaum-sobre-plan-b-de-la-reforma-electoral\/#breadcrumb"},"inLanguage":"es","potentialAction":[{"@type":"ReadAction","target":["https:\/\/www.bbmnoticias.com\/acabar-con-los-privilegios-da-resultados-claudia-sheinbaum-sobre-plan-b-de-la-reforma-electoral\/"]}]},{"@type":"ImageObject","inLanguage":"es","@id":"https:\/\/www.bbmnoticias.com\/acabar-con-los-privilegios-da-resultados-claudia-sheinbaum-sobre-plan-b-de-la-reforma-electoral\/#primaryimage","url":"https:\/\/www.bbmnoticias.com\/labravaradiofm\/wp-content\/uploads\/sites\/5\/2026\/03\/34683_.0000000.jpg","contentUrl":"https:\/\/www.bbmnoticias.com\/labravaradiofm\/wp-content\/uploads\/sites\/5\/2026\/03\/34683_.0000000.jpg","width":640,"height":360},{"@type":"BreadcrumbList","@id":"https:\/\/www.bbmnoticias.com\/acabar-con-los-privilegios-da-resultados-claudia-sheinbaum-sobre-plan-b-de-la-reforma-electoral\/#breadcrumb","itemListElement":[{"@type":"ListItem","position":1,"name":"Inicio","item":"https:\/\/www.bbmnoticias.com\/labravaradiofm\/"},{"@type":"ListItem","position":2,"name":"\u201cAcabar con los privilegios da resultados\u201d: Claudia Sheinbaum sobre Plan B de la Reforma Electoral"}]},{"@type":"WebSite","@id":"https:\/\/www.bbmnoticias.com\/labravaradiofm\/#website","url":"https:\/\/www.bbmnoticias.com\/labravaradiofm\/","name":"LA BRAVA RADIO","description":"Empresa productora de medios, Radiodifusi\u00f3n, Noticias, tendencias y todo lo que necesitas saber de la pol\u00edtica mexicana e internacional; entretenimiento, espect\u00e1culos, salud y mucho m\u00e1s.","potentialAction":[{"@type":"SearchAction","target":{"@type":"EntryPoint","urlTemplate":"https:\/\/www.bbmnoticias.com\/labravaradiofm\/?s={search_term_string}"},"query-input":{"@type":"PropertyValueSpecification","valueRequired":true,"valueName":"search_term_string"}}],"inLanguage":"es"},{"@type":"Person","@id":"https:\/\/www.bbmnoticias.com\/labravaradiofm\/#\/schema\/person\/78ff63fb371c799850071f4b5feb0b7a","name":"El Heraldo","image":{"@type":"ImageObject","inLanguage":"es","@id":"https:\/\/secure.gravatar.com\/avatar\/463017be041288b5a196814ef7242bd62699b857f306e4b5b61b533e8a87f404?s=96&d=mm&r=g","url":"https:\/\/secure.gravatar.com\/avatar\/463017be041288b5a196814ef7242bd62699b857f306e4b5b61b533e8a87f404?s=96&d=mm&r=g","contentUrl":"https:\/\/secure.gravatar.com\/avatar\/463017be041288b5a196814ef7242bd62699b857f306e4b5b61b533e8a87f404?s=96&d=mm&r=g","caption":"El Heraldo"},"url":"https:\/\/www.bbmnoticias.com\/labravaradiofm\/author\/heraldo\/"}]}},"_links":{"self":[{"href":"https:\/\/www.bbmnoticias.com\/labravaradiofm\/wp-json\/wp\/v2\/posts\/75150","targetHints":{"allow":["GET"]}}],"collection":[{"href":"https:\/\/www.bbmnoticias.com\/labravaradiofm\/wp-json\/wp\/v2\/posts"}],"about":[{"href":"https:\/\/www.bbmnoticias.com\/labravaradiofm\/wp-json\/wp\/v2\/types\/post"}],"author":[{"embeddable":true,"href":"https:\/\/www.bbmnoticias.com\/labravaradiofm\/wp-json\/wp\/v2\/users\/15"}],"replies":[{"embeddable":true,"href":"https:\/\/www.bbmnoticias.com\/labravaradiofm\/wp-json\/wp\/v2\/comments?post=75150"}],"version-history":[{"count":1,"href":"https:\/\/www.bbmnoticias.com\/labravaradiofm\/wp-json\/wp\/v2\/posts\/75150\/revisions"}],"predecessor-version":[{"id":75151,"href":"https:\/\/www.bbmnoticias.com\/labravaradiofm\/wp-json\/wp\/v2\/posts\/75150\/revisions\/75151"}],"wp:featuredmedia":[{"embeddable":true,"href":"https:\/\/www.bbmnoticias.com\/labravaradiofm\/wp-json\/wp\/v2\/media\/75152"}],"wp:attachment":[{"href":"https:\/\/www.bbmnoticias.com\/labravaradiofm\/wp-json\/wp\/v2\/media?parent=75150"}],"wp:term":[{"taxonomy":"category","embeddable":true,"href":"https:\/\/www.bbmnoticias.com\/labravaradiofm\/wp-json\/wp\/v2\/categories?post=75150"},{"taxonomy":"post_tag","embeddable":true,"href":"https:\/\/www.bbmnoticias.com\/labravaradiofm\/wp-json\/wp\/v2\/tags?post=75150"}],"curies":[{"name":"wp","href":"https:\/\/api.w.org\/{rel}","templated":true}]}}