{"id":75144,"date":"2026-03-13T10:54:58","date_gmt":"2026-03-13T16:54:58","guid":{"rendered":"https:\/\/www.bbmnoticias.com\/labravaradiofm\/2026\/03\/13\/mexico-colombia-y-brasil-piden-cese-al-fuego-inmediato-en-medio-oriente-y-ofrecen-apoyo-para-una-salida-diplomatica\/"},"modified":"2026-03-13T10:55:18","modified_gmt":"2026-03-13T16:55:18","slug":"mexico-colombia-y-brasil-piden-cese-al-fuego-inmediato-en-medio-oriente-y-ofrecen-apoyo-para-una-salida-diplomatica","status":"publish","type":"post","link":"https:\/\/www.bbmnoticias.com\/labravaradiofm\/2026\/03\/13\/mexico-colombia-y-brasil-piden-cese-al-fuego-inmediato-en-medio-oriente-y-ofrecen-apoyo-para-una-salida-diplomatica\/","title":{"rendered":"M\u00e9xico, Colombia y Brasil piden cese al fuego inmediato en Medio Oriente y ofrecen apoyo para una salida diplom\u00e1tica"},"content":{"rendered":"<div style=\"margin-top: 0px; margin-bottom: 0px;\" class=\"sharethis-inline-share-buttons\" ><\/div>\n<p>En la conferencia en las instalaciones de la Sexta Regi\u00f3n Naval, la presidenta Claudia Sheinbaum Pardo se\u00f1al\u00f3 que tras el di\u00e1logo con sus hom\u00f3logos de Colombia, Gustavo Petro, y de Brasil, Luiz In\u00e1cio Lula da Silva, se logr\u00f3 un consenso sobre el tema.<\/p>\n\n\n\n<p>Ley\u00f3 el comunicado que se\u00f1ala que tambi\u00e9n ofrecen apoyo para una salida diplom\u00e1tica.<\/p>\n\n\n\n<p>\u201cLos Estados Unidos Mexicanos, la Rep\u00fablica de Colombia y la Rep\u00fablica Federativa de Brasil, reiteran la necesidad de que las diferencias entre Estados se resuelvan mediante la diplomacia internacional, en consonancia con los principios de la soluci\u00f3n pac\u00edfica de las controversias\u201d, ley\u00f3.<\/p>\n\n\n\n<p>A\u00f1adi\u00f3 que \u201cen este sentido, consideramos indispensable que en el actual conflicto en Medio Oriente se declare un cese al fuego inmediato, para abrir espacios efectivos al di\u00e1logo y la negociaci\u00f3n.\u201d<\/p>\n\n\n\n<p>Agreg\u00f3 que los tres pa\u00edses expresan la disposici\u00f3n de contribuir a los procesos de paz que generen confianza, para avanzar hacia una salida pol\u00edtica y negociada del conflicto.<\/p>\n\n\n\n<h2 class=\"wp-block-heading\">Comunicado SRE:&nbsp;M\u00e9xico, Colombia y Brasil piden cese al fuego inmediato en Medio Oriente y ofrecen apoyo para una salida diplom\u00e1tica<\/h2>\n\n\n\n<p>Los Estados Unidos Mexicanos, la Rep\u00fablica de Colombia y la Rep\u00fablica Federativa de Brasil, reiteran la necesidad de que las diferencias entre Estados se resuelvan mediante la diplomacia internacional, en consonancia con los principios de la soluci\u00f3n pac\u00edfica de las controversias.<\/p>\n\n\n\n<p>En este sentido, consideramos indispensable que en el actual conflicto en Medio Oriente se declare un cese al fuego inmediato, para abrir espacios efectivos al di\u00e1logo y la negociaci\u00f3n.&nbsp;<\/p>\n\n\n\n<p>Expresamos nuestra disposici\u00f3n de contribuir a los procesos de paz que generen confianza, para avanzar hacia una salida pol\u00edtica y negociada del conflicto.<\/p>\n\n\n\n<p><\/p>\n","protected":false},"excerpt":{"rendered":"<p>En la conferencia en las instalaciones de la Sexta Regi\u00f3n Naval, la presidenta Claudia Sheinbaum Pardo se\u00f1al\u00f3 que tras el di\u00e1logo con sus hom\u00f3logos de Colombia, Gustavo Petro, y de Brasil, Luiz In\u00e1cio Lula da Silva, se logr\u00f3 un consenso sobre el tema. Ley\u00f3 el comunicado que se\u00f1ala que tambi\u00e9n ofrecen apoyo para una salida [&hellip;]<\/p>\n","protected":false},"author":15,"featured_media":75146,"comment_status":"closed","ping_status":"open","sticky":false,"template":"","format":"standard","meta":{"footnotes":""},"categories":[2,19],"tags":[],"class_list":{"0":"post-75144","1":"post","2":"type-post","3":"status-publish","4":"format-standard","5":"has-post-thumbnail","7":"category-oaxaca","8":"category-nacional"},"yoast_head":"<!-- This site is optimized with the Yoast SEO plugin v27.4 - https:\/\/yoast.com\/product\/yoast-seo-wordpress\/ -->\n<title>M\u00e9xico, Colombia y Brasil piden cese al fuego inmediato en Medio Oriente y ofrecen apoyo para una salida diplom\u00e1tica - LA BRAVA RADIO<\/title>\n<meta name=\"robots\" content=\"index, follow, max-snippet:-1, max-image-preview:large, max-video-preview:-1\" \/>\n<link rel=\"canonical\" href=\"https:\/\/www.bbmnoticias.com\/mexico-colombia-y-brasil-piden-cese-al-fuego-inmediato-en-medio-oriente-y-ofrecen-apoyo-para-una-salida-diplomatica\/\" \/>\n<meta property=\"og:locale\" content=\"es_MX\" \/>\n<meta property=\"og:type\" content=\"article\" \/>\n<meta property=\"og:title\" content=\"M\u00e9xico, Colombia y Brasil piden cese al fuego inmediato en Medio Oriente y ofrecen apoyo para una salida diplom\u00e1tica - LA BRAVA RADIO\" \/>\n<meta property=\"og:description\" content=\"En la conferencia en las instalaciones de la Sexta Regi\u00f3n Naval, la presidenta Claudia Sheinbaum Pardo se\u00f1al\u00f3 que tras el di\u00e1logo con sus hom\u00f3logos de Colombia, Gustavo Petro, y de Brasil, Luiz In\u00e1cio Lula da Silva, se logr\u00f3 un consenso sobre el tema. Ley\u00f3 el comunicado que se\u00f1ala que tambi\u00e9n ofrecen apoyo para una salida [&hellip;]\" \/>\n<meta property=\"og:url\" content=\"https:\/\/www.bbmnoticias.com\/mexico-colombia-y-brasil-piden-cese-al-fuego-inmediato-en-medio-oriente-y-ofrecen-apoyo-para-una-salida-diplomatica\/\" \/>\n<meta property=\"og:site_name\" content=\"LA BRAVA RADIO\" \/>\n<meta property=\"article:published_time\" content=\"2026-03-13T16:54:58+00:00\" \/>\n<meta property=\"article:modified_time\" content=\"2026-03-13T16:55:18+00:00\" \/>\n<meta property=\"og:image\" content=\"https:\/\/www.bbmnoticias.com\/labravaradiofm\/wp-content\/uploads\/sites\/5\/2026\/03\/f848x477-1258247_1316050_5050.jpg\" \/>\n\t<meta property=\"og:image:width\" content=\"848\" \/>\n\t<meta property=\"og:image:height\" content=\"477\" \/>\n\t<meta property=\"og:image:type\" content=\"image\/jpeg\" \/>\n<meta name=\"author\" content=\"El Heraldo\" \/>\n<meta name=\"twitter:card\" content=\"summary_large_image\" \/>\n<meta name=\"twitter:label1\" content=\"Escrito por\" \/>\n\t<meta name=\"twitter:data1\" content=\"El Heraldo\" \/>\n\t<meta name=\"twitter:label2\" content=\"Tiempo de lectura\" \/>\n\t<meta name=\"twitter:data2\" content=\"2 minutos\" \/>\n<script type=\"application\/ld+json\" class=\"yoast-schema-graph\">{\"@context\":\"https:\\\/\\\/schema.org\",\"@graph\":[{\"@type\":\"Article\",\"@id\":\"https:\\\/\\\/www.bbmnoticias.com\\\/mexico-colombia-y-brasil-piden-cese-al-fuego-inmediato-en-medio-oriente-y-ofrecen-apoyo-para-una-salida-diplomatica\\\/#article\",\"isPartOf\":{\"@id\":\"https:\\\/\\\/www.bbmnoticias.com\\\/labravaradiofm\\\/2026\\\/03\\\/13\\\/mexico-colombia-y-brasil-piden-cese-al-fuego-inmediato-en-medio-oriente-y-ofrecen-apoyo-para-una-salida-diplomatica\\\/\"},\"author\":{\"name\":\"El Heraldo\",\"@id\":\"https:\\\/\\\/www.bbmnoticias.com\\\/labravaradiofm\\\/#\\\/schema\\\/person\\\/78ff63fb371c799850071f4b5feb0b7a\"},\"headline\":\"M\u00e9xico, Colombia y Brasil piden cese al fuego inmediato en Medio Oriente y ofrecen apoyo para una salida diplom\u00e1tica\",\"datePublished\":\"2026-03-13T16:54:58+00:00\",\"dateModified\":\"2026-03-13T16:55:18+00:00\",\"mainEntityOfPage\":{\"@id\":\"https:\\\/\\\/www.bbmnoticias.com\\\/labravaradiofm\\\/2026\\\/03\\\/13\\\/mexico-colombia-y-brasil-piden-cese-al-fuego-inmediato-en-medio-oriente-y-ofrecen-apoyo-para-una-salida-diplomatica\\\/\"},\"wordCount\":322,\"image\":{\"@id\":\"https:\\\/\\\/www.bbmnoticias.com\\\/mexico-colombia-y-brasil-piden-cese-al-fuego-inmediato-en-medio-oriente-y-ofrecen-apoyo-para-una-salida-diplomatica\\\/#primaryimage\"},\"thumbnailUrl\":\"https:\\\/\\\/www.bbmnoticias.com\\\/labravaradiofm\\\/wp-content\\\/uploads\\\/sites\\\/5\\\/2026\\\/03\\\/f848x477-1258247_1316050_5050.jpg\",\"articleSection\":[\"LOCAL\",\"NACIONAL\"],\"inLanguage\":\"es\"},{\"@type\":\"WebPage\",\"@id\":\"https:\\\/\\\/www.bbmnoticias.com\\\/labravaradiofm\\\/2026\\\/03\\\/13\\\/mexico-colombia-y-brasil-piden-cese-al-fuego-inmediato-en-medio-oriente-y-ofrecen-apoyo-para-una-salida-diplomatica\\\/\",\"url\":\"https:\\\/\\\/www.bbmnoticias.com\\\/mexico-colombia-y-brasil-piden-cese-al-fuego-inmediato-en-medio-oriente-y-ofrecen-apoyo-para-una-salida-diplomatica\\\/\",\"name\":\"M\u00e9xico, Colombia y Brasil piden cese al fuego inmediato en Medio Oriente y ofrecen apoyo para una salida diplom\u00e1tica - LA BRAVA RADIO\",\"isPartOf\":{\"@id\":\"https:\\\/\\\/www.bbmnoticias.com\\\/labravaradiofm\\\/#website\"},\"primaryImageOfPage\":{\"@id\":\"https:\\\/\\\/www.bbmnoticias.com\\\/mexico-colombia-y-brasil-piden-cese-al-fuego-inmediato-en-medio-oriente-y-ofrecen-apoyo-para-una-salida-diplomatica\\\/#primaryimage\"},\"image\":{\"@id\":\"https:\\\/\\\/www.bbmnoticias.com\\\/mexico-colombia-y-brasil-piden-cese-al-fuego-inmediato-en-medio-oriente-y-ofrecen-apoyo-para-una-salida-diplomatica\\\/#primaryimage\"},\"thumbnailUrl\":\"https:\\\/\\\/www.bbmnoticias.com\\\/labravaradiofm\\\/wp-content\\\/uploads\\\/sites\\\/5\\\/2026\\\/03\\\/f848x477-1258247_1316050_5050.jpg\",\"datePublished\":\"2026-03-13T16:54:58+00:00\",\"dateModified\":\"2026-03-13T16:55:18+00:00\",\"author\":{\"@id\":\"https:\\\/\\\/www.bbmnoticias.com\\\/labravaradiofm\\\/#\\\/schema\\\/person\\\/78ff63fb371c799850071f4b5feb0b7a\"},\"breadcrumb\":{\"@id\":\"https:\\\/\\\/www.bbmnoticias.com\\\/mexico-colombia-y-brasil-piden-cese-al-fuego-inmediato-en-medio-oriente-y-ofrecen-apoyo-para-una-salida-diplomatica\\\/#breadcrumb\"},\"inLanguage\":\"es\",\"potentialAction\":[{\"@type\":\"ReadAction\",\"target\":[\"https:\\\/\\\/www.bbmnoticias.com\\\/mexico-colombia-y-brasil-piden-cese-al-fuego-inmediato-en-medio-oriente-y-ofrecen-apoyo-para-una-salida-diplomatica\\\/\"]}]},{\"@type\":\"ImageObject\",\"inLanguage\":\"es\",\"@id\":\"https:\\\/\\\/www.bbmnoticias.com\\\/mexico-colombia-y-brasil-piden-cese-al-fuego-inmediato-en-medio-oriente-y-ofrecen-apoyo-para-una-salida-diplomatica\\\/#primaryimage\",\"url\":\"https:\\\/\\\/www.bbmnoticias.com\\\/labravaradiofm\\\/wp-content\\\/uploads\\\/sites\\\/5\\\/2026\\\/03\\\/f848x477-1258247_1316050_5050.jpg\",\"contentUrl\":\"https:\\\/\\\/www.bbmnoticias.com\\\/labravaradiofm\\\/wp-content\\\/uploads\\\/sites\\\/5\\\/2026\\\/03\\\/f848x477-1258247_1316050_5050.jpg\",\"width\":848,\"height\":477},{\"@type\":\"BreadcrumbList\",\"@id\":\"https:\\\/\\\/www.bbmnoticias.com\\\/mexico-colombia-y-brasil-piden-cese-al-fuego-inmediato-en-medio-oriente-y-ofrecen-apoyo-para-una-salida-diplomatica\\\/#breadcrumb\",\"itemListElement\":[{\"@type\":\"ListItem\",\"position\":1,\"name\":\"Inicio\",\"item\":\"https:\\\/\\\/www.bbmnoticias.com\\\/labravaradiofm\\\/\"},{\"@type\":\"ListItem\",\"position\":2,\"name\":\"M\u00e9xico, Colombia y Brasil piden cese al fuego inmediato en Medio Oriente y ofrecen apoyo para una salida diplom\u00e1tica\"}]},{\"@type\":\"WebSite\",\"@id\":\"https:\\\/\\\/www.bbmnoticias.com\\\/labravaradiofm\\\/#website\",\"url\":\"https:\\\/\\\/www.bbmnoticias.com\\\/labravaradiofm\\\/\",\"name\":\"LA BRAVA RADIO\",\"description\":\"Empresa productora de medios, Radiodifusi\u00f3n, Noticias, tendencias y todo lo que necesitas saber de la pol\u00edtica mexicana e internacional; entretenimiento, espect\u00e1culos, salud y mucho m\u00e1s.\",\"potentialAction\":[{\"@type\":\"SearchAction\",\"target\":{\"@type\":\"EntryPoint\",\"urlTemplate\":\"https:\\\/\\\/www.bbmnoticias.com\\\/labravaradiofm\\\/?s={search_term_string}\"},\"query-input\":{\"@type\":\"PropertyValueSpecification\",\"valueRequired\":true,\"valueName\":\"search_term_string\"}}],\"inLanguage\":\"es\"},{\"@type\":\"Person\",\"@id\":\"https:\\\/\\\/www.bbmnoticias.com\\\/labravaradiofm\\\/#\\\/schema\\\/person\\\/78ff63fb371c799850071f4b5feb0b7a\",\"name\":\"El Heraldo\",\"image\":{\"@type\":\"ImageObject\",\"inLanguage\":\"es\",\"@id\":\"https:\\\/\\\/secure.gravatar.com\\\/avatar\\\/463017be041288b5a196814ef7242bd62699b857f306e4b5b61b533e8a87f404?s=96&d=mm&r=g\",\"url\":\"https:\\\/\\\/secure.gravatar.com\\\/avatar\\\/463017be041288b5a196814ef7242bd62699b857f306e4b5b61b533e8a87f404?s=96&d=mm&r=g\",\"contentUrl\":\"https:\\\/\\\/secure.gravatar.com\\\/avatar\\\/463017be041288b5a196814ef7242bd62699b857f306e4b5b61b533e8a87f404?s=96&d=mm&r=g\",\"caption\":\"El Heraldo\"},\"url\":\"https:\\\/\\\/www.bbmnoticias.com\\\/labravaradiofm\\\/author\\\/heraldo\\\/\"}]}<\/script>\n<!-- \/ Yoast SEO plugin. -->","yoast_head_json":{"title":"M\u00e9xico, Colombia y Brasil piden cese al fuego inmediato en Medio Oriente y ofrecen apoyo para una salida diplom\u00e1tica - LA BRAVA RADIO","robots":{"index":"index","follow":"follow","max-snippet":"max-snippet:-1","max-image-preview":"max-image-preview:large","max-video-preview":"max-video-preview:-1"},"canonical":"https:\/\/www.bbmnoticias.com\/mexico-colombia-y-brasil-piden-cese-al-fuego-inmediato-en-medio-oriente-y-ofrecen-apoyo-para-una-salida-diplomatica\/","og_locale":"es_MX","og_type":"article","og_title":"M\u00e9xico, Colombia y Brasil piden cese al fuego inmediato en Medio Oriente y ofrecen apoyo para una salida diplom\u00e1tica - LA BRAVA RADIO","og_description":"En la conferencia en las instalaciones de la Sexta Regi\u00f3n Naval, la presidenta Claudia Sheinbaum Pardo se\u00f1al\u00f3 que tras el di\u00e1logo con sus hom\u00f3logos de Colombia, Gustavo Petro, y de Brasil, Luiz In\u00e1cio Lula da Silva, se logr\u00f3 un consenso sobre el tema. Ley\u00f3 el comunicado que se\u00f1ala que tambi\u00e9n ofrecen apoyo para una salida [&hellip;]","og_url":"https:\/\/www.bbmnoticias.com\/mexico-colombia-y-brasil-piden-cese-al-fuego-inmediato-en-medio-oriente-y-ofrecen-apoyo-para-una-salida-diplomatica\/","og_site_name":"LA BRAVA RADIO","article_published_time":"2026-03-13T16:54:58+00:00","article_modified_time":"2026-03-13T16:55:18+00:00","og_image":[{"width":848,"height":477,"url":"https:\/\/www.bbmnoticias.com\/labravaradiofm\/wp-content\/uploads\/sites\/5\/2026\/03\/f848x477-1258247_1316050_5050.jpg","type":"image\/jpeg"}],"author":"El Heraldo","twitter_card":"summary_large_image","twitter_misc":{"Escrito por":"El Heraldo","Tiempo de lectura":"2 minutos"},"schema":{"@context":"https:\/\/schema.org","@graph":[{"@type":"Article","@id":"https:\/\/www.bbmnoticias.com\/mexico-colombia-y-brasil-piden-cese-al-fuego-inmediato-en-medio-oriente-y-ofrecen-apoyo-para-una-salida-diplomatica\/#article","isPartOf":{"@id":"https:\/\/www.bbmnoticias.com\/labravaradiofm\/2026\/03\/13\/mexico-colombia-y-brasil-piden-cese-al-fuego-inmediato-en-medio-oriente-y-ofrecen-apoyo-para-una-salida-diplomatica\/"},"author":{"name":"El Heraldo","@id":"https:\/\/www.bbmnoticias.com\/labravaradiofm\/#\/schema\/person\/78ff63fb371c799850071f4b5feb0b7a"},"headline":"M\u00e9xico, Colombia y Brasil piden cese al fuego inmediato en Medio Oriente y ofrecen apoyo para una salida diplom\u00e1tica","datePublished":"2026-03-13T16:54:58+00:00","dateModified":"2026-03-13T16:55:18+00:00","mainEntityOfPage":{"@id":"https:\/\/www.bbmnoticias.com\/labravaradiofm\/2026\/03\/13\/mexico-colombia-y-brasil-piden-cese-al-fuego-inmediato-en-medio-oriente-y-ofrecen-apoyo-para-una-salida-diplomatica\/"},"wordCount":322,"image":{"@id":"https:\/\/www.bbmnoticias.com\/mexico-colombia-y-brasil-piden-cese-al-fuego-inmediato-en-medio-oriente-y-ofrecen-apoyo-para-una-salida-diplomatica\/#primaryimage"},"thumbnailUrl":"https:\/\/www.bbmnoticias.com\/labravaradiofm\/wp-content\/uploads\/sites\/5\/2026\/03\/f848x477-1258247_1316050_5050.jpg","articleSection":["LOCAL","NACIONAL"],"inLanguage":"es"},{"@type":"WebPage","@id":"https:\/\/www.bbmnoticias.com\/labravaradiofm\/2026\/03\/13\/mexico-colombia-y-brasil-piden-cese-al-fuego-inmediato-en-medio-oriente-y-ofrecen-apoyo-para-una-salida-diplomatica\/","url":"https:\/\/www.bbmnoticias.com\/mexico-colombia-y-brasil-piden-cese-al-fuego-inmediato-en-medio-oriente-y-ofrecen-apoyo-para-una-salida-diplomatica\/","name":"M\u00e9xico, Colombia y Brasil piden cese al fuego inmediato en Medio Oriente y ofrecen apoyo para una salida diplom\u00e1tica - LA BRAVA RADIO","isPartOf":{"@id":"https:\/\/www.bbmnoticias.com\/labravaradiofm\/#website"},"primaryImageOfPage":{"@id":"https:\/\/www.bbmnoticias.com\/mexico-colombia-y-brasil-piden-cese-al-fuego-inmediato-en-medio-oriente-y-ofrecen-apoyo-para-una-salida-diplomatica\/#primaryimage"},"image":{"@id":"https:\/\/www.bbmnoticias.com\/mexico-colombia-y-brasil-piden-cese-al-fuego-inmediato-en-medio-oriente-y-ofrecen-apoyo-para-una-salida-diplomatica\/#primaryimage"},"thumbnailUrl":"https:\/\/www.bbmnoticias.com\/labravaradiofm\/wp-content\/uploads\/sites\/5\/2026\/03\/f848x477-1258247_1316050_5050.jpg","datePublished":"2026-03-13T16:54:58+00:00","dateModified":"2026-03-13T16:55:18+00:00","author":{"@id":"https:\/\/www.bbmnoticias.com\/labravaradiofm\/#\/schema\/person\/78ff63fb371c799850071f4b5feb0b7a"},"breadcrumb":{"@id":"https:\/\/www.bbmnoticias.com\/mexico-colombia-y-brasil-piden-cese-al-fuego-inmediato-en-medio-oriente-y-ofrecen-apoyo-para-una-salida-diplomatica\/#breadcrumb"},"inLanguage":"es","potentialAction":[{"@type":"ReadAction","target":["https:\/\/www.bbmnoticias.com\/mexico-colombia-y-brasil-piden-cese-al-fuego-inmediato-en-medio-oriente-y-ofrecen-apoyo-para-una-salida-diplomatica\/"]}]},{"@type":"ImageObject","inLanguage":"es","@id":"https:\/\/www.bbmnoticias.com\/mexico-colombia-y-brasil-piden-cese-al-fuego-inmediato-en-medio-oriente-y-ofrecen-apoyo-para-una-salida-diplomatica\/#primaryimage","url":"https:\/\/www.bbmnoticias.com\/labravaradiofm\/wp-content\/uploads\/sites\/5\/2026\/03\/f848x477-1258247_1316050_5050.jpg","contentUrl":"https:\/\/www.bbmnoticias.com\/labravaradiofm\/wp-content\/uploads\/sites\/5\/2026\/03\/f848x477-1258247_1316050_5050.jpg","width":848,"height":477},{"@type":"BreadcrumbList","@id":"https:\/\/www.bbmnoticias.com\/mexico-colombia-y-brasil-piden-cese-al-fuego-inmediato-en-medio-oriente-y-ofrecen-apoyo-para-una-salida-diplomatica\/#breadcrumb","itemListElement":[{"@type":"ListItem","position":1,"name":"Inicio","item":"https:\/\/www.bbmnoticias.com\/labravaradiofm\/"},{"@type":"ListItem","position":2,"name":"M\u00e9xico, Colombia y Brasil piden cese al fuego inmediato en Medio Oriente y ofrecen apoyo para una salida diplom\u00e1tica"}]},{"@type":"WebSite","@id":"https:\/\/www.bbmnoticias.com\/labravaradiofm\/#website","url":"https:\/\/www.bbmnoticias.com\/labravaradiofm\/","name":"LA BRAVA RADIO","description":"Empresa productora de medios, Radiodifusi\u00f3n, Noticias, tendencias y todo lo que necesitas saber de la pol\u00edtica mexicana e internacional; entretenimiento, espect\u00e1culos, salud y mucho m\u00e1s.","potentialAction":[{"@type":"SearchAction","target":{"@type":"EntryPoint","urlTemplate":"https:\/\/www.bbmnoticias.com\/labravaradiofm\/?s={search_term_string}"},"query-input":{"@type":"PropertyValueSpecification","valueRequired":true,"valueName":"search_term_string"}}],"inLanguage":"es"},{"@type":"Person","@id":"https:\/\/www.bbmnoticias.com\/labravaradiofm\/#\/schema\/person\/78ff63fb371c799850071f4b5feb0b7a","name":"El Heraldo","image":{"@type":"ImageObject","inLanguage":"es","@id":"https:\/\/secure.gravatar.com\/avatar\/463017be041288b5a196814ef7242bd62699b857f306e4b5b61b533e8a87f404?s=96&d=mm&r=g","url":"https:\/\/secure.gravatar.com\/avatar\/463017be041288b5a196814ef7242bd62699b857f306e4b5b61b533e8a87f404?s=96&d=mm&r=g","contentUrl":"https:\/\/secure.gravatar.com\/avatar\/463017be041288b5a196814ef7242bd62699b857f306e4b5b61b533e8a87f404?s=96&d=mm&r=g","caption":"El Heraldo"},"url":"https:\/\/www.bbmnoticias.com\/labravaradiofm\/author\/heraldo\/"}]}},"_links":{"self":[{"href":"https:\/\/www.bbmnoticias.com\/labravaradiofm\/wp-json\/wp\/v2\/posts\/75144","targetHints":{"allow":["GET"]}}],"collection":[{"href":"https:\/\/www.bbmnoticias.com\/labravaradiofm\/wp-json\/wp\/v2\/posts"}],"about":[{"href":"https:\/\/www.bbmnoticias.com\/labravaradiofm\/wp-json\/wp\/v2\/types\/post"}],"author":[{"embeddable":true,"href":"https:\/\/www.bbmnoticias.com\/labravaradiofm\/wp-json\/wp\/v2\/users\/15"}],"replies":[{"embeddable":true,"href":"https:\/\/www.bbmnoticias.com\/labravaradiofm\/wp-json\/wp\/v2\/comments?post=75144"}],"version-history":[{"count":1,"href":"https:\/\/www.bbmnoticias.com\/labravaradiofm\/wp-json\/wp\/v2\/posts\/75144\/revisions"}],"predecessor-version":[{"id":75145,"href":"https:\/\/www.bbmnoticias.com\/labravaradiofm\/wp-json\/wp\/v2\/posts\/75144\/revisions\/75145"}],"wp:featuredmedia":[{"embeddable":true,"href":"https:\/\/www.bbmnoticias.com\/labravaradiofm\/wp-json\/wp\/v2\/media\/75146"}],"wp:attachment":[{"href":"https:\/\/www.bbmnoticias.com\/labravaradiofm\/wp-json\/wp\/v2\/media?parent=75144"}],"wp:term":[{"taxonomy":"category","embeddable":true,"href":"https:\/\/www.bbmnoticias.com\/labravaradiofm\/wp-json\/wp\/v2\/categories?post=75144"},{"taxonomy":"post_tag","embeddable":true,"href":"https:\/\/www.bbmnoticias.com\/labravaradiofm\/wp-json\/wp\/v2\/tags?post=75144"}],"curies":[{"name":"wp","href":"https:\/\/api.w.org\/{rel}","templated":true}]}}