{"id":75141,"date":"2026-03-13T09:40:05","date_gmt":"2026-03-13T15:40:05","guid":{"rendered":"https:\/\/www.bbmnoticias.com\/labravaradiofm\/2026\/03\/13\/elecciones-judiciales-se-pospondran-al-2028-esto-fue-lo-que-dijo-claudia-sheinbaum\/"},"modified":"2026-03-13T09:40:34","modified_gmt":"2026-03-13T15:40:34","slug":"elecciones-judiciales-se-pospondran-al-2028-esto-fue-lo-que-dijo-claudia-sheinbaum","status":"publish","type":"post","link":"https:\/\/www.bbmnoticias.com\/labravaradiofm\/2026\/03\/13\/elecciones-judiciales-se-pospondran-al-2028-esto-fue-lo-que-dijo-claudia-sheinbaum\/","title":{"rendered":"\u00bfElecciones judiciales se pospondr\u00e1n al 2028? Esto fue lo que dijo Claudia Sheinbaum"},"content":{"rendered":"<div style=\"margin-top: 0px; margin-bottom: 0px;\" class=\"sharethis-inline-share-buttons\" ><\/div>\n<p>\u201cA lo mejor vale la pena moverla al 28\u201d, fue la postura de la Presidenta Claudia Sheinbaum respecto a la <strong>elecci\u00f3n judicial<\/strong>, en medio de la confecci\u00f3n del <strong>Plan B electoral<\/strong>.<\/p>\n\n\n\n<p>En la <strong>Ma\u00f1anera<\/strong> de este 13 de marzo, en Manzanillo, Colima, la mandataria inform\u00f3 que est\u00e1n en el proceso de an\u00e1lisis, pues la propuesta ser\u00e1 enviada la pr\u00f3xima semana.<\/p>\n\n\n\n<blockquote class=\"wp-block-quote is-layout-flow wp-block-quote-is-layout-flow\">\n<p>\u201cEstamos analizando, tiene sus pros y contras, los beneficios de que la segunda parte de la <strong>elecci\u00f3n de jueces<\/strong> se realice en el 27 es que se utilizan los mismos recursos (&#8230;) pero a lo mejor no es tanto el ahorro por las dobles casillas<\/p>\n<\/blockquote>\n\n\n\n<p>\u201cEl beneficio de pasarla en el 28 es que no es tantas boletas, sino tambi\u00e9n ser\u00eda la boleta del poder judicial, en estos d\u00edas recibimos la opini\u00f3n del Instituto Nacional Electoral\u201d, sostuvo la titular del Ejecutivo.<\/p>\n\n\n\n<p>El a\u00f1o pasado, en <strong>Veracruz<\/strong> se celebraron elecciones locales y tambi\u00e9n por el poder judicial, sin embargo se dio un panorama dif\u00edcil porque no eran las mismas casillas para ejercer los respectivos votos. Incluso, la revocaci\u00f3n de mandato tambi\u00e9n est\u00e1 siendo analizada.<\/p>\n\n\n\n<h2 class=\"wp-block-heading\">Secretar\u00eda de Gobernaci\u00f3n trabaja en consenso con aliados&nbsp;<\/h2>\n\n\n\n<p>La presidenta Claudia Sheinbaum Pardo se\u00f1al\u00f3 que desde la Secretar\u00eda de Gobernaci\u00f3n -que encabeza Rosa Icela Rodr\u00edguez\u2014 dialoga con partidos aliados para acompa\u00f1ar el plan B en materia electoral.<\/p>\n\n\n\n<p>A pregunta expresa, se\u00f1al\u00f3 que \u201cen ese proceso pues nos acompa\u00f1ara siempre el pueblo de M\u00e9xico y tambi\u00e9n, pues los representantes populares que quieran apoyar y en eso est\u00e1 trabajando la Secretar\u00eda de Gobernaci\u00f3n armando y terminando la propuesta para poderle enviar la pr\u00f3xima semana al Congreso\u201d. En la conferencia en las instalaciones de la Sexta Regi\u00f3n Naval, se\u00f1al\u00f3 que su gobierno busca acabar con los privilegios en todos los sentidos.&nbsp;<\/p>\n\n\n\n<figure class=\"wp-block-image\"><img decoding=\"async\" src=\"https:\/\/heraldodemexico.com.mx\/u\/fotografias\/m\/2026\/3\/13\/f768x1-1258219_1258346_5050.jpeg\" alt=\"\"\/><figcaption class=\"wp-element-caption\">FOTO: Antonio Nava<\/figcaption><\/figure>\n\n\n\n<blockquote class=\"wp-block-quote is-layout-flow wp-block-quote-is-layout-flow\">\n<p>\u201cSobre todos los privilegios de quien trabaja para el pueblo.&nbsp;No estamos de acuerdo con Los Grandes salarios de los consejeros del INE y tampoco Estamos de acuerdo con que congresos estatales, y me refiero no solo a la presidenta, sino tambi\u00e9n gobernadores gobernadoras que los congresos estatales tengan presupuestos tan desproporcionados o que el senado de la Rep\u00fablica tenga un presupuesto tan alto cuando hay tantas necesidades en el pa\u00eds\u201d, afirm\u00f3.<\/p>\n<\/blockquote>\n\n\n\n<p>Por ello, recalc\u00f3 que \u201cvamos a seguir trabajando para disminuir los privilegios. Y esencialmente el principio juarista de la austeridad republicana de que no puede haber gobierno rico con pueblo pobre, ese es el principio y la causa o una de las causas por las que llegamos al gobierno de la Rep\u00fablica\u201d.<\/p>\n","protected":false},"excerpt":{"rendered":"<p>\u201cA lo mejor vale la pena moverla al 28\u201d, fue la postura de la Presidenta Claudia Sheinbaum respecto a la elecci\u00f3n judicial, en medio de la confecci\u00f3n del Plan B electoral. En la Ma\u00f1anera de este 13 de marzo, en Manzanillo, Colima, la mandataria inform\u00f3 que est\u00e1n en el proceso de an\u00e1lisis, pues la propuesta [&hellip;]<\/p>\n","protected":false},"author":4,"featured_media":75143,"comment_status":"closed","ping_status":"open","sticky":false,"template":"","format":"standard","meta":{"footnotes":""},"categories":[2,19],"tags":[],"class_list":{"0":"post-75141","1":"post","2":"type-post","3":"status-publish","4":"format-standard","5":"has-post-thumbnail","7":"category-oaxaca","8":"category-nacional"},"yoast_head":"<!-- This site is optimized with the Yoast SEO plugin v27.4 - https:\/\/yoast.com\/product\/yoast-seo-wordpress\/ -->\n<title>\u00bfElecciones judiciales se pospondr\u00e1n al 2028? Esto fue lo que dijo Claudia Sheinbaum - LA BRAVA RADIO<\/title>\n<meta name=\"robots\" content=\"index, follow, max-snippet:-1, max-image-preview:large, max-video-preview:-1\" \/>\n<link rel=\"canonical\" href=\"https:\/\/www.bbmnoticias.com\/elecciones-judiciales-se-pospondran-al-2028-esto-fue-lo-que-dijo-claudia-sheinbaum\/\" \/>\n<meta property=\"og:locale\" content=\"es_MX\" \/>\n<meta property=\"og:type\" content=\"article\" \/>\n<meta property=\"og:title\" content=\"\u00bfElecciones judiciales se pospondr\u00e1n al 2028? Esto fue lo que dijo Claudia Sheinbaum - LA BRAVA RADIO\" \/>\n<meta property=\"og:description\" content=\"\u201cA lo mejor vale la pena moverla al 28\u201d, fue la postura de la Presidenta Claudia Sheinbaum respecto a la elecci\u00f3n judicial, en medio de la confecci\u00f3n del Plan B electoral. En la Ma\u00f1anera de este 13 de marzo, en Manzanillo, Colima, la mandataria inform\u00f3 que est\u00e1n en el proceso de an\u00e1lisis, pues la propuesta [&hellip;]\" \/>\n<meta property=\"og:url\" content=\"https:\/\/www.bbmnoticias.com\/elecciones-judiciales-se-pospondran-al-2028-esto-fue-lo-que-dijo-claudia-sheinbaum\/\" \/>\n<meta property=\"og:site_name\" content=\"LA BRAVA RADIO\" \/>\n<meta property=\"article:published_time\" content=\"2026-03-13T15:40:05+00:00\" \/>\n<meta property=\"article:modified_time\" content=\"2026-03-13T15:40:34+00:00\" \/>\n<meta property=\"og:image\" content=\"https:\/\/www.bbmnoticias.com\/labravaradiofm\/wp-content\/uploads\/sites\/5\/2026\/03\/claudia_sheinbaum-5.jpg\" \/>\n\t<meta property=\"og:image:width\" content=\"848\" \/>\n\t<meta property=\"og:image:height\" content=\"477\" \/>\n\t<meta property=\"og:image:type\" content=\"image\/jpeg\" \/>\n<meta name=\"author\" content=\"Agencias\" \/>\n<meta name=\"twitter:card\" content=\"summary_large_image\" \/>\n<meta name=\"twitter:label1\" content=\"Escrito por\" \/>\n\t<meta name=\"twitter:data1\" content=\"Agencias\" \/>\n\t<meta name=\"twitter:label2\" content=\"Tiempo de lectura\" \/>\n\t<meta name=\"twitter:data2\" content=\"2 minutos\" \/>\n<script type=\"application\/ld+json\" class=\"yoast-schema-graph\">{\"@context\":\"https:\\\/\\\/schema.org\",\"@graph\":[{\"@type\":\"Article\",\"@id\":\"https:\\\/\\\/www.bbmnoticias.com\\\/elecciones-judiciales-se-pospondran-al-2028-esto-fue-lo-que-dijo-claudia-sheinbaum\\\/#article\",\"isPartOf\":{\"@id\":\"https:\\\/\\\/www.bbmnoticias.com\\\/labravaradiofm\\\/2026\\\/03\\\/13\\\/elecciones-judiciales-se-pospondran-al-2028-esto-fue-lo-que-dijo-claudia-sheinbaum\\\/\"},\"author\":{\"name\":\"Agencias\",\"@id\":\"https:\\\/\\\/www.bbmnoticias.com\\\/labravaradiofm\\\/#\\\/schema\\\/person\\\/000bdaf0a8fb5bff0d537c4d0778e33f\"},\"headline\":\"\u00bfElecciones judiciales se pospondr\u00e1n al 2028? Esto fue lo que dijo Claudia Sheinbaum\",\"datePublished\":\"2026-03-13T15:40:05+00:00\",\"dateModified\":\"2026-03-13T15:40:34+00:00\",\"mainEntityOfPage\":{\"@id\":\"https:\\\/\\\/www.bbmnoticias.com\\\/labravaradiofm\\\/2026\\\/03\\\/13\\\/elecciones-judiciales-se-pospondran-al-2028-esto-fue-lo-que-dijo-claudia-sheinbaum\\\/\"},\"wordCount\":465,\"image\":{\"@id\":\"https:\\\/\\\/www.bbmnoticias.com\\\/elecciones-judiciales-se-pospondran-al-2028-esto-fue-lo-que-dijo-claudia-sheinbaum\\\/#primaryimage\"},\"thumbnailUrl\":\"https:\\\/\\\/www.bbmnoticias.com\\\/labravaradiofm\\\/wp-content\\\/uploads\\\/sites\\\/5\\\/2026\\\/03\\\/claudia_sheinbaum-5.jpg\",\"articleSection\":[\"LOCAL\",\"NACIONAL\"],\"inLanguage\":\"es\"},{\"@type\":\"WebPage\",\"@id\":\"https:\\\/\\\/www.bbmnoticias.com\\\/labravaradiofm\\\/2026\\\/03\\\/13\\\/elecciones-judiciales-se-pospondran-al-2028-esto-fue-lo-que-dijo-claudia-sheinbaum\\\/\",\"url\":\"https:\\\/\\\/www.bbmnoticias.com\\\/elecciones-judiciales-se-pospondran-al-2028-esto-fue-lo-que-dijo-claudia-sheinbaum\\\/\",\"name\":\"\u00bfElecciones judiciales se pospondr\u00e1n al 2028? Esto fue lo que dijo Claudia Sheinbaum - LA BRAVA RADIO\",\"isPartOf\":{\"@id\":\"https:\\\/\\\/www.bbmnoticias.com\\\/labravaradiofm\\\/#website\"},\"primaryImageOfPage\":{\"@id\":\"https:\\\/\\\/www.bbmnoticias.com\\\/elecciones-judiciales-se-pospondran-al-2028-esto-fue-lo-que-dijo-claudia-sheinbaum\\\/#primaryimage\"},\"image\":{\"@id\":\"https:\\\/\\\/www.bbmnoticias.com\\\/elecciones-judiciales-se-pospondran-al-2028-esto-fue-lo-que-dijo-claudia-sheinbaum\\\/#primaryimage\"},\"thumbnailUrl\":\"https:\\\/\\\/www.bbmnoticias.com\\\/labravaradiofm\\\/wp-content\\\/uploads\\\/sites\\\/5\\\/2026\\\/03\\\/claudia_sheinbaum-5.jpg\",\"datePublished\":\"2026-03-13T15:40:05+00:00\",\"dateModified\":\"2026-03-13T15:40:34+00:00\",\"author\":{\"@id\":\"https:\\\/\\\/www.bbmnoticias.com\\\/labravaradiofm\\\/#\\\/schema\\\/person\\\/000bdaf0a8fb5bff0d537c4d0778e33f\"},\"breadcrumb\":{\"@id\":\"https:\\\/\\\/www.bbmnoticias.com\\\/elecciones-judiciales-se-pospondran-al-2028-esto-fue-lo-que-dijo-claudia-sheinbaum\\\/#breadcrumb\"},\"inLanguage\":\"es\",\"potentialAction\":[{\"@type\":\"ReadAction\",\"target\":[\"https:\\\/\\\/www.bbmnoticias.com\\\/elecciones-judiciales-se-pospondran-al-2028-esto-fue-lo-que-dijo-claudia-sheinbaum\\\/\"]}]},{\"@type\":\"ImageObject\",\"inLanguage\":\"es\",\"@id\":\"https:\\\/\\\/www.bbmnoticias.com\\\/elecciones-judiciales-se-pospondran-al-2028-esto-fue-lo-que-dijo-claudia-sheinbaum\\\/#primaryimage\",\"url\":\"https:\\\/\\\/www.bbmnoticias.com\\\/labravaradiofm\\\/wp-content\\\/uploads\\\/sites\\\/5\\\/2026\\\/03\\\/claudia_sheinbaum-5.jpg\",\"contentUrl\":\"https:\\\/\\\/www.bbmnoticias.com\\\/labravaradiofm\\\/wp-content\\\/uploads\\\/sites\\\/5\\\/2026\\\/03\\\/claudia_sheinbaum-5.jpg\",\"width\":848,\"height\":477},{\"@type\":\"BreadcrumbList\",\"@id\":\"https:\\\/\\\/www.bbmnoticias.com\\\/elecciones-judiciales-se-pospondran-al-2028-esto-fue-lo-que-dijo-claudia-sheinbaum\\\/#breadcrumb\",\"itemListElement\":[{\"@type\":\"ListItem\",\"position\":1,\"name\":\"Inicio\",\"item\":\"https:\\\/\\\/www.bbmnoticias.com\\\/labravaradiofm\\\/\"},{\"@type\":\"ListItem\",\"position\":2,\"name\":\"\u00bfElecciones judiciales se pospondr\u00e1n al 2028? Esto fue lo que dijo Claudia Sheinbaum\"}]},{\"@type\":\"WebSite\",\"@id\":\"https:\\\/\\\/www.bbmnoticias.com\\\/labravaradiofm\\\/#website\",\"url\":\"https:\\\/\\\/www.bbmnoticias.com\\\/labravaradiofm\\\/\",\"name\":\"LA BRAVA RADIO\",\"description\":\"Empresa productora de medios, Radiodifusi\u00f3n, Noticias, tendencias y todo lo que necesitas saber de la pol\u00edtica mexicana e internacional; entretenimiento, espect\u00e1culos, salud y mucho m\u00e1s.\",\"potentialAction\":[{\"@type\":\"SearchAction\",\"target\":{\"@type\":\"EntryPoint\",\"urlTemplate\":\"https:\\\/\\\/www.bbmnoticias.com\\\/labravaradiofm\\\/?s={search_term_string}\"},\"query-input\":{\"@type\":\"PropertyValueSpecification\",\"valueRequired\":true,\"valueName\":\"search_term_string\"}}],\"inLanguage\":\"es\"},{\"@type\":\"Person\",\"@id\":\"https:\\\/\\\/www.bbmnoticias.com\\\/labravaradiofm\\\/#\\\/schema\\\/person\\\/000bdaf0a8fb5bff0d537c4d0778e33f\",\"name\":\"Agencias\",\"image\":{\"@type\":\"ImageObject\",\"inLanguage\":\"es\",\"@id\":\"https:\\\/\\\/secure.gravatar.com\\\/avatar\\\/739e0b61adf9e398b425c36718c8752286da0e8cd90f20ce9a86678abc26aa0d?s=96&d=mm&r=g\",\"url\":\"https:\\\/\\\/secure.gravatar.com\\\/avatar\\\/739e0b61adf9e398b425c36718c8752286da0e8cd90f20ce9a86678abc26aa0d?s=96&d=mm&r=g\",\"contentUrl\":\"https:\\\/\\\/secure.gravatar.com\\\/avatar\\\/739e0b61adf9e398b425c36718c8752286da0e8cd90f20ce9a86678abc26aa0d?s=96&d=mm&r=g\",\"caption\":\"Agencias\"},\"url\":\"https:\\\/\\\/www.bbmnoticias.com\\\/labravaradiofm\\\/author\\\/agencias\\\/\"}]}<\/script>\n<!-- \/ Yoast SEO plugin. -->","yoast_head_json":{"title":"\u00bfElecciones judiciales se pospondr\u00e1n al 2028? Esto fue lo que dijo Claudia Sheinbaum - LA BRAVA RADIO","robots":{"index":"index","follow":"follow","max-snippet":"max-snippet:-1","max-image-preview":"max-image-preview:large","max-video-preview":"max-video-preview:-1"},"canonical":"https:\/\/www.bbmnoticias.com\/elecciones-judiciales-se-pospondran-al-2028-esto-fue-lo-que-dijo-claudia-sheinbaum\/","og_locale":"es_MX","og_type":"article","og_title":"\u00bfElecciones judiciales se pospondr\u00e1n al 2028? Esto fue lo que dijo Claudia Sheinbaum - LA BRAVA RADIO","og_description":"\u201cA lo mejor vale la pena moverla al 28\u201d, fue la postura de la Presidenta Claudia Sheinbaum respecto a la elecci\u00f3n judicial, en medio de la confecci\u00f3n del Plan B electoral. En la Ma\u00f1anera de este 13 de marzo, en Manzanillo, Colima, la mandataria inform\u00f3 que est\u00e1n en el proceso de an\u00e1lisis, pues la propuesta [&hellip;]","og_url":"https:\/\/www.bbmnoticias.com\/elecciones-judiciales-se-pospondran-al-2028-esto-fue-lo-que-dijo-claudia-sheinbaum\/","og_site_name":"LA BRAVA RADIO","article_published_time":"2026-03-13T15:40:05+00:00","article_modified_time":"2026-03-13T15:40:34+00:00","og_image":[{"width":848,"height":477,"url":"https:\/\/www.bbmnoticias.com\/labravaradiofm\/wp-content\/uploads\/sites\/5\/2026\/03\/claudia_sheinbaum-5.jpg","type":"image\/jpeg"}],"author":"Agencias","twitter_card":"summary_large_image","twitter_misc":{"Escrito por":"Agencias","Tiempo de lectura":"2 minutos"},"schema":{"@context":"https:\/\/schema.org","@graph":[{"@type":"Article","@id":"https:\/\/www.bbmnoticias.com\/elecciones-judiciales-se-pospondran-al-2028-esto-fue-lo-que-dijo-claudia-sheinbaum\/#article","isPartOf":{"@id":"https:\/\/www.bbmnoticias.com\/labravaradiofm\/2026\/03\/13\/elecciones-judiciales-se-pospondran-al-2028-esto-fue-lo-que-dijo-claudia-sheinbaum\/"},"author":{"name":"Agencias","@id":"https:\/\/www.bbmnoticias.com\/labravaradiofm\/#\/schema\/person\/000bdaf0a8fb5bff0d537c4d0778e33f"},"headline":"\u00bfElecciones judiciales se pospondr\u00e1n al 2028? Esto fue lo que dijo Claudia Sheinbaum","datePublished":"2026-03-13T15:40:05+00:00","dateModified":"2026-03-13T15:40:34+00:00","mainEntityOfPage":{"@id":"https:\/\/www.bbmnoticias.com\/labravaradiofm\/2026\/03\/13\/elecciones-judiciales-se-pospondran-al-2028-esto-fue-lo-que-dijo-claudia-sheinbaum\/"},"wordCount":465,"image":{"@id":"https:\/\/www.bbmnoticias.com\/elecciones-judiciales-se-pospondran-al-2028-esto-fue-lo-que-dijo-claudia-sheinbaum\/#primaryimage"},"thumbnailUrl":"https:\/\/www.bbmnoticias.com\/labravaradiofm\/wp-content\/uploads\/sites\/5\/2026\/03\/claudia_sheinbaum-5.jpg","articleSection":["LOCAL","NACIONAL"],"inLanguage":"es"},{"@type":"WebPage","@id":"https:\/\/www.bbmnoticias.com\/labravaradiofm\/2026\/03\/13\/elecciones-judiciales-se-pospondran-al-2028-esto-fue-lo-que-dijo-claudia-sheinbaum\/","url":"https:\/\/www.bbmnoticias.com\/elecciones-judiciales-se-pospondran-al-2028-esto-fue-lo-que-dijo-claudia-sheinbaum\/","name":"\u00bfElecciones judiciales se pospondr\u00e1n al 2028? Esto fue lo que dijo Claudia Sheinbaum - LA BRAVA RADIO","isPartOf":{"@id":"https:\/\/www.bbmnoticias.com\/labravaradiofm\/#website"},"primaryImageOfPage":{"@id":"https:\/\/www.bbmnoticias.com\/elecciones-judiciales-se-pospondran-al-2028-esto-fue-lo-que-dijo-claudia-sheinbaum\/#primaryimage"},"image":{"@id":"https:\/\/www.bbmnoticias.com\/elecciones-judiciales-se-pospondran-al-2028-esto-fue-lo-que-dijo-claudia-sheinbaum\/#primaryimage"},"thumbnailUrl":"https:\/\/www.bbmnoticias.com\/labravaradiofm\/wp-content\/uploads\/sites\/5\/2026\/03\/claudia_sheinbaum-5.jpg","datePublished":"2026-03-13T15:40:05+00:00","dateModified":"2026-03-13T15:40:34+00:00","author":{"@id":"https:\/\/www.bbmnoticias.com\/labravaradiofm\/#\/schema\/person\/000bdaf0a8fb5bff0d537c4d0778e33f"},"breadcrumb":{"@id":"https:\/\/www.bbmnoticias.com\/elecciones-judiciales-se-pospondran-al-2028-esto-fue-lo-que-dijo-claudia-sheinbaum\/#breadcrumb"},"inLanguage":"es","potentialAction":[{"@type":"ReadAction","target":["https:\/\/www.bbmnoticias.com\/elecciones-judiciales-se-pospondran-al-2028-esto-fue-lo-que-dijo-claudia-sheinbaum\/"]}]},{"@type":"ImageObject","inLanguage":"es","@id":"https:\/\/www.bbmnoticias.com\/elecciones-judiciales-se-pospondran-al-2028-esto-fue-lo-que-dijo-claudia-sheinbaum\/#primaryimage","url":"https:\/\/www.bbmnoticias.com\/labravaradiofm\/wp-content\/uploads\/sites\/5\/2026\/03\/claudia_sheinbaum-5.jpg","contentUrl":"https:\/\/www.bbmnoticias.com\/labravaradiofm\/wp-content\/uploads\/sites\/5\/2026\/03\/claudia_sheinbaum-5.jpg","width":848,"height":477},{"@type":"BreadcrumbList","@id":"https:\/\/www.bbmnoticias.com\/elecciones-judiciales-se-pospondran-al-2028-esto-fue-lo-que-dijo-claudia-sheinbaum\/#breadcrumb","itemListElement":[{"@type":"ListItem","position":1,"name":"Inicio","item":"https:\/\/www.bbmnoticias.com\/labravaradiofm\/"},{"@type":"ListItem","position":2,"name":"\u00bfElecciones judiciales se pospondr\u00e1n al 2028? Esto fue lo que dijo Claudia Sheinbaum"}]},{"@type":"WebSite","@id":"https:\/\/www.bbmnoticias.com\/labravaradiofm\/#website","url":"https:\/\/www.bbmnoticias.com\/labravaradiofm\/","name":"LA BRAVA RADIO","description":"Empresa productora de medios, Radiodifusi\u00f3n, Noticias, tendencias y todo lo que necesitas saber de la pol\u00edtica mexicana e internacional; entretenimiento, espect\u00e1culos, salud y mucho m\u00e1s.","potentialAction":[{"@type":"SearchAction","target":{"@type":"EntryPoint","urlTemplate":"https:\/\/www.bbmnoticias.com\/labravaradiofm\/?s={search_term_string}"},"query-input":{"@type":"PropertyValueSpecification","valueRequired":true,"valueName":"search_term_string"}}],"inLanguage":"es"},{"@type":"Person","@id":"https:\/\/www.bbmnoticias.com\/labravaradiofm\/#\/schema\/person\/000bdaf0a8fb5bff0d537c4d0778e33f","name":"Agencias","image":{"@type":"ImageObject","inLanguage":"es","@id":"https:\/\/secure.gravatar.com\/avatar\/739e0b61adf9e398b425c36718c8752286da0e8cd90f20ce9a86678abc26aa0d?s=96&d=mm&r=g","url":"https:\/\/secure.gravatar.com\/avatar\/739e0b61adf9e398b425c36718c8752286da0e8cd90f20ce9a86678abc26aa0d?s=96&d=mm&r=g","contentUrl":"https:\/\/secure.gravatar.com\/avatar\/739e0b61adf9e398b425c36718c8752286da0e8cd90f20ce9a86678abc26aa0d?s=96&d=mm&r=g","caption":"Agencias"},"url":"https:\/\/www.bbmnoticias.com\/labravaradiofm\/author\/agencias\/"}]}},"_links":{"self":[{"href":"https:\/\/www.bbmnoticias.com\/labravaradiofm\/wp-json\/wp\/v2\/posts\/75141","targetHints":{"allow":["GET"]}}],"collection":[{"href":"https:\/\/www.bbmnoticias.com\/labravaradiofm\/wp-json\/wp\/v2\/posts"}],"about":[{"href":"https:\/\/www.bbmnoticias.com\/labravaradiofm\/wp-json\/wp\/v2\/types\/post"}],"author":[{"embeddable":true,"href":"https:\/\/www.bbmnoticias.com\/labravaradiofm\/wp-json\/wp\/v2\/users\/4"}],"replies":[{"embeddable":true,"href":"https:\/\/www.bbmnoticias.com\/labravaradiofm\/wp-json\/wp\/v2\/comments?post=75141"}],"version-history":[{"count":1,"href":"https:\/\/www.bbmnoticias.com\/labravaradiofm\/wp-json\/wp\/v2\/posts\/75141\/revisions"}],"predecessor-version":[{"id":75142,"href":"https:\/\/www.bbmnoticias.com\/labravaradiofm\/wp-json\/wp\/v2\/posts\/75141\/revisions\/75142"}],"wp:featuredmedia":[{"embeddable":true,"href":"https:\/\/www.bbmnoticias.com\/labravaradiofm\/wp-json\/wp\/v2\/media\/75143"}],"wp:attachment":[{"href":"https:\/\/www.bbmnoticias.com\/labravaradiofm\/wp-json\/wp\/v2\/media?parent=75141"}],"wp:term":[{"taxonomy":"category","embeddable":true,"href":"https:\/\/www.bbmnoticias.com\/labravaradiofm\/wp-json\/wp\/v2\/categories?post=75141"},{"taxonomy":"post_tag","embeddable":true,"href":"https:\/\/www.bbmnoticias.com\/labravaradiofm\/wp-json\/wp\/v2\/tags?post=75141"}],"curies":[{"name":"wp","href":"https:\/\/api.w.org\/{rel}","templated":true}]}}