{"id":75132,"date":"2026-03-12T19:55:08","date_gmt":"2026-03-13T01:55:08","guid":{"rendered":"https:\/\/www.bbmnoticias.com\/labravaradiofm\/2026\/03\/12\/inaugura-salomon-jara-la-xx-reunion-internacional-de-abogados-penalistas-en-oaxaca\/"},"modified":"2026-03-12T19:55:12","modified_gmt":"2026-03-13T01:55:12","slug":"inaugura-salomon-jara-la-xx-reunion-internacional-de-abogados-penalistas-en-oaxaca","status":"publish","type":"post","link":"https:\/\/www.bbmnoticias.com\/labravaradiofm\/2026\/03\/12\/inaugura-salomon-jara-la-xx-reunion-internacional-de-abogados-penalistas-en-oaxaca\/","title":{"rendered":"Inaugura Salom\u00f3n Jara la XX Reuni\u00f3n Internacional de Abogados Penalistas en Oaxaca"},"content":{"rendered":"<div style=\"margin-top: 0px; margin-bottom: 0px;\" class=\"sharethis-inline-share-buttons\" ><\/div>\n<p>Santa Luc\u00eda del Camino, Oax.-\u00a0El Gobernador Salom\u00f3n Jara Cruz inaugur\u00f3 la XX Reuni\u00f3n Internacional de Abogados Penalistas Oaxaca 2026, que se realiza en el Centro Cultural y de Convenciones de Oaxaca, donde m\u00e1s de mil especialistas nacionales e internacionales analizan los retos actuales del derecho penal.<\/p>\n\n\n\n<p>Durante su mensaje inaugural, el Mandatario estatal destac\u00f3 que este encuentro representa una valiosa oportunidad para analizar los desaf\u00edos contempor\u00e1neos del derecho penal y fortalecer el intercambio de conocimientos entre especialistas de M\u00e9xico y de distintos pa\u00edses.<\/p>\n\n\n\n<p>\u201cEl derecho no es \u00fanicamente un conjunto de normas, es un instrumento para preservar la dignidad humana, para garantizar libertades y para construir sociedades m\u00e1s justas\u201d, expres\u00f3 el titular del Poder Ejecutivo.<\/p>\n\n\n\n<p>Por su parte, la magistrada presidenta del Tribunal Superior de Justicia de Oaxaca, Erika Mar\u00eda Rodr\u00edguez Rodr\u00edguez, se\u00f1al\u00f3 que en la entidad conviven sistemas normativos ind\u00edgenas con el derecho positivo, por lo que el pluralismo jur\u00eddico representa una realidad viva que fortalece la justicia.<\/p>\n\n\n\n<p>En este encuentro acad\u00e9mico participan juristas, magistrados, jueces y especialistas provenientes de pa\u00edses como Chile, Argentina, Per\u00fa, Colombia, Italia y Espa\u00f1a entre otros, quienes durante tres d\u00edas intercambiar\u00e1n experiencias y conocimientos en torno a temas como neurociencia, inteligencia artificial, perspectiva de g\u00e9nero, razonamiento probatorio y pluralismo jur\u00eddico.<\/p>\n","protected":false},"excerpt":{"rendered":"<p>Santa Luc\u00eda del Camino, Oax.-\u00a0El Gobernador Salom\u00f3n Jara Cruz inaugur\u00f3 la XX Reuni\u00f3n Internacional de Abogados Penalistas Oaxaca 2026, que se realiza en el Centro Cultural y de Convenciones de Oaxaca, donde m\u00e1s de mil especialistas nacionales e internacionales analizan los retos actuales del derecho penal. Durante su mensaje inaugural, el Mandatario estatal destac\u00f3 que [&hellip;]<\/p>\n","protected":false},"author":2,"featured_media":75134,"comment_status":"closed","ping_status":"open","sticky":false,"template":"","format":"standard","meta":{"footnotes":""},"categories":[2],"tags":[],"class_list":{"0":"post-75132","1":"post","2":"type-post","3":"status-publish","4":"format-standard","5":"has-post-thumbnail","7":"category-oaxaca"},"yoast_head":"<!-- This site is optimized with the Yoast SEO plugin v27.4 - https:\/\/yoast.com\/product\/yoast-seo-wordpress\/ -->\n<title>Inaugura Salom\u00f3n Jara la XX Reuni\u00f3n Internacional de Abogados Penalistas en Oaxaca - LA BRAVA RADIO<\/title>\n<meta name=\"robots\" content=\"index, follow, max-snippet:-1, max-image-preview:large, max-video-preview:-1\" \/>\n<link rel=\"canonical\" href=\"https:\/\/www.bbmnoticias.com\/inaugura-salomon-jara-la-xx-reunion-internacional-de-abogados-penalistas-en-oaxaca\/\" \/>\n<meta property=\"og:locale\" content=\"es_MX\" \/>\n<meta property=\"og:type\" content=\"article\" \/>\n<meta property=\"og:title\" content=\"Inaugura Salom\u00f3n Jara la XX Reuni\u00f3n Internacional de Abogados Penalistas en Oaxaca - LA BRAVA RADIO\" \/>\n<meta property=\"og:description\" content=\"Santa Luc\u00eda del Camino, Oax.-\u00a0El Gobernador Salom\u00f3n Jara Cruz inaugur\u00f3 la XX Reuni\u00f3n Internacional de Abogados Penalistas Oaxaca 2026, que se realiza en el Centro Cultural y de Convenciones de Oaxaca, donde m\u00e1s de mil especialistas nacionales e internacionales analizan los retos actuales del derecho penal. Durante su mensaje inaugural, el Mandatario estatal destac\u00f3 que [&hellip;]\" \/>\n<meta property=\"og:url\" content=\"https:\/\/www.bbmnoticias.com\/inaugura-salomon-jara-la-xx-reunion-internacional-de-abogados-penalistas-en-oaxaca\/\" \/>\n<meta property=\"og:site_name\" content=\"LA BRAVA RADIO\" \/>\n<meta property=\"article:published_time\" content=\"2026-03-13T01:55:08+00:00\" \/>\n<meta property=\"article:modified_time\" content=\"2026-03-13T01:55:12+00:00\" \/>\n<meta property=\"og:image\" content=\"https:\/\/www.bbmnoticias.com\/labravaradiofm\/wp-content\/uploads\/sites\/5\/2026\/03\/sjc_abogados-1.jpg\" \/>\n\t<meta property=\"og:image:width\" content=\"800\" \/>\n\t<meta property=\"og:image:height\" content=\"534\" \/>\n\t<meta property=\"og:image:type\" content=\"image\/jpeg\" \/>\n<meta name=\"author\" content=\"Staff\" \/>\n<meta name=\"twitter:card\" content=\"summary_large_image\" \/>\n<meta name=\"twitter:label1\" content=\"Escrito por\" \/>\n\t<meta name=\"twitter:data1\" content=\"Staff\" \/>\n\t<meta name=\"twitter:label2\" content=\"Tiempo de lectura\" \/>\n\t<meta name=\"twitter:data2\" content=\"1 minuto\" \/>\n<script type=\"application\/ld+json\" class=\"yoast-schema-graph\">{\"@context\":\"https:\\\/\\\/schema.org\",\"@graph\":[{\"@type\":\"Article\",\"@id\":\"https:\\\/\\\/www.bbmnoticias.com\\\/inaugura-salomon-jara-la-xx-reunion-internacional-de-abogados-penalistas-en-oaxaca\\\/#article\",\"isPartOf\":{\"@id\":\"https:\\\/\\\/www.bbmnoticias.com\\\/labravaradiofm\\\/2026\\\/03\\\/12\\\/inaugura-salomon-jara-la-xx-reunion-internacional-de-abogados-penalistas-en-oaxaca\\\/\"},\"author\":{\"name\":\"Staff\",\"@id\":\"https:\\\/\\\/www.bbmnoticias.com\\\/labravaradiofm\\\/#\\\/schema\\\/person\\\/68a9e9036ef3c5b55aeb2b71dc8bab45\"},\"headline\":\"Inaugura Salom\u00f3n Jara la XX Reuni\u00f3n Internacional de Abogados Penalistas en Oaxaca\",\"datePublished\":\"2026-03-13T01:55:08+00:00\",\"dateModified\":\"2026-03-13T01:55:12+00:00\",\"mainEntityOfPage\":{\"@id\":\"https:\\\/\\\/www.bbmnoticias.com\\\/labravaradiofm\\\/2026\\\/03\\\/12\\\/inaugura-salomon-jara-la-xx-reunion-internacional-de-abogados-penalistas-en-oaxaca\\\/\"},\"wordCount\":243,\"image\":{\"@id\":\"https:\\\/\\\/www.bbmnoticias.com\\\/inaugura-salomon-jara-la-xx-reunion-internacional-de-abogados-penalistas-en-oaxaca\\\/#primaryimage\"},\"thumbnailUrl\":\"https:\\\/\\\/www.bbmnoticias.com\\\/labravaradiofm\\\/wp-content\\\/uploads\\\/sites\\\/5\\\/2026\\\/03\\\/sjc_abogados-1.jpg\",\"articleSection\":[\"LOCAL\"],\"inLanguage\":\"es\"},{\"@type\":\"WebPage\",\"@id\":\"https:\\\/\\\/www.bbmnoticias.com\\\/labravaradiofm\\\/2026\\\/03\\\/12\\\/inaugura-salomon-jara-la-xx-reunion-internacional-de-abogados-penalistas-en-oaxaca\\\/\",\"url\":\"https:\\\/\\\/www.bbmnoticias.com\\\/inaugura-salomon-jara-la-xx-reunion-internacional-de-abogados-penalistas-en-oaxaca\\\/\",\"name\":\"Inaugura Salom\u00f3n Jara la XX Reuni\u00f3n Internacional de Abogados Penalistas en Oaxaca - LA BRAVA RADIO\",\"isPartOf\":{\"@id\":\"https:\\\/\\\/www.bbmnoticias.com\\\/labravaradiofm\\\/#website\"},\"primaryImageOfPage\":{\"@id\":\"https:\\\/\\\/www.bbmnoticias.com\\\/inaugura-salomon-jara-la-xx-reunion-internacional-de-abogados-penalistas-en-oaxaca\\\/#primaryimage\"},\"image\":{\"@id\":\"https:\\\/\\\/www.bbmnoticias.com\\\/inaugura-salomon-jara-la-xx-reunion-internacional-de-abogados-penalistas-en-oaxaca\\\/#primaryimage\"},\"thumbnailUrl\":\"https:\\\/\\\/www.bbmnoticias.com\\\/labravaradiofm\\\/wp-content\\\/uploads\\\/sites\\\/5\\\/2026\\\/03\\\/sjc_abogados-1.jpg\",\"datePublished\":\"2026-03-13T01:55:08+00:00\",\"dateModified\":\"2026-03-13T01:55:12+00:00\",\"author\":{\"@id\":\"https:\\\/\\\/www.bbmnoticias.com\\\/labravaradiofm\\\/#\\\/schema\\\/person\\\/68a9e9036ef3c5b55aeb2b71dc8bab45\"},\"breadcrumb\":{\"@id\":\"https:\\\/\\\/www.bbmnoticias.com\\\/inaugura-salomon-jara-la-xx-reunion-internacional-de-abogados-penalistas-en-oaxaca\\\/#breadcrumb\"},\"inLanguage\":\"es\",\"potentialAction\":[{\"@type\":\"ReadAction\",\"target\":[\"https:\\\/\\\/www.bbmnoticias.com\\\/inaugura-salomon-jara-la-xx-reunion-internacional-de-abogados-penalistas-en-oaxaca\\\/\"]}]},{\"@type\":\"ImageObject\",\"inLanguage\":\"es\",\"@id\":\"https:\\\/\\\/www.bbmnoticias.com\\\/inaugura-salomon-jara-la-xx-reunion-internacional-de-abogados-penalistas-en-oaxaca\\\/#primaryimage\",\"url\":\"https:\\\/\\\/www.bbmnoticias.com\\\/labravaradiofm\\\/wp-content\\\/uploads\\\/sites\\\/5\\\/2026\\\/03\\\/sjc_abogados-1.jpg\",\"contentUrl\":\"https:\\\/\\\/www.bbmnoticias.com\\\/labravaradiofm\\\/wp-content\\\/uploads\\\/sites\\\/5\\\/2026\\\/03\\\/sjc_abogados-1.jpg\",\"width\":800,\"height\":534},{\"@type\":\"BreadcrumbList\",\"@id\":\"https:\\\/\\\/www.bbmnoticias.com\\\/inaugura-salomon-jara-la-xx-reunion-internacional-de-abogados-penalistas-en-oaxaca\\\/#breadcrumb\",\"itemListElement\":[{\"@type\":\"ListItem\",\"position\":1,\"name\":\"Inicio\",\"item\":\"https:\\\/\\\/www.bbmnoticias.com\\\/labravaradiofm\\\/\"},{\"@type\":\"ListItem\",\"position\":2,\"name\":\"Inaugura Salom\u00f3n Jara la XX Reuni\u00f3n Internacional de Abogados Penalistas en Oaxaca\"}]},{\"@type\":\"WebSite\",\"@id\":\"https:\\\/\\\/www.bbmnoticias.com\\\/labravaradiofm\\\/#website\",\"url\":\"https:\\\/\\\/www.bbmnoticias.com\\\/labravaradiofm\\\/\",\"name\":\"LA BRAVA RADIO\",\"description\":\"Empresa productora de medios, Radiodifusi\u00f3n, Noticias, tendencias y todo lo que necesitas saber de la pol\u00edtica mexicana e internacional; entretenimiento, espect\u00e1culos, salud y mucho m\u00e1s.\",\"potentialAction\":[{\"@type\":\"SearchAction\",\"target\":{\"@type\":\"EntryPoint\",\"urlTemplate\":\"https:\\\/\\\/www.bbmnoticias.com\\\/labravaradiofm\\\/?s={search_term_string}\"},\"query-input\":{\"@type\":\"PropertyValueSpecification\",\"valueRequired\":true,\"valueName\":\"search_term_string\"}}],\"inLanguage\":\"es\"},{\"@type\":\"Person\",\"@id\":\"https:\\\/\\\/www.bbmnoticias.com\\\/labravaradiofm\\\/#\\\/schema\\\/person\\\/68a9e9036ef3c5b55aeb2b71dc8bab45\",\"name\":\"Staff\",\"image\":{\"@type\":\"ImageObject\",\"inLanguage\":\"es\",\"@id\":\"https:\\\/\\\/secure.gravatar.com\\\/avatar\\\/fdd21ad66fd8b98c407f9dee5b5e588cfe7f0d8579ec20fa6527cd59bab7f0f0?s=96&d=mm&r=g\",\"url\":\"https:\\\/\\\/secure.gravatar.com\\\/avatar\\\/fdd21ad66fd8b98c407f9dee5b5e588cfe7f0d8579ec20fa6527cd59bab7f0f0?s=96&d=mm&r=g\",\"contentUrl\":\"https:\\\/\\\/secure.gravatar.com\\\/avatar\\\/fdd21ad66fd8b98c407f9dee5b5e588cfe7f0d8579ec20fa6527cd59bab7f0f0?s=96&d=mm&r=g\",\"caption\":\"Staff\"},\"url\":\"https:\\\/\\\/www.bbmnoticias.com\\\/labravaradiofm\\\/author\\\/redaccion\\\/\"}]}<\/script>\n<!-- \/ Yoast SEO plugin. -->","yoast_head_json":{"title":"Inaugura Salom\u00f3n Jara la XX Reuni\u00f3n Internacional de Abogados Penalistas en Oaxaca - LA BRAVA RADIO","robots":{"index":"index","follow":"follow","max-snippet":"max-snippet:-1","max-image-preview":"max-image-preview:large","max-video-preview":"max-video-preview:-1"},"canonical":"https:\/\/www.bbmnoticias.com\/inaugura-salomon-jara-la-xx-reunion-internacional-de-abogados-penalistas-en-oaxaca\/","og_locale":"es_MX","og_type":"article","og_title":"Inaugura Salom\u00f3n Jara la XX Reuni\u00f3n Internacional de Abogados Penalistas en Oaxaca - LA BRAVA RADIO","og_description":"Santa Luc\u00eda del Camino, Oax.-\u00a0El Gobernador Salom\u00f3n Jara Cruz inaugur\u00f3 la XX Reuni\u00f3n Internacional de Abogados Penalistas Oaxaca 2026, que se realiza en el Centro Cultural y de Convenciones de Oaxaca, donde m\u00e1s de mil especialistas nacionales e internacionales analizan los retos actuales del derecho penal. Durante su mensaje inaugural, el Mandatario estatal destac\u00f3 que [&hellip;]","og_url":"https:\/\/www.bbmnoticias.com\/inaugura-salomon-jara-la-xx-reunion-internacional-de-abogados-penalistas-en-oaxaca\/","og_site_name":"LA BRAVA RADIO","article_published_time":"2026-03-13T01:55:08+00:00","article_modified_time":"2026-03-13T01:55:12+00:00","og_image":[{"width":800,"height":534,"url":"https:\/\/www.bbmnoticias.com\/labravaradiofm\/wp-content\/uploads\/sites\/5\/2026\/03\/sjc_abogados-1.jpg","type":"image\/jpeg"}],"author":"Staff","twitter_card":"summary_large_image","twitter_misc":{"Escrito por":"Staff","Tiempo de lectura":"1 minuto"},"schema":{"@context":"https:\/\/schema.org","@graph":[{"@type":"Article","@id":"https:\/\/www.bbmnoticias.com\/inaugura-salomon-jara-la-xx-reunion-internacional-de-abogados-penalistas-en-oaxaca\/#article","isPartOf":{"@id":"https:\/\/www.bbmnoticias.com\/labravaradiofm\/2026\/03\/12\/inaugura-salomon-jara-la-xx-reunion-internacional-de-abogados-penalistas-en-oaxaca\/"},"author":{"name":"Staff","@id":"https:\/\/www.bbmnoticias.com\/labravaradiofm\/#\/schema\/person\/68a9e9036ef3c5b55aeb2b71dc8bab45"},"headline":"Inaugura Salom\u00f3n Jara la XX Reuni\u00f3n Internacional de Abogados Penalistas en Oaxaca","datePublished":"2026-03-13T01:55:08+00:00","dateModified":"2026-03-13T01:55:12+00:00","mainEntityOfPage":{"@id":"https:\/\/www.bbmnoticias.com\/labravaradiofm\/2026\/03\/12\/inaugura-salomon-jara-la-xx-reunion-internacional-de-abogados-penalistas-en-oaxaca\/"},"wordCount":243,"image":{"@id":"https:\/\/www.bbmnoticias.com\/inaugura-salomon-jara-la-xx-reunion-internacional-de-abogados-penalistas-en-oaxaca\/#primaryimage"},"thumbnailUrl":"https:\/\/www.bbmnoticias.com\/labravaradiofm\/wp-content\/uploads\/sites\/5\/2026\/03\/sjc_abogados-1.jpg","articleSection":["LOCAL"],"inLanguage":"es"},{"@type":"WebPage","@id":"https:\/\/www.bbmnoticias.com\/labravaradiofm\/2026\/03\/12\/inaugura-salomon-jara-la-xx-reunion-internacional-de-abogados-penalistas-en-oaxaca\/","url":"https:\/\/www.bbmnoticias.com\/inaugura-salomon-jara-la-xx-reunion-internacional-de-abogados-penalistas-en-oaxaca\/","name":"Inaugura Salom\u00f3n Jara la XX Reuni\u00f3n Internacional de Abogados Penalistas en Oaxaca - LA BRAVA RADIO","isPartOf":{"@id":"https:\/\/www.bbmnoticias.com\/labravaradiofm\/#website"},"primaryImageOfPage":{"@id":"https:\/\/www.bbmnoticias.com\/inaugura-salomon-jara-la-xx-reunion-internacional-de-abogados-penalistas-en-oaxaca\/#primaryimage"},"image":{"@id":"https:\/\/www.bbmnoticias.com\/inaugura-salomon-jara-la-xx-reunion-internacional-de-abogados-penalistas-en-oaxaca\/#primaryimage"},"thumbnailUrl":"https:\/\/www.bbmnoticias.com\/labravaradiofm\/wp-content\/uploads\/sites\/5\/2026\/03\/sjc_abogados-1.jpg","datePublished":"2026-03-13T01:55:08+00:00","dateModified":"2026-03-13T01:55:12+00:00","author":{"@id":"https:\/\/www.bbmnoticias.com\/labravaradiofm\/#\/schema\/person\/68a9e9036ef3c5b55aeb2b71dc8bab45"},"breadcrumb":{"@id":"https:\/\/www.bbmnoticias.com\/inaugura-salomon-jara-la-xx-reunion-internacional-de-abogados-penalistas-en-oaxaca\/#breadcrumb"},"inLanguage":"es","potentialAction":[{"@type":"ReadAction","target":["https:\/\/www.bbmnoticias.com\/inaugura-salomon-jara-la-xx-reunion-internacional-de-abogados-penalistas-en-oaxaca\/"]}]},{"@type":"ImageObject","inLanguage":"es","@id":"https:\/\/www.bbmnoticias.com\/inaugura-salomon-jara-la-xx-reunion-internacional-de-abogados-penalistas-en-oaxaca\/#primaryimage","url":"https:\/\/www.bbmnoticias.com\/labravaradiofm\/wp-content\/uploads\/sites\/5\/2026\/03\/sjc_abogados-1.jpg","contentUrl":"https:\/\/www.bbmnoticias.com\/labravaradiofm\/wp-content\/uploads\/sites\/5\/2026\/03\/sjc_abogados-1.jpg","width":800,"height":534},{"@type":"BreadcrumbList","@id":"https:\/\/www.bbmnoticias.com\/inaugura-salomon-jara-la-xx-reunion-internacional-de-abogados-penalistas-en-oaxaca\/#breadcrumb","itemListElement":[{"@type":"ListItem","position":1,"name":"Inicio","item":"https:\/\/www.bbmnoticias.com\/labravaradiofm\/"},{"@type":"ListItem","position":2,"name":"Inaugura Salom\u00f3n Jara la XX Reuni\u00f3n Internacional de Abogados Penalistas en Oaxaca"}]},{"@type":"WebSite","@id":"https:\/\/www.bbmnoticias.com\/labravaradiofm\/#website","url":"https:\/\/www.bbmnoticias.com\/labravaradiofm\/","name":"LA BRAVA RADIO","description":"Empresa productora de medios, Radiodifusi\u00f3n, Noticias, tendencias y todo lo que necesitas saber de la pol\u00edtica mexicana e internacional; entretenimiento, espect\u00e1culos, salud y mucho m\u00e1s.","potentialAction":[{"@type":"SearchAction","target":{"@type":"EntryPoint","urlTemplate":"https:\/\/www.bbmnoticias.com\/labravaradiofm\/?s={search_term_string}"},"query-input":{"@type":"PropertyValueSpecification","valueRequired":true,"valueName":"search_term_string"}}],"inLanguage":"es"},{"@type":"Person","@id":"https:\/\/www.bbmnoticias.com\/labravaradiofm\/#\/schema\/person\/68a9e9036ef3c5b55aeb2b71dc8bab45","name":"Staff","image":{"@type":"ImageObject","inLanguage":"es","@id":"https:\/\/secure.gravatar.com\/avatar\/fdd21ad66fd8b98c407f9dee5b5e588cfe7f0d8579ec20fa6527cd59bab7f0f0?s=96&d=mm&r=g","url":"https:\/\/secure.gravatar.com\/avatar\/fdd21ad66fd8b98c407f9dee5b5e588cfe7f0d8579ec20fa6527cd59bab7f0f0?s=96&d=mm&r=g","contentUrl":"https:\/\/secure.gravatar.com\/avatar\/fdd21ad66fd8b98c407f9dee5b5e588cfe7f0d8579ec20fa6527cd59bab7f0f0?s=96&d=mm&r=g","caption":"Staff"},"url":"https:\/\/www.bbmnoticias.com\/labravaradiofm\/author\/redaccion\/"}]}},"_links":{"self":[{"href":"https:\/\/www.bbmnoticias.com\/labravaradiofm\/wp-json\/wp\/v2\/posts\/75132","targetHints":{"allow":["GET"]}}],"collection":[{"href":"https:\/\/www.bbmnoticias.com\/labravaradiofm\/wp-json\/wp\/v2\/posts"}],"about":[{"href":"https:\/\/www.bbmnoticias.com\/labravaradiofm\/wp-json\/wp\/v2\/types\/post"}],"author":[{"embeddable":true,"href":"https:\/\/www.bbmnoticias.com\/labravaradiofm\/wp-json\/wp\/v2\/users\/2"}],"replies":[{"embeddable":true,"href":"https:\/\/www.bbmnoticias.com\/labravaradiofm\/wp-json\/wp\/v2\/comments?post=75132"}],"version-history":[{"count":1,"href":"https:\/\/www.bbmnoticias.com\/labravaradiofm\/wp-json\/wp\/v2\/posts\/75132\/revisions"}],"predecessor-version":[{"id":75133,"href":"https:\/\/www.bbmnoticias.com\/labravaradiofm\/wp-json\/wp\/v2\/posts\/75132\/revisions\/75133"}],"wp:featuredmedia":[{"embeddable":true,"href":"https:\/\/www.bbmnoticias.com\/labravaradiofm\/wp-json\/wp\/v2\/media\/75134"}],"wp:attachment":[{"href":"https:\/\/www.bbmnoticias.com\/labravaradiofm\/wp-json\/wp\/v2\/media?parent=75132"}],"wp:term":[{"taxonomy":"category","embeddable":true,"href":"https:\/\/www.bbmnoticias.com\/labravaradiofm\/wp-json\/wp\/v2\/categories?post=75132"},{"taxonomy":"post_tag","embeddable":true,"href":"https:\/\/www.bbmnoticias.com\/labravaradiofm\/wp-json\/wp\/v2\/tags?post=75132"}],"curies":[{"name":"wp","href":"https:\/\/api.w.org\/{rel}","templated":true}]}}