{"id":75129,"date":"2026-03-12T19:54:05","date_gmt":"2026-03-13T01:54:05","guid":{"rendered":"https:\/\/www.bbmnoticias.com\/labravaradiofm\/2026\/03\/12\/oswaldo-chinas-construye-techado-estructural-en-primaria-benito-juarez-y-francisco-i-madero\/"},"modified":"2026-03-12T19:54:09","modified_gmt":"2026-03-13T01:54:09","slug":"oswaldo-chinas-construye-techado-estructural-en-primaria-benito-juarez-y-francisco-i-madero","status":"publish","type":"post","link":"https:\/\/www.bbmnoticias.com\/labravaradiofm\/2026\/03\/12\/oswaldo-chinas-construye-techado-estructural-en-primaria-benito-juarez-y-francisco-i-madero\/","title":{"rendered":"Oswaldo Chi\u00f1as construye techado estructural en Primaria Benito Ju\u00e1rez y Francisco I Madero"},"content":{"rendered":"<div style=\"margin-top: 0px; margin-bottom: 0px;\" class=\"sharethis-inline-share-buttons\" ><\/div>\n<p>L\u00e1zaro C\u00e1rdenas, Asunci\u00f3n Ixtaltepec; Oaxaca.-La construcci\u00f3n del techado estructural en la cancha de la Escuela Primaria Benito Ju\u00e1rez, que tambi\u00e9n alberga en el turno vespertino a la Primaria Francisco I. Madero, registra un avance del 50 por ciento, inform\u00f3 el presidente Oswaldo Chi\u00f1as Cruz al supervisar los trabajos.<\/p>\n\n\n\n<p>El reforzamiento de la estructura met\u00e1lica de m\u00e1s de 600 metros cuadrados mediante la construcci\u00f3n de columnas de concreto armado forma parte de los trabajos que se realizan actualmente, detall\u00f3 el edil durante el recorrido de inspecci\u00f3n.<\/p>\n\n\n\n<p>La obra ejecutada con recursos estatales y municipales, permitir\u00e1 la realizaci\u00f3n de actividades deportivas y culturales sin afectaciones derivadas de las condiciones climatol\u00f3gicas, en beneficio de estudiantes de ambos turnos.<\/p>\n\n\n\n<p>\u201cDurante a\u00f1os, los estudiantes realizaron sus actividades expuestos al sol y a las condiciones del clima; hoy se atiende una demanda que por mucho tiempo permaneci\u00f3 sin resolverse. Contamos con el respaldo del gobernador Salom\u00f3n Jara\u201d, se\u00f1al\u00f3 Chi\u00f1as Cruz, acompa\u00f1ado por padres de familia y docentes.<\/p>\n","protected":false},"excerpt":{"rendered":"<p>L\u00e1zaro C\u00e1rdenas, Asunci\u00f3n Ixtaltepec; Oaxaca.-La construcci\u00f3n del techado estructural en la cancha de la Escuela Primaria Benito Ju\u00e1rez, que tambi\u00e9n alberga en el turno vespertino a la Primaria Francisco I. Madero, registra un avance del 50 por ciento, inform\u00f3 el presidente Oswaldo Chi\u00f1as Cruz al supervisar los trabajos. El reforzamiento de la estructura met\u00e1lica de [&hellip;]<\/p>\n","protected":false},"author":2,"featured_media":75131,"comment_status":"closed","ping_status":"open","sticky":false,"template":"","format":"standard","meta":{"footnotes":""},"categories":[2],"tags":[],"class_list":{"0":"post-75129","1":"post","2":"type-post","3":"status-publish","4":"format-standard","5":"has-post-thumbnail","7":"category-oaxaca"},"yoast_head":"<!-- This site is optimized with the Yoast SEO plugin v27.4 - https:\/\/yoast.com\/product\/yoast-seo-wordpress\/ -->\n<title>Oswaldo Chi\u00f1as construye techado estructural en Primaria Benito Ju\u00e1rez y Francisco I Madero - LA BRAVA RADIO<\/title>\n<meta name=\"robots\" content=\"index, follow, max-snippet:-1, max-image-preview:large, max-video-preview:-1\" \/>\n<link rel=\"canonical\" href=\"https:\/\/www.bbmnoticias.com\/oswaldo-chinas-construye-techado-estructural-en-primaria-benito-juarez-y-francisco-i-madero\/\" \/>\n<meta property=\"og:locale\" content=\"es_MX\" \/>\n<meta property=\"og:type\" content=\"article\" \/>\n<meta property=\"og:title\" content=\"Oswaldo Chi\u00f1as construye techado estructural en Primaria Benito Ju\u00e1rez y Francisco I Madero - LA BRAVA RADIO\" \/>\n<meta property=\"og:description\" content=\"L\u00e1zaro C\u00e1rdenas, Asunci\u00f3n Ixtaltepec; Oaxaca.-La construcci\u00f3n del techado estructural en la cancha de la Escuela Primaria Benito Ju\u00e1rez, que tambi\u00e9n alberga en el turno vespertino a la Primaria Francisco I. Madero, registra un avance del 50 por ciento, inform\u00f3 el presidente Oswaldo Chi\u00f1as Cruz al supervisar los trabajos. El reforzamiento de la estructura met\u00e1lica de [&hellip;]\" \/>\n<meta property=\"og:url\" content=\"https:\/\/www.bbmnoticias.com\/oswaldo-chinas-construye-techado-estructural-en-primaria-benito-juarez-y-francisco-i-madero\/\" \/>\n<meta property=\"og:site_name\" content=\"LA BRAVA RADIO\" \/>\n<meta property=\"article:published_time\" content=\"2026-03-13T01:54:05+00:00\" \/>\n<meta property=\"article:modified_time\" content=\"2026-03-13T01:54:09+00:00\" \/>\n<meta property=\"og:image\" content=\"https:\/\/www.bbmnoticias.com\/labravaradiofm\/wp-content\/uploads\/sites\/5\/2026\/03\/oswaldo_chinas.jpg\" \/>\n\t<meta property=\"og:image:width\" content=\"800\" \/>\n\t<meta property=\"og:image:height\" content=\"534\" \/>\n\t<meta property=\"og:image:type\" content=\"image\/jpeg\" \/>\n<meta name=\"author\" content=\"Staff\" \/>\n<meta name=\"twitter:card\" content=\"summary_large_image\" \/>\n<meta name=\"twitter:label1\" content=\"Escrito por\" \/>\n\t<meta name=\"twitter:data1\" content=\"Staff\" \/>\n\t<meta name=\"twitter:label2\" content=\"Tiempo de lectura\" \/>\n\t<meta name=\"twitter:data2\" content=\"1 minuto\" \/>\n<script type=\"application\/ld+json\" class=\"yoast-schema-graph\">{\"@context\":\"https:\\\/\\\/schema.org\",\"@graph\":[{\"@type\":\"Article\",\"@id\":\"https:\\\/\\\/www.bbmnoticias.com\\\/oswaldo-chinas-construye-techado-estructural-en-primaria-benito-juarez-y-francisco-i-madero\\\/#article\",\"isPartOf\":{\"@id\":\"https:\\\/\\\/www.bbmnoticias.com\\\/labravaradiofm\\\/2026\\\/03\\\/12\\\/oswaldo-chinas-construye-techado-estructural-en-primaria-benito-juarez-y-francisco-i-madero\\\/\"},\"author\":{\"name\":\"Staff\",\"@id\":\"https:\\\/\\\/www.bbmnoticias.com\\\/labravaradiofm\\\/#\\\/schema\\\/person\\\/68a9e9036ef3c5b55aeb2b71dc8bab45\"},\"headline\":\"Oswaldo Chi\u00f1as construye techado estructural en Primaria Benito Ju\u00e1rez y Francisco I Madero\",\"datePublished\":\"2026-03-13T01:54:05+00:00\",\"dateModified\":\"2026-03-13T01:54:09+00:00\",\"mainEntityOfPage\":{\"@id\":\"https:\\\/\\\/www.bbmnoticias.com\\\/labravaradiofm\\\/2026\\\/03\\\/12\\\/oswaldo-chinas-construye-techado-estructural-en-primaria-benito-juarez-y-francisco-i-madero\\\/\"},\"wordCount\":193,\"image\":{\"@id\":\"https:\\\/\\\/www.bbmnoticias.com\\\/oswaldo-chinas-construye-techado-estructural-en-primaria-benito-juarez-y-francisco-i-madero\\\/#primaryimage\"},\"thumbnailUrl\":\"https:\\\/\\\/www.bbmnoticias.com\\\/labravaradiofm\\\/wp-content\\\/uploads\\\/sites\\\/5\\\/2026\\\/03\\\/oswaldo_chinas.jpg\",\"articleSection\":[\"LOCAL\"],\"inLanguage\":\"es\"},{\"@type\":\"WebPage\",\"@id\":\"https:\\\/\\\/www.bbmnoticias.com\\\/labravaradiofm\\\/2026\\\/03\\\/12\\\/oswaldo-chinas-construye-techado-estructural-en-primaria-benito-juarez-y-francisco-i-madero\\\/\",\"url\":\"https:\\\/\\\/www.bbmnoticias.com\\\/oswaldo-chinas-construye-techado-estructural-en-primaria-benito-juarez-y-francisco-i-madero\\\/\",\"name\":\"Oswaldo Chi\u00f1as construye techado estructural en Primaria Benito Ju\u00e1rez y Francisco I Madero - LA BRAVA RADIO\",\"isPartOf\":{\"@id\":\"https:\\\/\\\/www.bbmnoticias.com\\\/labravaradiofm\\\/#website\"},\"primaryImageOfPage\":{\"@id\":\"https:\\\/\\\/www.bbmnoticias.com\\\/oswaldo-chinas-construye-techado-estructural-en-primaria-benito-juarez-y-francisco-i-madero\\\/#primaryimage\"},\"image\":{\"@id\":\"https:\\\/\\\/www.bbmnoticias.com\\\/oswaldo-chinas-construye-techado-estructural-en-primaria-benito-juarez-y-francisco-i-madero\\\/#primaryimage\"},\"thumbnailUrl\":\"https:\\\/\\\/www.bbmnoticias.com\\\/labravaradiofm\\\/wp-content\\\/uploads\\\/sites\\\/5\\\/2026\\\/03\\\/oswaldo_chinas.jpg\",\"datePublished\":\"2026-03-13T01:54:05+00:00\",\"dateModified\":\"2026-03-13T01:54:09+00:00\",\"author\":{\"@id\":\"https:\\\/\\\/www.bbmnoticias.com\\\/labravaradiofm\\\/#\\\/schema\\\/person\\\/68a9e9036ef3c5b55aeb2b71dc8bab45\"},\"breadcrumb\":{\"@id\":\"https:\\\/\\\/www.bbmnoticias.com\\\/oswaldo-chinas-construye-techado-estructural-en-primaria-benito-juarez-y-francisco-i-madero\\\/#breadcrumb\"},\"inLanguage\":\"es\",\"potentialAction\":[{\"@type\":\"ReadAction\",\"target\":[\"https:\\\/\\\/www.bbmnoticias.com\\\/oswaldo-chinas-construye-techado-estructural-en-primaria-benito-juarez-y-francisco-i-madero\\\/\"]}]},{\"@type\":\"ImageObject\",\"inLanguage\":\"es\",\"@id\":\"https:\\\/\\\/www.bbmnoticias.com\\\/oswaldo-chinas-construye-techado-estructural-en-primaria-benito-juarez-y-francisco-i-madero\\\/#primaryimage\",\"url\":\"https:\\\/\\\/www.bbmnoticias.com\\\/labravaradiofm\\\/wp-content\\\/uploads\\\/sites\\\/5\\\/2026\\\/03\\\/oswaldo_chinas.jpg\",\"contentUrl\":\"https:\\\/\\\/www.bbmnoticias.com\\\/labravaradiofm\\\/wp-content\\\/uploads\\\/sites\\\/5\\\/2026\\\/03\\\/oswaldo_chinas.jpg\",\"width\":800,\"height\":534},{\"@type\":\"BreadcrumbList\",\"@id\":\"https:\\\/\\\/www.bbmnoticias.com\\\/oswaldo-chinas-construye-techado-estructural-en-primaria-benito-juarez-y-francisco-i-madero\\\/#breadcrumb\",\"itemListElement\":[{\"@type\":\"ListItem\",\"position\":1,\"name\":\"Inicio\",\"item\":\"https:\\\/\\\/www.bbmnoticias.com\\\/labravaradiofm\\\/\"},{\"@type\":\"ListItem\",\"position\":2,\"name\":\"Oswaldo Chi\u00f1as construye techado estructural en Primaria Benito Ju\u00e1rez y Francisco I Madero\"}]},{\"@type\":\"WebSite\",\"@id\":\"https:\\\/\\\/www.bbmnoticias.com\\\/labravaradiofm\\\/#website\",\"url\":\"https:\\\/\\\/www.bbmnoticias.com\\\/labravaradiofm\\\/\",\"name\":\"LA BRAVA RADIO\",\"description\":\"Empresa productora de medios, Radiodifusi\u00f3n, Noticias, tendencias y todo lo que necesitas saber de la pol\u00edtica mexicana e internacional; entretenimiento, espect\u00e1culos, salud y mucho m\u00e1s.\",\"potentialAction\":[{\"@type\":\"SearchAction\",\"target\":{\"@type\":\"EntryPoint\",\"urlTemplate\":\"https:\\\/\\\/www.bbmnoticias.com\\\/labravaradiofm\\\/?s={search_term_string}\"},\"query-input\":{\"@type\":\"PropertyValueSpecification\",\"valueRequired\":true,\"valueName\":\"search_term_string\"}}],\"inLanguage\":\"es\"},{\"@type\":\"Person\",\"@id\":\"https:\\\/\\\/www.bbmnoticias.com\\\/labravaradiofm\\\/#\\\/schema\\\/person\\\/68a9e9036ef3c5b55aeb2b71dc8bab45\",\"name\":\"Staff\",\"image\":{\"@type\":\"ImageObject\",\"inLanguage\":\"es\",\"@id\":\"https:\\\/\\\/secure.gravatar.com\\\/avatar\\\/fdd21ad66fd8b98c407f9dee5b5e588cfe7f0d8579ec20fa6527cd59bab7f0f0?s=96&d=mm&r=g\",\"url\":\"https:\\\/\\\/secure.gravatar.com\\\/avatar\\\/fdd21ad66fd8b98c407f9dee5b5e588cfe7f0d8579ec20fa6527cd59bab7f0f0?s=96&d=mm&r=g\",\"contentUrl\":\"https:\\\/\\\/secure.gravatar.com\\\/avatar\\\/fdd21ad66fd8b98c407f9dee5b5e588cfe7f0d8579ec20fa6527cd59bab7f0f0?s=96&d=mm&r=g\",\"caption\":\"Staff\"},\"url\":\"https:\\\/\\\/www.bbmnoticias.com\\\/labravaradiofm\\\/author\\\/redaccion\\\/\"}]}<\/script>\n<!-- \/ Yoast SEO plugin. -->","yoast_head_json":{"title":"Oswaldo Chi\u00f1as construye techado estructural en Primaria Benito Ju\u00e1rez y Francisco I Madero - LA BRAVA RADIO","robots":{"index":"index","follow":"follow","max-snippet":"max-snippet:-1","max-image-preview":"max-image-preview:large","max-video-preview":"max-video-preview:-1"},"canonical":"https:\/\/www.bbmnoticias.com\/oswaldo-chinas-construye-techado-estructural-en-primaria-benito-juarez-y-francisco-i-madero\/","og_locale":"es_MX","og_type":"article","og_title":"Oswaldo Chi\u00f1as construye techado estructural en Primaria Benito Ju\u00e1rez y Francisco I Madero - LA BRAVA RADIO","og_description":"L\u00e1zaro C\u00e1rdenas, Asunci\u00f3n Ixtaltepec; Oaxaca.-La construcci\u00f3n del techado estructural en la cancha de la Escuela Primaria Benito Ju\u00e1rez, que tambi\u00e9n alberga en el turno vespertino a la Primaria Francisco I. Madero, registra un avance del 50 por ciento, inform\u00f3 el presidente Oswaldo Chi\u00f1as Cruz al supervisar los trabajos. El reforzamiento de la estructura met\u00e1lica de [&hellip;]","og_url":"https:\/\/www.bbmnoticias.com\/oswaldo-chinas-construye-techado-estructural-en-primaria-benito-juarez-y-francisco-i-madero\/","og_site_name":"LA BRAVA RADIO","article_published_time":"2026-03-13T01:54:05+00:00","article_modified_time":"2026-03-13T01:54:09+00:00","og_image":[{"width":800,"height":534,"url":"https:\/\/www.bbmnoticias.com\/labravaradiofm\/wp-content\/uploads\/sites\/5\/2026\/03\/oswaldo_chinas.jpg","type":"image\/jpeg"}],"author":"Staff","twitter_card":"summary_large_image","twitter_misc":{"Escrito por":"Staff","Tiempo de lectura":"1 minuto"},"schema":{"@context":"https:\/\/schema.org","@graph":[{"@type":"Article","@id":"https:\/\/www.bbmnoticias.com\/oswaldo-chinas-construye-techado-estructural-en-primaria-benito-juarez-y-francisco-i-madero\/#article","isPartOf":{"@id":"https:\/\/www.bbmnoticias.com\/labravaradiofm\/2026\/03\/12\/oswaldo-chinas-construye-techado-estructural-en-primaria-benito-juarez-y-francisco-i-madero\/"},"author":{"name":"Staff","@id":"https:\/\/www.bbmnoticias.com\/labravaradiofm\/#\/schema\/person\/68a9e9036ef3c5b55aeb2b71dc8bab45"},"headline":"Oswaldo Chi\u00f1as construye techado estructural en Primaria Benito Ju\u00e1rez y Francisco I Madero","datePublished":"2026-03-13T01:54:05+00:00","dateModified":"2026-03-13T01:54:09+00:00","mainEntityOfPage":{"@id":"https:\/\/www.bbmnoticias.com\/labravaradiofm\/2026\/03\/12\/oswaldo-chinas-construye-techado-estructural-en-primaria-benito-juarez-y-francisco-i-madero\/"},"wordCount":193,"image":{"@id":"https:\/\/www.bbmnoticias.com\/oswaldo-chinas-construye-techado-estructural-en-primaria-benito-juarez-y-francisco-i-madero\/#primaryimage"},"thumbnailUrl":"https:\/\/www.bbmnoticias.com\/labravaradiofm\/wp-content\/uploads\/sites\/5\/2026\/03\/oswaldo_chinas.jpg","articleSection":["LOCAL"],"inLanguage":"es"},{"@type":"WebPage","@id":"https:\/\/www.bbmnoticias.com\/labravaradiofm\/2026\/03\/12\/oswaldo-chinas-construye-techado-estructural-en-primaria-benito-juarez-y-francisco-i-madero\/","url":"https:\/\/www.bbmnoticias.com\/oswaldo-chinas-construye-techado-estructural-en-primaria-benito-juarez-y-francisco-i-madero\/","name":"Oswaldo Chi\u00f1as construye techado estructural en Primaria Benito Ju\u00e1rez y Francisco I Madero - LA BRAVA RADIO","isPartOf":{"@id":"https:\/\/www.bbmnoticias.com\/labravaradiofm\/#website"},"primaryImageOfPage":{"@id":"https:\/\/www.bbmnoticias.com\/oswaldo-chinas-construye-techado-estructural-en-primaria-benito-juarez-y-francisco-i-madero\/#primaryimage"},"image":{"@id":"https:\/\/www.bbmnoticias.com\/oswaldo-chinas-construye-techado-estructural-en-primaria-benito-juarez-y-francisco-i-madero\/#primaryimage"},"thumbnailUrl":"https:\/\/www.bbmnoticias.com\/labravaradiofm\/wp-content\/uploads\/sites\/5\/2026\/03\/oswaldo_chinas.jpg","datePublished":"2026-03-13T01:54:05+00:00","dateModified":"2026-03-13T01:54:09+00:00","author":{"@id":"https:\/\/www.bbmnoticias.com\/labravaradiofm\/#\/schema\/person\/68a9e9036ef3c5b55aeb2b71dc8bab45"},"breadcrumb":{"@id":"https:\/\/www.bbmnoticias.com\/oswaldo-chinas-construye-techado-estructural-en-primaria-benito-juarez-y-francisco-i-madero\/#breadcrumb"},"inLanguage":"es","potentialAction":[{"@type":"ReadAction","target":["https:\/\/www.bbmnoticias.com\/oswaldo-chinas-construye-techado-estructural-en-primaria-benito-juarez-y-francisco-i-madero\/"]}]},{"@type":"ImageObject","inLanguage":"es","@id":"https:\/\/www.bbmnoticias.com\/oswaldo-chinas-construye-techado-estructural-en-primaria-benito-juarez-y-francisco-i-madero\/#primaryimage","url":"https:\/\/www.bbmnoticias.com\/labravaradiofm\/wp-content\/uploads\/sites\/5\/2026\/03\/oswaldo_chinas.jpg","contentUrl":"https:\/\/www.bbmnoticias.com\/labravaradiofm\/wp-content\/uploads\/sites\/5\/2026\/03\/oswaldo_chinas.jpg","width":800,"height":534},{"@type":"BreadcrumbList","@id":"https:\/\/www.bbmnoticias.com\/oswaldo-chinas-construye-techado-estructural-en-primaria-benito-juarez-y-francisco-i-madero\/#breadcrumb","itemListElement":[{"@type":"ListItem","position":1,"name":"Inicio","item":"https:\/\/www.bbmnoticias.com\/labravaradiofm\/"},{"@type":"ListItem","position":2,"name":"Oswaldo Chi\u00f1as construye techado estructural en Primaria Benito Ju\u00e1rez y Francisco I Madero"}]},{"@type":"WebSite","@id":"https:\/\/www.bbmnoticias.com\/labravaradiofm\/#website","url":"https:\/\/www.bbmnoticias.com\/labravaradiofm\/","name":"LA BRAVA RADIO","description":"Empresa productora de medios, Radiodifusi\u00f3n, Noticias, tendencias y todo lo que necesitas saber de la pol\u00edtica mexicana e internacional; entretenimiento, espect\u00e1culos, salud y mucho m\u00e1s.","potentialAction":[{"@type":"SearchAction","target":{"@type":"EntryPoint","urlTemplate":"https:\/\/www.bbmnoticias.com\/labravaradiofm\/?s={search_term_string}"},"query-input":{"@type":"PropertyValueSpecification","valueRequired":true,"valueName":"search_term_string"}}],"inLanguage":"es"},{"@type":"Person","@id":"https:\/\/www.bbmnoticias.com\/labravaradiofm\/#\/schema\/person\/68a9e9036ef3c5b55aeb2b71dc8bab45","name":"Staff","image":{"@type":"ImageObject","inLanguage":"es","@id":"https:\/\/secure.gravatar.com\/avatar\/fdd21ad66fd8b98c407f9dee5b5e588cfe7f0d8579ec20fa6527cd59bab7f0f0?s=96&d=mm&r=g","url":"https:\/\/secure.gravatar.com\/avatar\/fdd21ad66fd8b98c407f9dee5b5e588cfe7f0d8579ec20fa6527cd59bab7f0f0?s=96&d=mm&r=g","contentUrl":"https:\/\/secure.gravatar.com\/avatar\/fdd21ad66fd8b98c407f9dee5b5e588cfe7f0d8579ec20fa6527cd59bab7f0f0?s=96&d=mm&r=g","caption":"Staff"},"url":"https:\/\/www.bbmnoticias.com\/labravaradiofm\/author\/redaccion\/"}]}},"_links":{"self":[{"href":"https:\/\/www.bbmnoticias.com\/labravaradiofm\/wp-json\/wp\/v2\/posts\/75129","targetHints":{"allow":["GET"]}}],"collection":[{"href":"https:\/\/www.bbmnoticias.com\/labravaradiofm\/wp-json\/wp\/v2\/posts"}],"about":[{"href":"https:\/\/www.bbmnoticias.com\/labravaradiofm\/wp-json\/wp\/v2\/types\/post"}],"author":[{"embeddable":true,"href":"https:\/\/www.bbmnoticias.com\/labravaradiofm\/wp-json\/wp\/v2\/users\/2"}],"replies":[{"embeddable":true,"href":"https:\/\/www.bbmnoticias.com\/labravaradiofm\/wp-json\/wp\/v2\/comments?post=75129"}],"version-history":[{"count":1,"href":"https:\/\/www.bbmnoticias.com\/labravaradiofm\/wp-json\/wp\/v2\/posts\/75129\/revisions"}],"predecessor-version":[{"id":75130,"href":"https:\/\/www.bbmnoticias.com\/labravaradiofm\/wp-json\/wp\/v2\/posts\/75129\/revisions\/75130"}],"wp:featuredmedia":[{"embeddable":true,"href":"https:\/\/www.bbmnoticias.com\/labravaradiofm\/wp-json\/wp\/v2\/media\/75131"}],"wp:attachment":[{"href":"https:\/\/www.bbmnoticias.com\/labravaradiofm\/wp-json\/wp\/v2\/media?parent=75129"}],"wp:term":[{"taxonomy":"category","embeddable":true,"href":"https:\/\/www.bbmnoticias.com\/labravaradiofm\/wp-json\/wp\/v2\/categories?post=75129"},{"taxonomy":"post_tag","embeddable":true,"href":"https:\/\/www.bbmnoticias.com\/labravaradiofm\/wp-json\/wp\/v2\/tags?post=75129"}],"curies":[{"name":"wp","href":"https:\/\/api.w.org\/{rel}","templated":true}]}}