{"id":75123,"date":"2026-03-12T19:48:24","date_gmt":"2026-03-13T01:48:24","guid":{"rendered":"https:\/\/www.bbmnoticias.com\/labravaradiofm\/2026\/03\/12\/acciones-para-el-desarrollo-e-infraestructura-no-se-detienen-en-la-sierra-de-juarez\/"},"modified":"2026-03-12T19:48:52","modified_gmt":"2026-03-13T01:48:52","slug":"acciones-para-el-desarrollo-e-infraestructura-no-se-detienen-en-la-sierra-de-juarez","status":"publish","type":"post","link":"https:\/\/www.bbmnoticias.com\/labravaradiofm\/2026\/03\/12\/acciones-para-el-desarrollo-e-infraestructura-no-se-detienen-en-la-sierra-de-juarez\/","title":{"rendered":"Acciones para el desarrollo e infraestructura no se detienen en la Sierra de Ju\u00e1rez"},"content":{"rendered":"<div style=\"margin-top: 0px; margin-bottom: 0px;\" class=\"sharethis-inline-share-buttons\" ><\/div>\n<p>Regi\u00f3n Sierra de Ju\u00e1rez, Oax.-\u00a0Como parte de sus compromisos cumplidos con la ciudadan\u00eda, el Gobernador Salom\u00f3n Jara Cruz visit\u00f3 las demarcaciones de San Juan Evangelista Analco y Santa Catarina Ixtepeji, en donde entreg\u00f3 obras que garantizan el desarrollo y la conectividad de las comunidades.<\/p>\n\n\n\n<p>Durante asambleas comunitarias en estas municipalidades de la Sierra de Ju\u00e1rez, el Mandatario estatal destac\u00f3 que, con una inversi\u00f3n de 14 millones 126 mil pesos, se paviment\u00f3 con concreto hidr\u00e1ulico el entronque de la carretera Oaxaca-Tuxtepec a la localidad de San Pedro Nexicho, perteneciente a Santa Catarina Ixtepeji.<\/p>\n\n\n\n<p>\u201cNosotros, los oaxaque\u00f1os y oaxaque\u00f1as merecemos tener caminos dignos para transportar a nuestras familias, nuestras mercanc\u00edas, siempre trabajaremos con mucho gusto para atender a nuestra poblaci\u00f3n\u201d, dijo.<\/p>\n\n\n\n<p>Anunci\u00f3 que durante este a\u00f1o se destinar\u00e1n recursos suficientes para el campo oaxaque\u00f1o, a fin de impulsar la autosuficiencia y el bienestar de las familias en la Sierra de Ju\u00e1rez. Asimismo, en el ramo educativo, la Primavera Oaxaque\u00f1a se comprometi\u00f3 a entregar equipo de computaci\u00f3n y tecnol\u00f3gico a planteles educativos.<\/p>\n\n\n\n<p>En San Juan Evangelista Analco se concluy\u00f3 el techado de la telesecundaria del lugar, se realiz\u00f3 la construcci\u00f3n de servicios sanitarios en la escuela primaria, y se asign\u00f3 una patrulla a trav\u00e9s del Secretariado Ejecutivo del Sistema Estatal de Seguridad P\u00fablica (SESESP).<\/p>\n\n\n\n<p>De igual forma, se anunci\u00f3 el apoyo hacia las jefas de familia mediante la Tarjeta Margarita Maza por un monto anual de 12 mil pesos a cada beneficiaria, y se iniciar\u00e1 la gesti\u00f3n y asesor\u00eda para comenzar la obra de drenaje en calles de la demarcaci\u00f3n, ba\u00f1os ecol\u00f3gicos y la rehabilitaci\u00f3n del techado del auditorio municipal.<\/p>\n","protected":false},"excerpt":{"rendered":"<p>Regi\u00f3n Sierra de Ju\u00e1rez, Oax.-\u00a0Como parte de sus compromisos cumplidos con la ciudadan\u00eda, el Gobernador Salom\u00f3n Jara Cruz visit\u00f3 las demarcaciones de San Juan Evangelista Analco y Santa Catarina Ixtepeji, en donde entreg\u00f3 obras que garantizan el desarrollo y la conectividad de las comunidades. Durante asambleas comunitarias en estas municipalidades de la Sierra de Ju\u00e1rez, [&hellip;]<\/p>\n","protected":false},"author":2,"featured_media":75125,"comment_status":"closed","ping_status":"open","sticky":false,"template":"","format":"standard","meta":{"footnotes":""},"categories":[2],"tags":[],"class_list":{"0":"post-75123","1":"post","2":"type-post","3":"status-publish","4":"format-standard","5":"has-post-thumbnail","7":"category-oaxaca"},"yoast_head":"<!-- This site is optimized with the Yoast SEO plugin v27.4 - https:\/\/yoast.com\/product\/yoast-seo-wordpress\/ -->\n<title>Acciones para el desarrollo e infraestructura no se detienen en la Sierra de Ju\u00e1rez - LA BRAVA RADIO<\/title>\n<meta name=\"robots\" content=\"index, follow, max-snippet:-1, max-image-preview:large, max-video-preview:-1\" \/>\n<link rel=\"canonical\" href=\"https:\/\/www.bbmnoticias.com\/acciones-para-el-desarrollo-e-infraestructura-no-se-detienen-en-la-sierra-de-juarez\/\" \/>\n<meta property=\"og:locale\" content=\"es_MX\" \/>\n<meta property=\"og:type\" content=\"article\" \/>\n<meta property=\"og:title\" content=\"Acciones para el desarrollo e infraestructura no se detienen en la Sierra de Ju\u00e1rez - LA BRAVA RADIO\" \/>\n<meta property=\"og:description\" content=\"Regi\u00f3n Sierra de Ju\u00e1rez, Oax.-\u00a0Como parte de sus compromisos cumplidos con la ciudadan\u00eda, el Gobernador Salom\u00f3n Jara Cruz visit\u00f3 las demarcaciones de San Juan Evangelista Analco y Santa Catarina Ixtepeji, en donde entreg\u00f3 obras que garantizan el desarrollo y la conectividad de las comunidades. Durante asambleas comunitarias en estas municipalidades de la Sierra de Ju\u00e1rez, [&hellip;]\" \/>\n<meta property=\"og:url\" content=\"https:\/\/www.bbmnoticias.com\/acciones-para-el-desarrollo-e-infraestructura-no-se-detienen-en-la-sierra-de-juarez\/\" \/>\n<meta property=\"og:site_name\" content=\"LA BRAVA RADIO\" \/>\n<meta property=\"article:published_time\" content=\"2026-03-13T01:48:24+00:00\" \/>\n<meta property=\"article:modified_time\" content=\"2026-03-13T01:48:52+00:00\" \/>\n<meta name=\"author\" content=\"Staff\" \/>\n<meta name=\"twitter:card\" content=\"summary_large_image\" \/>\n<meta name=\"twitter:label1\" content=\"Escrito por\" \/>\n\t<meta name=\"twitter:data1\" content=\"Staff\" \/>\n\t<meta name=\"twitter:label2\" content=\"Tiempo de lectura\" \/>\n\t<meta name=\"twitter:data2\" content=\"1 minuto\" \/>\n<script type=\"application\/ld+json\" class=\"yoast-schema-graph\">{\"@context\":\"https:\\\/\\\/schema.org\",\"@graph\":[{\"@type\":\"Article\",\"@id\":\"https:\\\/\\\/www.bbmnoticias.com\\\/acciones-para-el-desarrollo-e-infraestructura-no-se-detienen-en-la-sierra-de-juarez\\\/#article\",\"isPartOf\":{\"@id\":\"https:\\\/\\\/www.bbmnoticias.com\\\/labravaradiofm\\\/2026\\\/03\\\/12\\\/acciones-para-el-desarrollo-e-infraestructura-no-se-detienen-en-la-sierra-de-juarez\\\/\"},\"author\":{\"name\":\"Staff\",\"@id\":\"https:\\\/\\\/www.bbmnoticias.com\\\/labravaradiofm\\\/#\\\/schema\\\/person\\\/68a9e9036ef3c5b55aeb2b71dc8bab45\"},\"headline\":\"Acciones para el desarrollo e infraestructura no se detienen en la Sierra de Ju\u00e1rez\",\"datePublished\":\"2026-03-13T01:48:24+00:00\",\"dateModified\":\"2026-03-13T01:48:52+00:00\",\"mainEntityOfPage\":{\"@id\":\"https:\\\/\\\/www.bbmnoticias.com\\\/labravaradiofm\\\/2026\\\/03\\\/12\\\/acciones-para-el-desarrollo-e-infraestructura-no-se-detienen-en-la-sierra-de-juarez\\\/\"},\"wordCount\":308,\"image\":{\"@id\":\"https:\\\/\\\/www.bbmnoticias.com\\\/acciones-para-el-desarrollo-e-infraestructura-no-se-detienen-en-la-sierra-de-juarez\\\/#primaryimage\"},\"thumbnailUrl\":\"https:\\\/\\\/www.bbmnoticias.com\\\/labravaradiofm\\\/wp-content\\\/uploads\\\/sites\\\/5\\\/2026\\\/03\\\/acciones_sierra_juarez.jpg\",\"articleSection\":[\"LOCAL\"],\"inLanguage\":\"es\"},{\"@type\":\"WebPage\",\"@id\":\"https:\\\/\\\/www.bbmnoticias.com\\\/labravaradiofm\\\/2026\\\/03\\\/12\\\/acciones-para-el-desarrollo-e-infraestructura-no-se-detienen-en-la-sierra-de-juarez\\\/\",\"url\":\"https:\\\/\\\/www.bbmnoticias.com\\\/acciones-para-el-desarrollo-e-infraestructura-no-se-detienen-en-la-sierra-de-juarez\\\/\",\"name\":\"Acciones para el desarrollo e infraestructura no se detienen en la Sierra de Ju\u00e1rez - LA BRAVA RADIO\",\"isPartOf\":{\"@id\":\"https:\\\/\\\/www.bbmnoticias.com\\\/labravaradiofm\\\/#website\"},\"primaryImageOfPage\":{\"@id\":\"https:\\\/\\\/www.bbmnoticias.com\\\/acciones-para-el-desarrollo-e-infraestructura-no-se-detienen-en-la-sierra-de-juarez\\\/#primaryimage\"},\"image\":{\"@id\":\"https:\\\/\\\/www.bbmnoticias.com\\\/acciones-para-el-desarrollo-e-infraestructura-no-se-detienen-en-la-sierra-de-juarez\\\/#primaryimage\"},\"thumbnailUrl\":\"https:\\\/\\\/www.bbmnoticias.com\\\/labravaradiofm\\\/wp-content\\\/uploads\\\/sites\\\/5\\\/2026\\\/03\\\/acciones_sierra_juarez.jpg\",\"datePublished\":\"2026-03-13T01:48:24+00:00\",\"dateModified\":\"2026-03-13T01:48:52+00:00\",\"author\":{\"@id\":\"https:\\\/\\\/www.bbmnoticias.com\\\/labravaradiofm\\\/#\\\/schema\\\/person\\\/68a9e9036ef3c5b55aeb2b71dc8bab45\"},\"breadcrumb\":{\"@id\":\"https:\\\/\\\/www.bbmnoticias.com\\\/acciones-para-el-desarrollo-e-infraestructura-no-se-detienen-en-la-sierra-de-juarez\\\/#breadcrumb\"},\"inLanguage\":\"es\",\"potentialAction\":[{\"@type\":\"ReadAction\",\"target\":[\"https:\\\/\\\/www.bbmnoticias.com\\\/acciones-para-el-desarrollo-e-infraestructura-no-se-detienen-en-la-sierra-de-juarez\\\/\"]}]},{\"@type\":\"ImageObject\",\"inLanguage\":\"es\",\"@id\":\"https:\\\/\\\/www.bbmnoticias.com\\\/acciones-para-el-desarrollo-e-infraestructura-no-se-detienen-en-la-sierra-de-juarez\\\/#primaryimage\",\"url\":\"https:\\\/\\\/www.bbmnoticias.com\\\/labravaradiofm\\\/wp-content\\\/uploads\\\/sites\\\/5\\\/2026\\\/03\\\/acciones_sierra_juarez.jpg\",\"contentUrl\":\"https:\\\/\\\/www.bbmnoticias.com\\\/labravaradiofm\\\/wp-content\\\/uploads\\\/sites\\\/5\\\/2026\\\/03\\\/acciones_sierra_juarez.jpg\",\"width\":800,\"height\":534},{\"@type\":\"BreadcrumbList\",\"@id\":\"https:\\\/\\\/www.bbmnoticias.com\\\/acciones-para-el-desarrollo-e-infraestructura-no-se-detienen-en-la-sierra-de-juarez\\\/#breadcrumb\",\"itemListElement\":[{\"@type\":\"ListItem\",\"position\":1,\"name\":\"Inicio\",\"item\":\"https:\\\/\\\/www.bbmnoticias.com\\\/labravaradiofm\\\/\"},{\"@type\":\"ListItem\",\"position\":2,\"name\":\"Acciones para el desarrollo e infraestructura no se detienen en la Sierra de Ju\u00e1rez\"}]},{\"@type\":\"WebSite\",\"@id\":\"https:\\\/\\\/www.bbmnoticias.com\\\/labravaradiofm\\\/#website\",\"url\":\"https:\\\/\\\/www.bbmnoticias.com\\\/labravaradiofm\\\/\",\"name\":\"LA BRAVA RADIO\",\"description\":\"Empresa productora de medios, Radiodifusi\u00f3n, Noticias, tendencias y todo lo que necesitas saber de la pol\u00edtica mexicana e internacional; entretenimiento, espect\u00e1culos, salud y mucho m\u00e1s.\",\"potentialAction\":[{\"@type\":\"SearchAction\",\"target\":{\"@type\":\"EntryPoint\",\"urlTemplate\":\"https:\\\/\\\/www.bbmnoticias.com\\\/labravaradiofm\\\/?s={search_term_string}\"},\"query-input\":{\"@type\":\"PropertyValueSpecification\",\"valueRequired\":true,\"valueName\":\"search_term_string\"}}],\"inLanguage\":\"es\"},{\"@type\":\"Person\",\"@id\":\"https:\\\/\\\/www.bbmnoticias.com\\\/labravaradiofm\\\/#\\\/schema\\\/person\\\/68a9e9036ef3c5b55aeb2b71dc8bab45\",\"name\":\"Staff\",\"image\":{\"@type\":\"ImageObject\",\"inLanguage\":\"es\",\"@id\":\"https:\\\/\\\/secure.gravatar.com\\\/avatar\\\/fdd21ad66fd8b98c407f9dee5b5e588cfe7f0d8579ec20fa6527cd59bab7f0f0?s=96&d=mm&r=g\",\"url\":\"https:\\\/\\\/secure.gravatar.com\\\/avatar\\\/fdd21ad66fd8b98c407f9dee5b5e588cfe7f0d8579ec20fa6527cd59bab7f0f0?s=96&d=mm&r=g\",\"contentUrl\":\"https:\\\/\\\/secure.gravatar.com\\\/avatar\\\/fdd21ad66fd8b98c407f9dee5b5e588cfe7f0d8579ec20fa6527cd59bab7f0f0?s=96&d=mm&r=g\",\"caption\":\"Staff\"},\"url\":\"https:\\\/\\\/www.bbmnoticias.com\\\/labravaradiofm\\\/author\\\/redaccion\\\/\"}]}<\/script>\n<!-- \/ Yoast SEO plugin. -->","yoast_head_json":{"title":"Acciones para el desarrollo e infraestructura no se detienen en la Sierra de Ju\u00e1rez - LA BRAVA RADIO","robots":{"index":"index","follow":"follow","max-snippet":"max-snippet:-1","max-image-preview":"max-image-preview:large","max-video-preview":"max-video-preview:-1"},"canonical":"https:\/\/www.bbmnoticias.com\/acciones-para-el-desarrollo-e-infraestructura-no-se-detienen-en-la-sierra-de-juarez\/","og_locale":"es_MX","og_type":"article","og_title":"Acciones para el desarrollo e infraestructura no se detienen en la Sierra de Ju\u00e1rez - LA BRAVA RADIO","og_description":"Regi\u00f3n Sierra de Ju\u00e1rez, Oax.-\u00a0Como parte de sus compromisos cumplidos con la ciudadan\u00eda, el Gobernador Salom\u00f3n Jara Cruz visit\u00f3 las demarcaciones de San Juan Evangelista Analco y Santa Catarina Ixtepeji, en donde entreg\u00f3 obras que garantizan el desarrollo y la conectividad de las comunidades. Durante asambleas comunitarias en estas municipalidades de la Sierra de Ju\u00e1rez, [&hellip;]","og_url":"https:\/\/www.bbmnoticias.com\/acciones-para-el-desarrollo-e-infraestructura-no-se-detienen-en-la-sierra-de-juarez\/","og_site_name":"LA BRAVA RADIO","article_published_time":"2026-03-13T01:48:24+00:00","article_modified_time":"2026-03-13T01:48:52+00:00","author":"Staff","twitter_card":"summary_large_image","twitter_misc":{"Escrito por":"Staff","Tiempo de lectura":"1 minuto"},"schema":{"@context":"https:\/\/schema.org","@graph":[{"@type":"Article","@id":"https:\/\/www.bbmnoticias.com\/acciones-para-el-desarrollo-e-infraestructura-no-se-detienen-en-la-sierra-de-juarez\/#article","isPartOf":{"@id":"https:\/\/www.bbmnoticias.com\/labravaradiofm\/2026\/03\/12\/acciones-para-el-desarrollo-e-infraestructura-no-se-detienen-en-la-sierra-de-juarez\/"},"author":{"name":"Staff","@id":"https:\/\/www.bbmnoticias.com\/labravaradiofm\/#\/schema\/person\/68a9e9036ef3c5b55aeb2b71dc8bab45"},"headline":"Acciones para el desarrollo e infraestructura no se detienen en la Sierra de Ju\u00e1rez","datePublished":"2026-03-13T01:48:24+00:00","dateModified":"2026-03-13T01:48:52+00:00","mainEntityOfPage":{"@id":"https:\/\/www.bbmnoticias.com\/labravaradiofm\/2026\/03\/12\/acciones-para-el-desarrollo-e-infraestructura-no-se-detienen-en-la-sierra-de-juarez\/"},"wordCount":308,"image":{"@id":"https:\/\/www.bbmnoticias.com\/acciones-para-el-desarrollo-e-infraestructura-no-se-detienen-en-la-sierra-de-juarez\/#primaryimage"},"thumbnailUrl":"https:\/\/www.bbmnoticias.com\/labravaradiofm\/wp-content\/uploads\/sites\/5\/2026\/03\/acciones_sierra_juarez.jpg","articleSection":["LOCAL"],"inLanguage":"es"},{"@type":"WebPage","@id":"https:\/\/www.bbmnoticias.com\/labravaradiofm\/2026\/03\/12\/acciones-para-el-desarrollo-e-infraestructura-no-se-detienen-en-la-sierra-de-juarez\/","url":"https:\/\/www.bbmnoticias.com\/acciones-para-el-desarrollo-e-infraestructura-no-se-detienen-en-la-sierra-de-juarez\/","name":"Acciones para el desarrollo e infraestructura no se detienen en la Sierra de Ju\u00e1rez - LA BRAVA RADIO","isPartOf":{"@id":"https:\/\/www.bbmnoticias.com\/labravaradiofm\/#website"},"primaryImageOfPage":{"@id":"https:\/\/www.bbmnoticias.com\/acciones-para-el-desarrollo-e-infraestructura-no-se-detienen-en-la-sierra-de-juarez\/#primaryimage"},"image":{"@id":"https:\/\/www.bbmnoticias.com\/acciones-para-el-desarrollo-e-infraestructura-no-se-detienen-en-la-sierra-de-juarez\/#primaryimage"},"thumbnailUrl":"https:\/\/www.bbmnoticias.com\/labravaradiofm\/wp-content\/uploads\/sites\/5\/2026\/03\/acciones_sierra_juarez.jpg","datePublished":"2026-03-13T01:48:24+00:00","dateModified":"2026-03-13T01:48:52+00:00","author":{"@id":"https:\/\/www.bbmnoticias.com\/labravaradiofm\/#\/schema\/person\/68a9e9036ef3c5b55aeb2b71dc8bab45"},"breadcrumb":{"@id":"https:\/\/www.bbmnoticias.com\/acciones-para-el-desarrollo-e-infraestructura-no-se-detienen-en-la-sierra-de-juarez\/#breadcrumb"},"inLanguage":"es","potentialAction":[{"@type":"ReadAction","target":["https:\/\/www.bbmnoticias.com\/acciones-para-el-desarrollo-e-infraestructura-no-se-detienen-en-la-sierra-de-juarez\/"]}]},{"@type":"ImageObject","inLanguage":"es","@id":"https:\/\/www.bbmnoticias.com\/acciones-para-el-desarrollo-e-infraestructura-no-se-detienen-en-la-sierra-de-juarez\/#primaryimage","url":"https:\/\/www.bbmnoticias.com\/labravaradiofm\/wp-content\/uploads\/sites\/5\/2026\/03\/acciones_sierra_juarez.jpg","contentUrl":"https:\/\/www.bbmnoticias.com\/labravaradiofm\/wp-content\/uploads\/sites\/5\/2026\/03\/acciones_sierra_juarez.jpg","width":800,"height":534},{"@type":"BreadcrumbList","@id":"https:\/\/www.bbmnoticias.com\/acciones-para-el-desarrollo-e-infraestructura-no-se-detienen-en-la-sierra-de-juarez\/#breadcrumb","itemListElement":[{"@type":"ListItem","position":1,"name":"Inicio","item":"https:\/\/www.bbmnoticias.com\/labravaradiofm\/"},{"@type":"ListItem","position":2,"name":"Acciones para el desarrollo e infraestructura no se detienen en la Sierra de Ju\u00e1rez"}]},{"@type":"WebSite","@id":"https:\/\/www.bbmnoticias.com\/labravaradiofm\/#website","url":"https:\/\/www.bbmnoticias.com\/labravaradiofm\/","name":"LA BRAVA RADIO","description":"Empresa productora de medios, Radiodifusi\u00f3n, Noticias, tendencias y todo lo que necesitas saber de la pol\u00edtica mexicana e internacional; entretenimiento, espect\u00e1culos, salud y mucho m\u00e1s.","potentialAction":[{"@type":"SearchAction","target":{"@type":"EntryPoint","urlTemplate":"https:\/\/www.bbmnoticias.com\/labravaradiofm\/?s={search_term_string}"},"query-input":{"@type":"PropertyValueSpecification","valueRequired":true,"valueName":"search_term_string"}}],"inLanguage":"es"},{"@type":"Person","@id":"https:\/\/www.bbmnoticias.com\/labravaradiofm\/#\/schema\/person\/68a9e9036ef3c5b55aeb2b71dc8bab45","name":"Staff","image":{"@type":"ImageObject","inLanguage":"es","@id":"https:\/\/secure.gravatar.com\/avatar\/fdd21ad66fd8b98c407f9dee5b5e588cfe7f0d8579ec20fa6527cd59bab7f0f0?s=96&d=mm&r=g","url":"https:\/\/secure.gravatar.com\/avatar\/fdd21ad66fd8b98c407f9dee5b5e588cfe7f0d8579ec20fa6527cd59bab7f0f0?s=96&d=mm&r=g","contentUrl":"https:\/\/secure.gravatar.com\/avatar\/fdd21ad66fd8b98c407f9dee5b5e588cfe7f0d8579ec20fa6527cd59bab7f0f0?s=96&d=mm&r=g","caption":"Staff"},"url":"https:\/\/www.bbmnoticias.com\/labravaradiofm\/author\/redaccion\/"}]}},"_links":{"self":[{"href":"https:\/\/www.bbmnoticias.com\/labravaradiofm\/wp-json\/wp\/v2\/posts\/75123","targetHints":{"allow":["GET"]}}],"collection":[{"href":"https:\/\/www.bbmnoticias.com\/labravaradiofm\/wp-json\/wp\/v2\/posts"}],"about":[{"href":"https:\/\/www.bbmnoticias.com\/labravaradiofm\/wp-json\/wp\/v2\/types\/post"}],"author":[{"embeddable":true,"href":"https:\/\/www.bbmnoticias.com\/labravaradiofm\/wp-json\/wp\/v2\/users\/2"}],"replies":[{"embeddable":true,"href":"https:\/\/www.bbmnoticias.com\/labravaradiofm\/wp-json\/wp\/v2\/comments?post=75123"}],"version-history":[{"count":1,"href":"https:\/\/www.bbmnoticias.com\/labravaradiofm\/wp-json\/wp\/v2\/posts\/75123\/revisions"}],"predecessor-version":[{"id":75124,"href":"https:\/\/www.bbmnoticias.com\/labravaradiofm\/wp-json\/wp\/v2\/posts\/75123\/revisions\/75124"}],"wp:featuredmedia":[{"embeddable":true,"href":"https:\/\/www.bbmnoticias.com\/labravaradiofm\/wp-json\/wp\/v2\/media\/75125"}],"wp:attachment":[{"href":"https:\/\/www.bbmnoticias.com\/labravaradiofm\/wp-json\/wp\/v2\/media?parent=75123"}],"wp:term":[{"taxonomy":"category","embeddable":true,"href":"https:\/\/www.bbmnoticias.com\/labravaradiofm\/wp-json\/wp\/v2\/categories?post=75123"},{"taxonomy":"post_tag","embeddable":true,"href":"https:\/\/www.bbmnoticias.com\/labravaradiofm\/wp-json\/wp\/v2\/tags?post=75123"}],"curies":[{"name":"wp","href":"https:\/\/api.w.org\/{rel}","templated":true}]}}