{"id":75117,"date":"2026-03-12T18:19:55","date_gmt":"2026-03-13T00:19:55","guid":{"rendered":"https:\/\/www.bbmnoticias.com\/labravaradiofm\/2026\/03\/12\/hallan-toma-clandestina-de-hidrocarburo-en-salina-cruz-a-escasos-metros-de-la-refineria\/"},"modified":"2026-03-12T18:20:04","modified_gmt":"2026-03-13T00:20:04","slug":"hallan-toma-clandestina-de-hidrocarburo-en-salina-cruz-a-escasos-metros-de-la-refineria","status":"publish","type":"post","link":"https:\/\/www.bbmnoticias.com\/labravaradiofm\/2026\/03\/12\/hallan-toma-clandestina-de-hidrocarburo-en-salina-cruz-a-escasos-metros-de-la-refineria\/","title":{"rendered":"Hallan toma clandestina de hidrocarburo en Salina Cruz a escasos metros de la Refiner\u00eda"},"content":{"rendered":"<div style=\"margin-top: 0px; margin-bottom: 0px;\" class=\"sharethis-inline-share-buttons\" ><\/div>\n<p>La Secretar\u00eda de Marina inform\u00f3 que se localiz\u00f3 una toma clandestina de hidrocarburo en inmediaciones de la colonia Adolfo L\u00f3pez Mateos, de Salina Cruz, Oaxaca.<\/p>\n\n\n\n<p>Derivado de una llamada de solicitud de apoyo del personal de Seguridad F\u00edsica de PEMEX, elementos de Infanter\u00eda de Marina se desplazaron al ducto de la paraestatal, el cual se encontr\u00f3 en las cercan\u00edas de la Calzada La Refiner\u00eda de este municipio.<\/p>\n\n\n\n<p>En el sitio, se estableci\u00f3 un per\u00edmetro de seguridad para resguardar la zona hasta la llegada de los t\u00e9cnicos encargados de realizar la inhabilitaci\u00f3n.<\/p>\n\n\n\n<p>Un equipo de t\u00e9cnicos y supervisores del Departamento de Seguridad F\u00edsica de PEMEX, llev\u00f3 a cabo los trabajos de soldadura, sellado y tapado del ducto, por lo cual, la inhabilitaci\u00f3n de la toma clandestina de hidrocarburos concluy\u00f3.<\/p>\n","protected":false},"excerpt":{"rendered":"<p>La Secretar\u00eda de Marina inform\u00f3 que se localiz\u00f3 una toma clandestina de hidrocarburo en inmediaciones de la colonia Adolfo L\u00f3pez Mateos, de Salina Cruz, Oaxaca. Derivado de una llamada de solicitud de apoyo del personal de Seguridad F\u00edsica de PEMEX, elementos de Infanter\u00eda de Marina se desplazaron al ducto de la paraestatal, el cual se [&hellip;]<\/p>\n","protected":false},"author":2,"featured_media":75119,"comment_status":"closed","ping_status":"open","sticky":false,"template":"","format":"standard","meta":{"footnotes":""},"categories":[2],"tags":[],"class_list":{"0":"post-75117","1":"post","2":"type-post","3":"status-publish","4":"format-standard","5":"has-post-thumbnail","7":"category-oaxaca"},"yoast_head":"<!-- This site is optimized with the Yoast SEO plugin v27.4 - https:\/\/yoast.com\/product\/yoast-seo-wordpress\/ -->\n<title>Hallan toma clandestina de hidrocarburo en Salina Cruz a escasos metros de la Refiner\u00eda - LA BRAVA RADIO<\/title>\n<meta name=\"robots\" content=\"index, follow, max-snippet:-1, max-image-preview:large, max-video-preview:-1\" \/>\n<link rel=\"canonical\" href=\"https:\/\/www.bbmnoticias.com\/hallan-toma-clandestina-de-hidrocarburo-en-salina-cruz-a-escasos-metros-de-la-refineria\/\" \/>\n<meta property=\"og:locale\" content=\"es_MX\" \/>\n<meta property=\"og:type\" content=\"article\" \/>\n<meta property=\"og:title\" content=\"Hallan toma clandestina de hidrocarburo en Salina Cruz a escasos metros de la Refiner\u00eda - LA BRAVA RADIO\" \/>\n<meta property=\"og:description\" content=\"La Secretar\u00eda de Marina inform\u00f3 que se localiz\u00f3 una toma clandestina de hidrocarburo en inmediaciones de la colonia Adolfo L\u00f3pez Mateos, de Salina Cruz, Oaxaca. Derivado de una llamada de solicitud de apoyo del personal de Seguridad F\u00edsica de PEMEX, elementos de Infanter\u00eda de Marina se desplazaron al ducto de la paraestatal, el cual se [&hellip;]\" \/>\n<meta property=\"og:url\" content=\"https:\/\/www.bbmnoticias.com\/hallan-toma-clandestina-de-hidrocarburo-en-salina-cruz-a-escasos-metros-de-la-refineria\/\" \/>\n<meta property=\"og:site_name\" content=\"LA BRAVA RADIO\" \/>\n<meta property=\"article:published_time\" content=\"2026-03-13T00:19:55+00:00\" \/>\n<meta property=\"article:modified_time\" content=\"2026-03-13T00:20:04+00:00\" \/>\n<meta property=\"og:image\" content=\"https:\/\/www.bbmnoticias.com\/labravaradiofm\/wp-content\/uploads\/sites\/5\/2026\/03\/toma_clandestina_refineria.jpg\" \/>\n\t<meta property=\"og:image:width\" content=\"800\" \/>\n\t<meta property=\"og:image:height\" content=\"556\" \/>\n\t<meta property=\"og:image:type\" content=\"image\/jpeg\" \/>\n<meta name=\"author\" content=\"Staff\" \/>\n<meta name=\"twitter:card\" content=\"summary_large_image\" \/>\n<meta name=\"twitter:label1\" content=\"Escrito por\" \/>\n\t<meta name=\"twitter:data1\" content=\"Staff\" \/>\n\t<meta name=\"twitter:label2\" content=\"Tiempo de lectura\" \/>\n\t<meta name=\"twitter:data2\" content=\"1 minuto\" \/>\n<script type=\"application\/ld+json\" class=\"yoast-schema-graph\">{\"@context\":\"https:\\\/\\\/schema.org\",\"@graph\":[{\"@type\":\"Article\",\"@id\":\"https:\\\/\\\/www.bbmnoticias.com\\\/hallan-toma-clandestina-de-hidrocarburo-en-salina-cruz-a-escasos-metros-de-la-refineria\\\/#article\",\"isPartOf\":{\"@id\":\"https:\\\/\\\/www.bbmnoticias.com\\\/labravaradiofm\\\/2026\\\/03\\\/12\\\/hallan-toma-clandestina-de-hidrocarburo-en-salina-cruz-a-escasos-metros-de-la-refineria\\\/\"},\"author\":{\"name\":\"Staff\",\"@id\":\"https:\\\/\\\/www.bbmnoticias.com\\\/labravaradiofm\\\/#\\\/schema\\\/person\\\/68a9e9036ef3c5b55aeb2b71dc8bab45\"},\"headline\":\"Hallan toma clandestina de hidrocarburo en Salina Cruz a escasos metros de la Refiner\u00eda\",\"datePublished\":\"2026-03-13T00:19:55+00:00\",\"dateModified\":\"2026-03-13T00:20:04+00:00\",\"mainEntityOfPage\":{\"@id\":\"https:\\\/\\\/www.bbmnoticias.com\\\/labravaradiofm\\\/2026\\\/03\\\/12\\\/hallan-toma-clandestina-de-hidrocarburo-en-salina-cruz-a-escasos-metros-de-la-refineria\\\/\"},\"wordCount\":155,\"image\":{\"@id\":\"https:\\\/\\\/www.bbmnoticias.com\\\/hallan-toma-clandestina-de-hidrocarburo-en-salina-cruz-a-escasos-metros-de-la-refineria\\\/#primaryimage\"},\"thumbnailUrl\":\"https:\\\/\\\/www.bbmnoticias.com\\\/labravaradiofm\\\/wp-content\\\/uploads\\\/sites\\\/5\\\/2026\\\/03\\\/toma_clandestina_refineria.jpg\",\"articleSection\":[\"LOCAL\"],\"inLanguage\":\"es\"},{\"@type\":\"WebPage\",\"@id\":\"https:\\\/\\\/www.bbmnoticias.com\\\/labravaradiofm\\\/2026\\\/03\\\/12\\\/hallan-toma-clandestina-de-hidrocarburo-en-salina-cruz-a-escasos-metros-de-la-refineria\\\/\",\"url\":\"https:\\\/\\\/www.bbmnoticias.com\\\/hallan-toma-clandestina-de-hidrocarburo-en-salina-cruz-a-escasos-metros-de-la-refineria\\\/\",\"name\":\"Hallan toma clandestina de hidrocarburo en Salina Cruz a escasos metros de la Refiner\u00eda - LA BRAVA RADIO\",\"isPartOf\":{\"@id\":\"https:\\\/\\\/www.bbmnoticias.com\\\/labravaradiofm\\\/#website\"},\"primaryImageOfPage\":{\"@id\":\"https:\\\/\\\/www.bbmnoticias.com\\\/hallan-toma-clandestina-de-hidrocarburo-en-salina-cruz-a-escasos-metros-de-la-refineria\\\/#primaryimage\"},\"image\":{\"@id\":\"https:\\\/\\\/www.bbmnoticias.com\\\/hallan-toma-clandestina-de-hidrocarburo-en-salina-cruz-a-escasos-metros-de-la-refineria\\\/#primaryimage\"},\"thumbnailUrl\":\"https:\\\/\\\/www.bbmnoticias.com\\\/labravaradiofm\\\/wp-content\\\/uploads\\\/sites\\\/5\\\/2026\\\/03\\\/toma_clandestina_refineria.jpg\",\"datePublished\":\"2026-03-13T00:19:55+00:00\",\"dateModified\":\"2026-03-13T00:20:04+00:00\",\"author\":{\"@id\":\"https:\\\/\\\/www.bbmnoticias.com\\\/labravaradiofm\\\/#\\\/schema\\\/person\\\/68a9e9036ef3c5b55aeb2b71dc8bab45\"},\"breadcrumb\":{\"@id\":\"https:\\\/\\\/www.bbmnoticias.com\\\/hallan-toma-clandestina-de-hidrocarburo-en-salina-cruz-a-escasos-metros-de-la-refineria\\\/#breadcrumb\"},\"inLanguage\":\"es\",\"potentialAction\":[{\"@type\":\"ReadAction\",\"target\":[\"https:\\\/\\\/www.bbmnoticias.com\\\/hallan-toma-clandestina-de-hidrocarburo-en-salina-cruz-a-escasos-metros-de-la-refineria\\\/\"]}]},{\"@type\":\"ImageObject\",\"inLanguage\":\"es\",\"@id\":\"https:\\\/\\\/www.bbmnoticias.com\\\/hallan-toma-clandestina-de-hidrocarburo-en-salina-cruz-a-escasos-metros-de-la-refineria\\\/#primaryimage\",\"url\":\"https:\\\/\\\/www.bbmnoticias.com\\\/labravaradiofm\\\/wp-content\\\/uploads\\\/sites\\\/5\\\/2026\\\/03\\\/toma_clandestina_refineria.jpg\",\"contentUrl\":\"https:\\\/\\\/www.bbmnoticias.com\\\/labravaradiofm\\\/wp-content\\\/uploads\\\/sites\\\/5\\\/2026\\\/03\\\/toma_clandestina_refineria.jpg\",\"width\":800,\"height\":556},{\"@type\":\"BreadcrumbList\",\"@id\":\"https:\\\/\\\/www.bbmnoticias.com\\\/hallan-toma-clandestina-de-hidrocarburo-en-salina-cruz-a-escasos-metros-de-la-refineria\\\/#breadcrumb\",\"itemListElement\":[{\"@type\":\"ListItem\",\"position\":1,\"name\":\"Inicio\",\"item\":\"https:\\\/\\\/www.bbmnoticias.com\\\/labravaradiofm\\\/\"},{\"@type\":\"ListItem\",\"position\":2,\"name\":\"Hallan toma clandestina de hidrocarburo en Salina Cruz a escasos metros de la Refiner\u00eda\"}]},{\"@type\":\"WebSite\",\"@id\":\"https:\\\/\\\/www.bbmnoticias.com\\\/labravaradiofm\\\/#website\",\"url\":\"https:\\\/\\\/www.bbmnoticias.com\\\/labravaradiofm\\\/\",\"name\":\"LA BRAVA RADIO\",\"description\":\"Empresa productora de medios, Radiodifusi\u00f3n, Noticias, tendencias y todo lo que necesitas saber de la pol\u00edtica mexicana e internacional; entretenimiento, espect\u00e1culos, salud y mucho m\u00e1s.\",\"potentialAction\":[{\"@type\":\"SearchAction\",\"target\":{\"@type\":\"EntryPoint\",\"urlTemplate\":\"https:\\\/\\\/www.bbmnoticias.com\\\/labravaradiofm\\\/?s={search_term_string}\"},\"query-input\":{\"@type\":\"PropertyValueSpecification\",\"valueRequired\":true,\"valueName\":\"search_term_string\"}}],\"inLanguage\":\"es\"},{\"@type\":\"Person\",\"@id\":\"https:\\\/\\\/www.bbmnoticias.com\\\/labravaradiofm\\\/#\\\/schema\\\/person\\\/68a9e9036ef3c5b55aeb2b71dc8bab45\",\"name\":\"Staff\",\"image\":{\"@type\":\"ImageObject\",\"inLanguage\":\"es\",\"@id\":\"https:\\\/\\\/secure.gravatar.com\\\/avatar\\\/fdd21ad66fd8b98c407f9dee5b5e588cfe7f0d8579ec20fa6527cd59bab7f0f0?s=96&d=mm&r=g\",\"url\":\"https:\\\/\\\/secure.gravatar.com\\\/avatar\\\/fdd21ad66fd8b98c407f9dee5b5e588cfe7f0d8579ec20fa6527cd59bab7f0f0?s=96&d=mm&r=g\",\"contentUrl\":\"https:\\\/\\\/secure.gravatar.com\\\/avatar\\\/fdd21ad66fd8b98c407f9dee5b5e588cfe7f0d8579ec20fa6527cd59bab7f0f0?s=96&d=mm&r=g\",\"caption\":\"Staff\"},\"url\":\"https:\\\/\\\/www.bbmnoticias.com\\\/labravaradiofm\\\/author\\\/redaccion\\\/\"}]}<\/script>\n<!-- \/ Yoast SEO plugin. -->","yoast_head_json":{"title":"Hallan toma clandestina de hidrocarburo en Salina Cruz a escasos metros de la Refiner\u00eda - LA BRAVA RADIO","robots":{"index":"index","follow":"follow","max-snippet":"max-snippet:-1","max-image-preview":"max-image-preview:large","max-video-preview":"max-video-preview:-1"},"canonical":"https:\/\/www.bbmnoticias.com\/hallan-toma-clandestina-de-hidrocarburo-en-salina-cruz-a-escasos-metros-de-la-refineria\/","og_locale":"es_MX","og_type":"article","og_title":"Hallan toma clandestina de hidrocarburo en Salina Cruz a escasos metros de la Refiner\u00eda - LA BRAVA RADIO","og_description":"La Secretar\u00eda de Marina inform\u00f3 que se localiz\u00f3 una toma clandestina de hidrocarburo en inmediaciones de la colonia Adolfo L\u00f3pez Mateos, de Salina Cruz, Oaxaca. Derivado de una llamada de solicitud de apoyo del personal de Seguridad F\u00edsica de PEMEX, elementos de Infanter\u00eda de Marina se desplazaron al ducto de la paraestatal, el cual se [&hellip;]","og_url":"https:\/\/www.bbmnoticias.com\/hallan-toma-clandestina-de-hidrocarburo-en-salina-cruz-a-escasos-metros-de-la-refineria\/","og_site_name":"LA BRAVA RADIO","article_published_time":"2026-03-13T00:19:55+00:00","article_modified_time":"2026-03-13T00:20:04+00:00","og_image":[{"width":800,"height":556,"url":"https:\/\/www.bbmnoticias.com\/labravaradiofm\/wp-content\/uploads\/sites\/5\/2026\/03\/toma_clandestina_refineria.jpg","type":"image\/jpeg"}],"author":"Staff","twitter_card":"summary_large_image","twitter_misc":{"Escrito por":"Staff","Tiempo de lectura":"1 minuto"},"schema":{"@context":"https:\/\/schema.org","@graph":[{"@type":"Article","@id":"https:\/\/www.bbmnoticias.com\/hallan-toma-clandestina-de-hidrocarburo-en-salina-cruz-a-escasos-metros-de-la-refineria\/#article","isPartOf":{"@id":"https:\/\/www.bbmnoticias.com\/labravaradiofm\/2026\/03\/12\/hallan-toma-clandestina-de-hidrocarburo-en-salina-cruz-a-escasos-metros-de-la-refineria\/"},"author":{"name":"Staff","@id":"https:\/\/www.bbmnoticias.com\/labravaradiofm\/#\/schema\/person\/68a9e9036ef3c5b55aeb2b71dc8bab45"},"headline":"Hallan toma clandestina de hidrocarburo en Salina Cruz a escasos metros de la Refiner\u00eda","datePublished":"2026-03-13T00:19:55+00:00","dateModified":"2026-03-13T00:20:04+00:00","mainEntityOfPage":{"@id":"https:\/\/www.bbmnoticias.com\/labravaradiofm\/2026\/03\/12\/hallan-toma-clandestina-de-hidrocarburo-en-salina-cruz-a-escasos-metros-de-la-refineria\/"},"wordCount":155,"image":{"@id":"https:\/\/www.bbmnoticias.com\/hallan-toma-clandestina-de-hidrocarburo-en-salina-cruz-a-escasos-metros-de-la-refineria\/#primaryimage"},"thumbnailUrl":"https:\/\/www.bbmnoticias.com\/labravaradiofm\/wp-content\/uploads\/sites\/5\/2026\/03\/toma_clandestina_refineria.jpg","articleSection":["LOCAL"],"inLanguage":"es"},{"@type":"WebPage","@id":"https:\/\/www.bbmnoticias.com\/labravaradiofm\/2026\/03\/12\/hallan-toma-clandestina-de-hidrocarburo-en-salina-cruz-a-escasos-metros-de-la-refineria\/","url":"https:\/\/www.bbmnoticias.com\/hallan-toma-clandestina-de-hidrocarburo-en-salina-cruz-a-escasos-metros-de-la-refineria\/","name":"Hallan toma clandestina de hidrocarburo en Salina Cruz a escasos metros de la Refiner\u00eda - LA BRAVA RADIO","isPartOf":{"@id":"https:\/\/www.bbmnoticias.com\/labravaradiofm\/#website"},"primaryImageOfPage":{"@id":"https:\/\/www.bbmnoticias.com\/hallan-toma-clandestina-de-hidrocarburo-en-salina-cruz-a-escasos-metros-de-la-refineria\/#primaryimage"},"image":{"@id":"https:\/\/www.bbmnoticias.com\/hallan-toma-clandestina-de-hidrocarburo-en-salina-cruz-a-escasos-metros-de-la-refineria\/#primaryimage"},"thumbnailUrl":"https:\/\/www.bbmnoticias.com\/labravaradiofm\/wp-content\/uploads\/sites\/5\/2026\/03\/toma_clandestina_refineria.jpg","datePublished":"2026-03-13T00:19:55+00:00","dateModified":"2026-03-13T00:20:04+00:00","author":{"@id":"https:\/\/www.bbmnoticias.com\/labravaradiofm\/#\/schema\/person\/68a9e9036ef3c5b55aeb2b71dc8bab45"},"breadcrumb":{"@id":"https:\/\/www.bbmnoticias.com\/hallan-toma-clandestina-de-hidrocarburo-en-salina-cruz-a-escasos-metros-de-la-refineria\/#breadcrumb"},"inLanguage":"es","potentialAction":[{"@type":"ReadAction","target":["https:\/\/www.bbmnoticias.com\/hallan-toma-clandestina-de-hidrocarburo-en-salina-cruz-a-escasos-metros-de-la-refineria\/"]}]},{"@type":"ImageObject","inLanguage":"es","@id":"https:\/\/www.bbmnoticias.com\/hallan-toma-clandestina-de-hidrocarburo-en-salina-cruz-a-escasos-metros-de-la-refineria\/#primaryimage","url":"https:\/\/www.bbmnoticias.com\/labravaradiofm\/wp-content\/uploads\/sites\/5\/2026\/03\/toma_clandestina_refineria.jpg","contentUrl":"https:\/\/www.bbmnoticias.com\/labravaradiofm\/wp-content\/uploads\/sites\/5\/2026\/03\/toma_clandestina_refineria.jpg","width":800,"height":556},{"@type":"BreadcrumbList","@id":"https:\/\/www.bbmnoticias.com\/hallan-toma-clandestina-de-hidrocarburo-en-salina-cruz-a-escasos-metros-de-la-refineria\/#breadcrumb","itemListElement":[{"@type":"ListItem","position":1,"name":"Inicio","item":"https:\/\/www.bbmnoticias.com\/labravaradiofm\/"},{"@type":"ListItem","position":2,"name":"Hallan toma clandestina de hidrocarburo en Salina Cruz a escasos metros de la Refiner\u00eda"}]},{"@type":"WebSite","@id":"https:\/\/www.bbmnoticias.com\/labravaradiofm\/#website","url":"https:\/\/www.bbmnoticias.com\/labravaradiofm\/","name":"LA BRAVA RADIO","description":"Empresa productora de medios, Radiodifusi\u00f3n, Noticias, tendencias y todo lo que necesitas saber de la pol\u00edtica mexicana e internacional; entretenimiento, espect\u00e1culos, salud y mucho m\u00e1s.","potentialAction":[{"@type":"SearchAction","target":{"@type":"EntryPoint","urlTemplate":"https:\/\/www.bbmnoticias.com\/labravaradiofm\/?s={search_term_string}"},"query-input":{"@type":"PropertyValueSpecification","valueRequired":true,"valueName":"search_term_string"}}],"inLanguage":"es"},{"@type":"Person","@id":"https:\/\/www.bbmnoticias.com\/labravaradiofm\/#\/schema\/person\/68a9e9036ef3c5b55aeb2b71dc8bab45","name":"Staff","image":{"@type":"ImageObject","inLanguage":"es","@id":"https:\/\/secure.gravatar.com\/avatar\/fdd21ad66fd8b98c407f9dee5b5e588cfe7f0d8579ec20fa6527cd59bab7f0f0?s=96&d=mm&r=g","url":"https:\/\/secure.gravatar.com\/avatar\/fdd21ad66fd8b98c407f9dee5b5e588cfe7f0d8579ec20fa6527cd59bab7f0f0?s=96&d=mm&r=g","contentUrl":"https:\/\/secure.gravatar.com\/avatar\/fdd21ad66fd8b98c407f9dee5b5e588cfe7f0d8579ec20fa6527cd59bab7f0f0?s=96&d=mm&r=g","caption":"Staff"},"url":"https:\/\/www.bbmnoticias.com\/labravaradiofm\/author\/redaccion\/"}]}},"_links":{"self":[{"href":"https:\/\/www.bbmnoticias.com\/labravaradiofm\/wp-json\/wp\/v2\/posts\/75117","targetHints":{"allow":["GET"]}}],"collection":[{"href":"https:\/\/www.bbmnoticias.com\/labravaradiofm\/wp-json\/wp\/v2\/posts"}],"about":[{"href":"https:\/\/www.bbmnoticias.com\/labravaradiofm\/wp-json\/wp\/v2\/types\/post"}],"author":[{"embeddable":true,"href":"https:\/\/www.bbmnoticias.com\/labravaradiofm\/wp-json\/wp\/v2\/users\/2"}],"replies":[{"embeddable":true,"href":"https:\/\/www.bbmnoticias.com\/labravaradiofm\/wp-json\/wp\/v2\/comments?post=75117"}],"version-history":[{"count":1,"href":"https:\/\/www.bbmnoticias.com\/labravaradiofm\/wp-json\/wp\/v2\/posts\/75117\/revisions"}],"predecessor-version":[{"id":75118,"href":"https:\/\/www.bbmnoticias.com\/labravaradiofm\/wp-json\/wp\/v2\/posts\/75117\/revisions\/75118"}],"wp:featuredmedia":[{"embeddable":true,"href":"https:\/\/www.bbmnoticias.com\/labravaradiofm\/wp-json\/wp\/v2\/media\/75119"}],"wp:attachment":[{"href":"https:\/\/www.bbmnoticias.com\/labravaradiofm\/wp-json\/wp\/v2\/media?parent=75117"}],"wp:term":[{"taxonomy":"category","embeddable":true,"href":"https:\/\/www.bbmnoticias.com\/labravaradiofm\/wp-json\/wp\/v2\/categories?post=75117"},{"taxonomy":"post_tag","embeddable":true,"href":"https:\/\/www.bbmnoticias.com\/labravaradiofm\/wp-json\/wp\/v2\/tags?post=75117"}],"curies":[{"name":"wp","href":"https:\/\/api.w.org\/{rel}","templated":true}]}}